{"id":19375,"date":"2021-05-27T16:44:18","date_gmt":"2021-05-27T14:44:18","guid":{"rendered":"https:\/\/exaudi.org\/?p=19375"},"modified":"2021-05-28T09:16:01","modified_gmt":"2021-05-28T07:16:01","slug":"paraguay-obispo-chaco-pide-responsabilidad-gobierno","status":"publish","type":"post","link":"https:\/\/exaudi.org\/es\/paraguay-obispo-chaco-pide-responsabilidad-gobierno\/","title":{"rendered":"Paraguay: Obispo del Chaco pide responsabilidad al Gobierno"},"content":{"rendered":"<p>Monse\u00f1or Gabriel Escobar, obispo del Vicariato Apost\u00f3lico del Chaco, <a href=\"https:\/\/exaudi.org\/es\/paraguay-misa-sufragio-por-fallecidos-covid-2021\/\" target=\"_blank\" rel=\"noopener noreferrer\">Paraguay<\/a>, se dirigi\u00f3 al Gobierno nacional y a la clase pol\u00edtica en la Misa principal de la fiesta de la Sant\u00edsima Virgen Mar\u00eda Auxiliadora para pedirles responsabilidad frente a la falta de vacunas y el aumento de muertos y desempleo en el pa\u00eds. As\u00ed ha informado hoy, 27 de mayo de 2021, la <a href=\"http:\/\/www.fides.org\/es\" target=\"_blank\" rel=\"noopener noreferrer\">agencia misionera Fides.<\/a><\/p>\n<p>\u201cSi en el primer a\u00f1o de la pandemia hemos tenido menos muertos y m\u00e1s desempleados, en este segundo a\u00f1o tenemos m\u00e1s muertos y m\u00e1s desempleados, porque nos es dif\u00edcil hacer bien nuestro trabajo y no hay un castigo ejemplar para esas personas que se han aprovechado del dinero del pueblo en este momento crucial de la pandemia\u201d, explic\u00f3 el prelado.<\/p>\n<h4><strong>Irresponsabilidad pol\u00edtica<\/strong><\/h4>\n<p>En esta l\u00ednea, el responsable del Vicariato sostuvo en su homil\u00eda que siguen \u201cteniendo casi cero iniciativas en el esfuerzo por obtener una buena cantidad de vacunas contra COVID-19 que puedan usarse para inmunizar a la mayor\u00eda de la poblaci\u00f3n\u201d, y dijo que vuelven a ser \u201ccomo el \u00faltimo vag\u00f3n del tren. \u00bfHasta cu\u00e1ndo no seguiremos haciendo bien nuestro trabajo?.<\/p>\n<p>Este estancamiento en el pa\u00eds, prosigui\u00f3, \u201ctiene su explicaci\u00f3n en el dominio e ineptitud de los partidos pol\u00edticos tradicionales. Los dirigentes de estas instituciones partidarias deben encontrar la manera de resolver y poner fin a las grandes desigualdades en el \u00e1mbito de la justicia, en el sector de los campesinos, de los trabajadores, por el cierre o aver\u00eda de fuentes de trabajo que sean en detrimento de los obreros, de los trabajadores\u201d.<\/p>\n<p>El obispo inst\u00f3 a la comunidad a seguir el ejemplo de la Virgen Mar\u00eda Auxiliadora en t\u00e9rminos de humildad, sencillez y generosidad, de servicio a los m\u00e1s necesitados, en la b\u00fasqueda de la verdad, con fe y confianza en Dios. Su reflexi\u00f3n, apunta Fides, responde a la gran preocupaci\u00f3n de la poblaci\u00f3n por la vacuna contra la COVID-19.<\/p>\n<p>Paraguay hab\u00eda vivido la primera fase de la pandemia con muy pocas muertes, mientras que ahora el pa\u00eds sufre porque la maquinaria del Gobierno al respecto funciona de manera incorrecta. El arzobispo de Asunci\u00f3n, Mons. Edmundo Valenzuela, ya denunci\u00f3 esta situaci\u00f3n hace alg\u00fan tiempo. En marzo, la poblaci\u00f3n protest\u00f3 en las calles por la mala gesti\u00f3n gubernamental de la situaci\u00f3n sanitaria y la crisis econ\u00f3mica y social derivada de la pandemia.<\/p>\n<p>Actualmente, Paraguay tiene 342.000 infectados y 8.700 v\u00edctimas, de una poblaci\u00f3n de siete millones de habitantes.<\/p>\n<h4><strong>Vicariato Apost\u00f3lico del Chaco<\/strong><\/h4>\n<p>Seg\u00fan describe el Instituto Religioso Salesiana de Paraguay, en el a\u00f1o 1878, el papa P\u00edo IX pidi\u00f3 al fundador de los Salesianos, el padre Juan Bosco, que enviase sus misioneros al pa\u00eds para fundar una misi\u00f3n entre los ind\u00edgenas del Chaco. En 1896 pudo concretarse el deseo del Papa. En la oportunidad llegaron cuatro salesianos que se establecieron en Asunci\u00f3n y desde all\u00ed recorrieron de norte a sur el r\u00edo Paraguay, en su ribera occidental, contactando con los nativos y buscando un lugar para establecer la futura misi\u00f3n.<\/p>\n<p style=\"font-weight: 400;\">En 1917, el obispo de Asunci\u00f3n, Mons. Juan Sinforiano Bogar\u00edn, firm\u00f3 un contrato con el Superior de los Salesianos, encarg\u00e1ndoles la evangelizaci\u00f3n de todo el extenso Chaco. Iniciaron la misi\u00f3n en 1926, en la isla Tagatiya (hoy Banco Leonor), frente a la desembocadura del r\u00edo Napegue, en el Departamento de Concepci\u00f3n. M\u00e1s tarde se establecieron sobre este mismo r\u00edo, debido a las inundaciones del r\u00edo Paraguay. Desde all\u00ed recorrieron en forma itinerante todos los puertos del Alto Paraguay, hasta que en 1939 soltaron definitivamente las amarras de Concepci\u00f3n para establecerse en el gran Chaco.<\/p>\n<p style=\"font-weight: 400;\">El 11 de marzo de 1948, el papa P\u00edo XII cre\u00f3 el Vicariato Apost\u00f3lico del Chaco Paraguayo, dependiente de la Sagrada Congregaci\u00f3n de la Propagaci\u00f3n de la Fe, desgaj\u00e1ndolo de la di\u00f3cesis de Concepci\u00f3n, de la que depend\u00eda desde 1931. Su primer obispo fue Mons. \u00c1ngel Muzzol\u00f3n, salesiano uruguayo, quien recibi\u00f3 la ordenaci\u00f3n episcopal el 23 de mayo de 1948. En su tiempo se tuvieron los primeros contactos (1956-62) con los famosos indios Ayoreo o Moros, en las inmediaciones de Madrej\u00f3n. Mas tarde, por razones de las grandes sequ\u00edas, se los estableci\u00f3 en la ribera del r\u00edo Paraguay, Puerto Maria Auxiliadora, frente a la ciudad brasile\u00f1a de Puerto Mourtinho.<\/p>\n<p style=\"font-weight: 400;\">Habiendo renunciado Mons. Muzzol\u00f3n en 1969 por razones de salud, fue reemplazado por Mons. Alejo Obelar, de la misma Congregaci\u00f3n Salesiana, nombrado el 6 de marzo de 1969 y consagrado el 29 de junio del mismo a\u00f1o. Durante su gobierno se hizo la divisi\u00f3n del Vicariato que ocupaba todo el Alto Chaco con m\u00e1s de la mitad de su superficie, quedando delimitadas las tres jurisdicciones actuales (1980). Desde entonces, este prelado volc\u00f3 sus actividades hacia el \u201ccentro\u201d, pastoreando hasta Lagerenza, Gabino Mendoza y estancias interiores, fundando escuelas y centros misioneros. En 1986, Monse\u00f1or Alejo Obelar renunci\u00f3 tambi\u00e9n por motivos de salud, siendo reemplazado por su pro-vicario, el padre Christian Bigault, salesiano, hasta el nombramiento del actual Vicario Apost\u00f3lico, Monse\u00f1or Zacar\u00edas Ortiz, en 1988.<\/p>\n","protected":false},"excerpt":{"rendered":"<p>Frente a la crisis sanitaria, social y econ\u00f3mica<\/p>\n","protected":false},"author":6,"featured_media":19390,"comment_status":"closed","ping_status":"closed","sticky":false,"template":"","format":"standard","meta":{"_acf_changed":false,"_crdt_document":"","inline_featured_image":false,"footnotes":""},"categories":[86,298],"tags":[2538,962,2537],"class_list":["post-19375","post","type-post","status-publish","format-standard","has-post-thumbnail","hentry","category-iglesia-local","category-ultimas-noticias","tag-crisis-sanitaria","tag-paraguay","tag-vicariato-apostolico-del-chaco"],"acf":[],"yoast_head":"<!-- This site is optimized with the Yoast SEO plugin v27.5 - https:\/\/yoast.com\/product\/yoast-seo-wordpress\/ -->\n<title>Paraguay: Obispo del Chaco pide responsabilidad al Gobierno - Exaudi<\/title>\n<meta name=\"description\" content=\"El obispo del Vicariato Apost\u00f3lico del Chaco, Paraguay, pidi\u00f3 en un Misa responsabilidad al Gobierno frente a la crisis sanitaria del pa\u00eds.\" \/>\n<meta name=\"robots\" content=\"index, follow, max-snippet:-1, max-image-preview:large, max-video-preview:-1\" \/>\n<link rel=\"canonical\" href=\"https:\/\/exaudi.org\/es\/paraguay-obispo-chaco-pide-responsabilidad-gobierno\/\" \/>\n<meta property=\"og:locale\" content=\"es_ES\" \/>\n<meta property=\"og:type\" content=\"article\" \/>\n<meta property=\"og:title\" content=\"Paraguay: Obispo del Chaco pide responsabilidad al Gobierno - Exaudi\" \/>\n<meta property=\"og:description\" content=\"El obispo del Vicariato Apost\u00f3lico del Chaco, Paraguay, pidi\u00f3 en un Misa responsabilidad al Gobierno frente a la crisis sanitaria del pa\u00eds.\" \/>\n<meta property=\"og:url\" content=\"https:\/\/exaudi.org\/es\/paraguay-obispo-chaco-pide-responsabilidad-gobierno\/\" \/>\n<meta property=\"og:site_name\" content=\"Exaudi\" \/>\n<meta property=\"article:publisher\" content=\"https:\/\/www.facebook.com\/ExaudiNews\" \/>\n<meta property=\"article:published_time\" content=\"2021-05-27T14:44:18+00:00\" \/>\n<meta property=\"article:modified_time\" content=\"2021-05-28T07:16:01+00:00\" \/>\n<meta property=\"og:image\" content=\"https:\/\/exaudi.org\/wp-content\/uploads\/2021\/05\/asdasd234234234.jpg\" \/>\n\t<meta property=\"og:image:width\" content=\"939\" \/>\n\t<meta property=\"og:image:height\" content=\"703\" \/>\n\t<meta property=\"og:image:type\" content=\"image\/jpeg\" \/>\n<meta name=\"author\" content=\"Gabriel Sales\" \/>\n<meta name=\"twitter:card\" content=\"summary_large_image\" \/>\n<meta name=\"twitter:creator\" content=\"@habemusman\" \/>\n<meta name=\"twitter:site\" content=\"@Exaudi_News\" \/>\n<meta name=\"twitter:label1\" content=\"Escrito por\" \/>\n\t<meta name=\"twitter:data1\" content=\"Gabriel Sales\" \/>\n\t<meta name=\"twitter:label2\" content=\"Tiempo de lectura\" \/>\n\t<meta name=\"twitter:data2\" content=\"4 minutos\" \/>\n<script type=\"application\/ld+json\" class=\"yoast-schema-graph\">{\"@context\":\"https:\\\/\\\/schema.org\",\"@graph\":[{\"@type\":\"Article\",\"@id\":\"https:\\\/\\\/exaudi.org\\\/es\\\/paraguay-obispo-chaco-pide-responsabilidad-gobierno\\\/#article\",\"isPartOf\":{\"@id\":\"https:\\\/\\\/exaudi.org\\\/es\\\/paraguay-obispo-chaco-pide-responsabilidad-gobierno\\\/\"},\"author\":{\"name\":\"Gabriel Sales\",\"@id\":\"https:\\\/\\\/exaudi.org\\\/#\\\/schema\\\/person\\\/d134b96438278131ce90c90c03fda6cd\"},\"headline\":\"Paraguay: Obispo del Chaco pide responsabilidad al Gobierno\",\"datePublished\":\"2021-05-27T14:44:18+00:00\",\"dateModified\":\"2021-05-28T07:16:01+00:00\",\"mainEntityOfPage\":{\"@id\":\"https:\\\/\\\/exaudi.org\\\/es\\\/paraguay-obispo-chaco-pide-responsabilidad-gobierno\\\/\"},\"wordCount\":895,\"image\":{\"@id\":\"https:\\\/\\\/exaudi.org\\\/es\\\/paraguay-obispo-chaco-pide-responsabilidad-gobierno\\\/#primaryimage\"},\"thumbnailUrl\":\"https:\\\/\\\/exaudi.org\\\/wp-content\\\/uploads\\\/2021\\\/05\\\/asdasd234234234.jpg\",\"keywords\":[\"Crisis sanitaria\",\"Paraguay\",\"Vicariato Apost\u00f3lico del Chaco\"],\"articleSection\":[\"Iglesia Local\",\"\u00daltimas noticias\"],\"inLanguage\":\"es\"},{\"@type\":\"WebPage\",\"@id\":\"https:\\\/\\\/exaudi.org\\\/es\\\/paraguay-obispo-chaco-pide-responsabilidad-gobierno\\\/\",\"url\":\"https:\\\/\\\/exaudi.org\\\/es\\\/paraguay-obispo-chaco-pide-responsabilidad-gobierno\\\/\",\"name\":\"Paraguay: Obispo del Chaco pide responsabilidad al Gobierno - Exaudi\",\"isPartOf\":{\"@id\":\"https:\\\/\\\/exaudi.org\\\/#website\"},\"primaryImageOfPage\":{\"@id\":\"https:\\\/\\\/exaudi.org\\\/es\\\/paraguay-obispo-chaco-pide-responsabilidad-gobierno\\\/#primaryimage\"},\"image\":{\"@id\":\"https:\\\/\\\/exaudi.org\\\/es\\\/paraguay-obispo-chaco-pide-responsabilidad-gobierno\\\/#primaryimage\"},\"thumbnailUrl\":\"https:\\\/\\\/exaudi.org\\\/wp-content\\\/uploads\\\/2021\\\/05\\\/asdasd234234234.jpg\",\"datePublished\":\"2021-05-27T14:44:18+00:00\",\"dateModified\":\"2021-05-28T07:16:01+00:00\",\"author\":{\"@id\":\"https:\\\/\\\/exaudi.org\\\/#\\\/schema\\\/person\\\/d134b96438278131ce90c90c03fda6cd\"},\"description\":\"El obispo del Vicariato Apost\u00f3lico del Chaco, Paraguay, pidi\u00f3 en un Misa responsabilidad al Gobierno frente a la crisis sanitaria del pa\u00eds.\",\"breadcrumb\":{\"@id\":\"https:\\\/\\\/exaudi.org\\\/es\\\/paraguay-obispo-chaco-pide-responsabilidad-gobierno\\\/#breadcrumb\"},\"inLanguage\":\"es\",\"potentialAction\":[{\"@type\":\"ReadAction\",\"target\":[\"https:\\\/\\\/exaudi.org\\\/es\\\/paraguay-obispo-chaco-pide-responsabilidad-gobierno\\\/\"]}]},{\"@type\":\"ImageObject\",\"inLanguage\":\"es\",\"@id\":\"https:\\\/\\\/exaudi.org\\\/es\\\/paraguay-obispo-chaco-pide-responsabilidad-gobierno\\\/#primaryimage\",\"url\":\"https:\\\/\\\/exaudi.org\\\/wp-content\\\/uploads\\\/2021\\\/05\\\/asdasd234234234.jpg\",\"contentUrl\":\"https:\\\/\\\/exaudi.org\\\/wp-content\\\/uploads\\\/2021\\\/05\\\/asdasd234234234.jpg\",\"width\":939,\"height\":703,\"caption\":\"Asamblea del Vicariato Apost\u00f3lico del Chaco Paraguayo \u00a9 Salesianos Paraguay\"},{\"@type\":\"BreadcrumbList\",\"@id\":\"https:\\\/\\\/exaudi.org\\\/es\\\/paraguay-obispo-chaco-pide-responsabilidad-gobierno\\\/#breadcrumb\",\"itemListElement\":[{\"@type\":\"ListItem\",\"position\":1,\"name\":\"Portada\",\"item\":\"https:\\\/\\\/exaudi.org\\\/es\\\/\"},{\"@type\":\"ListItem\",\"position\":2,\"name\":\"Paraguay: Obispo del Chaco pide responsabilidad al Gobierno\"}]},{\"@type\":\"WebSite\",\"@id\":\"https:\\\/\\\/exaudi.org\\\/#website\",\"url\":\"https:\\\/\\\/exaudi.org\\\/\",\"name\":\"Exaudi\",\"description\":\"News\",\"potentialAction\":[{\"@type\":\"SearchAction\",\"target\":{\"@type\":\"EntryPoint\",\"urlTemplate\":\"https:\\\/\\\/exaudi.org\\\/?s={search_term_string}\"},\"query-input\":{\"@type\":\"PropertyValueSpecification\",\"valueRequired\":true,\"valueName\":\"search_term_string\"}}],\"inLanguage\":\"es\"},{\"@type\":\"Person\",\"@id\":\"https:\\\/\\\/exaudi.org\\\/#\\\/schema\\\/person\\\/d134b96438278131ce90c90c03fda6cd\",\"name\":\"Gabriel Sales\",\"image\":{\"@type\":\"ImageObject\",\"inLanguage\":\"es\",\"@id\":\"https:\\\/\\\/secure.gravatar.com\\\/avatar\\\/9b1269566f6a063ed26ffb3532b66a373cdde231ce5d0effb266167437fdaffd?s=96&d=mm&r=g\",\"url\":\"https:\\\/\\\/secure.gravatar.com\\\/avatar\\\/9b1269566f6a063ed26ffb3532b66a373cdde231ce5d0effb266167437fdaffd?s=96&d=mm&r=g\",\"contentUrl\":\"https:\\\/\\\/secure.gravatar.com\\\/avatar\\\/9b1269566f6a063ed26ffb3532b66a373cdde231ce5d0effb266167437fdaffd?s=96&d=mm&r=g\",\"caption\":\"Gabriel Sales\"},\"description\":\"Periodista y especialista en Comunicaci\u00f3n y Branding digital. Cin\u00e9filo y cr\u00edtico de cine y series de televisi\u00f3n.\",\"sameAs\":[\"https:\\\/\\\/www.instagram.com\\\/cine90segundos\\\/\",\"www.linkedin.com\\\/in\\\/habemusman\",\"https:\\\/\\\/x.com\\\/habemusman\",\"https:\\\/\\\/www.youtube.com\\\/channel\\\/UCVfCiOMkJ_C7T7OpyjuaLDg\"],\"url\":\"https:\\\/\\\/exaudi.org\\\/es\\\/author\\\/gsalesexaudi-org\\\/\"}]}<\/script>\n<!-- \/ Yoast SEO plugin. -->","yoast_head_json":{"title":"Paraguay: Obispo del Chaco pide responsabilidad al Gobierno - Exaudi","description":"El obispo del Vicariato Apost\u00f3lico del Chaco, Paraguay, pidi\u00f3 en un Misa responsabilidad al Gobierno frente a la crisis sanitaria del pa\u00eds.","robots":{"index":"index","follow":"follow","max-snippet":"max-snippet:-1","max-image-preview":"max-image-preview:large","max-video-preview":"max-video-preview:-1"},"canonical":"https:\/\/exaudi.org\/es\/paraguay-obispo-chaco-pide-responsabilidad-gobierno\/","og_locale":"es_ES","og_type":"article","og_title":"Paraguay: Obispo del Chaco pide responsabilidad al Gobierno - Exaudi","og_description":"El obispo del Vicariato Apost\u00f3lico del Chaco, Paraguay, pidi\u00f3 en un Misa responsabilidad al Gobierno frente a la crisis sanitaria del pa\u00eds.","og_url":"https:\/\/exaudi.org\/es\/paraguay-obispo-chaco-pide-responsabilidad-gobierno\/","og_site_name":"Exaudi","article_publisher":"https:\/\/www.facebook.com\/ExaudiNews","article_published_time":"2021-05-27T14:44:18+00:00","article_modified_time":"2021-05-28T07:16:01+00:00","og_image":[{"width":939,"height":703,"url":"https:\/\/exaudi.org\/wp-content\/uploads\/2021\/05\/asdasd234234234.jpg","type":"image\/jpeg"}],"author":"Gabriel Sales","twitter_card":"summary_large_image","twitter_creator":"@habemusman","twitter_site":"@Exaudi_News","twitter_misc":{"Escrito por":"Gabriel Sales","Tiempo de lectura":"4 minutos"},"schema":{"@context":"https:\/\/schema.org","@graph":[{"@type":"Article","@id":"https:\/\/exaudi.org\/es\/paraguay-obispo-chaco-pide-responsabilidad-gobierno\/#article","isPartOf":{"@id":"https:\/\/exaudi.org\/es\/paraguay-obispo-chaco-pide-responsabilidad-gobierno\/"},"author":{"name":"Gabriel Sales","@id":"https:\/\/exaudi.org\/#\/schema\/person\/d134b96438278131ce90c90c03fda6cd"},"headline":"Paraguay: Obispo del Chaco pide responsabilidad al Gobierno","datePublished":"2021-05-27T14:44:18+00:00","dateModified":"2021-05-28T07:16:01+00:00","mainEntityOfPage":{"@id":"https:\/\/exaudi.org\/es\/paraguay-obispo-chaco-pide-responsabilidad-gobierno\/"},"wordCount":895,"image":{"@id":"https:\/\/exaudi.org\/es\/paraguay-obispo-chaco-pide-responsabilidad-gobierno\/#primaryimage"},"thumbnailUrl":"https:\/\/exaudi.org\/wp-content\/uploads\/2021\/05\/asdasd234234234.jpg","keywords":["Crisis sanitaria","Paraguay","Vicariato Apost\u00f3lico del Chaco"],"articleSection":["Iglesia Local","\u00daltimas noticias"],"inLanguage":"es"},{"@type":"WebPage","@id":"https:\/\/exaudi.org\/es\/paraguay-obispo-chaco-pide-responsabilidad-gobierno\/","url":"https:\/\/exaudi.org\/es\/paraguay-obispo-chaco-pide-responsabilidad-gobierno\/","name":"Paraguay: Obispo del Chaco pide responsabilidad al Gobierno - Exaudi","isPartOf":{"@id":"https:\/\/exaudi.org\/#website"},"primaryImageOfPage":{"@id":"https:\/\/exaudi.org\/es\/paraguay-obispo-chaco-pide-responsabilidad-gobierno\/#primaryimage"},"image":{"@id":"https:\/\/exaudi.org\/es\/paraguay-obispo-chaco-pide-responsabilidad-gobierno\/#primaryimage"},"thumbnailUrl":"https:\/\/exaudi.org\/wp-content\/uploads\/2021\/05\/asdasd234234234.jpg","datePublished":"2021-05-27T14:44:18+00:00","dateModified":"2021-05-28T07:16:01+00:00","author":{"@id":"https:\/\/exaudi.org\/#\/schema\/person\/d134b96438278131ce90c90c03fda6cd"},"description":"El obispo del Vicariato Apost\u00f3lico del Chaco, Paraguay, pidi\u00f3 en un Misa responsabilidad al Gobierno frente a la crisis sanitaria del pa\u00eds.","breadcrumb":{"@id":"https:\/\/exaudi.org\/es\/paraguay-obispo-chaco-pide-responsabilidad-gobierno\/#breadcrumb"},"inLanguage":"es","potentialAction":[{"@type":"ReadAction","target":["https:\/\/exaudi.org\/es\/paraguay-obispo-chaco-pide-responsabilidad-gobierno\/"]}]},{"@type":"ImageObject","inLanguage":"es","@id":"https:\/\/exaudi.org\/es\/paraguay-obispo-chaco-pide-responsabilidad-gobierno\/#primaryimage","url":"https:\/\/exaudi.org\/wp-content\/uploads\/2021\/05\/asdasd234234234.jpg","contentUrl":"https:\/\/exaudi.org\/wp-content\/uploads\/2021\/05\/asdasd234234234.jpg","width":939,"height":703,"caption":"Asamblea del Vicariato Apost\u00f3lico del Chaco Paraguayo \u00a9 Salesianos Paraguay"},{"@type":"BreadcrumbList","@id":"https:\/\/exaudi.org\/es\/paraguay-obispo-chaco-pide-responsabilidad-gobierno\/#breadcrumb","itemListElement":[{"@type":"ListItem","position":1,"name":"Portada","item":"https:\/\/exaudi.org\/es\/"},{"@type":"ListItem","position":2,"name":"Paraguay: Obispo del Chaco pide responsabilidad al Gobierno"}]},{"@type":"WebSite","@id":"https:\/\/exaudi.org\/#website","url":"https:\/\/exaudi.org\/","name":"Exaudi","description":"News","potentialAction":[{"@type":"SearchAction","target":{"@type":"EntryPoint","urlTemplate":"https:\/\/exaudi.org\/?s={search_term_string}"},"query-input":{"@type":"PropertyValueSpecification","valueRequired":true,"valueName":"search_term_string"}}],"inLanguage":"es"},{"@type":"Person","@id":"https:\/\/exaudi.org\/#\/schema\/person\/d134b96438278131ce90c90c03fda6cd","name":"Gabriel Sales","image":{"@type":"ImageObject","inLanguage":"es","@id":"https:\/\/secure.gravatar.com\/avatar\/9b1269566f6a063ed26ffb3532b66a373cdde231ce5d0effb266167437fdaffd?s=96&d=mm&r=g","url":"https:\/\/secure.gravatar.com\/avatar\/9b1269566f6a063ed26ffb3532b66a373cdde231ce5d0effb266167437fdaffd?s=96&d=mm&r=g","contentUrl":"https:\/\/secure.gravatar.com\/avatar\/9b1269566f6a063ed26ffb3532b66a373cdde231ce5d0effb266167437fdaffd?s=96&d=mm&r=g","caption":"Gabriel Sales"},"description":"Periodista y especialista en Comunicaci\u00f3n y Branding digital. Cin\u00e9filo y cr\u00edtico de cine y series de televisi\u00f3n.","sameAs":["https:\/\/www.instagram.com\/cine90segundos\/","www.linkedin.com\/in\/habemusman","https:\/\/x.com\/habemusman","https:\/\/www.youtube.com\/channel\/UCVfCiOMkJ_C7T7OpyjuaLDg"],"url":"https:\/\/exaudi.org\/es\/author\/gsalesexaudi-org\/"}]}},"jetpack_featured_media_url":"https:\/\/exaudi.org\/wp-content\/uploads\/2021\/05\/asdasd234234234.jpg","jetpack_shortlink":"https:\/\/wp.me\/pgKjF2-52v","_links":{"self":[{"href":"https:\/\/exaudi.org\/es\/wp-json\/wp\/v2\/posts\/19375","targetHints":{"allow":["GET"]}}],"collection":[{"href":"https:\/\/exaudi.org\/es\/wp-json\/wp\/v2\/posts"}],"about":[{"href":"https:\/\/exaudi.org\/es\/wp-json\/wp\/v2\/types\/post"}],"author":[{"embeddable":true,"href":"https:\/\/exaudi.org\/es\/wp-json\/wp\/v2\/users\/6"}],"replies":[{"embeddable":true,"href":"https:\/\/exaudi.org\/es\/wp-json\/wp\/v2\/comments?post=19375"}],"version-history":[{"count":0,"href":"https:\/\/exaudi.org\/es\/wp-json\/wp\/v2\/posts\/19375\/revisions"}],"wp:featuredmedia":[{"embeddable":true,"href":"https:\/\/exaudi.org\/es\/wp-json\/wp\/v2\/media\/19390"}],"wp:attachment":[{"href":"https:\/\/exaudi.org\/es\/wp-json\/wp\/v2\/media?parent=19375"}],"wp:term":[{"taxonomy":"category","embeddable":true,"href":"https:\/\/exaudi.org\/es\/wp-json\/wp\/v2\/categories?post=19375"},{"taxonomy":"post_tag","embeddable":true,"href":"https:\/\/exaudi.org\/es\/wp-json\/wp\/v2\/tags?post=19375"}],"curies":[{"name":"wp","href":"https:\/\/api.w.org\/{rel}","templated":true}]}}