{"id":19130,"date":"2021-05-27T09:00:34","date_gmt":"2021-05-27T07:00:34","guid":{"rendered":"https:\/\/exaudi.org\/?p=19130"},"modified":"2021-05-27T12:01:01","modified_gmt":"2021-05-27T10:01:01","slug":"santisima-trinidad-reflexion-mons-enrique-diaz","status":"publish","type":"post","link":"https:\/\/exaudi.org\/es\/santisima-trinidad-reflexion-mons-enrique-diaz\/","title":{"rendered":"Sant\u00edsima Trinidad: Reflexi\u00f3n de Mons. Enrique D\u00edaz"},"content":{"rendered":"<p><a href=\"https:\/\/exaudi.org\/es\/author\/enriquediaz\/\" target=\"_blank\" rel=\"noopener noreferrer\">Monse\u00f1or Enrique D\u00edaz D\u00edaz<\/a> comparte con los lectores de Exaudi su reflexi\u00f3n sobre el Evangelio del pr\u00f3ximo 30 de mayo de 2021, <a href=\"https:\/\/www.dominicos.org\/predicacion\/homilia\/30-5-2021\/\" target=\"_blank\" rel=\"noopener noreferrer\">Solemnidad de la Sant\u00edsima Trinidad<\/a>, titulada \u201cVivir la Trinidad\u201d.<\/p>\n<p>***<\/p>\n<p><span style=\"font-weight: 400\">Deuteronomio 4, 32-34. 39-40: \u201cEl Se\u00f1or es el Dios del cielo y de la tierra, y no hay otro\u201d.<\/span><\/p>\n<p><span style=\"font-weight: 400\">Salmo 32: \u201cDichoso el pueblo escogido por Dios\u201d.<\/span><\/p>\n<p><span style=\"font-weight: 400\">Romanos 8, 14-17: \u201cUstedes han recibido un esp\u00edritu de hijos en virtud del cual podemos llamar Padre a Dios\u201d.<\/span><\/p>\n<p><span style=\"font-weight: 400\">Mateo 28, 16-20: \u201cBauticen a todos los pueblos en el nombre del Padre y del Hijo y del Esp\u00edritu Santo\u201d.<\/span><\/p>\n<p><span style=\"font-weight: 400\">Hay un precioso mosaico que sirvi\u00f3 como s\u00edmbolo del Encuentro Mundial de las Familias en Mil\u00e1n en 2012. Cuenta con hermosos colores que ofrecen una oportunidad para purificar nuestros ojos. La luz y el color inicialmente nos atraen. Luego distinguimos las formas muy sencillas de tres personas: Jes\u00fas, Jos\u00e9 y Mar\u00eda. <\/span><\/p>\n<p><span style=\"font-weight: 400\">Hay paz en estas tres personas. Una paz que se expresa en los colores y en la luz. Jos\u00e9 mira hacia lo alto como para tomar inspiraci\u00f3n desde el cielo. El cielo se abre y \u201cla Mano de Dios\u201d hace descender una llama de Amor sobre el mundo. En particular \u201cla Llama\u201d baja sobre Mar\u00eda que fija sus ojos sobre cada uno de nosotros como se mira a un hijo predilecto. <\/span><\/p>\n<p><span style=\"font-weight: 400\">Mientras tanto, con gesto de madre, sostiene los primeros pasos de Jes\u00fas que camina hacia nosotros y fija sus ojos en los nuestros como diciendo: \u201cAqu\u00ed estoy para ti como un don, un don para tu coraz\u00f3n, un don de amor que nace del coraz\u00f3n de la Trinidad y se encarna en la Sagrada Familia\u201d. Familia de carne y modelo de familia sostenida y cimentada en el Amor Trinitario.<\/span><\/p>\n<p><span style=\"font-weight: 400\">Todos los d\u00edas iniciamos nuestra jornada \u201cEn el nombre del Padre, del Hijo y del Esp\u00edritu Santo\u201d. Todos los d\u00edas queremos vivir a plenitud esa participaci\u00f3n que nos ofrece nuestro Dios Trino y Uno. Pero hoy nuestra celebraci\u00f3n tiene un sentido muy especial. <\/span><\/p>\n<p><span style=\"font-weight: 400\">Es cierto que cada d\u00eda, y en especial los domingos, nuestra alabanza y contemplaci\u00f3n est\u00e1n dirigidas a nuestro Dios, es cierto que siempre todo lo que hacemos tiene su origen y su finalidad en \u00c9l, pero hoy lo queremos hacer de un modo m\u00e1s consciente, detenernos un momento y contemplarlo, experimentar su vida interior, y dejarnos \u201cba\u00f1ar\u201d, envolver, por su amor. <\/span><\/p>\n<p><span style=\"font-weight: 400\">Mois\u00e9s, en la primera lectura de este domingo, se deshace en elogios y alabanzas a un Dios que ha mostrado su poder a favor del pueblo, que ha creado con amor especial al hombre, que le habla, que lo acompa\u00f1a, que lo ha sacado de la esclavitud para hacerlo su pueblo. <\/span><\/p>\n<p><span style=\"font-weight: 400\">Dios es alguien que se ha revelado, se ha descubierto y ha dejado entrever su rostro en medio del fuego. Se vincula con toda la persona; ha convertido a Israel en su pueblo predilecto; ha pasado a ser su propiedad personal. Todos estos beneficios han sido gratuitos, inmerecidos por parte de los israelitas. Y por eso Mois\u00e9s le pide al pueblo que no lo olvide, que su ley es ley de vida para mantener la relaci\u00f3n con Dios, fuente de felicidad.<\/span><\/p>\n<p><span style=\"font-weight: 400\">Cuando escucho a Mois\u00e9s hablar y expresarse as\u00ed de Dios, me resulta extra\u00f1o o\u00edr a quienes afirman que el Dios del Antiguo Testamento es un dios cruel y castigador\u2026 Es cierto, es celoso, pero por amor. Pero m\u00e1s extra\u00f1as me resultan las im\u00e1genes que muchos de nosotros tenemos de Dios, reducido a caricatura de lo que no es. <\/span><\/p>\n<p><span style=\"font-weight: 400\">A una especie de tapagujeros para solucionar lo que nuestra ignorancia o pereza no han descubierto. Alguien a quien echarle la culpa de nuestros complejos y fracasos. Alguien lejano y al mismo tiempo inquisidor. Y entonces, cuando se tiene este concepto tan err\u00f3neo de Dios, se acaba por negarlo, aunque despu\u00e9s se le busque en la belleza, en la justicia, en el deseo de comunidad y de amor.<\/span><\/p>\n<p><span style=\"font-weight: 400\">Si ya en el Antiguo Testamento encontr\u00e1bamos destellos de esta bondad y belleza de un Dios cercano, con Cristo, \u201cel Verbo hecho carne\u201d, Dios rompe los muros donde lo hab\u00edamos encerrado,: el cielo, el templo y el santuario, y se hace caminante, compa\u00f1ero, amigo y hermano. <\/span><\/p>\n<p><span style=\"font-weight: 400\">Un rostro que descubre y devela un gran misterio y que nos llama a conocerlo y vivirlo: \u201cVen y lo ver\u00e1s\u201d. \u201cNo los llamo siervos porque el siervo no sabe lo que hace su amo, los llamo amigos porque les he dado a conocer todo lo que he aprendido del Padre.\u201d Y nos invita a participar de esa vida, unidad y dinamismo que en compa\u00f1\u00eda del Esp\u00edritu est\u00e1n viviendo. <\/span><\/p>\n<p><span style=\"font-weight: 400\">Su deseo es que: \u201ctodos sean uno como t\u00fa en m\u00ed y yo en ti somos uno\u201d. Nuestro Dios en su misterio m\u00e1s \u00edntimo no es soledad, sino una familia. Y a esta unidad y vitalidad nos invita el Se\u00f1or Jes\u00fas. Es el misterio que nos quiere revelar, pero no para examinarlo cient\u00edficamente, sino para vivirlo en amor y amistad. <\/span><\/p>\n<p><span style=\"font-weight: 400\">Los cient\u00edficos ahora se preocupan de las gl\u00e1ndulas y hormonas que ayudan o estorban a despertar el amor o la amistad, pero quien ama de verdad, quien es amigo de verdad, no necesita descripciones sino la experiencia del amor. As\u00ed tambi\u00e9n Jes\u00fas nos llama y nos invita a vivir en esta armon\u00eda, din\u00e1mica y creadora, de la Sant\u00edsima Trinidad, donde todo es unidad, creaci\u00f3n y explosi\u00f3n de amor. <\/span><\/p>\n<p><span style=\"font-weight: 400\">Como dice San Pablo podemos llamar\u00a0 cari\u00f1osamente a Dios \u201cAbb\u00e1\u201d, \u201cPap\u00e1\u201d, con la sencillez de un ni\u00f1o, guiados por el Esp\u00edritu y sostenidos por nuestro hermano Jes\u00fas.\u00a0<\/span><\/p>\n<p><span style=\"font-weight: 400\">\u00bfHemos vivido esta experiencia a la que nos invita Jes\u00fas? \u00bfHemos experimentado la uni\u00f3n y el amor trinitario en nuestras vidas? Entonces no podremos callarlo. El env\u00edo de Jes\u00fas en el evangelio no tendr\u00eda ning\u00fan sentido si no hemos vivido el amor en primera persona. <\/span><\/p>\n<p><span style=\"font-weight: 400\">No tiene sentido \u201cbautizarse\u201d, sumergirse, perderse en la Trinidad, si no estamos llenos del Esp\u00edritu de Amor. No es cuesti\u00f3n de aprendizaje, es cuesti\u00f3n de vida, de dejarse amar, de perderse en el infinito de este Dios Trino que nos llena de toda su vida, de su amor y de su Esp\u00edritu creador.<\/span><\/p>\n<p><span style=\"font-weight: 400\"> Nuestro env\u00edo tiene el mismo sentido y el mismo poder de Jes\u00fas: \u201cAs\u00ed como el Padre me ha enviado\u201d. Entonces tambi\u00e9n nosotros somos enviados a proclamar, a vivir y a anunciar el amor que hay en nuestro Dios. Necesitamos compartir lo que nosotros hemos experimentado y hacer part\u00edcipes de este amor a todos los hombres. D\u00eda de la Sant\u00edsima Trinidad, d\u00eda en que debemos vivir plenamente esta comuni\u00f3n con nuestro Dios, con nuestra familia y con todos nuestros hermanos \u00bfC\u00f3mo lo estamos viviendo?<\/span><\/p>\n<p><span style=\"font-weight: 400\">Dios Padre, que al enviar al mundo al Verbo de verdad y al Esp\u00edritu de santidad, revelaste a los hombres tu misterio admirable, conc\u00e9denos que al profesar la fe verdadera, reconozcamos la gloria de la eterna Trinidad y adoremos la unidad de su majestad omnipotente.\u00a0 Am\u00e9n.<\/span><\/p>\n<audio class=\"wp-audio-shortcode\" id=\"audio-19130-1\" preload=\"none\" style=\"width: 100%;\" controls=\"controls\"><source type=\"audio\/mpeg\" src=\"https:\/\/exaudi.org\/wp-content\/uploads\/2021\/05\/30-Mayo.mp3?_=1\" \/><a href=\"https:\/\/exaudi.org\/wp-content\/uploads\/2021\/05\/30-Mayo.mp3\">https:\/\/exaudi.org\/wp-content\/uploads\/2021\/05\/30-Mayo.mp3<\/a><\/audio>\n","protected":false},"excerpt":{"rendered":"<p>\u201cVivir la Trinidad\u201d<\/p>\n","protected":false},"author":25,"featured_media":19136,"comment_status":"closed","ping_status":"closed","sticky":false,"template":"","format":"standard","meta":{"_acf_changed":false,"_crdt_document":"","inline_featured_image":false,"footnotes":""},"categories":[96,298],"tags":[368,2513],"class_list":["post-19130","post","type-post","status-publish","format-standard","has-post-thumbnail","hentry","category-espiritualidad","category-ultimas-noticias","tag-comentario-del-evangelio","tag-santisima-trinidad"],"acf":[],"yoast_head":"<!-- This site is optimized with the Yoast SEO plugin v27.5 - https:\/\/yoast.com\/product\/yoast-seo-wordpress\/ -->\n<title>Sant\u00edsima Trinidad: Reflexi\u00f3n de Mons. Enrique D\u00edaz - Exaudi<\/title>\n<meta name=\"description\" content=\"En su reflexi\u00f3n sobre el domingo de la Sant\u00edsima Trinidad, monse\u00f1or Enrique D\u00edaz se centra en el tema \u201cVivir la Trinidad\u201d.\" \/>\n<meta name=\"robots\" content=\"index, follow, max-snippet:-1, max-image-preview:large, max-video-preview:-1\" \/>\n<link rel=\"canonical\" href=\"https:\/\/exaudi.org\/es\/santisima-trinidad-reflexion-mons-enrique-diaz\/\" \/>\n<meta property=\"og:locale\" content=\"es_ES\" \/>\n<meta property=\"og:type\" content=\"article\" \/>\n<meta property=\"og:title\" content=\"Sant\u00edsima Trinidad: Reflexi\u00f3n de Mons. Enrique D\u00edaz - Exaudi\" \/>\n<meta property=\"og:description\" content=\"En su reflexi\u00f3n sobre el domingo de la Sant\u00edsima Trinidad, monse\u00f1or Enrique D\u00edaz se centra en el tema \u201cVivir la Trinidad\u201d.\" \/>\n<meta property=\"og:url\" content=\"https:\/\/exaudi.org\/es\/santisima-trinidad-reflexion-mons-enrique-diaz\/\" \/>\n<meta property=\"og:site_name\" content=\"Exaudi\" \/>\n<meta property=\"article:publisher\" content=\"https:\/\/www.facebook.com\/ExaudiNews\" \/>\n<meta property=\"article:published_time\" content=\"2021-05-27T07:00:34+00:00\" \/>\n<meta property=\"article:modified_time\" content=\"2021-05-27T10:01:01+00:00\" \/>\n<meta property=\"og:image\" content=\"https:\/\/exaudi.org\/wp-content\/uploads\/2021\/05\/1234567890-scaled.jpg\" \/>\n\t<meta property=\"og:image:width\" content=\"2560\" \/>\n\t<meta property=\"og:image:height\" content=\"1707\" \/>\n\t<meta property=\"og:image:type\" content=\"image\/jpeg\" \/>\n<meta name=\"author\" content=\"Enrique D\u00edaz\" \/>\n<meta name=\"twitter:card\" content=\"summary_large_image\" \/>\n<meta name=\"twitter:creator\" content=\"@Exaudi_News\" \/>\n<meta name=\"twitter:site\" content=\"@Exaudi_News\" \/>\n<meta name=\"twitter:label1\" content=\"Escrito por\" \/>\n\t<meta name=\"twitter:data1\" content=\"Enrique D\u00edaz\" \/>\n\t<meta name=\"twitter:label2\" content=\"Tiempo de lectura\" \/>\n\t<meta name=\"twitter:data2\" content=\"6 minutos\" \/>\n<script type=\"application\/ld+json\" class=\"yoast-schema-graph\">{\"@context\":\"https:\\\/\\\/schema.org\",\"@graph\":[{\"@type\":\"Article\",\"@id\":\"https:\\\/\\\/exaudi.org\\\/es\\\/santisima-trinidad-reflexion-mons-enrique-diaz\\\/#article\",\"isPartOf\":{\"@id\":\"https:\\\/\\\/exaudi.org\\\/es\\\/santisima-trinidad-reflexion-mons-enrique-diaz\\\/\"},\"author\":{\"name\":\"Enrique D\u00edaz\",\"@id\":\"https:\\\/\\\/exaudi.org\\\/#\\\/schema\\\/person\\\/c02ffbd10830fa375f6882f7dcf1844d\"},\"headline\":\"Sant\u00edsima Trinidad: Reflexi\u00f3n de Mons. Enrique D\u00edaz\",\"datePublished\":\"2021-05-27T07:00:34+00:00\",\"dateModified\":\"2021-05-27T10:01:01+00:00\",\"mainEntityOfPage\":{\"@id\":\"https:\\\/\\\/exaudi.org\\\/es\\\/santisima-trinidad-reflexion-mons-enrique-diaz\\\/\"},\"wordCount\":1246,\"image\":{\"@id\":\"https:\\\/\\\/exaudi.org\\\/es\\\/santisima-trinidad-reflexion-mons-enrique-diaz\\\/#primaryimage\"},\"thumbnailUrl\":\"https:\\\/\\\/exaudi.org\\\/wp-content\\\/uploads\\\/2021\\\/05\\\/1234567890-scaled.jpg\",\"keywords\":[\"Comentario del Evangelio\",\"Sant\u00edsima Trinidad\"],\"articleSection\":[\"Espiritualidad\",\"\u00daltimas noticias\"],\"inLanguage\":\"es\"},{\"@type\":\"WebPage\",\"@id\":\"https:\\\/\\\/exaudi.org\\\/es\\\/santisima-trinidad-reflexion-mons-enrique-diaz\\\/\",\"url\":\"https:\\\/\\\/exaudi.org\\\/es\\\/santisima-trinidad-reflexion-mons-enrique-diaz\\\/\",\"name\":\"Sant\u00edsima Trinidad: Reflexi\u00f3n de Mons. Enrique D\u00edaz - Exaudi\",\"isPartOf\":{\"@id\":\"https:\\\/\\\/exaudi.org\\\/#website\"},\"primaryImageOfPage\":{\"@id\":\"https:\\\/\\\/exaudi.org\\\/es\\\/santisima-trinidad-reflexion-mons-enrique-diaz\\\/#primaryimage\"},\"image\":{\"@id\":\"https:\\\/\\\/exaudi.org\\\/es\\\/santisima-trinidad-reflexion-mons-enrique-diaz\\\/#primaryimage\"},\"thumbnailUrl\":\"https:\\\/\\\/exaudi.org\\\/wp-content\\\/uploads\\\/2021\\\/05\\\/1234567890-scaled.jpg\",\"datePublished\":\"2021-05-27T07:00:34+00:00\",\"dateModified\":\"2021-05-27T10:01:01+00:00\",\"author\":{\"@id\":\"https:\\\/\\\/exaudi.org\\\/#\\\/schema\\\/person\\\/c02ffbd10830fa375f6882f7dcf1844d\"},\"description\":\"En su reflexi\u00f3n sobre el domingo de la Sant\u00edsima Trinidad, monse\u00f1or Enrique D\u00edaz se centra en el tema \u201cVivir la Trinidad\u201d.\",\"breadcrumb\":{\"@id\":\"https:\\\/\\\/exaudi.org\\\/es\\\/santisima-trinidad-reflexion-mons-enrique-diaz\\\/#breadcrumb\"},\"inLanguage\":\"es\",\"potentialAction\":[{\"@type\":\"ReadAction\",\"target\":[\"https:\\\/\\\/exaudi.org\\\/es\\\/santisima-trinidad-reflexion-mons-enrique-diaz\\\/\"]}]},{\"@type\":\"ImageObject\",\"inLanguage\":\"es\",\"@id\":\"https:\\\/\\\/exaudi.org\\\/es\\\/santisima-trinidad-reflexion-mons-enrique-diaz\\\/#primaryimage\",\"url\":\"https:\\\/\\\/exaudi.org\\\/wp-content\\\/uploads\\\/2021\\\/05\\\/1234567890-scaled.jpg\",\"contentUrl\":\"https:\\\/\\\/exaudi.org\\\/wp-content\\\/uploads\\\/2021\\\/05\\\/1234567890-scaled.jpg\",\"width\":2560,\"height\":1707,\"caption\":\"Imagen de la Trinidad \u00a9 Cathopic\"},{\"@type\":\"BreadcrumbList\",\"@id\":\"https:\\\/\\\/exaudi.org\\\/es\\\/santisima-trinidad-reflexion-mons-enrique-diaz\\\/#breadcrumb\",\"itemListElement\":[{\"@type\":\"ListItem\",\"position\":1,\"name\":\"Portada\",\"item\":\"https:\\\/\\\/exaudi.org\\\/es\\\/\"},{\"@type\":\"ListItem\",\"position\":2,\"name\":\"Sant\u00edsima Trinidad: Reflexi\u00f3n de Mons. Enrique D\u00edaz\"}]},{\"@type\":\"WebSite\",\"@id\":\"https:\\\/\\\/exaudi.org\\\/#website\",\"url\":\"https:\\\/\\\/exaudi.org\\\/\",\"name\":\"Exaudi\",\"description\":\"News\",\"potentialAction\":[{\"@type\":\"SearchAction\",\"target\":{\"@type\":\"EntryPoint\",\"urlTemplate\":\"https:\\\/\\\/exaudi.org\\\/?s={search_term_string}\"},\"query-input\":{\"@type\":\"PropertyValueSpecification\",\"valueRequired\":true,\"valueName\":\"search_term_string\"}}],\"inLanguage\":\"es\"},{\"@type\":\"Person\",\"@id\":\"https:\\\/\\\/exaudi.org\\\/#\\\/schema\\\/person\\\/c02ffbd10830fa375f6882f7dcf1844d\",\"name\":\"Enrique D\u00edaz\",\"image\":{\"@type\":\"ImageObject\",\"inLanguage\":\"es\",\"@id\":\"https:\\\/\\\/secure.gravatar.com\\\/avatar\\\/7ca10be5325a95d04b74082d68ba605aa69611eb0f68f47096cb1bc349873284?s=96&d=mm&r=g\",\"url\":\"https:\\\/\\\/secure.gravatar.com\\\/avatar\\\/7ca10be5325a95d04b74082d68ba605aa69611eb0f68f47096cb1bc349873284?s=96&d=mm&r=g\",\"contentUrl\":\"https:\\\/\\\/secure.gravatar.com\\\/avatar\\\/7ca10be5325a95d04b74082d68ba605aa69611eb0f68f47096cb1bc349873284?s=96&d=mm&r=g\",\"caption\":\"Enrique D\u00edaz\"},\"description\":\"Naci\u00f3 en Huandacareo, Michoac\u00e1n, M\u00e9xico, en 1952. Realiz\u00f3 sus estudios de Filosof\u00eda y Teolog\u00eda en el Seminario de Morelia. Ordenado di\u00e1cono el 22 de mayo de 1977, y presb\u00edtero el 23 de octubre del mismo a\u00f1o. Obtuvo la Licenciatura en Sagrada Escritura en el Pontificio Instituto B\u00edblico en Roma. Ha desarrollado m\u00faltiples encargos pastorales como el de capell\u00e1n de la rector\u00eda de las Tres Aves Mar\u00edas; responsable de la Pastoral B\u00edblica Diocesana y director de la Escuela B\u00edblica en Morelia; maestro de Biblia en el Seminario Conciliar de Morelia, p\u00e1rroco de la Parroquia de Nuestra Se\u00f1ora de Guadalupe, Col. Guadalupe, Morelia; o vicario episcopal para la Zona de Nuestra Se\u00f1ora de la Luz, P\u00e1tzcuaro. Ordenado obispo auxiliar de san Crist\u00f3bal de las Casas en 2003. En la Conferencia Episcopal form\u00f3 parte de las Comisiones de Biblia, Diaconado y Ministerios Laicales. Fue responsable de las Dimensiones de Ministerios Laicales, de Educaci\u00f3n y Cultura. Ha participado en encuentros latinoamericanos y mundiales sobre el Diaconado Permanente. Actualmente es el responsable de la Dimensi\u00f3n de Pastoral de la Cultura. Particip\u00f3 como Miembro del S\u00ednodo de Obispos sobre la Palabra de Dios en la Vida y Misi\u00f3n de la Iglesia en Roma, en 2008. Recibi\u00f3 el nombramiento de obispo coadjutor de San Crist\u00f3bal de las Casas en 2014. Nombrado II obispo de Irapuato el d\u00eda 11 de marzo, tom\u00f3 posesi\u00f3n el 19 de Mayo. Colabora en varias revistas y publicaciones sobre todo con la reflexi\u00f3n diaria y dominical tanto en audio como escrita.\",\"url\":\"https:\\\/\\\/exaudi.org\\\/es\\\/author\\\/enriquediaz\\\/\"}]}<\/script>\n<!-- \/ Yoast SEO plugin. -->","yoast_head_json":{"title":"Sant\u00edsima Trinidad: Reflexi\u00f3n de Mons. Enrique D\u00edaz - Exaudi","description":"En su reflexi\u00f3n sobre el domingo de la Sant\u00edsima Trinidad, monse\u00f1or Enrique D\u00edaz se centra en el tema \u201cVivir la Trinidad\u201d.","robots":{"index":"index","follow":"follow","max-snippet":"max-snippet:-1","max-image-preview":"max-image-preview:large","max-video-preview":"max-video-preview:-1"},"canonical":"https:\/\/exaudi.org\/es\/santisima-trinidad-reflexion-mons-enrique-diaz\/","og_locale":"es_ES","og_type":"article","og_title":"Sant\u00edsima Trinidad: Reflexi\u00f3n de Mons. Enrique D\u00edaz - Exaudi","og_description":"En su reflexi\u00f3n sobre el domingo de la Sant\u00edsima Trinidad, monse\u00f1or Enrique D\u00edaz se centra en el tema \u201cVivir la Trinidad\u201d.","og_url":"https:\/\/exaudi.org\/es\/santisima-trinidad-reflexion-mons-enrique-diaz\/","og_site_name":"Exaudi","article_publisher":"https:\/\/www.facebook.com\/ExaudiNews","article_published_time":"2021-05-27T07:00:34+00:00","article_modified_time":"2021-05-27T10:01:01+00:00","og_image":[{"width":2560,"height":1707,"url":"https:\/\/exaudi.org\/wp-content\/uploads\/2021\/05\/1234567890-scaled.jpg","type":"image\/jpeg"}],"author":"Enrique D\u00edaz","twitter_card":"summary_large_image","twitter_creator":"@Exaudi_News","twitter_site":"@Exaudi_News","twitter_misc":{"Escrito por":"Enrique D\u00edaz","Tiempo de lectura":"6 minutos"},"schema":{"@context":"https:\/\/schema.org","@graph":[{"@type":"Article","@id":"https:\/\/exaudi.org\/es\/santisima-trinidad-reflexion-mons-enrique-diaz\/#article","isPartOf":{"@id":"https:\/\/exaudi.org\/es\/santisima-trinidad-reflexion-mons-enrique-diaz\/"},"author":{"name":"Enrique D\u00edaz","@id":"https:\/\/exaudi.org\/#\/schema\/person\/c02ffbd10830fa375f6882f7dcf1844d"},"headline":"Sant\u00edsima Trinidad: Reflexi\u00f3n de Mons. Enrique D\u00edaz","datePublished":"2021-05-27T07:00:34+00:00","dateModified":"2021-05-27T10:01:01+00:00","mainEntityOfPage":{"@id":"https:\/\/exaudi.org\/es\/santisima-trinidad-reflexion-mons-enrique-diaz\/"},"wordCount":1246,"image":{"@id":"https:\/\/exaudi.org\/es\/santisima-trinidad-reflexion-mons-enrique-diaz\/#primaryimage"},"thumbnailUrl":"https:\/\/exaudi.org\/wp-content\/uploads\/2021\/05\/1234567890-scaled.jpg","keywords":["Comentario del Evangelio","Sant\u00edsima Trinidad"],"articleSection":["Espiritualidad","\u00daltimas noticias"],"inLanguage":"es"},{"@type":"WebPage","@id":"https:\/\/exaudi.org\/es\/santisima-trinidad-reflexion-mons-enrique-diaz\/","url":"https:\/\/exaudi.org\/es\/santisima-trinidad-reflexion-mons-enrique-diaz\/","name":"Sant\u00edsima Trinidad: Reflexi\u00f3n de Mons. Enrique D\u00edaz - Exaudi","isPartOf":{"@id":"https:\/\/exaudi.org\/#website"},"primaryImageOfPage":{"@id":"https:\/\/exaudi.org\/es\/santisima-trinidad-reflexion-mons-enrique-diaz\/#primaryimage"},"image":{"@id":"https:\/\/exaudi.org\/es\/santisima-trinidad-reflexion-mons-enrique-diaz\/#primaryimage"},"thumbnailUrl":"https:\/\/exaudi.org\/wp-content\/uploads\/2021\/05\/1234567890-scaled.jpg","datePublished":"2021-05-27T07:00:34+00:00","dateModified":"2021-05-27T10:01:01+00:00","author":{"@id":"https:\/\/exaudi.org\/#\/schema\/person\/c02ffbd10830fa375f6882f7dcf1844d"},"description":"En su reflexi\u00f3n sobre el domingo de la Sant\u00edsima Trinidad, monse\u00f1or Enrique D\u00edaz se centra en el tema \u201cVivir la Trinidad\u201d.","breadcrumb":{"@id":"https:\/\/exaudi.org\/es\/santisima-trinidad-reflexion-mons-enrique-diaz\/#breadcrumb"},"inLanguage":"es","potentialAction":[{"@type":"ReadAction","target":["https:\/\/exaudi.org\/es\/santisima-trinidad-reflexion-mons-enrique-diaz\/"]}]},{"@type":"ImageObject","inLanguage":"es","@id":"https:\/\/exaudi.org\/es\/santisima-trinidad-reflexion-mons-enrique-diaz\/#primaryimage","url":"https:\/\/exaudi.org\/wp-content\/uploads\/2021\/05\/1234567890-scaled.jpg","contentUrl":"https:\/\/exaudi.org\/wp-content\/uploads\/2021\/05\/1234567890-scaled.jpg","width":2560,"height":1707,"caption":"Imagen de la Trinidad \u00a9 Cathopic"},{"@type":"BreadcrumbList","@id":"https:\/\/exaudi.org\/es\/santisima-trinidad-reflexion-mons-enrique-diaz\/#breadcrumb","itemListElement":[{"@type":"ListItem","position":1,"name":"Portada","item":"https:\/\/exaudi.org\/es\/"},{"@type":"ListItem","position":2,"name":"Sant\u00edsima Trinidad: Reflexi\u00f3n de Mons. Enrique D\u00edaz"}]},{"@type":"WebSite","@id":"https:\/\/exaudi.org\/#website","url":"https:\/\/exaudi.org\/","name":"Exaudi","description":"News","potentialAction":[{"@type":"SearchAction","target":{"@type":"EntryPoint","urlTemplate":"https:\/\/exaudi.org\/?s={search_term_string}"},"query-input":{"@type":"PropertyValueSpecification","valueRequired":true,"valueName":"search_term_string"}}],"inLanguage":"es"},{"@type":"Person","@id":"https:\/\/exaudi.org\/#\/schema\/person\/c02ffbd10830fa375f6882f7dcf1844d","name":"Enrique D\u00edaz","image":{"@type":"ImageObject","inLanguage":"es","@id":"https:\/\/secure.gravatar.com\/avatar\/7ca10be5325a95d04b74082d68ba605aa69611eb0f68f47096cb1bc349873284?s=96&d=mm&r=g","url":"https:\/\/secure.gravatar.com\/avatar\/7ca10be5325a95d04b74082d68ba605aa69611eb0f68f47096cb1bc349873284?s=96&d=mm&r=g","contentUrl":"https:\/\/secure.gravatar.com\/avatar\/7ca10be5325a95d04b74082d68ba605aa69611eb0f68f47096cb1bc349873284?s=96&d=mm&r=g","caption":"Enrique D\u00edaz"},"description":"Naci\u00f3 en Huandacareo, Michoac\u00e1n, M\u00e9xico, en 1952. Realiz\u00f3 sus estudios de Filosof\u00eda y Teolog\u00eda en el Seminario de Morelia. Ordenado di\u00e1cono el 22 de mayo de 1977, y presb\u00edtero el 23 de octubre del mismo a\u00f1o. Obtuvo la Licenciatura en Sagrada Escritura en el Pontificio Instituto B\u00edblico en Roma. Ha desarrollado m\u00faltiples encargos pastorales como el de capell\u00e1n de la rector\u00eda de las Tres Aves Mar\u00edas; responsable de la Pastoral B\u00edblica Diocesana y director de la Escuela B\u00edblica en Morelia; maestro de Biblia en el Seminario Conciliar de Morelia, p\u00e1rroco de la Parroquia de Nuestra Se\u00f1ora de Guadalupe, Col. Guadalupe, Morelia; o vicario episcopal para la Zona de Nuestra Se\u00f1ora de la Luz, P\u00e1tzcuaro. Ordenado obispo auxiliar de san Crist\u00f3bal de las Casas en 2003. En la Conferencia Episcopal form\u00f3 parte de las Comisiones de Biblia, Diaconado y Ministerios Laicales. Fue responsable de las Dimensiones de Ministerios Laicales, de Educaci\u00f3n y Cultura. Ha participado en encuentros latinoamericanos y mundiales sobre el Diaconado Permanente. Actualmente es el responsable de la Dimensi\u00f3n de Pastoral de la Cultura. Particip\u00f3 como Miembro del S\u00ednodo de Obispos sobre la Palabra de Dios en la Vida y Misi\u00f3n de la Iglesia en Roma, en 2008. Recibi\u00f3 el nombramiento de obispo coadjutor de San Crist\u00f3bal de las Casas en 2014. Nombrado II obispo de Irapuato el d\u00eda 11 de marzo, tom\u00f3 posesi\u00f3n el 19 de Mayo. Colabora en varias revistas y publicaciones sobre todo con la reflexi\u00f3n diaria y dominical tanto en audio como escrita.","url":"https:\/\/exaudi.org\/es\/author\/enriquediaz\/"}]}},"jetpack_featured_media_url":"https:\/\/exaudi.org\/wp-content\/uploads\/2021\/05\/1234567890-scaled.jpg","jetpack_shortlink":"https:\/\/wp.me\/pgKjF2-4Yy","_links":{"self":[{"href":"https:\/\/exaudi.org\/es\/wp-json\/wp\/v2\/posts\/19130","targetHints":{"allow":["GET"]}}],"collection":[{"href":"https:\/\/exaudi.org\/es\/wp-json\/wp\/v2\/posts"}],"about":[{"href":"https:\/\/exaudi.org\/es\/wp-json\/wp\/v2\/types\/post"}],"author":[{"embeddable":true,"href":"https:\/\/exaudi.org\/es\/wp-json\/wp\/v2\/users\/25"}],"replies":[{"embeddable":true,"href":"https:\/\/exaudi.org\/es\/wp-json\/wp\/v2\/comments?post=19130"}],"version-history":[{"count":0,"href":"https:\/\/exaudi.org\/es\/wp-json\/wp\/v2\/posts\/19130\/revisions"}],"wp:featuredmedia":[{"embeddable":true,"href":"https:\/\/exaudi.org\/es\/wp-json\/wp\/v2\/media\/19136"}],"wp:attachment":[{"href":"https:\/\/exaudi.org\/es\/wp-json\/wp\/v2\/media?parent=19130"}],"wp:term":[{"taxonomy":"category","embeddable":true,"href":"https:\/\/exaudi.org\/es\/wp-json\/wp\/v2\/categories?post=19130"},{"taxonomy":"post_tag","embeddable":true,"href":"https:\/\/exaudi.org\/es\/wp-json\/wp\/v2\/tags?post=19130"}],"curies":[{"name":"wp","href":"https:\/\/api.w.org\/{rel}","templated":true}]}}