{"id":19057,"date":"2021-05-26T12:28:48","date_gmt":"2021-05-26T10:28:48","guid":{"rendered":"https:\/\/exaudi.org\/?p=19057"},"modified":"2021-05-27T16:10:15","modified_gmt":"2021-05-27T14:10:15","slug":"catequesis-papa-certeza-de-ser-escuchados-2021","status":"publish","type":"post","link":"https:\/\/exaudi.org\/es\/catequesis-papa-certeza-de-ser-escuchados-2021\/","title":{"rendered":"Catequesis del Papa: \u201cLa certeza de ser escuchados\u201d"},"content":{"rendered":"<p style=\"text-align: justify\">En la <a href=\"https:\/\/exaudi.org\/es\/audiencia-general-resumen-espanol-dios-escucha\/\" target=\"_blank\" rel=\"noopener noreferrer\">audiencia general<\/a> de hoy, 26 de mayo de 2021, el Papa Francisco ha indicado durante su catequesis que \u201chay una contestaci\u00f3n radical a la oraci\u00f3n, que deriva de una observaci\u00f3n que todos hacemos: Nosotros rezamos, pedimos, sin embargo, a veces parece que nuestras oraciones no son escuchadas: lo que hemos pedido, para nosotros o para otros, no sucede\u201d.<\/p>\n<p style=\"text-align: justify\">La audiencia general de este mi\u00e9rcoles ha sido emitida desde el patio de San D\u00e1maso del Palacio Apost\u00f3lico vaticano, de nuevo con p\u00fablico, cumpliendo las medidas de prevenci\u00f3n frente a la COVID-19. El Santo Padre ha retomado el ciclo de catequesis sobre la oraci\u00f3n para centrarse en el tema \u201cLa certeza de ser escuchados\u201d (Lectura: Mc 5, 22-24. 35-36).<\/p>\n<p><img loading=\"lazy\" decoding=\"async\" class=\"alignleft size-medium wp-image-19090\" src=\"https:\/\/exaudi.org\/wp-content\/uploads\/2021\/05\/cq5dam.web_.800.800-1-4-300x200.jpeg\" alt=\"Audiencia general catequesis escuchados\" width=\"300\" height=\"200\" srcset=\"https:\/\/exaudi.org\/wp-content\/uploads\/2021\/05\/cq5dam.web_.800.800-1-4-300x200.jpeg 300w, https:\/\/exaudi.org\/wp-content\/uploads\/2021\/05\/cq5dam.web_.800.800-1-4-768x512.jpeg 768w, https:\/\/exaudi.org\/wp-content\/uploads\/2021\/05\/cq5dam.web_.800.800-1-4-150x100.jpeg 150w, https:\/\/exaudi.org\/wp-content\/uploads\/2021\/05\/cq5dam.web_.800.800-1-4-696x464.jpeg 696w, https:\/\/exaudi.org\/wp-content\/uploads\/2021\/05\/cq5dam.web_.800.800-1-4-630x420.jpeg 630w, https:\/\/exaudi.org\/wp-content\/uploads\/2021\/05\/cq5dam.web_.800.800-1-4.jpeg 800w\" sizes=\"auto, (max-width: 300px) 100vw, 300px\" \/><\/p>\n<h4><strong>\u00bfPor qu\u00e9 Dios no responde?<\/strong><\/h4>\n<p>Al comienzo de su catequesis, el Papa ha explicado que, tantas veces que hemos rezado por motivos nobles, por ejemplo las guerras o la enfermedad de un amigo, parece que la oraci\u00f3n no es escuchada: \u201cSi Dios es Padre, \u00bfpor qu\u00e9 no nos escucha? \u00c9l que ha asegurado que da cosas buenas a los hijos que se lo piden, \u00bfpor qu\u00e9 no responde a nuestras peticiones?\u201d.<\/p>\n<p>En esta l\u00ednea, ha asegurado que el Catecismo ofrece una \u201cbuena s\u00edntesis sobre la cuesti\u00f3n\u201d, ya que \u201cnos advierte del riesgo de no vivir una aut\u00e9ntica experiencia de fe, sino de transformar la relaci\u00f3n con Dios en algo m\u00e1gico\u201d. La oraci\u00f3n, prosigue, \u201cno es una varita m\u00e1gica: es un di\u00e1logo con el Se\u00f1or. De hecho, cuando rezamos podemos caer en el riesgo de no ser nosotros quienes servimos a Dios, sino pretender que sea \u00c9l quien nos sirva a nosotros\u201d.<\/p>\n<p>El mismo san Pablo, aclara el Pont\u00edfice, \u201cnos recuerda que nosotros no sabemos ni siquiera qu\u00e9 sea conveniente pedir. Nosotros pedimos por nuestras necesidades, las cosas que nosotros queremos, \u201c\u00bfpero esto es m\u00e1s conveniente o no?\u201d. Al rezar, insiste, \u201cdebemos ser humildes: esta es la primera actitud para ir a rezar (&#8230;) es Dios quien nos debe convertir, no somos nosotros los que debemos convertir a Dios\u201d.<\/p>\n<h4><strong>Los tiempos de Dios<\/strong><\/h4>\n<p><img loading=\"lazy\" decoding=\"async\" class=\"alignright size-medium wp-image-19093\" src=\"https:\/\/exaudi.org\/wp-content\/uploads\/2021\/05\/cq5dam.web_.800.800-5-2-300x200.jpeg\" alt=\"\" width=\"300\" height=\"200\" srcset=\"https:\/\/exaudi.org\/wp-content\/uploads\/2021\/05\/cq5dam.web_.800.800-5-2-300x200.jpeg 300w, https:\/\/exaudi.org\/wp-content\/uploads\/2021\/05\/cq5dam.web_.800.800-5-2-768x512.jpeg 768w, https:\/\/exaudi.org\/wp-content\/uploads\/2021\/05\/cq5dam.web_.800.800-5-2-150x100.jpeg 150w, https:\/\/exaudi.org\/wp-content\/uploads\/2021\/05\/cq5dam.web_.800.800-5-2-696x464.jpeg 696w, https:\/\/exaudi.org\/wp-content\/uploads\/2021\/05\/cq5dam.web_.800.800-5-2-630x420.jpeg 630w, https:\/\/exaudi.org\/wp-content\/uploads\/2021\/05\/cq5dam.web_.800.800-5-2.jpeg 800w\" sizes=\"auto, (max-width: 300px) 100vw, 300px\" \/><\/p>\n<p>Como respuesta al \u201cesc\u00e1ndalo\u201d que surge cuando uno reza con coraz\u00f3n sincero y parece que Dios no responda, Francisco propone \u201cmeditar con calma los Evangelios\u201d. La vida de Jes\u00fas, sostiene, \u201cest\u00e1n llenos de oraciones: muchas personas heridas en el cuerpo y en el esp\u00edritu le piden ser sanadas; est\u00e1 quien le pide por un amigo que ya no camina; hay padres y madres que le llevan hijos e hijas enfermos\u2026 Todas son oraciones impregnadas de sufrimiento\u201d.<\/p>\n<p>\u201cVemos que a veces la respuesta de Jes\u00fas es inmediata, sin embargo, en otros casos esta se difiere en el tiempo: parece que Dios no responde\u201d, subraya, e ilustra c\u00f3mo tambi\u00e9n nosotros tenemos esta experiencia: \u201cCu\u00e1ntas veces hemos pedido una gracia, un milagro, dig\u00e1moslo as\u00ed, y no ha sucedido nada. Despu\u00e9s, con el tiempo, las cosas se han arreglado, pero seg\u00fan el modo de Dios, el modo divino, no seg\u00fan lo que nosotros quer\u00edamos en ese momento. El tiempo de Dios no es nuestro tiempo\u201d.<\/p>\n<h4><strong>La oraci\u00f3n de Jes\u00fas<\/strong><\/h4>\n<p><img loading=\"lazy\" decoding=\"async\" class=\"alignleft size-medium wp-image-19096\" src=\"https:\/\/exaudi.org\/wp-content\/uploads\/2021\/05\/cq5dam.web_.800.800-7-2-300x200.jpeg\" alt=\"\" width=\"300\" height=\"200\" srcset=\"https:\/\/exaudi.org\/wp-content\/uploads\/2021\/05\/cq5dam.web_.800.800-7-2-300x200.jpeg 300w, https:\/\/exaudi.org\/wp-content\/uploads\/2021\/05\/cq5dam.web_.800.800-7-2-768x512.jpeg 768w, https:\/\/exaudi.org\/wp-content\/uploads\/2021\/05\/cq5dam.web_.800.800-7-2-150x100.jpeg 150w, https:\/\/exaudi.org\/wp-content\/uploads\/2021\/05\/cq5dam.web_.800.800-7-2-696x464.jpeg 696w, https:\/\/exaudi.org\/wp-content\/uploads\/2021\/05\/cq5dam.web_.800.800-7-2-630x420.jpeg 630w, https:\/\/exaudi.org\/wp-content\/uploads\/2021\/05\/cq5dam.web_.800.800-7-2.jpeg 800w\" sizes=\"auto, (max-width: 300px) 100vw, 300px\" \/><\/p>\n<p>El Obispo de Roma ha citado el pasaje en el que \u201cla oraci\u00f3n que el Se\u00f1or dirige al Padre en el Getseman\u00ed parece permanecer sin ser escuchada\u201d. Jes\u00fas \u201ctendr\u00e1 que beber hasta el fondo el c\u00e1liz de la Pasi\u00f3n. Pero el S\u00e1bado Santo no es el cap\u00edtulo final, porque al tercer d\u00eda, es decir el domingo, est\u00e1 la Resurrecci\u00f3n\u201d.<\/p>\n<p>\u201cEl mal es se\u00f1or del pen\u00faltimo d\u00eda: recordad bien esto. El mal nunca es un se\u00f1or del \u00faltimo d\u00eda, no: del pen\u00faltimo, el momento donde es m\u00e1s oscura la noche, precisamente antes de la aurora. All\u00ed, en el pen\u00faltimo d\u00eda est\u00e1 la tentaci\u00f3n donde el mal nos hace entender que ha vencido: &#8216;\u00bfhas visto?, \u00a1he vencido yo!&#8217;. El mal es se\u00f1or del pen\u00faltimo d\u00eda: el \u00faltimo d\u00eda est\u00e1 la resurrecci\u00f3n\u201d, concluye.<\/p>\n<p>A continuaci\u00f3n, sigue la catequesis completa del Sucesor de Pedro, ofrecida por la <a href=\"http:\/\/www.vatican.va\/news_services\/press\/index_sp.htm\" target=\"_blank\" rel=\"noopener noreferrer\">Oficina de Prensa de la Santa Sede.<\/a><\/p>\n<p>***<\/p>\n<h4><b>Catequesis 35. <i>La certeza de ser escuchados<\/i><\/b><\/h4>\n<p><i>Queridos hermanos y hermanas, \u00a1buenos d\u00edas!<\/i><\/p>\n<p><img loading=\"lazy\" decoding=\"async\" class=\"alignright size-medium wp-image-19099\" src=\"https:\/\/exaudi.org\/wp-content\/uploads\/2021\/05\/cq5dam.web_.800.800-8-2-300x300.jpeg\" alt=\"Audiencia general catequesis escuchados\" width=\"300\" height=\"300\" srcset=\"https:\/\/exaudi.org\/wp-content\/uploads\/2021\/05\/cq5dam.web_.800.800-8-2-300x300.jpeg 300w, https:\/\/exaudi.org\/wp-content\/uploads\/2021\/05\/cq5dam.web_.800.800-8-2-150x150.jpeg 150w, https:\/\/exaudi.org\/wp-content\/uploads\/2021\/05\/cq5dam.web_.800.800-8-2-768x768.jpeg 768w, https:\/\/exaudi.org\/wp-content\/uploads\/2021\/05\/cq5dam.web_.800.800-8-2-696x696.jpeg 696w, https:\/\/exaudi.org\/wp-content\/uploads\/2021\/05\/cq5dam.web_.800.800-8-2-420x420.jpeg 420w, https:\/\/exaudi.org\/wp-content\/uploads\/2021\/05\/cq5dam.web_.800.800-8-2.jpeg 800w\" sizes=\"auto, (max-width: 300px) 100vw, 300px\" \/><\/p>\n<p>Hay una contestaci\u00f3n radical a la oraci\u00f3n, que deriva de una observaci\u00f3n que todos hacemos: nosotros rezamos, pedimos, sin embargo, a veces parece que nuestras oraciones no son escuchadas: lo que hemos pedido \u2013 para nosotros o para otros \u2013 no sucede. Nosotros tenemos esta experiencia, muchas veces. Si adem\u00e1s el motivo por el que hemos rezado era noble (como puede ser la intercesi\u00f3n por la salud de un enfermo, o para que cese una guerra), el incumplimiento nos parece escandaloso. Por ejemplo, por las guerras: nosotros estamos rezando para que terminen las guerras, estas guerras en tantas partes del mundo, pensemos en Yemen, pensemos en Siria, pa\u00edses que est\u00e1n en guerra desde hace a\u00f1os, \u00a1a\u00f1os! Pa\u00edses atormentados por las guerras, nosotros rezamos y no terminan. \u00bfPero c\u00f3mo puede ser esto? \u201cHay quien deja de orar porque piensa que su oraci\u00f3n no es escuchada\u201d (<i><a href=\"https:\/\/www.vatican.va\/archive\/catechism_sp\/p4s1c3a2_sp.html#III%20La%20confianza%20filial\">Catecismo de la Iglesia Cat\u00f3lica<\/a><\/i>, n.2734) Pero si Dios es Padre, \u00bfpor qu\u00e9 no nos escucha? \u00c9l que ha asegurado que da cosas buenas a los hijos que se lo piden (cfr<i>. Mt<\/i>\u00a07,10), \u00bfpor qu\u00e9 no responde a nuestras peticiones? Todos nosotros tenemos experiencia de esto: hemos rezado, rezado, por la enfermedad de este amigo, de este pap\u00e1, de esta mam\u00e1 y despu\u00e9s se han ido, Dios no nos ha escuchado. Es una experiencia de todos nosotros.<\/p>\n<p>El\u00a0<i><a href=\"https:\/\/www.vatican.va\/archive\/catechism_sp\/p4s1c3a2_sp.html#III%20La%20confianza%20filial\">Catecismo<\/a><\/i> nos ofrece una buena s\u00edntesis sobre la cuesti\u00f3n. Nos advierte del riesgo de no vivir una aut\u00e9ntica experiencia de fe, sino de transformar la relaci\u00f3n con Dios en algo m\u00e1gico. La oraci\u00f3n no es una varita m\u00e1gica: es un di\u00e1logo con el Se\u00f1or. De hecho, cuando rezamos podemos caer en el riesgo de no ser nosotros quienes servimos a Dios, sino pretender que sea \u00c9l quien nos sirva a nosotros (cfr. n. 2735). He aqu\u00ed, pues, una oraci\u00f3n que siempre reclama, que quiere dirigir los sucesos seg\u00fan nuestro dise\u00f1o, que no admite otros proyectos si no nuestros deseos. Jes\u00fas sin embargo tuvo una gran sabidur\u00eda poniendo en nuestros labios el \u201cPadre nuestro\u201d. Es una oraci\u00f3n solo de peticiones, como sabemos, pero las primeras que pronunciamos est\u00e1n todas del lado de Dios. Piden que se cumpla no nuestro proyecto, sino su voluntad en relaci\u00f3n con el mundo. Mejor dejar hacer a \u00c9l: \u201cSea santificado tu nombre, venga tu Reino, h\u00e1gase tu voluntad\u201d (<i>Mt<\/i>\u00a06,9-10).<\/p>\n<p><img loading=\"lazy\" decoding=\"async\" class=\"alignleft size-medium wp-image-19104\" src=\"https:\/\/exaudi.org\/wp-content\/uploads\/2021\/05\/cq5dam.web_.800.800-10-1-300x200.jpeg\" alt=\"\" width=\"300\" height=\"200\" srcset=\"https:\/\/exaudi.org\/wp-content\/uploads\/2021\/05\/cq5dam.web_.800.800-10-1-300x200.jpeg 300w, https:\/\/exaudi.org\/wp-content\/uploads\/2021\/05\/cq5dam.web_.800.800-10-1-768x512.jpeg 768w, https:\/\/exaudi.org\/wp-content\/uploads\/2021\/05\/cq5dam.web_.800.800-10-1-150x100.jpeg 150w, https:\/\/exaudi.org\/wp-content\/uploads\/2021\/05\/cq5dam.web_.800.800-10-1-696x464.jpeg 696w, https:\/\/exaudi.org\/wp-content\/uploads\/2021\/05\/cq5dam.web_.800.800-10-1-630x420.jpeg 630w, https:\/\/exaudi.org\/wp-content\/uploads\/2021\/05\/cq5dam.web_.800.800-10-1.jpeg 800w\" sizes=\"auto, (max-width: 300px) 100vw, 300px\" \/><\/p>\n<p>Y el ap\u00f3stol Pablo nos recuerda que nosotros no sabemos ni siquiera qu\u00e9 sea conveniente pedir (cfr.\u00a0<i>Rm<\/i>\u00a08,26). Nosotros pedimos por nuestras necesidades, las cosas que nosotros queremos, \u201c\u00bfpero esto es m\u00e1s conveniente o no?\u201d. Pablo nos dice: nosotros ni siquiera sabemos qu\u00e9 es conveniente pedir. \u00a0Cuando rezamos debemos ser humildes: esta es la primera actitud para ir a rezar. As\u00ed como est\u00e1 la costumbre en muchos lugares que, para ir a rezar a la iglesia, las mujeres se ponen el velo o se toma el agua bendita para empezar a rezar, as\u00ed debemos decirnos, antes de la oraci\u00f3n, lo que sea m\u00e1s conveniente, que Dios me d\u00e9 lo que sea m\u00e1s conveniente: \u00c9l sabe. Cuando rezamos tenemos que ser humildes, para que nuestras palabras sean efectivamente oraciones y no un vaniloquio que Dios rechaza. Se puede tambi\u00e9n rezar por motivos equivocados: por ejemplo, derrotar el enemigo en guerra, sin preguntarnos qu\u00e9 piensa Dios de esa guerra. Es f\u00e1cil escribir en un estandarte \u201cDios est\u00e1 con nosotros\u201d; muchos est\u00e1n ansiosos por asegurar que Dios est\u00e1 con ellos, pero pocos se preocupan por verificar si ellos est\u00e1n efectivamente con Dios. En la oraci\u00f3n, es Dios quien nos debe convertir, no somos nosotros los que debemos convertir a Dios. Es la humildad. Yo voy a rezar pero T\u00fa, Se\u00f1or, convierte mi coraz\u00f3n para que pida lo que es conveniente, pida lo que sea mejor para mi salud espiritual.<\/p>\n<p>Sin embargo, un esc\u00e1ndalo permanece: cuando los hombres rezan con coraz\u00f3n sincero, cuando piden bienes que corresponden al Reino de Dios, cuando una madre reza por el hijo enfermo, \u00bfpor qu\u00e9 a veces parece que Dios no escucha? Para responder a esta pregunta, es necesario meditar con calma los Evangelios. Los pasajes de la vida de Jes\u00fas est\u00e1n llenos de oraciones: muchas personas heridas en el cuerpo y en el esp\u00edritu le piden ser sanadas; est\u00e1 quien le pide por un amigo que ya no camina; hay padres y madres que le llevan hijos e hijas enfermos\u2026 Todas son oraciones impregnadas de sufrimiento. Es un coro inmenso que invoca: \u201c\u00a1Ten piedad de nosotros!\u201d.<\/p>\n<p><img loading=\"lazy\" decoding=\"async\" class=\"alignright size-medium wp-image-19108\" src=\"https:\/\/exaudi.org\/wp-content\/uploads\/2021\/05\/cq5dam.web_.800.800-11-1-300x200.jpeg\" alt=\"Audiencia general catequesis escuchados\" width=\"300\" height=\"200\" srcset=\"https:\/\/exaudi.org\/wp-content\/uploads\/2021\/05\/cq5dam.web_.800.800-11-1-300x200.jpeg 300w, https:\/\/exaudi.org\/wp-content\/uploads\/2021\/05\/cq5dam.web_.800.800-11-1-768x512.jpeg 768w, https:\/\/exaudi.org\/wp-content\/uploads\/2021\/05\/cq5dam.web_.800.800-11-1-150x100.jpeg 150w, https:\/\/exaudi.org\/wp-content\/uploads\/2021\/05\/cq5dam.web_.800.800-11-1-696x464.jpeg 696w, https:\/\/exaudi.org\/wp-content\/uploads\/2021\/05\/cq5dam.web_.800.800-11-1-630x420.jpeg 630w, https:\/\/exaudi.org\/wp-content\/uploads\/2021\/05\/cq5dam.web_.800.800-11-1.jpeg 800w\" sizes=\"auto, (max-width: 300px) 100vw, 300px\" \/><\/p>\n<p>Vemos que a veces la respuesta de Jes\u00fas es inmediata, sin embargo, en otros casos esta se difiere en el tiempo: parece que Dios no responde. Pensemos en la mujer cananea que suplica a Jes\u00fas por la hija: esta mujer debe insistir mucho tiempo para ser escuchada (cfr.\u00a0<i>Mt<\/i>\u00a015,21-28). Tiene tambi\u00e9n la humildad de escuchar una palabra de Jes\u00fas que parece un poco ofensiva de Jes\u00fas: no tenemos que tirar el pan a los perros, a los perritos. Pero a esta mujer no le importa la humillaci\u00f3n: le importa la salud de la hija. Y va adelante: \u201cS\u00ed, tambi\u00e9n los perritos comen de lo que cae de la mesa\u201d, y esto le gusta a Jes\u00fas. La valent\u00eda en la oraci\u00f3n. O pensemos tambi\u00e9n en el paral\u00edtico llevado por sus cuatro amigos: inicialmente Jes\u00fas perdona sus pecados y tan solo en un segundo momento lo sana en el cuerpo (cfr<i>. Mc<\/i>\u00a02,1-12). Por tanto, en alguna ocasi\u00f3n la soluci\u00f3n del drama no es inmediata. Tambi\u00e9n en nuestra vida, cada uno de nosotros tiene esta experiencia. Tenemos un poco de memoria: cu\u00e1ntas veces hemos pedido una gracia, un milagro, dig\u00e1moslo as\u00ed, y no ha sucedido nada. Despu\u00e9s, con el tiempo, las cosas se han arreglado, pero seg\u00fan el modo de Dios, el modo divino, no seg\u00fan lo que nosotros quer\u00edamos en ese momento. El tiempo de Dios no es nuestro tiempo.<\/p>\n<p>Desde este punto de vista, merece atenci\u00f3n sobre todo la sanaci\u00f3n de la hija de Jairo (cfr.\u00a0<i>Mc<\/i> 5,21-33). Hay un padre que corre sin aliento: su hija est\u00e1 mal y por este motivo pide la ayuda de Jes\u00fas. El Maestro acepta enseguida, pero mientras van hacia la casa tiene lugar otra sanaci\u00f3n, y despu\u00e9s llega la noticia de que la ni\u00f1a est\u00e1 muerta. Parece el final, pero Jes\u00fas dice al padre: \u201cNo temas; solamente ten fe\u201d (<i>Mc<\/i>\u00a05,36). \u201cSigue teniendo fe\u201d: porque la fe sostiene la oraci\u00f3n. Y de hecho, Jes\u00fas despertar\u00e1 a esa ni\u00f1a del sue\u00f1o de la muerte. Pero por un cierto tiempo, Jairo ha tenido que caminar a oscuras, con la \u00fanica llama de la fe. \u00a1Se\u00f1or, dame la fe! \u00a1Que mi fe crezca! Pedir esta gracia, de tener fe. Jes\u00fas, en el Evangelio, dice que la fe mueve monta\u00f1as. Pero, tener la fe en serio. Jes\u00fas, delante de la fe de sus pobres, de sus hombres, cae vencido, siente una ternura especial, delante de esa fe. Y escucha.<\/p>\n<p><img loading=\"lazy\" decoding=\"async\" class=\"alignleft size-medium wp-image-19113\" src=\"https:\/\/exaudi.org\/wp-content\/uploads\/2021\/05\/cq5dam.web_.800.800-16-300x200.jpeg\" alt=\"Audiencia general catequesis escuchados\" width=\"300\" height=\"200\" srcset=\"https:\/\/exaudi.org\/wp-content\/uploads\/2021\/05\/cq5dam.web_.800.800-16-300x200.jpeg 300w, https:\/\/exaudi.org\/wp-content\/uploads\/2021\/05\/cq5dam.web_.800.800-16-768x512.jpeg 768w, https:\/\/exaudi.org\/wp-content\/uploads\/2021\/05\/cq5dam.web_.800.800-16-150x100.jpeg 150w, https:\/\/exaudi.org\/wp-content\/uploads\/2021\/05\/cq5dam.web_.800.800-16-696x464.jpeg 696w, https:\/\/exaudi.org\/wp-content\/uploads\/2021\/05\/cq5dam.web_.800.800-16-630x420.jpeg 630w, https:\/\/exaudi.org\/wp-content\/uploads\/2021\/05\/cq5dam.web_.800.800-16.jpeg 800w\" sizes=\"auto, (max-width: 300px) 100vw, 300px\" \/><\/p>\n<p>Tambi\u00e9n la oraci\u00f3n que Jes\u00fas dirige al Padre en el Getseman\u00ed parece permanecer sin ser escuchada: \u201cPadre, si es posible, aleja de m\u00ed esto que me espera\u201d. Parece que el Padre no lo ha escuchado. El Hijo tendr\u00e1 que beber hasta el fondo el c\u00e1liz de la Pasi\u00f3n. Pero el S\u00e1bado Santo no es el cap\u00edtulo final, porque al tercer d\u00eda, es decir el domingo, est\u00e1 la resurrecci\u00f3n. El mal es se\u00f1or del pen\u00faltimo d\u00eda: recordad bien esto. El mal nunca es un se\u00f1or del \u00faltimo d\u00eda, no: del pen\u00faltimo, el momento donde es m\u00e1s oscura la noche, precisamente antes de la aurora. All\u00ed, en el pen\u00faltimo d\u00eda est\u00e1 la tentaci\u00f3n donde el mal nos hace entender que ha vencido: \u201c\u00bfhas visto?, \u00a1he vencido yo!\u201d. El mal es se\u00f1or del pen\u00faltimo d\u00eda: el \u00faltimo d\u00eda est\u00e1 la resurrecci\u00f3n. Pero el mal nunca es se\u00f1or del \u00faltimo d\u00eda: Dios es el Se\u00f1or del \u00faltimo d\u00eda. Porque ese pertenece solo a Dios, y es el d\u00eda en el que se cumplir\u00e1n todos los anhelos humanos de salvaci\u00f3n. Aprendamos esta paciencia humilde de esperar la gracia del Se\u00f1or, esperar el \u00faltimo d\u00eda. Muchas veces, el pen\u00faltimo d\u00eda es muy feo, porque los sufrimientos humanos son feos. Pero el Se\u00f1or est\u00e1 y en el \u00faltimo d\u00eda \u00c9l resuelve todo.<\/p>\n<p><strong>\u00a9 Librer\u00eda Editora Vaticana<\/strong><\/p>\n","protected":false},"excerpt":{"rendered":"<p>Texto completo<\/p>\n","protected":false},"author":6,"featured_media":19118,"comment_status":"closed","ping_status":"closed","sticky":false,"template":"","format":"standard","meta":{"_acf_changed":false,"_crdt_document":"","inline_featured_image":false,"footnotes":""},"categories":[112,298],"tags":[179,182,676,158],"class_list":["post-19057","post","type-post","status-publish","format-standard","has-post-thumbnail","hentry","category-audiencia-general","category-ultimas-noticias","tag-audiencia-general","tag-catequesis","tag-oracion","tag-papa-francisco"],"acf":[],"yoast_head":"<!-- This site is optimized with the Yoast SEO plugin v27.5 - https:\/\/yoast.com\/product\/yoast-seo-wordpress\/ -->\n<title>Catequesis del Papa: \u201cLa certeza de ser escuchados\u201d - Exaudi<\/title>\n<meta name=\"description\" content=\"En la catequesis de la Audiencia general de esta ma\u00f1ana, el Papa ha explicado la experiencia de sentir no ser escuchados en la oraci\u00f3n.\" \/>\n<meta name=\"robots\" content=\"index, follow, max-snippet:-1, max-image-preview:large, max-video-preview:-1\" \/>\n<link rel=\"canonical\" href=\"https:\/\/exaudi.org\/es\/catequesis-papa-certeza-de-ser-escuchados-2021\/\" \/>\n<meta property=\"og:locale\" content=\"es_ES\" \/>\n<meta property=\"og:type\" content=\"article\" \/>\n<meta property=\"og:title\" content=\"Catequesis del Papa: \u201cLa certeza de ser escuchados\u201d - Exaudi\" \/>\n<meta property=\"og:description\" content=\"En la catequesis de la Audiencia general de esta ma\u00f1ana, el Papa ha explicado la experiencia de sentir no ser escuchados en la oraci\u00f3n.\" \/>\n<meta property=\"og:url\" content=\"https:\/\/exaudi.org\/es\/catequesis-papa-certeza-de-ser-escuchados-2021\/\" \/>\n<meta property=\"og:site_name\" content=\"Exaudi\" \/>\n<meta property=\"article:publisher\" content=\"https:\/\/www.facebook.com\/ExaudiNews\" \/>\n<meta property=\"article:published_time\" content=\"2021-05-26T10:28:48+00:00\" \/>\n<meta property=\"article:modified_time\" content=\"2021-05-27T14:10:15+00:00\" \/>\n<meta property=\"og:image\" content=\"https:\/\/exaudi.org\/wp-content\/uploads\/2021\/05\/c888.jpg\" \/>\n\t<meta property=\"og:image:width\" content=\"2277\" \/>\n\t<meta property=\"og:image:height\" content=\"1518\" \/>\n\t<meta property=\"og:image:type\" content=\"image\/jpeg\" \/>\n<meta name=\"author\" content=\"Gabriel Sales\" \/>\n<meta name=\"twitter:card\" content=\"summary_large_image\" \/>\n<meta name=\"twitter:creator\" content=\"@habemusman\" \/>\n<meta name=\"twitter:site\" content=\"@Exaudi_News\" \/>\n<meta name=\"twitter:label1\" content=\"Escrito por\" \/>\n\t<meta name=\"twitter:data1\" content=\"Gabriel Sales\" \/>\n\t<meta name=\"twitter:label2\" content=\"Tiempo de lectura\" \/>\n\t<meta name=\"twitter:data2\" content=\"11 minutos\" \/>\n<script type=\"application\/ld+json\" class=\"yoast-schema-graph\">{\"@context\":\"https:\\\/\\\/schema.org\",\"@graph\":[{\"@type\":\"Article\",\"@id\":\"https:\\\/\\\/exaudi.org\\\/es\\\/catequesis-papa-certeza-de-ser-escuchados-2021\\\/#article\",\"isPartOf\":{\"@id\":\"https:\\\/\\\/exaudi.org\\\/es\\\/catequesis-papa-certeza-de-ser-escuchados-2021\\\/\"},\"author\":{\"name\":\"Gabriel Sales\",\"@id\":\"https:\\\/\\\/exaudi.org\\\/#\\\/schema\\\/person\\\/d134b96438278131ce90c90c03fda6cd\"},\"headline\":\"Catequesis del Papa: \u201cLa certeza de ser escuchados\u201d\",\"datePublished\":\"2021-05-26T10:28:48+00:00\",\"dateModified\":\"2021-05-27T14:10:15+00:00\",\"mainEntityOfPage\":{\"@id\":\"https:\\\/\\\/exaudi.org\\\/es\\\/catequesis-papa-certeza-de-ser-escuchados-2021\\\/\"},\"wordCount\":2212,\"image\":{\"@id\":\"https:\\\/\\\/exaudi.org\\\/es\\\/catequesis-papa-certeza-de-ser-escuchados-2021\\\/#primaryimage\"},\"thumbnailUrl\":\"https:\\\/\\\/exaudi.org\\\/wp-content\\\/uploads\\\/2021\\\/05\\\/c888.jpg\",\"keywords\":[\"audiencia general\",\"catequesis\",\"Oraci\u00f3n\",\"papa francisco\"],\"articleSection\":[\"Audiencia General\",\"\u00daltimas noticias\"],\"inLanguage\":\"es\"},{\"@type\":\"WebPage\",\"@id\":\"https:\\\/\\\/exaudi.org\\\/es\\\/catequesis-papa-certeza-de-ser-escuchados-2021\\\/\",\"url\":\"https:\\\/\\\/exaudi.org\\\/es\\\/catequesis-papa-certeza-de-ser-escuchados-2021\\\/\",\"name\":\"Catequesis del Papa: \u201cLa certeza de ser escuchados\u201d - Exaudi\",\"isPartOf\":{\"@id\":\"https:\\\/\\\/exaudi.org\\\/#website\"},\"primaryImageOfPage\":{\"@id\":\"https:\\\/\\\/exaudi.org\\\/es\\\/catequesis-papa-certeza-de-ser-escuchados-2021\\\/#primaryimage\"},\"image\":{\"@id\":\"https:\\\/\\\/exaudi.org\\\/es\\\/catequesis-papa-certeza-de-ser-escuchados-2021\\\/#primaryimage\"},\"thumbnailUrl\":\"https:\\\/\\\/exaudi.org\\\/wp-content\\\/uploads\\\/2021\\\/05\\\/c888.jpg\",\"datePublished\":\"2021-05-26T10:28:48+00:00\",\"dateModified\":\"2021-05-27T14:10:15+00:00\",\"author\":{\"@id\":\"https:\\\/\\\/exaudi.org\\\/#\\\/schema\\\/person\\\/d134b96438278131ce90c90c03fda6cd\"},\"description\":\"En la catequesis de la Audiencia general de esta ma\u00f1ana, el Papa ha explicado la experiencia de sentir no ser escuchados en la oraci\u00f3n.\",\"breadcrumb\":{\"@id\":\"https:\\\/\\\/exaudi.org\\\/es\\\/catequesis-papa-certeza-de-ser-escuchados-2021\\\/#breadcrumb\"},\"inLanguage\":\"es\",\"potentialAction\":[{\"@type\":\"ReadAction\",\"target\":[\"https:\\\/\\\/exaudi.org\\\/es\\\/catequesis-papa-certeza-de-ser-escuchados-2021\\\/\"]}]},{\"@type\":\"ImageObject\",\"inLanguage\":\"es\",\"@id\":\"https:\\\/\\\/exaudi.org\\\/es\\\/catequesis-papa-certeza-de-ser-escuchados-2021\\\/#primaryimage\",\"url\":\"https:\\\/\\\/exaudi.org\\\/wp-content\\\/uploads\\\/2021\\\/05\\\/c888.jpg\",\"contentUrl\":\"https:\\\/\\\/exaudi.org\\\/wp-content\\\/uploads\\\/2021\\\/05\\\/c888.jpg\",\"width\":2277,\"height\":1518,\"caption\":\"Audiencia general 26 mayo 2021 \u00a9 Vatican Media\"},{\"@type\":\"BreadcrumbList\",\"@id\":\"https:\\\/\\\/exaudi.org\\\/es\\\/catequesis-papa-certeza-de-ser-escuchados-2021\\\/#breadcrumb\",\"itemListElement\":[{\"@type\":\"ListItem\",\"position\":1,\"name\":\"Portada\",\"item\":\"https:\\\/\\\/exaudi.org\\\/es\\\/\"},{\"@type\":\"ListItem\",\"position\":2,\"name\":\"Catequesis del Papa: \u201cLa certeza de ser escuchados\u201d\"}]},{\"@type\":\"WebSite\",\"@id\":\"https:\\\/\\\/exaudi.org\\\/#website\",\"url\":\"https:\\\/\\\/exaudi.org\\\/\",\"name\":\"Exaudi\",\"description\":\"News\",\"potentialAction\":[{\"@type\":\"SearchAction\",\"target\":{\"@type\":\"EntryPoint\",\"urlTemplate\":\"https:\\\/\\\/exaudi.org\\\/?s={search_term_string}\"},\"query-input\":{\"@type\":\"PropertyValueSpecification\",\"valueRequired\":true,\"valueName\":\"search_term_string\"}}],\"inLanguage\":\"es\"},{\"@type\":\"Person\",\"@id\":\"https:\\\/\\\/exaudi.org\\\/#\\\/schema\\\/person\\\/d134b96438278131ce90c90c03fda6cd\",\"name\":\"Gabriel Sales\",\"image\":{\"@type\":\"ImageObject\",\"inLanguage\":\"es\",\"@id\":\"https:\\\/\\\/secure.gravatar.com\\\/avatar\\\/9b1269566f6a063ed26ffb3532b66a373cdde231ce5d0effb266167437fdaffd?s=96&d=mm&r=g\",\"url\":\"https:\\\/\\\/secure.gravatar.com\\\/avatar\\\/9b1269566f6a063ed26ffb3532b66a373cdde231ce5d0effb266167437fdaffd?s=96&d=mm&r=g\",\"contentUrl\":\"https:\\\/\\\/secure.gravatar.com\\\/avatar\\\/9b1269566f6a063ed26ffb3532b66a373cdde231ce5d0effb266167437fdaffd?s=96&d=mm&r=g\",\"caption\":\"Gabriel Sales\"},\"description\":\"Periodista y especialista en Comunicaci\u00f3n y Branding digital. Cin\u00e9filo y cr\u00edtico de cine y series de televisi\u00f3n.\",\"sameAs\":[\"https:\\\/\\\/www.instagram.com\\\/cine90segundos\\\/\",\"www.linkedin.com\\\/in\\\/habemusman\",\"https:\\\/\\\/x.com\\\/habemusman\",\"https:\\\/\\\/www.youtube.com\\\/channel\\\/UCVfCiOMkJ_C7T7OpyjuaLDg\"],\"url\":\"https:\\\/\\\/exaudi.org\\\/es\\\/author\\\/gsalesexaudi-org\\\/\"}]}<\/script>\n<!-- \/ Yoast SEO plugin. -->","yoast_head_json":{"title":"Catequesis del Papa: \u201cLa certeza de ser escuchados\u201d - Exaudi","description":"En la catequesis de la Audiencia general de esta ma\u00f1ana, el Papa ha explicado la experiencia de sentir no ser escuchados en la oraci\u00f3n.","robots":{"index":"index","follow":"follow","max-snippet":"max-snippet:-1","max-image-preview":"max-image-preview:large","max-video-preview":"max-video-preview:-1"},"canonical":"https:\/\/exaudi.org\/es\/catequesis-papa-certeza-de-ser-escuchados-2021\/","og_locale":"es_ES","og_type":"article","og_title":"Catequesis del Papa: \u201cLa certeza de ser escuchados\u201d - Exaudi","og_description":"En la catequesis de la Audiencia general de esta ma\u00f1ana, el Papa ha explicado la experiencia de sentir no ser escuchados en la oraci\u00f3n.","og_url":"https:\/\/exaudi.org\/es\/catequesis-papa-certeza-de-ser-escuchados-2021\/","og_site_name":"Exaudi","article_publisher":"https:\/\/www.facebook.com\/ExaudiNews","article_published_time":"2021-05-26T10:28:48+00:00","article_modified_time":"2021-05-27T14:10:15+00:00","og_image":[{"width":2277,"height":1518,"url":"https:\/\/exaudi.org\/wp-content\/uploads\/2021\/05\/c888.jpg","type":"image\/jpeg"}],"author":"Gabriel Sales","twitter_card":"summary_large_image","twitter_creator":"@habemusman","twitter_site":"@Exaudi_News","twitter_misc":{"Escrito por":"Gabriel Sales","Tiempo de lectura":"11 minutos"},"schema":{"@context":"https:\/\/schema.org","@graph":[{"@type":"Article","@id":"https:\/\/exaudi.org\/es\/catequesis-papa-certeza-de-ser-escuchados-2021\/#article","isPartOf":{"@id":"https:\/\/exaudi.org\/es\/catequesis-papa-certeza-de-ser-escuchados-2021\/"},"author":{"name":"Gabriel Sales","@id":"https:\/\/exaudi.org\/#\/schema\/person\/d134b96438278131ce90c90c03fda6cd"},"headline":"Catequesis del Papa: \u201cLa certeza de ser escuchados\u201d","datePublished":"2021-05-26T10:28:48+00:00","dateModified":"2021-05-27T14:10:15+00:00","mainEntityOfPage":{"@id":"https:\/\/exaudi.org\/es\/catequesis-papa-certeza-de-ser-escuchados-2021\/"},"wordCount":2212,"image":{"@id":"https:\/\/exaudi.org\/es\/catequesis-papa-certeza-de-ser-escuchados-2021\/#primaryimage"},"thumbnailUrl":"https:\/\/exaudi.org\/wp-content\/uploads\/2021\/05\/c888.jpg","keywords":["audiencia general","catequesis","Oraci\u00f3n","papa francisco"],"articleSection":["Audiencia General","\u00daltimas noticias"],"inLanguage":"es"},{"@type":"WebPage","@id":"https:\/\/exaudi.org\/es\/catequesis-papa-certeza-de-ser-escuchados-2021\/","url":"https:\/\/exaudi.org\/es\/catequesis-papa-certeza-de-ser-escuchados-2021\/","name":"Catequesis del Papa: \u201cLa certeza de ser escuchados\u201d - Exaudi","isPartOf":{"@id":"https:\/\/exaudi.org\/#website"},"primaryImageOfPage":{"@id":"https:\/\/exaudi.org\/es\/catequesis-papa-certeza-de-ser-escuchados-2021\/#primaryimage"},"image":{"@id":"https:\/\/exaudi.org\/es\/catequesis-papa-certeza-de-ser-escuchados-2021\/#primaryimage"},"thumbnailUrl":"https:\/\/exaudi.org\/wp-content\/uploads\/2021\/05\/c888.jpg","datePublished":"2021-05-26T10:28:48+00:00","dateModified":"2021-05-27T14:10:15+00:00","author":{"@id":"https:\/\/exaudi.org\/#\/schema\/person\/d134b96438278131ce90c90c03fda6cd"},"description":"En la catequesis de la Audiencia general de esta ma\u00f1ana, el Papa ha explicado la experiencia de sentir no ser escuchados en la oraci\u00f3n.","breadcrumb":{"@id":"https:\/\/exaudi.org\/es\/catequesis-papa-certeza-de-ser-escuchados-2021\/#breadcrumb"},"inLanguage":"es","potentialAction":[{"@type":"ReadAction","target":["https:\/\/exaudi.org\/es\/catequesis-papa-certeza-de-ser-escuchados-2021\/"]}]},{"@type":"ImageObject","inLanguage":"es","@id":"https:\/\/exaudi.org\/es\/catequesis-papa-certeza-de-ser-escuchados-2021\/#primaryimage","url":"https:\/\/exaudi.org\/wp-content\/uploads\/2021\/05\/c888.jpg","contentUrl":"https:\/\/exaudi.org\/wp-content\/uploads\/2021\/05\/c888.jpg","width":2277,"height":1518,"caption":"Audiencia general 26 mayo 2021 \u00a9 Vatican Media"},{"@type":"BreadcrumbList","@id":"https:\/\/exaudi.org\/es\/catequesis-papa-certeza-de-ser-escuchados-2021\/#breadcrumb","itemListElement":[{"@type":"ListItem","position":1,"name":"Portada","item":"https:\/\/exaudi.org\/es\/"},{"@type":"ListItem","position":2,"name":"Catequesis del Papa: \u201cLa certeza de ser escuchados\u201d"}]},{"@type":"WebSite","@id":"https:\/\/exaudi.org\/#website","url":"https:\/\/exaudi.org\/","name":"Exaudi","description":"News","potentialAction":[{"@type":"SearchAction","target":{"@type":"EntryPoint","urlTemplate":"https:\/\/exaudi.org\/?s={search_term_string}"},"query-input":{"@type":"PropertyValueSpecification","valueRequired":true,"valueName":"search_term_string"}}],"inLanguage":"es"},{"@type":"Person","@id":"https:\/\/exaudi.org\/#\/schema\/person\/d134b96438278131ce90c90c03fda6cd","name":"Gabriel Sales","image":{"@type":"ImageObject","inLanguage":"es","@id":"https:\/\/secure.gravatar.com\/avatar\/9b1269566f6a063ed26ffb3532b66a373cdde231ce5d0effb266167437fdaffd?s=96&d=mm&r=g","url":"https:\/\/secure.gravatar.com\/avatar\/9b1269566f6a063ed26ffb3532b66a373cdde231ce5d0effb266167437fdaffd?s=96&d=mm&r=g","contentUrl":"https:\/\/secure.gravatar.com\/avatar\/9b1269566f6a063ed26ffb3532b66a373cdde231ce5d0effb266167437fdaffd?s=96&d=mm&r=g","caption":"Gabriel Sales"},"description":"Periodista y especialista en Comunicaci\u00f3n y Branding digital. Cin\u00e9filo y cr\u00edtico de cine y series de televisi\u00f3n.","sameAs":["https:\/\/www.instagram.com\/cine90segundos\/","www.linkedin.com\/in\/habemusman","https:\/\/x.com\/habemusman","https:\/\/www.youtube.com\/channel\/UCVfCiOMkJ_C7T7OpyjuaLDg"],"url":"https:\/\/exaudi.org\/es\/author\/gsalesexaudi-org\/"}]}},"jetpack_featured_media_url":"https:\/\/exaudi.org\/wp-content\/uploads\/2021\/05\/c888.jpg","jetpack_shortlink":"https:\/\/wp.me\/pgKjF2-4Xn","_links":{"self":[{"href":"https:\/\/exaudi.org\/es\/wp-json\/wp\/v2\/posts\/19057","targetHints":{"allow":["GET"]}}],"collection":[{"href":"https:\/\/exaudi.org\/es\/wp-json\/wp\/v2\/posts"}],"about":[{"href":"https:\/\/exaudi.org\/es\/wp-json\/wp\/v2\/types\/post"}],"author":[{"embeddable":true,"href":"https:\/\/exaudi.org\/es\/wp-json\/wp\/v2\/users\/6"}],"replies":[{"embeddable":true,"href":"https:\/\/exaudi.org\/es\/wp-json\/wp\/v2\/comments?post=19057"}],"version-history":[{"count":0,"href":"https:\/\/exaudi.org\/es\/wp-json\/wp\/v2\/posts\/19057\/revisions"}],"wp:featuredmedia":[{"embeddable":true,"href":"https:\/\/exaudi.org\/es\/wp-json\/wp\/v2\/media\/19118"}],"wp:attachment":[{"href":"https:\/\/exaudi.org\/es\/wp-json\/wp\/v2\/media?parent=19057"}],"wp:term":[{"taxonomy":"category","embeddable":true,"href":"https:\/\/exaudi.org\/es\/wp-json\/wp\/v2\/categories?post=19057"},{"taxonomy":"post_tag","embeddable":true,"href":"https:\/\/exaudi.org\/es\/wp-json\/wp\/v2\/tags?post=19057"}],"curies":[{"name":"wp","href":"https:\/\/api.w.org\/{rel}","templated":true}]}}