{"id":19047,"date":"2021-05-26T09:56:03","date_gmt":"2021-05-26T07:56:03","guid":{"rendered":"https:\/\/exaudi.org\/?p=19047"},"modified":"2021-05-27T10:54:27","modified_gmt":"2021-05-27T08:54:27","slug":"papa-francisco-es-verdad-que-dios-nos-escucha","status":"publish","type":"post","link":"https:\/\/exaudi.org\/es\/papa-francisco-es-verdad-que-dios-nos-escucha\/","title":{"rendered":"Papa Francisco: \u201c\u00bfEs verdad que Dios nos escucha?\u201d"},"content":{"rendered":"<p>En la<a href=\"https:\/\/exaudi.org\/es\/audiencia-general-catequesis-certeza-de-ser-escuchados\/\" target=\"_blank\" rel=\"noopener noreferrer\"> audiencia general<\/a> de esta ma\u00f1ana, el Papa Francisco ha reflexionado sobre \u201cuna dificultad que para muchos supone una verdadera piedra de tropiezo en su vida espiritual. \u00bfEs verdad que Dios nos escucha? Y si lo hace, \u00bfpor qu\u00e9 no obtengo lo que pido?\u201d.<\/p>\n<p>Hoy, 26 de mayo de 2021, el Santo Padre ha presidido la audiencia general en el patio San D\u00e1maso del <a href=\"http:\/\/www.vatican.va\/news_services\/press\/documentazione\/documents\/sp_ss_scv\/informazione_generale\/sp_ss_scv_info-generale_sp.html\" target=\"_blank\" rel=\"noopener noreferrer\">Palacio Apost\u00f3lico\u00a0vaticano<\/a>, transmitida en directo, de nuevo con fieles, adapt\u00e1ndose a las medidas de prevenci\u00f3n frente a la COVID-19, y ha seguido con el ciclo de catequesis sobre la oraci\u00f3n, centr\u00e1ndose en el tema \u201cLa certeza de ser escuchado\u201d.<\/p>\n<h4><b>Mirada limitada<\/b><\/h4>\n<p>El Pont\u00edfice ha expuesto dos respuestas a la cuesti\u00f3n de no saber si Dios escucha la oraci\u00f3n realizada. La primera y m\u00e1s obvia, \u201ces que nuestra mirada sobre las cosas es limitada y en la oraci\u00f3n deber\u00edamos intentar escuchar su voz y conformarnos a su designio de amor\u201d.<\/p>\n<p>\u201cEsta es la lecci\u00f3n del Padrenuestro que en sus tres primeras peticiones nos llama a ponernos de parte de Dios: para que se haga la voluntad de \u00c9l, venga su reino y sea santificado su nombre. Lo contrario ser\u00eda una suerte de magia que busca satisfacer los propios deseos, los propios intereses sin verificar si son o no conformes al proyecto de Dios\u201d, subraya.<\/p>\n<h4><b>Tiempos del Se\u00f1or<\/b><\/h4>\n<p>La segunda respuesta, prosigue el Papa, \u201ces m\u00e1s delicada, pues muchas personas rezan de forma humilde y piden cosas buenas, sin embargo, Dios no siempre responde en la forma que esperamos\u201d. Aqu\u00ed, destaca, \u201cpuede ser interesante fijarnos en la lecci\u00f3n que nos da el Evangelio. Jes\u00fas recibe muchas peticiones de multitud de fieles que se acercan a \u00c9l, a veces la respuesta es inmediata\u201d.<\/p>\n<p>En otras ocasiones, describe, \u201cel Se\u00f1or nos llama a la perseverancia, como a la mujer cananea que ped\u00eda por su hija, o a embarcarnos en un viaje de fe. Es el caso de Jairo, el jefe de la sinagoga, primero siente que Jes\u00fas se detiene para atender otra petici\u00f3n, despu\u00e9s recibe la noticia de que ya no hay esperanza\u201d.<\/p>\n<p>\u201cEn todas estas situaciones Jes\u00fas nos llama a crecer en la fe, de modo que sea esta virtud la que gu\u00ede nuestra oraci\u00f3n y todos nuestros deseos tengan como fin la mayor gloria de Dios\u201d, concluye.<\/p>\n<h4><strong>Dejarse guiar por el Esp\u00edritu<\/strong><\/h4>\n<p>En las peticiones realizadas en su habitual saludo a los peregrinos de lengua espa\u00f1ola, de Espa\u00f1a y Latinoam\u00e9rica, dirigiendo su mirada al p\u00fablico, el Papa ha citado especialmente a los fieles de M\u00e9xico, Per\u00fa y Venezuela. Les ha animado a \u201cdejarse guiar por el Esp\u00edritu que clama en nuestro interior &#8216;Abba, Padre&#8217;\u201d.<\/p>\n<p>Asimismo, ha exhortado a pedir \u201ccrecer en la fe, la esperanza y la caridad, para en todo y por todo buscar la gloria de Dios y la salvaci\u00f3n de los hombres\u201d.<\/p>\n","protected":false},"excerpt":{"rendered":"<p>Resumen en espa\u00f1ol<\/p>\n","protected":false},"author":6,"featured_media":19121,"comment_status":"closed","ping_status":"closed","sticky":false,"template":"","format":"standard","meta":{"_acf_changed":false,"_crdt_document":"","inline_featured_image":false,"footnotes":""},"categories":[112,298],"tags":[179,676,158],"class_list":["post-19047","post","type-post","status-publish","format-standard","has-post-thumbnail","hentry","category-audiencia-general","category-ultimas-noticias","tag-audiencia-general","tag-oracion","tag-papa-francisco"],"acf":[],"yoast_head":"<!-- This site is optimized with the Yoast SEO plugin v27.5 - https:\/\/yoast.com\/product\/yoast-seo-wordpress\/ -->\n<title>Papa Francisco: \u201c\u00bfEs verdad que Dios nos escucha?\u201d - Exaudi<\/title>\n<meta name=\"description\" content=\"En la audiencia general, el Papa Francisco ha reflexionado sobre una cuesti\u00f3n que entorpece la oraci\u00f3n, saber si Dios nos escucha o no.\" \/>\n<meta name=\"robots\" content=\"index, follow, max-snippet:-1, max-image-preview:large, max-video-preview:-1\" \/>\n<link rel=\"canonical\" href=\"https:\/\/exaudi.org\/es\/papa-francisco-es-verdad-que-dios-nos-escucha\/\" \/>\n<meta property=\"og:locale\" content=\"es_ES\" \/>\n<meta property=\"og:type\" content=\"article\" \/>\n<meta property=\"og:title\" content=\"Papa Francisco: \u201c\u00bfEs verdad que Dios nos escucha?\u201d - Exaudi\" \/>\n<meta property=\"og:description\" content=\"En la audiencia general, el Papa Francisco ha reflexionado sobre una cuesti\u00f3n que entorpece la oraci\u00f3n, saber si Dios nos escucha o no.\" \/>\n<meta property=\"og:url\" content=\"https:\/\/exaudi.org\/es\/papa-francisco-es-verdad-que-dios-nos-escucha\/\" \/>\n<meta property=\"og:site_name\" content=\"Exaudi\" \/>\n<meta property=\"article:publisher\" content=\"https:\/\/www.facebook.com\/ExaudiNews\" \/>\n<meta property=\"article:published_time\" content=\"2021-05-26T07:56:03+00:00\" \/>\n<meta property=\"article:modified_time\" content=\"2021-05-27T08:54:27+00:00\" \/>\n<meta property=\"og:image\" content=\"https:\/\/exaudi.org\/wp-content\/uploads\/2021\/05\/123c123c-scaled.jpg\" \/>\n\t<meta property=\"og:image:width\" content=\"2560\" \/>\n\t<meta property=\"og:image:height\" content=\"1706\" \/>\n\t<meta property=\"og:image:type\" content=\"image\/jpeg\" \/>\n<meta name=\"author\" content=\"Gabriel Sales\" \/>\n<meta name=\"twitter:card\" content=\"summary_large_image\" \/>\n<meta name=\"twitter:creator\" content=\"@habemusman\" \/>\n<meta name=\"twitter:site\" content=\"@Exaudi_News\" \/>\n<meta name=\"twitter:label1\" content=\"Escrito por\" \/>\n\t<meta name=\"twitter:data1\" content=\"Gabriel Sales\" \/>\n\t<meta name=\"twitter:label2\" content=\"Tiempo de lectura\" \/>\n\t<meta name=\"twitter:data2\" content=\"3 minutos\" \/>\n<script type=\"application\/ld+json\" class=\"yoast-schema-graph\">{\"@context\":\"https:\\\/\\\/schema.org\",\"@graph\":[{\"@type\":\"Article\",\"@id\":\"https:\\\/\\\/exaudi.org\\\/es\\\/papa-francisco-es-verdad-que-dios-nos-escucha\\\/#article\",\"isPartOf\":{\"@id\":\"https:\\\/\\\/exaudi.org\\\/es\\\/papa-francisco-es-verdad-que-dios-nos-escucha\\\/\"},\"author\":{\"name\":\"Gabriel Sales\",\"@id\":\"https:\\\/\\\/exaudi.org\\\/#\\\/schema\\\/person\\\/d134b96438278131ce90c90c03fda6cd\"},\"headline\":\"Papa Francisco: \u201c\u00bfEs verdad que Dios nos escucha?\u201d\",\"datePublished\":\"2021-05-26T07:56:03+00:00\",\"dateModified\":\"2021-05-27T08:54:27+00:00\",\"mainEntityOfPage\":{\"@id\":\"https:\\\/\\\/exaudi.org\\\/es\\\/papa-francisco-es-verdad-que-dios-nos-escucha\\\/\"},\"wordCount\":510,\"image\":{\"@id\":\"https:\\\/\\\/exaudi.org\\\/es\\\/papa-francisco-es-verdad-que-dios-nos-escucha\\\/#primaryimage\"},\"thumbnailUrl\":\"https:\\\/\\\/exaudi.org\\\/wp-content\\\/uploads\\\/2021\\\/05\\\/123c123c-scaled.jpg\",\"keywords\":[\"audiencia general\",\"Oraci\u00f3n\",\"papa francisco\"],\"articleSection\":[\"Audiencia General\",\"\u00daltimas noticias\"],\"inLanguage\":\"es\"},{\"@type\":\"WebPage\",\"@id\":\"https:\\\/\\\/exaudi.org\\\/es\\\/papa-francisco-es-verdad-que-dios-nos-escucha\\\/\",\"url\":\"https:\\\/\\\/exaudi.org\\\/es\\\/papa-francisco-es-verdad-que-dios-nos-escucha\\\/\",\"name\":\"Papa Francisco: \u201c\u00bfEs verdad que Dios nos escucha?\u201d - Exaudi\",\"isPartOf\":{\"@id\":\"https:\\\/\\\/exaudi.org\\\/#website\"},\"primaryImageOfPage\":{\"@id\":\"https:\\\/\\\/exaudi.org\\\/es\\\/papa-francisco-es-verdad-que-dios-nos-escucha\\\/#primaryimage\"},\"image\":{\"@id\":\"https:\\\/\\\/exaudi.org\\\/es\\\/papa-francisco-es-verdad-que-dios-nos-escucha\\\/#primaryimage\"},\"thumbnailUrl\":\"https:\\\/\\\/exaudi.org\\\/wp-content\\\/uploads\\\/2021\\\/05\\\/123c123c-scaled.jpg\",\"datePublished\":\"2021-05-26T07:56:03+00:00\",\"dateModified\":\"2021-05-27T08:54:27+00:00\",\"author\":{\"@id\":\"https:\\\/\\\/exaudi.org\\\/#\\\/schema\\\/person\\\/d134b96438278131ce90c90c03fda6cd\"},\"description\":\"En la audiencia general, el Papa Francisco ha reflexionado sobre una cuesti\u00f3n que entorpece la oraci\u00f3n, saber si Dios nos escucha o no.\",\"breadcrumb\":{\"@id\":\"https:\\\/\\\/exaudi.org\\\/es\\\/papa-francisco-es-verdad-que-dios-nos-escucha\\\/#breadcrumb\"},\"inLanguage\":\"es\",\"potentialAction\":[{\"@type\":\"ReadAction\",\"target\":[\"https:\\\/\\\/exaudi.org\\\/es\\\/papa-francisco-es-verdad-que-dios-nos-escucha\\\/\"]}]},{\"@type\":\"ImageObject\",\"inLanguage\":\"es\",\"@id\":\"https:\\\/\\\/exaudi.org\\\/es\\\/papa-francisco-es-verdad-que-dios-nos-escucha\\\/#primaryimage\",\"url\":\"https:\\\/\\\/exaudi.org\\\/wp-content\\\/uploads\\\/2021\\\/05\\\/123c123c-scaled.jpg\",\"contentUrl\":\"https:\\\/\\\/exaudi.org\\\/wp-content\\\/uploads\\\/2021\\\/05\\\/123c123c-scaled.jpg\",\"width\":2560,\"height\":1706,\"caption\":\"Audiencia general 26 mayo 2021 \u00a9 Vatican Media\"},{\"@type\":\"BreadcrumbList\",\"@id\":\"https:\\\/\\\/exaudi.org\\\/es\\\/papa-francisco-es-verdad-que-dios-nos-escucha\\\/#breadcrumb\",\"itemListElement\":[{\"@type\":\"ListItem\",\"position\":1,\"name\":\"Portada\",\"item\":\"https:\\\/\\\/exaudi.org\\\/es\\\/\"},{\"@type\":\"ListItem\",\"position\":2,\"name\":\"Papa Francisco: \u201c\u00bfEs verdad que Dios nos escucha?\u201d\"}]},{\"@type\":\"WebSite\",\"@id\":\"https:\\\/\\\/exaudi.org\\\/#website\",\"url\":\"https:\\\/\\\/exaudi.org\\\/\",\"name\":\"Exaudi\",\"description\":\"News\",\"potentialAction\":[{\"@type\":\"SearchAction\",\"target\":{\"@type\":\"EntryPoint\",\"urlTemplate\":\"https:\\\/\\\/exaudi.org\\\/?s={search_term_string}\"},\"query-input\":{\"@type\":\"PropertyValueSpecification\",\"valueRequired\":true,\"valueName\":\"search_term_string\"}}],\"inLanguage\":\"es\"},{\"@type\":\"Person\",\"@id\":\"https:\\\/\\\/exaudi.org\\\/#\\\/schema\\\/person\\\/d134b96438278131ce90c90c03fda6cd\",\"name\":\"Gabriel Sales\",\"image\":{\"@type\":\"ImageObject\",\"inLanguage\":\"es\",\"@id\":\"https:\\\/\\\/secure.gravatar.com\\\/avatar\\\/9b1269566f6a063ed26ffb3532b66a373cdde231ce5d0effb266167437fdaffd?s=96&d=mm&r=g\",\"url\":\"https:\\\/\\\/secure.gravatar.com\\\/avatar\\\/9b1269566f6a063ed26ffb3532b66a373cdde231ce5d0effb266167437fdaffd?s=96&d=mm&r=g\",\"contentUrl\":\"https:\\\/\\\/secure.gravatar.com\\\/avatar\\\/9b1269566f6a063ed26ffb3532b66a373cdde231ce5d0effb266167437fdaffd?s=96&d=mm&r=g\",\"caption\":\"Gabriel Sales\"},\"description\":\"Periodista y especialista en Comunicaci\u00f3n y Branding digital. Cin\u00e9filo y cr\u00edtico de cine y series de televisi\u00f3n.\",\"sameAs\":[\"https:\\\/\\\/www.instagram.com\\\/cine90segundos\\\/\",\"www.linkedin.com\\\/in\\\/habemusman\",\"https:\\\/\\\/x.com\\\/habemusman\",\"https:\\\/\\\/www.youtube.com\\\/channel\\\/UCVfCiOMkJ_C7T7OpyjuaLDg\"],\"url\":\"https:\\\/\\\/exaudi.org\\\/es\\\/author\\\/gsalesexaudi-org\\\/\"}]}<\/script>\n<!-- \/ Yoast SEO plugin. -->","yoast_head_json":{"title":"Papa Francisco: \u201c\u00bfEs verdad que Dios nos escucha?\u201d - Exaudi","description":"En la audiencia general, el Papa Francisco ha reflexionado sobre una cuesti\u00f3n que entorpece la oraci\u00f3n, saber si Dios nos escucha o no.","robots":{"index":"index","follow":"follow","max-snippet":"max-snippet:-1","max-image-preview":"max-image-preview:large","max-video-preview":"max-video-preview:-1"},"canonical":"https:\/\/exaudi.org\/es\/papa-francisco-es-verdad-que-dios-nos-escucha\/","og_locale":"es_ES","og_type":"article","og_title":"Papa Francisco: \u201c\u00bfEs verdad que Dios nos escucha?\u201d - Exaudi","og_description":"En la audiencia general, el Papa Francisco ha reflexionado sobre una cuesti\u00f3n que entorpece la oraci\u00f3n, saber si Dios nos escucha o no.","og_url":"https:\/\/exaudi.org\/es\/papa-francisco-es-verdad-que-dios-nos-escucha\/","og_site_name":"Exaudi","article_publisher":"https:\/\/www.facebook.com\/ExaudiNews","article_published_time":"2021-05-26T07:56:03+00:00","article_modified_time":"2021-05-27T08:54:27+00:00","og_image":[{"width":2560,"height":1706,"url":"https:\/\/exaudi.org\/wp-content\/uploads\/2021\/05\/123c123c-scaled.jpg","type":"image\/jpeg"}],"author":"Gabriel Sales","twitter_card":"summary_large_image","twitter_creator":"@habemusman","twitter_site":"@Exaudi_News","twitter_misc":{"Escrito por":"Gabriel Sales","Tiempo de lectura":"3 minutos"},"schema":{"@context":"https:\/\/schema.org","@graph":[{"@type":"Article","@id":"https:\/\/exaudi.org\/es\/papa-francisco-es-verdad-que-dios-nos-escucha\/#article","isPartOf":{"@id":"https:\/\/exaudi.org\/es\/papa-francisco-es-verdad-que-dios-nos-escucha\/"},"author":{"name":"Gabriel Sales","@id":"https:\/\/exaudi.org\/#\/schema\/person\/d134b96438278131ce90c90c03fda6cd"},"headline":"Papa Francisco: \u201c\u00bfEs verdad que Dios nos escucha?\u201d","datePublished":"2021-05-26T07:56:03+00:00","dateModified":"2021-05-27T08:54:27+00:00","mainEntityOfPage":{"@id":"https:\/\/exaudi.org\/es\/papa-francisco-es-verdad-que-dios-nos-escucha\/"},"wordCount":510,"image":{"@id":"https:\/\/exaudi.org\/es\/papa-francisco-es-verdad-que-dios-nos-escucha\/#primaryimage"},"thumbnailUrl":"https:\/\/exaudi.org\/wp-content\/uploads\/2021\/05\/123c123c-scaled.jpg","keywords":["audiencia general","Oraci\u00f3n","papa francisco"],"articleSection":["Audiencia General","\u00daltimas noticias"],"inLanguage":"es"},{"@type":"WebPage","@id":"https:\/\/exaudi.org\/es\/papa-francisco-es-verdad-que-dios-nos-escucha\/","url":"https:\/\/exaudi.org\/es\/papa-francisco-es-verdad-que-dios-nos-escucha\/","name":"Papa Francisco: \u201c\u00bfEs verdad que Dios nos escucha?\u201d - Exaudi","isPartOf":{"@id":"https:\/\/exaudi.org\/#website"},"primaryImageOfPage":{"@id":"https:\/\/exaudi.org\/es\/papa-francisco-es-verdad-que-dios-nos-escucha\/#primaryimage"},"image":{"@id":"https:\/\/exaudi.org\/es\/papa-francisco-es-verdad-que-dios-nos-escucha\/#primaryimage"},"thumbnailUrl":"https:\/\/exaudi.org\/wp-content\/uploads\/2021\/05\/123c123c-scaled.jpg","datePublished":"2021-05-26T07:56:03+00:00","dateModified":"2021-05-27T08:54:27+00:00","author":{"@id":"https:\/\/exaudi.org\/#\/schema\/person\/d134b96438278131ce90c90c03fda6cd"},"description":"En la audiencia general, el Papa Francisco ha reflexionado sobre una cuesti\u00f3n que entorpece la oraci\u00f3n, saber si Dios nos escucha o no.","breadcrumb":{"@id":"https:\/\/exaudi.org\/es\/papa-francisco-es-verdad-que-dios-nos-escucha\/#breadcrumb"},"inLanguage":"es","potentialAction":[{"@type":"ReadAction","target":["https:\/\/exaudi.org\/es\/papa-francisco-es-verdad-que-dios-nos-escucha\/"]}]},{"@type":"ImageObject","inLanguage":"es","@id":"https:\/\/exaudi.org\/es\/papa-francisco-es-verdad-que-dios-nos-escucha\/#primaryimage","url":"https:\/\/exaudi.org\/wp-content\/uploads\/2021\/05\/123c123c-scaled.jpg","contentUrl":"https:\/\/exaudi.org\/wp-content\/uploads\/2021\/05\/123c123c-scaled.jpg","width":2560,"height":1706,"caption":"Audiencia general 26 mayo 2021 \u00a9 Vatican Media"},{"@type":"BreadcrumbList","@id":"https:\/\/exaudi.org\/es\/papa-francisco-es-verdad-que-dios-nos-escucha\/#breadcrumb","itemListElement":[{"@type":"ListItem","position":1,"name":"Portada","item":"https:\/\/exaudi.org\/es\/"},{"@type":"ListItem","position":2,"name":"Papa Francisco: \u201c\u00bfEs verdad que Dios nos escucha?\u201d"}]},{"@type":"WebSite","@id":"https:\/\/exaudi.org\/#website","url":"https:\/\/exaudi.org\/","name":"Exaudi","description":"News","potentialAction":[{"@type":"SearchAction","target":{"@type":"EntryPoint","urlTemplate":"https:\/\/exaudi.org\/?s={search_term_string}"},"query-input":{"@type":"PropertyValueSpecification","valueRequired":true,"valueName":"search_term_string"}}],"inLanguage":"es"},{"@type":"Person","@id":"https:\/\/exaudi.org\/#\/schema\/person\/d134b96438278131ce90c90c03fda6cd","name":"Gabriel Sales","image":{"@type":"ImageObject","inLanguage":"es","@id":"https:\/\/secure.gravatar.com\/avatar\/9b1269566f6a063ed26ffb3532b66a373cdde231ce5d0effb266167437fdaffd?s=96&d=mm&r=g","url":"https:\/\/secure.gravatar.com\/avatar\/9b1269566f6a063ed26ffb3532b66a373cdde231ce5d0effb266167437fdaffd?s=96&d=mm&r=g","contentUrl":"https:\/\/secure.gravatar.com\/avatar\/9b1269566f6a063ed26ffb3532b66a373cdde231ce5d0effb266167437fdaffd?s=96&d=mm&r=g","caption":"Gabriel Sales"},"description":"Periodista y especialista en Comunicaci\u00f3n y Branding digital. Cin\u00e9filo y cr\u00edtico de cine y series de televisi\u00f3n.","sameAs":["https:\/\/www.instagram.com\/cine90segundos\/","www.linkedin.com\/in\/habemusman","https:\/\/x.com\/habemusman","https:\/\/www.youtube.com\/channel\/UCVfCiOMkJ_C7T7OpyjuaLDg"],"url":"https:\/\/exaudi.org\/es\/author\/gsalesexaudi-org\/"}]}},"jetpack_featured_media_url":"https:\/\/exaudi.org\/wp-content\/uploads\/2021\/05\/123c123c-scaled.jpg","jetpack_shortlink":"https:\/\/wp.me\/pgKjF2-4Xd","_links":{"self":[{"href":"https:\/\/exaudi.org\/es\/wp-json\/wp\/v2\/posts\/19047","targetHints":{"allow":["GET"]}}],"collection":[{"href":"https:\/\/exaudi.org\/es\/wp-json\/wp\/v2\/posts"}],"about":[{"href":"https:\/\/exaudi.org\/es\/wp-json\/wp\/v2\/types\/post"}],"author":[{"embeddable":true,"href":"https:\/\/exaudi.org\/es\/wp-json\/wp\/v2\/users\/6"}],"replies":[{"embeddable":true,"href":"https:\/\/exaudi.org\/es\/wp-json\/wp\/v2\/comments?post=19047"}],"version-history":[{"count":0,"href":"https:\/\/exaudi.org\/es\/wp-json\/wp\/v2\/posts\/19047\/revisions"}],"wp:featuredmedia":[{"embeddable":true,"href":"https:\/\/exaudi.org\/es\/wp-json\/wp\/v2\/media\/19121"}],"wp:attachment":[{"href":"https:\/\/exaudi.org\/es\/wp-json\/wp\/v2\/media?parent=19047"}],"wp:term":[{"taxonomy":"category","embeddable":true,"href":"https:\/\/exaudi.org\/es\/wp-json\/wp\/v2\/categories?post=19047"},{"taxonomy":"post_tag","embeddable":true,"href":"https:\/\/exaudi.org\/es\/wp-json\/wp\/v2\/tags?post=19047"}],"curies":[{"name":"wp","href":"https:\/\/api.w.org\/{rel}","templated":true}]}}