{"id":18855,"date":"2021-05-25T11:42:22","date_gmt":"2021-05-25T09:42:22","guid":{"rendered":"https:\/\/exaudi.org\/?p=18855"},"modified":"2021-05-25T13:10:10","modified_gmt":"2021-05-25T11:10:10","slug":"argentina-dia-de-la-patria-una-tregua-para-superar-diferencias","status":"publish","type":"post","link":"https:\/\/exaudi.org\/es\/argentina-dia-de-la-patria-una-tregua-para-superar-diferencias\/","title":{"rendered":"Argentina: D\u00eda de la Patria, tregua para superar diferencias"},"content":{"rendered":"<p>Con motivo del D\u00eda de la Patria, que es celebrado todo 25 de mayo, monse\u00f1or Oscar Ojea, presidente de la <a href=\"https:\/\/www.episcopado.org\/\" target=\"_blank\" rel=\"noopener noreferrer\">Conferencia Episcopal Argentina <\/a>llama a los argentinos a hacer una tregua que ayude a superar las diferencias. Este <a href=\"https:\/\/www.youtube.com\/watch?v=kYIeDuhEz2g\" target=\"_blank\" rel=\"noopener noreferrer\">mensaje<\/a> tiene lugar en un momento en que Argentina vive una grave situaci\u00f3n, en que los n\u00fameros de contagios y muertes han aumentado significativamente, acrecentando la crisis social ya existente.<\/p>\n<p>\u201cCelebramos el D\u00eda de la Patria en un tiempo duro, doloroso y dif\u00edcil. Hace algunos d\u00edas conversaba con amigos sobre la experiencia humana de las treguas en las guerras, buscamos en internet; all\u00ed me encontr\u00e9 con la tregua dada en la guerra del \u00b414 entre franceses y alemanes\u201d, expone el prelado.<\/p>\n<h4><strong>Treguas hist\u00f3ricas<\/strong><\/h4>\n<p>As\u00ed, contin\u00faa, \u201cnotable es la \u2018tregua de Navidad\u2019, que es pactada por las segundas l\u00edneas; una necesidad del coraz\u00f3n de tener un d\u00eda de solaz, hasta jugaron al f\u00fatbol y despu\u00e9s volvieron a la trinchera. Pens\u00e9, que capacidad de la naturaleza humana el poder en un momento tremendo como es una guerra, hacer un par\u00e9ntesis\u201d.<\/p>\n<p>Tambi\u00e9n se refiere al ejemplo \u201cde los alemanes avanzando hacia Rusia en el a\u00f1o 16, en la zona de Lituania, en la zona de Bielorrusia, se encontraron con este fen\u00f3meno: estaban en la trinchera cuando fueron atacados por una gran manada de lobos, que atra\u00eddos por los cad\u00e1veres se cebaron y comenzaron a atacar a los soldados, por supuesto de ambos bandos. Entonces los capitanes convinieron en primero terminar con la jaur\u00eda de lobos y luego volver a la trinchera. Hab\u00eda un peligro mayor que los llevo a hacer una tregua. Volv\u00ed a pensar que maravilla la naturaleza humana en ese poder ver aquello que es prioridad, dar el primer lugar a lo que tiene el primer lugar\u201d.<\/p>\n<h4><strong>Enfrentar la situaci\u00f3n juntos<\/strong><\/h4>\n<p>En este sentido, el obispo de San Isidro manifest\u00f3: \u201cqu\u00e9 bueno ser\u00eda en nuestra Patria que pudi\u00e9ramos darnos una tregua en medio de nuestras diferencias, de nuestras distintas maneras de sentir, de pensar, de ver, de opinar, de enojarnos, de agredirnos; que pudi\u00e9ramos nosotros hacer un tregua mirando aquello que es lo m\u00e1s importante en este momento, como ayudarnos a superar esta enfermedad y tenemos que estar juntos porque si estamos juntos vamos a poder enfrentar mejor este momento\u201d.<\/p>\n<p>El gran desaf\u00edo se\u00f1ala, es \u201cestar juntos, porque si estamos juntos vamos a poder enfrentar mejor a esos lobos que nos atacan, a quienes estamos de todos los lados\u201d.<\/p>\n<p>Por ello, hacia el final de su mensaje para el D\u00eda de la Patria, Mons. Ojea expuso: \u201cle pedimos al Se\u00f1or por nuestra Patria, le pedimos que la cuide; le pedimos a la <a href=\"https:\/\/exaudi.org\/es\/argentina-mensaje-papa-fiesta-de-virgen-de-lujan\/\" target=\"_blank\" rel=\"noopener noreferrer\">Virgen<\/a>, la Madre de nuestra Patria, que la cuide, especialmente en este momento tan dif\u00edcil, que nos ayude a poder convivir mejor en este momento de dolor\u201d.<\/p>\n<p><iframe loading=\"lazy\" title=\"Monse\u00f1or Oscar Ojea | Mensaje en las v\u00edsperas del 25 de Mayo, D\u00eda de la Patria\" width=\"500\" height=\"281\" src=\"https:\/\/www.youtube.com\/embed\/kYIeDuhEz2g?feature=oembed\" frameborder=\"0\" allow=\"accelerometer; autoplay; clipboard-write; encrypted-media; gyroscope; picture-in-picture; web-share\" referrerpolicy=\"strict-origin-when-cross-origin\" allowfullscreen><\/iframe><\/p>\n","protected":false},"excerpt":{"rendered":"<p>Mensaje de monse\u00f1or Ojea<\/p>\n","protected":false},"author":5,"featured_media":18858,"comment_status":"closed","ping_status":"closed","sticky":false,"template":"","format":"standard","meta":{"_acf_changed":false,"_crdt_document":"","inline_featured_image":false,"footnotes":""},"categories":[86,298],"tags":[1550,742,2492],"class_list":["post-18855","post","type-post","status-publish","format-standard","has-post-thumbnail","hentry","category-iglesia-local","category-ultimas-noticias","tag-argentina","tag-conferencia-episcopal-argentina-cea","tag-dia-de-la-patria"],"acf":[],"yoast_head":"<!-- This site is optimized with the Yoast SEO plugin v27.4 - https:\/\/yoast.com\/product\/yoast-seo-wordpress\/ -->\n<title>Argentina: D\u00eda de la Patria, tregua para superar diferencias &#8211; Exaudi<\/title>\n<meta name=\"description\" content=\"Argentina: Con motivo del D\u00eda de la Patria, monse\u00f1or Ojea, pre llama a los argentinos a hacer una tregua que ayude a superar las diferencias\" \/>\n<meta name=\"robots\" content=\"index, follow, max-snippet:-1, max-image-preview:large, max-video-preview:-1\" \/>\n<link rel=\"canonical\" href=\"https:\/\/exaudi.org\/es\/argentina-dia-de-la-patria-una-tregua-para-superar-diferencias\/\" \/>\n<meta property=\"og:locale\" content=\"es_ES\" \/>\n<meta property=\"og:type\" content=\"article\" \/>\n<meta property=\"og:title\" content=\"Argentina: D\u00eda de la Patria, tregua para superar diferencias &#8211; Exaudi\" \/>\n<meta property=\"og:description\" content=\"Argentina: Con motivo del D\u00eda de la Patria, monse\u00f1or Ojea, pre llama a los argentinos a hacer una tregua que ayude a superar las diferencias\" \/>\n<meta property=\"og:url\" content=\"https:\/\/exaudi.org\/es\/argentina-dia-de-la-patria-una-tregua-para-superar-diferencias\/\" \/>\n<meta property=\"og:site_name\" content=\"Exaudi\" \/>\n<meta property=\"article:publisher\" content=\"https:\/\/www.facebook.com\/ExaudiNews\" \/>\n<meta property=\"article:published_time\" content=\"2021-05-25T09:42:22+00:00\" \/>\n<meta property=\"article:modified_time\" content=\"2021-05-25T11:10:10+00:00\" \/>\n<meta property=\"og:image\" content=\"https:\/\/exaudi.org\/wp-content\/uploads\/2021\/05\/landscape-sea-mountain-sky-hill-wind-777319-pxhere.com_-scaled.jpg\" \/>\n\t<meta property=\"og:image:width\" content=\"2560\" \/>\n\t<meta property=\"og:image:height\" content=\"1920\" \/>\n\t<meta property=\"og:image:type\" content=\"image\/jpeg\" \/>\n<meta name=\"author\" content=\"Larissa I. L\u00f3pez\" \/>\n<meta name=\"twitter:card\" content=\"summary_large_image\" \/>\n<meta name=\"twitter:creator\" content=\"@Exaudi_News\" \/>\n<meta name=\"twitter:site\" content=\"@Exaudi_News\" \/>\n<meta name=\"twitter:label1\" content=\"Escrito por\" \/>\n\t<meta name=\"twitter:data1\" content=\"Larissa I. L\u00f3pez\" \/>\n\t<meta name=\"twitter:label2\" content=\"Tiempo de lectura\" \/>\n\t<meta name=\"twitter:data2\" content=\"3 minutos\" \/>\n<script type=\"application\/ld+json\" class=\"yoast-schema-graph\">{\"@context\":\"https:\\\/\\\/schema.org\",\"@graph\":[{\"@type\":\"Article\",\"@id\":\"https:\\\/\\\/exaudi.org\\\/es\\\/argentina-dia-de-la-patria-una-tregua-para-superar-diferencias\\\/#article\",\"isPartOf\":{\"@id\":\"https:\\\/\\\/exaudi.org\\\/es\\\/argentina-dia-de-la-patria-una-tregua-para-superar-diferencias\\\/\"},\"author\":{\"name\":\"Larissa I. L\u00f3pez\",\"@id\":\"https:\\\/\\\/exaudi.org\\\/#\\\/schema\\\/person\\\/7d2f77db033c2c0929edfab6dbe8c588\"},\"headline\":\"Argentina: D\u00eda de la Patria, tregua para superar diferencias\",\"datePublished\":\"2021-05-25T09:42:22+00:00\",\"dateModified\":\"2021-05-25T11:10:10+00:00\",\"mainEntityOfPage\":{\"@id\":\"https:\\\/\\\/exaudi.org\\\/es\\\/argentina-dia-de-la-patria-una-tregua-para-superar-diferencias\\\/\"},\"wordCount\":513,\"image\":{\"@id\":\"https:\\\/\\\/exaudi.org\\\/es\\\/argentina-dia-de-la-patria-una-tregua-para-superar-diferencias\\\/#primaryimage\"},\"thumbnailUrl\":\"https:\\\/\\\/exaudi.org\\\/wp-content\\\/uploads\\\/2021\\\/05\\\/landscape-sea-mountain-sky-hill-wind-777319-pxhere.com_-scaled.jpg\",\"keywords\":[\"Argentina\",\"Conferencia Episcopal Argentina (CEA)\",\"D\u00eda de la Patria\"],\"articleSection\":[\"Iglesia Local\",\"\u00daltimas noticias\"],\"inLanguage\":\"es\"},{\"@type\":\"WebPage\",\"@id\":\"https:\\\/\\\/exaudi.org\\\/es\\\/argentina-dia-de-la-patria-una-tregua-para-superar-diferencias\\\/\",\"url\":\"https:\\\/\\\/exaudi.org\\\/es\\\/argentina-dia-de-la-patria-una-tregua-para-superar-diferencias\\\/\",\"name\":\"Argentina: D\u00eda de la Patria, tregua para superar diferencias &#8211; Exaudi\",\"isPartOf\":{\"@id\":\"https:\\\/\\\/exaudi.org\\\/#website\"},\"primaryImageOfPage\":{\"@id\":\"https:\\\/\\\/exaudi.org\\\/es\\\/argentina-dia-de-la-patria-una-tregua-para-superar-diferencias\\\/#primaryimage\"},\"image\":{\"@id\":\"https:\\\/\\\/exaudi.org\\\/es\\\/argentina-dia-de-la-patria-una-tregua-para-superar-diferencias\\\/#primaryimage\"},\"thumbnailUrl\":\"https:\\\/\\\/exaudi.org\\\/wp-content\\\/uploads\\\/2021\\\/05\\\/landscape-sea-mountain-sky-hill-wind-777319-pxhere.com_-scaled.jpg\",\"datePublished\":\"2021-05-25T09:42:22+00:00\",\"dateModified\":\"2021-05-25T11:10:10+00:00\",\"author\":{\"@id\":\"https:\\\/\\\/exaudi.org\\\/#\\\/schema\\\/person\\\/7d2f77db033c2c0929edfab6dbe8c588\"},\"description\":\"Argentina: Con motivo del D\u00eda de la Patria, monse\u00f1or Ojea, pre llama a los argentinos a hacer una tregua que ayude a superar las diferencias\",\"breadcrumb\":{\"@id\":\"https:\\\/\\\/exaudi.org\\\/es\\\/argentina-dia-de-la-patria-una-tregua-para-superar-diferencias\\\/#breadcrumb\"},\"inLanguage\":\"es\",\"potentialAction\":[{\"@type\":\"ReadAction\",\"target\":[\"https:\\\/\\\/exaudi.org\\\/es\\\/argentina-dia-de-la-patria-una-tregua-para-superar-diferencias\\\/\"]}]},{\"@type\":\"ImageObject\",\"inLanguage\":\"es\",\"@id\":\"https:\\\/\\\/exaudi.org\\\/es\\\/argentina-dia-de-la-patria-una-tregua-para-superar-diferencias\\\/#primaryimage\",\"url\":\"https:\\\/\\\/exaudi.org\\\/wp-content\\\/uploads\\\/2021\\\/05\\\/landscape-sea-mountain-sky-hill-wind-777319-pxhere.com_-scaled.jpg\",\"contentUrl\":\"https:\\\/\\\/exaudi.org\\\/wp-content\\\/uploads\\\/2021\\\/05\\\/landscape-sea-mountain-sky-hill-wind-777319-pxhere.com_-scaled.jpg\",\"width\":2560,\"height\":1920,\"caption\":\"Bandera de Argentina \u00a9 Pxhere\"},{\"@type\":\"BreadcrumbList\",\"@id\":\"https:\\\/\\\/exaudi.org\\\/es\\\/argentina-dia-de-la-patria-una-tregua-para-superar-diferencias\\\/#breadcrumb\",\"itemListElement\":[{\"@type\":\"ListItem\",\"position\":1,\"name\":\"Portada\",\"item\":\"https:\\\/\\\/exaudi.org\\\/es\\\/\"},{\"@type\":\"ListItem\",\"position\":2,\"name\":\"Argentina: D\u00eda de la Patria, tregua para superar diferencias\"}]},{\"@type\":\"WebSite\",\"@id\":\"https:\\\/\\\/exaudi.org\\\/#website\",\"url\":\"https:\\\/\\\/exaudi.org\\\/\",\"name\":\"Exaudi\",\"description\":\"News\",\"potentialAction\":[{\"@type\":\"SearchAction\",\"target\":{\"@type\":\"EntryPoint\",\"urlTemplate\":\"https:\\\/\\\/exaudi.org\\\/?s={search_term_string}\"},\"query-input\":{\"@type\":\"PropertyValueSpecification\",\"valueRequired\":true,\"valueName\":\"search_term_string\"}}],\"inLanguage\":\"es\"},{\"@type\":\"Person\",\"@id\":\"https:\\\/\\\/exaudi.org\\\/#\\\/schema\\\/person\\\/7d2f77db033c2c0929edfab6dbe8c588\",\"name\":\"Larissa I. L\u00f3pez\",\"image\":{\"@type\":\"ImageObject\",\"inLanguage\":\"es\",\"@id\":\"https:\\\/\\\/secure.gravatar.com\\\/avatar\\\/db3ef399ff343d0bb9d25dc5198bc8ece5ac6d621eca79876697a354dabc1e3f?s=96&d=mm&r=g\",\"url\":\"https:\\\/\\\/secure.gravatar.com\\\/avatar\\\/db3ef399ff343d0bb9d25dc5198bc8ece5ac6d621eca79876697a354dabc1e3f?s=96&d=mm&r=g\",\"contentUrl\":\"https:\\\/\\\/secure.gravatar.com\\\/avatar\\\/db3ef399ff343d0bb9d25dc5198bc8ece5ac6d621eca79876697a354dabc1e3f?s=96&d=mm&r=g\",\"caption\":\"Larissa I. L\u00f3pez\"},\"description\":\"Doctora en Comunicaci\u00f3n. Mi trayectoria profesional ha transcurrido entre el \u00e1mbito de la comunicaci\u00f3n y el de la docencia. En los \u00faltimos a\u00f1os, he trabajado como coordinadora y redactora de la edici\u00f3n de ZENIT en espa\u00f1ol. Como profesora, he impartido clases en la universidad y en centros de FP y bachillerato. Cordobesa de nacimiento, tambi\u00e9n he vivido en Sevilla, Madrid y Roma\",\"url\":\"https:\\\/\\\/exaudi.org\\\/es\\\/author\\\/llopezexaudi-org\\\/\"}]}<\/script>\n<!-- \/ Yoast SEO plugin. -->","yoast_head_json":{"title":"Argentina: D\u00eda de la Patria, tregua para superar diferencias &#8211; Exaudi","description":"Argentina: Con motivo del D\u00eda de la Patria, monse\u00f1or Ojea, pre llama a los argentinos a hacer una tregua que ayude a superar las diferencias","robots":{"index":"index","follow":"follow","max-snippet":"max-snippet:-1","max-image-preview":"max-image-preview:large","max-video-preview":"max-video-preview:-1"},"canonical":"https:\/\/exaudi.org\/es\/argentina-dia-de-la-patria-una-tregua-para-superar-diferencias\/","og_locale":"es_ES","og_type":"article","og_title":"Argentina: D\u00eda de la Patria, tregua para superar diferencias &#8211; Exaudi","og_description":"Argentina: Con motivo del D\u00eda de la Patria, monse\u00f1or Ojea, pre llama a los argentinos a hacer una tregua que ayude a superar las diferencias","og_url":"https:\/\/exaudi.org\/es\/argentina-dia-de-la-patria-una-tregua-para-superar-diferencias\/","og_site_name":"Exaudi","article_publisher":"https:\/\/www.facebook.com\/ExaudiNews","article_published_time":"2021-05-25T09:42:22+00:00","article_modified_time":"2021-05-25T11:10:10+00:00","og_image":[{"width":2560,"height":1920,"url":"https:\/\/exaudi.org\/wp-content\/uploads\/2021\/05\/landscape-sea-mountain-sky-hill-wind-777319-pxhere.com_-scaled.jpg","type":"image\/jpeg"}],"author":"Larissa I. L\u00f3pez","twitter_card":"summary_large_image","twitter_creator":"@Exaudi_News","twitter_site":"@Exaudi_News","twitter_misc":{"Escrito por":"Larissa I. L\u00f3pez","Tiempo de lectura":"3 minutos"},"schema":{"@context":"https:\/\/schema.org","@graph":[{"@type":"Article","@id":"https:\/\/exaudi.org\/es\/argentina-dia-de-la-patria-una-tregua-para-superar-diferencias\/#article","isPartOf":{"@id":"https:\/\/exaudi.org\/es\/argentina-dia-de-la-patria-una-tregua-para-superar-diferencias\/"},"author":{"name":"Larissa I. L\u00f3pez","@id":"https:\/\/exaudi.org\/#\/schema\/person\/7d2f77db033c2c0929edfab6dbe8c588"},"headline":"Argentina: D\u00eda de la Patria, tregua para superar diferencias","datePublished":"2021-05-25T09:42:22+00:00","dateModified":"2021-05-25T11:10:10+00:00","mainEntityOfPage":{"@id":"https:\/\/exaudi.org\/es\/argentina-dia-de-la-patria-una-tregua-para-superar-diferencias\/"},"wordCount":513,"image":{"@id":"https:\/\/exaudi.org\/es\/argentina-dia-de-la-patria-una-tregua-para-superar-diferencias\/#primaryimage"},"thumbnailUrl":"https:\/\/exaudi.org\/wp-content\/uploads\/2021\/05\/landscape-sea-mountain-sky-hill-wind-777319-pxhere.com_-scaled.jpg","keywords":["Argentina","Conferencia Episcopal Argentina (CEA)","D\u00eda de la Patria"],"articleSection":["Iglesia Local","\u00daltimas noticias"],"inLanguage":"es"},{"@type":"WebPage","@id":"https:\/\/exaudi.org\/es\/argentina-dia-de-la-patria-una-tregua-para-superar-diferencias\/","url":"https:\/\/exaudi.org\/es\/argentina-dia-de-la-patria-una-tregua-para-superar-diferencias\/","name":"Argentina: D\u00eda de la Patria, tregua para superar diferencias &#8211; Exaudi","isPartOf":{"@id":"https:\/\/exaudi.org\/#website"},"primaryImageOfPage":{"@id":"https:\/\/exaudi.org\/es\/argentina-dia-de-la-patria-una-tregua-para-superar-diferencias\/#primaryimage"},"image":{"@id":"https:\/\/exaudi.org\/es\/argentina-dia-de-la-patria-una-tregua-para-superar-diferencias\/#primaryimage"},"thumbnailUrl":"https:\/\/exaudi.org\/wp-content\/uploads\/2021\/05\/landscape-sea-mountain-sky-hill-wind-777319-pxhere.com_-scaled.jpg","datePublished":"2021-05-25T09:42:22+00:00","dateModified":"2021-05-25T11:10:10+00:00","author":{"@id":"https:\/\/exaudi.org\/#\/schema\/person\/7d2f77db033c2c0929edfab6dbe8c588"},"description":"Argentina: Con motivo del D\u00eda de la Patria, monse\u00f1or Ojea, pre llama a los argentinos a hacer una tregua que ayude a superar las diferencias","breadcrumb":{"@id":"https:\/\/exaudi.org\/es\/argentina-dia-de-la-patria-una-tregua-para-superar-diferencias\/#breadcrumb"},"inLanguage":"es","potentialAction":[{"@type":"ReadAction","target":["https:\/\/exaudi.org\/es\/argentina-dia-de-la-patria-una-tregua-para-superar-diferencias\/"]}]},{"@type":"ImageObject","inLanguage":"es","@id":"https:\/\/exaudi.org\/es\/argentina-dia-de-la-patria-una-tregua-para-superar-diferencias\/#primaryimage","url":"https:\/\/exaudi.org\/wp-content\/uploads\/2021\/05\/landscape-sea-mountain-sky-hill-wind-777319-pxhere.com_-scaled.jpg","contentUrl":"https:\/\/exaudi.org\/wp-content\/uploads\/2021\/05\/landscape-sea-mountain-sky-hill-wind-777319-pxhere.com_-scaled.jpg","width":2560,"height":1920,"caption":"Bandera de Argentina \u00a9 Pxhere"},{"@type":"BreadcrumbList","@id":"https:\/\/exaudi.org\/es\/argentina-dia-de-la-patria-una-tregua-para-superar-diferencias\/#breadcrumb","itemListElement":[{"@type":"ListItem","position":1,"name":"Portada","item":"https:\/\/exaudi.org\/es\/"},{"@type":"ListItem","position":2,"name":"Argentina: D\u00eda de la Patria, tregua para superar diferencias"}]},{"@type":"WebSite","@id":"https:\/\/exaudi.org\/#website","url":"https:\/\/exaudi.org\/","name":"Exaudi","description":"News","potentialAction":[{"@type":"SearchAction","target":{"@type":"EntryPoint","urlTemplate":"https:\/\/exaudi.org\/?s={search_term_string}"},"query-input":{"@type":"PropertyValueSpecification","valueRequired":true,"valueName":"search_term_string"}}],"inLanguage":"es"},{"@type":"Person","@id":"https:\/\/exaudi.org\/#\/schema\/person\/7d2f77db033c2c0929edfab6dbe8c588","name":"Larissa I. L\u00f3pez","image":{"@type":"ImageObject","inLanguage":"es","@id":"https:\/\/secure.gravatar.com\/avatar\/db3ef399ff343d0bb9d25dc5198bc8ece5ac6d621eca79876697a354dabc1e3f?s=96&d=mm&r=g","url":"https:\/\/secure.gravatar.com\/avatar\/db3ef399ff343d0bb9d25dc5198bc8ece5ac6d621eca79876697a354dabc1e3f?s=96&d=mm&r=g","contentUrl":"https:\/\/secure.gravatar.com\/avatar\/db3ef399ff343d0bb9d25dc5198bc8ece5ac6d621eca79876697a354dabc1e3f?s=96&d=mm&r=g","caption":"Larissa I. L\u00f3pez"},"description":"Doctora en Comunicaci\u00f3n. Mi trayectoria profesional ha transcurrido entre el \u00e1mbito de la comunicaci\u00f3n y el de la docencia. En los \u00faltimos a\u00f1os, he trabajado como coordinadora y redactora de la edici\u00f3n de ZENIT en espa\u00f1ol. Como profesora, he impartido clases en la universidad y en centros de FP y bachillerato. Cordobesa de nacimiento, tambi\u00e9n he vivido en Sevilla, Madrid y Roma","url":"https:\/\/exaudi.org\/es\/author\/llopezexaudi-org\/"}]}},"jetpack_featured_media_url":"https:\/\/exaudi.org\/wp-content\/uploads\/2021\/05\/landscape-sea-mountain-sky-hill-wind-777319-pxhere.com_-scaled.jpg","jetpack_shortlink":"https:\/\/wp.me\/pgKjF2-4U7","_links":{"self":[{"href":"https:\/\/exaudi.org\/es\/wp-json\/wp\/v2\/posts\/18855","targetHints":{"allow":["GET"]}}],"collection":[{"href":"https:\/\/exaudi.org\/es\/wp-json\/wp\/v2\/posts"}],"about":[{"href":"https:\/\/exaudi.org\/es\/wp-json\/wp\/v2\/types\/post"}],"author":[{"embeddable":true,"href":"https:\/\/exaudi.org\/es\/wp-json\/wp\/v2\/users\/5"}],"replies":[{"embeddable":true,"href":"https:\/\/exaudi.org\/es\/wp-json\/wp\/v2\/comments?post=18855"}],"version-history":[{"count":0,"href":"https:\/\/exaudi.org\/es\/wp-json\/wp\/v2\/posts\/18855\/revisions"}],"wp:featuredmedia":[{"embeddable":true,"href":"https:\/\/exaudi.org\/es\/wp-json\/wp\/v2\/media\/18858"}],"wp:attachment":[{"href":"https:\/\/exaudi.org\/es\/wp-json\/wp\/v2\/media?parent=18855"}],"wp:term":[{"taxonomy":"category","embeddable":true,"href":"https:\/\/exaudi.org\/es\/wp-json\/wp\/v2\/categories?post=18855"},{"taxonomy":"post_tag","embeddable":true,"href":"https:\/\/exaudi.org\/es\/wp-json\/wp\/v2\/tags?post=18855"}],"curies":[{"name":"wp","href":"https:\/\/api.w.org\/{rel}","templated":true}]}}