{"id":18669,"date":"2021-05-24T16:17:23","date_gmt":"2021-05-24T14:17:23","guid":{"rendered":"https:\/\/exaudi.org\/?p=18669"},"modified":"2021-05-25T10:15:36","modified_gmt":"2021-05-25T08:15:36","slug":"38a-asamblea-celam-carta-al-papa-francisco","status":"publish","type":"post","link":"https:\/\/exaudi.org\/es\/38a-asamblea-celam-carta-al-papa-francisco\/","title":{"rendered":"38\u00aa Asamblea CELAM: Carta al Papa Francisco"},"content":{"rendered":"<p>Tras la <a href=\"https:\/\/exaudi.org\/es\/clausura-38a-asamblea-del-celam\/\" target=\"_blank\" rel=\"noopener noreferrer\">38\u00aa Asamblea General<\/a> del <a href=\"http:\/\/celam.org\/\" target=\"_blank\" rel=\"noopener noreferrer\">Consejo Episcopal Latinoamericano<\/a> CELAM, los obispos de Am\u00e9rica Latina y el Caribe enviaron una carta al Papa Francisco en la que expresan que \u201cqueremos presentarle la nueva estructura pastoral del CELAM que hemos aprobado\u201d, fruto del \u201cinmenso trabajo realizado durante dos a\u00f1os bajo la animaci\u00f3n de la Presidencia para ejecutar el mandato dado por la Asamblea de Honduras en 2019\u201d.<\/p>\n<p>En sus palabras, los prelados recuerdan que la 38\u00aa Asamblea General se realiz\u00f3 en el contexto de la pandemia del COVID-19, \u00a0que pone al descubierto \u201cla fuerte inequidad que vive el continente\u201d y que la ha acentuado, ya que el \u00edndice pobreza por ingreso ha crecido un 12%.<\/p>\n<p>\u201cComo pastores del Pueblo de Dios queremos poner un o\u00eddo en el grito de la tierra y en el clamor de los pobres con la conciencia de que todo est\u00e1 conectado, y el otro o\u00eddo en el Evangelio del Reino de Dios con la esperanza de salir de esta crisis juntos y mejores\u201d, se lee en la misiva, en la que recuerdan las palabras del Obispo de Roma: \u201ctodos estamos en la misma barca\u201d y \u00a0\u201cnadie se salva solo\u201d.<\/p>\n<h4><strong>Desbordados por desaf\u00edos<\/strong><\/h4>\n<p>Los miembros del episcopado reconocen al mismo tiempo que se sienten desbordados por la realidad y por los desaf\u00edos, de igual forma conf\u00edan \u201cen que Dios sorprende, renueva, fortalece e inspira a la Iglesia a desbordarse en creatividad pastoral\u201d. As\u00ed, manifiestan al Papa Francisco su deseo de \u201cseguir la l\u00f3gica del desborde\u201d expuesta en su Exhortaci\u00f3n Apost\u00f3lica Postsinodal \u201cQuerida Amazon\u00eda\u201d (cf. QA 104-105).<\/p>\n<p>Asimismo, recuerdan que el desborde es una novedad del Esp\u00edritu Santo \u201cque abre la posibilidad de una superaci\u00f3n creativa de los conflictos y las polaridades\u201d, apuntando que el Santo Padre \u201cha querido promover este tipo de \u2018desbordes\u2019 dentro de la Iglesia reavivando la antigua pr\u00e1ctica de la sinodalidad\u201d.<\/p>\n<h4><strong>Asamblea de Am\u00e9rica Latina<\/strong><\/h4>\n<p>Por otra parte, los participantes de la Asamblea reiteraron su apoyo a la organizaci\u00f3n y ejecuci\u00f3n de la primera Asamblea Eclesial de Am\u00e9rica Latina y el Caribe: \u201cAparecida, memoria y desaf\u00edos\u201d, con la activa participaci\u00f3n del Pueblo de Dios, particularmente durante el actual proceso de escucha.\u00a0 \u201cRecorremos este camino como un aprendizaje de la pr\u00e1ctica de la sinodalidad que deber\u00e1 ser el talante y el estilo de nuestra vida eclesial presente y futura\u201d, se lee en el mensaje.<\/p>\n<p>Del mismo modo, confirman su compromiso para \u201cejercitar un discernimiento colegial y sinodal a trav\u00e9s de una escucha atenta de los \u2018gemidos inefables\u2019 del Esp\u00edritu Santo\u201d y de los clamores del Pueblo de Dios.<\/p>\n<p>Para ello confirmaron que el horizonte que se han propuesto incluye los cuatro sue\u00f1os propuestos por el Papa en \u2018Querida Amazon\u00eda\u2019. \u201cQueremos ser una Iglesia que: anime al continente para que luche por los derechos de los m\u00e1s pobres y una sociedad m\u00e1s justa (sue\u00f1o social); preserve su patrimonio cultural en un di\u00e1logo intercultural (sue\u00f1o cultural); custodie su belleza natural y el valor de la vida (sue\u00f1o ecol\u00f3gico); una Iglesia con comunidades cristianas capaces de darle un rostro latinoamericano y caribe\u00f1o que de un claro testimonio del Se\u00f1or Resucitado (sue\u00f1o eclesial)\u201d.<\/p>\n<p>Finalmente, los obispos de Am\u00e9rica Latina y el Caribe agradecen el ministerio y magisterio del Santo Padre, que de manera especial les ha iluminado en este tiempo de pandemia a trav\u00e9s del testimonio y la palabra, al tiempo que le aseguran su oraci\u00f3n y le piden su bendici\u00f3n paternal.<\/p>\n","protected":false},"excerpt":{"rendered":"<p>Tras su celebraci\u00f3n<\/p>\n","protected":false},"author":5,"featured_media":18672,"comment_status":"closed","ping_status":"closed","sticky":false,"template":"","format":"standard","meta":{"_acf_changed":false,"_crdt_document":"","inline_featured_image":false,"footnotes":""},"categories":[86,298],"tags":[2411,158],"class_list":["post-18669","post","type-post","status-publish","format-standard","has-post-thumbnail","hentry","category-iglesia-local","category-ultimas-noticias","tag-38a-asamblea-general-del-celam","tag-papa-francisco"],"acf":[],"yoast_head":"<!-- This site is optimized with the Yoast SEO plugin v27.5 - https:\/\/yoast.com\/product\/yoast-seo-wordpress\/ -->\n<title>38\u00aa Asamblea CELAM: Carta al Papa Francisco &#8211; Exaudi<\/title>\n<meta name=\"description\" content=\"Tras la 38\u00aa Asamblea General del CELAM, los obispos de Am\u00e9rica Latina y el Caribe enviaron una carta al Papa Francisco\" \/>\n<meta name=\"robots\" content=\"index, follow, max-snippet:-1, max-image-preview:large, max-video-preview:-1\" \/>\n<link rel=\"canonical\" href=\"https:\/\/exaudi.org\/es\/38a-asamblea-celam-carta-al-papa-francisco\/\" \/>\n<meta property=\"og:locale\" content=\"es_ES\" \/>\n<meta property=\"og:type\" content=\"article\" \/>\n<meta property=\"og:title\" content=\"38\u00aa Asamblea CELAM: Carta al Papa Francisco &#8211; Exaudi\" \/>\n<meta property=\"og:description\" content=\"Tras la 38\u00aa Asamblea General del CELAM, los obispos de Am\u00e9rica Latina y el Caribe enviaron una carta al Papa Francisco\" \/>\n<meta property=\"og:url\" content=\"https:\/\/exaudi.org\/es\/38a-asamblea-celam-carta-al-papa-francisco\/\" \/>\n<meta property=\"og:site_name\" content=\"Exaudi\" \/>\n<meta property=\"article:publisher\" content=\"https:\/\/www.facebook.com\/ExaudiNews\" \/>\n<meta property=\"article:published_time\" content=\"2021-05-24T14:17:23+00:00\" \/>\n<meta property=\"article:modified_time\" content=\"2021-05-25T08:15:36+00:00\" \/>\n<meta property=\"og:image\" content=\"https:\/\/exaudi.org\/wp-content\/uploads\/2021\/05\/38a-Asamblea-del-CELAM-1.jpg\" \/>\n\t<meta property=\"og:image:width\" content=\"1671\" \/>\n\t<meta property=\"og:image:height\" content=\"1114\" \/>\n\t<meta property=\"og:image:type\" content=\"image\/jpeg\" \/>\n<meta name=\"author\" content=\"Larissa I. L\u00f3pez\" \/>\n<meta name=\"twitter:card\" content=\"summary_large_image\" \/>\n<meta name=\"twitter:creator\" content=\"@Exaudi_News\" \/>\n<meta name=\"twitter:site\" content=\"@Exaudi_News\" \/>\n<meta name=\"twitter:label1\" content=\"Escrito por\" \/>\n\t<meta name=\"twitter:data1\" content=\"Larissa I. L\u00f3pez\" \/>\n\t<meta name=\"twitter:label2\" content=\"Tiempo de lectura\" \/>\n\t<meta name=\"twitter:data2\" content=\"3 minutos\" \/>\n<script type=\"application\/ld+json\" class=\"yoast-schema-graph\">{\"@context\":\"https:\\\/\\\/schema.org\",\"@graph\":[{\"@type\":\"Article\",\"@id\":\"https:\\\/\\\/exaudi.org\\\/es\\\/38a-asamblea-celam-carta-al-papa-francisco\\\/#article\",\"isPartOf\":{\"@id\":\"https:\\\/\\\/exaudi.org\\\/es\\\/38a-asamblea-celam-carta-al-papa-francisco\\\/\"},\"author\":{\"name\":\"Larissa I. L\u00f3pez\",\"@id\":\"https:\\\/\\\/exaudi.org\\\/#\\\/schema\\\/person\\\/7d2f77db033c2c0929edfab6dbe8c588\"},\"headline\":\"38\u00aa Asamblea CELAM: Carta al Papa Francisco\",\"datePublished\":\"2021-05-24T14:17:23+00:00\",\"dateModified\":\"2021-05-25T08:15:36+00:00\",\"mainEntityOfPage\":{\"@id\":\"https:\\\/\\\/exaudi.org\\\/es\\\/38a-asamblea-celam-carta-al-papa-francisco\\\/\"},\"wordCount\":605,\"image\":{\"@id\":\"https:\\\/\\\/exaudi.org\\\/es\\\/38a-asamblea-celam-carta-al-papa-francisco\\\/#primaryimage\"},\"thumbnailUrl\":\"https:\\\/\\\/exaudi.org\\\/wp-content\\\/uploads\\\/2021\\\/05\\\/38a-Asamblea-del-CELAM-1.jpg\",\"keywords\":[\"38\u00aa Asamblea General del CELAM\",\"papa francisco\"],\"articleSection\":[\"Iglesia Local\",\"\u00daltimas noticias\"],\"inLanguage\":\"es\"},{\"@type\":\"WebPage\",\"@id\":\"https:\\\/\\\/exaudi.org\\\/es\\\/38a-asamblea-celam-carta-al-papa-francisco\\\/\",\"url\":\"https:\\\/\\\/exaudi.org\\\/es\\\/38a-asamblea-celam-carta-al-papa-francisco\\\/\",\"name\":\"38\u00aa Asamblea CELAM: Carta al Papa Francisco &#8211; Exaudi\",\"isPartOf\":{\"@id\":\"https:\\\/\\\/exaudi.org\\\/#website\"},\"primaryImageOfPage\":{\"@id\":\"https:\\\/\\\/exaudi.org\\\/es\\\/38a-asamblea-celam-carta-al-papa-francisco\\\/#primaryimage\"},\"image\":{\"@id\":\"https:\\\/\\\/exaudi.org\\\/es\\\/38a-asamblea-celam-carta-al-papa-francisco\\\/#primaryimage\"},\"thumbnailUrl\":\"https:\\\/\\\/exaudi.org\\\/wp-content\\\/uploads\\\/2021\\\/05\\\/38a-Asamblea-del-CELAM-1.jpg\",\"datePublished\":\"2021-05-24T14:17:23+00:00\",\"dateModified\":\"2021-05-25T08:15:36+00:00\",\"author\":{\"@id\":\"https:\\\/\\\/exaudi.org\\\/#\\\/schema\\\/person\\\/7d2f77db033c2c0929edfab6dbe8c588\"},\"description\":\"Tras la 38\u00aa Asamblea General del CELAM, los obispos de Am\u00e9rica Latina y el Caribe enviaron una carta al Papa Francisco\",\"breadcrumb\":{\"@id\":\"https:\\\/\\\/exaudi.org\\\/es\\\/38a-asamblea-celam-carta-al-papa-francisco\\\/#breadcrumb\"},\"inLanguage\":\"es\",\"potentialAction\":[{\"@type\":\"ReadAction\",\"target\":[\"https:\\\/\\\/exaudi.org\\\/es\\\/38a-asamblea-celam-carta-al-papa-francisco\\\/\"]}]},{\"@type\":\"ImageObject\",\"inLanguage\":\"es\",\"@id\":\"https:\\\/\\\/exaudi.org\\\/es\\\/38a-asamblea-celam-carta-al-papa-francisco\\\/#primaryimage\",\"url\":\"https:\\\/\\\/exaudi.org\\\/wp-content\\\/uploads\\\/2021\\\/05\\\/38a-Asamblea-del-CELAM-1.jpg\",\"contentUrl\":\"https:\\\/\\\/exaudi.org\\\/wp-content\\\/uploads\\\/2021\\\/05\\\/38a-Asamblea-del-CELAM-1.jpg\",\"width\":1671,\"height\":1114,\"caption\":\"38\u00aa Asamblea del CELAM \u00a9 CELAM\"},{\"@type\":\"BreadcrumbList\",\"@id\":\"https:\\\/\\\/exaudi.org\\\/es\\\/38a-asamblea-celam-carta-al-papa-francisco\\\/#breadcrumb\",\"itemListElement\":[{\"@type\":\"ListItem\",\"position\":1,\"name\":\"Portada\",\"item\":\"https:\\\/\\\/exaudi.org\\\/es\\\/\"},{\"@type\":\"ListItem\",\"position\":2,\"name\":\"38\u00aa Asamblea CELAM: Carta al Papa Francisco\"}]},{\"@type\":\"WebSite\",\"@id\":\"https:\\\/\\\/exaudi.org\\\/#website\",\"url\":\"https:\\\/\\\/exaudi.org\\\/\",\"name\":\"Exaudi\",\"description\":\"News\",\"potentialAction\":[{\"@type\":\"SearchAction\",\"target\":{\"@type\":\"EntryPoint\",\"urlTemplate\":\"https:\\\/\\\/exaudi.org\\\/?s={search_term_string}\"},\"query-input\":{\"@type\":\"PropertyValueSpecification\",\"valueRequired\":true,\"valueName\":\"search_term_string\"}}],\"inLanguage\":\"es\"},{\"@type\":\"Person\",\"@id\":\"https:\\\/\\\/exaudi.org\\\/#\\\/schema\\\/person\\\/7d2f77db033c2c0929edfab6dbe8c588\",\"name\":\"Larissa I. L\u00f3pez\",\"image\":{\"@type\":\"ImageObject\",\"inLanguage\":\"es\",\"@id\":\"https:\\\/\\\/secure.gravatar.com\\\/avatar\\\/db3ef399ff343d0bb9d25dc5198bc8ece5ac6d621eca79876697a354dabc1e3f?s=96&d=mm&r=g\",\"url\":\"https:\\\/\\\/secure.gravatar.com\\\/avatar\\\/db3ef399ff343d0bb9d25dc5198bc8ece5ac6d621eca79876697a354dabc1e3f?s=96&d=mm&r=g\",\"contentUrl\":\"https:\\\/\\\/secure.gravatar.com\\\/avatar\\\/db3ef399ff343d0bb9d25dc5198bc8ece5ac6d621eca79876697a354dabc1e3f?s=96&d=mm&r=g\",\"caption\":\"Larissa I. L\u00f3pez\"},\"description\":\"Doctora en Comunicaci\u00f3n. Mi trayectoria profesional ha transcurrido entre el \u00e1mbito de la comunicaci\u00f3n y el de la docencia. En los \u00faltimos a\u00f1os, he trabajado como coordinadora y redactora de la edici\u00f3n de ZENIT en espa\u00f1ol. Como profesora, he impartido clases en la universidad y en centros de FP y bachillerato. Cordobesa de nacimiento, tambi\u00e9n he vivido en Sevilla, Madrid y Roma\",\"url\":\"https:\\\/\\\/exaudi.org\\\/es\\\/author\\\/llopezexaudi-org\\\/\"}]}<\/script>\n<!-- \/ Yoast SEO plugin. -->","yoast_head_json":{"title":"38\u00aa Asamblea CELAM: Carta al Papa Francisco &#8211; Exaudi","description":"Tras la 38\u00aa Asamblea General del CELAM, los obispos de Am\u00e9rica Latina y el Caribe enviaron una carta al Papa Francisco","robots":{"index":"index","follow":"follow","max-snippet":"max-snippet:-1","max-image-preview":"max-image-preview:large","max-video-preview":"max-video-preview:-1"},"canonical":"https:\/\/exaudi.org\/es\/38a-asamblea-celam-carta-al-papa-francisco\/","og_locale":"es_ES","og_type":"article","og_title":"38\u00aa Asamblea CELAM: Carta al Papa Francisco &#8211; Exaudi","og_description":"Tras la 38\u00aa Asamblea General del CELAM, los obispos de Am\u00e9rica Latina y el Caribe enviaron una carta al Papa Francisco","og_url":"https:\/\/exaudi.org\/es\/38a-asamblea-celam-carta-al-papa-francisco\/","og_site_name":"Exaudi","article_publisher":"https:\/\/www.facebook.com\/ExaudiNews","article_published_time":"2021-05-24T14:17:23+00:00","article_modified_time":"2021-05-25T08:15:36+00:00","og_image":[{"width":1671,"height":1114,"url":"https:\/\/exaudi.org\/wp-content\/uploads\/2021\/05\/38a-Asamblea-del-CELAM-1.jpg","type":"image\/jpeg"}],"author":"Larissa I. L\u00f3pez","twitter_card":"summary_large_image","twitter_creator":"@Exaudi_News","twitter_site":"@Exaudi_News","twitter_misc":{"Escrito por":"Larissa I. L\u00f3pez","Tiempo de lectura":"3 minutos"},"schema":{"@context":"https:\/\/schema.org","@graph":[{"@type":"Article","@id":"https:\/\/exaudi.org\/es\/38a-asamblea-celam-carta-al-papa-francisco\/#article","isPartOf":{"@id":"https:\/\/exaudi.org\/es\/38a-asamblea-celam-carta-al-papa-francisco\/"},"author":{"name":"Larissa I. L\u00f3pez","@id":"https:\/\/exaudi.org\/#\/schema\/person\/7d2f77db033c2c0929edfab6dbe8c588"},"headline":"38\u00aa Asamblea CELAM: Carta al Papa Francisco","datePublished":"2021-05-24T14:17:23+00:00","dateModified":"2021-05-25T08:15:36+00:00","mainEntityOfPage":{"@id":"https:\/\/exaudi.org\/es\/38a-asamblea-celam-carta-al-papa-francisco\/"},"wordCount":605,"image":{"@id":"https:\/\/exaudi.org\/es\/38a-asamblea-celam-carta-al-papa-francisco\/#primaryimage"},"thumbnailUrl":"https:\/\/exaudi.org\/wp-content\/uploads\/2021\/05\/38a-Asamblea-del-CELAM-1.jpg","keywords":["38\u00aa Asamblea General del CELAM","papa francisco"],"articleSection":["Iglesia Local","\u00daltimas noticias"],"inLanguage":"es"},{"@type":"WebPage","@id":"https:\/\/exaudi.org\/es\/38a-asamblea-celam-carta-al-papa-francisco\/","url":"https:\/\/exaudi.org\/es\/38a-asamblea-celam-carta-al-papa-francisco\/","name":"38\u00aa Asamblea CELAM: Carta al Papa Francisco &#8211; Exaudi","isPartOf":{"@id":"https:\/\/exaudi.org\/#website"},"primaryImageOfPage":{"@id":"https:\/\/exaudi.org\/es\/38a-asamblea-celam-carta-al-papa-francisco\/#primaryimage"},"image":{"@id":"https:\/\/exaudi.org\/es\/38a-asamblea-celam-carta-al-papa-francisco\/#primaryimage"},"thumbnailUrl":"https:\/\/exaudi.org\/wp-content\/uploads\/2021\/05\/38a-Asamblea-del-CELAM-1.jpg","datePublished":"2021-05-24T14:17:23+00:00","dateModified":"2021-05-25T08:15:36+00:00","author":{"@id":"https:\/\/exaudi.org\/#\/schema\/person\/7d2f77db033c2c0929edfab6dbe8c588"},"description":"Tras la 38\u00aa Asamblea General del CELAM, los obispos de Am\u00e9rica Latina y el Caribe enviaron una carta al Papa Francisco","breadcrumb":{"@id":"https:\/\/exaudi.org\/es\/38a-asamblea-celam-carta-al-papa-francisco\/#breadcrumb"},"inLanguage":"es","potentialAction":[{"@type":"ReadAction","target":["https:\/\/exaudi.org\/es\/38a-asamblea-celam-carta-al-papa-francisco\/"]}]},{"@type":"ImageObject","inLanguage":"es","@id":"https:\/\/exaudi.org\/es\/38a-asamblea-celam-carta-al-papa-francisco\/#primaryimage","url":"https:\/\/exaudi.org\/wp-content\/uploads\/2021\/05\/38a-Asamblea-del-CELAM-1.jpg","contentUrl":"https:\/\/exaudi.org\/wp-content\/uploads\/2021\/05\/38a-Asamblea-del-CELAM-1.jpg","width":1671,"height":1114,"caption":"38\u00aa Asamblea del CELAM \u00a9 CELAM"},{"@type":"BreadcrumbList","@id":"https:\/\/exaudi.org\/es\/38a-asamblea-celam-carta-al-papa-francisco\/#breadcrumb","itemListElement":[{"@type":"ListItem","position":1,"name":"Portada","item":"https:\/\/exaudi.org\/es\/"},{"@type":"ListItem","position":2,"name":"38\u00aa Asamblea CELAM: Carta al Papa Francisco"}]},{"@type":"WebSite","@id":"https:\/\/exaudi.org\/#website","url":"https:\/\/exaudi.org\/","name":"Exaudi","description":"News","potentialAction":[{"@type":"SearchAction","target":{"@type":"EntryPoint","urlTemplate":"https:\/\/exaudi.org\/?s={search_term_string}"},"query-input":{"@type":"PropertyValueSpecification","valueRequired":true,"valueName":"search_term_string"}}],"inLanguage":"es"},{"@type":"Person","@id":"https:\/\/exaudi.org\/#\/schema\/person\/7d2f77db033c2c0929edfab6dbe8c588","name":"Larissa I. L\u00f3pez","image":{"@type":"ImageObject","inLanguage":"es","@id":"https:\/\/secure.gravatar.com\/avatar\/db3ef399ff343d0bb9d25dc5198bc8ece5ac6d621eca79876697a354dabc1e3f?s=96&d=mm&r=g","url":"https:\/\/secure.gravatar.com\/avatar\/db3ef399ff343d0bb9d25dc5198bc8ece5ac6d621eca79876697a354dabc1e3f?s=96&d=mm&r=g","contentUrl":"https:\/\/secure.gravatar.com\/avatar\/db3ef399ff343d0bb9d25dc5198bc8ece5ac6d621eca79876697a354dabc1e3f?s=96&d=mm&r=g","caption":"Larissa I. L\u00f3pez"},"description":"Doctora en Comunicaci\u00f3n. Mi trayectoria profesional ha transcurrido entre el \u00e1mbito de la comunicaci\u00f3n y el de la docencia. En los \u00faltimos a\u00f1os, he trabajado como coordinadora y redactora de la edici\u00f3n de ZENIT en espa\u00f1ol. Como profesora, he impartido clases en la universidad y en centros de FP y bachillerato. Cordobesa de nacimiento, tambi\u00e9n he vivido en Sevilla, Madrid y Roma","url":"https:\/\/exaudi.org\/es\/author\/llopezexaudi-org\/"}]}},"jetpack_featured_media_url":"https:\/\/exaudi.org\/wp-content\/uploads\/2021\/05\/38a-Asamblea-del-CELAM-1.jpg","jetpack_shortlink":"https:\/\/wp.me\/pgKjF2-4R7","_links":{"self":[{"href":"https:\/\/exaudi.org\/es\/wp-json\/wp\/v2\/posts\/18669","targetHints":{"allow":["GET"]}}],"collection":[{"href":"https:\/\/exaudi.org\/es\/wp-json\/wp\/v2\/posts"}],"about":[{"href":"https:\/\/exaudi.org\/es\/wp-json\/wp\/v2\/types\/post"}],"author":[{"embeddable":true,"href":"https:\/\/exaudi.org\/es\/wp-json\/wp\/v2\/users\/5"}],"replies":[{"embeddable":true,"href":"https:\/\/exaudi.org\/es\/wp-json\/wp\/v2\/comments?post=18669"}],"version-history":[{"count":0,"href":"https:\/\/exaudi.org\/es\/wp-json\/wp\/v2\/posts\/18669\/revisions"}],"wp:featuredmedia":[{"embeddable":true,"href":"https:\/\/exaudi.org\/es\/wp-json\/wp\/v2\/media\/18672"}],"wp:attachment":[{"href":"https:\/\/exaudi.org\/es\/wp-json\/wp\/v2\/media?parent=18669"}],"wp:term":[{"taxonomy":"category","embeddable":true,"href":"https:\/\/exaudi.org\/es\/wp-json\/wp\/v2\/categories?post=18669"},{"taxonomy":"post_tag","embeddable":true,"href":"https:\/\/exaudi.org\/es\/wp-json\/wp\/v2\/tags?post=18669"}],"curies":[{"name":"wp","href":"https:\/\/api.w.org\/{rel}","templated":true}]}}