{"id":18667,"date":"2021-05-24T16:29:14","date_gmt":"2021-05-24T14:29:14","guid":{"rendered":"https:\/\/exaudi.org\/?p=18667"},"modified":"2021-05-24T16:40:54","modified_gmt":"2021-05-24T14:40:54","slug":"vaticano-embajador-serbia-cartas-credenciales-2021","status":"publish","type":"post","link":"https:\/\/exaudi.org\/es\/vaticano-embajador-serbia-cartas-credenciales-2021\/","title":{"rendered":"Vaticano: El embajador de Serbia entrega sus cartas credenciales"},"content":{"rendered":"<p>Esta ma\u00f1ana, el <a href=\"https:\/\/exaudi.org\/es\/papa-visita-dicasterio-comunicacion-2021\/\" target=\"_blank\" rel=\"noopener noreferrer\">Papa Francisco<\/a> ha recibido en audiencia a Sima Avramovi\u0107, embajador de Serbia ante la Santa Sede, con motivo de la presentaci\u00f3n de sus credenciales en el Vaticano. As\u00ed ha informado hoy, lunes 24 de mayo de 2021, la <a href=\"http:\/\/www.vatican.va\/news_services\/press\/index_sp.htm\" target=\"_blank\" rel=\"noopener noreferrer\">Oficina de Prensa de la Santa Sede.<\/a><\/p>\n<h4><strong>Sima Avramovi\u0107<\/strong><\/h4>\n<p>Naci\u00f3 el 19 de julio de 1950 en Belgrado, Serbia, est\u00e1 casado y tiene dos hijos. Es licenciado en la Facultad de Derecho de la Universidad de Belgrado (1973), obtuvo el m\u00e1ster en Historia del Derecho en 1977, y el doctorado en la misma facultad en 1981. Entre otros cargos, ha ocupado el de profesor asociado y adjunto, profesor extraordinario y titular, vicedecano y jefe de la C\u00e1tedra de Historia Jur\u00eddica en la misma universidad.<\/p>\n<p>Tambi\u00e9n ha sido presidente del Consejo de la Universidad de Belgrado, editor de la revista\u00a0<em>Anales\u00a0<\/em>de la misma, miembro del Panel de Expertos de la OSCE\/OIDDH, presidente de la Asociaci\u00f3n Serbia de Becarios\u00a0<em>Fullbright,\u00a0<\/em>decano de la Facultad de la Universidad de Belgrado, presidente del Consejo de la Agencial Nacional para la Evaluaci\u00f3n del Sistema Universitario y presidente de la Fundaci\u00f3n <em>Alan Watson.<\/em><\/p>\n<p><img loading=\"lazy\" decoding=\"async\" class=\"alignleft size-medium wp-image-18679\" src=\"https:\/\/exaudi.org\/wp-content\/uploads\/2021\/05\/VM240521093724_0112-300x200.jpg\" alt=\"\" width=\"300\" height=\"200\" srcset=\"https:\/\/exaudi.org\/wp-content\/uploads\/2021\/05\/VM240521093724_0112-300x200.jpg 300w, https:\/\/exaudi.org\/wp-content\/uploads\/2021\/05\/VM240521093724_0112-1024x683.jpg 1024w, https:\/\/exaudi.org\/wp-content\/uploads\/2021\/05\/VM240521093724_0112-768x512.jpg 768w, https:\/\/exaudi.org\/wp-content\/uploads\/2021\/05\/VM240521093724_0112-1536x1024.jpg 1536w, https:\/\/exaudi.org\/wp-content\/uploads\/2021\/05\/VM240521093724_0112-2048x1365.jpg 2048w, https:\/\/exaudi.org\/wp-content\/uploads\/2021\/05\/VM240521093724_0112-150x100.jpg 150w, https:\/\/exaudi.org\/wp-content\/uploads\/2021\/05\/VM240521093724_0112-696x464.jpg 696w, https:\/\/exaudi.org\/wp-content\/uploads\/2021\/05\/VM240521093724_0112-1068x712.jpg 1068w, https:\/\/exaudi.org\/wp-content\/uploads\/2021\/05\/VM240521093724_0112-1920x1280.jpg 1920w, https:\/\/exaudi.org\/wp-content\/uploads\/2021\/05\/VM240521093724_0112-630x420.jpg 630w\" sizes=\"auto, (max-width: 300px) 100vw, 300px\" \/><\/p>\n<p>A su vez, ha sido miembro designado por el Santo S\u00ednodo de la Comisi\u00f3n para la Revisi\u00f3n de la Constituci\u00f3n de la Iglesia Ortodoxa Serbia y miembro de la Academia Europea de Ciencias y Artes de Salzburgo.<\/p>\n<p>Seg\u00fan describe la Facultad de Derecho de la Universidad de Belgrado, est\u00e1 considerado como una de las principales autoridades en derecho comparado, historia del mismo, y derecho romano, estatal-eclesi\u00e1stico y ret\u00f3rica.\u00a0Habla ingl\u00e9s, alem\u00e1n, griego, franc\u00e9s e italiano, adem\u00e1s de conocer dos lenguas cl\u00e1sicas como el griego antiguo y el lat\u00edn. Es un eminente conferenciante en las principales universidades de Grecia, Austria, Italia, Jap\u00f3n, Croacia, Macedonia, Bosnia-Herzegovina, Estados Unidos, Alemania, Inglaterra y Escocia.<\/p>\n","protected":false},"excerpt":{"rendered":"<p>Sima Avramovi\u0107<\/p>\n","protected":false},"author":6,"featured_media":18676,"comment_status":"closed","ping_status":"closed","sticky":false,"template":"","format":"standard","meta":{"_acf_changed":false,"_crdt_document":"","inline_featured_image":false,"footnotes":""},"categories":[146,298],"tags":[1011,2482,272],"class_list":["post-18667","post","type-post","status-publish","format-standard","has-post-thumbnail","hentry","category-ciudad-del-vaticano","category-ultimas-noticias","tag-cartas-credenciales","tag-serbia","tag-vaticano-es"],"acf":[],"yoast_head":"<!-- This site is optimized with the Yoast SEO plugin v27.5 - https:\/\/yoast.com\/product\/yoast-seo-wordpress\/ -->\n<title>Vaticano: El embajador de Serbia entrega sus cartas credenciales - Exaudi<\/title>\n<meta name=\"description\" content=\"El Papa ha recibido a Sima Avramovi\u0107, embajador de Serbia ante la Santa Sede, para la presentaci\u00f3n de sus credenciales al Vaticano.\" \/>\n<meta name=\"robots\" content=\"index, follow, max-snippet:-1, max-image-preview:large, max-video-preview:-1\" \/>\n<link rel=\"canonical\" href=\"https:\/\/exaudi.org\/es\/vaticano-embajador-serbia-cartas-credenciales-2021\/\" \/>\n<meta property=\"og:locale\" content=\"es_ES\" \/>\n<meta property=\"og:type\" content=\"article\" \/>\n<meta property=\"og:title\" content=\"Vaticano: El embajador de Serbia entrega sus cartas credenciales - Exaudi\" \/>\n<meta property=\"og:description\" content=\"El Papa ha recibido a Sima Avramovi\u0107, embajador de Serbia ante la Santa Sede, para la presentaci\u00f3n de sus credenciales al Vaticano.\" \/>\n<meta property=\"og:url\" content=\"https:\/\/exaudi.org\/es\/vaticano-embajador-serbia-cartas-credenciales-2021\/\" \/>\n<meta property=\"og:site_name\" content=\"Exaudi\" \/>\n<meta property=\"article:publisher\" content=\"https:\/\/www.facebook.com\/ExaudiNews\" \/>\n<meta property=\"article:published_time\" content=\"2021-05-24T14:29:14+00:00\" \/>\n<meta property=\"article:modified_time\" content=\"2021-05-24T14:40:54+00:00\" \/>\n<meta property=\"og:image\" content=\"https:\/\/exaudi.org\/wp-content\/uploads\/2021\/05\/hjy56.jpg\" \/>\n\t<meta property=\"og:image:width\" content=\"2310\" \/>\n\t<meta property=\"og:image:height\" content=\"1540\" \/>\n\t<meta property=\"og:image:type\" content=\"image\/jpeg\" \/>\n<meta name=\"author\" content=\"Gabriel Sales\" \/>\n<meta name=\"twitter:card\" content=\"summary_large_image\" \/>\n<meta name=\"twitter:creator\" content=\"@habemusman\" \/>\n<meta name=\"twitter:site\" content=\"@Exaudi_News\" \/>\n<meta name=\"twitter:label1\" content=\"Escrito por\" \/>\n\t<meta name=\"twitter:data1\" content=\"Gabriel Sales\" \/>\n\t<meta name=\"twitter:label2\" content=\"Tiempo de lectura\" \/>\n\t<meta name=\"twitter:data2\" content=\"2 minutos\" \/>\n<script type=\"application\/ld+json\" class=\"yoast-schema-graph\">{\"@context\":\"https:\\\/\\\/schema.org\",\"@graph\":[{\"@type\":\"Article\",\"@id\":\"https:\\\/\\\/exaudi.org\\\/es\\\/vaticano-embajador-serbia-cartas-credenciales-2021\\\/#article\",\"isPartOf\":{\"@id\":\"https:\\\/\\\/exaudi.org\\\/es\\\/vaticano-embajador-serbia-cartas-credenciales-2021\\\/\"},\"author\":{\"name\":\"Gabriel Sales\",\"@id\":\"https:\\\/\\\/exaudi.org\\\/#\\\/schema\\\/person\\\/d134b96438278131ce90c90c03fda6cd\"},\"headline\":\"Vaticano: El embajador de Serbia entrega sus cartas credenciales\",\"datePublished\":\"2021-05-24T14:29:14+00:00\",\"dateModified\":\"2021-05-24T14:40:54+00:00\",\"mainEntityOfPage\":{\"@id\":\"https:\\\/\\\/exaudi.org\\\/es\\\/vaticano-embajador-serbia-cartas-credenciales-2021\\\/\"},\"wordCount\":325,\"image\":{\"@id\":\"https:\\\/\\\/exaudi.org\\\/es\\\/vaticano-embajador-serbia-cartas-credenciales-2021\\\/#primaryimage\"},\"thumbnailUrl\":\"https:\\\/\\\/exaudi.org\\\/wp-content\\\/uploads\\\/2021\\\/05\\\/hjy56.jpg\",\"keywords\":[\"Cartas credenciales\",\"Serbia\",\"Vaticano\"],\"articleSection\":[\"Ciudad del Vaticano\",\"\u00daltimas noticias\"],\"inLanguage\":\"es\"},{\"@type\":\"WebPage\",\"@id\":\"https:\\\/\\\/exaudi.org\\\/es\\\/vaticano-embajador-serbia-cartas-credenciales-2021\\\/\",\"url\":\"https:\\\/\\\/exaudi.org\\\/es\\\/vaticano-embajador-serbia-cartas-credenciales-2021\\\/\",\"name\":\"Vaticano: El embajador de Serbia entrega sus cartas credenciales - Exaudi\",\"isPartOf\":{\"@id\":\"https:\\\/\\\/exaudi.org\\\/#website\"},\"primaryImageOfPage\":{\"@id\":\"https:\\\/\\\/exaudi.org\\\/es\\\/vaticano-embajador-serbia-cartas-credenciales-2021\\\/#primaryimage\"},\"image\":{\"@id\":\"https:\\\/\\\/exaudi.org\\\/es\\\/vaticano-embajador-serbia-cartas-credenciales-2021\\\/#primaryimage\"},\"thumbnailUrl\":\"https:\\\/\\\/exaudi.org\\\/wp-content\\\/uploads\\\/2021\\\/05\\\/hjy56.jpg\",\"datePublished\":\"2021-05-24T14:29:14+00:00\",\"dateModified\":\"2021-05-24T14:40:54+00:00\",\"author\":{\"@id\":\"https:\\\/\\\/exaudi.org\\\/#\\\/schema\\\/person\\\/d134b96438278131ce90c90c03fda6cd\"},\"description\":\"El Papa ha recibido a Sima Avramovi\u0107, embajador de Serbia ante la Santa Sede, para la presentaci\u00f3n de sus credenciales al Vaticano.\",\"breadcrumb\":{\"@id\":\"https:\\\/\\\/exaudi.org\\\/es\\\/vaticano-embajador-serbia-cartas-credenciales-2021\\\/#breadcrumb\"},\"inLanguage\":\"es\",\"potentialAction\":[{\"@type\":\"ReadAction\",\"target\":[\"https:\\\/\\\/exaudi.org\\\/es\\\/vaticano-embajador-serbia-cartas-credenciales-2021\\\/\"]}]},{\"@type\":\"ImageObject\",\"inLanguage\":\"es\",\"@id\":\"https:\\\/\\\/exaudi.org\\\/es\\\/vaticano-embajador-serbia-cartas-credenciales-2021\\\/#primaryimage\",\"url\":\"https:\\\/\\\/exaudi.org\\\/wp-content\\\/uploads\\\/2021\\\/05\\\/hjy56.jpg\",\"contentUrl\":\"https:\\\/\\\/exaudi.org\\\/wp-content\\\/uploads\\\/2021\\\/05\\\/hjy56.jpg\",\"width\":2310,\"height\":1540,\"caption\":\"El Papa junto al embajador de Serbia \u00a9 Vatican Media\"},{\"@type\":\"BreadcrumbList\",\"@id\":\"https:\\\/\\\/exaudi.org\\\/es\\\/vaticano-embajador-serbia-cartas-credenciales-2021\\\/#breadcrumb\",\"itemListElement\":[{\"@type\":\"ListItem\",\"position\":1,\"name\":\"Portada\",\"item\":\"https:\\\/\\\/exaudi.org\\\/es\\\/\"},{\"@type\":\"ListItem\",\"position\":2,\"name\":\"Vaticano: El embajador de Serbia entrega sus cartas credenciales\"}]},{\"@type\":\"WebSite\",\"@id\":\"https:\\\/\\\/exaudi.org\\\/#website\",\"url\":\"https:\\\/\\\/exaudi.org\\\/\",\"name\":\"Exaudi\",\"description\":\"News\",\"potentialAction\":[{\"@type\":\"SearchAction\",\"target\":{\"@type\":\"EntryPoint\",\"urlTemplate\":\"https:\\\/\\\/exaudi.org\\\/?s={search_term_string}\"},\"query-input\":{\"@type\":\"PropertyValueSpecification\",\"valueRequired\":true,\"valueName\":\"search_term_string\"}}],\"inLanguage\":\"es\"},{\"@type\":\"Person\",\"@id\":\"https:\\\/\\\/exaudi.org\\\/#\\\/schema\\\/person\\\/d134b96438278131ce90c90c03fda6cd\",\"name\":\"Gabriel Sales\",\"image\":{\"@type\":\"ImageObject\",\"inLanguage\":\"es\",\"@id\":\"https:\\\/\\\/secure.gravatar.com\\\/avatar\\\/9b1269566f6a063ed26ffb3532b66a373cdde231ce5d0effb266167437fdaffd?s=96&d=mm&r=g\",\"url\":\"https:\\\/\\\/secure.gravatar.com\\\/avatar\\\/9b1269566f6a063ed26ffb3532b66a373cdde231ce5d0effb266167437fdaffd?s=96&d=mm&r=g\",\"contentUrl\":\"https:\\\/\\\/secure.gravatar.com\\\/avatar\\\/9b1269566f6a063ed26ffb3532b66a373cdde231ce5d0effb266167437fdaffd?s=96&d=mm&r=g\",\"caption\":\"Gabriel Sales\"},\"description\":\"Periodista y especialista en Comunicaci\u00f3n y Branding digital. Cin\u00e9filo y cr\u00edtico de cine y series de televisi\u00f3n.\",\"sameAs\":[\"https:\\\/\\\/www.instagram.com\\\/cine90segundos\\\/\",\"www.linkedin.com\\\/in\\\/habemusman\",\"https:\\\/\\\/x.com\\\/habemusman\",\"https:\\\/\\\/www.youtube.com\\\/channel\\\/UCVfCiOMkJ_C7T7OpyjuaLDg\"],\"url\":\"https:\\\/\\\/exaudi.org\\\/es\\\/author\\\/gsalesexaudi-org\\\/\"}]}<\/script>\n<!-- \/ Yoast SEO plugin. -->","yoast_head_json":{"title":"Vaticano: El embajador de Serbia entrega sus cartas credenciales - Exaudi","description":"El Papa ha recibido a Sima Avramovi\u0107, embajador de Serbia ante la Santa Sede, para la presentaci\u00f3n de sus credenciales al Vaticano.","robots":{"index":"index","follow":"follow","max-snippet":"max-snippet:-1","max-image-preview":"max-image-preview:large","max-video-preview":"max-video-preview:-1"},"canonical":"https:\/\/exaudi.org\/es\/vaticano-embajador-serbia-cartas-credenciales-2021\/","og_locale":"es_ES","og_type":"article","og_title":"Vaticano: El embajador de Serbia entrega sus cartas credenciales - Exaudi","og_description":"El Papa ha recibido a Sima Avramovi\u0107, embajador de Serbia ante la Santa Sede, para la presentaci\u00f3n de sus credenciales al Vaticano.","og_url":"https:\/\/exaudi.org\/es\/vaticano-embajador-serbia-cartas-credenciales-2021\/","og_site_name":"Exaudi","article_publisher":"https:\/\/www.facebook.com\/ExaudiNews","article_published_time":"2021-05-24T14:29:14+00:00","article_modified_time":"2021-05-24T14:40:54+00:00","og_image":[{"width":2310,"height":1540,"url":"https:\/\/exaudi.org\/wp-content\/uploads\/2021\/05\/hjy56.jpg","type":"image\/jpeg"}],"author":"Gabriel Sales","twitter_card":"summary_large_image","twitter_creator":"@habemusman","twitter_site":"@Exaudi_News","twitter_misc":{"Escrito por":"Gabriel Sales","Tiempo de lectura":"2 minutos"},"schema":{"@context":"https:\/\/schema.org","@graph":[{"@type":"Article","@id":"https:\/\/exaudi.org\/es\/vaticano-embajador-serbia-cartas-credenciales-2021\/#article","isPartOf":{"@id":"https:\/\/exaudi.org\/es\/vaticano-embajador-serbia-cartas-credenciales-2021\/"},"author":{"name":"Gabriel Sales","@id":"https:\/\/exaudi.org\/#\/schema\/person\/d134b96438278131ce90c90c03fda6cd"},"headline":"Vaticano: El embajador de Serbia entrega sus cartas credenciales","datePublished":"2021-05-24T14:29:14+00:00","dateModified":"2021-05-24T14:40:54+00:00","mainEntityOfPage":{"@id":"https:\/\/exaudi.org\/es\/vaticano-embajador-serbia-cartas-credenciales-2021\/"},"wordCount":325,"image":{"@id":"https:\/\/exaudi.org\/es\/vaticano-embajador-serbia-cartas-credenciales-2021\/#primaryimage"},"thumbnailUrl":"https:\/\/exaudi.org\/wp-content\/uploads\/2021\/05\/hjy56.jpg","keywords":["Cartas credenciales","Serbia","Vaticano"],"articleSection":["Ciudad del Vaticano","\u00daltimas noticias"],"inLanguage":"es"},{"@type":"WebPage","@id":"https:\/\/exaudi.org\/es\/vaticano-embajador-serbia-cartas-credenciales-2021\/","url":"https:\/\/exaudi.org\/es\/vaticano-embajador-serbia-cartas-credenciales-2021\/","name":"Vaticano: El embajador de Serbia entrega sus cartas credenciales - Exaudi","isPartOf":{"@id":"https:\/\/exaudi.org\/#website"},"primaryImageOfPage":{"@id":"https:\/\/exaudi.org\/es\/vaticano-embajador-serbia-cartas-credenciales-2021\/#primaryimage"},"image":{"@id":"https:\/\/exaudi.org\/es\/vaticano-embajador-serbia-cartas-credenciales-2021\/#primaryimage"},"thumbnailUrl":"https:\/\/exaudi.org\/wp-content\/uploads\/2021\/05\/hjy56.jpg","datePublished":"2021-05-24T14:29:14+00:00","dateModified":"2021-05-24T14:40:54+00:00","author":{"@id":"https:\/\/exaudi.org\/#\/schema\/person\/d134b96438278131ce90c90c03fda6cd"},"description":"El Papa ha recibido a Sima Avramovi\u0107, embajador de Serbia ante la Santa Sede, para la presentaci\u00f3n de sus credenciales al Vaticano.","breadcrumb":{"@id":"https:\/\/exaudi.org\/es\/vaticano-embajador-serbia-cartas-credenciales-2021\/#breadcrumb"},"inLanguage":"es","potentialAction":[{"@type":"ReadAction","target":["https:\/\/exaudi.org\/es\/vaticano-embajador-serbia-cartas-credenciales-2021\/"]}]},{"@type":"ImageObject","inLanguage":"es","@id":"https:\/\/exaudi.org\/es\/vaticano-embajador-serbia-cartas-credenciales-2021\/#primaryimage","url":"https:\/\/exaudi.org\/wp-content\/uploads\/2021\/05\/hjy56.jpg","contentUrl":"https:\/\/exaudi.org\/wp-content\/uploads\/2021\/05\/hjy56.jpg","width":2310,"height":1540,"caption":"El Papa junto al embajador de Serbia \u00a9 Vatican Media"},{"@type":"BreadcrumbList","@id":"https:\/\/exaudi.org\/es\/vaticano-embajador-serbia-cartas-credenciales-2021\/#breadcrumb","itemListElement":[{"@type":"ListItem","position":1,"name":"Portada","item":"https:\/\/exaudi.org\/es\/"},{"@type":"ListItem","position":2,"name":"Vaticano: El embajador de Serbia entrega sus cartas credenciales"}]},{"@type":"WebSite","@id":"https:\/\/exaudi.org\/#website","url":"https:\/\/exaudi.org\/","name":"Exaudi","description":"News","potentialAction":[{"@type":"SearchAction","target":{"@type":"EntryPoint","urlTemplate":"https:\/\/exaudi.org\/?s={search_term_string}"},"query-input":{"@type":"PropertyValueSpecification","valueRequired":true,"valueName":"search_term_string"}}],"inLanguage":"es"},{"@type":"Person","@id":"https:\/\/exaudi.org\/#\/schema\/person\/d134b96438278131ce90c90c03fda6cd","name":"Gabriel Sales","image":{"@type":"ImageObject","inLanguage":"es","@id":"https:\/\/secure.gravatar.com\/avatar\/9b1269566f6a063ed26ffb3532b66a373cdde231ce5d0effb266167437fdaffd?s=96&d=mm&r=g","url":"https:\/\/secure.gravatar.com\/avatar\/9b1269566f6a063ed26ffb3532b66a373cdde231ce5d0effb266167437fdaffd?s=96&d=mm&r=g","contentUrl":"https:\/\/secure.gravatar.com\/avatar\/9b1269566f6a063ed26ffb3532b66a373cdde231ce5d0effb266167437fdaffd?s=96&d=mm&r=g","caption":"Gabriel Sales"},"description":"Periodista y especialista en Comunicaci\u00f3n y Branding digital. Cin\u00e9filo y cr\u00edtico de cine y series de televisi\u00f3n.","sameAs":["https:\/\/www.instagram.com\/cine90segundos\/","www.linkedin.com\/in\/habemusman","https:\/\/x.com\/habemusman","https:\/\/www.youtube.com\/channel\/UCVfCiOMkJ_C7T7OpyjuaLDg"],"url":"https:\/\/exaudi.org\/es\/author\/gsalesexaudi-org\/"}]}},"jetpack_featured_media_url":"https:\/\/exaudi.org\/wp-content\/uploads\/2021\/05\/hjy56.jpg","jetpack_shortlink":"https:\/\/wp.me\/pgKjF2-4R5","_links":{"self":[{"href":"https:\/\/exaudi.org\/es\/wp-json\/wp\/v2\/posts\/18667","targetHints":{"allow":["GET"]}}],"collection":[{"href":"https:\/\/exaudi.org\/es\/wp-json\/wp\/v2\/posts"}],"about":[{"href":"https:\/\/exaudi.org\/es\/wp-json\/wp\/v2\/types\/post"}],"author":[{"embeddable":true,"href":"https:\/\/exaudi.org\/es\/wp-json\/wp\/v2\/users\/6"}],"replies":[{"embeddable":true,"href":"https:\/\/exaudi.org\/es\/wp-json\/wp\/v2\/comments?post=18667"}],"version-history":[{"count":0,"href":"https:\/\/exaudi.org\/es\/wp-json\/wp\/v2\/posts\/18667\/revisions"}],"wp:featuredmedia":[{"embeddable":true,"href":"https:\/\/exaudi.org\/es\/wp-json\/wp\/v2\/media\/18676"}],"wp:attachment":[{"href":"https:\/\/exaudi.org\/es\/wp-json\/wp\/v2\/media?parent=18667"}],"wp:term":[{"taxonomy":"category","embeddable":true,"href":"https:\/\/exaudi.org\/es\/wp-json\/wp\/v2\/categories?post=18667"},{"taxonomy":"post_tag","embeddable":true,"href":"https:\/\/exaudi.org\/es\/wp-json\/wp\/v2\/tags?post=18667"}],"curies":[{"name":"wp","href":"https:\/\/api.w.org\/{rel}","templated":true}]}}