{"id":18595,"date":"2021-05-24T13:32:12","date_gmt":"2021-05-24T11:32:12","guid":{"rendered":"https:\/\/exaudi.org\/?p=18595"},"modified":"2021-05-24T17:52:42","modified_gmt":"2021-05-24T15:52:42","slug":"carta-papa-general-dominicos-2021","status":"publish","type":"post","link":"https:\/\/exaudi.org\/es\/carta-papa-general-dominicos-2021\/","title":{"rendered":"Carta del Papa al general de los dominicos"},"content":{"rendered":"<p>El <a href=\"https:\/\/exaudi.org\/es\/papa-visita-dicasterio-comunicacion-2021\/\" target=\"_blank\" rel=\"noopener noreferrer\">Papa Francisco<\/a> ha enviado una carta a Fray Gerard Timoner, maestro general de la Orden de los Predicadores, con motivo del VIII centenario de la muerte de santo Domingo de Caleruega, fundador de los dominicos. As\u00ed ha informado la <a href=\"http:\/\/www.vatican.va\/news_services\/press\/index_sp.htm\" target=\"_blank\" rel=\"noopener noreferrer\">Oficina de Prensa de la Santa Sede.<\/a><\/p>\n<p>Dirigi\u00e9ndose tambi\u00e9n a los miembros de vida contemplativa, monjas y hermanas, fraternidades sacerdotales y laicas, institutos seculares y movimientos juveniles, el Santo Padre muestra su uni\u00f3n \u201ccon agrado a los Frailes Predicadores para dar gracias por la fecundidad espiritual de ese carisma y de esa misi\u00f3n, que se manifiesta en la rica variedad de la familia dominica a lo largo de los siglos\u201d.<\/p>\n<h4><strong>Celo por la salvaci\u00f3n de las almas<\/strong><\/h4>\n<p>Al comienzo de su misiva, el Pont\u00edfice explica que santo Domingo \u201crespondi\u00f3 a la urgente necesidad de su tiempo no s\u00f3lo de una predicaci\u00f3n del Evangelio renovada y vibrante , sino tambi\u00e9n, igualmente importante, de un testimonio convincente de sus llamadas a la santidad en la comuni\u00f3n viva de la Iglesia\u201d.<\/p>\n<p>\u201cEn el esp\u00edritu de toda aut\u00e9ntica reforma, trat\u00f3 de volver a la pobreza y la sencillez de la primitiva comunidad cristiana, reunida en torno a los ap\u00f3stoles y fiel a sus ense\u00f1anzas\u201d, prosigue, y \u201csu celo por la salvaci\u00f3n de las almas le llev\u00f3 a constituir un cuerpo de predicadores comprometidos cuyo amor por la p\u00e1gina sagrada y la integridad de la vida pudiera iluminar las mentes y calentar los corazones con la verdad vivificante de la palabra divina\u201d.<\/p>\n<h4><strong>Amor misericordioso<\/strong><\/h4>\n<p>Francisco ilustra c\u00f3mo el santo sirve en la actualidad como inspiraci\u00f3n para \u201cllegar a todas las periferias de nuestro mundo con la luz del Evangelio y el amor misericordioso de Cristo\u201d, ya que su vocaci\u00f3n fue \u201cpredicar el Evangelio del amor misericordioso de Dios en toda su verdad salvadora y su poder redentor\u201d.<\/p>\n<p>\u201cSu testimonio de la misericordia de Cristo y su deseo de llevar el b\u00e1lsamo que cura a los que viv\u00edan en la pobreza material y espiritual inspirar\u00edan m\u00e1s tarde la fundaci\u00f3n de vuestra Orden y dar\u00edan forma a la vida y al apostolado de innumerables dominicos en diferentes tiempos y lugares\u201d, expresa.<\/p>\n<h4><strong>Amistad social de Domingo<\/strong><\/h4>\n<p>El Papa manifiesta que \u201cel mensaje evang\u00e9lico de nuestra inalienable dignidad humana como hijos de Dios y miembros de la \u00fanica familia humana reta hoy a la Iglesia a reforzar los v\u00ednculos de amistad social, a superar las estructuras econ\u00f3micas y pol\u00edticas injustas y a trabajar por el desarrollo integral de cada persona y pueblo\u201d.<\/p>\n<p>\u201cEl celo de Santo Domingo por el Evangelio y su deseo de una vida aut\u00e9nticamente apost\u00f3lica le llevaron a subrayar la importancia de la vida en com\u00fan\u201d. Este ideal de fraternidad, contin\u00faa, \u201cencontrar\u00eda su expresi\u00f3n en una forma de gobierno inclusiva, en la que todos participaran en el proceso de discernimiento y toma de decisiones, de acuerdo con sus respectivas funciones y autoridades, a trav\u00e9s del sistema de cap\u00edtulos a todos los niveles\u201d.<\/p>\n<h4><strong>Carisma de la predicaci\u00f3n<\/strong><\/h4>\n<p>Despu\u00e9s de repasar la comuni\u00f3n evangelizadora que tuvo santo Domingo con san Francisco de As\u00eds, y de su influencia en santa Catalina de Siena y muchos artistas del momento y en la actualidad, el Obispo de Roma se\u00f1ala la necesidad de\u00a0\u201crecordar a aquellos miembros de la familia dominica cuyo martirio fue en s\u00ed mismo una poderosa forma de predicaci\u00f3n\u201d.<\/p>\n<p>\u201cO los innumerables hombres y mujeres que, imitando la sencillez y la compasi\u00f3n de san Mart\u00edn de Porres, han llevado la alegr\u00eda del Evangelio a las periferias de la sociedad y de nuestro mundo. Pienso, en particular, en el testimonio silencioso que ofrecen los muchos miles de terciarios dominicos y los miembros del Movimiento Juvenil Dominico, que reflejan el importante y de hecho indispensable papel de los laicos en la obra de evangelizaci\u00f3n\u201d, declara.<\/p>\n<p>Asimismo, aprovechando el jubileo del nacimiento a la vida eterna de su fundador, el Sucesor de Pedro muestra su \u201cgratitud a los Frailes Predicadores por su extraordinaria contribuci\u00f3n a la predicaci\u00f3n del Evangelio a trav\u00e9s de su exploraci\u00f3n teol\u00f3gica de los misterios de la fe\u201d.<\/p>\n<p>\u201cEl apostolado intelectual de la Orden, sus numerosas escuelas e institutos de estudios superiores, su cultivo de las ciencias sagradas y su presencia en el mundo de la cultura han estimulado el encuentro entre la fe y la raz\u00f3n, alimentado la vitalidad de la fe cristiana y promovido la misi\u00f3n de la Iglesia de atraer las mentes y los corazones hacia Cristo\u201d, a\u00f1ade.<\/p>\n<p>A continuaci\u00f3n, sigue el texto completo de la carta enviada por el Papa Francisco.<\/p>\n<p>***<\/p>\n<h4><strong>Carta del Santo Padre<\/strong><\/h4>\n<p>Al hermano Gerard Francisco Timoner, O.P.,<\/p>\n<p>Maestro General de la Orden de Predicadores<\/p>\n<p><em>Praedicator Gratiae<\/em>: entre los t\u00edtulos atribuidos a santo Domingo destaca el de \u201cPredicador de la Gracia\u201d por su consonancia con el carisma y la misi\u00f3n de la Orden que fund\u00f3. En este a\u00f1o, en el que se celebra el octavo centenario de la muerte de santo Domingo, me uno con agrado a los Frailes Predicadores para dar gracias por la fecundidad espiritual de ese carisma y de esa misi\u00f3n, que se manifiesta en la rica variedad de la familia dominica a lo largo de los siglos. Mi saludo de oraci\u00f3n y mis buenos deseos se dirigen a todos los miembros de esta gran familia, que abarca la vida contemplativa y las obras apost\u00f3licas de sus monjas y hermanas, sus fraternidades sacerdotales y laicas, sus institutos seculares y sus movimientos juveniles.<\/p>\n<p>En la exhortaci\u00f3n apost\u00f3lica <em>Gaudete et Exsultate<\/em>\u00a0expres\u00e9 mi convicci\u00f3n de que \u201ccada santo es una misi\u00f3n; es un proyecto del Padre para reflejar y encarnar, en un momento determinado de la historia, un aspecto del Evangelio. \u201c (n. 19). Domingo respondi\u00f3 a la urgente necesidad de su tiempo no s\u00f3lo de una predicaci\u00f3n del Evangelio renovada y vibrante , sino tambi\u00e9n, igualmente importante, de un testimonio convincente de sus llamadas a la santidad en la comuni\u00f3n viva de la Iglesia.\u00a0 En el esp\u00edritu de toda aut\u00e9ntica reforma, trat\u00f3 de volver a la pobreza y la sencillez de la primitiva comunidad cristiana, reunida en torno a los ap\u00f3stoles y fiel a sus ense\u00f1anzas (cf.\u00a0<em>Hch<\/em>\u00a02,42).\u00a0 Al mismo tiempo, su celo por la salvaci\u00f3n de las almas le llev\u00f3 a constituir un cuerpo de predicadores comprometidos cuyo amor por la p\u00e1gina sagrada y la integridad de la vida pudiera iluminar las mentes y calentar los corazones con la verdad vivificante de la palabra divina.<\/p>\n<p>En nuestro tiempo, caracterizado por grandes transformaciones y nuevos desaf\u00edos a la misi\u00f3n evangelizadora de la Iglesia, Domingo puede servir de inspiraci\u00f3n a todos los bautizados, llamados, como disc\u00edpulos misioneros, a llegar a todas las \u201cperiferias\u201d de nuestro mundo con la luz del Evangelio y el amor misericordioso de Cristo. Hablando de las l\u00edneas temporales perennes de la visi\u00f3n y el carisma de Santo Domingo, el Papa Benedicto XVI nos recordaba que \u201cen el coraz\u00f3n de la Iglesia debe arder siempre un fuego misionero\u00a0 \u201c (<em>Audiencia General,<\/em>\u00a03 de febrero de 2010).<\/p>\n<p>La gran vocaci\u00f3n de Domingo era predicar el Evangelio del amor misericordioso de Dios en toda su verdad salvadora y su poder redentor. Como estudiante en Palencia lleg\u00f3 a apreciar la inseparabilidad de la fe y la caridad, la verdad y el amor, la integridad y la compasi\u00f3n. Como cuenta el beato Jord\u00e1n de Sajonia, conmovido por las grandes multitudes que sufr\u00edan y mor\u00edan durante una severa hambruna, Domingo vendi\u00f3 sus preciosos libros y con una bondad ejemplar instituy\u00f3 una limosner\u00eda donde dar de comer a los pobres. (<em>Libellu<\/em>s, 10).\u00a0 Su testimonio de la misericordia de Cristo y su deseo de llevar el b\u00e1lsamo que cura a los que viv\u00edan en la pobreza material y espiritual inspirar\u00edan m\u00e1s tarde la fundaci\u00f3n de vuestra Orden y dar\u00edan forma a la vida y al apostolado de innumerables dominicos en diferentes tiempos y lugares.\u00a0 La unidad de la verdad y la caridad encontr\u00f3 quiz\u00e1s su m\u00e1xima expresi\u00f3n en la escuela dominica de Salamanca, y en particular en la obra de Fray Francisco de Vitoria, que propuso un marco de derecho internacional enraizado en los derechos humanos universales.\u00a0 Esto, a su vez, proporcion\u00f3 la base filos\u00f3fica y teol\u00f3gica para el compromiso heroico de los frailes Antonio Montesinos y Bartolom\u00e9 de Las Casas en Am\u00e9rica, y Domingo de Salazar en Asia, para defender la dignidad y los derechos de los pueblos nativos.<\/p>\n<p>El mensaje evang\u00e9lico de nuestra inalienable dignidad humana como hijos de Dios y miembros de la \u00fanica familia humana reta hoy a la Iglesia a reforzar los v\u00ednculos de amistad social, a superar las estructuras econ\u00f3micas y pol\u00edticas injustas y a trabajar por el desarrollo integral de cada persona y pueblo. Fieles a la voluntad del Se\u00f1or e inspirados por el Esp\u00edritu Santo, los seguidores de Cristo est\u00e1n llamados a cooperar en todos los esfuerzos para \u201cparir un mundo nuevo, donde todos seamos hermanos, donde haya lugar para cada descartado de nuestras sociedades, donde resplandezcan la justicia y la paz\u201d (<em>Fratelli tutti<\/em>, n. 278).\u00a0 Ojal\u00e1 la Orden de Predicadores, hoy como entonces, est\u00e9 en la vanguardia de un anuncio renovado del Evangelio, capaz de hablar al coraz\u00f3n de los hombres y mujeres de nuestro tiempo y de despertar en ellos la sed de la llegada del reino de santidad, justicia y paz de Cristo.<\/p>\n<p>El celo de Santo Domingo por el Evangelio y su deseo de una vida aut\u00e9nticamente apost\u00f3lica le llevaron a subrayar la importancia de la vida en com\u00fan. Nuevamente, el Beato Jord\u00e1n de Sajonia nos dice que, al fundar su Orden, Domingo eligi\u00f3 significativamente \u201cser llamado no subprior, sino fray Domingo (cf. <em>Libellus<\/em>, 21).\u00a0 Este ideal de fraternidad encontrar\u00eda su expresi\u00f3n en una forma de gobierno inclusiva, en la que todos participaran en el proceso de discernimiento y toma de decisiones, de acuerdo con sus respectivas funciones y autoridades, a trav\u00e9s del sistema de cap\u00edtulos a todos los niveles. Este proceso \u201csinodal\u201d permiti\u00f3 a la Orden adaptar su vida y su misi\u00f3n a contextos hist\u00f3ricos, siempre cambiantes, manteniendo la comuni\u00f3n fraternal.\u00a0\u00a0 El testimonio de la fraternidad evang\u00e9lica, como testimonio prof\u00e9tico del plan \u00faltimo de Dios en Cristo para la reconciliaci\u00f3n en la unidad de toda la familia humana, sigue siendo un elemento fundamental del carisma dominico y un pilar del compromiso de la Orden para promover la renovaci\u00f3n de la vida cristiana y difundir el Evangelio en nuestro tiempo.<\/p>\n<p>Con san Francisco de As\u00eds, Domingo entendi\u00f3 que la proclamaci\u00f3n del Evangelio,\u00a0<em>verbis et exemplo<\/em>, implicaba el crecimiento de toda la comunidad eclesial en la unidad fraternal y el discipulado misionero. El carisma dominico de la predicaci\u00f3n pronto condujo a la creaci\u00f3n de las diversas ramas de la gran familia dominica, abarcando todos los estados de vida de la Iglesia. En siglos sucesivos encontr\u00f3 una expresi\u00f3n elocuente en los escritos de santa Catalina de Siena, en las pinturas del beato Fra\u2019 Ang\u00e9lico y en las obras de caridad de santa Rosa de Lima, el beato Juan Mac\u00edas y santa Margarita de Citt\u00e0 di Castello.\u00a0 As\u00ed, tambi\u00e9n en nuestra \u00e9poca sigue inspirando el trabajo de artistas, acad\u00e9micos, profesores y comunicadores. En este a\u00f1o de aniversario, no podemos dejar de recordar a aquellos miembros de la familia dominica cuyo martirio fue en s\u00ed mismo una poderosa forma de predicaci\u00f3n. O los innumerables hombres y mujeres que, imitando la sencillez y la compasi\u00f3n de san Mart\u00edn de Porres, han llevado la alegr\u00eda del Evangelio a las periferias de la sociedad y de nuestro mundo. Pienso, en particular, en el testimonio silencioso que ofrecen los muchos miles de terciarios dominicos y los miembros del Movimiento Juvenil Dominico, que reflejan el importante y de hecho indispensable papel de los laicos en la obra de evangelizaci\u00f3n.<\/p>\n<p>En el jubileo del nacimiento de santo Domingo a la vida eterna, quiero expresar de manera especial mi gratitud a los Frailes Predicadores por su extraordinaria contribuci\u00f3n a la predicaci\u00f3n del Evangelio a trav\u00e9s de su exploraci\u00f3n teol\u00f3gica de los misterios de la fe. Al enviar a los primeros frailes a las nacientes universidades de Europa, Domingo reconoci\u00f3 la importancia vital de dar a los futuros predicadores una s\u00f3lida y sana formaci\u00f3n teol\u00f3gica basada en la Sagrada Escritura, respetuosa con las cuestiones planteadas por la raz\u00f3n y preparada para entablar un di\u00e1logo disciplinado y respetuoso al servicio de la revelaci\u00f3n de Dios en Cristo. El apostolado intelectual de la Orden, sus numerosas escuelas e institutos de estudios superiores, su cultivo de las ciencias sagradas y su presencia en el mundo de la cultura han estimulado el encuentro entre la fe y la raz\u00f3n, alimentado la vitalidad de la fe cristiana y promovido la misi\u00f3n de la Iglesia de atraer las mentes y los corazones hacia Cristo. Tambi\u00e9n en este sentido no puedo sino renovar mi gratitud por la historia de la Orden de servicio a la Sede Apost\u00f3lica, que se remonta al propio Domingo.<\/p>\n<p>Durante mi visita a Bolonia hace cinco a\u00f1os, tuve la bendici\u00f3n de pasar unos momentos de oraci\u00f3n ante la tumba de santo Domingo. Rec\u00e9 de manera especial por la Orden de Predicadores, implorando para sus miembros la gracia de la perseverancia en la fidelidad a su carisma fundacional y a la espl\u00e9ndida tradici\u00f3n de la que son herederos. Agradeciendo al santo todo el bien que sus hijos e hijas hacen en la Iglesia, ped\u00ed, como don especial, un aumento considerable de las vocaciones sacerdotales y religiosas.<\/p>\n<p>Ojal\u00e1 que la celebraci\u00f3n del A\u00f1o Jubilar derrame abundantes gracias sobre los Frailes Predicadores y sobre toda la Familia dominica, e inaugure una nueva primavera del Evangelio. Con gran afecto, encomiendo a todos los que participan en las celebraciones jubilares a la amorosa intercesi\u00f3n de Nuestra Se\u00f1ora del Rosario y de vuestro patriarca santo Domingo, y os imparto de todo coraz\u00f3n mi bendici\u00f3n apost\u00f3lica como prenda de sabidur\u00eda, alegr\u00eda y paz en el Se\u00f1or.<\/p>\n<p>Francisco<\/p>\n<p>Roma, desde San Juan de Letr\u00e1n, 24 de mayo de 2021<\/p>\n<p><strong>\u00a9 Librer\u00eda Editora Vaticana<\/strong><\/p>\n","protected":false},"excerpt":{"rendered":"<p>VIII centenario de la muerte de santo Domingo de Guzm\u00e1n<\/p>\n","protected":false},"author":6,"featured_media":18607,"comment_status":"closed","ping_status":"closed","sticky":false,"template":"","format":"standard","meta":{"_acf_changed":false,"_crdt_document":"","inline_featured_image":false,"footnotes":""},"categories":[68],"tags":[164,2419,2471,158,2472],"class_list":["post-18595","post","type-post","status-publish","format-standard","has-post-thumbnail","hentry","category-leon-xiv","tag-carta","tag-featured","tag-orden-de-los-predicadores","tag-papa-francisco","tag-santo-domingo-de-guzman"],"acf":[],"yoast_head":"<!-- This site is optimized with the Yoast SEO plugin v27.5 - https:\/\/yoast.com\/product\/yoast-seo-wordpress\/ -->\n<title>Carta del Papa al general de los dominicos &#8211; Exaudi<\/title>\n<meta name=\"description\" content=\"El Papa ha enviado una carta al maestro general de la Orden de los Predicadores (dominicos), en la que repasa la obra de santo Domingo.\" \/>\n<meta name=\"robots\" content=\"index, follow, max-snippet:-1, max-image-preview:large, max-video-preview:-1\" \/>\n<link rel=\"canonical\" href=\"https:\/\/exaudi.org\/es\/carta-papa-general-dominicos-2021\/\" \/>\n<meta property=\"og:locale\" content=\"es_ES\" \/>\n<meta property=\"og:type\" content=\"article\" \/>\n<meta property=\"og:title\" content=\"Carta del Papa al general de los dominicos &#8211; Exaudi\" \/>\n<meta property=\"og:description\" content=\"El Papa ha enviado una carta al maestro general de la Orden de los Predicadores (dominicos), en la que repasa la obra de santo Domingo.\" \/>\n<meta property=\"og:url\" content=\"https:\/\/exaudi.org\/es\/carta-papa-general-dominicos-2021\/\" \/>\n<meta property=\"og:site_name\" content=\"Exaudi\" \/>\n<meta property=\"article:publisher\" content=\"https:\/\/www.facebook.com\/ExaudiNews\" \/>\n<meta property=\"article:published_time\" content=\"2021-05-24T11:32:12+00:00\" \/>\n<meta property=\"article:modified_time\" content=\"2021-05-24T15:52:42+00:00\" \/>\n<meta property=\"og:image\" content=\"https:\/\/exaudi.org\/wp-content\/uploads\/2021\/05\/546564gg65.jpg\" \/>\n\t<meta property=\"og:image:width\" content=\"2340\" \/>\n\t<meta property=\"og:image:height\" content=\"1562\" \/>\n\t<meta property=\"og:image:type\" content=\"image\/jpeg\" \/>\n<meta name=\"author\" content=\"Gabriel Sales\" \/>\n<meta name=\"twitter:card\" content=\"summary_large_image\" \/>\n<meta name=\"twitter:creator\" content=\"@habemusman\" \/>\n<meta name=\"twitter:site\" content=\"@Exaudi_News\" \/>\n<meta name=\"twitter:label1\" content=\"Escrito por\" \/>\n\t<meta name=\"twitter:data1\" content=\"Gabriel Sales\" \/>\n\t<meta name=\"twitter:label2\" content=\"Tiempo de lectura\" \/>\n\t<meta name=\"twitter:data2\" content=\"11 minutos\" \/>\n<script type=\"application\/ld+json\" class=\"yoast-schema-graph\">{\"@context\":\"https:\\\/\\\/schema.org\",\"@graph\":[{\"@type\":\"Article\",\"@id\":\"https:\\\/\\\/exaudi.org\\\/es\\\/carta-papa-general-dominicos-2021\\\/#article\",\"isPartOf\":{\"@id\":\"https:\\\/\\\/exaudi.org\\\/es\\\/carta-papa-general-dominicos-2021\\\/\"},\"author\":{\"name\":\"Gabriel Sales\",\"@id\":\"https:\\\/\\\/exaudi.org\\\/#\\\/schema\\\/person\\\/d134b96438278131ce90c90c03fda6cd\"},\"headline\":\"Carta del Papa al general de los dominicos\",\"datePublished\":\"2021-05-24T11:32:12+00:00\",\"dateModified\":\"2021-05-24T15:52:42+00:00\",\"mainEntityOfPage\":{\"@id\":\"https:\\\/\\\/exaudi.org\\\/es\\\/carta-papa-general-dominicos-2021\\\/\"},\"wordCount\":2464,\"image\":{\"@id\":\"https:\\\/\\\/exaudi.org\\\/es\\\/carta-papa-general-dominicos-2021\\\/#primaryimage\"},\"thumbnailUrl\":\"https:\\\/\\\/exaudi.org\\\/wp-content\\\/uploads\\\/2021\\\/05\\\/546564gg65.jpg\",\"keywords\":[\"carta\",\"Featured\",\"Orden de los Predicadores\",\"papa francisco\",\"Santo Domingo de Guzm\u00e1n\"],\"articleSection\":[\"Le\u00f3n XIV\"],\"inLanguage\":\"es\"},{\"@type\":\"WebPage\",\"@id\":\"https:\\\/\\\/exaudi.org\\\/es\\\/carta-papa-general-dominicos-2021\\\/\",\"url\":\"https:\\\/\\\/exaudi.org\\\/es\\\/carta-papa-general-dominicos-2021\\\/\",\"name\":\"Carta del Papa al general de los dominicos &#8211; Exaudi\",\"isPartOf\":{\"@id\":\"https:\\\/\\\/exaudi.org\\\/#website\"},\"primaryImageOfPage\":{\"@id\":\"https:\\\/\\\/exaudi.org\\\/es\\\/carta-papa-general-dominicos-2021\\\/#primaryimage\"},\"image\":{\"@id\":\"https:\\\/\\\/exaudi.org\\\/es\\\/carta-papa-general-dominicos-2021\\\/#primaryimage\"},\"thumbnailUrl\":\"https:\\\/\\\/exaudi.org\\\/wp-content\\\/uploads\\\/2021\\\/05\\\/546564gg65.jpg\",\"datePublished\":\"2021-05-24T11:32:12+00:00\",\"dateModified\":\"2021-05-24T15:52:42+00:00\",\"author\":{\"@id\":\"https:\\\/\\\/exaudi.org\\\/#\\\/schema\\\/person\\\/d134b96438278131ce90c90c03fda6cd\"},\"description\":\"El Papa ha enviado una carta al maestro general de la Orden de los Predicadores (dominicos), en la que repasa la obra de santo Domingo.\",\"breadcrumb\":{\"@id\":\"https:\\\/\\\/exaudi.org\\\/es\\\/carta-papa-general-dominicos-2021\\\/#breadcrumb\"},\"inLanguage\":\"es\",\"potentialAction\":[{\"@type\":\"ReadAction\",\"target\":[\"https:\\\/\\\/exaudi.org\\\/es\\\/carta-papa-general-dominicos-2021\\\/\"]}]},{\"@type\":\"ImageObject\",\"inLanguage\":\"es\",\"@id\":\"https:\\\/\\\/exaudi.org\\\/es\\\/carta-papa-general-dominicos-2021\\\/#primaryimage\",\"url\":\"https:\\\/\\\/exaudi.org\\\/wp-content\\\/uploads\\\/2021\\\/05\\\/546564gg65.jpg\",\"contentUrl\":\"https:\\\/\\\/exaudi.org\\\/wp-content\\\/uploads\\\/2021\\\/05\\\/546564gg65.jpg\",\"width\":2340,\"height\":1562,\"caption\":\"Santo Domingo de Guzm\u00e1n \u00a9 Sentimientorosarista.blogspot.com\"},{\"@type\":\"BreadcrumbList\",\"@id\":\"https:\\\/\\\/exaudi.org\\\/es\\\/carta-papa-general-dominicos-2021\\\/#breadcrumb\",\"itemListElement\":[{\"@type\":\"ListItem\",\"position\":1,\"name\":\"Portada\",\"item\":\"https:\\\/\\\/exaudi.org\\\/es\\\/\"},{\"@type\":\"ListItem\",\"position\":2,\"name\":\"Carta del Papa al general de los dominicos\"}]},{\"@type\":\"WebSite\",\"@id\":\"https:\\\/\\\/exaudi.org\\\/#website\",\"url\":\"https:\\\/\\\/exaudi.org\\\/\",\"name\":\"Exaudi\",\"description\":\"News\",\"potentialAction\":[{\"@type\":\"SearchAction\",\"target\":{\"@type\":\"EntryPoint\",\"urlTemplate\":\"https:\\\/\\\/exaudi.org\\\/?s={search_term_string}\"},\"query-input\":{\"@type\":\"PropertyValueSpecification\",\"valueRequired\":true,\"valueName\":\"search_term_string\"}}],\"inLanguage\":\"es\"},{\"@type\":\"Person\",\"@id\":\"https:\\\/\\\/exaudi.org\\\/#\\\/schema\\\/person\\\/d134b96438278131ce90c90c03fda6cd\",\"name\":\"Gabriel Sales\",\"image\":{\"@type\":\"ImageObject\",\"inLanguage\":\"es\",\"@id\":\"https:\\\/\\\/secure.gravatar.com\\\/avatar\\\/9b1269566f6a063ed26ffb3532b66a373cdde231ce5d0effb266167437fdaffd?s=96&d=mm&r=g\",\"url\":\"https:\\\/\\\/secure.gravatar.com\\\/avatar\\\/9b1269566f6a063ed26ffb3532b66a373cdde231ce5d0effb266167437fdaffd?s=96&d=mm&r=g\",\"contentUrl\":\"https:\\\/\\\/secure.gravatar.com\\\/avatar\\\/9b1269566f6a063ed26ffb3532b66a373cdde231ce5d0effb266167437fdaffd?s=96&d=mm&r=g\",\"caption\":\"Gabriel Sales\"},\"description\":\"Periodista y especialista en Comunicaci\u00f3n y Branding digital. Cin\u00e9filo y cr\u00edtico de cine y series de televisi\u00f3n.\",\"sameAs\":[\"https:\\\/\\\/www.instagram.com\\\/cine90segundos\\\/\",\"www.linkedin.com\\\/in\\\/habemusman\",\"https:\\\/\\\/x.com\\\/habemusman\",\"https:\\\/\\\/www.youtube.com\\\/channel\\\/UCVfCiOMkJ_C7T7OpyjuaLDg\"],\"url\":\"https:\\\/\\\/exaudi.org\\\/es\\\/author\\\/gsalesexaudi-org\\\/\"}]}<\/script>\n<!-- \/ Yoast SEO plugin. -->","yoast_head_json":{"title":"Carta del Papa al general de los dominicos &#8211; Exaudi","description":"El Papa ha enviado una carta al maestro general de la Orden de los Predicadores (dominicos), en la que repasa la obra de santo Domingo.","robots":{"index":"index","follow":"follow","max-snippet":"max-snippet:-1","max-image-preview":"max-image-preview:large","max-video-preview":"max-video-preview:-1"},"canonical":"https:\/\/exaudi.org\/es\/carta-papa-general-dominicos-2021\/","og_locale":"es_ES","og_type":"article","og_title":"Carta del Papa al general de los dominicos &#8211; Exaudi","og_description":"El Papa ha enviado una carta al maestro general de la Orden de los Predicadores (dominicos), en la que repasa la obra de santo Domingo.","og_url":"https:\/\/exaudi.org\/es\/carta-papa-general-dominicos-2021\/","og_site_name":"Exaudi","article_publisher":"https:\/\/www.facebook.com\/ExaudiNews","article_published_time":"2021-05-24T11:32:12+00:00","article_modified_time":"2021-05-24T15:52:42+00:00","og_image":[{"width":2340,"height":1562,"url":"https:\/\/exaudi.org\/wp-content\/uploads\/2021\/05\/546564gg65.jpg","type":"image\/jpeg"}],"author":"Gabriel Sales","twitter_card":"summary_large_image","twitter_creator":"@habemusman","twitter_site":"@Exaudi_News","twitter_misc":{"Escrito por":"Gabriel Sales","Tiempo de lectura":"11 minutos"},"schema":{"@context":"https:\/\/schema.org","@graph":[{"@type":"Article","@id":"https:\/\/exaudi.org\/es\/carta-papa-general-dominicos-2021\/#article","isPartOf":{"@id":"https:\/\/exaudi.org\/es\/carta-papa-general-dominicos-2021\/"},"author":{"name":"Gabriel Sales","@id":"https:\/\/exaudi.org\/#\/schema\/person\/d134b96438278131ce90c90c03fda6cd"},"headline":"Carta del Papa al general de los dominicos","datePublished":"2021-05-24T11:32:12+00:00","dateModified":"2021-05-24T15:52:42+00:00","mainEntityOfPage":{"@id":"https:\/\/exaudi.org\/es\/carta-papa-general-dominicos-2021\/"},"wordCount":2464,"image":{"@id":"https:\/\/exaudi.org\/es\/carta-papa-general-dominicos-2021\/#primaryimage"},"thumbnailUrl":"https:\/\/exaudi.org\/wp-content\/uploads\/2021\/05\/546564gg65.jpg","keywords":["carta","Featured","Orden de los Predicadores","papa francisco","Santo Domingo de Guzm\u00e1n"],"articleSection":["Le\u00f3n XIV"],"inLanguage":"es"},{"@type":"WebPage","@id":"https:\/\/exaudi.org\/es\/carta-papa-general-dominicos-2021\/","url":"https:\/\/exaudi.org\/es\/carta-papa-general-dominicos-2021\/","name":"Carta del Papa al general de los dominicos &#8211; Exaudi","isPartOf":{"@id":"https:\/\/exaudi.org\/#website"},"primaryImageOfPage":{"@id":"https:\/\/exaudi.org\/es\/carta-papa-general-dominicos-2021\/#primaryimage"},"image":{"@id":"https:\/\/exaudi.org\/es\/carta-papa-general-dominicos-2021\/#primaryimage"},"thumbnailUrl":"https:\/\/exaudi.org\/wp-content\/uploads\/2021\/05\/546564gg65.jpg","datePublished":"2021-05-24T11:32:12+00:00","dateModified":"2021-05-24T15:52:42+00:00","author":{"@id":"https:\/\/exaudi.org\/#\/schema\/person\/d134b96438278131ce90c90c03fda6cd"},"description":"El Papa ha enviado una carta al maestro general de la Orden de los Predicadores (dominicos), en la que repasa la obra de santo Domingo.","breadcrumb":{"@id":"https:\/\/exaudi.org\/es\/carta-papa-general-dominicos-2021\/#breadcrumb"},"inLanguage":"es","potentialAction":[{"@type":"ReadAction","target":["https:\/\/exaudi.org\/es\/carta-papa-general-dominicos-2021\/"]}]},{"@type":"ImageObject","inLanguage":"es","@id":"https:\/\/exaudi.org\/es\/carta-papa-general-dominicos-2021\/#primaryimage","url":"https:\/\/exaudi.org\/wp-content\/uploads\/2021\/05\/546564gg65.jpg","contentUrl":"https:\/\/exaudi.org\/wp-content\/uploads\/2021\/05\/546564gg65.jpg","width":2340,"height":1562,"caption":"Santo Domingo de Guzm\u00e1n \u00a9 Sentimientorosarista.blogspot.com"},{"@type":"BreadcrumbList","@id":"https:\/\/exaudi.org\/es\/carta-papa-general-dominicos-2021\/#breadcrumb","itemListElement":[{"@type":"ListItem","position":1,"name":"Portada","item":"https:\/\/exaudi.org\/es\/"},{"@type":"ListItem","position":2,"name":"Carta del Papa al general de los dominicos"}]},{"@type":"WebSite","@id":"https:\/\/exaudi.org\/#website","url":"https:\/\/exaudi.org\/","name":"Exaudi","description":"News","potentialAction":[{"@type":"SearchAction","target":{"@type":"EntryPoint","urlTemplate":"https:\/\/exaudi.org\/?s={search_term_string}"},"query-input":{"@type":"PropertyValueSpecification","valueRequired":true,"valueName":"search_term_string"}}],"inLanguage":"es"},{"@type":"Person","@id":"https:\/\/exaudi.org\/#\/schema\/person\/d134b96438278131ce90c90c03fda6cd","name":"Gabriel Sales","image":{"@type":"ImageObject","inLanguage":"es","@id":"https:\/\/secure.gravatar.com\/avatar\/9b1269566f6a063ed26ffb3532b66a373cdde231ce5d0effb266167437fdaffd?s=96&d=mm&r=g","url":"https:\/\/secure.gravatar.com\/avatar\/9b1269566f6a063ed26ffb3532b66a373cdde231ce5d0effb266167437fdaffd?s=96&d=mm&r=g","contentUrl":"https:\/\/secure.gravatar.com\/avatar\/9b1269566f6a063ed26ffb3532b66a373cdde231ce5d0effb266167437fdaffd?s=96&d=mm&r=g","caption":"Gabriel Sales"},"description":"Periodista y especialista en Comunicaci\u00f3n y Branding digital. Cin\u00e9filo y cr\u00edtico de cine y series de televisi\u00f3n.","sameAs":["https:\/\/www.instagram.com\/cine90segundos\/","www.linkedin.com\/in\/habemusman","https:\/\/x.com\/habemusman","https:\/\/www.youtube.com\/channel\/UCVfCiOMkJ_C7T7OpyjuaLDg"],"url":"https:\/\/exaudi.org\/es\/author\/gsalesexaudi-org\/"}]}},"jetpack_featured_media_url":"https:\/\/exaudi.org\/wp-content\/uploads\/2021\/05\/546564gg65.jpg","jetpack_shortlink":"https:\/\/wp.me\/pgKjF2-4PV","_links":{"self":[{"href":"https:\/\/exaudi.org\/es\/wp-json\/wp\/v2\/posts\/18595","targetHints":{"allow":["GET"]}}],"collection":[{"href":"https:\/\/exaudi.org\/es\/wp-json\/wp\/v2\/posts"}],"about":[{"href":"https:\/\/exaudi.org\/es\/wp-json\/wp\/v2\/types\/post"}],"author":[{"embeddable":true,"href":"https:\/\/exaudi.org\/es\/wp-json\/wp\/v2\/users\/6"}],"replies":[{"embeddable":true,"href":"https:\/\/exaudi.org\/es\/wp-json\/wp\/v2\/comments?post=18595"}],"version-history":[{"count":0,"href":"https:\/\/exaudi.org\/es\/wp-json\/wp\/v2\/posts\/18595\/revisions"}],"wp:featuredmedia":[{"embeddable":true,"href":"https:\/\/exaudi.org\/es\/wp-json\/wp\/v2\/media\/18607"}],"wp:attachment":[{"href":"https:\/\/exaudi.org\/es\/wp-json\/wp\/v2\/media?parent=18595"}],"wp:term":[{"taxonomy":"category","embeddable":true,"href":"https:\/\/exaudi.org\/es\/wp-json\/wp\/v2\/categories?post=18595"},{"taxonomy":"post_tag","embeddable":true,"href":"https:\/\/exaudi.org\/es\/wp-json\/wp\/v2\/tags?post=18595"}],"curies":[{"name":"wp","href":"https:\/\/api.w.org\/{rel}","templated":true}]}}