{"id":184077,"date":"2026-09-06T08:00:44","date_gmt":"2026-09-06T06:00:44","guid":{"rendered":"https:\/\/exaudi.org\/?p=184077"},"modified":"2026-09-05T23:14:24","modified_gmt":"2026-09-05T21:14:24","slug":"polonia-quieren-destruir-el-museo-memoria-e-identidad-de-san-juan-pablo-ii","status":"publish","type":"post","link":"https:\/\/exaudi.org\/es\/polonia-quieren-destruir-el-museo-memoria-e-identidad-de-san-juan-pablo-ii\/","title":{"rendered":"Polonia: Quieren destruir el Museo \u201cMemoria e Identidad\u201d de san Juan Pablo II"},"content":{"rendered":"<p>En 2005, el \u00faltimo a\u00f1o de vida de Juan Pablo II, se public\u00f3 su libro \u201cMemoria e Identidad\u201d. Conten\u00eda una reflexi\u00f3n del papa Wojty\u0142a sobre la historia de Polonia, sobre la identidad de Europa profundamente plasmada por el cristianismo y sobre el misterio del mal encarnado en los grandes sistemas totalitarios del siglo XX como el nazismo y el comunismo, que Wojty\u0142a hab\u00eda conocido en persona.<\/p>\n<p>Cuando en Polonia naci\u00f3 la idea de organizar un museo dedicado al patrimonio intelectual de san Juan Pablo II, se pens\u00f3 en llamarlo Museo \u201cMemoria e Identidad\u201d, como el t\u00edtulo de su libro. Este museo, construido en la ciudad de Toru\u0144, tuvo dos cofundadores: el Ministerio de Cultura y Patrimonio Nacional y la Fundaci\u00f3n Lux Veritatis. Hoy los edificios del museo est\u00e1n terminados y es necesario finalizar la exposici\u00f3n. Desafortunadamente, tras las elecciones de 2023, lleg\u00f3 al poder una coalici\u00f3n de partidos que form\u00f3 el gobierno m\u00e1s anticlerical desde el cambio democr\u00e1tico de 1989.<\/p>\n<p>El Ministerio de Cultura de dicho gobierno, dirigido al principio por Hanna Wr\u00f3blewska, quer\u00eda destruir a toda costa esta gran iniciativa, al igual que muchas otras similares que buscan mantener viva la memoria del papa polaco. Wr\u00f3blewska lleg\u00f3 a definir el museo como un \u201cpaquete indeseado\u201d. Por ello, el museo fue privado de los fondos necesarios para completar su exposici\u00f3n permanente y fue sometido a exhaustivas inspecciones. Durante las verificaciones, que duraron m\u00e1s de dos a\u00f1os \u2014un per\u00edodo inusualmente largo\u2014, se examinaron facturas, contratos y documentos fiscales. Todo estaba en orden. Pero el ensa\u00f1amiento del gobierno contra el museo continuaba.<\/p>\n<p>Los gobernantes lo hacen por puro inter\u00e9s pol\u00edtico e ideol\u00f3gico, incluso a costa de desperdiciar los fondos p\u00fablicos gastados hasta ahora en la construcci\u00f3n de este museo estatal.<\/p>\n<p>Recientemente se ha sabido de nuevas acciones emprendidas por las autoridades contra el museo. Otra inspecci\u00f3n est\u00e1 a punto de concluir. El objetivo de esta, as\u00ed como de las inspecciones anteriores (iniciadas a principios de 2024) al museo y a la Fundaci\u00f3n Lux Veritatis es evidente: encontrar alg\u00fan pretexto para cerrar el museo. Hasta la fecha, ninguno de los numerosos equipos de inspecci\u00f3n enviados ha encontrado motivos para hacerlo. Entonces, en mayo de 2025, el director de la Oficina Aduanera y Tributaria de Mazovia en Varsovia inici\u00f3 una auditor\u00eda contable del museo en relaci\u00f3n con los pagos del IVA. A pesar de las verificaciones anteriores, incluida una realizada por el director de la C\u00e1mara de Administraci\u00f3n Tributaria de Varsovia, que hab\u00edan demostrado la correcci\u00f3n y fiabilidad de la contabilidad del museo y la correcta utilizaci\u00f3n de los fondos p\u00fablicos concedidos para la construcci\u00f3n de su sede y la realizaci\u00f3n de la exposici\u00f3n permanente, la nueva verificaci\u00f3n del director de la Oficina Aduanera y Tributaria de Mazovia afirma que los registros de compras y suministros del museo correspondientes al per\u00edodo de diciembre de 2020 a diciembre de 2022 \u201cno reflejan la situaci\u00f3n real y son poco fiables en su totalidad\u201d. Dicha conclusi\u00f3n contradice directamente tanto las conclusiones de su propio informe de verificaci\u00f3n como los resultados de la verificaci\u00f3n del director.<\/p>\n<p>Los representantes de la Fundaci\u00f3n Lux Veritatis han anunciado que han presentado recursos, tanto legales como de otro tipo, contra estas inspecciones. Sin embargo, se sabe que las decisiones sobre dichos recursos no son inmediatas.<\/p>\n<p>Bas\u00e1ndose \u00fanicamente en la vaga declaraci\u00f3n de los auditores sobre la \u201cinexactitud de los registros fiscales\u201d, el gobierno seguramente difundir\u00e1 esta falsa acusaci\u00f3n en los medios de comunicaci\u00f3n, como siempre hace. Se tratar\u00e1 de una m\u00e1s de las falsas \u201cetiquetas\u201d que el gobierno intentar\u00e1 colgar al museo y a sus fundadores ante la opini\u00f3n p\u00fablica. Todo ello con el fin de bloquear las actividades del museo y destruirlo.<\/p>\n<p>Cientos de miles de polacos se hab\u00edan manifestado en defensa de esta instituci\u00f3n cultural polaca enviando peticiones firmadas al Ministerio de Cultura y Patrimonio Nacional. Pero el gobierno de Tusk sigue sordo a las voces de la sociedad. As\u00ed como el r\u00e9gimen comunista polaco combati\u00f3 a Juan Pablo II, ahora los excomunistas y los pseudodem\u00f3cratas de los partidos de la coalici\u00f3n de Tusk quieren destruir su legado. El mundo debe saberlo.<\/p>\n","protected":false},"excerpt":{"rendered":"<p>Las presiones pol\u00edticas y las inspecciones gubernamentales que amenazan el futuro del Museo \u201cMemoria e Identidad\u201d de san Juan Pablo II en Toru\u0144<\/p>\n","protected":false},"author":85,"featured_media":184073,"comment_status":"closed","ping_status":"closed","sticky":false,"template":"","format":"standard","meta":{"_acf_changed":false,"inline_featured_image":false,"_wpcom_ai_launchpad_first_post":false,"footnotes":"","jetpack_post_was_ever_published":false},"categories":[74],"tags":[38701,121599,66029,795,38703,2425,60551,58880,18472],"class_list":["post-184077","post","type-post","status-publish","format-standard","has-post-thumbnail","hentry","category-iglesia-y-mundo","tag-fundacion-lux-veritatis","tag-gobierno-de-polonia","tag-iglesia-en-polonia","tag-juan-pablo-ii","tag-museo-memoria-e-identidad","tag-polonia-es","tag-torun","tag-trending-es-151","tag-wlodzimierz-redzioch-2"],"acf":[],"yoast_head":"<!-- This site is optimized with the Yoast SEO plugin v28.4 - https:\/\/yoast.com\/product\/yoast-seo-wordpress\/ -->\n<title>Polonia: Quieren destruir el Museo \u201cMemoria e Identidad\u201d de san Juan Pablo II &#8211; Exaudi<\/title>\n<meta name=\"robots\" content=\"index, follow, max-snippet:-1, max-image-preview:large, max-video-preview:-1\" \/>\n<link rel=\"canonical\" href=\"https:\/\/exaudi.org\/es\/polonia-quieren-destruir-el-museo-memoria-e-identidad-de-san-juan-pablo-ii\/\" \/>\n<meta property=\"og:locale\" content=\"es_ES\" \/>\n<meta property=\"og:type\" content=\"article\" \/>\n<meta property=\"og:title\" content=\"Polonia: Quieren destruir el Museo \u201cMemoria e Identidad\u201d de san Juan Pablo II &#8211; Exaudi\" \/>\n<meta property=\"og:description\" content=\"Las presiones pol\u00edticas y las inspecciones gubernamentales que amenazan el futuro del Museo \u201cMemoria e Identidad\u201d de san Juan Pablo II en Toru\u0144\" \/>\n<meta property=\"og:url\" content=\"https:\/\/exaudi.org\/es\/polonia-quieren-destruir-el-museo-memoria-e-identidad-de-san-juan-pablo-ii\/\" \/>\n<meta property=\"og:site_name\" content=\"Exaudi\" \/>\n<meta property=\"article:publisher\" content=\"https:\/\/www.facebook.com\/ExaudiNews\" \/>\n<meta property=\"article:published_time\" content=\"2026-09-06T06:00:44+00:00\" \/>\n<meta property=\"og:image\" content=\"https:\/\/exaudi.org\/wp-content\/uploads\/2026\/09\/1000335244-scaled.jpg\" \/>\n\t<meta property=\"og:image:width\" content=\"2560\" \/>\n\t<meta property=\"og:image:height\" content=\"1920\" \/>\n\t<meta property=\"og:image:type\" content=\"image\/jpeg\" \/>\n<meta name=\"author\" content=\"Wlodzimierz Redzioch\" \/>\n<meta name=\"twitter:card\" content=\"summary_large_image\" \/>\n<meta name=\"twitter:creator\" content=\"@Exaudi_News\" \/>\n<meta name=\"twitter:site\" content=\"@Exaudi_News\" \/>\n<meta name=\"twitter:label1\" content=\"Escrito por\" \/>\n\t<meta name=\"twitter:data1\" content=\"Wlodzimierz Redzioch\" \/>\n\t<meta name=\"twitter:label2\" content=\"Tiempo de lectura\" \/>\n\t<meta name=\"twitter:data2\" content=\"4 minutos\" \/>\n<script type=\"application\/ld+json\" class=\"yoast-schema-graph\">{\"@context\":\"https:\\\/\\\/schema.org\",\"@graph\":[{\"@type\":\"Article\",\"@id\":\"https:\\\/\\\/exaudi.org\\\/es\\\/polonia-quieren-destruir-el-museo-memoria-e-identidad-de-san-juan-pablo-ii\\\/#article\",\"isPartOf\":{\"@id\":\"https:\\\/\\\/exaudi.org\\\/es\\\/polonia-quieren-destruir-el-museo-memoria-e-identidad-de-san-juan-pablo-ii\\\/\"},\"author\":{\"name\":\"Wlodzimierz Redzioch\",\"@id\":\"https:\\\/\\\/exaudi.org\\\/#\\\/schema\\\/person\\\/558b6cc7524c4488c69704f46c2578e0\"},\"headline\":\"Polonia: Quieren destruir el Museo \u201cMemoria e Identidad\u201d de san Juan Pablo II\",\"datePublished\":\"2026-09-06T06:00:44+00:00\",\"mainEntityOfPage\":{\"@id\":\"https:\\\/\\\/exaudi.org\\\/es\\\/polonia-quieren-destruir-el-museo-memoria-e-identidad-de-san-juan-pablo-ii\\\/\"},\"wordCount\":748,\"image\":{\"@id\":\"https:\\\/\\\/exaudi.org\\\/es\\\/polonia-quieren-destruir-el-museo-memoria-e-identidad-de-san-juan-pablo-ii\\\/#primaryimage\"},\"thumbnailUrl\":\"https:\\\/\\\/i0.wp.com\\\/exaudi.org\\\/wp-content\\\/uploads\\\/2026\\\/09\\\/1000335244-scaled.jpg?fit=2560%2C1920&ssl=1\",\"keywords\":[\"Fundaci\u00f3n Lux Veritatis\",\"Gobierno de Polonia\",\"Iglesia en Polonia\",\"Juan Pablo II\",\"Museo Memoria e Identidad\",\"Polonia\",\"Tor\u00fan\",\"Trending\",\"Wlodzimierz Redzioch\"],\"articleSection\":[\"Iglesia y Mundo\"],\"inLanguage\":\"es\"},{\"@type\":\"WebPage\",\"@id\":\"https:\\\/\\\/exaudi.org\\\/es\\\/polonia-quieren-destruir-el-museo-memoria-e-identidad-de-san-juan-pablo-ii\\\/\",\"url\":\"https:\\\/\\\/exaudi.org\\\/es\\\/polonia-quieren-destruir-el-museo-memoria-e-identidad-de-san-juan-pablo-ii\\\/\",\"name\":\"Polonia: Quieren destruir el Museo \u201cMemoria e Identidad\u201d de san Juan Pablo II &#8211; Exaudi\",\"isPartOf\":{\"@id\":\"https:\\\/\\\/exaudi.org\\\/#website\"},\"primaryImageOfPage\":{\"@id\":\"https:\\\/\\\/exaudi.org\\\/es\\\/polonia-quieren-destruir-el-museo-memoria-e-identidad-de-san-juan-pablo-ii\\\/#primaryimage\"},\"image\":{\"@id\":\"https:\\\/\\\/exaudi.org\\\/es\\\/polonia-quieren-destruir-el-museo-memoria-e-identidad-de-san-juan-pablo-ii\\\/#primaryimage\"},\"thumbnailUrl\":\"https:\\\/\\\/i0.wp.com\\\/exaudi.org\\\/wp-content\\\/uploads\\\/2026\\\/09\\\/1000335244-scaled.jpg?fit=2560%2C1920&ssl=1\",\"datePublished\":\"2026-09-06T06:00:44+00:00\",\"author\":{\"@id\":\"https:\\\/\\\/exaudi.org\\\/#\\\/schema\\\/person\\\/558b6cc7524c4488c69704f46c2578e0\"},\"breadcrumb\":{\"@id\":\"https:\\\/\\\/exaudi.org\\\/es\\\/polonia-quieren-destruir-el-museo-memoria-e-identidad-de-san-juan-pablo-ii\\\/#breadcrumb\"},\"inLanguage\":\"es\",\"potentialAction\":[{\"@type\":\"ReadAction\",\"target\":[\"https:\\\/\\\/exaudi.org\\\/es\\\/polonia-quieren-destruir-el-museo-memoria-e-identidad-de-san-juan-pablo-ii\\\/\"]}]},{\"@type\":\"ImageObject\",\"inLanguage\":\"es\",\"@id\":\"https:\\\/\\\/exaudi.org\\\/es\\\/polonia-quieren-destruir-el-museo-memoria-e-identidad-de-san-juan-pablo-ii\\\/#primaryimage\",\"url\":\"https:\\\/\\\/i0.wp.com\\\/exaudi.org\\\/wp-content\\\/uploads\\\/2026\\\/09\\\/1000335244-scaled.jpg?fit=2560%2C1920&ssl=1\",\"contentUrl\":\"https:\\\/\\\/i0.wp.com\\\/exaudi.org\\\/wp-content\\\/uploads\\\/2026\\\/09\\\/1000335244-scaled.jpg?fit=2560%2C1920&ssl=1\",\"width\":2560,\"height\":1920},{\"@type\":\"BreadcrumbList\",\"@id\":\"https:\\\/\\\/exaudi.org\\\/es\\\/polonia-quieren-destruir-el-museo-memoria-e-identidad-de-san-juan-pablo-ii\\\/#breadcrumb\",\"itemListElement\":[{\"@type\":\"ListItem\",\"position\":1,\"name\":\"Portada\",\"item\":\"https:\\\/\\\/exaudi.org\\\/es\\\/\"},{\"@type\":\"ListItem\",\"position\":2,\"name\":\"Polonia: Quieren destruir el Museo \u201cMemoria e Identidad\u201d de san Juan Pablo II\"}]},{\"@type\":\"WebSite\",\"@id\":\"https:\\\/\\\/exaudi.org\\\/#website\",\"url\":\"https:\\\/\\\/exaudi.org\\\/\",\"name\":\"Exaudi\",\"description\":\"News\",\"potentialAction\":[{\"@type\":\"SearchAction\",\"target\":{\"@type\":\"EntryPoint\",\"urlTemplate\":\"https:\\\/\\\/exaudi.org\\\/?s={search_term_string}\"},\"query-input\":{\"@type\":\"PropertyValueSpecification\",\"valueRequired\":true,\"valueName\":\"search_term_string\"}}],\"inLanguage\":\"es\"},{\"@type\":\"Person\",\"@id\":\"https:\\\/\\\/exaudi.org\\\/#\\\/schema\\\/person\\\/558b6cc7524c4488c69704f46c2578e0\",\"name\":\"Wlodzimierz Redzioch\",\"image\":{\"@type\":\"ImageObject\",\"inLanguage\":\"es\",\"@id\":\"https:\\\/\\\/secure.gravatar.com\\\/avatar\\\/6d24a03e044ad402c01b933d454ac413e287e5a6d92238dd5d98c5c6073d9b49?s=96&d=mm&r=g\",\"url\":\"https:\\\/\\\/secure.gravatar.com\\\/avatar\\\/6d24a03e044ad402c01b933d454ac413e287e5a6d92238dd5d98c5c6073d9b49?s=96&d=mm&r=g\",\"contentUrl\":\"https:\\\/\\\/secure.gravatar.com\\\/avatar\\\/6d24a03e044ad402c01b933d454ac413e287e5a6d92238dd5d98c5c6073d9b49?s=96&d=mm&r=g\",\"caption\":\"Wlodzimierz Redzioch\"},\"description\":\"Wlodzimierz Redzioch \u00e8 nato a Czestochowa (Polonia), si \u00e8 laureato in Ingegneria nel Politecnico. Dopo aver continuato gli studi nell\u2019Universit\u00e0 di Varsavia, presso l\u2019Istituto degli Studi africani, nel 1980 ha lavorato presso il Centro per i pellegrini polacchi a Roma. Dal 1981 al 2012 ha lavorato presso L\u2019Osservatore romano. Dal 1995 collabora con il settimanale cattolico polacco Niedziela come corrispondente dal Vaticano e dall\u2019Italia. Per la sua attivit\u00e0 di vaticanista il 23 settembre 2000 ha ricevuto in Polonia il premio cattolico per il giornalismo \u00abMater Verbi\u00bb; mentre il 14 luglio 2006 Sua Santit\u00e0 Benedetto XVI gli ha conferito il titolo di commendatore dell\u2019Ordine di San Silvestro papa. Autore prolifico, ha scritto diversi volumi sul Vaticano e guide ai due principali santuari mariani: Lourdes e Fatima. Promotore in Polonia del pellegrinaggio a Santiago de Compostela. In occasione della canonizzazione di Giovanni Paolo II ha pubblicato il libro \u201cAccanto a Giovanni Paolo II. Gli amici e i collaboratori raccontano\u201d (Edizioni Ares, Milano 2014), con 22 interviste, compresa la testimonianza d\u2019eccezione di Papa emerito Benedetto XVI. Nel 2024, per commemorare il 40mo anniversario dell\u2019assassinio di don Jerzy Popie\u0142uszko, ha pubblicato la sua biografia \u201cJerzy Popie\u0142uszko. Martire del comunismo\u201d (Edizioni Ares Milano 2024).\",\"url\":\"https:\\\/\\\/exaudi.org\\\/es\\\/author\\\/wlodzimierzredzioc\\\/\"}]}<\/script>\n<!-- \/ Yoast SEO plugin. -->","yoast_head_json":{"title":"Polonia: Quieren destruir el Museo \u201cMemoria e Identidad\u201d de san Juan Pablo II &#8211; Exaudi","robots":{"index":"index","follow":"follow","max-snippet":"max-snippet:-1","max-image-preview":"max-image-preview:large","max-video-preview":"max-video-preview:-1"},"canonical":"https:\/\/exaudi.org\/es\/polonia-quieren-destruir-el-museo-memoria-e-identidad-de-san-juan-pablo-ii\/","og_locale":"es_ES","og_type":"article","og_title":"Polonia: Quieren destruir el Museo \u201cMemoria e Identidad\u201d de san Juan Pablo II &#8211; Exaudi","og_description":"Las presiones pol\u00edticas y las inspecciones gubernamentales que amenazan el futuro del Museo \u201cMemoria e Identidad\u201d de san Juan Pablo II en Toru\u0144","og_url":"https:\/\/exaudi.org\/es\/polonia-quieren-destruir-el-museo-memoria-e-identidad-de-san-juan-pablo-ii\/","og_site_name":"Exaudi","article_publisher":"https:\/\/www.facebook.com\/ExaudiNews","article_published_time":"2026-09-06T06:00:44+00:00","og_image":[{"width":2560,"height":1920,"url":"https:\/\/exaudi.org\/wp-content\/uploads\/2026\/09\/1000335244-scaled.jpg","type":"image\/jpeg"}],"author":"Wlodzimierz Redzioch","twitter_card":"summary_large_image","twitter_creator":"@Exaudi_News","twitter_site":"@Exaudi_News","twitter_misc":{"Escrito por":"Wlodzimierz Redzioch","Tiempo de lectura":"4 minutos"},"schema":{"@context":"https:\/\/schema.org","@graph":[{"@type":"Article","@id":"https:\/\/exaudi.org\/es\/polonia-quieren-destruir-el-museo-memoria-e-identidad-de-san-juan-pablo-ii\/#article","isPartOf":{"@id":"https:\/\/exaudi.org\/es\/polonia-quieren-destruir-el-museo-memoria-e-identidad-de-san-juan-pablo-ii\/"},"author":{"name":"Wlodzimierz Redzioch","@id":"https:\/\/exaudi.org\/#\/schema\/person\/558b6cc7524c4488c69704f46c2578e0"},"headline":"Polonia: Quieren destruir el Museo \u201cMemoria e Identidad\u201d de san Juan Pablo II","datePublished":"2026-09-06T06:00:44+00:00","mainEntityOfPage":{"@id":"https:\/\/exaudi.org\/es\/polonia-quieren-destruir-el-museo-memoria-e-identidad-de-san-juan-pablo-ii\/"},"wordCount":748,"image":{"@id":"https:\/\/exaudi.org\/es\/polonia-quieren-destruir-el-museo-memoria-e-identidad-de-san-juan-pablo-ii\/#primaryimage"},"thumbnailUrl":"https:\/\/i0.wp.com\/exaudi.org\/wp-content\/uploads\/2026\/09\/1000335244-scaled.jpg?fit=2560%2C1920&ssl=1","keywords":["Fundaci\u00f3n Lux Veritatis","Gobierno de Polonia","Iglesia en Polonia","Juan Pablo II","Museo Memoria e Identidad","Polonia","Tor\u00fan","Trending","Wlodzimierz Redzioch"],"articleSection":["Iglesia y Mundo"],"inLanguage":"es"},{"@type":"WebPage","@id":"https:\/\/exaudi.org\/es\/polonia-quieren-destruir-el-museo-memoria-e-identidad-de-san-juan-pablo-ii\/","url":"https:\/\/exaudi.org\/es\/polonia-quieren-destruir-el-museo-memoria-e-identidad-de-san-juan-pablo-ii\/","name":"Polonia: Quieren destruir el Museo \u201cMemoria e Identidad\u201d de san Juan Pablo II &#8211; Exaudi","isPartOf":{"@id":"https:\/\/exaudi.org\/#website"},"primaryImageOfPage":{"@id":"https:\/\/exaudi.org\/es\/polonia-quieren-destruir-el-museo-memoria-e-identidad-de-san-juan-pablo-ii\/#primaryimage"},"image":{"@id":"https:\/\/exaudi.org\/es\/polonia-quieren-destruir-el-museo-memoria-e-identidad-de-san-juan-pablo-ii\/#primaryimage"},"thumbnailUrl":"https:\/\/i0.wp.com\/exaudi.org\/wp-content\/uploads\/2026\/09\/1000335244-scaled.jpg?fit=2560%2C1920&ssl=1","datePublished":"2026-09-06T06:00:44+00:00","author":{"@id":"https:\/\/exaudi.org\/#\/schema\/person\/558b6cc7524c4488c69704f46c2578e0"},"breadcrumb":{"@id":"https:\/\/exaudi.org\/es\/polonia-quieren-destruir-el-museo-memoria-e-identidad-de-san-juan-pablo-ii\/#breadcrumb"},"inLanguage":"es","potentialAction":[{"@type":"ReadAction","target":["https:\/\/exaudi.org\/es\/polonia-quieren-destruir-el-museo-memoria-e-identidad-de-san-juan-pablo-ii\/"]}]},{"@type":"ImageObject","inLanguage":"es","@id":"https:\/\/exaudi.org\/es\/polonia-quieren-destruir-el-museo-memoria-e-identidad-de-san-juan-pablo-ii\/#primaryimage","url":"https:\/\/i0.wp.com\/exaudi.org\/wp-content\/uploads\/2026\/09\/1000335244-scaled.jpg?fit=2560%2C1920&ssl=1","contentUrl":"https:\/\/i0.wp.com\/exaudi.org\/wp-content\/uploads\/2026\/09\/1000335244-scaled.jpg?fit=2560%2C1920&ssl=1","width":2560,"height":1920},{"@type":"BreadcrumbList","@id":"https:\/\/exaudi.org\/es\/polonia-quieren-destruir-el-museo-memoria-e-identidad-de-san-juan-pablo-ii\/#breadcrumb","itemListElement":[{"@type":"ListItem","position":1,"name":"Portada","item":"https:\/\/exaudi.org\/es\/"},{"@type":"ListItem","position":2,"name":"Polonia: Quieren destruir el Museo \u201cMemoria e Identidad\u201d de san Juan Pablo II"}]},{"@type":"WebSite","@id":"https:\/\/exaudi.org\/#website","url":"https:\/\/exaudi.org\/","name":"Exaudi","description":"News","potentialAction":[{"@type":"SearchAction","target":{"@type":"EntryPoint","urlTemplate":"https:\/\/exaudi.org\/?s={search_term_string}"},"query-input":{"@type":"PropertyValueSpecification","valueRequired":true,"valueName":"search_term_string"}}],"inLanguage":"es"},{"@type":"Person","@id":"https:\/\/exaudi.org\/#\/schema\/person\/558b6cc7524c4488c69704f46c2578e0","name":"Wlodzimierz Redzioch","image":{"@type":"ImageObject","inLanguage":"es","@id":"https:\/\/secure.gravatar.com\/avatar\/6d24a03e044ad402c01b933d454ac413e287e5a6d92238dd5d98c5c6073d9b49?s=96&d=mm&r=g","url":"https:\/\/secure.gravatar.com\/avatar\/6d24a03e044ad402c01b933d454ac413e287e5a6d92238dd5d98c5c6073d9b49?s=96&d=mm&r=g","contentUrl":"https:\/\/secure.gravatar.com\/avatar\/6d24a03e044ad402c01b933d454ac413e287e5a6d92238dd5d98c5c6073d9b49?s=96&d=mm&r=g","caption":"Wlodzimierz Redzioch"},"description":"Wlodzimierz Redzioch \u00e8 nato a Czestochowa (Polonia), si \u00e8 laureato in Ingegneria nel Politecnico. Dopo aver continuato gli studi nell\u2019Universit\u00e0 di Varsavia, presso l\u2019Istituto degli Studi africani, nel 1980 ha lavorato presso il Centro per i pellegrini polacchi a Roma. Dal 1981 al 2012 ha lavorato presso L\u2019Osservatore romano. Dal 1995 collabora con il settimanale cattolico polacco Niedziela come corrispondente dal Vaticano e dall\u2019Italia. Per la sua attivit\u00e0 di vaticanista il 23 settembre 2000 ha ricevuto in Polonia il premio cattolico per il giornalismo \u00abMater Verbi\u00bb; mentre il 14 luglio 2006 Sua Santit\u00e0 Benedetto XVI gli ha conferito il titolo di commendatore dell\u2019Ordine di San Silvestro papa. Autore prolifico, ha scritto diversi volumi sul Vaticano e guide ai due principali santuari mariani: Lourdes e Fatima. Promotore in Polonia del pellegrinaggio a Santiago de Compostela. In occasione della canonizzazione di Giovanni Paolo II ha pubblicato il libro \u201cAccanto a Giovanni Paolo II. Gli amici e i collaboratori raccontano\u201d (Edizioni Ares, Milano 2014), con 22 interviste, compresa la testimonianza d\u2019eccezione di Papa emerito Benedetto XVI. Nel 2024, per commemorare il 40mo anniversario dell\u2019assassinio di don Jerzy Popie\u0142uszko, ha pubblicato la sua biografia \u201cJerzy Popie\u0142uszko. Martire del comunismo\u201d (Edizioni Ares Milano 2024).","url":"https:\/\/exaudi.org\/es\/author\/wlodzimierzredzioc\/"}]}},"jetpack_shortlink":"https:\/\/wp.me\/pgKjF2-LSZ","jetpack_featured_media_url":"https:\/\/i0.wp.com\/exaudi.org\/wp-content\/uploads\/2026\/09\/1000335244-scaled.jpg?fit=2560%2C1920&ssl=1","_links":{"self":[{"href":"https:\/\/exaudi.org\/es\/wp-json\/wp\/v2\/posts\/184077","targetHints":{"allow":["GET"]}}],"collection":[{"href":"https:\/\/exaudi.org\/es\/wp-json\/wp\/v2\/posts"}],"about":[{"href":"https:\/\/exaudi.org\/es\/wp-json\/wp\/v2\/types\/post"}],"author":[{"embeddable":true,"href":"https:\/\/exaudi.org\/es\/wp-json\/wp\/v2\/users\/85"}],"replies":[{"embeddable":true,"href":"https:\/\/exaudi.org\/es\/wp-json\/wp\/v2\/comments?post=184077"}],"version-history":[{"count":3,"href":"https:\/\/exaudi.org\/es\/wp-json\/wp\/v2\/posts\/184077\/revisions"}],"predecessor-version":[{"id":184080,"href":"https:\/\/exaudi.org\/es\/wp-json\/wp\/v2\/posts\/184077\/revisions\/184080"}],"wp:featuredmedia":[{"embeddable":true,"href":"https:\/\/exaudi.org\/es\/wp-json\/wp\/v2\/media\/184073"}],"wp:attachment":[{"href":"https:\/\/exaudi.org\/es\/wp-json\/wp\/v2\/media?parent=184077"}],"wp:term":[{"taxonomy":"category","embeddable":true,"href":"https:\/\/exaudi.org\/es\/wp-json\/wp\/v2\/categories?post=184077"},{"taxonomy":"post_tag","embeddable":true,"href":"https:\/\/exaudi.org\/es\/wp-json\/wp\/v2\/tags?post=184077"}],"curies":[{"name":"wp","href":"https:\/\/api.w.org\/{rel}","templated":true}]}}