{"id":183956,"date":"2026-09-04T08:30:38","date_gmt":"2026-09-04T06:30:38","guid":{"rendered":"https:\/\/exaudi.org\/?p=183956"},"modified":"2026-09-04T12:11:37","modified_gmt":"2026-09-04T10:11:37","slug":"santa-rosalia-san-bonifacio-i-san-moises-y-san-marino-4-de-septiembre","status":"publish","type":"post","link":"https:\/\/exaudi.org\/es\/santa-rosalia-san-bonifacio-i-san-moises-y-san-marino-4-de-septiembre\/","title":{"rendered":"Santa Rosal\u00eda, San Bonifacio I, San Mois\u00e9s y San Marino, 4 de septiembre"},"content":{"rendered":"<p id=\"p-rc_0e6f9064d1e420dc-20\" data-path-to-node=\"3\"><span class=\"citation-10 citation-end-10\">La Iglesia Cat\u00f3lica celebra en este d\u00eda la festividad y memoria de figuras insignes que, desde distintos \u00e1mbitos de la vida cristiana, supieron encarnar el Evangelio con radicalidad y fidelidad a los designios de Dios.<\/span><\/p>\n<p><iframe title=\"Spotify Embed: Santa Rosal\u00eda, San Bonifacio I, San Mois\u00e9s y San Marino, 4 de septiembre\" style=\"border-radius: 12px\" width=\"100%\" height=\"152\" frameborder=\"0\" allowfullscreen allow=\"autoplay; clipboard-write; encrypted-media; fullscreen; picture-in-picture\" loading=\"lazy\" src=\"https:\/\/open.spotify.com\/embed\/episode\/7jKoqv9MKlsKRnkv8exL01?si=dfd266491cc845e0&amp;utm_source=oembed\"><\/iframe><\/p>\n<h3 data-path-to-node=\"5\">Breve biograf\u00eda de los santos del d\u00eda<\/h3>\n<ul>\n<li>\n<p id=\"p-rc_0e6f9064d1e420dc-21\" data-path-to-node=\"6,0,0\"><b data-path-to-node=\"6,0,0\" data-index-in-node=\"0\"><span class=\"citation-9 citation-end-9\">Santa Rosal\u00eda (Palermo, c. 1130 &#8211; 1170):\u00a0<\/span><\/b><span class=\"citation-8 citation-end-8\">Conocida popularmente como la \u00abRosa de Palermo\u00bb, esta joven de noble estirpe decidi\u00f3 renunciar a los honores y comodidades de la corte para abrazar la vida de profunda oraci\u00f3n y penitencia como virgen eremita.<\/span> Tras pasar un tiempo en las grutas de Quisquina, se retir\u00f3 a una cueva en el Monte Pellegrino, donde entreg\u00f3 su alma al Creador. Su figura adquiri\u00f3 una enorme relevancia universal cuando, en medio de una terrible epidemia de peste en 1624, sus reliquias fueron halladas y procesionadas por Palermo, atribuy\u00e9ndosele milagrosamente el cese de la enfermedad.<\/p>\n<\/li>\n<li>\n<p id=\"p-rc_0e6f9064d1e420dc-22\" data-path-to-node=\"6,1,0\"><b data-path-to-node=\"6,1,0\" data-index-in-node=\"0\"><span class=\"citation-7 citation-end-7\">San Bonifacio I (Roma, f. 4 de septiembre de 422):\u00a0<\/span><\/b><span class=\"citation-6 citation-end-6\">Pont\u00edfice de la Iglesia Cat\u00f3lica que gui\u00f3 la barca de Pedro en un periodo hist\u00f3rico de alta tensi\u00f3n y turbulencias pol\u00edticas y eclesi\u00e1sticas.<\/span> San Bonifacio I sobresali\u00f3 por su profunda humildad, su defensa f\u00e9rrea de la disciplina eclesi\u00e1stica y su sabidur\u00eda teol\u00f3gica, contando con el apoyo y la admiraci\u00f3n de grandes doctores de la Iglesia como San Agust\u00edn. Su papado logr\u00f3 superar con firmeza y mansedumbre un complejo cisma inicial, consolidando la autoridad pastoral de Roma.<\/p>\n<\/li>\n<li>\n<p data-path-to-node=\"6,2,0\"><b data-path-to-node=\"6,2,0\" data-index-in-node=\"0\">San Mois\u00e9s (El Profeta):\u00a0<\/b>Gigante de la historia de la salvaci\u00f3n y figura central del Antiguo Testamento, recordado por la tradici\u00f3n lit\u00fargica como el legislador y libertador a quien Dios confi\u00f3 las tablas de la Ley en el Monte Sina\u00ed. San Mois\u00e9s tipifica al hombre de fe que dialoga cara a cara con el Se\u00f1or, guiando con paciencia y a pesar de las pruebas al pueblo hebreo a trav\u00e9s del desierto hacia la tierra prometida, prefigurando en su misi\u00f3n terrenal al mismo Jesucristo como el gran liberador del pecado.<\/p>\n<\/li>\n<li data-path-to-node=\"6,3,0\"><b data-path-to-node=\"6,3,0\" data-index-in-node=\"0\">San Marino (Dalmacia, m. c. 366): <\/b>Piedra angular de la tradici\u00f3n cristiana e institucional de la regi\u00f3n que lleva su nombre. De origen d\u00e1lmata, este devoto cantero (o) eremita cruz\u00f3 el Adri\u00e1tico para refugiarse en la pen\u00ednsula italiana huyendo de las persecuciones. En el Monte Titano fund\u00f3 una comunidad de fieles anclada en los valores del Evangelio y del trabajo honrado. La tradici\u00f3n le atribuye haber legado a su comunidad el c\u00e9lebre mandato de permanecer libres ante cualquier poder terrenal, un testimonio indeleble de fe unida a la dignidad humana.<\/li>\n<\/ul>\n<p><img data-recalc-dims=\"1\" fetchpriority=\"high\" decoding=\"async\" class=\"size-full wp-image-183963 alignnone\" src=\"https:\/\/i0.wp.com\/exaudi.org\/wp-content\/uploads\/2026\/09\/Santoral.jpg?resize=940%2C788&#038;ssl=1\" alt=\"\" width=\"940\" height=\"788\" srcset=\"https:\/\/i0.wp.com\/exaudi.org\/wp-content\/uploads\/2026\/09\/Santoral.jpg?w=940&amp;ssl=1 940w, https:\/\/i0.wp.com\/exaudi.org\/wp-content\/uploads\/2026\/09\/Santoral.jpg?resize=300%2C251&amp;ssl=1 300w, https:\/\/i0.wp.com\/exaudi.org\/wp-content\/uploads\/2026\/09\/Santoral.jpg?resize=770%2C645&amp;ssl=1 770w, https:\/\/i0.wp.com\/exaudi.org\/wp-content\/uploads\/2026\/09\/Santoral.jpg?resize=500%2C419&amp;ssl=1 500w\" sizes=\"(max-width: 940px) 100vw, 940px\" \/><\/p>\n","protected":false},"excerpt":{"rendered":"<p>Testigos luminosos de la fe<\/p>\n","protected":false},"author":15,"featured_media":183958,"comment_status":"closed","ping_status":"closed","sticky":false,"template":"","format":"standard","meta":{"_acf_changed":false,"inline_featured_image":false,"_wpcom_ai_launchpad_first_post":false,"footnotes":"","jetpack_post_was_ever_published":false},"categories":[74,2772],"tags":[121518,121525,121520,121523,121521,121522,121519,121515,922,121524,121516,121514,387,37110,121526,121517,58880],"class_list":["post-183956","post","type-post","status-publish","format-standard","has-post-thumbnail","hentry","category-iglesia-y-mundo","category-santoral","tag-4-de-septiembre","tag-ermitanos-de-la-iglesia","tag-monte-pellegrino","tag-monte-sinai","tag-papa-bonifacio-i","tag-profeta-moises","tag-rosa-de-palermo","tag-san-bonifacio-i","tag-san-marino","tag-san-marino-historia","tag-san-moises","tag-santa-rosalia","tag-santoral","tag-santoral-catolico","tag-santos-catolicos-de-septiembre","tag-santos-del-4-de-septiembre","tag-trending-es-151"],"acf":[],"yoast_head":"<!-- This site is optimized with the Yoast SEO plugin v28.4 - https:\/\/yoast.com\/product\/yoast-seo-wordpress\/ -->\n<title>Santa Rosal\u00eda, San Bonifacio I, San Mois\u00e9s y San Marino, 4 de septiembre &#8211; Exaudi<\/title>\n<meta name=\"robots\" content=\"index, follow, max-snippet:-1, max-image-preview:large, max-video-preview:-1\" \/>\n<link rel=\"canonical\" href=\"https:\/\/exaudi.org\/es\/santa-rosalia-san-bonifacio-i-san-moises-y-san-marino-4-de-septiembre\/\" \/>\n<meta property=\"og:locale\" content=\"es_ES\" \/>\n<meta property=\"og:type\" content=\"article\" \/>\n<meta property=\"og:title\" content=\"Santa Rosal\u00eda, San Bonifacio I, San Mois\u00e9s y San Marino, 4 de septiembre &#8211; Exaudi\" \/>\n<meta property=\"og:description\" content=\"Testigos luminosos de la fe\" \/>\n<meta property=\"og:url\" content=\"https:\/\/exaudi.org\/es\/santa-rosalia-san-bonifacio-i-san-moises-y-san-marino-4-de-septiembre\/\" \/>\n<meta property=\"og:site_name\" content=\"Exaudi\" \/>\n<meta property=\"article:publisher\" content=\"https:\/\/www.facebook.com\/ExaudiNews\" \/>\n<meta property=\"article:author\" content=\"https:\/\/www.facebook.com\/ExaudiNoticias\/\" \/>\n<meta property=\"article:published_time\" content=\"2026-09-04T06:30:38+00:00\" \/>\n<meta property=\"article:modified_time\" content=\"2026-09-04T10:11:37+00:00\" \/>\n<meta property=\"og:image\" content=\"https:\/\/exaudi.org\/wp-content\/uploads\/2026\/09\/portada.jpg\" \/>\n\t<meta property=\"og:image:width\" content=\"1280\" \/>\n\t<meta property=\"og:image:height\" content=\"720\" \/>\n\t<meta property=\"og:image:type\" content=\"image\/jpeg\" \/>\n<meta name=\"author\" content=\"Exaudi Redacci\u00f3n\" \/>\n<meta name=\"twitter:card\" content=\"summary_large_image\" \/>\n<meta name=\"twitter:creator\" content=\"@Exaudi_noticias\" \/>\n<meta name=\"twitter:site\" content=\"@Exaudi_News\" \/>\n<meta name=\"twitter:label1\" content=\"Escrito por\" \/>\n\t<meta name=\"twitter:data1\" content=\"Exaudi Redacci\u00f3n\" \/>\n\t<meta name=\"twitter:label2\" content=\"Tiempo de lectura\" \/>\n\t<meta name=\"twitter:data2\" content=\"2 minutos\" \/>\n<script type=\"application\/ld+json\" class=\"yoast-schema-graph\">{\"@context\":\"https:\\\/\\\/schema.org\",\"@graph\":[{\"@type\":\"Article\",\"@id\":\"https:\\\/\\\/exaudi.org\\\/es\\\/santa-rosalia-san-bonifacio-i-san-moises-y-san-marino-4-de-septiembre\\\/#article\",\"isPartOf\":{\"@id\":\"https:\\\/\\\/exaudi.org\\\/es\\\/santa-rosalia-san-bonifacio-i-san-moises-y-san-marino-4-de-septiembre\\\/\"},\"author\":{\"name\":\"Exaudi Redacci\u00f3n\",\"@id\":\"https:\\\/\\\/exaudi.org\\\/#\\\/schema\\\/person\\\/f5fc8f063065e38742da7afe15f25df7\"},\"headline\":\"Santa Rosal\u00eda, San Bonifacio I, San Mois\u00e9s y San Marino, 4 de septiembre\",\"datePublished\":\"2026-09-04T06:30:38+00:00\",\"dateModified\":\"2026-09-04T10:11:37+00:00\",\"mainEntityOfPage\":{\"@id\":\"https:\\\/\\\/exaudi.org\\\/es\\\/santa-rosalia-san-bonifacio-i-san-moises-y-san-marino-4-de-septiembre\\\/\"},\"wordCount\":459,\"image\":{\"@id\":\"https:\\\/\\\/exaudi.org\\\/es\\\/santa-rosalia-san-bonifacio-i-san-moises-y-san-marino-4-de-septiembre\\\/#primaryimage\"},\"thumbnailUrl\":\"https:\\\/\\\/i0.wp.com\\\/exaudi.org\\\/wp-content\\\/uploads\\\/2026\\\/09\\\/portada.jpg?fit=1280%2C720&ssl=1\",\"keywords\":[\"4 de septiembre\",\"ermita\u00f1os de la Iglesia\",\"Monte Pellegrino\",\"Monte Sina\u00ed\",\"Papa Bonifacio I\",\"profeta Mois\u00e9s\",\"Rosa de Palermo\",\"San Bonifacio I\",\"San Marino\",\"San Marino historia\",\"San Mois\u00e9s\",\"Santa Rosal\u00eda\",\"Santoral\",\"santoral cat\u00f3lico\",\"santos cat\u00f3licos de septiembre\",\"santos del 4 de septiembre\",\"Trending\"],\"articleSection\":[\"Iglesia y Mundo\",\"Santoral\"],\"inLanguage\":\"es\"},{\"@type\":\"WebPage\",\"@id\":\"https:\\\/\\\/exaudi.org\\\/es\\\/santa-rosalia-san-bonifacio-i-san-moises-y-san-marino-4-de-septiembre\\\/\",\"url\":\"https:\\\/\\\/exaudi.org\\\/es\\\/santa-rosalia-san-bonifacio-i-san-moises-y-san-marino-4-de-septiembre\\\/\",\"name\":\"Santa Rosal\u00eda, San Bonifacio I, San Mois\u00e9s y San Marino, 4 de septiembre &#8211; Exaudi\",\"isPartOf\":{\"@id\":\"https:\\\/\\\/exaudi.org\\\/#website\"},\"primaryImageOfPage\":{\"@id\":\"https:\\\/\\\/exaudi.org\\\/es\\\/santa-rosalia-san-bonifacio-i-san-moises-y-san-marino-4-de-septiembre\\\/#primaryimage\"},\"image\":{\"@id\":\"https:\\\/\\\/exaudi.org\\\/es\\\/santa-rosalia-san-bonifacio-i-san-moises-y-san-marino-4-de-septiembre\\\/#primaryimage\"},\"thumbnailUrl\":\"https:\\\/\\\/i0.wp.com\\\/exaudi.org\\\/wp-content\\\/uploads\\\/2026\\\/09\\\/portada.jpg?fit=1280%2C720&ssl=1\",\"datePublished\":\"2026-09-04T06:30:38+00:00\",\"dateModified\":\"2026-09-04T10:11:37+00:00\",\"author\":{\"@id\":\"https:\\\/\\\/exaudi.org\\\/#\\\/schema\\\/person\\\/f5fc8f063065e38742da7afe15f25df7\"},\"breadcrumb\":{\"@id\":\"https:\\\/\\\/exaudi.org\\\/es\\\/santa-rosalia-san-bonifacio-i-san-moises-y-san-marino-4-de-septiembre\\\/#breadcrumb\"},\"inLanguage\":\"es\",\"potentialAction\":[{\"@type\":\"ReadAction\",\"target\":[\"https:\\\/\\\/exaudi.org\\\/es\\\/santa-rosalia-san-bonifacio-i-san-moises-y-san-marino-4-de-septiembre\\\/\"]}]},{\"@type\":\"ImageObject\",\"inLanguage\":\"es\",\"@id\":\"https:\\\/\\\/exaudi.org\\\/es\\\/santa-rosalia-san-bonifacio-i-san-moises-y-san-marino-4-de-septiembre\\\/#primaryimage\",\"url\":\"https:\\\/\\\/i0.wp.com\\\/exaudi.org\\\/wp-content\\\/uploads\\\/2026\\\/09\\\/portada.jpg?fit=1280%2C720&ssl=1\",\"contentUrl\":\"https:\\\/\\\/i0.wp.com\\\/exaudi.org\\\/wp-content\\\/uploads\\\/2026\\\/09\\\/portada.jpg?fit=1280%2C720&ssl=1\",\"width\":1280,\"height\":720},{\"@type\":\"BreadcrumbList\",\"@id\":\"https:\\\/\\\/exaudi.org\\\/es\\\/santa-rosalia-san-bonifacio-i-san-moises-y-san-marino-4-de-septiembre\\\/#breadcrumb\",\"itemListElement\":[{\"@type\":\"ListItem\",\"position\":1,\"name\":\"Portada\",\"item\":\"https:\\\/\\\/exaudi.org\\\/es\\\/\"},{\"@type\":\"ListItem\",\"position\":2,\"name\":\"Santa Rosal\u00eda, San Bonifacio I, San Mois\u00e9s y San Marino, 4 de septiembre\"}]},{\"@type\":\"WebSite\",\"@id\":\"https:\\\/\\\/exaudi.org\\\/#website\",\"url\":\"https:\\\/\\\/exaudi.org\\\/\",\"name\":\"Exaudi\",\"description\":\"News\",\"potentialAction\":[{\"@type\":\"SearchAction\",\"target\":{\"@type\":\"EntryPoint\",\"urlTemplate\":\"https:\\\/\\\/exaudi.org\\\/?s={search_term_string}\"},\"query-input\":{\"@type\":\"PropertyValueSpecification\",\"valueRequired\":true,\"valueName\":\"search_term_string\"}}],\"inLanguage\":\"es\"},{\"@type\":\"Person\",\"@id\":\"https:\\\/\\\/exaudi.org\\\/#\\\/schema\\\/person\\\/f5fc8f063065e38742da7afe15f25df7\",\"name\":\"Exaudi Redacci\u00f3n\",\"image\":{\"@type\":\"ImageObject\",\"inLanguage\":\"es\",\"@id\":\"https:\\\/\\\/secure.gravatar.com\\\/avatar\\\/fe0f6a059fb68d9b3e11bc5850dd4899b1c7492091a3cb6dd9b01b56ad828be2?s=96&d=mm&r=g\",\"url\":\"https:\\\/\\\/secure.gravatar.com\\\/avatar\\\/fe0f6a059fb68d9b3e11bc5850dd4899b1c7492091a3cb6dd9b01b56ad828be2?s=96&d=mm&r=g\",\"contentUrl\":\"https:\\\/\\\/secure.gravatar.com\\\/avatar\\\/fe0f6a059fb68d9b3e11bc5850dd4899b1c7492091a3cb6dd9b01b56ad828be2?s=96&d=mm&r=g\",\"caption\":\"Exaudi Redacci\u00f3n\"},\"description\":\"\u00bfQu\u00e9 es Exaudi News? Exaudi News es un medio de comunicaci\u00f3n cat\u00f3lico internacional que informa, forma y transforma, diariamente en espa\u00f1ol, ingl\u00e9s e italiano. A trav\u00e9s de noticias, art\u00edculos de an\u00e1lisis y transmisiones en directo de los eventos del Papa, Exaudi busca fortalecer la unidad de los cristianos y contribuir a la evangelizaci\u00f3n del mundo, siempre guiados por la doctrina social de la Iglesia. Trabajamos para acercar la verdad y los valores cristianos a cada rinc\u00f3n del planeta. \u00a1Ay\u00fadanos a transformar el mundo con Exaudi! En Exaudi creemos que la evangelizaci\u00f3n y la informaci\u00f3n de calidad pueden cambiar vidas. Para continuar con nuestra misi\u00f3n y expandir nuestro alcance, necesitamos tu ayuda. Adem\u00e1s, buscamos personas comprometidas que deseen unirse a nuestro equipo. Con tu apoyo, lograremos llegar a m\u00e1s personas, difundir el mensaje de Cristo y reforzar la unidad de los cristianos. \u00bfTe unes a nuestra misi\u00f3n? Para m\u00e1s informaci\u00f3n sobre c\u00f3mo colaborar, visita Exaudi.org\\\/es o cont\u00e1ctanos directamente: info@exaudi.org Exaudi: Informa, forma y transforma.\",\"sameAs\":[\"https:\\\/\\\/www.facebook.com\\\/ExaudiNoticias\\\/\",\"https:\\\/\\\/www.instagram.com\\\/exaudi_noticias\\\/\",\"https:\\\/\\\/x.com\\\/Exaudi_noticias\",\"https:\\\/\\\/www.youtube.com\\\/@exaudicatholicnews\"],\"url\":\"https:\\\/\\\/exaudi.org\\\/es\\\/author\\\/redaccionexaudi\\\/\"}]}<\/script>\n<!-- \/ Yoast SEO plugin. -->","yoast_head_json":{"title":"Santa Rosal\u00eda, San Bonifacio I, San Mois\u00e9s y San Marino, 4 de septiembre &#8211; Exaudi","robots":{"index":"index","follow":"follow","max-snippet":"max-snippet:-1","max-image-preview":"max-image-preview:large","max-video-preview":"max-video-preview:-1"},"canonical":"https:\/\/exaudi.org\/es\/santa-rosalia-san-bonifacio-i-san-moises-y-san-marino-4-de-septiembre\/","og_locale":"es_ES","og_type":"article","og_title":"Santa Rosal\u00eda, San Bonifacio I, San Mois\u00e9s y San Marino, 4 de septiembre &#8211; Exaudi","og_description":"Testigos luminosos de la fe","og_url":"https:\/\/exaudi.org\/es\/santa-rosalia-san-bonifacio-i-san-moises-y-san-marino-4-de-septiembre\/","og_site_name":"Exaudi","article_publisher":"https:\/\/www.facebook.com\/ExaudiNews","article_author":"https:\/\/www.facebook.com\/ExaudiNoticias\/","article_published_time":"2026-09-04T06:30:38+00:00","article_modified_time":"2026-09-04T10:11:37+00:00","og_image":[{"width":1280,"height":720,"url":"https:\/\/exaudi.org\/wp-content\/uploads\/2026\/09\/portada.jpg","type":"image\/jpeg"}],"author":"Exaudi Redacci\u00f3n","twitter_card":"summary_large_image","twitter_creator":"@Exaudi_noticias","twitter_site":"@Exaudi_News","twitter_misc":{"Escrito por":"Exaudi Redacci\u00f3n","Tiempo de lectura":"2 minutos"},"schema":{"@context":"https:\/\/schema.org","@graph":[{"@type":"Article","@id":"https:\/\/exaudi.org\/es\/santa-rosalia-san-bonifacio-i-san-moises-y-san-marino-4-de-septiembre\/#article","isPartOf":{"@id":"https:\/\/exaudi.org\/es\/santa-rosalia-san-bonifacio-i-san-moises-y-san-marino-4-de-septiembre\/"},"author":{"name":"Exaudi Redacci\u00f3n","@id":"https:\/\/exaudi.org\/#\/schema\/person\/f5fc8f063065e38742da7afe15f25df7"},"headline":"Santa Rosal\u00eda, San Bonifacio I, San Mois\u00e9s y San Marino, 4 de septiembre","datePublished":"2026-09-04T06:30:38+00:00","dateModified":"2026-09-04T10:11:37+00:00","mainEntityOfPage":{"@id":"https:\/\/exaudi.org\/es\/santa-rosalia-san-bonifacio-i-san-moises-y-san-marino-4-de-septiembre\/"},"wordCount":459,"image":{"@id":"https:\/\/exaudi.org\/es\/santa-rosalia-san-bonifacio-i-san-moises-y-san-marino-4-de-septiembre\/#primaryimage"},"thumbnailUrl":"https:\/\/i0.wp.com\/exaudi.org\/wp-content\/uploads\/2026\/09\/portada.jpg?fit=1280%2C720&ssl=1","keywords":["4 de septiembre","ermita\u00f1os de la Iglesia","Monte Pellegrino","Monte Sina\u00ed","Papa Bonifacio I","profeta Mois\u00e9s","Rosa de Palermo","San Bonifacio I","San Marino","San Marino historia","San Mois\u00e9s","Santa Rosal\u00eda","Santoral","santoral cat\u00f3lico","santos cat\u00f3licos de septiembre","santos del 4 de septiembre","Trending"],"articleSection":["Iglesia y Mundo","Santoral"],"inLanguage":"es"},{"@type":"WebPage","@id":"https:\/\/exaudi.org\/es\/santa-rosalia-san-bonifacio-i-san-moises-y-san-marino-4-de-septiembre\/","url":"https:\/\/exaudi.org\/es\/santa-rosalia-san-bonifacio-i-san-moises-y-san-marino-4-de-septiembre\/","name":"Santa Rosal\u00eda, San Bonifacio I, San Mois\u00e9s y San Marino, 4 de septiembre &#8211; Exaudi","isPartOf":{"@id":"https:\/\/exaudi.org\/#website"},"primaryImageOfPage":{"@id":"https:\/\/exaudi.org\/es\/santa-rosalia-san-bonifacio-i-san-moises-y-san-marino-4-de-septiembre\/#primaryimage"},"image":{"@id":"https:\/\/exaudi.org\/es\/santa-rosalia-san-bonifacio-i-san-moises-y-san-marino-4-de-septiembre\/#primaryimage"},"thumbnailUrl":"https:\/\/i0.wp.com\/exaudi.org\/wp-content\/uploads\/2026\/09\/portada.jpg?fit=1280%2C720&ssl=1","datePublished":"2026-09-04T06:30:38+00:00","dateModified":"2026-09-04T10:11:37+00:00","author":{"@id":"https:\/\/exaudi.org\/#\/schema\/person\/f5fc8f063065e38742da7afe15f25df7"},"breadcrumb":{"@id":"https:\/\/exaudi.org\/es\/santa-rosalia-san-bonifacio-i-san-moises-y-san-marino-4-de-septiembre\/#breadcrumb"},"inLanguage":"es","potentialAction":[{"@type":"ReadAction","target":["https:\/\/exaudi.org\/es\/santa-rosalia-san-bonifacio-i-san-moises-y-san-marino-4-de-septiembre\/"]}]},{"@type":"ImageObject","inLanguage":"es","@id":"https:\/\/exaudi.org\/es\/santa-rosalia-san-bonifacio-i-san-moises-y-san-marino-4-de-septiembre\/#primaryimage","url":"https:\/\/i0.wp.com\/exaudi.org\/wp-content\/uploads\/2026\/09\/portada.jpg?fit=1280%2C720&ssl=1","contentUrl":"https:\/\/i0.wp.com\/exaudi.org\/wp-content\/uploads\/2026\/09\/portada.jpg?fit=1280%2C720&ssl=1","width":1280,"height":720},{"@type":"BreadcrumbList","@id":"https:\/\/exaudi.org\/es\/santa-rosalia-san-bonifacio-i-san-moises-y-san-marino-4-de-septiembre\/#breadcrumb","itemListElement":[{"@type":"ListItem","position":1,"name":"Portada","item":"https:\/\/exaudi.org\/es\/"},{"@type":"ListItem","position":2,"name":"Santa Rosal\u00eda, San Bonifacio I, San Mois\u00e9s y San Marino, 4 de septiembre"}]},{"@type":"WebSite","@id":"https:\/\/exaudi.org\/#website","url":"https:\/\/exaudi.org\/","name":"Exaudi","description":"News","potentialAction":[{"@type":"SearchAction","target":{"@type":"EntryPoint","urlTemplate":"https:\/\/exaudi.org\/?s={search_term_string}"},"query-input":{"@type":"PropertyValueSpecification","valueRequired":true,"valueName":"search_term_string"}}],"inLanguage":"es"},{"@type":"Person","@id":"https:\/\/exaudi.org\/#\/schema\/person\/f5fc8f063065e38742da7afe15f25df7","name":"Exaudi Redacci\u00f3n","image":{"@type":"ImageObject","inLanguage":"es","@id":"https:\/\/secure.gravatar.com\/avatar\/fe0f6a059fb68d9b3e11bc5850dd4899b1c7492091a3cb6dd9b01b56ad828be2?s=96&d=mm&r=g","url":"https:\/\/secure.gravatar.com\/avatar\/fe0f6a059fb68d9b3e11bc5850dd4899b1c7492091a3cb6dd9b01b56ad828be2?s=96&d=mm&r=g","contentUrl":"https:\/\/secure.gravatar.com\/avatar\/fe0f6a059fb68d9b3e11bc5850dd4899b1c7492091a3cb6dd9b01b56ad828be2?s=96&d=mm&r=g","caption":"Exaudi Redacci\u00f3n"},"description":"\u00bfQu\u00e9 es Exaudi News? Exaudi News es un medio de comunicaci\u00f3n cat\u00f3lico internacional que informa, forma y transforma, diariamente en espa\u00f1ol, ingl\u00e9s e italiano. A trav\u00e9s de noticias, art\u00edculos de an\u00e1lisis y transmisiones en directo de los eventos del Papa, Exaudi busca fortalecer la unidad de los cristianos y contribuir a la evangelizaci\u00f3n del mundo, siempre guiados por la doctrina social de la Iglesia. Trabajamos para acercar la verdad y los valores cristianos a cada rinc\u00f3n del planeta. \u00a1Ay\u00fadanos a transformar el mundo con Exaudi! En Exaudi creemos que la evangelizaci\u00f3n y la informaci\u00f3n de calidad pueden cambiar vidas. Para continuar con nuestra misi\u00f3n y expandir nuestro alcance, necesitamos tu ayuda. Adem\u00e1s, buscamos personas comprometidas que deseen unirse a nuestro equipo. Con tu apoyo, lograremos llegar a m\u00e1s personas, difundir el mensaje de Cristo y reforzar la unidad de los cristianos. \u00bfTe unes a nuestra misi\u00f3n? Para m\u00e1s informaci\u00f3n sobre c\u00f3mo colaborar, visita Exaudi.org\/es o cont\u00e1ctanos directamente: info@exaudi.org Exaudi: Informa, forma y transforma.","sameAs":["https:\/\/www.facebook.com\/ExaudiNoticias\/","https:\/\/www.instagram.com\/exaudi_noticias\/","https:\/\/x.com\/Exaudi_noticias","https:\/\/www.youtube.com\/@exaudicatholicnews"],"url":"https:\/\/exaudi.org\/es\/author\/redaccionexaudi\/"}]}},"jetpack_shortlink":"https:\/\/wp.me\/pgKjF2-LR2","jetpack_featured_media_url":"https:\/\/i0.wp.com\/exaudi.org\/wp-content\/uploads\/2026\/09\/portada.jpg?fit=1280%2C720&ssl=1","_links":{"self":[{"href":"https:\/\/exaudi.org\/es\/wp-json\/wp\/v2\/posts\/183956","targetHints":{"allow":["GET"]}}],"collection":[{"href":"https:\/\/exaudi.org\/es\/wp-json\/wp\/v2\/posts"}],"about":[{"href":"https:\/\/exaudi.org\/es\/wp-json\/wp\/v2\/types\/post"}],"author":[{"embeddable":true,"href":"https:\/\/exaudi.org\/es\/wp-json\/wp\/v2\/users\/15"}],"replies":[{"embeddable":true,"href":"https:\/\/exaudi.org\/es\/wp-json\/wp\/v2\/comments?post=183956"}],"version-history":[{"count":5,"href":"https:\/\/exaudi.org\/es\/wp-json\/wp\/v2\/posts\/183956\/revisions"}],"predecessor-version":[{"id":183967,"href":"https:\/\/exaudi.org\/es\/wp-json\/wp\/v2\/posts\/183956\/revisions\/183967"}],"wp:featuredmedia":[{"embeddable":true,"href":"https:\/\/exaudi.org\/es\/wp-json\/wp\/v2\/media\/183958"}],"wp:attachment":[{"href":"https:\/\/exaudi.org\/es\/wp-json\/wp\/v2\/media?parent=183956"}],"wp:term":[{"taxonomy":"category","embeddable":true,"href":"https:\/\/exaudi.org\/es\/wp-json\/wp\/v2\/categories?post=183956"},{"taxonomy":"post_tag","embeddable":true,"href":"https:\/\/exaudi.org\/es\/wp-json\/wp\/v2\/tags?post=183956"}],"curies":[{"name":"wp","href":"https:\/\/api.w.org\/{rel}","templated":true}]}}