{"id":18392,"date":"2021-05-23T09:15:11","date_gmt":"2021-05-23T07:15:11","guid":{"rendered":"https:\/\/exaudi.org\/?p=18392"},"modified":"2021-05-24T08:59:41","modified_gmt":"2021-05-24T06:59:41","slug":"vigilia-ecumenica-de-pentecostes-mensaje-del-papa","status":"publish","type":"post","link":"https:\/\/exaudi.org\/es\/vigilia-ecumenica-de-pentecostes-mensaje-del-papa\/","title":{"rendered":"Vigilia ecum\u00e9nica de Pentecost\u00e9s: Mensaje del Papa"},"content":{"rendered":"<p>El Papa Francisco envi\u00f3 ayer, 22 de mayo de 2021, un videomensaje con ocasi\u00f3n de la vigilia ecum\u00e9nica de<a href=\"https:\/\/exaudi.org\/es\/pentecostes-comentario-del-padre-jorge-miro\/\" target=\"_blank\" rel=\"noopener noreferrer\"> Pentecost\u00e9s<\/a> organizada por <a href=\"https:\/\/www.charis.international\/es\/\" target=\"_blank\" rel=\"noopener noreferrer\">CHARIS<\/a> en la iglesia anglicana <em>Christ Church<\/em> de Jerusal\u00e9n.<\/p>\n<p>A continuaci\u00f3n, sigue el texto completo del video mensaje del Santo Padre.<\/p>\n<p>***<\/p>\n<p>Si bien esta grabaci\u00f3n est\u00e1 hecha en Roma, se har\u00e1 p\u00fablica desde la Iglesia anglicana de Cristo, la Christ Church, en Jerusalem, donde se encuentran reunidos creyentes de diferentes tradiciones cristianas.<\/p>\n<p>Quiero agradecer a esta iglesia anglicana su hospitalidad, agradecer a las personas que han hecho posible esta transmisi\u00f3n y, en primer lugar, agradecer a mi hermano y amigo el Arzobispo de Canterbury, Justin Welby, quien nos ha compartido una preciosa reflexi\u00f3n sobre el Esp\u00edritu Santo.<\/p>\n<p>Agradezco tambi\u00e9n a CHARIS, por haberme escuchado y hecho realidad en esta Vigilia la misi\u00f3n que les encomend\u00e9 de trabajar por la unidad de los cristianos. Han organizado esta vigilia cristiana a trav\u00e9s de la Comisi\u00f3n que formaron para este prop\u00f3sito, comisi\u00f3n integrada por cinco cat\u00f3licos y cinco miembros de diferentes iglesias y comunidades cristianas. Gracias.<\/p>\n<p>Esta es una noche muy especial, quiero compartir con ustedes lo que hay en mi coraz\u00f3n, pensando en Jerusal\u00e9n, la ciudad santa para los hijos de Abraham. Pienso en la habitaci\u00f3n de arriba, la\u00a0<i>upper room<\/i>, donde el enviado del Padre, el Esp\u00edritu Santo que Jes\u00fas promete despu\u00e9s de su resurrecci\u00f3n, desciende con poder sobre Mar\u00eda y los disc\u00edpulos, transformando para siempre sus vidas y toda la historia.<\/p>\n<p>Pienso en la Iglesia de Santiago, la iglesia madre, la primera, la Iglesia de los creyentes en Jes\u00fas, el Mes\u00edas, todos ellos jud\u00edos. La Iglesia de Santiago, que nunca desapareci\u00f3 de la historia, est\u00e1 viva hoy. Pienso en la ma\u00f1ana siguiente. Resid\u00edan en Jerusal\u00e9n, nos dicen los Hechos de los Ap\u00f3stoles, jud\u00edos piadosos de todas las naciones que hay bajo el cielo, quienes llenos de estupor escuchaban a estos galileos hablar en sus propias lenguas (Cf.\u00a0<i>Hch<\/i>\u00a02,7-8).<\/p>\n<p>Y m\u00e1s adelante el relato describe la comunidad de los creyentes en Jes\u00fas: \u201cnadie pasaba necesidad porque ten\u00edan todo en com\u00fan\u201d. Y el pueblo dec\u00eda de ellos: Mira c\u00f3mo se aman. El amor fraterno los identifica.Y la presencia del Esp\u00edritu los hace comprensibles. Esta noche resuena en m\u00ed m\u00e1s que nunca el \u201cmiren c\u00f3mo se aman\u201d<\/p>\n<p>\u00bfPuede el mundo hoy decir de los cristianos, de ellos: \u201cmiren c\u00f3mo se aman\u201d o pueden decir con verdad, \u201cmiren c\u00f3mo se odian\u201d o \u201cmiren c\u00f3mo se pelean\u201d? \u00bfQu\u00e9 nos pas\u00f3? Hemos pecado contra Dios y contra nuestros hermanos. Estamos divididos, hemos roto en mil pedazos lo que Dios ha hecho con tanto amor, compasi\u00f3n y ternura. Todos, todos, necesitamos pedir perd\u00f3n, al Padre de todos, y tambi\u00e9n necesitamos perdonarnos a nosotros mismos.<\/p>\n<p>Si siempre ha sido necesaria la unidad de los cristianos en el amor mutuo, hoy es m\u00e1s urgente que nunca. Miremos el mundo: la peste, efecto no s\u00f3lo de un virus sino del ego\u00edsmo y de la codicia que hacen que cada vez los pobres sean m\u00e1s pobres, y los ricos m\u00e1s ricos. La naturaleza est\u00e1 llegando al l\u00edmite de sus posibilidades por la acci\u00f3n depredadora del hombre. S\u00ed, el hombre a quien Dios le confi\u00f3 cuidar y hacer fructificar la tierra.<\/p>\n<p>Hermanos y hermanas, la noche de hoy puede ser una profec\u00eda, puede ser el comienzo del testimonio que nosotros los cristianos, juntos, tenemos que dar al mundo: ser testigos del amor de Dios que ha sido derramado en nuestros corazones por el Esp\u00edritu Santo que se nos ha dado. El amor al que hemos sido llamados los creyentes en Jes\u00fas. Porque esta noche miles de cristianos levantamos juntos, desde los rincones de la tierra, la misma oraci\u00f3n: \u00a1Ven, Esp\u00edritu Santo! \u00a1Ven, Esp\u00edritu de amor y cambia la faz de la tierra y cambia mi coraz\u00f3n!<\/p>\n<p>Esta noche, los exhorto a que se asomen al mundo y hagan realidad el testimonio de la primera comunidad cristiana: \u201cmiren c\u00f3mo se aman\u201d. \u00a1Salgan juntos a contagiar el mundo! Dej\u00e9monos cambiar por el Esp\u00edritu Santo para poder cambiar el mundo. Dios es fiel, no retira nunca sus promesas, y por esto, porque Dios es fiel, quiero recordar hoy, desde Jerusal\u00e9n, aquella profec\u00eda del gran profeta de Israel:\u00a0<i>\u00ab<\/i>Suceder\u00e1 en d\u00edas futuros, el monte de la Casa del Se\u00f1or se afianzar\u00e1 en la cima de los montes, se alzar\u00e1 por encima de las colinas. Confluir\u00e1n en \u00e9l todas las naciones, acudir\u00e1n pueblos numerosos. Dir\u00e1n: \u201cVengan, subamos al Monte del Se\u00f1or, a la casa del Dios de Jacob, para que \u00e9l nos ense\u00f1e sus caminos y nosotros sigamos sus senderos\u201d. Pues de Sion saldr\u00e1 la ley, de Jerusal\u00e9n la palabra del Se\u00f1or. Juzgar\u00e1 entre las gentes, ser\u00e1 \u00e1rbitro de pueblos numerosos, forjar\u00e1n de sus espadas azadones, y de sus lanzas podaderas. No levantar\u00e1 la espada naci\u00f3n contra naci\u00f3n ni se ejercitar\u00e1n m\u00e1s en la guerra (<i>Is<\/i>\u00a02,2-4). Que as\u00ed sea.<\/p>\n","protected":false},"excerpt":{"rendered":"<p>Celebrada en Jerusal\u00e9n<\/p>\n","protected":false},"author":15,"featured_media":18393,"comment_status":"closed","ping_status":"closed","sticky":false,"template":"","format":"standard","meta":{"_acf_changed":false,"_crdt_document":"","inline_featured_image":false,"footnotes":""},"categories":[68,298],"tags":[2449,158,2381],"class_list":["post-18392","post","type-post","status-publish","format-standard","has-post-thumbnail","hentry","category-leon-xiv","category-ultimas-noticias","tag-charis","tag-papa-francisco","tag-pentecostes"],"acf":[],"yoast_head":"<!-- This site is optimized with the Yoast SEO plugin v27.5 - https:\/\/yoast.com\/product\/yoast-seo-wordpress\/ -->\n<title>Vigilia ecum\u00e9nica de Pentecost\u00e9s: Mensaje del Papa &#8211; Exuadi<\/title>\n<meta name=\"description\" content=\"El Papa Francisco envi\u00f3 el 22 de mayo un video mensaje con ocasi\u00f3n de la vigilia ecum\u00e9nica de Pentecost\u00e9s organizada por CHARIS en Jerusal\u00e9n\" \/>\n<meta name=\"robots\" content=\"index, follow, max-snippet:-1, max-image-preview:large, max-video-preview:-1\" \/>\n<link rel=\"canonical\" href=\"https:\/\/exaudi.org\/es\/vigilia-ecumenica-de-pentecostes-mensaje-del-papa\/\" \/>\n<meta property=\"og:locale\" content=\"es_ES\" \/>\n<meta property=\"og:type\" content=\"article\" \/>\n<meta property=\"og:title\" content=\"Vigilia ecum\u00e9nica de Pentecost\u00e9s: Mensaje del Papa &#8211; Exuadi\" \/>\n<meta property=\"og:description\" content=\"El Papa Francisco envi\u00f3 el 22 de mayo un video mensaje con ocasi\u00f3n de la vigilia ecum\u00e9nica de Pentecost\u00e9s organizada por CHARIS en Jerusal\u00e9n\" \/>\n<meta property=\"og:url\" content=\"https:\/\/exaudi.org\/es\/vigilia-ecumenica-de-pentecostes-mensaje-del-papa\/\" \/>\n<meta property=\"og:site_name\" content=\"Exaudi\" \/>\n<meta property=\"article:publisher\" content=\"https:\/\/www.facebook.com\/ExaudiNews\" \/>\n<meta property=\"article:author\" content=\"https:\/\/www.facebook.com\/ExaudiNoticias\/\" \/>\n<meta property=\"article:published_time\" content=\"2021-05-23T07:15:11+00:00\" \/>\n<meta property=\"article:modified_time\" content=\"2021-05-24T06:59:41+00:00\" \/>\n<meta property=\"og:image\" content=\"https:\/\/exaudi.org\/wp-content\/uploads\/2021\/05\/Papa-Francisco-audiencia-general.jpeg\" \/>\n\t<meta property=\"og:image:width\" content=\"800\" \/>\n\t<meta property=\"og:image:height\" content=\"532\" \/>\n\t<meta property=\"og:image:type\" content=\"image\/jpeg\" \/>\n<meta name=\"author\" content=\"Exaudi Redacci\u00f3n\" \/>\n<meta name=\"twitter:card\" content=\"summary_large_image\" \/>\n<meta name=\"twitter:creator\" content=\"@Exaudi_noticias\" \/>\n<meta name=\"twitter:site\" content=\"@Exaudi_News\" \/>\n<meta name=\"twitter:label1\" content=\"Escrito por\" \/>\n\t<meta name=\"twitter:data1\" content=\"Exaudi Redacci\u00f3n\" \/>\n\t<meta name=\"twitter:label2\" content=\"Tiempo de lectura\" \/>\n\t<meta name=\"twitter:data2\" content=\"4 minutos\" \/>\n<script type=\"application\/ld+json\" class=\"yoast-schema-graph\">{\"@context\":\"https:\\\/\\\/schema.org\",\"@graph\":[{\"@type\":\"Article\",\"@id\":\"https:\\\/\\\/exaudi.org\\\/es\\\/vigilia-ecumenica-de-pentecostes-mensaje-del-papa\\\/#article\",\"isPartOf\":{\"@id\":\"https:\\\/\\\/exaudi.org\\\/es\\\/vigilia-ecumenica-de-pentecostes-mensaje-del-papa\\\/\"},\"author\":{\"name\":\"Exaudi Redacci\u00f3n\",\"@id\":\"https:\\\/\\\/exaudi.org\\\/#\\\/schema\\\/person\\\/f5fc8f063065e38742da7afe15f25df7\"},\"headline\":\"Vigilia ecum\u00e9nica de Pentecost\u00e9s: Mensaje del Papa\",\"datePublished\":\"2021-05-23T07:15:11+00:00\",\"dateModified\":\"2021-05-24T06:59:41+00:00\",\"mainEntityOfPage\":{\"@id\":\"https:\\\/\\\/exaudi.org\\\/es\\\/vigilia-ecumenica-de-pentecostes-mensaje-del-papa\\\/\"},\"wordCount\":896,\"image\":{\"@id\":\"https:\\\/\\\/exaudi.org\\\/es\\\/vigilia-ecumenica-de-pentecostes-mensaje-del-papa\\\/#primaryimage\"},\"thumbnailUrl\":\"https:\\\/\\\/exaudi.org\\\/wp-content\\\/uploads\\\/2021\\\/05\\\/Papa-Francisco-audiencia-general.jpeg\",\"keywords\":[\"CHARIS\",\"papa francisco\",\"Pentecost\u00e9s\"],\"articleSection\":[\"Le\u00f3n XIV\",\"\u00daltimas noticias\"],\"inLanguage\":\"es\"},{\"@type\":\"WebPage\",\"@id\":\"https:\\\/\\\/exaudi.org\\\/es\\\/vigilia-ecumenica-de-pentecostes-mensaje-del-papa\\\/\",\"url\":\"https:\\\/\\\/exaudi.org\\\/es\\\/vigilia-ecumenica-de-pentecostes-mensaje-del-papa\\\/\",\"name\":\"Vigilia ecum\u00e9nica de Pentecost\u00e9s: Mensaje del Papa &#8211; Exuadi\",\"isPartOf\":{\"@id\":\"https:\\\/\\\/exaudi.org\\\/#website\"},\"primaryImageOfPage\":{\"@id\":\"https:\\\/\\\/exaudi.org\\\/es\\\/vigilia-ecumenica-de-pentecostes-mensaje-del-papa\\\/#primaryimage\"},\"image\":{\"@id\":\"https:\\\/\\\/exaudi.org\\\/es\\\/vigilia-ecumenica-de-pentecostes-mensaje-del-papa\\\/#primaryimage\"},\"thumbnailUrl\":\"https:\\\/\\\/exaudi.org\\\/wp-content\\\/uploads\\\/2021\\\/05\\\/Papa-Francisco-audiencia-general.jpeg\",\"datePublished\":\"2021-05-23T07:15:11+00:00\",\"dateModified\":\"2021-05-24T06:59:41+00:00\",\"author\":{\"@id\":\"https:\\\/\\\/exaudi.org\\\/#\\\/schema\\\/person\\\/f5fc8f063065e38742da7afe15f25df7\"},\"description\":\"El Papa Francisco envi\u00f3 el 22 de mayo un video mensaje con ocasi\u00f3n de la vigilia ecum\u00e9nica de Pentecost\u00e9s organizada por CHARIS en Jerusal\u00e9n\",\"breadcrumb\":{\"@id\":\"https:\\\/\\\/exaudi.org\\\/es\\\/vigilia-ecumenica-de-pentecostes-mensaje-del-papa\\\/#breadcrumb\"},\"inLanguage\":\"es\",\"potentialAction\":[{\"@type\":\"ReadAction\",\"target\":[\"https:\\\/\\\/exaudi.org\\\/es\\\/vigilia-ecumenica-de-pentecostes-mensaje-del-papa\\\/\"]}]},{\"@type\":\"ImageObject\",\"inLanguage\":\"es\",\"@id\":\"https:\\\/\\\/exaudi.org\\\/es\\\/vigilia-ecumenica-de-pentecostes-mensaje-del-papa\\\/#primaryimage\",\"url\":\"https:\\\/\\\/exaudi.org\\\/wp-content\\\/uploads\\\/2021\\\/05\\\/Papa-Francisco-audiencia-general.jpeg\",\"contentUrl\":\"https:\\\/\\\/exaudi.org\\\/wp-content\\\/uploads\\\/2021\\\/05\\\/Papa-Francisco-audiencia-general.jpeg\",\"width\":800,\"height\":532,\"caption\":\"Mensaje del Papa\"},{\"@type\":\"BreadcrumbList\",\"@id\":\"https:\\\/\\\/exaudi.org\\\/es\\\/vigilia-ecumenica-de-pentecostes-mensaje-del-papa\\\/#breadcrumb\",\"itemListElement\":[{\"@type\":\"ListItem\",\"position\":1,\"name\":\"Portada\",\"item\":\"https:\\\/\\\/exaudi.org\\\/es\\\/\"},{\"@type\":\"ListItem\",\"position\":2,\"name\":\"Vigilia ecum\u00e9nica de Pentecost\u00e9s: Mensaje del Papa\"}]},{\"@type\":\"WebSite\",\"@id\":\"https:\\\/\\\/exaudi.org\\\/#website\",\"url\":\"https:\\\/\\\/exaudi.org\\\/\",\"name\":\"Exaudi\",\"description\":\"News\",\"potentialAction\":[{\"@type\":\"SearchAction\",\"target\":{\"@type\":\"EntryPoint\",\"urlTemplate\":\"https:\\\/\\\/exaudi.org\\\/?s={search_term_string}\"},\"query-input\":{\"@type\":\"PropertyValueSpecification\",\"valueRequired\":true,\"valueName\":\"search_term_string\"}}],\"inLanguage\":\"es\"},{\"@type\":\"Person\",\"@id\":\"https:\\\/\\\/exaudi.org\\\/#\\\/schema\\\/person\\\/f5fc8f063065e38742da7afe15f25df7\",\"name\":\"Exaudi Redacci\u00f3n\",\"image\":{\"@type\":\"ImageObject\",\"inLanguage\":\"es\",\"@id\":\"https:\\\/\\\/secure.gravatar.com\\\/avatar\\\/fe0f6a059fb68d9b3e11bc5850dd4899b1c7492091a3cb6dd9b01b56ad828be2?s=96&d=mm&r=g\",\"url\":\"https:\\\/\\\/secure.gravatar.com\\\/avatar\\\/fe0f6a059fb68d9b3e11bc5850dd4899b1c7492091a3cb6dd9b01b56ad828be2?s=96&d=mm&r=g\",\"contentUrl\":\"https:\\\/\\\/secure.gravatar.com\\\/avatar\\\/fe0f6a059fb68d9b3e11bc5850dd4899b1c7492091a3cb6dd9b01b56ad828be2?s=96&d=mm&r=g\",\"caption\":\"Exaudi Redacci\u00f3n\"},\"description\":\"\u00bfQu\u00e9 es Exaudi News? Exaudi News es un medio de comunicaci\u00f3n cat\u00f3lico internacional que informa, forma y transforma, diariamente en espa\u00f1ol, ingl\u00e9s e italiano. A trav\u00e9s de noticias, art\u00edculos de an\u00e1lisis y transmisiones en directo de los eventos del Papa, Exaudi busca fortalecer la unidad de los cristianos y contribuir a la evangelizaci\u00f3n del mundo, siempre guiados por la doctrina social de la Iglesia. Trabajamos para acercar la verdad y los valores cristianos a cada rinc\u00f3n del planeta. \u00a1Ay\u00fadanos a transformar el mundo con Exaudi! En Exaudi creemos que la evangelizaci\u00f3n y la informaci\u00f3n de calidad pueden cambiar vidas. Para continuar con nuestra misi\u00f3n y expandir nuestro alcance, necesitamos tu ayuda. Adem\u00e1s, buscamos personas comprometidas que deseen unirse a nuestro equipo. Con tu apoyo, lograremos llegar a m\u00e1s personas, difundir el mensaje de Cristo y reforzar la unidad de los cristianos. \u00bfTe unes a nuestra misi\u00f3n? Para m\u00e1s informaci\u00f3n sobre c\u00f3mo colaborar, visita Exaudi.org\\\/es o cont\u00e1ctanos directamente: info@exaudi.org Exaudi: Informa, forma y transforma.\",\"sameAs\":[\"https:\\\/\\\/www.facebook.com\\\/ExaudiNoticias\\\/\",\"https:\\\/\\\/www.instagram.com\\\/exaudi_noticias\\\/\",\"https:\\\/\\\/x.com\\\/Exaudi_noticias\",\"https:\\\/\\\/www.youtube.com\\\/@exaudicatholicnews\"],\"url\":\"https:\\\/\\\/exaudi.org\\\/es\\\/author\\\/redaccionexaudi\\\/\"}]}<\/script>\n<!-- \/ Yoast SEO plugin. -->","yoast_head_json":{"title":"Vigilia ecum\u00e9nica de Pentecost\u00e9s: Mensaje del Papa &#8211; Exuadi","description":"El Papa Francisco envi\u00f3 el 22 de mayo un video mensaje con ocasi\u00f3n de la vigilia ecum\u00e9nica de Pentecost\u00e9s organizada por CHARIS en Jerusal\u00e9n","robots":{"index":"index","follow":"follow","max-snippet":"max-snippet:-1","max-image-preview":"max-image-preview:large","max-video-preview":"max-video-preview:-1"},"canonical":"https:\/\/exaudi.org\/es\/vigilia-ecumenica-de-pentecostes-mensaje-del-papa\/","og_locale":"es_ES","og_type":"article","og_title":"Vigilia ecum\u00e9nica de Pentecost\u00e9s: Mensaje del Papa &#8211; Exuadi","og_description":"El Papa Francisco envi\u00f3 el 22 de mayo un video mensaje con ocasi\u00f3n de la vigilia ecum\u00e9nica de Pentecost\u00e9s organizada por CHARIS en Jerusal\u00e9n","og_url":"https:\/\/exaudi.org\/es\/vigilia-ecumenica-de-pentecostes-mensaje-del-papa\/","og_site_name":"Exaudi","article_publisher":"https:\/\/www.facebook.com\/ExaudiNews","article_author":"https:\/\/www.facebook.com\/ExaudiNoticias\/","article_published_time":"2021-05-23T07:15:11+00:00","article_modified_time":"2021-05-24T06:59:41+00:00","og_image":[{"width":800,"height":532,"url":"https:\/\/exaudi.org\/wp-content\/uploads\/2021\/05\/Papa-Francisco-audiencia-general.jpeg","type":"image\/jpeg"}],"author":"Exaudi Redacci\u00f3n","twitter_card":"summary_large_image","twitter_creator":"@Exaudi_noticias","twitter_site":"@Exaudi_News","twitter_misc":{"Escrito por":"Exaudi Redacci\u00f3n","Tiempo de lectura":"4 minutos"},"schema":{"@context":"https:\/\/schema.org","@graph":[{"@type":"Article","@id":"https:\/\/exaudi.org\/es\/vigilia-ecumenica-de-pentecostes-mensaje-del-papa\/#article","isPartOf":{"@id":"https:\/\/exaudi.org\/es\/vigilia-ecumenica-de-pentecostes-mensaje-del-papa\/"},"author":{"name":"Exaudi Redacci\u00f3n","@id":"https:\/\/exaudi.org\/#\/schema\/person\/f5fc8f063065e38742da7afe15f25df7"},"headline":"Vigilia ecum\u00e9nica de Pentecost\u00e9s: Mensaje del Papa","datePublished":"2021-05-23T07:15:11+00:00","dateModified":"2021-05-24T06:59:41+00:00","mainEntityOfPage":{"@id":"https:\/\/exaudi.org\/es\/vigilia-ecumenica-de-pentecostes-mensaje-del-papa\/"},"wordCount":896,"image":{"@id":"https:\/\/exaudi.org\/es\/vigilia-ecumenica-de-pentecostes-mensaje-del-papa\/#primaryimage"},"thumbnailUrl":"https:\/\/exaudi.org\/wp-content\/uploads\/2021\/05\/Papa-Francisco-audiencia-general.jpeg","keywords":["CHARIS","papa francisco","Pentecost\u00e9s"],"articleSection":["Le\u00f3n XIV","\u00daltimas noticias"],"inLanguage":"es"},{"@type":"WebPage","@id":"https:\/\/exaudi.org\/es\/vigilia-ecumenica-de-pentecostes-mensaje-del-papa\/","url":"https:\/\/exaudi.org\/es\/vigilia-ecumenica-de-pentecostes-mensaje-del-papa\/","name":"Vigilia ecum\u00e9nica de Pentecost\u00e9s: Mensaje del Papa &#8211; Exuadi","isPartOf":{"@id":"https:\/\/exaudi.org\/#website"},"primaryImageOfPage":{"@id":"https:\/\/exaudi.org\/es\/vigilia-ecumenica-de-pentecostes-mensaje-del-papa\/#primaryimage"},"image":{"@id":"https:\/\/exaudi.org\/es\/vigilia-ecumenica-de-pentecostes-mensaje-del-papa\/#primaryimage"},"thumbnailUrl":"https:\/\/exaudi.org\/wp-content\/uploads\/2021\/05\/Papa-Francisco-audiencia-general.jpeg","datePublished":"2021-05-23T07:15:11+00:00","dateModified":"2021-05-24T06:59:41+00:00","author":{"@id":"https:\/\/exaudi.org\/#\/schema\/person\/f5fc8f063065e38742da7afe15f25df7"},"description":"El Papa Francisco envi\u00f3 el 22 de mayo un video mensaje con ocasi\u00f3n de la vigilia ecum\u00e9nica de Pentecost\u00e9s organizada por CHARIS en Jerusal\u00e9n","breadcrumb":{"@id":"https:\/\/exaudi.org\/es\/vigilia-ecumenica-de-pentecostes-mensaje-del-papa\/#breadcrumb"},"inLanguage":"es","potentialAction":[{"@type":"ReadAction","target":["https:\/\/exaudi.org\/es\/vigilia-ecumenica-de-pentecostes-mensaje-del-papa\/"]}]},{"@type":"ImageObject","inLanguage":"es","@id":"https:\/\/exaudi.org\/es\/vigilia-ecumenica-de-pentecostes-mensaje-del-papa\/#primaryimage","url":"https:\/\/exaudi.org\/wp-content\/uploads\/2021\/05\/Papa-Francisco-audiencia-general.jpeg","contentUrl":"https:\/\/exaudi.org\/wp-content\/uploads\/2021\/05\/Papa-Francisco-audiencia-general.jpeg","width":800,"height":532,"caption":"Mensaje del Papa"},{"@type":"BreadcrumbList","@id":"https:\/\/exaudi.org\/es\/vigilia-ecumenica-de-pentecostes-mensaje-del-papa\/#breadcrumb","itemListElement":[{"@type":"ListItem","position":1,"name":"Portada","item":"https:\/\/exaudi.org\/es\/"},{"@type":"ListItem","position":2,"name":"Vigilia ecum\u00e9nica de Pentecost\u00e9s: Mensaje del Papa"}]},{"@type":"WebSite","@id":"https:\/\/exaudi.org\/#website","url":"https:\/\/exaudi.org\/","name":"Exaudi","description":"News","potentialAction":[{"@type":"SearchAction","target":{"@type":"EntryPoint","urlTemplate":"https:\/\/exaudi.org\/?s={search_term_string}"},"query-input":{"@type":"PropertyValueSpecification","valueRequired":true,"valueName":"search_term_string"}}],"inLanguage":"es"},{"@type":"Person","@id":"https:\/\/exaudi.org\/#\/schema\/person\/f5fc8f063065e38742da7afe15f25df7","name":"Exaudi Redacci\u00f3n","image":{"@type":"ImageObject","inLanguage":"es","@id":"https:\/\/secure.gravatar.com\/avatar\/fe0f6a059fb68d9b3e11bc5850dd4899b1c7492091a3cb6dd9b01b56ad828be2?s=96&d=mm&r=g","url":"https:\/\/secure.gravatar.com\/avatar\/fe0f6a059fb68d9b3e11bc5850dd4899b1c7492091a3cb6dd9b01b56ad828be2?s=96&d=mm&r=g","contentUrl":"https:\/\/secure.gravatar.com\/avatar\/fe0f6a059fb68d9b3e11bc5850dd4899b1c7492091a3cb6dd9b01b56ad828be2?s=96&d=mm&r=g","caption":"Exaudi Redacci\u00f3n"},"description":"\u00bfQu\u00e9 es Exaudi News? Exaudi News es un medio de comunicaci\u00f3n cat\u00f3lico internacional que informa, forma y transforma, diariamente en espa\u00f1ol, ingl\u00e9s e italiano. A trav\u00e9s de noticias, art\u00edculos de an\u00e1lisis y transmisiones en directo de los eventos del Papa, Exaudi busca fortalecer la unidad de los cristianos y contribuir a la evangelizaci\u00f3n del mundo, siempre guiados por la doctrina social de la Iglesia. Trabajamos para acercar la verdad y los valores cristianos a cada rinc\u00f3n del planeta. \u00a1Ay\u00fadanos a transformar el mundo con Exaudi! En Exaudi creemos que la evangelizaci\u00f3n y la informaci\u00f3n de calidad pueden cambiar vidas. Para continuar con nuestra misi\u00f3n y expandir nuestro alcance, necesitamos tu ayuda. Adem\u00e1s, buscamos personas comprometidas que deseen unirse a nuestro equipo. Con tu apoyo, lograremos llegar a m\u00e1s personas, difundir el mensaje de Cristo y reforzar la unidad de los cristianos. \u00bfTe unes a nuestra misi\u00f3n? Para m\u00e1s informaci\u00f3n sobre c\u00f3mo colaborar, visita Exaudi.org\/es o cont\u00e1ctanos directamente: info@exaudi.org Exaudi: Informa, forma y transforma.","sameAs":["https:\/\/www.facebook.com\/ExaudiNoticias\/","https:\/\/www.instagram.com\/exaudi_noticias\/","https:\/\/x.com\/Exaudi_noticias","https:\/\/www.youtube.com\/@exaudicatholicnews"],"url":"https:\/\/exaudi.org\/es\/author\/redaccionexaudi\/"}]}},"jetpack_featured_media_url":"https:\/\/exaudi.org\/wp-content\/uploads\/2021\/05\/Papa-Francisco-audiencia-general.jpeg","jetpack_shortlink":"https:\/\/wp.me\/pgKjF2-4ME","_links":{"self":[{"href":"https:\/\/exaudi.org\/es\/wp-json\/wp\/v2\/posts\/18392","targetHints":{"allow":["GET"]}}],"collection":[{"href":"https:\/\/exaudi.org\/es\/wp-json\/wp\/v2\/posts"}],"about":[{"href":"https:\/\/exaudi.org\/es\/wp-json\/wp\/v2\/types\/post"}],"author":[{"embeddable":true,"href":"https:\/\/exaudi.org\/es\/wp-json\/wp\/v2\/users\/15"}],"replies":[{"embeddable":true,"href":"https:\/\/exaudi.org\/es\/wp-json\/wp\/v2\/comments?post=18392"}],"version-history":[{"count":0,"href":"https:\/\/exaudi.org\/es\/wp-json\/wp\/v2\/posts\/18392\/revisions"}],"wp:featuredmedia":[{"embeddable":true,"href":"https:\/\/exaudi.org\/es\/wp-json\/wp\/v2\/media\/18393"}],"wp:attachment":[{"href":"https:\/\/exaudi.org\/es\/wp-json\/wp\/v2\/media?parent=18392"}],"wp:term":[{"taxonomy":"category","embeddable":true,"href":"https:\/\/exaudi.org\/es\/wp-json\/wp\/v2\/categories?post=18392"},{"taxonomy":"post_tag","embeddable":true,"href":"https:\/\/exaudi.org\/es\/wp-json\/wp\/v2\/tags?post=18392"}],"curies":[{"name":"wp","href":"https:\/\/api.w.org\/{rel}","templated":true}]}}