{"id":183800,"date":"2026-09-03T13:31:29","date_gmt":"2026-09-03T11:31:29","guid":{"rendered":"https:\/\/exaudi.org\/?p=183800"},"modified":"2026-09-03T13:32:26","modified_gmt":"2026-09-03T11:32:26","slug":"el-arte-de-frenar-cuando-todo-corre-el-valor-del-seminario-en-la-era-de-la-prisa","status":"publish","type":"post","link":"https:\/\/exaudi.org\/es\/el-arte-de-frenar-cuando-todo-corre-el-valor-del-seminario-en-la-era-de-la-prisa\/","title":{"rendered":"El arte de frenar cuando todo corre: el valor del seminario en la era de la prisa"},"content":{"rendered":"<p data-path-to-node=\"3\">Vivimos en un tiempo acelerado, ruidoso y marcado por la urgencia. En esta din\u00e1mica donde todo va de prisa y donde la autorrealizaci\u00f3n personal se ha convertido en una meta casi obsesiva, detenerse a pensar, formarse o cultivar la vida interior durante a\u00f1os puede parecer a simple vista una p\u00e9rdida de tiempo, un lujo o incluso una instituci\u00f3n del pasado. Sin embargo, frenar la marcha no es retrasar la acci\u00f3n, sino garantizar que esta tenga un sentido profundo.<\/p>\n<p data-path-to-node=\"4\">Con motivo de los aniversarios de los seminarios de Molfetta y Aversa, el Papa Le\u00f3n XIV ha querido recordar que las grandes decisiones y los compromisos de vida no nacen de una competici\u00f3n, de un examen de m\u00e9ritos ni de una carrera de rendimiento. Surgen, por el contrario, de una elecci\u00f3n gratuita que invita a la humildad, al di\u00e1logo sincero en medio del ruido y a aprender a \u00abestar\u00bb antes de lanzarse a actuar.<\/p>\n<h3 data-path-to-node=\"5\"><b data-path-to-node=\"5\" data-index-in-node=\"0\">Una escuela de convivencia y madurez afectiva<\/b><\/h3>\n<p data-path-to-node=\"6\">El tiempo de preparaci\u00f3n en el seminario funciona como una aut\u00e9ntica escuela de relaciones humanas. Nadie hace el camino en solitario. La convivencia entre personas de or\u00edgenes y personalidades muy distintas exige salir del individualismo, cultivar relaciones comunitarias aut\u00e9nticas y aprender a entender la fraternidad no como una teor\u00eda abstracta, sino como una amistad concreta y cotidiana.<\/p>\n<h3 data-path-to-node=\"7\"><b data-path-to-node=\"7\" data-index-in-node=\"0\"><img data-recalc-dims=\"1\" fetchpriority=\"high\" decoding=\"async\" class=\"size-full wp-image-183803 alignnone\" src=\"https:\/\/i0.wp.com\/exaudi.org\/wp-content\/uploads\/2026\/09\/cq5dam.thumbnail.cropped.750.422.jpeg?resize=750%2C422&#038;ssl=1\" alt=\"\" width=\"750\" height=\"422\" srcset=\"https:\/\/i0.wp.com\/exaudi.org\/wp-content\/uploads\/2026\/09\/cq5dam.thumbnail.cropped.750.422.jpeg?w=750&amp;ssl=1 750w, https:\/\/i0.wp.com\/exaudi.org\/wp-content\/uploads\/2026\/09\/cq5dam.thumbnail.cropped.750.422.jpeg?resize=300%2C169&amp;ssl=1 300w, https:\/\/i0.wp.com\/exaudi.org\/wp-content\/uploads\/2026\/09\/cq5dam.thumbnail.cropped.750.422.jpeg?resize=500%2C281&amp;ssl=1 500w\" sizes=\"(max-width: 750px) 100vw, 750px\" \/>D<\/b><\/h3>\n<h3 data-path-to-node=\"7\"><b data-path-to-node=\"7\" data-index-in-node=\"0\">Del retiro a la realidad de la calle<\/b><\/h3>\n<p data-path-to-node=\"8\">Este periodo de silencio y estudio no busca crear un refugio aislado para proteger a nadie de la realidad. Cobrar sentido solo tiene valor si prepara para volver a la calle y conectar con los problemas reales de la gente:<\/p>\n<ul data-path-to-node=\"9\">\n<li>\n<p data-path-to-node=\"9,0,0\"><b data-path-to-node=\"9,0,0\" data-index-in-node=\"0\">Familias<\/b> que se esfuerzan a diario por salir adelante en un entorno complejo.<\/p>\n<\/li>\n<li>\n<p data-path-to-node=\"9,1,0\"><b data-path-to-node=\"9,1,0\" data-index-in-node=\"0\">J\u00f3venes<\/b> que con veinte a\u00f1os tienen que hacer las maletas para buscar oportunidades laborales fuera de su tierra.<\/p>\n<\/li>\n<li>\n<p data-path-to-node=\"9,2,0\"><b data-path-to-node=\"9,2,0\" data-index-in-node=\"0\">Ancianos solos<\/b> y personas en la marginalidad que han ido perdiendo el sentido de la existencia.<\/p>\n<\/li>\n<\/ul>\n<p data-path-to-node=\"10\">El tiempo invertido en escuchar, discernir y dejarse formar sin atajos es la condici\u00f3n indispensable para poder acompa\u00f1ar con empat\u00eda, verdad y cercan\u00eda a quienes m\u00e1s lo necesitan en la vida cotidiana.<\/p>\n<ul data-path-to-node=\"11\">\n<li>\n<p data-path-to-node=\"11,0,0\"><b data-path-to-node=\"11,0,0\" data-index-in-node=\"0\">Enfoque comunicativo<\/b>: El art\u00edculo est\u00e1 adaptado para una lectura period\u00edstica general en espa\u00f1ol de Espa\u00f1a, manteniendo la fidelidad absoluta a las ideas y citas contextuales del discurso sin invenci\u00f3n de datos.<\/p>\n<\/li>\n<li>\n<p data-path-to-node=\"11,1,0\"><b data-path-to-node=\"11,1,0\" data-index-in-node=\"0\">Tono y registro<\/b>: Emplea un registro divulgativo y reflexivo, resaltando el valor sociocultural del texto original (el valor de la pausa, la vida comunitaria y la atenci\u00f3n a las periferias humanas).<\/p>\n<\/li>\n<\/ul>\n<p><em><strong>Texto completo del discurso:<\/strong><\/em><\/p>\n<p style=\"text-align: center;\" data-path-to-node=\"0\"><strong>DISCURSO DEL SANTO PADRE LE\u00d3N XIV<\/strong><\/p>\n<p style=\"text-align: center;\" data-path-to-node=\"1\"><strong>A LOS SEMINARISTAS DEL SEMINARIO PONTIFICIO REGIONAL DE LA PUGLIA \u201cP\u00cdO XI\u201d DE MOLFETTA<\/strong><\/p>\n<p style=\"text-align: center;\" data-path-to-node=\"2\"><strong>Y DEL SEMINARIO OBISPAL DE AVERSA<\/strong><\/p>\n<p style=\"text-align: center;\" data-path-to-node=\"3\">Sala Clementina<\/p>\n<p style=\"text-align: center;\" data-path-to-node=\"4\">Jueves, 3 de septiembre de 2026<\/p>\n<p data-path-to-node=\"5\">En el nombre del Padre, del Hijo y del Esp\u00edritu Santo.<\/p>\n<p data-path-to-node=\"6\">La paz est\u00e9 con vosotros.<\/p>\n<p data-path-to-node=\"7\">Queridos hermanos en el Episcopado,<\/p>\n<p data-path-to-node=\"8\">sacerdotes, seminaristas, familiares:<\/p>\n<p data-path-to-node=\"9\">En primer lugar, os agradezco de coraz\u00f3n vuestra presencia hoy aqu\u00ed.<\/p>\n<p data-path-to-node=\"10\">Ven\u00eds de dos caminos distintos y de dos tierras diferentes, pero este a\u00f1o vuestras casas celebran juntas un aniversario. En Molfetta record\u00e1is el primer centenario de la nueva sede, querida por el Papa P\u00edo XI, de quien vuestro seminario lleva el nombre, mientras que en Aversa celebr\u00e1is el tricentenario de la apertura de la sede actual.<\/p>\n<p data-path-to-node=\"11\">Al encontrarme con vosotros, deseo subrayar una dimensi\u00f3n de vuestro itinerario formativo: la de la relaci\u00f3n con Aquel que os ha llamado. El estudio, la disciplina y las etapas del camino son elementos importantes que hay que tener muy presentes, pero solo valen si est\u00e1n fundados en la relaci\u00f3n con Dios.<\/p>\n<p data-path-to-node=\"12\">San Marcos, en su Evangelio, relata que Jes\u00fas \u00absubi\u00f3 al monte, llam\u00f3 a los que quiso y se fueron con \u00e9l. Instituy\u00f3 a Doce \u2014a los que llam\u00f3 ap\u00f3stoles\u2014 para que estuvieran con \u00e9l y para enviarlos a predicar\u00bb (Mc 3, 13-14).<\/p>\n<p data-path-to-node=\"13\">En estas pocas palabras ya est\u00e1 todo. Deteni\u00e9ndonos en este breve pasaje, podemos vislumbrar una admirable s\u00edntesis de la experiencia v\u00e1lida para todo llamado, para todos aquellos que desean profundizar en la verdad de su propia vocaci\u00f3n. Est\u00e1 el monte al que subir, donde alcanzar a Cristo y, sobre todo, donde estar con \u00c9l. El coraz\u00f3n de la experiencia del seminario es este: aprender a estar con el Maestro, el Se\u00f1or Jes\u00fas.<\/p>\n<p data-path-to-node=\"14\">El evangelista se\u00f1ala que el Se\u00f1or \u00abllam\u00f3 a los que quiso\u00bb, y pone de manifiesto de inmediato la libertad de Dios, de la que brota toda vocaci\u00f3n. No hay un concurso, no hay una clasificaci\u00f3n, ni est\u00e1 escrito que eligiera a los mejores: eligi\u00f3 a los que quiso. En un mundo que se afana tanto en celebrar la autorrealizaci\u00f3n personal, es verdaderamente importante reafirmar que ninguno de vosotros y ninguno de nosotros est\u00e1 aqu\u00ed porque se lo haya merecido, sino solo por una libre elecci\u00f3n por parte de Dios Padre, signo y prenda de un amor gratuito que siempre se nos adelanta y que nunca defrauda.<\/p>\n<p data-path-to-node=\"15\">Querid\u00edsimos seminaristas, vuestra propia presencia en el seminario es un signo de esperanza para toda la Iglesia. No de un vago optimismo, sino de la certeza de que el Se\u00f1or llama siempre, en cada \u00e9poca de la historia y en cada lugar. Al mirar a cada uno de vosotros, contemplo la maravilla de Dios que nunca se cansa de susurrar al coraz\u00f3n de los j\u00f3venes la belleza de entregar la vida por \u00c9l y por la Iglesia.<\/p>\n<p data-path-to-node=\"16\">Toda vocaci\u00f3n nace de un di\u00e1logo \u00edntimo con Dios, cultivado en el silencio y en la oraci\u00f3n, que a menudo tiene lugar \u00aba pesar del ruido a veces ensordecedor del mundo\u00bb (Le\u00f3n XIV, <i data-path-to-node=\"16\" data-index-in-node=\"179\">Mensaje para la LXIII Jornada Mundial de Oraci\u00f3n por las Vocaciones<\/i>, 16 de marzo de 2026). Es ah\u00ed donde se decide todo, y para que ese di\u00e1logo se produzca es necesario aprender a estar con \u00c9l.<\/p>\n<p data-path-to-node=\"17\">Ejemplos ten\u00e9is muchos, pero creo que para todos vosotros el venerable Obispo Don Tonino Bello muestra con particular claridad qu\u00e9 significa ser sacerdote y ser obispo: no con palabras, sino en cada gesto y en cada decisi\u00f3n, y testimoni\u00e1ndolo hasta el final.<\/p>\n<p data-path-to-node=\"18\">Por eso, el tiempo del seminario sigue siendo necesario, hoy no menos que ayer. En un mundo que tiene prisa y que mira con recelo cualquier pausa prolongada, se podr\u00eda pensar que es un lujo o una instituci\u00f3n superada, pero no es as\u00ed. Precisamente porque nuestro tiempo es r\u00e1pido y ruidoso, se necesita un lugar y una etapa de la vida en la que se aprenda a estar, a discernir, a dejarse formar sin atajos. El seminario no es un aplazamiento de la misi\u00f3n, sino su condici\u00f3n. No hay que infravalorarlo.<\/p>\n<p data-path-to-node=\"19\">De hecho, tras haber escuchado la voz del Se\u00f1or, hay que alcanzarlo y subir al monte, y esto a veces puede resultar fatigoso, porque se sube a pie, a ratos con el aliento corto, sin ver todav\u00eda la cumbre.<\/p>\n<p data-path-to-node=\"20\">El cansancio de la vida espiritual se sostiene, sin embargo, con la belleza de la fraternidad y del compartir la misi\u00f3n. De hecho, en el monte Jes\u00fas no llama a un hombre solo, sino que llama a doce, de las personalidades m\u00e1s dispares y a veces improbables a nuestros ojos. El Se\u00f1or los re\u00fane, los mantiene unos junto a otros, para que aprendan que la Iglesia se vive juntos: no es propiedad de ninguno de nosotros y todos estamos llamados a amarla y a servirla como un solo cuerpo. Vosotros, que ven\u00eds de Molfetta, lo experiment\u00e1is de modo particular, ya que en el seminario regional la comuni\u00f3n entre las Iglesias de la Puglia no es un ideal, sino una amistad concreta que nace en estos a\u00f1os y que os acompa\u00f1ar\u00e1 como presb\u00edteros durante toda la vida.<\/p>\n<p data-path-to-node=\"21\">Porque, del mismo modo que \u00abning\u00fan pastor existe solo\u00bb (Le\u00f3n XIV, Carta ap. <i data-path-to-node=\"21\" data-index-in-node=\"76\">Una fidelidad que genera futuro<\/i>, 8 de diciembre de 2025, 15), tampoco un seminarista puede concebir un camino privado con el Se\u00f1or: debe sentir y experimentar siempre la belleza de la mediaci\u00f3n eclesial. El seminario, por tanto, antes que un lugar donde adquirir informaci\u00f3n, \u00abdeber\u00eda ser una escuela de los afectos\u00bb (<i data-path-to-node=\"21\" data-index-in-node=\"394\">ibid.<\/i>, 12). Y a vosotros, queridos formadores, os pido que se\u00e1is los primeros maestros de ese cuidado y de esa fraternidad que se manifiestan en relaciones aut\u00e9nticas, personales y comunitarias, hechas de verdad y de caridad. No se improvisa como formador: el vuestro es un ministerio delicad\u00edsimo para el que uno se prepara con ciencia, paciencia y amor.<\/p>\n<p data-path-to-node=\"22\">Queda despu\u00e9s el \u00faltimo paso: aquel en el que se baja del monte, porque el monte no es un refugio. Jes\u00fas no lleva a los Doce a lo alto para ponerlos a salvo, sino para que, tras haber hecho la experiencia de Dios, puedan ser enviados a comunicar al mundo esta novedad de vida.<\/p>\n<p data-path-to-node=\"23\">Ser\u00e9is, pues, llamados a bajar del monte para ser enviados a la gente de vuestras tierras: a esas familias que salen adelante con fatiga, a los j\u00f3venes que con veinte a\u00f1os hacen la maleta para buscar trabajo, a los ancianos solos, a los marginados, a quienes han perdido el sentido de la existencia. El sacerdote es enviado a todos para que a todos anuncie la belleza de la fe en Jesucristo, la buena noticia de nuestra salvaci\u00f3n. Es la salvaci\u00f3n que se nos ha dado por medio de Mar\u00eda. Encomendaos a Ella como a Aquella que fue la primera en hacer lo que hoy se os pide a vosotros. Pedid a Mar\u00eda la gracia de aprender a decir cada d\u00eda vuestro \u201cs\u00ed\u201d al Se\u00f1or Jes\u00fas.<\/p>\n<p data-path-to-node=\"24\">Querid\u00edsimos seminaristas, antes de despedirnos quiero deciros gracias. Gracias, en nombre de la Iglesia, por el \u201cs\u00ed\u201d que hab\u00e9is pronunciado y que cada d\u00eda volv\u00e9is a pronunciar: no es f\u00e1cil ni algo dado por sentado en el mundo de hoy, y la Iglesia lo sabe bien.<\/p>\n<p data-path-to-node=\"25\">Y deseo expresar un agradecimiento particular a las familias aqu\u00ed presentes. Una vocaci\u00f3n nunca nace sin un contexto adecuado, y con frecuencia necesita un hogar, unos padres que rezan y que saben dejar marchar. A vosotras, queridas familias, mi gratitud y la de toda la Iglesia.<\/p>\n<p data-path-to-node=\"26\">Saludo y bendigo a los di\u00e1conos que ser\u00e9is ordenados presb\u00edteros dentro de pocos d\u00edas: os llevo en mi oraci\u00f3n personal para que se\u00e1is siempre disc\u00edpulos fieles, alegres y valientes del Se\u00f1or. Rezaremos por vosotros, por todos.<\/p>\n<p data-path-to-node=\"27\">Os bendigo a todos de coraz\u00f3n, junto a vuestros Obispos, vuestros formadores, vuestras familias y esas comunidades que os esperan y que ya rezan por vosotros. Gracias.<\/p>\n","protected":false},"excerpt":{"rendered":"<p>El Papa Le\u00f3n XIV defiende el tiempo de formaci\u00f3n de los seminaristas no como un retiro del mundo, sino como la parada imprescindible para servir mejor a la sociedad.<\/p>\n","protected":false},"author":15,"featured_media":183806,"comment_status":"closed","ping_status":"closed","sticky":false,"template":"","format":"standard","meta":{"_acf_changed":false,"inline_featured_image":false,"_wpcom_ai_launchpad_first_post":false,"footnotes":"","jetpack_post_was_ever_published":false},"categories":[124,68],"tags":[121417,6905,15373,240,449,36302,58067,39157,58111,2556,4196,2423,2791,58880,42792,7440],"class_list":["post-183800","post","type-post","status-publish","format-standard","has-post-thumbnail","hentry","category-discursos","category-leon-xiv","tag-aversa","tag-discernimiento","tag-formacion-sacerdotal","tag-fraternidad","tag-iglesia-catolica","tag-juventud-y-fe","tag-leon-xiv","tag-molfetta","tag-papa-leon-xiv","tag-pastoral","tag-retiro-espiritual","tag-seminario","tag-seminaristas","tag-trending-es-151","tag-vida-comunitaria","tag-vocacion"],"acf":[],"yoast_head":"<!-- This site is optimized with the Yoast SEO plugin v28.4 - https:\/\/yoast.com\/product\/yoast-seo-wordpress\/ -->\n<title>El arte de frenar cuando todo corre: el valor del seminario en la era de la prisa &#8211; Exaudi<\/title>\n<meta name=\"robots\" content=\"index, follow, max-snippet:-1, max-image-preview:large, max-video-preview:-1\" \/>\n<link rel=\"canonical\" href=\"https:\/\/exaudi.org\/es\/el-arte-de-frenar-cuando-todo-corre-el-valor-del-seminario-en-la-era-de-la-prisa\/\" \/>\n<meta property=\"og:locale\" content=\"es_ES\" \/>\n<meta property=\"og:type\" content=\"article\" \/>\n<meta property=\"og:title\" content=\"El arte de frenar cuando todo corre: el valor del seminario en la era de la prisa &#8211; Exaudi\" \/>\n<meta property=\"og:description\" content=\"El Papa Le\u00f3n XIV defiende el tiempo de formaci\u00f3n de los seminaristas no como un retiro del mundo, sino como la parada imprescindible para servir mejor a la sociedad.\" \/>\n<meta property=\"og:url\" content=\"https:\/\/exaudi.org\/es\/el-arte-de-frenar-cuando-todo-corre-el-valor-del-seminario-en-la-era-de-la-prisa\/\" \/>\n<meta property=\"og:site_name\" content=\"Exaudi\" \/>\n<meta property=\"article:publisher\" content=\"https:\/\/www.facebook.com\/ExaudiNews\" \/>\n<meta property=\"article:author\" content=\"https:\/\/www.facebook.com\/ExaudiNoticias\/\" \/>\n<meta property=\"article:published_time\" content=\"2026-09-03T11:31:29+00:00\" \/>\n<meta property=\"article:modified_time\" content=\"2026-09-03T11:32:26+00:00\" \/>\n<meta property=\"og:image\" content=\"https:\/\/exaudi.org\/wp-content\/uploads\/2026\/09\/cq5dam.web_.800-953f6061-fb87-4158-861e-633d851867e1.jpg\" \/>\n\t<meta property=\"og:image:width\" content=\"1732\" \/>\n\t<meta property=\"og:image:height\" content=\"1154\" \/>\n\t<meta property=\"og:image:type\" content=\"image\/jpeg\" \/>\n<meta name=\"author\" content=\"Exaudi Redacci\u00f3n\" \/>\n<meta name=\"twitter:card\" content=\"summary_large_image\" \/>\n<meta name=\"twitter:creator\" content=\"@Exaudi_noticias\" \/>\n<meta name=\"twitter:site\" content=\"@Exaudi_News\" \/>\n<meta name=\"twitter:label1\" content=\"Escrito por\" \/>\n\t<meta name=\"twitter:data1\" content=\"Exaudi Redacci\u00f3n\" \/>\n\t<meta name=\"twitter:label2\" content=\"Tiempo de lectura\" \/>\n\t<meta name=\"twitter:data2\" content=\"9 minutos\" \/>\n<script type=\"application\/ld+json\" class=\"yoast-schema-graph\">{\"@context\":\"https:\\\/\\\/schema.org\",\"@graph\":[{\"@type\":\"Article\",\"@id\":\"https:\\\/\\\/exaudi.org\\\/es\\\/el-arte-de-frenar-cuando-todo-corre-el-valor-del-seminario-en-la-era-de-la-prisa\\\/#article\",\"isPartOf\":{\"@id\":\"https:\\\/\\\/exaudi.org\\\/es\\\/el-arte-de-frenar-cuando-todo-corre-el-valor-del-seminario-en-la-era-de-la-prisa\\\/\"},\"author\":{\"name\":\"Exaudi Redacci\u00f3n\",\"@id\":\"https:\\\/\\\/exaudi.org\\\/#\\\/schema\\\/person\\\/f5fc8f063065e38742da7afe15f25df7\"},\"headline\":\"El arte de frenar cuando todo corre: el valor del seminario en la era de la prisa\",\"datePublished\":\"2026-09-03T11:31:29+00:00\",\"dateModified\":\"2026-09-03T11:32:26+00:00\",\"mainEntityOfPage\":{\"@id\":\"https:\\\/\\\/exaudi.org\\\/es\\\/el-arte-de-frenar-cuando-todo-corre-el-valor-del-seminario-en-la-era-de-la-prisa\\\/\"},\"wordCount\":1848,\"image\":{\"@id\":\"https:\\\/\\\/exaudi.org\\\/es\\\/el-arte-de-frenar-cuando-todo-corre-el-valor-del-seminario-en-la-era-de-la-prisa\\\/#primaryimage\"},\"thumbnailUrl\":\"https:\\\/\\\/i0.wp.com\\\/exaudi.org\\\/wp-content\\\/uploads\\\/2026\\\/09\\\/cq5dam.web_.800-953f6061-fb87-4158-861e-633d851867e1.jpg?fit=1732%2C1154&ssl=1\",\"keywords\":[\"Aversa\",\"discernimiento\",\"Formaci\u00f3n sacerdotal\",\"fraternidad\",\"Iglesia cat\u00f3lica\",\"Juventud y fe\",\"Le\u00f3n XIV\",\"Molfetta\",\"papa le\u00f3n xiv\",\"Pastoral\",\"Retiro espiritual\",\"Seminario\",\"Seminaristas\",\"Trending\",\"vida comunitaria\",\"Vocaci\u00f3n\"],\"articleSection\":[\"Discursos\",\"Le\u00f3n XIV\"],\"inLanguage\":\"es\"},{\"@type\":\"WebPage\",\"@id\":\"https:\\\/\\\/exaudi.org\\\/es\\\/el-arte-de-frenar-cuando-todo-corre-el-valor-del-seminario-en-la-era-de-la-prisa\\\/\",\"url\":\"https:\\\/\\\/exaudi.org\\\/es\\\/el-arte-de-frenar-cuando-todo-corre-el-valor-del-seminario-en-la-era-de-la-prisa\\\/\",\"name\":\"El arte de frenar cuando todo corre: el valor del seminario en la era de la prisa &#8211; Exaudi\",\"isPartOf\":{\"@id\":\"https:\\\/\\\/exaudi.org\\\/#website\"},\"primaryImageOfPage\":{\"@id\":\"https:\\\/\\\/exaudi.org\\\/es\\\/el-arte-de-frenar-cuando-todo-corre-el-valor-del-seminario-en-la-era-de-la-prisa\\\/#primaryimage\"},\"image\":{\"@id\":\"https:\\\/\\\/exaudi.org\\\/es\\\/el-arte-de-frenar-cuando-todo-corre-el-valor-del-seminario-en-la-era-de-la-prisa\\\/#primaryimage\"},\"thumbnailUrl\":\"https:\\\/\\\/i0.wp.com\\\/exaudi.org\\\/wp-content\\\/uploads\\\/2026\\\/09\\\/cq5dam.web_.800-953f6061-fb87-4158-861e-633d851867e1.jpg?fit=1732%2C1154&ssl=1\",\"datePublished\":\"2026-09-03T11:31:29+00:00\",\"dateModified\":\"2026-09-03T11:32:26+00:00\",\"author\":{\"@id\":\"https:\\\/\\\/exaudi.org\\\/#\\\/schema\\\/person\\\/f5fc8f063065e38742da7afe15f25df7\"},\"breadcrumb\":{\"@id\":\"https:\\\/\\\/exaudi.org\\\/es\\\/el-arte-de-frenar-cuando-todo-corre-el-valor-del-seminario-en-la-era-de-la-prisa\\\/#breadcrumb\"},\"inLanguage\":\"es\",\"potentialAction\":[{\"@type\":\"ReadAction\",\"target\":[\"https:\\\/\\\/exaudi.org\\\/es\\\/el-arte-de-frenar-cuando-todo-corre-el-valor-del-seminario-en-la-era-de-la-prisa\\\/\"]}]},{\"@type\":\"ImageObject\",\"inLanguage\":\"es\",\"@id\":\"https:\\\/\\\/exaudi.org\\\/es\\\/el-arte-de-frenar-cuando-todo-corre-el-valor-del-seminario-en-la-era-de-la-prisa\\\/#primaryimage\",\"url\":\"https:\\\/\\\/i0.wp.com\\\/exaudi.org\\\/wp-content\\\/uploads\\\/2026\\\/09\\\/cq5dam.web_.800-953f6061-fb87-4158-861e-633d851867e1.jpg?fit=1732%2C1154&ssl=1\",\"contentUrl\":\"https:\\\/\\\/i0.wp.com\\\/exaudi.org\\\/wp-content\\\/uploads\\\/2026\\\/09\\\/cq5dam.web_.800-953f6061-fb87-4158-861e-633d851867e1.jpg?fit=1732%2C1154&ssl=1\",\"width\":1732,\"height\":1154},{\"@type\":\"BreadcrumbList\",\"@id\":\"https:\\\/\\\/exaudi.org\\\/es\\\/el-arte-de-frenar-cuando-todo-corre-el-valor-del-seminario-en-la-era-de-la-prisa\\\/#breadcrumb\",\"itemListElement\":[{\"@type\":\"ListItem\",\"position\":1,\"name\":\"Portada\",\"item\":\"https:\\\/\\\/exaudi.org\\\/es\\\/\"},{\"@type\":\"ListItem\",\"position\":2,\"name\":\"El arte de frenar cuando todo corre: el valor del seminario en la era de la prisa\"}]},{\"@type\":\"WebSite\",\"@id\":\"https:\\\/\\\/exaudi.org\\\/#website\",\"url\":\"https:\\\/\\\/exaudi.org\\\/\",\"name\":\"Exaudi\",\"description\":\"News\",\"potentialAction\":[{\"@type\":\"SearchAction\",\"target\":{\"@type\":\"EntryPoint\",\"urlTemplate\":\"https:\\\/\\\/exaudi.org\\\/?s={search_term_string}\"},\"query-input\":{\"@type\":\"PropertyValueSpecification\",\"valueRequired\":true,\"valueName\":\"search_term_string\"}}],\"inLanguage\":\"es\"},{\"@type\":\"Person\",\"@id\":\"https:\\\/\\\/exaudi.org\\\/#\\\/schema\\\/person\\\/f5fc8f063065e38742da7afe15f25df7\",\"name\":\"Exaudi Redacci\u00f3n\",\"image\":{\"@type\":\"ImageObject\",\"inLanguage\":\"es\",\"@id\":\"https:\\\/\\\/secure.gravatar.com\\\/avatar\\\/fe0f6a059fb68d9b3e11bc5850dd4899b1c7492091a3cb6dd9b01b56ad828be2?s=96&d=mm&r=g\",\"url\":\"https:\\\/\\\/secure.gravatar.com\\\/avatar\\\/fe0f6a059fb68d9b3e11bc5850dd4899b1c7492091a3cb6dd9b01b56ad828be2?s=96&d=mm&r=g\",\"contentUrl\":\"https:\\\/\\\/secure.gravatar.com\\\/avatar\\\/fe0f6a059fb68d9b3e11bc5850dd4899b1c7492091a3cb6dd9b01b56ad828be2?s=96&d=mm&r=g\",\"caption\":\"Exaudi Redacci\u00f3n\"},\"description\":\"\u00bfQu\u00e9 es Exaudi News? Exaudi News es un medio de comunicaci\u00f3n cat\u00f3lico internacional que informa, forma y transforma, diariamente en espa\u00f1ol, ingl\u00e9s e italiano. A trav\u00e9s de noticias, art\u00edculos de an\u00e1lisis y transmisiones en directo de los eventos del Papa, Exaudi busca fortalecer la unidad de los cristianos y contribuir a la evangelizaci\u00f3n del mundo, siempre guiados por la doctrina social de la Iglesia. Trabajamos para acercar la verdad y los valores cristianos a cada rinc\u00f3n del planeta. \u00a1Ay\u00fadanos a transformar el mundo con Exaudi! En Exaudi creemos que la evangelizaci\u00f3n y la informaci\u00f3n de calidad pueden cambiar vidas. Para continuar con nuestra misi\u00f3n y expandir nuestro alcance, necesitamos tu ayuda. Adem\u00e1s, buscamos personas comprometidas que deseen unirse a nuestro equipo. Con tu apoyo, lograremos llegar a m\u00e1s personas, difundir el mensaje de Cristo y reforzar la unidad de los cristianos. \u00bfTe unes a nuestra misi\u00f3n? Para m\u00e1s informaci\u00f3n sobre c\u00f3mo colaborar, visita Exaudi.org\\\/es o cont\u00e1ctanos directamente: info@exaudi.org Exaudi: Informa, forma y transforma.\",\"sameAs\":[\"https:\\\/\\\/www.facebook.com\\\/ExaudiNoticias\\\/\",\"https:\\\/\\\/www.instagram.com\\\/exaudi_noticias\\\/\",\"https:\\\/\\\/x.com\\\/Exaudi_noticias\",\"https:\\\/\\\/www.youtube.com\\\/@exaudicatholicnews\"],\"url\":\"https:\\\/\\\/exaudi.org\\\/es\\\/author\\\/redaccionexaudi\\\/\"}]}<\/script>\n<!-- \/ Yoast SEO plugin. -->","yoast_head_json":{"title":"El arte de frenar cuando todo corre: el valor del seminario en la era de la prisa &#8211; Exaudi","robots":{"index":"index","follow":"follow","max-snippet":"max-snippet:-1","max-image-preview":"max-image-preview:large","max-video-preview":"max-video-preview:-1"},"canonical":"https:\/\/exaudi.org\/es\/el-arte-de-frenar-cuando-todo-corre-el-valor-del-seminario-en-la-era-de-la-prisa\/","og_locale":"es_ES","og_type":"article","og_title":"El arte de frenar cuando todo corre: el valor del seminario en la era de la prisa &#8211; Exaudi","og_description":"El Papa Le\u00f3n XIV defiende el tiempo de formaci\u00f3n de los seminaristas no como un retiro del mundo, sino como la parada imprescindible para servir mejor a la sociedad.","og_url":"https:\/\/exaudi.org\/es\/el-arte-de-frenar-cuando-todo-corre-el-valor-del-seminario-en-la-era-de-la-prisa\/","og_site_name":"Exaudi","article_publisher":"https:\/\/www.facebook.com\/ExaudiNews","article_author":"https:\/\/www.facebook.com\/ExaudiNoticias\/","article_published_time":"2026-09-03T11:31:29+00:00","article_modified_time":"2026-09-03T11:32:26+00:00","og_image":[{"width":1732,"height":1154,"url":"https:\/\/exaudi.org\/wp-content\/uploads\/2026\/09\/cq5dam.web_.800-953f6061-fb87-4158-861e-633d851867e1.jpg","type":"image\/jpeg"}],"author":"Exaudi Redacci\u00f3n","twitter_card":"summary_large_image","twitter_creator":"@Exaudi_noticias","twitter_site":"@Exaudi_News","twitter_misc":{"Escrito por":"Exaudi Redacci\u00f3n","Tiempo de lectura":"9 minutos"},"schema":{"@context":"https:\/\/schema.org","@graph":[{"@type":"Article","@id":"https:\/\/exaudi.org\/es\/el-arte-de-frenar-cuando-todo-corre-el-valor-del-seminario-en-la-era-de-la-prisa\/#article","isPartOf":{"@id":"https:\/\/exaudi.org\/es\/el-arte-de-frenar-cuando-todo-corre-el-valor-del-seminario-en-la-era-de-la-prisa\/"},"author":{"name":"Exaudi Redacci\u00f3n","@id":"https:\/\/exaudi.org\/#\/schema\/person\/f5fc8f063065e38742da7afe15f25df7"},"headline":"El arte de frenar cuando todo corre: el valor del seminario en la era de la prisa","datePublished":"2026-09-03T11:31:29+00:00","dateModified":"2026-09-03T11:32:26+00:00","mainEntityOfPage":{"@id":"https:\/\/exaudi.org\/es\/el-arte-de-frenar-cuando-todo-corre-el-valor-del-seminario-en-la-era-de-la-prisa\/"},"wordCount":1848,"image":{"@id":"https:\/\/exaudi.org\/es\/el-arte-de-frenar-cuando-todo-corre-el-valor-del-seminario-en-la-era-de-la-prisa\/#primaryimage"},"thumbnailUrl":"https:\/\/i0.wp.com\/exaudi.org\/wp-content\/uploads\/2026\/09\/cq5dam.web_.800-953f6061-fb87-4158-861e-633d851867e1.jpg?fit=1732%2C1154&ssl=1","keywords":["Aversa","discernimiento","Formaci\u00f3n sacerdotal","fraternidad","Iglesia cat\u00f3lica","Juventud y fe","Le\u00f3n XIV","Molfetta","papa le\u00f3n xiv","Pastoral","Retiro espiritual","Seminario","Seminaristas","Trending","vida comunitaria","Vocaci\u00f3n"],"articleSection":["Discursos","Le\u00f3n XIV"],"inLanguage":"es"},{"@type":"WebPage","@id":"https:\/\/exaudi.org\/es\/el-arte-de-frenar-cuando-todo-corre-el-valor-del-seminario-en-la-era-de-la-prisa\/","url":"https:\/\/exaudi.org\/es\/el-arte-de-frenar-cuando-todo-corre-el-valor-del-seminario-en-la-era-de-la-prisa\/","name":"El arte de frenar cuando todo corre: el valor del seminario en la era de la prisa &#8211; Exaudi","isPartOf":{"@id":"https:\/\/exaudi.org\/#website"},"primaryImageOfPage":{"@id":"https:\/\/exaudi.org\/es\/el-arte-de-frenar-cuando-todo-corre-el-valor-del-seminario-en-la-era-de-la-prisa\/#primaryimage"},"image":{"@id":"https:\/\/exaudi.org\/es\/el-arte-de-frenar-cuando-todo-corre-el-valor-del-seminario-en-la-era-de-la-prisa\/#primaryimage"},"thumbnailUrl":"https:\/\/i0.wp.com\/exaudi.org\/wp-content\/uploads\/2026\/09\/cq5dam.web_.800-953f6061-fb87-4158-861e-633d851867e1.jpg?fit=1732%2C1154&ssl=1","datePublished":"2026-09-03T11:31:29+00:00","dateModified":"2026-09-03T11:32:26+00:00","author":{"@id":"https:\/\/exaudi.org\/#\/schema\/person\/f5fc8f063065e38742da7afe15f25df7"},"breadcrumb":{"@id":"https:\/\/exaudi.org\/es\/el-arte-de-frenar-cuando-todo-corre-el-valor-del-seminario-en-la-era-de-la-prisa\/#breadcrumb"},"inLanguage":"es","potentialAction":[{"@type":"ReadAction","target":["https:\/\/exaudi.org\/es\/el-arte-de-frenar-cuando-todo-corre-el-valor-del-seminario-en-la-era-de-la-prisa\/"]}]},{"@type":"ImageObject","inLanguage":"es","@id":"https:\/\/exaudi.org\/es\/el-arte-de-frenar-cuando-todo-corre-el-valor-del-seminario-en-la-era-de-la-prisa\/#primaryimage","url":"https:\/\/i0.wp.com\/exaudi.org\/wp-content\/uploads\/2026\/09\/cq5dam.web_.800-953f6061-fb87-4158-861e-633d851867e1.jpg?fit=1732%2C1154&ssl=1","contentUrl":"https:\/\/i0.wp.com\/exaudi.org\/wp-content\/uploads\/2026\/09\/cq5dam.web_.800-953f6061-fb87-4158-861e-633d851867e1.jpg?fit=1732%2C1154&ssl=1","width":1732,"height":1154},{"@type":"BreadcrumbList","@id":"https:\/\/exaudi.org\/es\/el-arte-de-frenar-cuando-todo-corre-el-valor-del-seminario-en-la-era-de-la-prisa\/#breadcrumb","itemListElement":[{"@type":"ListItem","position":1,"name":"Portada","item":"https:\/\/exaudi.org\/es\/"},{"@type":"ListItem","position":2,"name":"El arte de frenar cuando todo corre: el valor del seminario en la era de la prisa"}]},{"@type":"WebSite","@id":"https:\/\/exaudi.org\/#website","url":"https:\/\/exaudi.org\/","name":"Exaudi","description":"News","potentialAction":[{"@type":"SearchAction","target":{"@type":"EntryPoint","urlTemplate":"https:\/\/exaudi.org\/?s={search_term_string}"},"query-input":{"@type":"PropertyValueSpecification","valueRequired":true,"valueName":"search_term_string"}}],"inLanguage":"es"},{"@type":"Person","@id":"https:\/\/exaudi.org\/#\/schema\/person\/f5fc8f063065e38742da7afe15f25df7","name":"Exaudi Redacci\u00f3n","image":{"@type":"ImageObject","inLanguage":"es","@id":"https:\/\/secure.gravatar.com\/avatar\/fe0f6a059fb68d9b3e11bc5850dd4899b1c7492091a3cb6dd9b01b56ad828be2?s=96&d=mm&r=g","url":"https:\/\/secure.gravatar.com\/avatar\/fe0f6a059fb68d9b3e11bc5850dd4899b1c7492091a3cb6dd9b01b56ad828be2?s=96&d=mm&r=g","contentUrl":"https:\/\/secure.gravatar.com\/avatar\/fe0f6a059fb68d9b3e11bc5850dd4899b1c7492091a3cb6dd9b01b56ad828be2?s=96&d=mm&r=g","caption":"Exaudi Redacci\u00f3n"},"description":"\u00bfQu\u00e9 es Exaudi News? Exaudi News es un medio de comunicaci\u00f3n cat\u00f3lico internacional que informa, forma y transforma, diariamente en espa\u00f1ol, ingl\u00e9s e italiano. A trav\u00e9s de noticias, art\u00edculos de an\u00e1lisis y transmisiones en directo de los eventos del Papa, Exaudi busca fortalecer la unidad de los cristianos y contribuir a la evangelizaci\u00f3n del mundo, siempre guiados por la doctrina social de la Iglesia. Trabajamos para acercar la verdad y los valores cristianos a cada rinc\u00f3n del planeta. \u00a1Ay\u00fadanos a transformar el mundo con Exaudi! En Exaudi creemos que la evangelizaci\u00f3n y la informaci\u00f3n de calidad pueden cambiar vidas. Para continuar con nuestra misi\u00f3n y expandir nuestro alcance, necesitamos tu ayuda. Adem\u00e1s, buscamos personas comprometidas que deseen unirse a nuestro equipo. Con tu apoyo, lograremos llegar a m\u00e1s personas, difundir el mensaje de Cristo y reforzar la unidad de los cristianos. \u00bfTe unes a nuestra misi\u00f3n? Para m\u00e1s informaci\u00f3n sobre c\u00f3mo colaborar, visita Exaudi.org\/es o cont\u00e1ctanos directamente: info@exaudi.org Exaudi: Informa, forma y transforma.","sameAs":["https:\/\/www.facebook.com\/ExaudiNoticias\/","https:\/\/www.instagram.com\/exaudi_noticias\/","https:\/\/x.com\/Exaudi_noticias","https:\/\/www.youtube.com\/@exaudicatholicnews"],"url":"https:\/\/exaudi.org\/es\/author\/redaccionexaudi\/"}]}},"jetpack_shortlink":"https:\/\/wp.me\/pgKjF2-LOw","jetpack_featured_media_url":"https:\/\/i0.wp.com\/exaudi.org\/wp-content\/uploads\/2026\/09\/cq5dam.web_.800-953f6061-fb87-4158-861e-633d851867e1.jpg?fit=1732%2C1154&ssl=1","_links":{"self":[{"href":"https:\/\/exaudi.org\/es\/wp-json\/wp\/v2\/posts\/183800","targetHints":{"allow":["GET"]}}],"collection":[{"href":"https:\/\/exaudi.org\/es\/wp-json\/wp\/v2\/posts"}],"about":[{"href":"https:\/\/exaudi.org\/es\/wp-json\/wp\/v2\/types\/post"}],"author":[{"embeddable":true,"href":"https:\/\/exaudi.org\/es\/wp-json\/wp\/v2\/users\/15"}],"replies":[{"embeddable":true,"href":"https:\/\/exaudi.org\/es\/wp-json\/wp\/v2\/comments?post=183800"}],"version-history":[{"count":4,"href":"https:\/\/exaudi.org\/es\/wp-json\/wp\/v2\/posts\/183800\/revisions"}],"predecessor-version":[{"id":183811,"href":"https:\/\/exaudi.org\/es\/wp-json\/wp\/v2\/posts\/183800\/revisions\/183811"}],"wp:featuredmedia":[{"embeddable":true,"href":"https:\/\/exaudi.org\/es\/wp-json\/wp\/v2\/media\/183806"}],"wp:attachment":[{"href":"https:\/\/exaudi.org\/es\/wp-json\/wp\/v2\/media?parent=183800"}],"wp:term":[{"taxonomy":"category","embeddable":true,"href":"https:\/\/exaudi.org\/es\/wp-json\/wp\/v2\/categories?post=183800"},{"taxonomy":"post_tag","embeddable":true,"href":"https:\/\/exaudi.org\/es\/wp-json\/wp\/v2\/tags?post=183800"}],"curies":[{"name":"wp","href":"https:\/\/api.w.org\/{rel}","templated":true}]}}