{"id":183755,"date":"2026-09-04T08:35:10","date_gmt":"2026-09-04T06:35:10","guid":{"rendered":"https:\/\/exaudi.org\/?p=183755"},"modified":"2026-09-04T11:47:56","modified_gmt":"2026-09-04T09:47:56","slug":"el-estatuto-del-embrion-la-eutanasia-y-las-teorias-de-genero-a-la-luz-de-la-filosofia-de-la-ciencia","status":"publish","type":"post","link":"https:\/\/exaudi.org\/es\/el-estatuto-del-embrion-la-eutanasia-y-las-teorias-de-genero-a-la-luz-de-la-filosofia-de-la-ciencia\/","title":{"rendered":"El estatuto del embri\u00f3n, la eutanasia y las Teor\u00edas de G\u00e9nero a la luz de la Filosof\u00eda de la Ciencia\u00a0"},"content":{"rendered":"<section class=\"fusion-page-title-bar fusion-tb-page-title-bar\">\n<div id=\"SeccionTituloNSPCont\" class=\"fusion-fullwidth fullwidth-box fusion-builder-row-2 fusion-flex-container has-pattern-background has-mask-background hundred-percent-fullwidth non-hundred-percent-height-scrolling SeccionTituloNSPCont\">\n<div class=\"fusion-builder-row fusion-row fusion-flex-align-items-flex-start fusion-flex-content-wrap\">\n<div class=\"fusion-layout-column fusion_builder_column fusion-builder-column-1 fusion_builder_column_1_1 1_1 fusion-flex-column\">\n<div class=\"fusion-column-wrapper fusion-column-has-shadow fusion-flex-justify-content-flex-start fusion-content-layout-column\">\n<div class=\"fusion-title title fusion-title-1 fusion-sep-none fusion-title-text fusion-title-size-one\">\n<p class=\"fusion-title-heading title-heading-left\"><span style=\"font-size: 16px;\" data-contrast=\"auto\">El presente art\u00edculo analiza la trascendencia y el valor metodol\u00f3gico del trabajo epistemol\u00f3gico de Michael Weisberg y Anastasia Thanukos,\u202f<\/span><i style=\"font-size: 16px;\"><span data-contrast=\"auto\">How\u00a0Science\u00a0Works<\/span><\/i><span style=\"font-size: 16px;\" data-contrast=\"auto\">, en la deliberaci\u00f3n bio\u00e9tica contempor\u00e1nea. Tradicionalmente, la percepci\u00f3n p\u00fablica y jur\u00eddica de la ciencia ha descansado sobre la simplificaci\u00f3n del \u201cm\u00e9todo cient\u00edfico\u201d lineal. Frente a este sesgo, los autores oponen un modelo din\u00e1mico, interactivo, social y falible. Analizamos aqu\u00ed la utilidad de este marco para estructurar los debates m\u00e1s complejos de la bio\u00e9tica: el\u00a0<strong><a href=\"https:\/\/www.observatoriobioetica.org\/2017\/04\/estatuto-biologico-del-embrion-humano-3\/15982\">estatuto biol\u00f3gico del embri\u00f3n humano<\/a><\/strong>, la valoraci\u00f3n moral de la\u00a0<strong><a href=\"https:\/\/www.observatoriobioetica.org\/tematica\/bioetica-al-final-de-la-vida\">eutanasia<\/a>\u00a0<\/strong>y las teor\u00edas de g\u00e9nero sobre el sexo sentido frente al sexo biol\u00f3gico. A trav\u00e9s de la aplicaci\u00f3n de los principios de demarcaci\u00f3n cient\u00edfica, el principio del\u00a0falibilismo, el an\u00e1lisis de los sesgos de financiaci\u00f3n y la construcci\u00f3n progresiva del consenso cient\u00edfico se concluye en la necesidad de una rigurosa vigilancia epistemol\u00f3gica por parte de los investigadores, legisladores y comit\u00e9s de bio\u00e9tica frente a la celeridad y la presi\u00f3n comercial de las innovaciones biotecnol\u00f3gicas.<\/span><span style=\"font-size: 16px;\" data-ccp-props=\"{&quot;335551550&quot;:6,&quot;335551620&quot;:6}\">\u00a0<\/span><\/p>\n<p><iframe title=\"Spotify Embed: El estatuto del embri\u00f3n, la eutanasia y las Teor\u00edas de G\u00e9nero a la luz de la Filosof\u00eda de la Ciencia\" style=\"border-radius: 12px\" width=\"100%\" height=\"152\" frameborder=\"0\" allowfullscreen allow=\"autoplay; clipboard-write; encrypted-media; fullscreen; picture-in-picture\" loading=\"lazy\" src=\"https:\/\/open.spotify.com\/embed\/episode\/3AtNWUn094K9XVSRkKNXks?si=f33d0dd84cf64f5b&amp;utm_source=oembed\"><\/iframe><\/p>\n<\/div>\n<\/div>\n<\/div>\n<\/div>\n<\/div>\n<\/section>\n<div class=\"fusion-row\">\n<section id=\"content\">\n<div id=\"post-10009391\" class=\"post-10009391 post type-post status-publish format-standard has-post-thumbnail hentry category-bioetica category-bioetica-press category-eutanasia-categorias category-top-news tag-bioetica tag-nuevo-diseno-post\">\n<div class=\"post-content\">\n<div id=\"SeccionContenidoNSP\" class=\"fusion-fullwidth fullwidth-box fusion-builder-row-3 fusion-flex-container has-pattern-background has-mask-background hundred-percent-fullwidth non-hundred-percent-height-scrolling SeccionContenidoNSP\">\n<div class=\"fusion-builder-row fusion-row fusion-flex-align-items-flex-start fusion-flex-content-wrap\">\n<div class=\"fusion-layout-column fusion_builder_column fusion-builder-column-2 fusion_builder_column_1_1 1_1 fusion-flex-column\">\n<div class=\"fusion-column-wrapper fusion-column-has-shadow fusion-flex-justify-content-flex-start fusion-content-layout-column\">\n<div class=\"fusion-content-tb fusion-content-tb-1\">\n<h3><b><span data-contrast=\"auto\">1. S\u00edntesis Epistemol\u00f3gica de\u202f<\/span><\/b><b><i><span data-contrast=\"auto\">HowScienceWorks<\/span><\/i><\/b><span data-ccp-props=\"{&quot;335551550&quot;:6,&quot;335551620&quot;:6}\">\u00a0<\/span><\/h3>\n<p><span data-contrast=\"auto\">La ciencia contempor\u00e1nea suele presentarse tanto en el debate p\u00fablico como en los despachos de los legisladores y sedes judiciales como una instituci\u00f3n monol\u00edtica proveedora de certezas absolutas, una distorsi\u00f3n metodol\u00f3gica que la filosof\u00eda de la ciencia ha tratado de desmontar a lo largo del \u00faltimo siglo\u00a0<sup>[1,\u00a02]<\/sup>. En su obra de referencia\u202f<\/span><i><span data-contrast=\"auto\">How\u00a0Science\u00a0Works<\/span><\/i><span data-contrast=\"auto\">, Michael Weisberg y Anastasia Thanukos exponen una visi\u00f3n realista y pormenorizada de la pr\u00e1ctica cient\u00edfica real, contrast\u00e1ndola con el estereotipo est\u00e9ril y lineal del \u201cm\u00e9todo cient\u00edfico\u201d de los manuales escolares\u00a0<sup>[1,\u00a03]<\/sup>.<\/span><span data-ccp-props=\"{&quot;335551550&quot;:6,&quot;335551620&quot;:6}\">\u00a0<\/span><\/p>\n<p><span data-contrast=\"auto\">La ciencia no opera a trav\u00e9s de una receta r\u00edgida de cinco pasos, sino que se define de manera dual: es tanto un cuerpo acumulativo de conocimientos como el proceso din\u00e1mico, complejo, iterativo y social dise\u00f1ado para construir y refinar ese conocimiento bas\u00e1ndose en evidencia emp\u00edrica obtenida mediante observaci\u00f3n, experimentaci\u00f3n y simulaci\u00f3n\u00a0<sup>[1]<\/sup>. Este proceso de construcci\u00f3n de conocimiento se describe con precisi\u00f3n a trav\u00e9s del \u201cdiagrama de flujo de la ciencia\u201d, un modelo de m\u00faltiples caminos que interact\u00faan de forma no lineal, donde las hip\u00f3tesis se testean de forma iterativa y los errores se corrigen progresivamente a trav\u00e9s de la interacci\u00f3n de una comunidad diversa\u00a0<sup>[1]<\/sup>.<\/span><span data-ccp-props=\"{&quot;335551550&quot;:6,&quot;335551620&quot;:6}\">\u00a0<\/span><\/p>\n<p><span data-contrast=\"auto\">Para comprender la utilidad de la ciencia en la deliberaci\u00f3n bio\u00e9tica, es imperativo establecer sus principios de demarcaci\u00f3n cient\u00edfica, que se resumen a continuaci\u00f3n.<\/span><span data-ccp-props=\"{&quot;335551550&quot;:6,&quot;335551620&quot;:6}\">\u00a0<\/span><\/p>\n<h3><strong>Investigaci\u00f3n del mundo natural\u00a0<\/strong><\/h3>\n<p><span data-contrast=\"auto\">La ciencia experimental se limita estrictamente a investigar el mundo f\u00edsico y natural (que abarca desde la materia y las fuerzas f\u00edsicas hasta las sociedades humanas y sus productos) utilizando explicaciones exclusivamente naturales\u00a0<sup>[1,\u00a02]<\/sup>. Las hip\u00f3tesis o explicaciones que apelan a causas sobrenaturales o metaf\u00edsicas quedan\u00a0metodol\u00f3gicamente fuera de su alcance por no ser susceptibles de contrastaci\u00f3n emp\u00edrica<sup>\u00a0[1]<\/sup>.<\/span><span data-ccp-props=\"{&quot;335551550&quot;:6,&quot;335551620&quot;:6}\">\u00a0<\/span><\/p>\n<p><strong>Generaci\u00f3n de hip\u00f3tesis\u00a0testeables\u00a0y predicciones\u00a0<\/strong><\/p>\n<p><span data-contrast=\"auto\">Para que una propuesta sea cient\u00edfica, debe generar predicciones l\u00f3gicas, es decir, observaciones esperadas si la hip\u00f3tesis es correcta o incorrecta. Las ideas que se protegen a s\u00ed mismas de la contrastaci\u00f3n emp\u00edrica o que son compatibles con cualquier observaci\u00f3n posible no forman parte de la ciencia<sup>\u00a0[1]<\/sup>.<\/span><span data-ccp-props=\"{&quot;335551550&quot;:6,&quot;335551620&quot;:6}\">\u00a0<\/span><\/p>\n<p><span data-contrast=\"auto\">Dependencia y respuesta a la evidencia<\/span><span data-ccp-props=\"{&quot;335551550&quot;:6,&quot;335551620&quot;:6}\">\u00a0<\/span><\/p>\n<p><span data-contrast=\"auto\">La evidencia emp\u00edrica es el \u00e1rbitro supremo de la validez cient\u00edfica. La comunidad cient\u00edfica tiene la obligaci\u00f3n de asimilar la evidencia disponible, modificando o abandonando las hip\u00f3tesis cuando los datos las contradicen\u00a0<sup>[1]<\/sup>.<\/span><span data-ccp-props=\"{&quot;335551550&quot;:6,&quot;335551620&quot;:6}\">\u00a0<\/span><\/p>\n<p><strong>Falibilismo\u00a0<\/strong><\/p>\n<p><span data-contrast=\"auto\">Una de las tesis centrales de Weisberg y\u00a0Thanukos\u00a0es el principio del\u00a0falibilismo: la ciencia nunca \u201cprueba\u201d una hip\u00f3tesis de manera irrevocable\u00a0<sup>[1, 4]<\/sup>. Por muy robusto que sea el soporte emp\u00edrico de una teor\u00eda, esta permanece siempre abierta al refinamiento, la revisi\u00f3n o el rechazo si surge nueva evidencia o interpretaciones m\u00e1s coherentes, tal como lo demuestra la sustituci\u00f3n hist\u00f3rica de la mec\u00e1nica cl\u00e1sica por la teor\u00eda de la relatividad o la aceptaci\u00f3n tard\u00eda de la hip\u00f3tesis de los priones\u00a0<sup>[1, 5]<\/sup>.<\/span><span data-ccp-props=\"{&quot;335551550&quot;:6,&quot;335551620&quot;:6}\">\u00a0<\/span><\/p>\n<p><strong>La influencia del contexto\u00a0<\/strong><\/p>\n<p><span data-contrast=\"auto\">Asimismo, la ciencia es una empresa inherentemente humana y comunitaria. Los investigadores no son aut\u00f3matas perfectamente objetivos, sino seres humanos condicionados por sus propios contextos, sesgos, ambiciones de carrera e incentivos de financiaci\u00f3n\u00a0<sup>[1]<\/sup>. La objetividad cient\u00edfica no radica en la mente individual de un investigador aislado, sino en el escrutinio cruzado y colectivo de una comunidad cient\u00edfica diversa que somete los trabajos a rigurosos controles\u00a0<sup>[1]<\/sup>.<\/span><span data-ccp-props=\"{&quot;335551550&quot;:6,&quot;335551620&quot;:6}\">\u00a0<\/span><\/p>\n<picture class=\"alignnone wp-image-10009421 size-full\"><source srcset=\"https:\/\/www.observatoriobioetica.org\/wp-content\/uploads\/2026\/09\/julio3-200x39.png.avif 200w, https:\/\/www.observatoriobioetica.org\/wp-content\/uploads\/2026\/09\/julio3-300x58.png.avif 300w, https:\/\/www.observatoriobioetica.org\/wp-content\/uploads\/2026\/09\/julio3-400x78.png.avif 400w, https:\/\/www.observatoriobioetica.org\/wp-content\/uploads\/2026\/09\/julio3-600x116.png.avif 600w, https:\/\/www.observatoriobioetica.org\/wp-content\/uploads\/2026\/09\/julio3-768x149.png.avif 768w, https:\/\/www.observatoriobioetica.org\/wp-content\/uploads\/2026\/09\/julio3-800x155.png.avif 800w, https:\/\/www.observatoriobioetica.org\/wp-content\/uploads\/2026\/09\/julio3-1024x199.png.avif 1024w, https:\/\/www.observatoriobioetica.org\/wp-content\/uploads\/2026\/09\/julio3-1200x233.png.avif 1200w, https:\/\/www.observatoriobioetica.org\/wp-content\/uploads\/2026\/09\/julio3-1320x256.png.avif 1320w, https:\/\/www.observatoriobioetica.org\/wp-content\/uploads\/2026\/09\/julio3-1536x298.png.avif 1536w, https:\/\/www.observatoriobioetica.org\/wp-content\/uploads\/2026\/09\/julio3-scaled.png.avif 4096w\" type=\"image\/avif\" sizes=\"(max-width: 4096px) 100vw, 4096px\" \/><img data-recalc-dims=\"1\" fetchpriority=\"high\" decoding=\"async\" src=\"https:\/\/i0.wp.com\/www.observatoriobioetica.org\/wp-content\/uploads\/2026\/09\/julio3-scaled.png?resize=4096%2C795&#038;ssl=1\" sizes=\"(max-width: 4096px) 100vw, 4096px\" srcset=\"https:\/\/www.observatoriobioetica.org\/wp-content\/uploads\/2026\/09\/julio3-200x39.png 200w, https:\/\/www.observatoriobioetica.org\/wp-content\/uploads\/2026\/09\/julio3-300x58.png 300w, https:\/\/www.observatoriobioetica.org\/wp-content\/uploads\/2026\/09\/julio3-400x78.png 400w, https:\/\/www.observatoriobioetica.org\/wp-content\/uploads\/2026\/09\/julio3-600x116.png 600w, https:\/\/www.observatoriobioetica.org\/wp-content\/uploads\/2026\/09\/julio3-768x149.png 768w, https:\/\/www.observatoriobioetica.org\/wp-content\/uploads\/2026\/09\/julio3-800x155.png 800w, https:\/\/www.observatoriobioetica.org\/wp-content\/uploads\/2026\/09\/julio3-1024x199.png 1024w, https:\/\/www.observatoriobioetica.org\/wp-content\/uploads\/2026\/09\/julio3-1200x233.png 1200w, https:\/\/www.observatoriobioetica.org\/wp-content\/uploads\/2026\/09\/julio3-1320x256.png 1320w, https:\/\/www.observatoriobioetica.org\/wp-content\/uploads\/2026\/09\/julio3-1536x298.png 1536w, https:\/\/www.observatoriobioetica.org\/wp-content\/uploads\/2026\/09\/julio3-scaled.png 4096w\" alt=\"\" width=\"4096\" height=\"795\" \/><\/picture>\n<p><strong>Mecanismos de control\u00a0<\/strong><\/p>\n<p><span data-contrast=\"auto\">Entre los mecanismos de control propuestos para llevar a cabo este escrutinio destaca la revisi\u00f3n por pares, un filtro esencial para garantizar un est\u00e1ndar m\u00ednimo de calidad y validez metodol\u00f3gica en el registro oficial de la ciencia\u00a0<sup>[1]<\/sup>.<\/span><span data-ccp-props=\"{&quot;335551550&quot;:6,&quot;335551620&quot;:6}\">\u00a0<\/span><\/p>\n<p><span data-contrast=\"auto\">No obstante, Weisberg y\u00a0Thanukos\u00a0advierten de que la revisi\u00f3n por pares no es infalible, ya que no est\u00e1 dise\u00f1ada para detectar fraudes cient\u00edficos sofisticados o manipulaci\u00f3n de datos de manera sistem\u00e1tica, como lo demuestra la tard\u00eda retracci\u00f3n de investigaciones clave sobre el Alzheimer publicadas originalmente en la revista\u202f<\/span><i><span data-contrast=\"auto\">Nature<\/span><\/i><span data-contrast=\"auto\"><sup>\u202f[1, 6, 7]<\/sup>.<\/span><span data-ccp-props=\"{&quot;335551550&quot;:6,&quot;335551620&quot;:6}\">\u00a0<\/span><\/p>\n<p><span data-contrast=\"auto\">Por otra\u00a0parte,\u00a0el prestigio de la revista (factor de impacto), la eminencia del autor o la significaci\u00f3n estad\u00edstica aislada (p-valores inferiores a 0.05) son heur\u00edsticas enga\u00f1osas que no equivalen autom\u00e1ticamente a la correcci\u00f3n metodol\u00f3gica ni al consenso cient\u00edfico\u00a0<sup>[1]<\/sup>.<\/span><span data-ccp-props=\"{&quot;335551550&quot;:6,&quot;335551620&quot;:6}\">\u00a0<\/span><\/p>\n<p><span data-contrast=\"auto\">Tambi\u00e9n el auge de los\u202f<\/span><i><span data-contrast=\"auto\">preprints<\/span><\/i><span data-contrast=\"auto\">\u202f(prepublicaciones sin revisar por pares) introduce\u00a0agilidad,\u00a0pero carece de filtros comunitarios estandarizados, lo que obliga a los evaluadores a aplicar un examen metodol\u00f3gico extraordinariamente cauteloso antes de dar validez a sus conclusiones\u00a0<sup>[1]<\/sup>.<\/span><span data-ccp-props=\"{&quot;335551550&quot;:6,&quot;335551620&quot;:6}\">\u00a0<\/span><\/p>\n<p><span data-contrast=\"auto\">Por \u00faltimo, el consenso cient\u00edfico no es un evento instant\u00e1neo derivado de un solo experimento cr\u00edtico, sino una propiedad emergente que surge lentamente a lo largo de los a\u00f1os cuando m\u00faltiples l\u00edneas de evidencia independientes e independientes convergen hacia una misma explicaci\u00f3n te\u00f3rica\u00a0<sup>[1, 8]<\/sup>.<\/span><span data-ccp-props=\"{&quot;335551550&quot;:6,&quot;335551620&quot;:6}\">\u00a0<\/span><\/p>\n<p><span data-contrast=\"auto\">La delimitaci\u00f3n definitiva de este marco epistemol\u00f3gico se condensa en la frontera de los juicios morales: la ciencia experimental es un instrumento descriptivo y predictivo capaz de revelar c\u00f3mo funciona el mundo real, pero carece de competencia metodol\u00f3gica y conceptual para realizar juicios prescriptivos o morales. Puede medir, por ejemplo, los efectos psicol\u00f3gicos, la aceptaci\u00f3n social o la fisiolog\u00eda de una pr\u00e1ctica, pero es epistemol\u00f3gicamente incompetente para dirimir si dicha pr\u00e1ctica es \u00e9ticamente l\u00edcita o il\u00edcita\u00a0<sup>[1, 5]<\/sup>.<\/span><span data-ccp-props=\"{&quot;335551550&quot;:6,&quot;335551620&quot;:6}\">\u00a0<\/span><\/p>\n<h3><b><span data-contrast=\"auto\">2. Trascendencia en la valoraci\u00f3n del estatuto biol\u00f3gico del embri\u00f3n humano<\/span><\/b><\/h3>\n<p><span data-contrast=\"auto\">El debate bio\u00e9tico sobre el estatuto moral del embri\u00f3n humano se beneficia directamente de la aplicaci\u00f3n del principio de demarcaci\u00f3n entre hecho y valor propuesto por Weisberg y\u00a0Thanukos. La embriolog\u00eda cl\u00ednica y la gen\u00e9tica molecular proveen descripciones sumamente precisas y\u00a0testeables\u00a0sobre la realidad f\u00edsica del embri\u00f3n temprano: la conformaci\u00f3n de su genoma \u00fanico y el programa de desarrollo que contiene y arranca desde la fecundaci\u00f3n, los patrones secuenciales de su divisi\u00f3n celular o la\u00a0totipotencialidad\u00a0de los blast\u00f3meros son elementos que constituyen hechos del mundo natural emp\u00edricamente constatables.<\/span><span data-ccp-props=\"{&quot;335551550&quot;:6,&quot;335551620&quot;:6}\">\u00a0<\/span><\/p>\n<p><span data-contrast=\"auto\">Sin embargo, el paso de la descripci\u00f3n biol\u00f3gica a la atribuci\u00f3n de la \u201cnaturaleza humana\u201d en un sentido normativo (es decir, la consideraci\u00f3n de si el embri\u00f3n temprano es una\u202f<\/span><i><span data-contrast=\"auto\">persona<\/span><\/i><span data-contrast=\"auto\">\u202fcon dignidad intr\u00ednseca y derecho inalienable a la vida) representa un juicio moral y metaf\u00edsico que excede la competencia de las ciencias experimentales\u00a0<sup>[1, 5]<\/sup>.<\/span><span data-ccp-props=\"{&quot;335551550&quot;:6,&quot;335551620&quot;:6}\">\u00a0<\/span><\/p>\n<p><span data-contrast=\"auto\">Por tanto, tal como hemos publicado previamente, la fundamentaci\u00f3n de la protecci\u00f3n \u00e9tica absoluta de un embri\u00f3n \u2014o, por el contrario, su desprotecci\u00f3n total\u2014 debe basarse, adem\u00e1s de su naturaleza biol\u00f3gica, en la consideraci\u00f3n sobre su cualidad ontol\u00f3gica, que conformar\u00e1 la interpretaci\u00f3n antropol\u00f3gico-filos\u00f3fica en la que se insertan la dignidad o el estatus de persona, de los que depender\u00e1 el trato y reconocimiento que deber\u00e1 dispens\u00e1rsele y los derechos que se le reconocer\u00e1n.<\/span><span data-ccp-props=\"{&quot;335551550&quot;:6,&quot;335551620&quot;:6}\">\u00a0<\/span><\/p>\n<p><span data-contrast=\"auto\">Por otra parte, la aplicaci\u00f3n del principio del\u00a0falibilismo\u00a0es de suma relevancia en la evaluaci\u00f3n de los hitos biol\u00f3gicos utilizados tradicionalmente por los\u00a0bioeticistas\u00a0para trazar l\u00edneas de demarcaci\u00f3n moral. Conceptos biol\u00f3gicos que parec\u00edan absolutos, como la\u00a0totipotencialidad\u00a0celular, la imposibilidad de desarrollo organizado sin fecundaci\u00f3n previa o el l\u00edmite de los catorce d\u00edas asociado a la l\u00ednea primitiva, se encuentran bajo una profunda revisi\u00f3n cient\u00edfica<sup>\u00a0[1]<\/sup>. El avance de la biolog\u00eda del desarrollo y la creaci\u00f3n de modelos de embriones sint\u00e9ticos a partir de la reprogramaci\u00f3n de c\u00e9lulas troncales demuestran que las categor\u00edas cient\u00edficas no son est\u00e1ticas, sino explicaciones provisionales sujetas a una constante autocorrecci\u00f3n. La bio\u00e9tica, por tanto, no puede anclarse en dogmas biol\u00f3gicos inmutables de manual escolar, sino que debe elaborar marcos conceptuales din\u00e1micos capaces de dialogar con una ciencia en constante perfeccionamiento emp\u00edrico.<\/span><span data-ccp-props=\"{&quot;335551550&quot;:6,&quot;335551620&quot;:6}\">\u00a0<\/span><\/p>\n<h3><b><span data-contrast=\"auto\">3. Trascendencia en el debate \u00e9tico sobre la eutanasia<\/span><\/b><\/h3>\n<p><span data-contrast=\"auto\">Weisberg y\u00a0Thanukos\u00a0abordan el caso de la eutanasia de forma expl\u00edcita para ilustrar los l\u00edmites insalvables de la demarcaci\u00f3n cient\u00edfica: la ciencia experimental puede aportar datos emp\u00edricos del mayor relieve para este debate \u2014tales como encuestas rigurosas sobre la aceptaci\u00f3n p\u00fablica del suicidio asistido en diferentes culturas\u00a0<sup>[9]<\/sup>, estudios cualitativos de la psicolog\u00eda del enfermo terminal ante la muerte [10], o descripciones cuantitativas detalladas del impacto psicosocial y emocional en los familiares sobrevivientes\u00a0<sup>[11]<\/sup>\u2014, pero es radicalmente incapaz de decretar si la eutanasia es un acto moralmente correcto o incorrecto\u00a0<sup>[1]<\/sup>.<\/span><span data-ccp-props=\"{&quot;335551550&quot;:6,&quot;335551620&quot;:6}\">\u00a0<\/span><\/p>\n<p><span data-contrast=\"auto\">La trascendencia de este l\u00edmite epistemol\u00f3gico en el campo bio\u00e9tico es doble. Por una parte, evita la\u00a0tecnocratizaci\u00f3n\u00a0de la moral: un comit\u00e9 bio\u00e9tico o una legislatura que pretenda justificar la legalizaci\u00f3n o la prohibici\u00f3n de la eutanasia bas\u00e1ndose exclusivamente en encuestas de opini\u00f3n p\u00fablica o en estad\u00edsticas de efectividad cl\u00ednica estar\u00eda falseando el proceso cient\u00edfico, utiliz\u00e1ndolo como un escudo de aparente objetividad t\u00e9cnica para ocultar elecciones de valores \u00e9ticos subyacentes.<\/span><span data-ccp-props=\"{&quot;335551550&quot;:6,&quot;335551620&quot;:6}\">\u00a0<\/span><\/p>\n<p><span data-contrast=\"auto\">En segundo lugar, ex exigible una fundamentaci\u00f3n filos\u00f3fico-antropol\u00f3gica rigurosa: La valoraci\u00f3n de la\u00a0<strong><a href=\"https:\/\/www.observatoriobioetica.org\/?s=eutanasia&amp;post_type%5B%5D=post&amp;search_limit_to_post_titles=0&amp;add_woo_product_skus=0&amp;fs=1\">eutanasia<\/a>\u00a0<\/strong>debe resolverse necesariamente en el plano de la filosof\u00eda moral y del derecho, ponderando principios racionales como la autonom\u00eda personal del paciente, la sacralidad y el valor intr\u00ednseco de la vida humana, y los deberes de beneficencia, no maleficencia y compasi\u00f3n terap\u00e9utica dentro de la \u00e9tica del cuidado. Los datos provistos por la medicina cl\u00ednica y las ciencias del comportamiento act\u00faan como un contexto emp\u00edrico de obligada consulta para comprender la realidad f\u00e1ctica del paciente terminal, pero nunca como una fuente de justificaci\u00f3n normativa directa.<\/span><\/p>\n<p><span data-ccp-props=\"{&quot;335551550&quot;:6,&quot;335551620&quot;:6}\"><picture class=\"alignnone wp-image-10009422 size-full\"><source srcset=\"https:\/\/www.observatoriobioetica.org\/wp-content\/uploads\/2026\/09\/julio4-200x39.png.avif 200w, https:\/\/www.observatoriobioetica.org\/wp-content\/uploads\/2026\/09\/julio4-300x58.png.avif 300w, https:\/\/www.observatoriobioetica.org\/wp-content\/uploads\/2026\/09\/julio4-400x78.png.avif 400w, https:\/\/www.observatoriobioetica.org\/wp-content\/uploads\/2026\/09\/julio4-600x116.png.avif 600w, https:\/\/www.observatoriobioetica.org\/wp-content\/uploads\/2026\/09\/julio4-768x149.png.avif 768w, https:\/\/www.observatoriobioetica.org\/wp-content\/uploads\/2026\/09\/julio4-800x155.png.avif 800w, https:\/\/www.observatoriobioetica.org\/wp-content\/uploads\/2026\/09\/julio4-1024x199.png.avif 1024w, https:\/\/www.observatoriobioetica.org\/wp-content\/uploads\/2026\/09\/julio4-1200x233.png.avif 1200w, https:\/\/www.observatoriobioetica.org\/wp-content\/uploads\/2026\/09\/julio4-1320x256.png.avif 1320w, https:\/\/www.observatoriobioetica.org\/wp-content\/uploads\/2026\/09\/julio4-1536x298.png.avif 1536w, https:\/\/www.observatoriobioetica.org\/wp-content\/uploads\/2026\/09\/julio4-scaled.png.avif 4096w\" type=\"image\/avif\" sizes=\"(max-width: 4096px) 100vw, 4096px\" \/><img data-recalc-dims=\"1\" decoding=\"async\" src=\"https:\/\/i0.wp.com\/www.observatoriobioetica.org\/wp-content\/uploads\/2026\/09\/julio4-scaled.png?resize=4096%2C795&#038;ssl=1\" sizes=\"(max-width: 4096px) 100vw, 4096px\" srcset=\"https:\/\/www.observatoriobioetica.org\/wp-content\/uploads\/2026\/09\/julio4-200x39.png 200w, https:\/\/www.observatoriobioetica.org\/wp-content\/uploads\/2026\/09\/julio4-300x58.png 300w, https:\/\/www.observatoriobioetica.org\/wp-content\/uploads\/2026\/09\/julio4-400x78.png 400w, https:\/\/www.observatoriobioetica.org\/wp-content\/uploads\/2026\/09\/julio4-600x116.png 600w, https:\/\/www.observatoriobioetica.org\/wp-content\/uploads\/2026\/09\/julio4-768x149.png 768w, https:\/\/www.observatoriobioetica.org\/wp-content\/uploads\/2026\/09\/julio4-800x155.png 800w, https:\/\/www.observatoriobioetica.org\/wp-content\/uploads\/2026\/09\/julio4-1024x199.png 1024w, https:\/\/www.observatoriobioetica.org\/wp-content\/uploads\/2026\/09\/julio4-1200x233.png 1200w, https:\/\/www.observatoriobioetica.org\/wp-content\/uploads\/2026\/09\/julio4-1320x256.png 1320w, https:\/\/www.observatoriobioetica.org\/wp-content\/uploads\/2026\/09\/julio4-1536x298.png 1536w, https:\/\/www.observatoriobioetica.org\/wp-content\/uploads\/2026\/09\/julio4-scaled.png 4096w\" alt=\"\" width=\"4096\" height=\"795\" \/><\/picture><\/span><\/p>\n<h3><b><span data-contrast=\"auto\">4. Trascendencia en las Teor\u00edas de\u202f<\/span><\/b><b><i><span data-contrast=\"auto\">Gender<\/span><\/i><\/b><b><span data-contrast=\"auto\">\u202f(sexo sentido frente a sexo biol\u00f3gico)<\/span><\/b><\/h3>\n<p><span data-contrast=\"auto\">El debate sobre la discordancia entre la identidad de g\u00e9nero percibida o \u201csexo sentido\u201d y el sexo biol\u00f3gico cromos\u00f3mico y anat\u00f3mico representa uno de los desaf\u00edos m\u00e1s complejos de la bio\u00e9tica cl\u00ednica actual. Weisberg y\u00a0Thanukos\u00a0defienden de manera expl\u00edcita que las ciencias sociales y del comportamiento son disciplinas leg\u00edtimas que pueden investigar cient\u00edficamente din\u00e1micas humanas complejas a trav\u00e9s de metodolog\u00edas rigurosas cuantitativas, cualitativas o de m\u00e9todos mixtos\u00a0<sup>[1, 12]<\/sup>. En consecuencia, el\u00a0<strong><a href=\"https:\/\/www.observatoriobioetica.org\/?s=sexo+sentido&amp;post_type%5B%5D=post&amp;search_limit_to_post_titles=0&amp;add_woo_product_skus=0&amp;fs=1\">sexo sentido<\/a>\u00a0<\/strong>y los procesos de autopercepci\u00f3n psicol\u00f3gica e integraci\u00f3n social del g\u00e9nero son objetos de estudio enteramente cient\u00edficos.<\/span><span data-ccp-props=\"{&quot;335551550&quot;:6,&quot;335551620&quot;:6}\">\u00a0<\/span><\/p>\n<p><span data-contrast=\"auto\">No obstante, la epistemolog\u00eda contempor\u00e1nea exige que se aplique a estas ciencias del comportamiento el mismo nivel de escrutinio cr\u00edtico, control de sesgos y rigor metodol\u00f3gico que se exige habitualmente a las ciencias naturales\u00a0<sup>[1]<\/sup>. Al analizar los postulados de las\u00a0<strong><a href=\"https:\/\/www.observatoriobioetica.org\/?s=teor%C3%ADas+de+g%C3%A9nero&amp;post_type%5B%5D=post&amp;search_limit_to_post_titles=0&amp;add_woo_product_skus=0&amp;fs=1\">teor\u00edas de g\u00e9nero<\/a><\/strong>\u00a0que abogan por intervenciones m\u00e9dicas de transici\u00f3n, tanto en adultos como de forma temprana en menores (terapias hormonales de transici\u00f3n, bloqueadores de pubertad o cirug\u00edas de reasignaci\u00f3n), la bio\u00e9tica debe someter los \u201cconsensos\u201d m\u00e9dicos alegados a una evaluaci\u00f3n epistemol\u00f3gica severa frente a las patolog\u00edas actuales de la ciencia descritas en el texto\u00a0<sup>[1]<\/sup>, como son:<\/span><span data-ccp-props=\"{&quot;335551550&quot;:6,&quot;335551620&quot;:6}\">\u00a0<\/span><\/p>\n<p><span data-contrast=\"auto\">a) La crisis de replicaci\u00f3n y la fragilidad metodol\u00f3gica<\/span><\/p>\n<p><span data-contrast=\"auto\">Las ciencias de la conducta y la psicolog\u00eda se encuentran en el epicentro de la llamada \u201ccrisis de replicaci\u00f3n\u201d, donde una proporci\u00f3n alarmante de estudios publicados no logra replicar sus resultados cuando son sometidos a pruebas independientes\u00a0<sup>[1, 13]<\/sup>. Muchas de las gu\u00edas cl\u00ednicas que recomiendan transiciones m\u00e9dicas tempranas se apoyan en\u00a0estudios observacionales con muestras reducidas, altas tasas de abandono en el seguimiento y ausencia de grupos de control adecuados, lo que limita severamente su poder estad\u00edstico y su validez externa.<\/span><span data-ccp-props=\"{&quot;335551550&quot;:6,&quot;335551620&quot;:6}\">\u00a0<\/span><\/p>\n<p><span data-contrast=\"auto\">b) Sesgos de publicaci\u00f3n y financiaci\u00f3n<\/span><\/p>\n<p><span data-contrast=\"auto\">La ciencia, al ser una pr\u00e1ctica social humana, se ve fuertemente afectada por sesgos sist\u00e9micos que favorecen la publicaci\u00f3n de resultados positivos e innovadores sobre aquellos que no reportan efectos significativos o que sugieren da\u00f1os a largo plazo [1, 14]. En el \u00e1mbito de la salud de g\u00e9nero, las presiones institucionales, ideol\u00f3gicas y las fuentes de financiaci\u00f3n (con fuertes intereses de mercado en la cronicidad de los tratamientos hormonales) pueden introducir sesgos de confirmaci\u00f3n profundos, desalentando activamente la publicaci\u00f3n de estudios cr\u00edticos o de investigaciones sobre procesos de desistimiento y\u00a0detransici\u00f3n\u00a0[1, 15, 16].<\/span><span data-ccp-props=\"{&quot;335551550&quot;:6,&quot;335551620&quot;:6}\">\u00a0<\/span><\/p>\n<p><span data-contrast=\"auto\">c) Manipulaci\u00f3n de la percepci\u00f3n p\u00fablica del consenso<\/span><\/p>\n<p><span data-contrast=\"auto\">Weisberg y\u00a0Thanukos\u00a0advierten de que ciertos sectores y grupos de inter\u00e9s dise\u00f1an estrategias de comunicaci\u00f3n para simular la existencia de un consenso cient\u00edfico consolidado donde en realidad persiste un intenso debate cient\u00edfico interno\u00a0<sup>[1]<\/sup>. En la bio\u00e9tica del g\u00e9nero, la etiqueta de \u201cconsenso de expertos\u201d suele ser instrumentalizada pol\u00edticamente, ignorando las revisiones sistem\u00e1ticas e independientes de pa\u00edses con alta tradici\u00f3n bio\u00e9tica (como el Reino Unido, Suecia o Finlandia), como hemos publicado previamente, que han restringido las intervenciones hormonales en menores ante la falta de una convergencia robusta de pruebas y tasas de error cl\u00ednico no despreciables.<\/span><span data-ccp-props=\"{&quot;335551550&quot;:6,&quot;335551620&quot;:6}\">\u00a0<\/span><\/p>\n<p><span data-contrast=\"auto\">Guiada por el principio de prudencia cient\u00edfica, la bio\u00e9tica cl\u00ednica debe advertir de que implementar protocolos m\u00e9dicos experimentales e irreversibles sobre la poblaci\u00f3n pedi\u00e1trica bas\u00e1ndose en \u201cmala ciencia\u201d o en teor\u00edas sin un consenso s\u00f3lidamente fundamentado en m\u00faltiples l\u00edneas de evidencia cl\u00ednica convergentes de seguimiento a largo plazo, constituye una transgresi\u00f3n de los principios de no maleficencia y beneficencia terap\u00e9utica.<\/span><span data-ccp-props=\"{&quot;335551550&quot;:6,&quot;335551620&quot;:6}\">\u00a0<\/span><\/p>\n<picture class=\"alignnone wp-image-10009420 size-full\"><source srcset=\"https:\/\/www.observatoriobioetica.org\/wp-content\/uploads\/2026\/09\/julio2-200x39.png.avif 200w, https:\/\/www.observatoriobioetica.org\/wp-content\/uploads\/2026\/09\/julio2-300x58.png.avif 300w, https:\/\/www.observatoriobioetica.org\/wp-content\/uploads\/2026\/09\/julio2-400x78.png.avif 400w, https:\/\/www.observatoriobioetica.org\/wp-content\/uploads\/2026\/09\/julio2-600x116.png.avif 600w, https:\/\/www.observatoriobioetica.org\/wp-content\/uploads\/2026\/09\/julio2-768x149.png.avif 768w, https:\/\/www.observatoriobioetica.org\/wp-content\/uploads\/2026\/09\/julio2-800x155.png.avif 800w, https:\/\/www.observatoriobioetica.org\/wp-content\/uploads\/2026\/09\/julio2-1024x199.png.avif 1024w, https:\/\/www.observatoriobioetica.org\/wp-content\/uploads\/2026\/09\/julio2-1200x233.png.avif 1200w, https:\/\/www.observatoriobioetica.org\/wp-content\/uploads\/2026\/09\/julio2-1320x256.png.avif 1320w, https:\/\/www.observatoriobioetica.org\/wp-content\/uploads\/2026\/09\/julio2-1536x298.png.avif 1536w, https:\/\/www.observatoriobioetica.org\/wp-content\/uploads\/2026\/09\/julio2-scaled.png.avif 4096w\" type=\"image\/avif\" sizes=\"(max-width: 4096px) 100vw, 4096px\" \/><img data-recalc-dims=\"1\" decoding=\"async\" class=\"alignnone\" src=\"https:\/\/i0.wp.com\/www.observatoriobioetica.org\/wp-content\/uploads\/2026\/09\/julio2-scaled.png?resize=4096%2C795&#038;ssl=1\" sizes=\"(max-width: 4096px) 100vw, 4096px\" srcset=\"https:\/\/www.observatoriobioetica.org\/wp-content\/uploads\/2026\/09\/julio2-200x39.png 200w, https:\/\/www.observatoriobioetica.org\/wp-content\/uploads\/2026\/09\/julio2-300x58.png 300w, https:\/\/www.observatoriobioetica.org\/wp-content\/uploads\/2026\/09\/julio2-400x78.png 400w, https:\/\/www.observatoriobioetica.org\/wp-content\/uploads\/2026\/09\/julio2-600x116.png 600w, https:\/\/www.observatoriobioetica.org\/wp-content\/uploads\/2026\/09\/julio2-768x149.png 768w, https:\/\/www.observatoriobioetica.org\/wp-content\/uploads\/2026\/09\/julio2-800x155.png 800w, https:\/\/www.observatoriobioetica.org\/wp-content\/uploads\/2026\/09\/julio2-1024x199.png 1024w, https:\/\/www.observatoriobioetica.org\/wp-content\/uploads\/2026\/09\/julio2-1200x233.png 1200w, https:\/\/www.observatoriobioetica.org\/wp-content\/uploads\/2026\/09\/julio2-1320x256.png 1320w, https:\/\/www.observatoriobioetica.org\/wp-content\/uploads\/2026\/09\/julio2-1536x298.png 1536w, https:\/\/www.observatoriobioetica.org\/wp-content\/uploads\/2026\/09\/julio2-scaled.png 4096w\" alt=\"\" width=\"4096\" height=\"795\" \/><\/picture>\n<h3><b><span data-contrast=\"auto\">5. Conclusiones: La vigilancia epistemol\u00f3gica ante la disrupci\u00f3n biotecnol\u00f3gica<\/span><\/b><\/h3>\n<p><span data-contrast=\"auto\">La aplicaci\u00f3n de la filosof\u00eda de la ciencia propuesta por Weisberg y\u00a0Thanukos\u00a0a la bio\u00e9tica contempor\u00e1nea nos permite articular una defensa de la racionalidad cl\u00ednica basada en lo que podemos denominar vigilancia epistemol\u00f3gica activa. Ante la aceleraci\u00f3n exponencial de los avances en biomedicina y la presi\u00f3n social y de mercado por su aplicaci\u00f3n inmediata, tanto los cient\u00edficos, como los legisladores y los comit\u00e9s de bio\u00e9tica deben operar como \u00f3rganos de traducci\u00f3n cr\u00edtica guiados por los siguientes principios metodol\u00f3gicos fundamentales:<\/span><span data-ccp-props=\"{&quot;335551550&quot;:6,&quot;335551620&quot;:6}\">\u00a0<\/span><\/p>\n<h3><strong>Ponderaci\u00f3n de la incertidumbre y el principio de precauci\u00f3n\u00a0<\/strong><\/h3>\n<p><span data-contrast=\"auto\">Dado que el conocimiento cient\u00edfico es por naturaleza provisional y falible\u00a0<sup>[1, 4]<\/sup>, y que la replicaci\u00f3n rigurosa de las innovaciones m\u00e9dicas toma a\u00f1os, los comit\u00e9s de bio\u00e9tica deben tomar decisiones regulatorias bajo escenarios de alta incertidumbre. En estos casos, la prudencia exige que, ante la falta de una s\u00f3lida convergencia de evidencia emp\u00edrica a largo plazo, se aplique el principio de precauci\u00f3n, deteniendo o restringiendo el uso cl\u00ednico masivo de tecnolog\u00edas invasivas o irreversibles hasta que su margen de error metodol\u00f3gico y de seguridad terap\u00e9utica sea s\u00f3lidamente delimitado por la comunidad\u00a0cient\u00edfica\u00a0<sup>[1]<\/sup>.\u00a0Esto resulta especialmente necesario en el campo de la edici\u00f3n y diagn\u00f3stico gen\u00e9ticos, donde la incertidumbre sobre sus efectos debe ponderar la oportunidad de emprender o no ciertos experimentos.<\/span><span data-ccp-props=\"{&quot;335551550&quot;:6,&quot;335551620&quot;:6}\">\u00a0<\/span><\/p>\n<h3><strong>Exigencia de independencia financiera y metodol\u00f3gica\u00a0<\/strong><\/h3>\n<p><span data-contrast=\"auto\">Adem\u00e1s de evaluar la validez de los resultados presentados por los promotores de una biotecnolog\u00eda, deben indagarse de manera activa las fuentes de patrocinio y financiaci\u00f3n, reconociendo que existe un sesgo estad\u00edsticamente demostrado que correlaciona el origen corporativo del dinero con resultados metodol\u00f3gicos sistem\u00e1ticamente favorables a los patrocinadores\u00a0<sup>[1, 16]<\/sup>. La verdadera independencia del juicio \u00e9tico exige depurar la evidencia cl\u00ednica de conflictos de inter\u00e9s subyacentes.<\/span><span data-ccp-props=\"{&quot;335551550&quot;:6,&quot;335551620&quot;:6}\">\u00a0<\/span><\/p>\n<h3><strong>Filtros cr\u00edticos frente a\u00a0preprints\u00a0y literatura provisional\u00a0<\/strong><\/h3>\n<p><span data-contrast=\"auto\">Ante lo vertiginoso de la investigaci\u00f3n biom\u00e9dica actual, los juicios bio\u00e9ticos que condicionen los procedimientos cient\u00edficos o las recomendaciones cl\u00ednicas o normativas no deben construirse sobre la base de literatura preliminar (<\/span><i><span data-contrast=\"auto\">preprints<\/span><\/i><span data-contrast=\"auto\">) o estudios publicados apresuradamente en revistas de baja exigencia metodol\u00f3gica\u00a0<sup>[1, 17]<\/sup>. Deben exigir la madurez del proceso cient\u00edfico comunitario y la confirmaci\u00f3n emp\u00edrica a trav\u00e9s de revisiones sistem\u00e1ticas independientes y\u00a0meta-an\u00e1lisis\u00a0metodol\u00f3gicamente intachables.<\/span><span data-ccp-props=\"{&quot;335551550&quot;:6,&quot;335551620&quot;:6}\">\u00a0<\/span><\/p>\n<p><em><strong>Julio Tudela .\u00a0Observatorio de Bio\u00e9tica .\u00a0Instituto Ciencias de la Vida .\u00a0Universidad Cat\u00f3lica de Valencia<\/strong><\/em><\/p>\n<p>***<\/p>\n<p><b><span data-contrast=\"auto\">Referencias Bibliogr\u00e1ficas<\/span><\/b><span data-ccp-props=\"{&quot;335551550&quot;:6,&quot;335551620&quot;:6}\">\u00a0<\/span><\/p>\n<p>1. Weisberg M, Thanukos A. How Science Works. In: Reference Manual on Scientific Evidence. Washington (DC): Federal Judicial Center \/ National Academies Press; 2025.<\/p>\n<p>2. Pigliucci M, Boudry M, editors. Philosophy of Pseudoscience: Reconsidering the Demarcation Problem. Chicago: University of Chicago Press; 2013.<\/p>\n<p>3. McComas WF. The Principal Elements of the Nature of Science: Dispelling the Myths. In: McComas WF, editor. The Nature of Science in Science Education: Rationales and Strategies. Dordrecht: Kluwer Academic Publishers; 1998. p. 53-70.<\/p>\n<p>4. Haack S. Inquiry and Advocacy, Fallibilism and Finality: Culture and Inference in Science and the Law. Law, Probability and Risk. 2003;2(3):205-14.<\/p>\n<p>5. Godfrey-Smith P. Theory and Reality: An Introduction to the Philosophy of Science. Chicago: University of Chicago Press; 2003.<\/p>\n<p>6. Lesn\u00e9 S, Koh MT, Kotilinek L, Kayed R, Glabe CG, Yang A, et al. A Specific Amyloid-\u03b2 Protein Assembly in the Brain Impairs Memory. Nature. 2006;440(7082):352-7. Retraction in: Nature. 2024 Jun 24;630:1024.<\/p>\n<p>7. Piller C. Blots on a Field? A neuroscience image sleuth finds signs of fabrication in scores of Alzheimer&#8217;s papers, threatening a dominant theory of the disease. Science. 2022;377(6604):358-63.<\/p>\n<p>8. Nye MJ. Molecular Reality: A Perspective on the Scientific Work of Jean Perrin. London: Macdonald; 1972.<\/p>\n<p>9. Cohen J, Marcoux I, Bilsen J, Deboosere P, van der Wal G, Deliens L. European Public Acceptance of Euthanasia: Socio-Demographic and Cultural Factors Associated with the Acceptance of Euthanasia in 33 European Countries. Social Science &amp; Medicine. 2006;63(3):743-56.<\/p>\n<p>10. Leichtentritt RD, Rettig KD. Meanings and Attitudes Toward End-of-life Preferences in Israel. Death Studies. 1999;23(4):323-58.<\/p>\n<p>11. Swarte NB, van der Lee ML, Conyn-van Spaendonck MA, de Treslong J, Heintz AP. Effects of Euthanasia on the Bereaved Family and Friends: A Cross Sectional Study. BMJ. 2003;327(7408):189.<\/p>\n<p>12. Hedges LV. How Hard Is Hard Science, How Soft Is Soft Science? The Empirical Cumulativeness of Research. American Psychologist. 1987;42(5):443-55.<\/p>\n<p>13. National Academies of Sciences, Engineering, and Medicine. Reproducibility and Replicability in Science. Washington (DC): National Academies Press; 2019.<\/p>\n<p>14. Smaldino PE, McElreath R. The Natural Selection of Bad Science. Royal Society Open Science. 2016;3(9):160384.<\/p>\n<p>15. Krimsky S. Do Financial Conflicts of Interest Bias Research? An Inquiry into the \u00abFunding Effect\u00bb Hypothesis. Science, Technology, &amp; Human Values. 2012;38(4):566-87.<\/p>\n<p>16. Sismondo S. Pharmaceutical Company Funding and Its Consequences: A Qualitative Systematic Review. Contemporary Clinical Trials. 2008;29(2):109-13.<\/p>\n<p>17. Rieger OY. Preprints in the Spotlight: Establishing Best Practices, Building Trust. Ithaca (NY): Ithaka S+R; 2020.<\/p>\n<p><img data-recalc-dims=\"1\" loading=\"lazy\" decoding=\"async\" class=\"size-full wp-image-183931 alignnone\" src=\"https:\/\/i0.wp.com\/exaudi.org\/wp-content\/uploads\/2026\/09\/analisis-1.jpg?resize=940%2C788&#038;ssl=1\" alt=\"\" width=\"940\" height=\"788\" srcset=\"https:\/\/i0.wp.com\/exaudi.org\/wp-content\/uploads\/2026\/09\/analisis-1.jpg?w=940&amp;ssl=1 940w, https:\/\/i0.wp.com\/exaudi.org\/wp-content\/uploads\/2026\/09\/analisis-1.jpg?resize=300%2C251&amp;ssl=1 300w, https:\/\/i0.wp.com\/exaudi.org\/wp-content\/uploads\/2026\/09\/analisis-1.jpg?resize=770%2C645&amp;ssl=1 770w, https:\/\/i0.wp.com\/exaudi.org\/wp-content\/uploads\/2026\/09\/analisis-1.jpg?resize=500%2C419&amp;ssl=1 500w\" sizes=\"(max-width: 940px) 100vw, 940px\" \/><\/p>\n<\/div>\n<\/div>\n<\/div>\n<\/div>\n<\/div>\n<\/div>\n<\/div>\n<\/section>\n<\/div>\n","protected":false},"excerpt":{"rendered":"<p>Epistemolog\u00eda y bio\u00e9tica<\/p>\n","protected":false},"author":87,"featured_media":183765,"comment_status":"closed","ping_status":"closed","sticky":false,"template":"","format":"standard","meta":{"_acf_changed":false,"inline_featured_image":false,"_wpcom_ai_launchpad_first_post":false,"footnotes":"","jetpack_post_was_ever_published":false},"categories":[72],"tags":[121393,728,17835,121398,121395,104221,121390,611,121396,14266,121394,9981,121392,630,46107,121399,81035,121397,121391,58880],"class_list":["post-183755","post","type-post","status-publish","format-standard","has-post-thumbnail","hentry","category-analisis","tag-anastasia-thanukos","tag-bioetica","tag-biotecnologia","tag-consenso-cientifico","tag-demarcacion-cientifica","tag-epistemologia","tag-estatuto-del-embrion","tag-eutanasia","tag-falibilismo","tag-filosofia-de-la-ciencia","tag-how-science-works","tag-julio-tudela","tag-michael-weisberg","tag-observatorio-de-bioetica-de-la-universidad-catolica-de-valencia","tag-observatorio-de-bioetica-ucv","tag-principio-de-precaucion","tag-revision-por-pares","tag-sesgos-de-investigacion","tag-teorias-de-genero","tag-trending-es-151"],"acf":[],"yoast_head":"<!-- This site is optimized with the Yoast SEO plugin v28.4 - https:\/\/yoast.com\/product\/yoast-seo-wordpress\/ -->\n<title>El estatuto del embri\u00f3n, la eutanasia y las Teor\u00edas de G\u00e9nero a la luz de la Filosof\u00eda de la Ciencia\u00a0 &#8211; Exaudi<\/title>\n<meta name=\"robots\" content=\"index, follow, max-snippet:-1, max-image-preview:large, max-video-preview:-1\" \/>\n<link rel=\"canonical\" href=\"https:\/\/exaudi.org\/es\/el-estatuto-del-embrion-la-eutanasia-y-las-teorias-de-genero-a-la-luz-de-la-filosofia-de-la-ciencia\/\" \/>\n<meta property=\"og:locale\" content=\"es_ES\" \/>\n<meta property=\"og:type\" content=\"article\" \/>\n<meta property=\"og:title\" content=\"El estatuto del embri\u00f3n, la eutanasia y las Teor\u00edas de G\u00e9nero a la luz de la Filosof\u00eda de la Ciencia\u00a0 &#8211; Exaudi\" \/>\n<meta property=\"og:description\" content=\"Epistemolog\u00eda y bio\u00e9tica\" \/>\n<meta property=\"og:url\" content=\"https:\/\/exaudi.org\/es\/el-estatuto-del-embrion-la-eutanasia-y-las-teorias-de-genero-a-la-luz-de-la-filosofia-de-la-ciencia\/\" \/>\n<meta property=\"og:site_name\" content=\"Exaudi\" \/>\n<meta property=\"article:publisher\" content=\"https:\/\/www.facebook.com\/ExaudiNews\" \/>\n<meta property=\"article:author\" content=\"https:\/\/www.facebook.com\/observatoriodebioetica\/\" \/>\n<meta property=\"article:published_time\" content=\"2026-09-04T06:35:10+00:00\" \/>\n<meta property=\"article:modified_time\" content=\"2026-09-04T09:47:56+00:00\" \/>\n<meta property=\"og:image\" content=\"https:\/\/exaudi.org\/wp-content\/uploads\/2026\/09\/julio1-scaled.png-scaled.jpg\" \/>\n\t<meta property=\"og:image:width\" content=\"2560\" \/>\n\t<meta property=\"og:image:height\" content=\"994\" \/>\n\t<meta property=\"og:image:type\" content=\"image\/jpeg\" \/>\n<meta name=\"author\" content=\"Observatorio de Bio\u00e9tica UCV\" \/>\n<meta name=\"twitter:card\" content=\"summary_large_image\" \/>\n<meta name=\"twitter:creator\" content=\"@obioetica\" \/>\n<meta name=\"twitter:site\" content=\"@Exaudi_News\" \/>\n<meta name=\"twitter:label1\" content=\"Escrito por\" \/>\n\t<meta name=\"twitter:data1\" content=\"Observatorio de Bio\u00e9tica UCV\" \/>\n\t<meta name=\"twitter:label2\" content=\"Tiempo de lectura\" \/>\n\t<meta name=\"twitter:data2\" content=\"17 minutos\" \/>\n<script type=\"application\/ld+json\" class=\"yoast-schema-graph\">{\"@context\":\"https:\\\/\\\/schema.org\",\"@graph\":[{\"@type\":\"Article\",\"@id\":\"https:\\\/\\\/exaudi.org\\\/es\\\/el-estatuto-del-embrion-la-eutanasia-y-las-teorias-de-genero-a-la-luz-de-la-filosofia-de-la-ciencia\\\/#article\",\"isPartOf\":{\"@id\":\"https:\\\/\\\/exaudi.org\\\/es\\\/el-estatuto-del-embrion-la-eutanasia-y-las-teorias-de-genero-a-la-luz-de-la-filosofia-de-la-ciencia\\\/\"},\"author\":{\"name\":\"Observatorio de Bio\u00e9tica UCV\",\"@id\":\"https:\\\/\\\/exaudi.org\\\/#\\\/schema\\\/person\\\/05d1c06e56ecb5490e9bff0d27026595\"},\"headline\":\"El estatuto del embri\u00f3n, la eutanasia y las Teor\u00edas de G\u00e9nero a la luz de la Filosof\u00eda de la Ciencia\u00a0\",\"datePublished\":\"2026-09-04T06:35:10+00:00\",\"dateModified\":\"2026-09-04T09:47:56+00:00\",\"mainEntityOfPage\":{\"@id\":\"https:\\\/\\\/exaudi.org\\\/es\\\/el-estatuto-del-embrion-la-eutanasia-y-las-teorias-de-genero-a-la-luz-de-la-filosofia-de-la-ciencia\\\/\"},\"wordCount\":3332,\"image\":{\"@id\":\"https:\\\/\\\/exaudi.org\\\/es\\\/el-estatuto-del-embrion-la-eutanasia-y-las-teorias-de-genero-a-la-luz-de-la-filosofia-de-la-ciencia\\\/#primaryimage\"},\"thumbnailUrl\":\"https:\\\/\\\/i0.wp.com\\\/exaudi.org\\\/wp-content\\\/uploads\\\/2026\\\/09\\\/julio1-scaled.png-scaled.jpg?fit=2560%2C994&ssl=1\",\"keywords\":[\"Anastasia Thanukos\",\"Bio\u00e9tica\",\"biotecnolog\u00eda\",\"consenso cient\u00edfico\",\"demarcaci\u00f3n cient\u00edfica\",\"epistemolog\u00eda\",\"estatuto del embri\u00f3n\",\"Eutanasia\",\"falibilismo\",\"Filosof\u00eda de la Ciencia\",\"How Science Works\",\"Julio Tudela\",\"Michael Weisberg\",\"Observatorio de Bio\u00e9tica de la Universidad Cat\u00f3lica de Valencia\",\"Observatorio de Bio\u00e9tica UCV\",\"principio de precauci\u00f3n\",\"revisi\u00f3n por pares\",\"sesgos de investigaci\u00f3n\",\"teor\u00edas de g\u00e9nero\",\"Trending\"],\"articleSection\":[\"An\u00e1lisis\"],\"inLanguage\":\"es\"},{\"@type\":\"WebPage\",\"@id\":\"https:\\\/\\\/exaudi.org\\\/es\\\/el-estatuto-del-embrion-la-eutanasia-y-las-teorias-de-genero-a-la-luz-de-la-filosofia-de-la-ciencia\\\/\",\"url\":\"https:\\\/\\\/exaudi.org\\\/es\\\/el-estatuto-del-embrion-la-eutanasia-y-las-teorias-de-genero-a-la-luz-de-la-filosofia-de-la-ciencia\\\/\",\"name\":\"El estatuto del embri\u00f3n, la eutanasia y las Teor\u00edas de G\u00e9nero a la luz de la Filosof\u00eda de la Ciencia\u00a0 &#8211; Exaudi\",\"isPartOf\":{\"@id\":\"https:\\\/\\\/exaudi.org\\\/#website\"},\"primaryImageOfPage\":{\"@id\":\"https:\\\/\\\/exaudi.org\\\/es\\\/el-estatuto-del-embrion-la-eutanasia-y-las-teorias-de-genero-a-la-luz-de-la-filosofia-de-la-ciencia\\\/#primaryimage\"},\"image\":{\"@id\":\"https:\\\/\\\/exaudi.org\\\/es\\\/el-estatuto-del-embrion-la-eutanasia-y-las-teorias-de-genero-a-la-luz-de-la-filosofia-de-la-ciencia\\\/#primaryimage\"},\"thumbnailUrl\":\"https:\\\/\\\/i0.wp.com\\\/exaudi.org\\\/wp-content\\\/uploads\\\/2026\\\/09\\\/julio1-scaled.png-scaled.jpg?fit=2560%2C994&ssl=1\",\"datePublished\":\"2026-09-04T06:35:10+00:00\",\"dateModified\":\"2026-09-04T09:47:56+00:00\",\"author\":{\"@id\":\"https:\\\/\\\/exaudi.org\\\/#\\\/schema\\\/person\\\/05d1c06e56ecb5490e9bff0d27026595\"},\"breadcrumb\":{\"@id\":\"https:\\\/\\\/exaudi.org\\\/es\\\/el-estatuto-del-embrion-la-eutanasia-y-las-teorias-de-genero-a-la-luz-de-la-filosofia-de-la-ciencia\\\/#breadcrumb\"},\"inLanguage\":\"es\",\"potentialAction\":[{\"@type\":\"ReadAction\",\"target\":[\"https:\\\/\\\/exaudi.org\\\/es\\\/el-estatuto-del-embrion-la-eutanasia-y-las-teorias-de-genero-a-la-luz-de-la-filosofia-de-la-ciencia\\\/\"]}]},{\"@type\":\"ImageObject\",\"inLanguage\":\"es\",\"@id\":\"https:\\\/\\\/exaudi.org\\\/es\\\/el-estatuto-del-embrion-la-eutanasia-y-las-teorias-de-genero-a-la-luz-de-la-filosofia-de-la-ciencia\\\/#primaryimage\",\"url\":\"https:\\\/\\\/i0.wp.com\\\/exaudi.org\\\/wp-content\\\/uploads\\\/2026\\\/09\\\/julio1-scaled.png-scaled.jpg?fit=2560%2C994&ssl=1\",\"contentUrl\":\"https:\\\/\\\/i0.wp.com\\\/exaudi.org\\\/wp-content\\\/uploads\\\/2026\\\/09\\\/julio1-scaled.png-scaled.jpg?fit=2560%2C994&ssl=1\",\"width\":2560,\"height\":994},{\"@type\":\"BreadcrumbList\",\"@id\":\"https:\\\/\\\/exaudi.org\\\/es\\\/el-estatuto-del-embrion-la-eutanasia-y-las-teorias-de-genero-a-la-luz-de-la-filosofia-de-la-ciencia\\\/#breadcrumb\",\"itemListElement\":[{\"@type\":\"ListItem\",\"position\":1,\"name\":\"Portada\",\"item\":\"https:\\\/\\\/exaudi.org\\\/es\\\/\"},{\"@type\":\"ListItem\",\"position\":2,\"name\":\"El estatuto del embri\u00f3n, la eutanasia y las Teor\u00edas de G\u00e9nero a la luz de la Filosof\u00eda de la Ciencia\u00a0\"}]},{\"@type\":\"WebSite\",\"@id\":\"https:\\\/\\\/exaudi.org\\\/#website\",\"url\":\"https:\\\/\\\/exaudi.org\\\/\",\"name\":\"Exaudi\",\"description\":\"News\",\"potentialAction\":[{\"@type\":\"SearchAction\",\"target\":{\"@type\":\"EntryPoint\",\"urlTemplate\":\"https:\\\/\\\/exaudi.org\\\/?s={search_term_string}\"},\"query-input\":{\"@type\":\"PropertyValueSpecification\",\"valueRequired\":true,\"valueName\":\"search_term_string\"}}],\"inLanguage\":\"es\"},{\"@type\":\"Person\",\"@id\":\"https:\\\/\\\/exaudi.org\\\/#\\\/schema\\\/person\\\/05d1c06e56ecb5490e9bff0d27026595\",\"name\":\"Observatorio de Bio\u00e9tica UCV\",\"image\":{\"@type\":\"ImageObject\",\"inLanguage\":\"es\",\"@id\":\"https:\\\/\\\/secure.gravatar.com\\\/avatar\\\/086563f59595a89fb0851de25d712a03657b1cdfa8af3c9cd0a1ee122fc5d596?s=96&d=mm&r=g\",\"url\":\"https:\\\/\\\/secure.gravatar.com\\\/avatar\\\/086563f59595a89fb0851de25d712a03657b1cdfa8af3c9cd0a1ee122fc5d596?s=96&d=mm&r=g\",\"contentUrl\":\"https:\\\/\\\/secure.gravatar.com\\\/avatar\\\/086563f59595a89fb0851de25d712a03657b1cdfa8af3c9cd0a1ee122fc5d596?s=96&d=mm&r=g\",\"caption\":\"Observatorio de Bio\u00e9tica UCV\"},\"description\":\"El Observatorio de Bio\u00e9tica se encuentra dentro del Instituto Ciencias de la vida de la Universidad Cat\u00f3lica de Valencia \u201cSan Vicente M\u00e1rtir\u201d . En el trasfondo de sus publicaciones, se defiende la vida humana desde la fecundaci\u00f3n a la muerte natural y la dignidad de la persona, teniendo como objetivo aunar esfuerzos para difundir la cultura de la vida como la define la Evangelium Vitae.\",\"sameAs\":[\"https:\\\/\\\/www.observatoriobioetica.org\\\/\",\"https:\\\/\\\/www.facebook.com\\\/observatoriodebioetica\\\/\",\"https:\\\/\\\/x.com\\\/obioetica\",\"https:\\\/\\\/www.youtube.com\\\/channel\\\/UC_Tr4WS5-TXoNo5e1MdQc7w\"],\"url\":\"https:\\\/\\\/exaudi.org\\\/es\\\/author\\\/observatoriodebioeticaucv\\\/\"}]}<\/script>\n<!-- \/ Yoast SEO plugin. -->","yoast_head_json":{"title":"El estatuto del embri\u00f3n, la eutanasia y las Teor\u00edas de G\u00e9nero a la luz de la Filosof\u00eda de la Ciencia\u00a0 &#8211; Exaudi","robots":{"index":"index","follow":"follow","max-snippet":"max-snippet:-1","max-image-preview":"max-image-preview:large","max-video-preview":"max-video-preview:-1"},"canonical":"https:\/\/exaudi.org\/es\/el-estatuto-del-embrion-la-eutanasia-y-las-teorias-de-genero-a-la-luz-de-la-filosofia-de-la-ciencia\/","og_locale":"es_ES","og_type":"article","og_title":"El estatuto del embri\u00f3n, la eutanasia y las Teor\u00edas de G\u00e9nero a la luz de la Filosof\u00eda de la Ciencia\u00a0 &#8211; Exaudi","og_description":"Epistemolog\u00eda y bio\u00e9tica","og_url":"https:\/\/exaudi.org\/es\/el-estatuto-del-embrion-la-eutanasia-y-las-teorias-de-genero-a-la-luz-de-la-filosofia-de-la-ciencia\/","og_site_name":"Exaudi","article_publisher":"https:\/\/www.facebook.com\/ExaudiNews","article_author":"https:\/\/www.facebook.com\/observatoriodebioetica\/","article_published_time":"2026-09-04T06:35:10+00:00","article_modified_time":"2026-09-04T09:47:56+00:00","og_image":[{"width":2560,"height":994,"url":"https:\/\/exaudi.org\/wp-content\/uploads\/2026\/09\/julio1-scaled.png-scaled.jpg","type":"image\/jpeg"}],"author":"Observatorio de Bio\u00e9tica UCV","twitter_card":"summary_large_image","twitter_creator":"@obioetica","twitter_site":"@Exaudi_News","twitter_misc":{"Escrito por":"Observatorio de Bio\u00e9tica UCV","Tiempo de lectura":"17 minutos"},"schema":{"@context":"https:\/\/schema.org","@graph":[{"@type":"Article","@id":"https:\/\/exaudi.org\/es\/el-estatuto-del-embrion-la-eutanasia-y-las-teorias-de-genero-a-la-luz-de-la-filosofia-de-la-ciencia\/#article","isPartOf":{"@id":"https:\/\/exaudi.org\/es\/el-estatuto-del-embrion-la-eutanasia-y-las-teorias-de-genero-a-la-luz-de-la-filosofia-de-la-ciencia\/"},"author":{"name":"Observatorio de Bio\u00e9tica UCV","@id":"https:\/\/exaudi.org\/#\/schema\/person\/05d1c06e56ecb5490e9bff0d27026595"},"headline":"El estatuto del embri\u00f3n, la eutanasia y las Teor\u00edas de G\u00e9nero a la luz de la Filosof\u00eda de la Ciencia\u00a0","datePublished":"2026-09-04T06:35:10+00:00","dateModified":"2026-09-04T09:47:56+00:00","mainEntityOfPage":{"@id":"https:\/\/exaudi.org\/es\/el-estatuto-del-embrion-la-eutanasia-y-las-teorias-de-genero-a-la-luz-de-la-filosofia-de-la-ciencia\/"},"wordCount":3332,"image":{"@id":"https:\/\/exaudi.org\/es\/el-estatuto-del-embrion-la-eutanasia-y-las-teorias-de-genero-a-la-luz-de-la-filosofia-de-la-ciencia\/#primaryimage"},"thumbnailUrl":"https:\/\/i0.wp.com\/exaudi.org\/wp-content\/uploads\/2026\/09\/julio1-scaled.png-scaled.jpg?fit=2560%2C994&ssl=1","keywords":["Anastasia Thanukos","Bio\u00e9tica","biotecnolog\u00eda","consenso cient\u00edfico","demarcaci\u00f3n cient\u00edfica","epistemolog\u00eda","estatuto del embri\u00f3n","Eutanasia","falibilismo","Filosof\u00eda de la Ciencia","How Science Works","Julio Tudela","Michael Weisberg","Observatorio de Bio\u00e9tica de la Universidad Cat\u00f3lica de Valencia","Observatorio de Bio\u00e9tica UCV","principio de precauci\u00f3n","revisi\u00f3n por pares","sesgos de investigaci\u00f3n","teor\u00edas de g\u00e9nero","Trending"],"articleSection":["An\u00e1lisis"],"inLanguage":"es"},{"@type":"WebPage","@id":"https:\/\/exaudi.org\/es\/el-estatuto-del-embrion-la-eutanasia-y-las-teorias-de-genero-a-la-luz-de-la-filosofia-de-la-ciencia\/","url":"https:\/\/exaudi.org\/es\/el-estatuto-del-embrion-la-eutanasia-y-las-teorias-de-genero-a-la-luz-de-la-filosofia-de-la-ciencia\/","name":"El estatuto del embri\u00f3n, la eutanasia y las Teor\u00edas de G\u00e9nero a la luz de la Filosof\u00eda de la Ciencia\u00a0 &#8211; Exaudi","isPartOf":{"@id":"https:\/\/exaudi.org\/#website"},"primaryImageOfPage":{"@id":"https:\/\/exaudi.org\/es\/el-estatuto-del-embrion-la-eutanasia-y-las-teorias-de-genero-a-la-luz-de-la-filosofia-de-la-ciencia\/#primaryimage"},"image":{"@id":"https:\/\/exaudi.org\/es\/el-estatuto-del-embrion-la-eutanasia-y-las-teorias-de-genero-a-la-luz-de-la-filosofia-de-la-ciencia\/#primaryimage"},"thumbnailUrl":"https:\/\/i0.wp.com\/exaudi.org\/wp-content\/uploads\/2026\/09\/julio1-scaled.png-scaled.jpg?fit=2560%2C994&ssl=1","datePublished":"2026-09-04T06:35:10+00:00","dateModified":"2026-09-04T09:47:56+00:00","author":{"@id":"https:\/\/exaudi.org\/#\/schema\/person\/05d1c06e56ecb5490e9bff0d27026595"},"breadcrumb":{"@id":"https:\/\/exaudi.org\/es\/el-estatuto-del-embrion-la-eutanasia-y-las-teorias-de-genero-a-la-luz-de-la-filosofia-de-la-ciencia\/#breadcrumb"},"inLanguage":"es","potentialAction":[{"@type":"ReadAction","target":["https:\/\/exaudi.org\/es\/el-estatuto-del-embrion-la-eutanasia-y-las-teorias-de-genero-a-la-luz-de-la-filosofia-de-la-ciencia\/"]}]},{"@type":"ImageObject","inLanguage":"es","@id":"https:\/\/exaudi.org\/es\/el-estatuto-del-embrion-la-eutanasia-y-las-teorias-de-genero-a-la-luz-de-la-filosofia-de-la-ciencia\/#primaryimage","url":"https:\/\/i0.wp.com\/exaudi.org\/wp-content\/uploads\/2026\/09\/julio1-scaled.png-scaled.jpg?fit=2560%2C994&ssl=1","contentUrl":"https:\/\/i0.wp.com\/exaudi.org\/wp-content\/uploads\/2026\/09\/julio1-scaled.png-scaled.jpg?fit=2560%2C994&ssl=1","width":2560,"height":994},{"@type":"BreadcrumbList","@id":"https:\/\/exaudi.org\/es\/el-estatuto-del-embrion-la-eutanasia-y-las-teorias-de-genero-a-la-luz-de-la-filosofia-de-la-ciencia\/#breadcrumb","itemListElement":[{"@type":"ListItem","position":1,"name":"Portada","item":"https:\/\/exaudi.org\/es\/"},{"@type":"ListItem","position":2,"name":"El estatuto del embri\u00f3n, la eutanasia y las Teor\u00edas de G\u00e9nero a la luz de la Filosof\u00eda de la Ciencia\u00a0"}]},{"@type":"WebSite","@id":"https:\/\/exaudi.org\/#website","url":"https:\/\/exaudi.org\/","name":"Exaudi","description":"News","potentialAction":[{"@type":"SearchAction","target":{"@type":"EntryPoint","urlTemplate":"https:\/\/exaudi.org\/?s={search_term_string}"},"query-input":{"@type":"PropertyValueSpecification","valueRequired":true,"valueName":"search_term_string"}}],"inLanguage":"es"},{"@type":"Person","@id":"https:\/\/exaudi.org\/#\/schema\/person\/05d1c06e56ecb5490e9bff0d27026595","name":"Observatorio de Bio\u00e9tica UCV","image":{"@type":"ImageObject","inLanguage":"es","@id":"https:\/\/secure.gravatar.com\/avatar\/086563f59595a89fb0851de25d712a03657b1cdfa8af3c9cd0a1ee122fc5d596?s=96&d=mm&r=g","url":"https:\/\/secure.gravatar.com\/avatar\/086563f59595a89fb0851de25d712a03657b1cdfa8af3c9cd0a1ee122fc5d596?s=96&d=mm&r=g","contentUrl":"https:\/\/secure.gravatar.com\/avatar\/086563f59595a89fb0851de25d712a03657b1cdfa8af3c9cd0a1ee122fc5d596?s=96&d=mm&r=g","caption":"Observatorio de Bio\u00e9tica UCV"},"description":"El Observatorio de Bio\u00e9tica se encuentra dentro del Instituto Ciencias de la vida de la Universidad Cat\u00f3lica de Valencia \u201cSan Vicente M\u00e1rtir\u201d . En el trasfondo de sus publicaciones, se defiende la vida humana desde la fecundaci\u00f3n a la muerte natural y la dignidad de la persona, teniendo como objetivo aunar esfuerzos para difundir la cultura de la vida como la define la Evangelium Vitae.","sameAs":["https:\/\/www.observatoriobioetica.org\/","https:\/\/www.facebook.com\/observatoriodebioetica\/","https:\/\/x.com\/obioetica","https:\/\/www.youtube.com\/channel\/UC_Tr4WS5-TXoNo5e1MdQc7w"],"url":"https:\/\/exaudi.org\/es\/author\/observatoriodebioeticaucv\/"}]}},"jetpack_shortlink":"https:\/\/wp.me\/pgKjF2-LNN","jetpack_featured_media_url":"https:\/\/i0.wp.com\/exaudi.org\/wp-content\/uploads\/2026\/09\/julio1-scaled.png-scaled.jpg?fit=2560%2C994&ssl=1","_links":{"self":[{"href":"https:\/\/exaudi.org\/es\/wp-json\/wp\/v2\/posts\/183755","targetHints":{"allow":["GET"]}}],"collection":[{"href":"https:\/\/exaudi.org\/es\/wp-json\/wp\/v2\/posts"}],"about":[{"href":"https:\/\/exaudi.org\/es\/wp-json\/wp\/v2\/types\/post"}],"author":[{"embeddable":true,"href":"https:\/\/exaudi.org\/es\/wp-json\/wp\/v2\/users\/87"}],"replies":[{"embeddable":true,"href":"https:\/\/exaudi.org\/es\/wp-json\/wp\/v2\/comments?post=183755"}],"version-history":[{"count":8,"href":"https:\/\/exaudi.org\/es\/wp-json\/wp\/v2\/posts\/183755\/revisions"}],"predecessor-version":[{"id":183935,"href":"https:\/\/exaudi.org\/es\/wp-json\/wp\/v2\/posts\/183755\/revisions\/183935"}],"wp:featuredmedia":[{"embeddable":true,"href":"https:\/\/exaudi.org\/es\/wp-json\/wp\/v2\/media\/183765"}],"wp:attachment":[{"href":"https:\/\/exaudi.org\/es\/wp-json\/wp\/v2\/media?parent=183755"}],"wp:term":[{"taxonomy":"category","embeddable":true,"href":"https:\/\/exaudi.org\/es\/wp-json\/wp\/v2\/categories?post=183755"},{"taxonomy":"post_tag","embeddable":true,"href":"https:\/\/exaudi.org\/es\/wp-json\/wp\/v2\/tags?post=183755"}],"curies":[{"name":"wp","href":"https:\/\/api.w.org\/{rel}","templated":true}]}}