{"id":183743,"date":"2026-09-04T09:00:37","date_gmt":"2026-09-04T07:00:37","guid":{"rendered":"https:\/\/exaudi.org\/?p=183743"},"modified":"2026-09-04T09:12:31","modified_gmt":"2026-09-04T07:12:31","slug":"5-claves-para-entender-que-es-un-ministro-extraordinario-de-la-sagrada-comunion","status":"publish","type":"post","link":"https:\/\/exaudi.org\/es\/5-claves-para-entender-que-es-un-ministro-extraordinario-de-la-sagrada-comunion\/","title":{"rendered":"5 claves para entender qu\u00e9 es un ministro extraordinario de la Sagrada Comuni\u00f3n"},"content":{"rendered":"<p>Quiz\u00e1 los hayas visto durante la celebraci\u00f3n de la Santa Misa: colaborando en la distribuci\u00f3n de la Sagrada Comuni\u00f3n, llevando la Eucarist\u00eda a los enfermos o prestando alg\u00fan servicio pastoral dentro de la comunidad.<\/p>\n<p><iframe title=\"Spotify Embed: 5 claves para entender qu\u00e9 es un ministro extraordinario de la Sagrada Comuni\u00f3n\" style=\"border-radius: 12px\" width=\"100%\" height=\"152\" frameborder=\"0\" allowfullscreen allow=\"autoplay; clipboard-write; encrypted-media; fullscreen; picture-in-picture\" loading=\"lazy\" src=\"https:\/\/open.spotify.com\/embed\/episode\/6mHMmD7QXrf89OqRUc71gh?si=d9317b5b6d13441a&amp;utm_source=oembed\"><\/iframe><\/p>\n<p>Pero \u00bfqui\u00e9nes son realmente? \u00bfQu\u00e9 significa ser ministro extraordinario de la Sagrada Comuni\u00f3n? \u00bfEs un privilegio? \u00bfSustituye al sacerdote?<\/p>\n<p>Para responder a estas preguntas, presentamos cinco claves que nos ayudar\u00e1n a comprender la naturaleza, la responsabilidad y los l\u00edmites de este servicio dentro de la Iglesia.<\/p>\n<h3><strong>1.\u00a0 M\u00e1s que un privilegio, es una responsabilidad<\/strong><\/h3>\n<p>El ministro extraordinario de la Sagrada Comuni\u00f3n es un fiel que, de acuerdo con las normas de la Iglesia y ante una verdadera necesidad, recibe la encomienda de colaborar en la distribuci\u00f3n de la Sagrada Comuni\u00f3n.<\/p>\n<p>No se trata de un privilegio ni de un reconocimiento que coloque a una persona por encima de los dem\u00e1s fieles. Por el contrario, se trata de una responsabilidad y, sobre todo, de un servicio.<\/p>\n<p>Jes\u00fas mismo nos recuerda:<\/p>\n<p>\u201cEl que quiera ser grande entre ustedes, que sea su servidor\u201d (cf. Mt 20, 26-27).<\/p>\n<p>Esta ense\u00f1anza debe estar en el coraz\u00f3n de todo ministro extraordinario. Quien recibe este servicio no debe sentirse superior a los dem\u00e1s, sino llamado a servir con mayor humildad, responsabilidad y entrega.<\/p>\n<p>El ministerio extraordinario nace precisamente de una necesidad de la Iglesia. Por ello, debe entenderse como una ayuda concreta a la comunidad y nunca como una forma de obtener reconocimiento, protagonismo o autoridad.<\/p>\n<p>El ministro est\u00e1 llamado a participar activa y conscientemente en la vida de la Iglesia y a procurar que su servicio sea coherente con su testimonio cristiano. La Eucarist\u00eda que recibe y distribuye debe llevarlo a una vida cada vez m\u00e1s configurada con Cristo.<\/p>\n<p>Porque, al final, no se trata solamente de distribuir la Comuni\u00f3n, sino de permitir que el encuentro con Cristo transforme tambi\u00e9n la propia vida.<\/p>\n<h3><strong>2.\u00a0 Un ministerio que se desarroll\u00f3 ante las necesidades de la Iglesia<\/strong><\/h3>\n<p>A veces se piensa que los ministros extraordinarios de la Sagrada Comuni\u00f3n son simplemente una creaci\u00f3n reciente. Sin embargo, su existencia debe comprenderse dentro del desarrollo pastoral y lit\u00fargico de la Iglesia, especialmente a partir de las necesidades que fueron surgiendo en distintos lugares.<\/p>\n<p>El Concilio Vaticano II promovi\u00f3 una participaci\u00f3n m\u00e1s plena, consciente y activa de los fieles en la liturgia y record\u00f3 que cada persona debe desempe\u00f1ar aquello que le corresponde dentro de la celebraci\u00f3n (cf. <em>Sacrosanctum Concilium<\/em>, 28-29).<\/p>\n<p>Posteriormente, la Iglesia fue estableciendo normas concretas para que, en determinadas circunstancias y cuando existiera una verdadera necesidad, algunos fieles debidamente preparados pudieran colaborar en la distribuci\u00f3n de la Sagrada Comuni\u00f3n.<\/p>\n<p>Entre los documentos importantes en este desarrollo se encuentran las instrucciones Fides Custos e <em>Immensae caritatis<\/em>, publicadas en 1970 y 1973, respectivamente, que establecieron disposiciones para facilitar el acceso de los fieles a la Sagrada Comuni\u00f3n en determinadas circunstancias.<\/p>\n<p>M\u00e1s adelante, la instrucci\u00f3n <em>Redemptionis Sacramentum<\/em>, publicada en 2004, precis\u00f3 ampliamente la naturaleza y los l\u00edmites de este servicio.<\/p>\n<p>Por ello, es importante comprender que el ministro extraordinario no aparece para sustituir al sacerdote o al di\u00e1cono, sino para colaborar con ellos cuando existe una verdadera necesidad.<\/p>\n<p>Su mismo nombre nos recuerda su naturaleza: es extraordinario.<\/p>\n<h3><strong>3.\u00a0 Formaci\u00f3n permanente<\/strong><\/h3>\n<p>Un ministro extraordinario no debe ser una persona que act\u00fae de manera improvisada. Quien recibe este servicio necesita formaci\u00f3n y debe procurar comprender aquello que realiza.<\/p>\n<p>La formaci\u00f3n debe abarcar, entre otros aspectos, el conocimiento de la liturgia, de la celebraci\u00f3n eucar\u00edstica y de las normas establecidas por la Iglesia.<\/p>\n<p>Documentos como la <em>Instrucci\u00f3n General del Misal Romano <\/em>y la instrucci\u00f3n <em>Redemptionis Sacramentum <\/em>ofrecen orientaciones importantes para comprender c\u00f3mo debe desarrollarse la celebraci\u00f3n y cu\u00e1l es el papel que corresponde a cada ministro.<\/p>\n<p>Pero la formaci\u00f3n no puede limitarse a aprender procedimientos.<\/p>\n<p>El ministro extraordinario debe comprender profundamente el misterio que est\u00e1 llamado a servir: Jesucristo realmente presente en la Eucarist\u00eda.<\/p>\n<p>El Evangelio de san Juan nos recuerda las palabras de Jes\u00fas:<\/p>\n<p>\u201cYo soy el pan vivo que ha bajado del cielo; el que coma de este pan vivir\u00e1 para siempre\u201d (Jn 6, 51).<\/p>\n<p>Por eso, quien presta este servicio debe hacerlo con fe, reverencia y profundo respeto.<\/p>\n<p>No se trata simplemente de aprender c\u00f3mo entregar una hostia consagrada. Se trata de comprender que se est\u00e1 participando en el servicio de uno de los misterios centrales de nuestra fe.<\/p>\n<p>La formaci\u00f3n, por tanto, debe llevar al ministro no solamente a saber qu\u00e9 hacer, sino tambi\u00e9n a comprender por qu\u00e9 lo hace y a vivir de acuerdo con aquello que celebra.<\/p>\n<h3><strong>4.\u00a0 Elegidos para servir<\/strong><\/h3>\n<p>El ministro extraordinario est\u00e1 llamado a servir.<\/p>\n<p>Su servicio adquiere una importancia especial cuando permite que la Sagrada Comuni\u00f3n llegue a quienes, por enfermedad, edad avanzada u otras circunstancias, no pueden participar f\u00edsicamente en la celebraci\u00f3n de la comunidad.<\/p>\n<p>De esta manera, puede colaborar para que los enfermos y quienes se encuentran impedidos de acudir al templo permanezcan unidos a Cristo y a la comunidad eclesial.<\/p>\n<p>Sin embargo, este servicio no debe entenderse \u00fanicamente como una funci\u00f3n dentro del templo. Todo cristiano est\u00e1 llamado, por su bautismo, a participar en la misi\u00f3n de la Iglesia mediante el testimonio de su vida y el servicio a los dem\u00e1s.<\/p>\n<p>San Pablo nos recuerda que existen diversos dones y servicios, pero que es un mismo Se\u00f1or quien act\u00faa en todos (cf. 1 Co 12, 4-6).<\/p>\n<p>Por eso, el ministro extraordinario debe ser tambi\u00e9n un testimonio de caridad, humildad y cercan\u00eda.<\/p>\n<p>Llevar la Sagrada Comuni\u00f3n a un enfermo no consiste simplemente en transportar la Eucarist\u00eda desde el templo hasta una casa. Es acercar el consuelo de Cristo a una persona que atraviesa una situaci\u00f3n de fragilidad.<\/p>\n<p>Es entrar en su realidad con respeto, oraci\u00f3n y caridad.<\/p>\n<p>El verdadero ministro extraordinario no busca protagonismo. Busca que Cristo sea el centro.<\/p>\n<h3><strong>5.\u00a0 El ministro extraordinario no sustituye al sacerdote<\/strong><\/h3>\n<p>Esta es quiz\u00e1 una de las cuestiones que m\u00e1s confusi\u00f3n genera.<\/p>\n<p>El ministro extraordinario de la Sagrada Comuni\u00f3n no es sacerdote, no recibe el sacramento del Orden y no sustituye al sacerdote o al di\u00e1cono.<\/p>\n<p>La Iglesia ense\u00f1a que el ministro ordinario de la Sagrada Comuni\u00f3n es el Obispo, el presb\u00edtero y el di\u00e1cono. Adem\u00e1s, el ac\u00f3lito instituido y otro fiel debidamente designado pueden ejercer este servicio de manera extraordinaria cuando existe una verdadera necesidad y conforme a las normas de la Iglesia.<\/p>\n<p>Por ello, no debe confundirse la funci\u00f3n del ministro extraordinario con la del sacerdote.<\/p>\n<p>El sacerdote posee una funci\u00f3n propia e insustituible en la celebraci\u00f3n de la Eucarist\u00eda. El ministro extraordinario, por su parte, presta una colaboraci\u00f3n concreta y extraordinaria cuando las circunstancias lo requieren.<\/p>\n<p>De ah\u00ed que el servicio de los ministros extraordinarios nunca deba convertirse en una sustituci\u00f3n habitual de los ministros ordenados.<\/p>\n<p>Al contrario, la Iglesia invita tambi\u00e9n a orar por las vocaciones sacerdotales y a trabajar para que nunca falten sacerdotes al servicio de nuestras comunidades.<\/p>\n<p>Tambi\u00e9n debemos evitar una confusi\u00f3n frecuente entre los fieles: pensar que recibir la Sagrada Comuni\u00f3n de manos de un sacerdote hace que Cristo est\u00e9 m\u00e1s presente o que la Comuni\u00f3n tenga un valor sacramental diferente.<\/p>\n<p>La presencia real de Cristo en la Eucarist\u00eda no aumenta ni disminuye dependiendo de qui\u00e9n distribuya leg\u00edtimamente la Sagrada Comuni\u00f3n.<\/p>\n<p>Por ello, cuando participamos en la celebraci\u00f3n, debemos recibir al Se\u00f1or con la misma fe y reverencia, sin buscar innecesariamente cambiar de fila para recibir la Comuni\u00f3n de manos del sacerdote.<\/p>\n<p>Lo importante no es qui\u00e9n nos entrega la Sagrada Comuni\u00f3n, sino a qui\u00e9n estamos recibiendo.<\/p>\n<h3><strong>Un servicio que nos lleva a Cristo<\/strong><\/h3>\n<p>La pr\u00f3xima vez que veamos a un ministro extraordinario de la Sagrada Comuni\u00f3n, recordemos que detr\u00e1s de ese servicio existe una responsabilidad.<\/p>\n<p>No estamos ante un privilegio ni ante un t\u00edtulo de reconocimiento.<\/p>\n<p>Estamos ante un servicio que debe ejercerse con humildad, formaci\u00f3n, reverencia y amor a la Iglesia.<\/p>\n<p>El ministro extraordinario no es un adorno dentro de la celebraci\u00f3n ni un sustituto del sacerdote.<\/p>\n<p>Es un fiel llamado a colaborar, cuando existe verdadera necesidad, para que Cristo pueda llegar tambi\u00e9n a aquellos que no pueden acercarse por s\u00ed mismos.<\/p>\n<p>Por eso, oremos por quienes desempe\u00f1an este ministerio.<\/p>\n<p>Que nunca olviden que su servicio comienza ante el altar, pero no termina all\u00ed: debe transformar su propia vida y llevarlos al encuentro con el hermano.<\/p>\n<p>Porque servir a Cristo en la Eucarist\u00eda significa tambi\u00e9n aprender a servir a Cristo presente en nuestros hermanos.<\/p>\n<p>M\u00e1s que un privilegio, es una responsabilidad. M\u00e1s que un reconocimiento, es un servicio.<\/p>\n<p>M\u00e1s que una funci\u00f3n, es una oportunidad para llevar a Cristo a los dem\u00e1s.<\/p>\n<p><a href=\"https:\/\/exaudi.org\/es\/tag\/alain-reyes\/\" target=\"_blank\" rel=\"noopener\"><em><strong>Alain Reyes<\/strong><\/em><\/a><\/p>\n<p><img data-recalc-dims=\"1\" fetchpriority=\"high\" decoding=\"async\" class=\"size-full wp-image-183748 alignnone\" src=\"https:\/\/i0.wp.com\/exaudi.org\/wp-content\/uploads\/2026\/09\/Voces-1-1.jpg?resize=940%2C788&#038;ssl=1\" alt=\"\" width=\"940\" height=\"788\" srcset=\"https:\/\/i0.wp.com\/exaudi.org\/wp-content\/uploads\/2026\/09\/Voces-1-1.jpg?w=940&amp;ssl=1 940w, https:\/\/i0.wp.com\/exaudi.org\/wp-content\/uploads\/2026\/09\/Voces-1-1.jpg?resize=300%2C251&amp;ssl=1 300w, https:\/\/i0.wp.com\/exaudi.org\/wp-content\/uploads\/2026\/09\/Voces-1-1.jpg?resize=770%2C645&amp;ssl=1 770w, https:\/\/i0.wp.com\/exaudi.org\/wp-content\/uploads\/2026\/09\/Voces-1-1.jpg?resize=500%2C419&amp;ssl=1 500w\" sizes=\"(max-width: 940px) 100vw, 940px\" \/><\/p>\n","protected":false},"excerpt":{"rendered":"<p>Naturaleza, formaci\u00f3n y l\u00edmites de un servicio pastoral centrado en la humildad y la ayuda a la comunidad<\/p>\n","protected":false},"author":15,"featured_media":183751,"comment_status":"closed","ping_status":"closed","sticky":false,"template":"","format":"standard","meta":{"_acf_changed":false,"inline_featured_image":false,"_wpcom_ai_launchpad_first_post":false,"footnotes":"","jetpack_post_was_ever_published":false},"categories":[72],"tags":[120551,121388,121389,2002,449,6483,121387,32068,2718,9719,33615,58880],"class_list":["post-183743","post","type-post","status-publish","format-standard","has-post-thumbnail","hentry","category-analisis","tag-alain-reyes","tag-comunion-a-los-enfermos","tag-distribucion-de-la-comunion","tag-eucaristia-es","tag-iglesia-catolica","tag-liturgia-es","tag-ministro-extraordinario-de-la-comunion","tag-responsabilidad-pastoral","tag-sacerdotes","tag-sacramentos","tag-servicio-pastoral","tag-trending-es-151"],"acf":[],"yoast_head":"<!-- This site is optimized with the Yoast SEO plugin v28.4 - https:\/\/yoast.com\/product\/yoast-seo-wordpress\/ -->\n<title>5 claves para entender qu\u00e9 es un ministro extraordinario de la Sagrada Comuni\u00f3n &#8211; Exaudi<\/title>\n<meta name=\"robots\" content=\"index, follow, max-snippet:-1, max-image-preview:large, max-video-preview:-1\" \/>\n<link rel=\"canonical\" href=\"https:\/\/exaudi.org\/es\/5-claves-para-entender-que-es-un-ministro-extraordinario-de-la-sagrada-comunion\/\" \/>\n<meta property=\"og:locale\" content=\"es_ES\" \/>\n<meta property=\"og:type\" content=\"article\" \/>\n<meta property=\"og:title\" content=\"5 claves para entender qu\u00e9 es un ministro extraordinario de la Sagrada Comuni\u00f3n &#8211; Exaudi\" \/>\n<meta property=\"og:description\" content=\"Naturaleza, formaci\u00f3n y l\u00edmites de un servicio pastoral centrado en la humildad y la ayuda a la comunidad\" \/>\n<meta property=\"og:url\" content=\"https:\/\/exaudi.org\/es\/5-claves-para-entender-que-es-un-ministro-extraordinario-de-la-sagrada-comunion\/\" \/>\n<meta property=\"og:site_name\" content=\"Exaudi\" \/>\n<meta property=\"article:publisher\" content=\"https:\/\/www.facebook.com\/ExaudiNews\" \/>\n<meta property=\"article:author\" content=\"https:\/\/www.facebook.com\/ExaudiNoticias\/\" \/>\n<meta property=\"article:published_time\" content=\"2026-09-04T07:00:37+00:00\" \/>\n<meta property=\"article:modified_time\" content=\"2026-09-04T07:12:31+00:00\" \/>\n<meta property=\"og:image\" content=\"https:\/\/exaudi.org\/wp-content\/uploads\/2026\/09\/Gemini_Generated_Image_60j61s60j61s60j6.jpg\" \/>\n\t<meta property=\"og:image:width\" content=\"1408\" \/>\n\t<meta property=\"og:image:height\" content=\"768\" \/>\n\t<meta property=\"og:image:type\" content=\"image\/jpeg\" \/>\n<meta name=\"author\" content=\"Exaudi Redacci\u00f3n\" \/>\n<meta name=\"twitter:card\" content=\"summary_large_image\" \/>\n<meta name=\"twitter:creator\" content=\"@Exaudi_noticias\" \/>\n<meta name=\"twitter:site\" content=\"@Exaudi_News\" \/>\n<meta name=\"twitter:label1\" content=\"Escrito por\" \/>\n\t<meta name=\"twitter:data1\" content=\"Exaudi Redacci\u00f3n\" \/>\n\t<meta name=\"twitter:label2\" content=\"Tiempo de lectura\" \/>\n\t<meta name=\"twitter:data2\" content=\"8 minutos\" \/>\n<script type=\"application\/ld+json\" class=\"yoast-schema-graph\">{\"@context\":\"https:\\\/\\\/schema.org\",\"@graph\":[{\"@type\":\"Article\",\"@id\":\"https:\\\/\\\/exaudi.org\\\/es\\\/5-claves-para-entender-que-es-un-ministro-extraordinario-de-la-sagrada-comunion\\\/#article\",\"isPartOf\":{\"@id\":\"https:\\\/\\\/exaudi.org\\\/es\\\/5-claves-para-entender-que-es-un-ministro-extraordinario-de-la-sagrada-comunion\\\/\"},\"author\":{\"name\":\"Exaudi Redacci\u00f3n\",\"@id\":\"https:\\\/\\\/exaudi.org\\\/#\\\/schema\\\/person\\\/f5fc8f063065e38742da7afe15f25df7\"},\"headline\":\"5 claves para entender qu\u00e9 es un ministro extraordinario de la Sagrada Comuni\u00f3n\",\"datePublished\":\"2026-09-04T07:00:37+00:00\",\"dateModified\":\"2026-09-04T07:12:31+00:00\",\"mainEntityOfPage\":{\"@id\":\"https:\\\/\\\/exaudi.org\\\/es\\\/5-claves-para-entender-que-es-un-ministro-extraordinario-de-la-sagrada-comunion\\\/\"},\"wordCount\":1552,\"image\":{\"@id\":\"https:\\\/\\\/exaudi.org\\\/es\\\/5-claves-para-entender-que-es-un-ministro-extraordinario-de-la-sagrada-comunion\\\/#primaryimage\"},\"thumbnailUrl\":\"https:\\\/\\\/i0.wp.com\\\/exaudi.org\\\/wp-content\\\/uploads\\\/2026\\\/09\\\/Gemini_Generated_Image_60j61s60j61s60j6.jpg?fit=1408%2C768&ssl=1\",\"keywords\":[\"Alain Reyes\",\"comuni\u00f3n a los enfermos\",\"distribuci\u00f3n de la comuni\u00f3n\",\"Eucaristia\",\"Iglesia cat\u00f3lica\",\"liturgia\",\"ministro extraordinario de la comuni\u00f3n\",\"responsabilidad pastoral\",\"Sacerdotes\",\"SACRAMENTOS\",\"servicio pastoral\",\"Trending\"],\"articleSection\":[\"An\u00e1lisis\"],\"inLanguage\":\"es\"},{\"@type\":\"WebPage\",\"@id\":\"https:\\\/\\\/exaudi.org\\\/es\\\/5-claves-para-entender-que-es-un-ministro-extraordinario-de-la-sagrada-comunion\\\/\",\"url\":\"https:\\\/\\\/exaudi.org\\\/es\\\/5-claves-para-entender-que-es-un-ministro-extraordinario-de-la-sagrada-comunion\\\/\",\"name\":\"5 claves para entender qu\u00e9 es un ministro extraordinario de la Sagrada Comuni\u00f3n &#8211; Exaudi\",\"isPartOf\":{\"@id\":\"https:\\\/\\\/exaudi.org\\\/#website\"},\"primaryImageOfPage\":{\"@id\":\"https:\\\/\\\/exaudi.org\\\/es\\\/5-claves-para-entender-que-es-un-ministro-extraordinario-de-la-sagrada-comunion\\\/#primaryimage\"},\"image\":{\"@id\":\"https:\\\/\\\/exaudi.org\\\/es\\\/5-claves-para-entender-que-es-un-ministro-extraordinario-de-la-sagrada-comunion\\\/#primaryimage\"},\"thumbnailUrl\":\"https:\\\/\\\/i0.wp.com\\\/exaudi.org\\\/wp-content\\\/uploads\\\/2026\\\/09\\\/Gemini_Generated_Image_60j61s60j61s60j6.jpg?fit=1408%2C768&ssl=1\",\"datePublished\":\"2026-09-04T07:00:37+00:00\",\"dateModified\":\"2026-09-04T07:12:31+00:00\",\"author\":{\"@id\":\"https:\\\/\\\/exaudi.org\\\/#\\\/schema\\\/person\\\/f5fc8f063065e38742da7afe15f25df7\"},\"breadcrumb\":{\"@id\":\"https:\\\/\\\/exaudi.org\\\/es\\\/5-claves-para-entender-que-es-un-ministro-extraordinario-de-la-sagrada-comunion\\\/#breadcrumb\"},\"inLanguage\":\"es\",\"potentialAction\":[{\"@type\":\"ReadAction\",\"target\":[\"https:\\\/\\\/exaudi.org\\\/es\\\/5-claves-para-entender-que-es-un-ministro-extraordinario-de-la-sagrada-comunion\\\/\"]}]},{\"@type\":\"ImageObject\",\"inLanguage\":\"es\",\"@id\":\"https:\\\/\\\/exaudi.org\\\/es\\\/5-claves-para-entender-que-es-un-ministro-extraordinario-de-la-sagrada-comunion\\\/#primaryimage\",\"url\":\"https:\\\/\\\/i0.wp.com\\\/exaudi.org\\\/wp-content\\\/uploads\\\/2026\\\/09\\\/Gemini_Generated_Image_60j61s60j61s60j6.jpg?fit=1408%2C768&ssl=1\",\"contentUrl\":\"https:\\\/\\\/i0.wp.com\\\/exaudi.org\\\/wp-content\\\/uploads\\\/2026\\\/09\\\/Gemini_Generated_Image_60j61s60j61s60j6.jpg?fit=1408%2C768&ssl=1\",\"width\":1408,\"height\":768},{\"@type\":\"BreadcrumbList\",\"@id\":\"https:\\\/\\\/exaudi.org\\\/es\\\/5-claves-para-entender-que-es-un-ministro-extraordinario-de-la-sagrada-comunion\\\/#breadcrumb\",\"itemListElement\":[{\"@type\":\"ListItem\",\"position\":1,\"name\":\"Portada\",\"item\":\"https:\\\/\\\/exaudi.org\\\/es\\\/\"},{\"@type\":\"ListItem\",\"position\":2,\"name\":\"5 claves para entender qu\u00e9 es un ministro extraordinario de la Sagrada Comuni\u00f3n\"}]},{\"@type\":\"WebSite\",\"@id\":\"https:\\\/\\\/exaudi.org\\\/#website\",\"url\":\"https:\\\/\\\/exaudi.org\\\/\",\"name\":\"Exaudi\",\"description\":\"News\",\"potentialAction\":[{\"@type\":\"SearchAction\",\"target\":{\"@type\":\"EntryPoint\",\"urlTemplate\":\"https:\\\/\\\/exaudi.org\\\/?s={search_term_string}\"},\"query-input\":{\"@type\":\"PropertyValueSpecification\",\"valueRequired\":true,\"valueName\":\"search_term_string\"}}],\"inLanguage\":\"es\"},{\"@type\":\"Person\",\"@id\":\"https:\\\/\\\/exaudi.org\\\/#\\\/schema\\\/person\\\/f5fc8f063065e38742da7afe15f25df7\",\"name\":\"Exaudi Redacci\u00f3n\",\"image\":{\"@type\":\"ImageObject\",\"inLanguage\":\"es\",\"@id\":\"https:\\\/\\\/secure.gravatar.com\\\/avatar\\\/fe0f6a059fb68d9b3e11bc5850dd4899b1c7492091a3cb6dd9b01b56ad828be2?s=96&d=mm&r=g\",\"url\":\"https:\\\/\\\/secure.gravatar.com\\\/avatar\\\/fe0f6a059fb68d9b3e11bc5850dd4899b1c7492091a3cb6dd9b01b56ad828be2?s=96&d=mm&r=g\",\"contentUrl\":\"https:\\\/\\\/secure.gravatar.com\\\/avatar\\\/fe0f6a059fb68d9b3e11bc5850dd4899b1c7492091a3cb6dd9b01b56ad828be2?s=96&d=mm&r=g\",\"caption\":\"Exaudi Redacci\u00f3n\"},\"description\":\"\u00bfQu\u00e9 es Exaudi News? Exaudi News es un medio de comunicaci\u00f3n cat\u00f3lico internacional que informa, forma y transforma, diariamente en espa\u00f1ol, ingl\u00e9s e italiano. A trav\u00e9s de noticias, art\u00edculos de an\u00e1lisis y transmisiones en directo de los eventos del Papa, Exaudi busca fortalecer la unidad de los cristianos y contribuir a la evangelizaci\u00f3n del mundo, siempre guiados por la doctrina social de la Iglesia. Trabajamos para acercar la verdad y los valores cristianos a cada rinc\u00f3n del planeta. \u00a1Ay\u00fadanos a transformar el mundo con Exaudi! En Exaudi creemos que la evangelizaci\u00f3n y la informaci\u00f3n de calidad pueden cambiar vidas. Para continuar con nuestra misi\u00f3n y expandir nuestro alcance, necesitamos tu ayuda. Adem\u00e1s, buscamos personas comprometidas que deseen unirse a nuestro equipo. Con tu apoyo, lograremos llegar a m\u00e1s personas, difundir el mensaje de Cristo y reforzar la unidad de los cristianos. \u00bfTe unes a nuestra misi\u00f3n? Para m\u00e1s informaci\u00f3n sobre c\u00f3mo colaborar, visita Exaudi.org\\\/es o cont\u00e1ctanos directamente: info@exaudi.org Exaudi: Informa, forma y transforma.\",\"sameAs\":[\"https:\\\/\\\/www.facebook.com\\\/ExaudiNoticias\\\/\",\"https:\\\/\\\/www.instagram.com\\\/exaudi_noticias\\\/\",\"https:\\\/\\\/x.com\\\/Exaudi_noticias\",\"https:\\\/\\\/www.youtube.com\\\/@exaudicatholicnews\"],\"url\":\"https:\\\/\\\/exaudi.org\\\/es\\\/author\\\/redaccionexaudi\\\/\"}]}<\/script>\n<!-- \/ Yoast SEO plugin. -->","yoast_head_json":{"title":"5 claves para entender qu\u00e9 es un ministro extraordinario de la Sagrada Comuni\u00f3n &#8211; Exaudi","robots":{"index":"index","follow":"follow","max-snippet":"max-snippet:-1","max-image-preview":"max-image-preview:large","max-video-preview":"max-video-preview:-1"},"canonical":"https:\/\/exaudi.org\/es\/5-claves-para-entender-que-es-un-ministro-extraordinario-de-la-sagrada-comunion\/","og_locale":"es_ES","og_type":"article","og_title":"5 claves para entender qu\u00e9 es un ministro extraordinario de la Sagrada Comuni\u00f3n &#8211; Exaudi","og_description":"Naturaleza, formaci\u00f3n y l\u00edmites de un servicio pastoral centrado en la humildad y la ayuda a la comunidad","og_url":"https:\/\/exaudi.org\/es\/5-claves-para-entender-que-es-un-ministro-extraordinario-de-la-sagrada-comunion\/","og_site_name":"Exaudi","article_publisher":"https:\/\/www.facebook.com\/ExaudiNews","article_author":"https:\/\/www.facebook.com\/ExaudiNoticias\/","article_published_time":"2026-09-04T07:00:37+00:00","article_modified_time":"2026-09-04T07:12:31+00:00","og_image":[{"width":1408,"height":768,"url":"https:\/\/exaudi.org\/wp-content\/uploads\/2026\/09\/Gemini_Generated_Image_60j61s60j61s60j6.jpg","type":"image\/jpeg"}],"author":"Exaudi Redacci\u00f3n","twitter_card":"summary_large_image","twitter_creator":"@Exaudi_noticias","twitter_site":"@Exaudi_News","twitter_misc":{"Escrito por":"Exaudi Redacci\u00f3n","Tiempo de lectura":"8 minutos"},"schema":{"@context":"https:\/\/schema.org","@graph":[{"@type":"Article","@id":"https:\/\/exaudi.org\/es\/5-claves-para-entender-que-es-un-ministro-extraordinario-de-la-sagrada-comunion\/#article","isPartOf":{"@id":"https:\/\/exaudi.org\/es\/5-claves-para-entender-que-es-un-ministro-extraordinario-de-la-sagrada-comunion\/"},"author":{"name":"Exaudi Redacci\u00f3n","@id":"https:\/\/exaudi.org\/#\/schema\/person\/f5fc8f063065e38742da7afe15f25df7"},"headline":"5 claves para entender qu\u00e9 es un ministro extraordinario de la Sagrada Comuni\u00f3n","datePublished":"2026-09-04T07:00:37+00:00","dateModified":"2026-09-04T07:12:31+00:00","mainEntityOfPage":{"@id":"https:\/\/exaudi.org\/es\/5-claves-para-entender-que-es-un-ministro-extraordinario-de-la-sagrada-comunion\/"},"wordCount":1552,"image":{"@id":"https:\/\/exaudi.org\/es\/5-claves-para-entender-que-es-un-ministro-extraordinario-de-la-sagrada-comunion\/#primaryimage"},"thumbnailUrl":"https:\/\/i0.wp.com\/exaudi.org\/wp-content\/uploads\/2026\/09\/Gemini_Generated_Image_60j61s60j61s60j6.jpg?fit=1408%2C768&ssl=1","keywords":["Alain Reyes","comuni\u00f3n a los enfermos","distribuci\u00f3n de la comuni\u00f3n","Eucaristia","Iglesia cat\u00f3lica","liturgia","ministro extraordinario de la comuni\u00f3n","responsabilidad pastoral","Sacerdotes","SACRAMENTOS","servicio pastoral","Trending"],"articleSection":["An\u00e1lisis"],"inLanguage":"es"},{"@type":"WebPage","@id":"https:\/\/exaudi.org\/es\/5-claves-para-entender-que-es-un-ministro-extraordinario-de-la-sagrada-comunion\/","url":"https:\/\/exaudi.org\/es\/5-claves-para-entender-que-es-un-ministro-extraordinario-de-la-sagrada-comunion\/","name":"5 claves para entender qu\u00e9 es un ministro extraordinario de la Sagrada Comuni\u00f3n &#8211; Exaudi","isPartOf":{"@id":"https:\/\/exaudi.org\/#website"},"primaryImageOfPage":{"@id":"https:\/\/exaudi.org\/es\/5-claves-para-entender-que-es-un-ministro-extraordinario-de-la-sagrada-comunion\/#primaryimage"},"image":{"@id":"https:\/\/exaudi.org\/es\/5-claves-para-entender-que-es-un-ministro-extraordinario-de-la-sagrada-comunion\/#primaryimage"},"thumbnailUrl":"https:\/\/i0.wp.com\/exaudi.org\/wp-content\/uploads\/2026\/09\/Gemini_Generated_Image_60j61s60j61s60j6.jpg?fit=1408%2C768&ssl=1","datePublished":"2026-09-04T07:00:37+00:00","dateModified":"2026-09-04T07:12:31+00:00","author":{"@id":"https:\/\/exaudi.org\/#\/schema\/person\/f5fc8f063065e38742da7afe15f25df7"},"breadcrumb":{"@id":"https:\/\/exaudi.org\/es\/5-claves-para-entender-que-es-un-ministro-extraordinario-de-la-sagrada-comunion\/#breadcrumb"},"inLanguage":"es","potentialAction":[{"@type":"ReadAction","target":["https:\/\/exaudi.org\/es\/5-claves-para-entender-que-es-un-ministro-extraordinario-de-la-sagrada-comunion\/"]}]},{"@type":"ImageObject","inLanguage":"es","@id":"https:\/\/exaudi.org\/es\/5-claves-para-entender-que-es-un-ministro-extraordinario-de-la-sagrada-comunion\/#primaryimage","url":"https:\/\/i0.wp.com\/exaudi.org\/wp-content\/uploads\/2026\/09\/Gemini_Generated_Image_60j61s60j61s60j6.jpg?fit=1408%2C768&ssl=1","contentUrl":"https:\/\/i0.wp.com\/exaudi.org\/wp-content\/uploads\/2026\/09\/Gemini_Generated_Image_60j61s60j61s60j6.jpg?fit=1408%2C768&ssl=1","width":1408,"height":768},{"@type":"BreadcrumbList","@id":"https:\/\/exaudi.org\/es\/5-claves-para-entender-que-es-un-ministro-extraordinario-de-la-sagrada-comunion\/#breadcrumb","itemListElement":[{"@type":"ListItem","position":1,"name":"Portada","item":"https:\/\/exaudi.org\/es\/"},{"@type":"ListItem","position":2,"name":"5 claves para entender qu\u00e9 es un ministro extraordinario de la Sagrada Comuni\u00f3n"}]},{"@type":"WebSite","@id":"https:\/\/exaudi.org\/#website","url":"https:\/\/exaudi.org\/","name":"Exaudi","description":"News","potentialAction":[{"@type":"SearchAction","target":{"@type":"EntryPoint","urlTemplate":"https:\/\/exaudi.org\/?s={search_term_string}"},"query-input":{"@type":"PropertyValueSpecification","valueRequired":true,"valueName":"search_term_string"}}],"inLanguage":"es"},{"@type":"Person","@id":"https:\/\/exaudi.org\/#\/schema\/person\/f5fc8f063065e38742da7afe15f25df7","name":"Exaudi Redacci\u00f3n","image":{"@type":"ImageObject","inLanguage":"es","@id":"https:\/\/secure.gravatar.com\/avatar\/fe0f6a059fb68d9b3e11bc5850dd4899b1c7492091a3cb6dd9b01b56ad828be2?s=96&d=mm&r=g","url":"https:\/\/secure.gravatar.com\/avatar\/fe0f6a059fb68d9b3e11bc5850dd4899b1c7492091a3cb6dd9b01b56ad828be2?s=96&d=mm&r=g","contentUrl":"https:\/\/secure.gravatar.com\/avatar\/fe0f6a059fb68d9b3e11bc5850dd4899b1c7492091a3cb6dd9b01b56ad828be2?s=96&d=mm&r=g","caption":"Exaudi Redacci\u00f3n"},"description":"\u00bfQu\u00e9 es Exaudi News? Exaudi News es un medio de comunicaci\u00f3n cat\u00f3lico internacional que informa, forma y transforma, diariamente en espa\u00f1ol, ingl\u00e9s e italiano. A trav\u00e9s de noticias, art\u00edculos de an\u00e1lisis y transmisiones en directo de los eventos del Papa, Exaudi busca fortalecer la unidad de los cristianos y contribuir a la evangelizaci\u00f3n del mundo, siempre guiados por la doctrina social de la Iglesia. Trabajamos para acercar la verdad y los valores cristianos a cada rinc\u00f3n del planeta. \u00a1Ay\u00fadanos a transformar el mundo con Exaudi! En Exaudi creemos que la evangelizaci\u00f3n y la informaci\u00f3n de calidad pueden cambiar vidas. Para continuar con nuestra misi\u00f3n y expandir nuestro alcance, necesitamos tu ayuda. Adem\u00e1s, buscamos personas comprometidas que deseen unirse a nuestro equipo. Con tu apoyo, lograremos llegar a m\u00e1s personas, difundir el mensaje de Cristo y reforzar la unidad de los cristianos. \u00bfTe unes a nuestra misi\u00f3n? Para m\u00e1s informaci\u00f3n sobre c\u00f3mo colaborar, visita Exaudi.org\/es o cont\u00e1ctanos directamente: info@exaudi.org Exaudi: Informa, forma y transforma.","sameAs":["https:\/\/www.facebook.com\/ExaudiNoticias\/","https:\/\/www.instagram.com\/exaudi_noticias\/","https:\/\/x.com\/Exaudi_noticias","https:\/\/www.youtube.com\/@exaudicatholicnews"],"url":"https:\/\/exaudi.org\/es\/author\/redaccionexaudi\/"}]}},"jetpack_shortlink":"https:\/\/wp.me\/pgKjF2-LNB","jetpack_featured_media_url":"https:\/\/i0.wp.com\/exaudi.org\/wp-content\/uploads\/2026\/09\/Gemini_Generated_Image_60j61s60j61s60j6.jpg?fit=1408%2C768&ssl=1","_links":{"self":[{"href":"https:\/\/exaudi.org\/es\/wp-json\/wp\/v2\/posts\/183743","targetHints":{"allow":["GET"]}}],"collection":[{"href":"https:\/\/exaudi.org\/es\/wp-json\/wp\/v2\/posts"}],"about":[{"href":"https:\/\/exaudi.org\/es\/wp-json\/wp\/v2\/types\/post"}],"author":[{"embeddable":true,"href":"https:\/\/exaudi.org\/es\/wp-json\/wp\/v2\/users\/15"}],"replies":[{"embeddable":true,"href":"https:\/\/exaudi.org\/es\/wp-json\/wp\/v2\/comments?post=183743"}],"version-history":[{"count":6,"href":"https:\/\/exaudi.org\/es\/wp-json\/wp\/v2\/posts\/183743\/revisions"}],"predecessor-version":[{"id":183899,"href":"https:\/\/exaudi.org\/es\/wp-json\/wp\/v2\/posts\/183743\/revisions\/183899"}],"wp:featuredmedia":[{"embeddable":true,"href":"https:\/\/exaudi.org\/es\/wp-json\/wp\/v2\/media\/183751"}],"wp:attachment":[{"href":"https:\/\/exaudi.org\/es\/wp-json\/wp\/v2\/media?parent=183743"}],"wp:term":[{"taxonomy":"category","embeddable":true,"href":"https:\/\/exaudi.org\/es\/wp-json\/wp\/v2\/categories?post=183743"},{"taxonomy":"post_tag","embeddable":true,"href":"https:\/\/exaudi.org\/es\/wp-json\/wp\/v2\/tags?post=183743"}],"curies":[{"name":"wp","href":"https:\/\/api.w.org\/{rel}","templated":true}]}}