{"id":183591,"date":"2026-09-02T11:49:39","date_gmt":"2026-09-02T09:49:39","guid":{"rendered":"https:\/\/exaudi.org\/?p=183591"},"modified":"2026-09-02T13:03:34","modified_gmt":"2026-09-02T11:03:34","slug":"leon-xiv-la-iglesia-esta-llamada-a-servir-al-ser-humano","status":"publish","type":"post","link":"https:\/\/exaudi.org\/es\/leon-xiv-la-iglesia-esta-llamada-a-servir-al-ser-humano\/","title":{"rendered":"Le\u00f3n XIV: La Iglesia est\u00e1 llamada a servir al ser humano"},"content":{"rendered":"<p>La Audiencia General de esta ma\u00f1ana tuvo lugar a las 10:00 en la Plaza de San Pedro, donde el Santo Padre Le\u00f3n XIV se reuni\u00f3 con grupos de peregrinos y fieles de Italia y de todas partes del mundo.<\/p>\n<p>En su discurso en italiano, el Papa, continuando el ciclo de catequesis sobre \u00abLos Documentos del Concilio Vaticano II\u00bb, centr\u00f3 su meditaci\u00f3n en el tema:<i> Constituci\u00f3n Pastoral Gaudium et Spes (GS 1-10). La Iglesia escuchando y sirviendo al mundo <\/i>(Lectura: <i>Jn<\/i> 3:16-17).<\/p>\n<p>Tras resumir su catequesis en los distintos idiomas, el Santo Padre dirigi\u00f3 saludos especiales a los fieles presentes.<\/p>\n<p>La Audiencia General concluy\u00f3 con la recitaci\u00f3n del <i>Pater Noster<\/i> y la Bendici\u00f3n Apost\u00f3lica.<\/p>\n<div class=\"vatican_doc\">***<\/div>\n<p>Continuamos nuestro ciclo de catequesis dedicado a los documentos del <a href=\"https:\/\/www.vatican.va\/archive\/hist_councils\/ii_vatican_council\/index_sp.htm\">Concilio Vaticano II<\/a>. Hoy comenzamos a reflexionar sobre la <a href=\"https:\/\/www.vatican.va\/archive\/hist_councils\/ii_vatican_council\/documents\/vat-ii_const_19651207_gaudium-et-spes_sp.html\">Constituci\u00f3n pastoral <i>Gaudium et spes<\/i><\/a>, cuyo tema central es la Iglesia en el mundo actual.<\/p>\n<p>***<\/p>\n<h3><strong>Palabras del Papa<\/strong><\/h3>\n<p>Queridos hermanos y hermanas, \u00a1buenos d\u00edas y bienvenidos!<\/p>\n<p>Con la reuni\u00f3n de hoy comenzamos a reflexionar sobre la Constituci\u00f3n <i><a href=\"https:\/\/www.vatican.va\/archive\/hist_councils\/ii_vatican_council\/documents\/vat-ii_const_19651207_gaudium-et-spes_it.html\">Pastoral Gaudium et Spes<\/a><\/i>, con la que el Concilio Vaticano II pretend\u00eda profundizar en un tema fundamental, a saber, la relaci\u00f3n de la Iglesia con el mundo contempor\u00e1neo. <a href=\"https:\/\/www.vatican.va\/content\/vatican\/it\/holy-father\/giovanni-xxiii.html\">San Juan XXIII,<\/a> ya en su discurso inaugural del 11 de octubre de 1962, hab\u00eda pretendido discrepar de los \u00abprofetas de la perdici\u00f3n\u00bb que, \u00abaunque inflamados por el celo religioso [&#8230;] Contin\u00faan diciendo que nuestros tiempos, si se comparan con siglos pasados, son mucho peores; y llegan incluso a comportarse como si no tuvieran nada que aprender de la historia\u00bb (<i><a href=\"https:\/\/www.vatican.va\/content\/john-xxiii\/it\/speeches\/1962\/documents\/hf_j-xxiii_spe_19621011_opening-council.html\">Discourse Gaudet Mater Ecclesia<\/a><\/i>, 11 de octubre de 1962, 4.2). De ah\u00ed la tarea encomendada a los Padres del Consejo: \u00abEn el estado actual de los acontecimientos humanos, en el que la humanidad parece entrar en un nuevo orden de cosas, es m\u00e1s bien necesario ver los misteriosos planes de la Providencia Divina, que se realizan en tiempos sucesivos a trav\u00e9s de la obra de los hombres, y a menudo m\u00e1s all\u00e1 de sus expectativas, y con sabidur\u00eda ordenan todo, incluso eventos humanos adversos, por el bien de la Iglesia\u00bb (<i><a href=\"https:\/\/www.vatican.va\/content\/john-xxiii\/it\/speeches\/1962\/documents\/hf_j-xxiii_spe_19621011_opening-council.html\">Gaudet Mater Ecclesia<\/a><\/i>, 4, 4).<\/p>\n<p>Tres a\u00f1os despu\u00e9s, la promulgaci\u00f3n de <i><a href=\"https:\/\/www.vatican.va\/archive\/hist_councils\/ii_vatican_council\/documents\/vat-ii_const_19651207_gaudium-et-spes_it.html\">Gaudium et Spes<\/a><\/i> reconoci\u00f3 en este discernimiento un elemento esencial de la naturaleza de la Iglesia, describiendo su naturaleza pastoral como constitutiva: de ah\u00ed la definici\u00f3n de la \u00abConstituci\u00f3n Pastoral\u00bb. No se trata de un optimismo ingenuo, sino de una renovada fidelidad al misterio de Cristo que, al encarnarse, elige compartir nuestra vida: se hizo a s\u00ed mismo \u00abcomo sus hermanos en todas las cosas\u00bb (<i>Heb<\/i> 2:17; cf. 4:15) y asumi\u00f3 las consecuencias del pecado, muriendo \u00abcomo rescate por todos\u00bb (<i>1 Tim<\/i> 2:6). Este compartir con la humanidad es la forma que Cristo pide a la Iglesia; Por ello, la Constituci\u00f3n <i><a href=\"https:\/\/www.vatican.va\/archive\/hist_councils\/ii_vatican_council\/documents\/vat-ii_const_19651207_gaudium-et-spes_it.html\">Conciliar Gaudium et Spes<\/a><\/i> comienza declarando que la Iglesia siente como suya \u00ablas alegr\u00edas y esperanzas, las penas y las ansiedades del pueblo de hoy, especialmente de los pobres y de todos los que sufren\u00bb (<i><a href=\"https:\/\/www.vatican.va\/archive\/hist_councils\/ii_vatican_council\/documents\/vat-ii_const_19651207_gaudium-et-spes_it.html\">GS<\/a> <\/i>1).<\/p>\n<div>\n<p><img data-recalc-dims=\"1\" fetchpriority=\"high\" decoding=\"async\" class=\"alignleft wp-image-183625\" src=\"https:\/\/i0.wp.com\/exaudi.org\/wp-content\/uploads\/2026\/09\/SaveClip.App_792108807_18011968463934397_3776896379691321244_n.jpg?resize=270%2C270&#038;ssl=1\" alt=\"\" width=\"270\" height=\"270\" srcset=\"https:\/\/i0.wp.com\/exaudi.org\/wp-content\/uploads\/2026\/09\/SaveClip.App_792108807_18011968463934397_3776896379691321244_n.jpg?w=853&amp;ssl=1 853w, https:\/\/i0.wp.com\/exaudi.org\/wp-content\/uploads\/2026\/09\/SaveClip.App_792108807_18011968463934397_3776896379691321244_n.jpg?resize=300%2C300&amp;ssl=1 300w, https:\/\/i0.wp.com\/exaudi.org\/wp-content\/uploads\/2026\/09\/SaveClip.App_792108807_18011968463934397_3776896379691321244_n.jpg?resize=100%2C100&amp;ssl=1 100w, https:\/\/i0.wp.com\/exaudi.org\/wp-content\/uploads\/2026\/09\/SaveClip.App_792108807_18011968463934397_3776896379691321244_n.jpg?resize=770%2C770&amp;ssl=1 770w, https:\/\/i0.wp.com\/exaudi.org\/wp-content\/uploads\/2026\/09\/SaveClip.App_792108807_18011968463934397_3776896379691321244_n.jpg?resize=500%2C500&amp;ssl=1 500w\" sizes=\"(max-width: 270px) 100vw, 270px\" \/>Es un intercambio que nos llama a salir de toda pasividad e indiferencia ante los acontecimientos que ocurren, hacia la historia y hacia la vida de las personas, especialmente ante el cambio r\u00e1pido y profundo que estamos viviendo hoy. No es posible seguir siendo espectadores desinteresados, en cambio debemos escuchar con el coraz\u00f3n, dejar que nos desaf\u00eden, involucrarnos. Con Cristo y sostenidos por el poder de su Esp\u00edritu, los creyentes est\u00e1n llamados a asumir las dificultades de sus hermanos y hermanas, especialmente de aquellos que son aplastados por la injusticia, la discriminaci\u00f3n y la violencia. De hecho, solo en el compartir y el compromiso es posible llegar a respuestas adecuadas, siempre sostenidas por la certeza de que \u00ablos sufrimientos del tiempo presente no son comparables con la gloria que se nos revelar\u00e1\u00bb (<i>Rom<\/i> 8:18).<\/p>\n<p>En este sentido, la cercan\u00eda con la humanidad abre a una lectura m\u00e1s profunda de los acontecimientos y de la propia Revelaci\u00f3n y, en la misma perspectiva, <i><a href=\"https:\/\/www.vatican.va\/archive\/hist_councils\/ii_vatican_council\/documents\/vat-ii_const_19651207_gaudium-et-spes_it.html\">Gaudium et Spes<\/a><\/i> recuerda \u00abel deber permanente de la Iglesia de examinar los signos de los tiempos e interpretarlos a la luz del Evangelio\u00bb (<i><a href=\"https:\/\/www.vatican.va\/archive\/hist_councils\/ii_vatican_council\/documents\/vat-ii_const_19651207_gaudium-et-spes_it.html\">GS<\/a><\/i> 4). Esta Constituci\u00f3n conciliar ha llamado por tanto a la Iglesia a un compromiso permanente con la conversi\u00f3n, a dar testimonio de que no se mueve por \u00abninguna ambici\u00f3n terrenal\u00bb, sino que \u00absolo aspira a esto: continuar, bajo la gu\u00eda del Esp\u00edritu Consolador, la propia obra de Cristo, que vino al mundo para dar testimonio de la verdad, salvar y no condenar, servir y no ser servido\u00bb (<i><a href=\"https:\/\/www.vatican.va\/archive\/hist_councils\/ii_vatican_council\/documents\/vat-ii_const_19651207_gaudium-et-spes_it.html\">GS<\/a><\/i> 3).<\/p>\n<p>No es, de hecho, una disposici\u00f3n meramente moral. El Papa Francisco nos record\u00f3 que para la Iglesia \u00abla opci\u00f3n para los pobres es una categor\u00eda teol\u00f3gica antes que cultural, sociol\u00f3gica, pol\u00edtica o filos\u00f3fica. [\u2026] Estamos llamados a descubrir a Cristo en ellos, a prestarles nuestra voz en sus causas, pero tambi\u00e9n a ser sus amigos, a escucharlos, a entenderlos y a acoger la misteriosa sabidur\u00eda que Dios desea comunicarnos a trav\u00e9s de ellos\u00bb (<i><a href=\"https:\/\/www.vatican.va\/content\/francesco\/it\/apost_exhortations\/documents\/papa-francesco_esortazione-ap_20131124_evangelii-gaudium.html#Il_posto_privilegiato_dei_poveri_nel_Popolo_di_Dio\">Evangelii Gaudium<\/a><\/i>, 198).<\/p>\n<div>\n<p>El compartir cristiano nos obliga a tomar el control de la realidad y tambi\u00e9n a desenmascarar las contradicciones que caracterizan la vida personal y social del mundo contempor\u00e1neo: por ejemplo, el progreso cient\u00edfico y tecnol\u00f3gico, que siempre ofrece nuevas posibilidades, pero solo a algunas y que el ser humano no siempre es capaz de poner \u00aba su servicio\u00bb; o un conocimiento m\u00e1s claro de las \u00ableyes de la vida social\u00bb, acompa\u00f1ado, sin embargo, de incertidumbres \u00absobre la direcci\u00f3n que se les debe dar\u00bb; o, de nuevo, una mayor disponibilidad de \u00abriqueza, posibilidades y poder econ\u00f3mico\u00bb, que, desafortunadamente, hoy y en la \u00e9poca del Concilio, deja \u00abuna gran parte de los habitantes del globo [&#8230;] a\u00fan atormentado por el hambre y la miseria\u00bb (<i><a href=\"https:\/\/www.vatican.va\/archive\/hist_councils\/ii_vatican_council\/documents\/vat-ii_const_19651207_gaudium-et-spes_it.html\">GS<\/a> <\/i>4); O bien, una conciencia compartida de que est\u00e1 en juego el futuro del planeta y, al mismo tiempo, la incapacidad de renunciar al consumo ego\u00edsta y la ilusi\u00f3n de que la guerra es una forma eficaz de construir la paz.<\/p>\n<p>En un tiempo marcado por cambios profundos, de los que surgen desequilibrios perturbadores, la Iglesia est\u00e1 llamada a servir al ser humano, escuchando y aceptando las preguntas m\u00e1s profundas de su coraz\u00f3n y los anhelos que le habitan, se\u00f1alando a Cristo como \u00abla clave, el centro y el objetivo de toda la historia humana\u00bb (<i><a href=\"https:\/\/www.vatican.va\/archive\/hist_councils\/ii_vatican_council\/documents\/vat-ii_const_19651207_gaudium-et-spes_it.html\">GS<\/a><\/i> 10). Por lo tanto, en la Iglesia, en todos los niveles, en todas las \u00e9pocas, debe realizarse la <i>diosis <\/i>misericordiosa de Cristo, quien \u00abno consider\u00f3 un privilegio ser como Dios, sino que se vaci\u00f3 tomando la forma de un siervo, [&#8230;] obediente hasta la muerte, incluso la muerte en la cruz\u00bb (<i>Fil <\/i>2:6-8).<\/p>\n<p>Queridos hermanos y hermanas, que la alegr\u00eda y la esperanza \u2013 <i>gaudium et spes \u2013 <\/i>sean las caracter\u00edsticas distintivas de una Iglesia que proclama y da testimonio del Evangelio, acerc\u00e1ndose a las mujeres y hombres de nuestro tiempo.<\/p>\n<div>* * *<\/div>\n<\/div>\n<\/div>\n<p>Saludo cordialmente a los peregrinos de lengua espa\u00f1ola. Pidamos a la Bienaventurada Virgen Mar\u00eda que interceda por toda la Iglesia, para que anuncie el Evangelio con alegr\u00eda y esperanza, cercana a los hombres y mujeres de nuestro tiempo, y sepa guiar a todos hacia Cristo, \u00abla clave, el centro y el fin de toda la historia humana\u00bb (<i>GS<\/i> 10). Que Dios los bendiga. Muchas gracias.<\/p>\n<p><iframe title=\"Audiencia General del Santo Padre . 02 de septiembre de 2026\" width=\"500\" height=\"281\" src=\"https:\/\/www.youtube.com\/embed\/vQ2W3qr6jKc?feature=oembed\" frameborder=\"0\" allow=\"accelerometer; autoplay; clipboard-write; encrypted-media; gyroscope; picture-in-picture; web-share\" referrerpolicy=\"strict-origin-when-cross-origin\" allowfullscreen><\/iframe><\/p>\n","protected":false},"excerpt":{"rendered":"<p>Audiencia General<\/p>\n","protected":false},"author":15,"featured_media":131676,"comment_status":"closed","ping_status":"closed","sticky":false,"template":"","format":"standard","meta":{"_acf_changed":false,"inline_featured_image":false,"_wpcom_ai_launchpad_first_post":false,"footnotes":"","jetpack_post_was_ever_published":false},"categories":[112,68],"tags":[179,6690,2998,2523,60842,46340,34920,9367,121317,58067,6479,47129,58111,26518,121316,1180,84683],"class_list":["post-183591","post","type-post","status-publish","format-standard","has-post-thumbnail","hentry","category-audiencia-general","category-leon-xiv","tag-audiencia-general","tag-catequesis-del-papa","tag-concilio-vaticano-ii","tag-doctrina-social-de-la-iglesia","tag-encarnacion-de-cristo","tag-fe-y-sociedad","tag-featured-es-14","tag-gaudium-et-spes","tag-iglesia-y-mundo-contemporaneo","tag-leon-xiv","tag-mision-de-la-iglesia","tag-opcion-por-los-pobres","tag-papa-leon-xiv","tag-pastoral-catolica","tag-pastoral-gaudium-et-spes","tag-plaza-de-san-pedro","tag-signos-de-los-tiempos"],"acf":[],"yoast_head":"<!-- This site is optimized with the Yoast SEO plugin v28.4 - https:\/\/yoast.com\/product\/yoast-seo-wordpress\/ -->\n<title>Le\u00f3n XIV: La Iglesia est\u00e1 llamada a servir al ser humano &#8211; Exaudi<\/title>\n<meta name=\"robots\" content=\"index, follow, max-snippet:-1, max-image-preview:large, max-video-preview:-1\" \/>\n<link rel=\"canonical\" href=\"https:\/\/exaudi.org\/es\/leon-xiv-la-iglesia-esta-llamada-a-servir-al-ser-humano\/\" \/>\n<meta property=\"og:locale\" content=\"es_ES\" \/>\n<meta property=\"og:type\" content=\"article\" \/>\n<meta property=\"og:title\" content=\"Le\u00f3n XIV: La Iglesia est\u00e1 llamada a servir al ser humano &#8211; Exaudi\" \/>\n<meta property=\"og:description\" content=\"Audiencia General\" \/>\n<meta property=\"og:url\" content=\"https:\/\/exaudi.org\/es\/leon-xiv-la-iglesia-esta-llamada-a-servir-al-ser-humano\/\" \/>\n<meta property=\"og:site_name\" content=\"Exaudi\" \/>\n<meta property=\"article:publisher\" content=\"https:\/\/www.facebook.com\/ExaudiNews\" \/>\n<meta property=\"article:author\" content=\"https:\/\/www.facebook.com\/ExaudiNoticias\/\" \/>\n<meta property=\"article:published_time\" content=\"2026-09-02T09:49:39+00:00\" \/>\n<meta property=\"article:modified_time\" content=\"2026-09-02T11:03:34+00:00\" \/>\n<meta property=\"og:image\" content=\"https:\/\/exaudi.org\/wp-content\/uploads\/2025\/08\/Audiencia-General-e1788346620622.jpeg\" \/>\n\t<meta property=\"og:image:width\" content=\"800\" \/>\n\t<meta property=\"og:image:height\" content=\"475\" \/>\n\t<meta property=\"og:image:type\" content=\"image\/jpeg\" \/>\n<meta name=\"author\" content=\"Exaudi Redacci\u00f3n\" \/>\n<meta name=\"twitter:card\" content=\"summary_large_image\" \/>\n<meta name=\"twitter:creator\" content=\"@Exaudi_noticias\" \/>\n<meta name=\"twitter:site\" content=\"@Exaudi_News\" \/>\n<meta name=\"twitter:label1\" content=\"Escrito por\" \/>\n\t<meta name=\"twitter:data1\" content=\"Exaudi Redacci\u00f3n\" \/>\n\t<meta name=\"twitter:label2\" content=\"Tiempo de lectura\" \/>\n\t<meta name=\"twitter:data2\" content=\"6 minutos\" \/>\n<script type=\"application\/ld+json\" class=\"yoast-schema-graph\">{\"@context\":\"https:\\\/\\\/schema.org\",\"@graph\":[{\"@type\":\"Article\",\"@id\":\"https:\\\/\\\/exaudi.org\\\/es\\\/leon-xiv-la-iglesia-esta-llamada-a-servir-al-ser-humano\\\/#article\",\"isPartOf\":{\"@id\":\"https:\\\/\\\/exaudi.org\\\/es\\\/leon-xiv-la-iglesia-esta-llamada-a-servir-al-ser-humano\\\/\"},\"author\":{\"name\":\"Exaudi Redacci\u00f3n\",\"@id\":\"https:\\\/\\\/exaudi.org\\\/#\\\/schema\\\/person\\\/f5fc8f063065e38742da7afe15f25df7\"},\"headline\":\"Le\u00f3n XIV: La Iglesia est\u00e1 llamada a servir al ser humano\",\"datePublished\":\"2026-09-02T09:49:39+00:00\",\"dateModified\":\"2026-09-02T11:03:34+00:00\",\"mainEntityOfPage\":{\"@id\":\"https:\\\/\\\/exaudi.org\\\/es\\\/leon-xiv-la-iglesia-esta-llamada-a-servir-al-ser-humano\\\/\"},\"wordCount\":1270,\"image\":{\"@id\":\"https:\\\/\\\/exaudi.org\\\/es\\\/leon-xiv-la-iglesia-esta-llamada-a-servir-al-ser-humano\\\/#primaryimage\"},\"thumbnailUrl\":\"https:\\\/\\\/i0.wp.com\\\/exaudi.org\\\/wp-content\\\/uploads\\\/2025\\\/08\\\/Audiencia-General-e1788346620622.jpeg?fit=800%2C475&ssl=1\",\"keywords\":[\"audiencia general\",\"Catequesis del Papa\",\"Concilio Vaticano II\",\"Doctrina Social de la Iglesia\",\"Encarnaci\u00f3n de Cristo\",\"fe y sociedad\",\"Featured\",\"Gaudium et Spes\",\"Iglesia y mundo contempor\u00e1neo\",\"Le\u00f3n XIV\",\"Misi\u00f3n de la Iglesia\",\"opci\u00f3n por los pobres\",\"papa le\u00f3n xiv\",\"pastoral cat\u00f3lica\",\"Pastoral Gaudium et Spes\",\"Plaza de San Pedro\",\"signos de los tiempos\"],\"articleSection\":[\"Audiencia General\",\"Le\u00f3n XIV\"],\"inLanguage\":\"es\"},{\"@type\":\"WebPage\",\"@id\":\"https:\\\/\\\/exaudi.org\\\/es\\\/leon-xiv-la-iglesia-esta-llamada-a-servir-al-ser-humano\\\/\",\"url\":\"https:\\\/\\\/exaudi.org\\\/es\\\/leon-xiv-la-iglesia-esta-llamada-a-servir-al-ser-humano\\\/\",\"name\":\"Le\u00f3n XIV: La Iglesia est\u00e1 llamada a servir al ser humano &#8211; Exaudi\",\"isPartOf\":{\"@id\":\"https:\\\/\\\/exaudi.org\\\/#website\"},\"primaryImageOfPage\":{\"@id\":\"https:\\\/\\\/exaudi.org\\\/es\\\/leon-xiv-la-iglesia-esta-llamada-a-servir-al-ser-humano\\\/#primaryimage\"},\"image\":{\"@id\":\"https:\\\/\\\/exaudi.org\\\/es\\\/leon-xiv-la-iglesia-esta-llamada-a-servir-al-ser-humano\\\/#primaryimage\"},\"thumbnailUrl\":\"https:\\\/\\\/i0.wp.com\\\/exaudi.org\\\/wp-content\\\/uploads\\\/2025\\\/08\\\/Audiencia-General-e1788346620622.jpeg?fit=800%2C475&ssl=1\",\"datePublished\":\"2026-09-02T09:49:39+00:00\",\"dateModified\":\"2026-09-02T11:03:34+00:00\",\"author\":{\"@id\":\"https:\\\/\\\/exaudi.org\\\/#\\\/schema\\\/person\\\/f5fc8f063065e38742da7afe15f25df7\"},\"breadcrumb\":{\"@id\":\"https:\\\/\\\/exaudi.org\\\/es\\\/leon-xiv-la-iglesia-esta-llamada-a-servir-al-ser-humano\\\/#breadcrumb\"},\"inLanguage\":\"es\",\"potentialAction\":[{\"@type\":\"ReadAction\",\"target\":[\"https:\\\/\\\/exaudi.org\\\/es\\\/leon-xiv-la-iglesia-esta-llamada-a-servir-al-ser-humano\\\/\"]}]},{\"@type\":\"ImageObject\",\"inLanguage\":\"es\",\"@id\":\"https:\\\/\\\/exaudi.org\\\/es\\\/leon-xiv-la-iglesia-esta-llamada-a-servir-al-ser-humano\\\/#primaryimage\",\"url\":\"https:\\\/\\\/i0.wp.com\\\/exaudi.org\\\/wp-content\\\/uploads\\\/2025\\\/08\\\/Audiencia-General-e1788346620622.jpeg?fit=800%2C475&ssl=1\",\"contentUrl\":\"https:\\\/\\\/i0.wp.com\\\/exaudi.org\\\/wp-content\\\/uploads\\\/2025\\\/08\\\/Audiencia-General-e1788346620622.jpeg?fit=800%2C475&ssl=1\",\"width\":800,\"height\":475},{\"@type\":\"BreadcrumbList\",\"@id\":\"https:\\\/\\\/exaudi.org\\\/es\\\/leon-xiv-la-iglesia-esta-llamada-a-servir-al-ser-humano\\\/#breadcrumb\",\"itemListElement\":[{\"@type\":\"ListItem\",\"position\":1,\"name\":\"Portada\",\"item\":\"https:\\\/\\\/exaudi.org\\\/es\\\/\"},{\"@type\":\"ListItem\",\"position\":2,\"name\":\"Le\u00f3n XIV: La Iglesia est\u00e1 llamada a servir al ser humano\"}]},{\"@type\":\"WebSite\",\"@id\":\"https:\\\/\\\/exaudi.org\\\/#website\",\"url\":\"https:\\\/\\\/exaudi.org\\\/\",\"name\":\"Exaudi\",\"description\":\"News\",\"potentialAction\":[{\"@type\":\"SearchAction\",\"target\":{\"@type\":\"EntryPoint\",\"urlTemplate\":\"https:\\\/\\\/exaudi.org\\\/?s={search_term_string}\"},\"query-input\":{\"@type\":\"PropertyValueSpecification\",\"valueRequired\":true,\"valueName\":\"search_term_string\"}}],\"inLanguage\":\"es\"},{\"@type\":\"Person\",\"@id\":\"https:\\\/\\\/exaudi.org\\\/#\\\/schema\\\/person\\\/f5fc8f063065e38742da7afe15f25df7\",\"name\":\"Exaudi Redacci\u00f3n\",\"image\":{\"@type\":\"ImageObject\",\"inLanguage\":\"es\",\"@id\":\"https:\\\/\\\/secure.gravatar.com\\\/avatar\\\/fe0f6a059fb68d9b3e11bc5850dd4899b1c7492091a3cb6dd9b01b56ad828be2?s=96&d=mm&r=g\",\"url\":\"https:\\\/\\\/secure.gravatar.com\\\/avatar\\\/fe0f6a059fb68d9b3e11bc5850dd4899b1c7492091a3cb6dd9b01b56ad828be2?s=96&d=mm&r=g\",\"contentUrl\":\"https:\\\/\\\/secure.gravatar.com\\\/avatar\\\/fe0f6a059fb68d9b3e11bc5850dd4899b1c7492091a3cb6dd9b01b56ad828be2?s=96&d=mm&r=g\",\"caption\":\"Exaudi Redacci\u00f3n\"},\"description\":\"\u00bfQu\u00e9 es Exaudi News? Exaudi News es un medio de comunicaci\u00f3n cat\u00f3lico internacional que informa, forma y transforma, diariamente en espa\u00f1ol, ingl\u00e9s e italiano. A trav\u00e9s de noticias, art\u00edculos de an\u00e1lisis y transmisiones en directo de los eventos del Papa, Exaudi busca fortalecer la unidad de los cristianos y contribuir a la evangelizaci\u00f3n del mundo, siempre guiados por la doctrina social de la Iglesia. Trabajamos para acercar la verdad y los valores cristianos a cada rinc\u00f3n del planeta. \u00a1Ay\u00fadanos a transformar el mundo con Exaudi! En Exaudi creemos que la evangelizaci\u00f3n y la informaci\u00f3n de calidad pueden cambiar vidas. Para continuar con nuestra misi\u00f3n y expandir nuestro alcance, necesitamos tu ayuda. Adem\u00e1s, buscamos personas comprometidas que deseen unirse a nuestro equipo. Con tu apoyo, lograremos llegar a m\u00e1s personas, difundir el mensaje de Cristo y reforzar la unidad de los cristianos. \u00bfTe unes a nuestra misi\u00f3n? Para m\u00e1s informaci\u00f3n sobre c\u00f3mo colaborar, visita Exaudi.org\\\/es o cont\u00e1ctanos directamente: info@exaudi.org Exaudi: Informa, forma y transforma.\",\"sameAs\":[\"https:\\\/\\\/www.facebook.com\\\/ExaudiNoticias\\\/\",\"https:\\\/\\\/www.instagram.com\\\/exaudi_noticias\\\/\",\"https:\\\/\\\/x.com\\\/Exaudi_noticias\",\"https:\\\/\\\/www.youtube.com\\\/@exaudicatholicnews\"],\"url\":\"https:\\\/\\\/exaudi.org\\\/es\\\/author\\\/redaccionexaudi\\\/\"}]}<\/script>\n<!-- \/ Yoast SEO plugin. -->","yoast_head_json":{"title":"Le\u00f3n XIV: La Iglesia est\u00e1 llamada a servir al ser humano &#8211; Exaudi","robots":{"index":"index","follow":"follow","max-snippet":"max-snippet:-1","max-image-preview":"max-image-preview:large","max-video-preview":"max-video-preview:-1"},"canonical":"https:\/\/exaudi.org\/es\/leon-xiv-la-iglesia-esta-llamada-a-servir-al-ser-humano\/","og_locale":"es_ES","og_type":"article","og_title":"Le\u00f3n XIV: La Iglesia est\u00e1 llamada a servir al ser humano &#8211; Exaudi","og_description":"Audiencia General","og_url":"https:\/\/exaudi.org\/es\/leon-xiv-la-iglesia-esta-llamada-a-servir-al-ser-humano\/","og_site_name":"Exaudi","article_publisher":"https:\/\/www.facebook.com\/ExaudiNews","article_author":"https:\/\/www.facebook.com\/ExaudiNoticias\/","article_published_time":"2026-09-02T09:49:39+00:00","article_modified_time":"2026-09-02T11:03:34+00:00","og_image":[{"width":800,"height":475,"url":"https:\/\/exaudi.org\/wp-content\/uploads\/2025\/08\/Audiencia-General-e1788346620622.jpeg","type":"image\/jpeg"}],"author":"Exaudi Redacci\u00f3n","twitter_card":"summary_large_image","twitter_creator":"@Exaudi_noticias","twitter_site":"@Exaudi_News","twitter_misc":{"Escrito por":"Exaudi Redacci\u00f3n","Tiempo de lectura":"6 minutos"},"schema":{"@context":"https:\/\/schema.org","@graph":[{"@type":"Article","@id":"https:\/\/exaudi.org\/es\/leon-xiv-la-iglesia-esta-llamada-a-servir-al-ser-humano\/#article","isPartOf":{"@id":"https:\/\/exaudi.org\/es\/leon-xiv-la-iglesia-esta-llamada-a-servir-al-ser-humano\/"},"author":{"name":"Exaudi Redacci\u00f3n","@id":"https:\/\/exaudi.org\/#\/schema\/person\/f5fc8f063065e38742da7afe15f25df7"},"headline":"Le\u00f3n XIV: La Iglesia est\u00e1 llamada a servir al ser humano","datePublished":"2026-09-02T09:49:39+00:00","dateModified":"2026-09-02T11:03:34+00:00","mainEntityOfPage":{"@id":"https:\/\/exaudi.org\/es\/leon-xiv-la-iglesia-esta-llamada-a-servir-al-ser-humano\/"},"wordCount":1270,"image":{"@id":"https:\/\/exaudi.org\/es\/leon-xiv-la-iglesia-esta-llamada-a-servir-al-ser-humano\/#primaryimage"},"thumbnailUrl":"https:\/\/i0.wp.com\/exaudi.org\/wp-content\/uploads\/2025\/08\/Audiencia-General-e1788346620622.jpeg?fit=800%2C475&ssl=1","keywords":["audiencia general","Catequesis del Papa","Concilio Vaticano II","Doctrina Social de la Iglesia","Encarnaci\u00f3n de Cristo","fe y sociedad","Featured","Gaudium et Spes","Iglesia y mundo contempor\u00e1neo","Le\u00f3n XIV","Misi\u00f3n de la Iglesia","opci\u00f3n por los pobres","papa le\u00f3n xiv","pastoral cat\u00f3lica","Pastoral Gaudium et Spes","Plaza de San Pedro","signos de los tiempos"],"articleSection":["Audiencia General","Le\u00f3n XIV"],"inLanguage":"es"},{"@type":"WebPage","@id":"https:\/\/exaudi.org\/es\/leon-xiv-la-iglesia-esta-llamada-a-servir-al-ser-humano\/","url":"https:\/\/exaudi.org\/es\/leon-xiv-la-iglesia-esta-llamada-a-servir-al-ser-humano\/","name":"Le\u00f3n XIV: La Iglesia est\u00e1 llamada a servir al ser humano &#8211; Exaudi","isPartOf":{"@id":"https:\/\/exaudi.org\/#website"},"primaryImageOfPage":{"@id":"https:\/\/exaudi.org\/es\/leon-xiv-la-iglesia-esta-llamada-a-servir-al-ser-humano\/#primaryimage"},"image":{"@id":"https:\/\/exaudi.org\/es\/leon-xiv-la-iglesia-esta-llamada-a-servir-al-ser-humano\/#primaryimage"},"thumbnailUrl":"https:\/\/i0.wp.com\/exaudi.org\/wp-content\/uploads\/2025\/08\/Audiencia-General-e1788346620622.jpeg?fit=800%2C475&ssl=1","datePublished":"2026-09-02T09:49:39+00:00","dateModified":"2026-09-02T11:03:34+00:00","author":{"@id":"https:\/\/exaudi.org\/#\/schema\/person\/f5fc8f063065e38742da7afe15f25df7"},"breadcrumb":{"@id":"https:\/\/exaudi.org\/es\/leon-xiv-la-iglesia-esta-llamada-a-servir-al-ser-humano\/#breadcrumb"},"inLanguage":"es","potentialAction":[{"@type":"ReadAction","target":["https:\/\/exaudi.org\/es\/leon-xiv-la-iglesia-esta-llamada-a-servir-al-ser-humano\/"]}]},{"@type":"ImageObject","inLanguage":"es","@id":"https:\/\/exaudi.org\/es\/leon-xiv-la-iglesia-esta-llamada-a-servir-al-ser-humano\/#primaryimage","url":"https:\/\/i0.wp.com\/exaudi.org\/wp-content\/uploads\/2025\/08\/Audiencia-General-e1788346620622.jpeg?fit=800%2C475&ssl=1","contentUrl":"https:\/\/i0.wp.com\/exaudi.org\/wp-content\/uploads\/2025\/08\/Audiencia-General-e1788346620622.jpeg?fit=800%2C475&ssl=1","width":800,"height":475},{"@type":"BreadcrumbList","@id":"https:\/\/exaudi.org\/es\/leon-xiv-la-iglesia-esta-llamada-a-servir-al-ser-humano\/#breadcrumb","itemListElement":[{"@type":"ListItem","position":1,"name":"Portada","item":"https:\/\/exaudi.org\/es\/"},{"@type":"ListItem","position":2,"name":"Le\u00f3n XIV: La Iglesia est\u00e1 llamada a servir al ser humano"}]},{"@type":"WebSite","@id":"https:\/\/exaudi.org\/#website","url":"https:\/\/exaudi.org\/","name":"Exaudi","description":"News","potentialAction":[{"@type":"SearchAction","target":{"@type":"EntryPoint","urlTemplate":"https:\/\/exaudi.org\/?s={search_term_string}"},"query-input":{"@type":"PropertyValueSpecification","valueRequired":true,"valueName":"search_term_string"}}],"inLanguage":"es"},{"@type":"Person","@id":"https:\/\/exaudi.org\/#\/schema\/person\/f5fc8f063065e38742da7afe15f25df7","name":"Exaudi Redacci\u00f3n","image":{"@type":"ImageObject","inLanguage":"es","@id":"https:\/\/secure.gravatar.com\/avatar\/fe0f6a059fb68d9b3e11bc5850dd4899b1c7492091a3cb6dd9b01b56ad828be2?s=96&d=mm&r=g","url":"https:\/\/secure.gravatar.com\/avatar\/fe0f6a059fb68d9b3e11bc5850dd4899b1c7492091a3cb6dd9b01b56ad828be2?s=96&d=mm&r=g","contentUrl":"https:\/\/secure.gravatar.com\/avatar\/fe0f6a059fb68d9b3e11bc5850dd4899b1c7492091a3cb6dd9b01b56ad828be2?s=96&d=mm&r=g","caption":"Exaudi Redacci\u00f3n"},"description":"\u00bfQu\u00e9 es Exaudi News? Exaudi News es un medio de comunicaci\u00f3n cat\u00f3lico internacional que informa, forma y transforma, diariamente en espa\u00f1ol, ingl\u00e9s e italiano. A trav\u00e9s de noticias, art\u00edculos de an\u00e1lisis y transmisiones en directo de los eventos del Papa, Exaudi busca fortalecer la unidad de los cristianos y contribuir a la evangelizaci\u00f3n del mundo, siempre guiados por la doctrina social de la Iglesia. Trabajamos para acercar la verdad y los valores cristianos a cada rinc\u00f3n del planeta. \u00a1Ay\u00fadanos a transformar el mundo con Exaudi! En Exaudi creemos que la evangelizaci\u00f3n y la informaci\u00f3n de calidad pueden cambiar vidas. Para continuar con nuestra misi\u00f3n y expandir nuestro alcance, necesitamos tu ayuda. Adem\u00e1s, buscamos personas comprometidas que deseen unirse a nuestro equipo. Con tu apoyo, lograremos llegar a m\u00e1s personas, difundir el mensaje de Cristo y reforzar la unidad de los cristianos. \u00bfTe unes a nuestra misi\u00f3n? Para m\u00e1s informaci\u00f3n sobre c\u00f3mo colaborar, visita Exaudi.org\/es o cont\u00e1ctanos directamente: info@exaudi.org Exaudi: Informa, forma y transforma.","sameAs":["https:\/\/www.facebook.com\/ExaudiNoticias\/","https:\/\/www.instagram.com\/exaudi_noticias\/","https:\/\/x.com\/Exaudi_noticias","https:\/\/www.youtube.com\/@exaudicatholicnews"],"url":"https:\/\/exaudi.org\/es\/author\/redaccionexaudi\/"}]}},"jetpack_shortlink":"https:\/\/wp.me\/pgKjF2-LL9","jetpack_featured_media_url":"https:\/\/i0.wp.com\/exaudi.org\/wp-content\/uploads\/2025\/08\/Audiencia-General-e1788346620622.jpeg?fit=800%2C475&ssl=1","_links":{"self":[{"href":"https:\/\/exaudi.org\/es\/wp-json\/wp\/v2\/posts\/183591","targetHints":{"allow":["GET"]}}],"collection":[{"href":"https:\/\/exaudi.org\/es\/wp-json\/wp\/v2\/posts"}],"about":[{"href":"https:\/\/exaudi.org\/es\/wp-json\/wp\/v2\/types\/post"}],"author":[{"embeddable":true,"href":"https:\/\/exaudi.org\/es\/wp-json\/wp\/v2\/users\/15"}],"replies":[{"embeddable":true,"href":"https:\/\/exaudi.org\/es\/wp-json\/wp\/v2\/comments?post=183591"}],"version-history":[{"count":10,"href":"https:\/\/exaudi.org\/es\/wp-json\/wp\/v2\/posts\/183591\/revisions"}],"predecessor-version":[{"id":183628,"href":"https:\/\/exaudi.org\/es\/wp-json\/wp\/v2\/posts\/183591\/revisions\/183628"}],"wp:featuredmedia":[{"embeddable":true,"href":"https:\/\/exaudi.org\/es\/wp-json\/wp\/v2\/media\/131676"}],"wp:attachment":[{"href":"https:\/\/exaudi.org\/es\/wp-json\/wp\/v2\/media?parent=183591"}],"wp:term":[{"taxonomy":"category","embeddable":true,"href":"https:\/\/exaudi.org\/es\/wp-json\/wp\/v2\/categories?post=183591"},{"taxonomy":"post_tag","embeddable":true,"href":"https:\/\/exaudi.org\/es\/wp-json\/wp\/v2\/tags?post=183591"}],"curies":[{"name":"wp","href":"https:\/\/api.w.org\/{rel}","templated":true}]}}