{"id":183583,"date":"2026-09-03T10:00:11","date_gmt":"2026-09-03T08:00:11","guid":{"rendered":"https:\/\/exaudi.org\/?p=183583"},"modified":"2026-09-02T13:36:09","modified_gmt":"2026-09-02T11:36:09","slug":"la-alegria-de-rescatar-un-nombre","status":"publish","type":"post","link":"https:\/\/exaudi.org\/es\/la-alegria-de-rescatar-un-nombre\/","title":{"rendered":"La alegr\u00eda de rescatar un nombre"},"content":{"rendered":"<p>Me he criado toda la vida en el seno de la Iglesia. A lo largo de los a\u00f1os, he sido testigo de las luces m\u00e1s deslumbrantes y de las sombras m\u00e1s profundas de la humanidad que la compone. He visto la fragilidad, el pecado, la grandeza y la santidad caminar de la mano en los pasillos de nuestras parroquias y di\u00f3cesis. Pero en cada una de esas realidades humanas, en cada rostro, ya sea el que r\u00ede o el que llora, he encontrado siempre algo de Cristo. Desde ah\u00ed, desde esa certeza inquebrantable de que la gracia act\u00faa en medio de nuestro barro, es desde donde elijo caminar, mirar al mundo y escribir estas l\u00edneas.<\/p>\n<p><iframe title=\"Spotify Embed: La alegr\u00eda de rescatar un nombre\" style=\"border-radius: 12px\" width=\"100%\" height=\"152\" frameborder=\"0\" allowfullscreen allow=\"autoplay; clipboard-write; encrypted-media; fullscreen; picture-in-picture\" loading=\"lazy\" src=\"https:\/\/open.spotify.com\/embed\/episode\/50aAcuwxSSWZvP9sGb3nou?si=20730047d9e744d3&amp;utm_source=oembed\"><\/iframe><\/p>\n<p>Deseo celebrar p\u00fablicamente al Sr, Cardenl Ouellet, en esta hora. Estoy alegre porque lo he acompa\u00f1ado y apoyado durante todo este proceso. Es un gran sacerdote, misionero, educador nato y un gran te\u00f3logo y l\u00edder en pensamiento en nuestra Iglesia. Ocupo grandes puestos y siempre se esmer\u00f3 por servir amando la verdad y la tradici\u00f3n de nuestra Iglesia.<\/p>\n<p>Hoy nos enfrentamos a un terreno que es tan sagrado como dolorosamente herido. Es innegable que los juicios por acciones contra el voto de castidad \u2014y de forma mucho m\u00e1s aguda y desgarradora cuando estos hechos afectan a menores de edad\u2014 representan uno de los temas m\u00e1s debatidos, lacerantes y sensibles en la historia reciente de la Iglesia. Es una herida abierta en el Cuerpo de Cristo que nos duele a todos. Como comunidad de creyentes, tenemos el deber moral y evang\u00e9lico de escuchar a las v\u00edctimas verdaderas, de purificar nuestras instituciones y de erradicar sin contemplaciones cualquier sombra de abuso. Esa b\u00fasqueda de justicia y de \u00abtolerancia cero\u00bb no es una simple concesi\u00f3n a las exigencias de la sociedad moderna, sino un mandato directo del Evangelio.<\/p>\n<p>Sin embargo, en medio de este just\u00edsimo y necesario celo por proteger a los m\u00e1s vulnerables, hemos de tener mucho cuidado para no convertir la presunci\u00f3n de inocencia en un da\u00f1o colateral irreparable. Hay un viejo proverbio que describe a la perfecci\u00f3n la din\u00e1mica implacable de nuestro tiempo:\u00a0<em>\u00abEl \u00e1rbol hace ruido cuando cae, pero no cuando crece\u00bb<\/em>. Cuando una figura p\u00fablica es acusada de este tipo de actos, el estruendo medi\u00e1tico es colosal. La condena social, alimentada por la inmediatez de nuestra era, suele ser autom\u00e1tica y feroz. Pero, \u00bfqu\u00e9 sucede cuando la tormenta pasa y la justicia demuestra que no hab\u00eda nada? \u00bfQu\u00e9 hacemos con las personas que han sido absueltas, cuyos casos judiciales caen por su propio peso porque se demuestra que no tienen sustancia alguna? El silencio medi\u00e1tico que sigue a una absoluci\u00f3n suele ser hiriente, porque no buscan la verdad, sino el morbo de la noticia del \u00e1rbol ca\u00eddo.<\/p>\n<p>Este es el dram\u00e1tico escenario sobre el que nos invita a reflexionar la reciente noticia del cardenal de Canad\u00e1, Marc Ouellet. Una figura de alt\u00edsimo relieve eclesial que fue objeto de graves acusaciones y que, tras someterse al escrutinio de los tribunales, ha quedado libre de ellas. La justicia civil ha dictaminado a su favor en la demanda por difamaci\u00f3n, se\u00f1alando con contundencia que las acusaciones de la mujer que lo se\u00f1al\u00f3 carec\u00edan de fundamento y que su testimonio no era \u00abni cre\u00edble ni fiable\u00bb. El tribunal fue a\u00fan m\u00e1s all\u00e1 al determinar que las alegaciones eran simplemente falsas.<\/p>\n<p>Al observar el caso de Mons. Ouellet, uno no puede evitar hacerse una pregunta profunda: \u00bfla fama, la identidad \u00edntima y p\u00fablica de una persona, puede ser verdaderamente reparada tras una acusaci\u00f3n como esta? El juez del caso se\u00f1al\u00f3 un aspecto devastador: el da\u00f1o al honor del cardenal se vio agravado porque su caso fue incluido en una demanda colectiva dirigida principalmente contra religiosos ped\u00f3filos. Esto equipar\u00f3 injustamente al cardenal, a los ojos del ciudadano com\u00fan, con un grupo de individuos condenables, a pesar de que las acusaciones contra \u00e9l no involucraban a menores ni ten\u00edan sustento.<\/p>\n<p>Los costos humanos, psicol\u00f3gicos, espirituales y econ\u00f3micos de estos procesos son absurdos y rompen vidas enteras. Una acusaci\u00f3n infundada es capaz de destruir en un titular de peri\u00f3dico el prestigio pastoral y la entrega de toda una vida. En medio de esta intemperie, surge, adem\u00e1s, una pregunta espiritual insoslayable: \u00bfD\u00f3nde queda la relaci\u00f3n con Dios y la autoridad de aquellos que son acusados impunemente?<\/p>\n<p>La autoridad en la Iglesia no es un ejercicio de poder terrenal, sino un servicio fundamentado en la credibilidad moral, en el testimonio \u00e9tico y en el amor. Cuando un pastor es difamado, su credibilidad, su herramienta principal para evangelizar, su papel como pastor, es mutilada. Ante el mundo, su autoridad parece perdida para siempre bajo la niebla de la sospecha. \u00bfC\u00f3mo se puede reconstruir una autoridad destruida de esta manera?<\/p>\n<p>Desde la luz del Evangelio, sabemos que esta autoridad no se recupera mediante costosas campa\u00f1as de relaciones p\u00fablicas ni alzando la voz con prepotencia. Se reconstruye desde el misterio mismo de la Cruz. El creyente acusado falsamente atraviesa una \u00abnoche oscura\u00bb, experimentando el mismo abandono y escarnio que sufri\u00f3 Jesucristo cuando fue difamado y condenado por los tribunales de su \u00e9poca. Es en ese silencio sufriente donde la relaci\u00f3n con Dios se acrisola, haci\u00e9ndose m\u00e1s \u00edntima y verdadera. La autoridad, entonces, se restaura desde la mansedumbre y desde la paz de una conciencia intacta.<\/p>\n<p>El cardenal Ouellet nos ha dado un testimonio luminoso de c\u00f3mo se reconstruye el liderazgo cristiano tras el calvario de la difamaci\u00f3n: ha anunciado que los 100.000 d\u00f3lares de indemnizaci\u00f3n ordenados por el juez ser\u00e1n donados \u00edntegramente a organizaciones que luchan contra el abuso real que sufren los pueblos ind\u00edgenas en su pa\u00eds. De este modo, la herida de una acusaci\u00f3n injusta se transforma en un acto de caridad concreta. La autoridad moral se levanta de nuevo, no desde el rencor o la revancha, sino desde la misericordia evang\u00e9lica.<\/p>\n<p>Debemos ser sumamente prudentes y equilibrados con este asunto. Celebrar una absoluci\u00f3n jam\u00e1s debe interpretarse como una falta de empat\u00eda hacia el dolor inmenso de las v\u00edctimas reales. Sin embargo, ese respeto sagrado por el sufrimiento ajeno no debe impedirnos vivir y proclamar\u00a0la alegr\u00eda de rescatar un nombre. Devolver el honor a quien se le hab\u00eda arrebatado de manera injusta es una obra de caridad suprema y un deber de justicia.<\/p>\n<p>Rescatar un nombre es reconocer que la verdad, aunque a veces llegue con paso lento, tiene la \u00faltima palabra. Jes\u00fas nos prometi\u00f3 que\u00a0<em>\u00abla verdad os har\u00e1 libres\u00bb<\/em>. Cuando la justicia prevalece, toda la comunidad cristiana deber\u00eda alegrarse, porque se sana un miembro del Cuerpo de Cristo que hab\u00eda sido lacerado por la mentira.<\/p>\n<p>La Iglesia est\u00e1 llamada a caminar siempre abrazando la justicia y la verdad, condenando el pecado con firmeza, protegiendo a los m\u00e1s peque\u00f1os, pero defendiendo con la misma fuerza el honor y la presunci\u00f3n de inocencia de nuestros hermanos. A pesar de nuestras sombras, de nuestra miseria, la gracia de Dios sigue creciendo en silencio y desbord\u00e1ndose. Y en ese bosque silencioso de hombres y mujeres de fe que caminan en el amor a Cristo, cada nombre restaurado, cada verdad que sale a la luz, es un brote fresco de esperanza para toda la humanidad.<\/p>\n<p><em><strong>Mario J. Paredes .\u00a0Presidente .\u00a0Academia Internacional de Lideres Cat\u00f3licos<\/strong><\/em><\/p>\n<p><a href=\"https:\/\/www.vaticannews.va\/es\/vaticano\/news\/2026-09\/ouellet-gana-causa-mujer-acuso-abusos-sexuales-canada.html\" target=\"_blank\" rel=\"noopener\"><em><strong>M\u00e1s informaci\u00f3n sobre el caso Ouellet<\/strong><\/em><\/a><\/p>\n<p><img data-recalc-dims=\"1\" fetchpriority=\"high\" decoding=\"async\" class=\"size-full wp-image-183595 alignnone\" src=\"https:\/\/i0.wp.com\/exaudi.org\/wp-content\/uploads\/2026\/09\/carta-1.jpg?resize=940%2C788&#038;ssl=1\" alt=\"\" width=\"940\" height=\"788\" srcset=\"https:\/\/i0.wp.com\/exaudi.org\/wp-content\/uploads\/2026\/09\/carta-1.jpg?w=940&amp;ssl=1 940w, https:\/\/i0.wp.com\/exaudi.org\/wp-content\/uploads\/2026\/09\/carta-1.jpg?resize=300%2C251&amp;ssl=1 300w, https:\/\/i0.wp.com\/exaudi.org\/wp-content\/uploads\/2026\/09\/carta-1.jpg?resize=770%2C645&amp;ssl=1 770w, https:\/\/i0.wp.com\/exaudi.org\/wp-content\/uploads\/2026\/09\/carta-1.jpg?resize=500%2C419&amp;ssl=1 500w\" sizes=\"(max-width: 940px) 100vw, 940px\" \/><\/p>\n","protected":false},"excerpt":{"rendered":"<p>Cardenal Marc Ouellet: la b\u00fasqueda inquebrantable de la verdad, la reparaci\u00f3n del honor y la restauraci\u00f3n del liderazgo cristiano desde la fe<\/p>\n","protected":false},"author":114,"featured_media":183588,"comment_status":"closed","ping_status":"closed","sticky":false,"template":"","format":"standard","meta":{"_acf_changed":false,"inline_featured_image":false,"_wpcom_ai_launchpad_first_post":false,"footnotes":"","jetpack_post_was_ever_published":false},"categories":[130],"tags":[121305,121309,1613,121307,91139,21872,7881,121306,121308,58880,121213],"class_list":["post-183583","post","type-post","status-publish","format-standard","has-post-thumbnail","hentry","category-voces","tag-absolucion-cardenal-ouellet","tag-acusaciones-falsas-iglesia","tag-cardenal-marc-ouellet","tag-difamacion-en-la-iglesia","tag-justicia-eclesial","tag-liderazgo-catolico","tag-mario-j-paredes","tag-presuncion-de-inocencia-iglesia-catolica","tag-reparacion-del-honor","tag-trending-es-151","tag-verdad-y-justicia"],"acf":[],"yoast_head":"<!-- This site is optimized with the Yoast SEO plugin v28.4 - https:\/\/yoast.com\/product\/yoast-seo-wordpress\/ -->\n<title>La alegr\u00eda de rescatar un nombre &#8211; Exaudi<\/title>\n<meta name=\"robots\" content=\"index, follow, max-snippet:-1, max-image-preview:large, max-video-preview:-1\" \/>\n<link rel=\"canonical\" href=\"https:\/\/exaudi.org\/es\/la-alegria-de-rescatar-un-nombre\/\" \/>\n<meta property=\"og:locale\" content=\"es_ES\" \/>\n<meta property=\"og:type\" content=\"article\" \/>\n<meta property=\"og:title\" content=\"La alegr\u00eda de rescatar un nombre &#8211; Exaudi\" \/>\n<meta property=\"og:description\" content=\"Cardenal Marc Ouellet: la b\u00fasqueda inquebrantable de la verdad, la reparaci\u00f3n del honor y la restauraci\u00f3n del liderazgo cristiano desde la fe\" \/>\n<meta property=\"og:url\" content=\"https:\/\/exaudi.org\/es\/la-alegria-de-rescatar-un-nombre\/\" \/>\n<meta property=\"og:site_name\" content=\"Exaudi\" \/>\n<meta property=\"article:publisher\" content=\"https:\/\/www.facebook.com\/ExaudiNews\" \/>\n<meta property=\"article:author\" content=\"https:\/\/www.facebook.com\/SOMOSCommunityCare\/\" \/>\n<meta property=\"article:published_time\" content=\"2026-09-03T08:00:11+00:00\" \/>\n<meta property=\"og:image\" content=\"https:\/\/i0.wp.com\/exaudi.org\/wp-content\/uploads\/2026\/09\/Vyv39.jpg?fit=1280%2C720&ssl=1\" \/>\n\t<meta property=\"og:image:width\" content=\"1280\" \/>\n\t<meta property=\"og:image:height\" content=\"720\" \/>\n\t<meta property=\"og:image:type\" content=\"image\/jpeg\" \/>\n<meta name=\"author\" content=\"Mario J. Paredes\" \/>\n<meta name=\"twitter:card\" content=\"summary_large_image\" \/>\n<meta name=\"twitter:creator\" content=\"@SOMOSCare\" \/>\n<meta name=\"twitter:site\" content=\"@Exaudi_News\" \/>\n<meta name=\"twitter:label1\" content=\"Escrito por\" \/>\n\t<meta name=\"twitter:data1\" content=\"Mario J. Paredes\" \/>\n\t<meta name=\"twitter:label2\" content=\"Tiempo de lectura\" \/>\n\t<meta name=\"twitter:data2\" content=\"7 minutos\" \/>\n<script type=\"application\/ld+json\" class=\"yoast-schema-graph\">{\"@context\":\"https:\\\/\\\/schema.org\",\"@graph\":[{\"@type\":\"Article\",\"@id\":\"https:\\\/\\\/exaudi.org\\\/es\\\/la-alegria-de-rescatar-un-nombre\\\/#article\",\"isPartOf\":{\"@id\":\"https:\\\/\\\/exaudi.org\\\/es\\\/la-alegria-de-rescatar-un-nombre\\\/\"},\"author\":{\"name\":\"Mario J. Paredes\",\"@id\":\"https:\\\/\\\/exaudi.org\\\/#\\\/schema\\\/person\\\/f4babf785ff6e9ecd6850d1802095c1d\"},\"headline\":\"La alegr\u00eda de rescatar un nombre\",\"datePublished\":\"2026-09-03T08:00:11+00:00\",\"mainEntityOfPage\":{\"@id\":\"https:\\\/\\\/exaudi.org\\\/es\\\/la-alegria-de-rescatar-un-nombre\\\/\"},\"wordCount\":1307,\"image\":{\"@id\":\"https:\\\/\\\/exaudi.org\\\/es\\\/la-alegria-de-rescatar-un-nombre\\\/#primaryimage\"},\"thumbnailUrl\":\"https:\\\/\\\/i0.wp.com\\\/exaudi.org\\\/wp-content\\\/uploads\\\/2026\\\/09\\\/Vyv39.jpg?fit=1280%2C720&ssl=1\",\"keywords\":[\"absoluci\u00f3n Cardenal Ouellet\",\"acusaciones falsas Iglesia\",\"Cardenal Marc Ouellet\",\"difamaci\u00f3n en la Iglesia\",\"justicia eclesial\",\"liderazgo cat\u00f3lico\",\"Mario J Paredes\",\"presunci\u00f3n de inocencia Iglesia Cat\u00f3lica\",\"reparaci\u00f3n del honor\",\"Trending\",\"verdad y justicia\"],\"articleSection\":[\"Voces\"],\"inLanguage\":\"es\"},{\"@type\":\"WebPage\",\"@id\":\"https:\\\/\\\/exaudi.org\\\/es\\\/la-alegria-de-rescatar-un-nombre\\\/\",\"url\":\"https:\\\/\\\/exaudi.org\\\/es\\\/la-alegria-de-rescatar-un-nombre\\\/\",\"name\":\"La alegr\u00eda de rescatar un nombre &#8211; Exaudi\",\"isPartOf\":{\"@id\":\"https:\\\/\\\/exaudi.org\\\/#website\"},\"primaryImageOfPage\":{\"@id\":\"https:\\\/\\\/exaudi.org\\\/es\\\/la-alegria-de-rescatar-un-nombre\\\/#primaryimage\"},\"image\":{\"@id\":\"https:\\\/\\\/exaudi.org\\\/es\\\/la-alegria-de-rescatar-un-nombre\\\/#primaryimage\"},\"thumbnailUrl\":\"https:\\\/\\\/i0.wp.com\\\/exaudi.org\\\/wp-content\\\/uploads\\\/2026\\\/09\\\/Vyv39.jpg?fit=1280%2C720&ssl=1\",\"datePublished\":\"2026-09-03T08:00:11+00:00\",\"author\":{\"@id\":\"https:\\\/\\\/exaudi.org\\\/#\\\/schema\\\/person\\\/f4babf785ff6e9ecd6850d1802095c1d\"},\"breadcrumb\":{\"@id\":\"https:\\\/\\\/exaudi.org\\\/es\\\/la-alegria-de-rescatar-un-nombre\\\/#breadcrumb\"},\"inLanguage\":\"es\",\"potentialAction\":[{\"@type\":\"ReadAction\",\"target\":[\"https:\\\/\\\/exaudi.org\\\/es\\\/la-alegria-de-rescatar-un-nombre\\\/\"]}]},{\"@type\":\"ImageObject\",\"inLanguage\":\"es\",\"@id\":\"https:\\\/\\\/exaudi.org\\\/es\\\/la-alegria-de-rescatar-un-nombre\\\/#primaryimage\",\"url\":\"https:\\\/\\\/i0.wp.com\\\/exaudi.org\\\/wp-content\\\/uploads\\\/2026\\\/09\\\/Vyv39.jpg?fit=1280%2C720&ssl=1\",\"contentUrl\":\"https:\\\/\\\/i0.wp.com\\\/exaudi.org\\\/wp-content\\\/uploads\\\/2026\\\/09\\\/Vyv39.jpg?fit=1280%2C720&ssl=1\",\"width\":1280,\"height\":720},{\"@type\":\"BreadcrumbList\",\"@id\":\"https:\\\/\\\/exaudi.org\\\/es\\\/la-alegria-de-rescatar-un-nombre\\\/#breadcrumb\",\"itemListElement\":[{\"@type\":\"ListItem\",\"position\":1,\"name\":\"Portada\",\"item\":\"https:\\\/\\\/exaudi.org\\\/es\\\/\"},{\"@type\":\"ListItem\",\"position\":2,\"name\":\"La alegr\u00eda de rescatar un nombre\"}]},{\"@type\":\"WebSite\",\"@id\":\"https:\\\/\\\/exaudi.org\\\/#website\",\"url\":\"https:\\\/\\\/exaudi.org\\\/\",\"name\":\"Exaudi\",\"description\":\"News\",\"potentialAction\":[{\"@type\":\"SearchAction\",\"target\":{\"@type\":\"EntryPoint\",\"urlTemplate\":\"https:\\\/\\\/exaudi.org\\\/?s={search_term_string}\"},\"query-input\":{\"@type\":\"PropertyValueSpecification\",\"valueRequired\":true,\"valueName\":\"search_term_string\"}}],\"inLanguage\":\"es\"},{\"@type\":\"Person\",\"@id\":\"https:\\\/\\\/exaudi.org\\\/#\\\/schema\\\/person\\\/f4babf785ff6e9ecd6850d1802095c1d\",\"name\":\"Mario J. Paredes\",\"image\":{\"@type\":\"ImageObject\",\"inLanguage\":\"es\",\"@id\":\"https:\\\/\\\/secure.gravatar.com\\\/avatar\\\/28c707f8b881139d324797c87373ccf8502494a7f73d0f6d23dcda1548e9d254?s=96&d=mm&r=g\",\"url\":\"https:\\\/\\\/secure.gravatar.com\\\/avatar\\\/28c707f8b881139d324797c87373ccf8502494a7f73d0f6d23dcda1548e9d254?s=96&d=mm&r=g\",\"contentUrl\":\"https:\\\/\\\/secure.gravatar.com\\\/avatar\\\/28c707f8b881139d324797c87373ccf8502494a7f73d0f6d23dcda1548e9d254?s=96&d=mm&r=g\",\"caption\":\"Mario J. Paredes\"},\"description\":\"Presidente ejecutivo de SOMOS Community Care, una red de 2,600 m\u00e9dicos independientes -en su mayor\u00eda de atenci\u00f3n primaria- que atienden a cerca de un mill\u00f3n de los pacientes m\u00e1s vulnerables del Medicaid de la Ciudad de Nueva York\",\"sameAs\":[\"http:\\\/\\\/somosnyhealth.org\",\"https:\\\/\\\/www.facebook.com\\\/SOMOSCommunityCare\\\/\",\"https:\\\/\\\/www.instagram.com\\\/somoscare\\\/\",\"https:\\\/\\\/www.linkedin.com\\\/company\\\/somoscommunitycare\\\/\",\"https:\\\/\\\/x.com\\\/SOMOSCare\",\"https:\\\/\\\/www.youtube.com\\\/channel\\\/UCUrnRjEHj5UrNvxU0jHSzQQ\"],\"url\":\"https:\\\/\\\/exaudi.org\\\/es\\\/author\\\/mario-j-paredes\\\/\"}]}<\/script>\n<!-- \/ Yoast SEO plugin. -->","yoast_head_json":{"title":"La alegr\u00eda de rescatar un nombre &#8211; Exaudi","robots":{"index":"index","follow":"follow","max-snippet":"max-snippet:-1","max-image-preview":"max-image-preview:large","max-video-preview":"max-video-preview:-1"},"canonical":"https:\/\/exaudi.org\/es\/la-alegria-de-rescatar-un-nombre\/","og_locale":"es_ES","og_type":"article","og_title":"La alegr\u00eda de rescatar un nombre &#8211; Exaudi","og_description":"Cardenal Marc Ouellet: la b\u00fasqueda inquebrantable de la verdad, la reparaci\u00f3n del honor y la restauraci\u00f3n del liderazgo cristiano desde la fe","og_url":"https:\/\/exaudi.org\/es\/la-alegria-de-rescatar-un-nombre\/","og_site_name":"Exaudi","article_publisher":"https:\/\/www.facebook.com\/ExaudiNews","article_author":"https:\/\/www.facebook.com\/SOMOSCommunityCare\/","article_published_time":"2026-09-03T08:00:11+00:00","og_image":[{"width":1280,"height":720,"url":"https:\/\/i0.wp.com\/exaudi.org\/wp-content\/uploads\/2026\/09\/Vyv39.jpg?fit=1280%2C720&ssl=1","type":"image\/jpeg"}],"author":"Mario J. Paredes","twitter_card":"summary_large_image","twitter_creator":"@SOMOSCare","twitter_site":"@Exaudi_News","twitter_misc":{"Escrito por":"Mario J. Paredes","Tiempo de lectura":"7 minutos"},"schema":{"@context":"https:\/\/schema.org","@graph":[{"@type":"Article","@id":"https:\/\/exaudi.org\/es\/la-alegria-de-rescatar-un-nombre\/#article","isPartOf":{"@id":"https:\/\/exaudi.org\/es\/la-alegria-de-rescatar-un-nombre\/"},"author":{"name":"Mario J. Paredes","@id":"https:\/\/exaudi.org\/#\/schema\/person\/f4babf785ff6e9ecd6850d1802095c1d"},"headline":"La alegr\u00eda de rescatar un nombre","datePublished":"2026-09-03T08:00:11+00:00","mainEntityOfPage":{"@id":"https:\/\/exaudi.org\/es\/la-alegria-de-rescatar-un-nombre\/"},"wordCount":1307,"image":{"@id":"https:\/\/exaudi.org\/es\/la-alegria-de-rescatar-un-nombre\/#primaryimage"},"thumbnailUrl":"https:\/\/i0.wp.com\/exaudi.org\/wp-content\/uploads\/2026\/09\/Vyv39.jpg?fit=1280%2C720&ssl=1","keywords":["absoluci\u00f3n Cardenal Ouellet","acusaciones falsas Iglesia","Cardenal Marc Ouellet","difamaci\u00f3n en la Iglesia","justicia eclesial","liderazgo cat\u00f3lico","Mario J Paredes","presunci\u00f3n de inocencia Iglesia Cat\u00f3lica","reparaci\u00f3n del honor","Trending","verdad y justicia"],"articleSection":["Voces"],"inLanguage":"es"},{"@type":"WebPage","@id":"https:\/\/exaudi.org\/es\/la-alegria-de-rescatar-un-nombre\/","url":"https:\/\/exaudi.org\/es\/la-alegria-de-rescatar-un-nombre\/","name":"La alegr\u00eda de rescatar un nombre &#8211; Exaudi","isPartOf":{"@id":"https:\/\/exaudi.org\/#website"},"primaryImageOfPage":{"@id":"https:\/\/exaudi.org\/es\/la-alegria-de-rescatar-un-nombre\/#primaryimage"},"image":{"@id":"https:\/\/exaudi.org\/es\/la-alegria-de-rescatar-un-nombre\/#primaryimage"},"thumbnailUrl":"https:\/\/i0.wp.com\/exaudi.org\/wp-content\/uploads\/2026\/09\/Vyv39.jpg?fit=1280%2C720&ssl=1","datePublished":"2026-09-03T08:00:11+00:00","author":{"@id":"https:\/\/exaudi.org\/#\/schema\/person\/f4babf785ff6e9ecd6850d1802095c1d"},"breadcrumb":{"@id":"https:\/\/exaudi.org\/es\/la-alegria-de-rescatar-un-nombre\/#breadcrumb"},"inLanguage":"es","potentialAction":[{"@type":"ReadAction","target":["https:\/\/exaudi.org\/es\/la-alegria-de-rescatar-un-nombre\/"]}]},{"@type":"ImageObject","inLanguage":"es","@id":"https:\/\/exaudi.org\/es\/la-alegria-de-rescatar-un-nombre\/#primaryimage","url":"https:\/\/i0.wp.com\/exaudi.org\/wp-content\/uploads\/2026\/09\/Vyv39.jpg?fit=1280%2C720&ssl=1","contentUrl":"https:\/\/i0.wp.com\/exaudi.org\/wp-content\/uploads\/2026\/09\/Vyv39.jpg?fit=1280%2C720&ssl=1","width":1280,"height":720},{"@type":"BreadcrumbList","@id":"https:\/\/exaudi.org\/es\/la-alegria-de-rescatar-un-nombre\/#breadcrumb","itemListElement":[{"@type":"ListItem","position":1,"name":"Portada","item":"https:\/\/exaudi.org\/es\/"},{"@type":"ListItem","position":2,"name":"La alegr\u00eda de rescatar un nombre"}]},{"@type":"WebSite","@id":"https:\/\/exaudi.org\/#website","url":"https:\/\/exaudi.org\/","name":"Exaudi","description":"News","potentialAction":[{"@type":"SearchAction","target":{"@type":"EntryPoint","urlTemplate":"https:\/\/exaudi.org\/?s={search_term_string}"},"query-input":{"@type":"PropertyValueSpecification","valueRequired":true,"valueName":"search_term_string"}}],"inLanguage":"es"},{"@type":"Person","@id":"https:\/\/exaudi.org\/#\/schema\/person\/f4babf785ff6e9ecd6850d1802095c1d","name":"Mario J. Paredes","image":{"@type":"ImageObject","inLanguage":"es","@id":"https:\/\/secure.gravatar.com\/avatar\/28c707f8b881139d324797c87373ccf8502494a7f73d0f6d23dcda1548e9d254?s=96&d=mm&r=g","url":"https:\/\/secure.gravatar.com\/avatar\/28c707f8b881139d324797c87373ccf8502494a7f73d0f6d23dcda1548e9d254?s=96&d=mm&r=g","contentUrl":"https:\/\/secure.gravatar.com\/avatar\/28c707f8b881139d324797c87373ccf8502494a7f73d0f6d23dcda1548e9d254?s=96&d=mm&r=g","caption":"Mario J. Paredes"},"description":"Presidente ejecutivo de SOMOS Community Care, una red de 2,600 m\u00e9dicos independientes -en su mayor\u00eda de atenci\u00f3n primaria- que atienden a cerca de un mill\u00f3n de los pacientes m\u00e1s vulnerables del Medicaid de la Ciudad de Nueva York","sameAs":["http:\/\/somosnyhealth.org","https:\/\/www.facebook.com\/SOMOSCommunityCare\/","https:\/\/www.instagram.com\/somoscare\/","https:\/\/www.linkedin.com\/company\/somoscommunitycare\/","https:\/\/x.com\/SOMOSCare","https:\/\/www.youtube.com\/channel\/UCUrnRjEHj5UrNvxU0jHSzQQ"],"url":"https:\/\/exaudi.org\/es\/author\/mario-j-paredes\/"}]}},"jetpack_shortlink":"https:\/\/wp.me\/pgKjF2-LL1","jetpack_featured_media_url":"https:\/\/i0.wp.com\/exaudi.org\/wp-content\/uploads\/2026\/09\/Vyv39.jpg?fit=1280%2C720&ssl=1","_links":{"self":[{"href":"https:\/\/exaudi.org\/es\/wp-json\/wp\/v2\/posts\/183583","targetHints":{"allow":["GET"]}}],"collection":[{"href":"https:\/\/exaudi.org\/es\/wp-json\/wp\/v2\/posts"}],"about":[{"href":"https:\/\/exaudi.org\/es\/wp-json\/wp\/v2\/types\/post"}],"author":[{"embeddable":true,"href":"https:\/\/exaudi.org\/es\/wp-json\/wp\/v2\/users\/114"}],"replies":[{"embeddable":true,"href":"https:\/\/exaudi.org\/es\/wp-json\/wp\/v2\/comments?post=183583"}],"version-history":[{"count":6,"href":"https:\/\/exaudi.org\/es\/wp-json\/wp\/v2\/posts\/183583\/revisions"}],"predecessor-version":[{"id":183642,"href":"https:\/\/exaudi.org\/es\/wp-json\/wp\/v2\/posts\/183583\/revisions\/183642"}],"wp:featuredmedia":[{"embeddable":true,"href":"https:\/\/exaudi.org\/es\/wp-json\/wp\/v2\/media\/183588"}],"wp:attachment":[{"href":"https:\/\/exaudi.org\/es\/wp-json\/wp\/v2\/media?parent=183583"}],"wp:term":[{"taxonomy":"category","embeddable":true,"href":"https:\/\/exaudi.org\/es\/wp-json\/wp\/v2\/categories?post=183583"},{"taxonomy":"post_tag","embeddable":true,"href":"https:\/\/exaudi.org\/es\/wp-json\/wp\/v2\/tags?post=183583"}],"curies":[{"name":"wp","href":"https:\/\/api.w.org\/{rel}","templated":true}]}}