{"id":183559,"date":"2026-09-01T23:09:56","date_gmt":"2026-09-01T21:09:56","guid":{"rendered":"https:\/\/exaudi.org\/?p=183559"},"modified":"2026-09-01T23:11:48","modified_gmt":"2026-09-01T21:11:48","slug":"poner-el-mundo-en-modo-silencio-la-contundente-llamada-del-papa-leon-xiv-a-frenar-la-destruccion-de-la-tierra","status":"publish","type":"post","link":"https:\/\/exaudi.org\/es\/poner-el-mundo-en-modo-silencio-la-contundente-llamada-del-papa-leon-xiv-a-frenar-la-destruccion-de-la-tierra\/","title":{"rendered":"\u00abPoner el mundo en modo silencio\u00bb: la contundente llamada del Papa Le\u00f3n XIV a frenar la destrucci\u00f3n de la tierra"},"content":{"rendered":"<p>En el emblem\u00e1tico entorno del Giardino della Madonnina, situado en el Borgo Laudato si\u2019 de las residencias pontificias de Castel Gandolfo, el Papa Le\u00f3n XIV presidi\u00f3 este 1 de septiembre la Santa Misa con motivo de la Jornada Mundial de Oraci\u00f3n por el Cuidado de la Creaci\u00f3n. Ante la urgencia de las crisis clim\u00e1ticas y los conflictos b\u00e9licos que asuelan al planeta, el Santo Padre ofreci\u00f3 una homil\u00eda de profundo calado espiritual y ecol\u00f3gico, invitando a la humanidad a detener el vertiginoso ritmo actual para escuchar el gemido de la casa com\u00fan.<\/p>\n<p>\u00abMetamos en modalidad silenciosa todos los ruidos del mundo\u00bb, inst\u00f3 el Pont\u00edfice al inicio de su reflexi\u00f3n, se\u00f1alando que solo a trav\u00e9s del recogimiento y la contemplaci\u00f3n es posible reconocer la grandeza de la creaci\u00f3n y la presencia creadora de Dios en cada criatura.<\/p>\n<h3><strong>De las armas a los arados: una reconversi\u00f3n urgente<\/strong><\/h3>\n<p>Haciendo eco del lema b\u00edblico elegido para esta edici\u00f3n \u2014<em>\u00abCon sus espadas forjar\u00e1n arados y podaderas\u00bb<\/em>\u2014, Le\u00f3n XIV lanz\u00f3 un contundente llamamiento a la responsabilidad pol\u00edtica, social e individual. El Papa subray\u00f3 que la destrucci\u00f3n del medio ambiente y el azote de las guerras comparten una misma ra\u00edz de soberbia y desprecio por la vida, pero recalc\u00f3 un mensaje de esperanza firme: <strong>\u00abNo es a\u00fan demasiado tarde\u00bb<\/strong>.<\/p>\n<p>\u00abLo que ha sido utilizado para la destrucci\u00f3n puede y debe ser redirigido hacia la vida: al cuidado de los pobres, al sustento alimentario de los hambrientos y a la protecci\u00f3n de la casa com\u00fan\u00bb, afirm\u00f3 con vehemencia, apelando a la conversi\u00f3n del coraz\u00f3n y a la acci\u00f3n coordinada de la comunidad internacional.<\/p>\n<h3><strong>Hacia el octavo centenario de San Francisco de Assisi<\/strong><\/h3>\n<p>Esta celebraci\u00f3n marca la apertura oficial del <em>Tiempo de la Creaci\u00f3n<\/em>, un periodo de cinco semanas de oraci\u00f3n y acci\u00f3n ecum\u00e9nica que concluye el pr\u00f3ximo 4 de octubre. Una fecha de especial relevancia para la Iglesia, ya que este a\u00f1o coincide con la conmemoraci\u00f3n del octavo centenario del Transito de San Francisco de As\u00eds.<\/p>\n<p>Invocando la figura del <em>Poverello<\/em>, el Papa enton\u00f3 los versos del hist\u00f3rico <em>C\u00e1ntico de las Criaturas<\/em> para recordar que el respeto por la naturaleza no es una moda pasajera, sino una exigencia de la fe: \u00abCon San Francisco queremos renovar nuestro compromiso de vivir y promover esa fraternidad universal que est\u00e1 inseparablemente unida a la tarea de custodiar lo que se nos ha confiado\u00bb.<\/p>\n<p>Con esta Misa en Castel Gandolfo, la Iglesia da el pistoletazo de salida a un mes de movilizaci\u00f3n global en el que comunidades de distintas confesiones cristianas unir\u00e1n sus voces para exigir pol\u00edticas de sostenibilidad reales y gestos concretos de ecolog\u00eda integral.<\/p>\n","protected":false},"excerpt":{"rendered":"<p>Durante la Misa por la Custodia de la Creaci\u00f3n en el Borgo Laudato si\u2019 de Castel Gandolfo, el Pont\u00edfice inaugur\u00f3 el Tiempo de la Creaci\u00f3n pidiendo transformar las armas en herramientas de vida y redescubrir la fraternidad universal<\/p>\n","protected":false},"author":15,"featured_media":183561,"comment_status":"closed","ping_status":"closed","sticky":false,"template":"","format":"standard","meta":{"_acf_changed":false,"inline_featured_image":false,"_wpcom_ai_launchpad_first_post":false,"footnotes":"","jetpack_post_was_ever_published":false},"categories":[114,68],"tags":[66542,110483,62989,25955,19957,16166,34920,173,58067,58111,121301,3610,3915],"class_list":["post-183559","post","type-post","status-publish","format-standard","has-post-thumbnail","hentry","category-homilias","category-leon-xiv","tag-borgo-laudato-si","tag-cantico-de-las-criaturas","tag-castel-gandolfo-3","tag-crisis-climatica","tag-cuidado-de-la-creacion","tag-ecologia-integral","tag-featured-es-14","tag-homilia","tag-leon-xiv","tag-papa-leon-xiv","tag-paz-y-medio-ambiente","tag-san-francisco-de-asis","tag-tiempo-de-la-creacion"],"acf":[],"yoast_head":"<!-- This site is optimized with the Yoast SEO plugin v28.4 - https:\/\/yoast.com\/product\/yoast-seo-wordpress\/ -->\n<title>\u00abPoner el mundo en modo silencio\u00bb: la contundente llamada del Papa Le\u00f3n XIV a frenar la destrucci\u00f3n de la tierra &#8211; Exaudi<\/title>\n<meta name=\"robots\" content=\"index, follow, max-snippet:-1, max-image-preview:large, max-video-preview:-1\" \/>\n<link rel=\"canonical\" href=\"https:\/\/exaudi.org\/es\/poner-el-mundo-en-modo-silencio-la-contundente-llamada-del-papa-leon-xiv-a-frenar-la-destruccion-de-la-tierra\/\" \/>\n<meta property=\"og:locale\" content=\"es_ES\" \/>\n<meta property=\"og:type\" content=\"article\" \/>\n<meta property=\"og:title\" content=\"\u00abPoner el mundo en modo silencio\u00bb: la contundente llamada del Papa Le\u00f3n XIV a frenar la destrucci\u00f3n de la tierra &#8211; Exaudi\" \/>\n<meta property=\"og:description\" content=\"Durante la Misa por la Custodia de la Creaci\u00f3n en el Borgo Laudato si\u2019 de Castel Gandolfo, el Pont\u00edfice inaugur\u00f3 el Tiempo de la Creaci\u00f3n pidiendo transformar las armas en herramientas de vida y redescubrir la fraternidad universal\" \/>\n<meta property=\"og:url\" content=\"https:\/\/exaudi.org\/es\/poner-el-mundo-en-modo-silencio-la-contundente-llamada-del-papa-leon-xiv-a-frenar-la-destruccion-de-la-tierra\/\" \/>\n<meta property=\"og:site_name\" content=\"Exaudi\" \/>\n<meta property=\"article:publisher\" content=\"https:\/\/www.facebook.com\/ExaudiNews\" \/>\n<meta property=\"article:author\" content=\"https:\/\/www.facebook.com\/ExaudiNoticias\/\" \/>\n<meta property=\"article:published_time\" content=\"2026-09-01T21:09:56+00:00\" \/>\n<meta property=\"article:modified_time\" content=\"2026-09-01T21:11:48+00:00\" \/>\n<meta property=\"og:image\" content=\"https:\/\/exaudi.org\/wp-content\/uploads\/2026\/09\/cq5dam.thumbnail.cropped.500.281-5.jpeg\" \/>\n\t<meta property=\"og:image:width\" content=\"500\" \/>\n\t<meta property=\"og:image:height\" content=\"281\" \/>\n\t<meta property=\"og:image:type\" content=\"image\/jpeg\" \/>\n<meta name=\"author\" content=\"Exaudi Redacci\u00f3n\" \/>\n<meta name=\"twitter:card\" content=\"summary_large_image\" \/>\n<meta name=\"twitter:creator\" content=\"@Exaudi_noticias\" \/>\n<meta name=\"twitter:site\" content=\"@Exaudi_News\" \/>\n<meta name=\"twitter:label1\" content=\"Escrito por\" \/>\n\t<meta name=\"twitter:data1\" content=\"Exaudi Redacci\u00f3n\" \/>\n\t<meta name=\"twitter:label2\" content=\"Tiempo de lectura\" \/>\n\t<meta name=\"twitter:data2\" content=\"2 minutos\" \/>\n<script type=\"application\/ld+json\" class=\"yoast-schema-graph\">{\"@context\":\"https:\\\/\\\/schema.org\",\"@graph\":[{\"@type\":\"Article\",\"@id\":\"https:\\\/\\\/exaudi.org\\\/es\\\/poner-el-mundo-en-modo-silencio-la-contundente-llamada-del-papa-leon-xiv-a-frenar-la-destruccion-de-la-tierra\\\/#article\",\"isPartOf\":{\"@id\":\"https:\\\/\\\/exaudi.org\\\/es\\\/poner-el-mundo-en-modo-silencio-la-contundente-llamada-del-papa-leon-xiv-a-frenar-la-destruccion-de-la-tierra\\\/\"},\"author\":{\"name\":\"Exaudi Redacci\u00f3n\",\"@id\":\"https:\\\/\\\/exaudi.org\\\/#\\\/schema\\\/person\\\/f5fc8f063065e38742da7afe15f25df7\"},\"headline\":\"\u00abPoner el mundo en modo silencio\u00bb: la contundente llamada del Papa Le\u00f3n XIV a frenar la destrucci\u00f3n de la tierra\",\"datePublished\":\"2026-09-01T21:09:56+00:00\",\"dateModified\":\"2026-09-01T21:11:48+00:00\",\"mainEntityOfPage\":{\"@id\":\"https:\\\/\\\/exaudi.org\\\/es\\\/poner-el-mundo-en-modo-silencio-la-contundente-llamada-del-papa-leon-xiv-a-frenar-la-destruccion-de-la-tierra\\\/\"},\"wordCount\":499,\"image\":{\"@id\":\"https:\\\/\\\/exaudi.org\\\/es\\\/poner-el-mundo-en-modo-silencio-la-contundente-llamada-del-papa-leon-xiv-a-frenar-la-destruccion-de-la-tierra\\\/#primaryimage\"},\"thumbnailUrl\":\"https:\\\/\\\/i0.wp.com\\\/exaudi.org\\\/wp-content\\\/uploads\\\/2026\\\/09\\\/cq5dam.thumbnail.cropped.500.281-5.jpeg?fit=500%2C281&ssl=1\",\"keywords\":[\"borgo laudato si\",\"c\u00e1ntico de las criaturas\",\"castel gandolfo\",\"crisis clim\u00e1tica\",\"Cuidado de la creaci\u00f3n\",\"ecolog\u00eda integral\",\"Featured\",\"homil\u00eda\",\"Le\u00f3n XIV\",\"papa le\u00f3n xiv\",\"paz y medio ambiente\",\"San Francisco de As\u00eds\",\"Tiempo de la Creaci\u00f3n\"],\"articleSection\":[\"Homilias\",\"Le\u00f3n XIV\"],\"inLanguage\":\"es\"},{\"@type\":\"WebPage\",\"@id\":\"https:\\\/\\\/exaudi.org\\\/es\\\/poner-el-mundo-en-modo-silencio-la-contundente-llamada-del-papa-leon-xiv-a-frenar-la-destruccion-de-la-tierra\\\/\",\"url\":\"https:\\\/\\\/exaudi.org\\\/es\\\/poner-el-mundo-en-modo-silencio-la-contundente-llamada-del-papa-leon-xiv-a-frenar-la-destruccion-de-la-tierra\\\/\",\"name\":\"\u00abPoner el mundo en modo silencio\u00bb: la contundente llamada del Papa Le\u00f3n XIV a frenar la destrucci\u00f3n de la tierra &#8211; Exaudi\",\"isPartOf\":{\"@id\":\"https:\\\/\\\/exaudi.org\\\/#website\"},\"primaryImageOfPage\":{\"@id\":\"https:\\\/\\\/exaudi.org\\\/es\\\/poner-el-mundo-en-modo-silencio-la-contundente-llamada-del-papa-leon-xiv-a-frenar-la-destruccion-de-la-tierra\\\/#primaryimage\"},\"image\":{\"@id\":\"https:\\\/\\\/exaudi.org\\\/es\\\/poner-el-mundo-en-modo-silencio-la-contundente-llamada-del-papa-leon-xiv-a-frenar-la-destruccion-de-la-tierra\\\/#primaryimage\"},\"thumbnailUrl\":\"https:\\\/\\\/i0.wp.com\\\/exaudi.org\\\/wp-content\\\/uploads\\\/2026\\\/09\\\/cq5dam.thumbnail.cropped.500.281-5.jpeg?fit=500%2C281&ssl=1\",\"datePublished\":\"2026-09-01T21:09:56+00:00\",\"dateModified\":\"2026-09-01T21:11:48+00:00\",\"author\":{\"@id\":\"https:\\\/\\\/exaudi.org\\\/#\\\/schema\\\/person\\\/f5fc8f063065e38742da7afe15f25df7\"},\"breadcrumb\":{\"@id\":\"https:\\\/\\\/exaudi.org\\\/es\\\/poner-el-mundo-en-modo-silencio-la-contundente-llamada-del-papa-leon-xiv-a-frenar-la-destruccion-de-la-tierra\\\/#breadcrumb\"},\"inLanguage\":\"es\",\"potentialAction\":[{\"@type\":\"ReadAction\",\"target\":[\"https:\\\/\\\/exaudi.org\\\/es\\\/poner-el-mundo-en-modo-silencio-la-contundente-llamada-del-papa-leon-xiv-a-frenar-la-destruccion-de-la-tierra\\\/\"]}]},{\"@type\":\"ImageObject\",\"inLanguage\":\"es\",\"@id\":\"https:\\\/\\\/exaudi.org\\\/es\\\/poner-el-mundo-en-modo-silencio-la-contundente-llamada-del-papa-leon-xiv-a-frenar-la-destruccion-de-la-tierra\\\/#primaryimage\",\"url\":\"https:\\\/\\\/i0.wp.com\\\/exaudi.org\\\/wp-content\\\/uploads\\\/2026\\\/09\\\/cq5dam.thumbnail.cropped.500.281-5.jpeg?fit=500%2C281&ssl=1\",\"contentUrl\":\"https:\\\/\\\/i0.wp.com\\\/exaudi.org\\\/wp-content\\\/uploads\\\/2026\\\/09\\\/cq5dam.thumbnail.cropped.500.281-5.jpeg?fit=500%2C281&ssl=1\",\"width\":500,\"height\":281},{\"@type\":\"BreadcrumbList\",\"@id\":\"https:\\\/\\\/exaudi.org\\\/es\\\/poner-el-mundo-en-modo-silencio-la-contundente-llamada-del-papa-leon-xiv-a-frenar-la-destruccion-de-la-tierra\\\/#breadcrumb\",\"itemListElement\":[{\"@type\":\"ListItem\",\"position\":1,\"name\":\"Portada\",\"item\":\"https:\\\/\\\/exaudi.org\\\/es\\\/\"},{\"@type\":\"ListItem\",\"position\":2,\"name\":\"\u00abPoner el mundo en modo silencio\u00bb: la contundente llamada del Papa Le\u00f3n XIV a frenar la destrucci\u00f3n de la tierra\"}]},{\"@type\":\"WebSite\",\"@id\":\"https:\\\/\\\/exaudi.org\\\/#website\",\"url\":\"https:\\\/\\\/exaudi.org\\\/\",\"name\":\"Exaudi\",\"description\":\"News\",\"potentialAction\":[{\"@type\":\"SearchAction\",\"target\":{\"@type\":\"EntryPoint\",\"urlTemplate\":\"https:\\\/\\\/exaudi.org\\\/?s={search_term_string}\"},\"query-input\":{\"@type\":\"PropertyValueSpecification\",\"valueRequired\":true,\"valueName\":\"search_term_string\"}}],\"inLanguage\":\"es\"},{\"@type\":\"Person\",\"@id\":\"https:\\\/\\\/exaudi.org\\\/#\\\/schema\\\/person\\\/f5fc8f063065e38742da7afe15f25df7\",\"name\":\"Exaudi Redacci\u00f3n\",\"image\":{\"@type\":\"ImageObject\",\"inLanguage\":\"es\",\"@id\":\"https:\\\/\\\/secure.gravatar.com\\\/avatar\\\/fe0f6a059fb68d9b3e11bc5850dd4899b1c7492091a3cb6dd9b01b56ad828be2?s=96&d=mm&r=g\",\"url\":\"https:\\\/\\\/secure.gravatar.com\\\/avatar\\\/fe0f6a059fb68d9b3e11bc5850dd4899b1c7492091a3cb6dd9b01b56ad828be2?s=96&d=mm&r=g\",\"contentUrl\":\"https:\\\/\\\/secure.gravatar.com\\\/avatar\\\/fe0f6a059fb68d9b3e11bc5850dd4899b1c7492091a3cb6dd9b01b56ad828be2?s=96&d=mm&r=g\",\"caption\":\"Exaudi Redacci\u00f3n\"},\"description\":\"\u00bfQu\u00e9 es Exaudi News? Exaudi News es un medio de comunicaci\u00f3n cat\u00f3lico internacional que informa, forma y transforma, diariamente en espa\u00f1ol, ingl\u00e9s e italiano. A trav\u00e9s de noticias, art\u00edculos de an\u00e1lisis y transmisiones en directo de los eventos del Papa, Exaudi busca fortalecer la unidad de los cristianos y contribuir a la evangelizaci\u00f3n del mundo, siempre guiados por la doctrina social de la Iglesia. Trabajamos para acercar la verdad y los valores cristianos a cada rinc\u00f3n del planeta. \u00a1Ay\u00fadanos a transformar el mundo con Exaudi! En Exaudi creemos que la evangelizaci\u00f3n y la informaci\u00f3n de calidad pueden cambiar vidas. Para continuar con nuestra misi\u00f3n y expandir nuestro alcance, necesitamos tu ayuda. Adem\u00e1s, buscamos personas comprometidas que deseen unirse a nuestro equipo. Con tu apoyo, lograremos llegar a m\u00e1s personas, difundir el mensaje de Cristo y reforzar la unidad de los cristianos. \u00bfTe unes a nuestra misi\u00f3n? Para m\u00e1s informaci\u00f3n sobre c\u00f3mo colaborar, visita Exaudi.org\\\/es o cont\u00e1ctanos directamente: info@exaudi.org Exaudi: Informa, forma y transforma.\",\"sameAs\":[\"https:\\\/\\\/www.facebook.com\\\/ExaudiNoticias\\\/\",\"https:\\\/\\\/www.instagram.com\\\/exaudi_noticias\\\/\",\"https:\\\/\\\/x.com\\\/Exaudi_noticias\",\"https:\\\/\\\/www.youtube.com\\\/@exaudicatholicnews\"],\"url\":\"https:\\\/\\\/exaudi.org\\\/es\\\/author\\\/redaccionexaudi\\\/\"}]}<\/script>\n<!-- \/ Yoast SEO plugin. -->","yoast_head_json":{"title":"\u00abPoner el mundo en modo silencio\u00bb: la contundente llamada del Papa Le\u00f3n XIV a frenar la destrucci\u00f3n de la tierra &#8211; Exaudi","robots":{"index":"index","follow":"follow","max-snippet":"max-snippet:-1","max-image-preview":"max-image-preview:large","max-video-preview":"max-video-preview:-1"},"canonical":"https:\/\/exaudi.org\/es\/poner-el-mundo-en-modo-silencio-la-contundente-llamada-del-papa-leon-xiv-a-frenar-la-destruccion-de-la-tierra\/","og_locale":"es_ES","og_type":"article","og_title":"\u00abPoner el mundo en modo silencio\u00bb: la contundente llamada del Papa Le\u00f3n XIV a frenar la destrucci\u00f3n de la tierra &#8211; Exaudi","og_description":"Durante la Misa por la Custodia de la Creaci\u00f3n en el Borgo Laudato si\u2019 de Castel Gandolfo, el Pont\u00edfice inaugur\u00f3 el Tiempo de la Creaci\u00f3n pidiendo transformar las armas en herramientas de vida y redescubrir la fraternidad universal","og_url":"https:\/\/exaudi.org\/es\/poner-el-mundo-en-modo-silencio-la-contundente-llamada-del-papa-leon-xiv-a-frenar-la-destruccion-de-la-tierra\/","og_site_name":"Exaudi","article_publisher":"https:\/\/www.facebook.com\/ExaudiNews","article_author":"https:\/\/www.facebook.com\/ExaudiNoticias\/","article_published_time":"2026-09-01T21:09:56+00:00","article_modified_time":"2026-09-01T21:11:48+00:00","og_image":[{"width":500,"height":281,"url":"https:\/\/exaudi.org\/wp-content\/uploads\/2026\/09\/cq5dam.thumbnail.cropped.500.281-5.jpeg","type":"image\/jpeg"}],"author":"Exaudi Redacci\u00f3n","twitter_card":"summary_large_image","twitter_creator":"@Exaudi_noticias","twitter_site":"@Exaudi_News","twitter_misc":{"Escrito por":"Exaudi Redacci\u00f3n","Tiempo de lectura":"2 minutos"},"schema":{"@context":"https:\/\/schema.org","@graph":[{"@type":"Article","@id":"https:\/\/exaudi.org\/es\/poner-el-mundo-en-modo-silencio-la-contundente-llamada-del-papa-leon-xiv-a-frenar-la-destruccion-de-la-tierra\/#article","isPartOf":{"@id":"https:\/\/exaudi.org\/es\/poner-el-mundo-en-modo-silencio-la-contundente-llamada-del-papa-leon-xiv-a-frenar-la-destruccion-de-la-tierra\/"},"author":{"name":"Exaudi Redacci\u00f3n","@id":"https:\/\/exaudi.org\/#\/schema\/person\/f5fc8f063065e38742da7afe15f25df7"},"headline":"\u00abPoner el mundo en modo silencio\u00bb: la contundente llamada del Papa Le\u00f3n XIV a frenar la destrucci\u00f3n de la tierra","datePublished":"2026-09-01T21:09:56+00:00","dateModified":"2026-09-01T21:11:48+00:00","mainEntityOfPage":{"@id":"https:\/\/exaudi.org\/es\/poner-el-mundo-en-modo-silencio-la-contundente-llamada-del-papa-leon-xiv-a-frenar-la-destruccion-de-la-tierra\/"},"wordCount":499,"image":{"@id":"https:\/\/exaudi.org\/es\/poner-el-mundo-en-modo-silencio-la-contundente-llamada-del-papa-leon-xiv-a-frenar-la-destruccion-de-la-tierra\/#primaryimage"},"thumbnailUrl":"https:\/\/i0.wp.com\/exaudi.org\/wp-content\/uploads\/2026\/09\/cq5dam.thumbnail.cropped.500.281-5.jpeg?fit=500%2C281&ssl=1","keywords":["borgo laudato si","c\u00e1ntico de las criaturas","castel gandolfo","crisis clim\u00e1tica","Cuidado de la creaci\u00f3n","ecolog\u00eda integral","Featured","homil\u00eda","Le\u00f3n XIV","papa le\u00f3n xiv","paz y medio ambiente","San Francisco de As\u00eds","Tiempo de la Creaci\u00f3n"],"articleSection":["Homilias","Le\u00f3n XIV"],"inLanguage":"es"},{"@type":"WebPage","@id":"https:\/\/exaudi.org\/es\/poner-el-mundo-en-modo-silencio-la-contundente-llamada-del-papa-leon-xiv-a-frenar-la-destruccion-de-la-tierra\/","url":"https:\/\/exaudi.org\/es\/poner-el-mundo-en-modo-silencio-la-contundente-llamada-del-papa-leon-xiv-a-frenar-la-destruccion-de-la-tierra\/","name":"\u00abPoner el mundo en modo silencio\u00bb: la contundente llamada del Papa Le\u00f3n XIV a frenar la destrucci\u00f3n de la tierra &#8211; Exaudi","isPartOf":{"@id":"https:\/\/exaudi.org\/#website"},"primaryImageOfPage":{"@id":"https:\/\/exaudi.org\/es\/poner-el-mundo-en-modo-silencio-la-contundente-llamada-del-papa-leon-xiv-a-frenar-la-destruccion-de-la-tierra\/#primaryimage"},"image":{"@id":"https:\/\/exaudi.org\/es\/poner-el-mundo-en-modo-silencio-la-contundente-llamada-del-papa-leon-xiv-a-frenar-la-destruccion-de-la-tierra\/#primaryimage"},"thumbnailUrl":"https:\/\/i0.wp.com\/exaudi.org\/wp-content\/uploads\/2026\/09\/cq5dam.thumbnail.cropped.500.281-5.jpeg?fit=500%2C281&ssl=1","datePublished":"2026-09-01T21:09:56+00:00","dateModified":"2026-09-01T21:11:48+00:00","author":{"@id":"https:\/\/exaudi.org\/#\/schema\/person\/f5fc8f063065e38742da7afe15f25df7"},"breadcrumb":{"@id":"https:\/\/exaudi.org\/es\/poner-el-mundo-en-modo-silencio-la-contundente-llamada-del-papa-leon-xiv-a-frenar-la-destruccion-de-la-tierra\/#breadcrumb"},"inLanguage":"es","potentialAction":[{"@type":"ReadAction","target":["https:\/\/exaudi.org\/es\/poner-el-mundo-en-modo-silencio-la-contundente-llamada-del-papa-leon-xiv-a-frenar-la-destruccion-de-la-tierra\/"]}]},{"@type":"ImageObject","inLanguage":"es","@id":"https:\/\/exaudi.org\/es\/poner-el-mundo-en-modo-silencio-la-contundente-llamada-del-papa-leon-xiv-a-frenar-la-destruccion-de-la-tierra\/#primaryimage","url":"https:\/\/i0.wp.com\/exaudi.org\/wp-content\/uploads\/2026\/09\/cq5dam.thumbnail.cropped.500.281-5.jpeg?fit=500%2C281&ssl=1","contentUrl":"https:\/\/i0.wp.com\/exaudi.org\/wp-content\/uploads\/2026\/09\/cq5dam.thumbnail.cropped.500.281-5.jpeg?fit=500%2C281&ssl=1","width":500,"height":281},{"@type":"BreadcrumbList","@id":"https:\/\/exaudi.org\/es\/poner-el-mundo-en-modo-silencio-la-contundente-llamada-del-papa-leon-xiv-a-frenar-la-destruccion-de-la-tierra\/#breadcrumb","itemListElement":[{"@type":"ListItem","position":1,"name":"Portada","item":"https:\/\/exaudi.org\/es\/"},{"@type":"ListItem","position":2,"name":"\u00abPoner el mundo en modo silencio\u00bb: la contundente llamada del Papa Le\u00f3n XIV a frenar la destrucci\u00f3n de la tierra"}]},{"@type":"WebSite","@id":"https:\/\/exaudi.org\/#website","url":"https:\/\/exaudi.org\/","name":"Exaudi","description":"News","potentialAction":[{"@type":"SearchAction","target":{"@type":"EntryPoint","urlTemplate":"https:\/\/exaudi.org\/?s={search_term_string}"},"query-input":{"@type":"PropertyValueSpecification","valueRequired":true,"valueName":"search_term_string"}}],"inLanguage":"es"},{"@type":"Person","@id":"https:\/\/exaudi.org\/#\/schema\/person\/f5fc8f063065e38742da7afe15f25df7","name":"Exaudi Redacci\u00f3n","image":{"@type":"ImageObject","inLanguage":"es","@id":"https:\/\/secure.gravatar.com\/avatar\/fe0f6a059fb68d9b3e11bc5850dd4899b1c7492091a3cb6dd9b01b56ad828be2?s=96&d=mm&r=g","url":"https:\/\/secure.gravatar.com\/avatar\/fe0f6a059fb68d9b3e11bc5850dd4899b1c7492091a3cb6dd9b01b56ad828be2?s=96&d=mm&r=g","contentUrl":"https:\/\/secure.gravatar.com\/avatar\/fe0f6a059fb68d9b3e11bc5850dd4899b1c7492091a3cb6dd9b01b56ad828be2?s=96&d=mm&r=g","caption":"Exaudi Redacci\u00f3n"},"description":"\u00bfQu\u00e9 es Exaudi News? Exaudi News es un medio de comunicaci\u00f3n cat\u00f3lico internacional que informa, forma y transforma, diariamente en espa\u00f1ol, ingl\u00e9s e italiano. A trav\u00e9s de noticias, art\u00edculos de an\u00e1lisis y transmisiones en directo de los eventos del Papa, Exaudi busca fortalecer la unidad de los cristianos y contribuir a la evangelizaci\u00f3n del mundo, siempre guiados por la doctrina social de la Iglesia. Trabajamos para acercar la verdad y los valores cristianos a cada rinc\u00f3n del planeta. \u00a1Ay\u00fadanos a transformar el mundo con Exaudi! En Exaudi creemos que la evangelizaci\u00f3n y la informaci\u00f3n de calidad pueden cambiar vidas. Para continuar con nuestra misi\u00f3n y expandir nuestro alcance, necesitamos tu ayuda. Adem\u00e1s, buscamos personas comprometidas que deseen unirse a nuestro equipo. Con tu apoyo, lograremos llegar a m\u00e1s personas, difundir el mensaje de Cristo y reforzar la unidad de los cristianos. \u00bfTe unes a nuestra misi\u00f3n? Para m\u00e1s informaci\u00f3n sobre c\u00f3mo colaborar, visita Exaudi.org\/es o cont\u00e1ctanos directamente: info@exaudi.org Exaudi: Informa, forma y transforma.","sameAs":["https:\/\/www.facebook.com\/ExaudiNoticias\/","https:\/\/www.instagram.com\/exaudi_noticias\/","https:\/\/x.com\/Exaudi_noticias","https:\/\/www.youtube.com\/@exaudicatholicnews"],"url":"https:\/\/exaudi.org\/es\/author\/redaccionexaudi\/"}]}},"jetpack_shortlink":"https:\/\/wp.me\/pgKjF2-LKD","jetpack_featured_media_url":"https:\/\/i0.wp.com\/exaudi.org\/wp-content\/uploads\/2026\/09\/cq5dam.thumbnail.cropped.500.281-5.jpeg?fit=500%2C281&ssl=1","_links":{"self":[{"href":"https:\/\/exaudi.org\/es\/wp-json\/wp\/v2\/posts\/183559","targetHints":{"allow":["GET"]}}],"collection":[{"href":"https:\/\/exaudi.org\/es\/wp-json\/wp\/v2\/posts"}],"about":[{"href":"https:\/\/exaudi.org\/es\/wp-json\/wp\/v2\/types\/post"}],"author":[{"embeddable":true,"href":"https:\/\/exaudi.org\/es\/wp-json\/wp\/v2\/users\/15"}],"replies":[{"embeddable":true,"href":"https:\/\/exaudi.org\/es\/wp-json\/wp\/v2\/comments?post=183559"}],"version-history":[{"count":3,"href":"https:\/\/exaudi.org\/es\/wp-json\/wp\/v2\/posts\/183559\/revisions"}],"predecessor-version":[{"id":183565,"href":"https:\/\/exaudi.org\/es\/wp-json\/wp\/v2\/posts\/183559\/revisions\/183565"}],"wp:featuredmedia":[{"embeddable":true,"href":"https:\/\/exaudi.org\/es\/wp-json\/wp\/v2\/media\/183561"}],"wp:attachment":[{"href":"https:\/\/exaudi.org\/es\/wp-json\/wp\/v2\/media?parent=183559"}],"wp:term":[{"taxonomy":"category","embeddable":true,"href":"https:\/\/exaudi.org\/es\/wp-json\/wp\/v2\/categories?post=183559"},{"taxonomy":"post_tag","embeddable":true,"href":"https:\/\/exaudi.org\/es\/wp-json\/wp\/v2\/tags?post=183559"}],"curies":[{"name":"wp","href":"https:\/\/api.w.org\/{rel}","templated":true}]}}