{"id":183476,"date":"2026-09-01T15:17:08","date_gmt":"2026-09-01T13:17:08","guid":{"rendered":"https:\/\/exaudi.org\/?p=183476"},"modified":"2026-09-01T15:20:01","modified_gmt":"2026-09-01T13:20:01","slug":"el-regalo-robado-que-no-se-puede-vender-el-urgente-clamor-por-el-agua","status":"publish","type":"post","link":"https:\/\/exaudi.org\/es\/el-regalo-robado-que-no-se-puede-vender-el-urgente-clamor-por-el-agua\/","title":{"rendered":"El regalo robado que no se puede vender: El urgente clamor por el agua"},"content":{"rendered":"<p data-path-to-node=\"2\"><b data-path-to-node=\"2\" data-index-in-node=\"0\">El don divino que pierde su alma<\/b> El agua calma la sed, fecunda la tierra y limpia las heridas. S\u00edmbolo vivo del amor que nos renueva por medio del Bautismo, es la fuente indispensable de la frescura, la fecundidad y la esperanza. Sin embargo, en un mundo marcado por el beneficio econ\u00f3mico inmediato, hemos olvidado la sacralidad de este recurso universal para reducirlo a un bien transable.<\/p>\n<p data-path-to-node=\"3\"><b data-path-to-node=\"3\" data-index-in-node=\"0\">Una mercanc\u00eda que mata de sed<\/b> El papa Le\u00f3n XIV pone el foco en el drama humano y espiritual que rodea este recurso vital. Resulta doloroso presenciar c\u00f3mo millones de personas enferman por falta de higiene b\u00e1sica o deben caminar kil\u00f3metros diarios bajo el sol solo para conseguir una jarra de agua limpia. Convertir en mercanc\u00eda un regalo concedido a todos los hijos de la Tierra constituye una injusticia profunda que perpet\u00faa la pobreza y la desigualdad.<\/p>\n<p data-path-to-node=\"4\"><b data-path-to-node=\"4\" data-index-in-node=\"0\">Convertirse en \u00abperegrinos de lo esencial\u00bb<\/b> El cuidado de la casa com\u00fan no es un mero slogan ambientalista, sino un verdadero mandato moral y de fe. Para frenar esta crisis, la propuesta nos exige compromisos concretos e inmediatos:<\/p>\n<ul data-path-to-node=\"5\">\n<li>\n<p data-path-to-node=\"5,0,0\"><b data-path-to-node=\"5,0,0\" data-index-in-node=\"0\">Elegir la sobriedad:<\/b> Asumir un estilo de vida consciente, rechazando abiertamente el derroche y la contaminaci\u00f3n de los caudales comunitarios.<\/p>\n<\/li>\n<li>\n<p data-path-to-node=\"5,1,0\"><b data-path-to-node=\"5,1,0\" data-index-in-node=\"0\">Exigir justicia social:<\/b> Defender el acceso universal al agua potable como un derecho humano innegociable y sin fronteras.<\/p>\n<\/li>\n<li>\n<p data-path-to-node=\"5,2,0\"><b data-path-to-node=\"5,2,0\" data-index-in-node=\"0\">Educar para el ma\u00f1ana:<\/b> Formar a las nuevas generaciones en la gratitud y la responsabilidad hacia la naturaleza.<\/p>\n<\/li>\n<\/ul>\n<p data-path-to-node=\"6\">Proteger el agua es, en \u00faltima instancia, un acto de amor hacia el Creador y una mano tendida a los m\u00e1s vulnerables. Cuidar cada gota es defender la vida de quienes m\u00e1s sufren.<\/p>\n<p data-path-to-node=\"6\"><span class=\"ytAttributedStringLinkInheritColor\" dir=\"auto\">El agua es un don sagrado que sostiene la vida. En ella reconocemos un signo de la generosidad de Dios: calma la sed, fecunda la tierra y, en el Bautismo, se convierte en s\u00edmbolo de su gracia renovadora. Cuidar el agua es tambi\u00e9n una forma de custodiar la vida y de reconocer que este recurso pertenece a todos, sin distinci\u00f3n.<\/span><\/p>\n<p data-path-to-node=\"6\"><span class=\"ytAttributedStringLinkInheritColor\" dir=\"auto\">El Papa Le\u00f3n, en su intenci\u00f3n de oraci\u00f3n para septiembre, nos invita a rezar por el cuidado del agua, para que aprendamos a valorarla con gratitud, justicia y sobriedad, y para que sepamos defender el derecho de cada hermano y hermana a beber sin desigualdad.<\/span><\/p>\n<p data-path-to-node=\"6\"><span class=\"ytAttributedStringLinkInheritColor\" dir=\"auto\">No est\u00e1s solo: al rezar te unes a millones de personas de la Red Mundial de Oraci\u00f3n del Papa que, desde cada rinc\u00f3n del mundo, oran por los desaf\u00edos de la humanidad y de la misi\u00f3n de la lglesia. <\/span><\/p>\n<p data-path-to-node=\"6\"><span class=\"ytAttributedStringLinkInheritColor\" dir=\"auto\">T\u00f3mate un momento, reza con el Papa. <\/span><\/p>\n<p data-path-to-node=\"6\"><em><strong><span class=\"ytAttributedStringLinkInheritColor\" dir=\"auto\">Oraci\u00f3n:<\/span><\/strong><\/em><\/p>\n<p data-path-to-node=\"6\"><span class=\"ytAttributedStringLinkInheritColor\" dir=\"auto\">En el nombre del Padre, y del Hijo, y del Esp\u00edritu Santo. Am\u00e9n. <\/span><\/p>\n<p data-path-to-node=\"6\"><span class=\"ytAttributedStringLinkInheritColor\" dir=\"auto\">Se\u00f1or de la Vida, <\/span><span class=\"ytAttributedStringLinkInheritColor\" dir=\"auto\">T\u00fa nos diste el don del agua, fuente de fecundidad, frescura y esperanza. Ella calma la sed, fecunda la tierra y limpia las heridas. <\/span><\/p>\n<p data-path-to-node=\"6\"><span class=\"ytAttributedStringLinkInheritColor\" dir=\"auto\">Te damos gracias porque tambi\u00e9n ella es s\u00edmbolo de tu gracia y de tu amor que nos renueva por medio del Bautismo. Hoy te pedimos que nos ense\u00f1es a custodiarla con gratitud, justicia y responsabilidad. <\/span><\/p>\n<p data-path-to-node=\"6\"><span class=\"ytAttributedStringLinkInheritColor\" dir=\"auto\">Te pedimos perd\u00f3n por haberla convertido en mercanc\u00eda, olvidando que es un regalo universal, un derecho sin fronteras, destinado a todos tus hijos. Vemos con dolor a tantos hermanos y hermanas que no tienen agua limpia, que caminan kil\u00f3metros para encontrarla, que enferman por su escasez. <\/span><\/p>\n<p data-path-to-node=\"6\"><span class=\"ytAttributedStringLinkInheritColor\" dir=\"auto\">Que tu Esp\u00edritu nos transforme en peregrinos de lo esencial, capaces de vivir con sobriedad, denunciando el derroche y la contaminaci\u00f3n, defendiendo el derecho de cada hermano y hermana a beber sin miedo, sin desigualdad. <\/span><\/p>\n<p data-path-to-node=\"6\"><span class=\"ytAttributedStringLinkInheritColor\" dir=\"auto\">Haz que nuestro cuidado del agua sea signo de amor al Creador y compromiso con la vida de los m\u00e1s pobres, educando nuevas generaciones que valoren y protejan los recursos de la Tierra. <\/span><\/p>\n<p data-path-to-node=\"6\"><span class=\"ytAttributedStringLinkInheritColor\" dir=\"auto\">Am\u00e9n.<\/span><\/p>\n<p><iframe title=\"Reza con el Papa: Por el cuidado del agua | Septiembre 2026\" width=\"500\" height=\"281\" src=\"https:\/\/www.youtube.com\/embed\/luQU8XMgISY?start=10&amp;feature=oembed\" frameborder=\"0\" allow=\"accelerometer; autoplay; clipboard-write; encrypted-media; gyroscope; picture-in-picture; web-share\" referrerpolicy=\"strict-origin-when-cross-origin\" allowfullscreen><\/iframe><\/p>\n<p><img data-recalc-dims=\"1\" fetchpriority=\"high\" decoding=\"async\" class=\"size-full wp-image-183484 alignnone\" src=\"https:\/\/i0.wp.com\/exaudi.org\/wp-content\/uploads\/2026\/09\/Frase-papa-Leon-XIV-1.jpg?resize=940%2C788&#038;ssl=1\" alt=\"\" width=\"940\" height=\"788\" srcset=\"https:\/\/i0.wp.com\/exaudi.org\/wp-content\/uploads\/2026\/09\/Frase-papa-Leon-XIV-1.jpg?w=940&amp;ssl=1 940w, https:\/\/i0.wp.com\/exaudi.org\/wp-content\/uploads\/2026\/09\/Frase-papa-Leon-XIV-1.jpg?resize=300%2C251&amp;ssl=1 300w, https:\/\/i0.wp.com\/exaudi.org\/wp-content\/uploads\/2026\/09\/Frase-papa-Leon-XIV-1.jpg?resize=770%2C645&amp;ssl=1 770w, https:\/\/i0.wp.com\/exaudi.org\/wp-content\/uploads\/2026\/09\/Frase-papa-Leon-XIV-1.jpg?resize=500%2C419&amp;ssl=1 500w\" sizes=\"(max-width: 940px) 100vw, 940px\" \/><\/p>\n","protected":false},"excerpt":{"rendered":"<p>La intenci\u00f3n del papa Le\u00f3n XIV para este mes de septiembre expone la paradoja de un recurso sagrado convertido en negocio y llama a frenar la desigualdad global de la sed<\/p>\n","protected":false},"author":15,"featured_media":183478,"comment_status":"closed","ping_status":"closed","sticky":false,"template":"","format":"standard","meta":{"_acf_changed":false,"inline_featured_image":false,"_wpcom_ai_launchpad_first_post":false,"footnotes":"","jetpack_post_was_ever_published":false},"categories":[68],"tags":[121220,121223,47176,121221,16166,121222,1767,58067,121224,58111,9429,58880],"class_list":["post-183476","post","type-post","status-publish","format-standard","has-post-thumbnail","hentry","category-leon-xiv","tag-agua","tag-crisis-del-agua","tag-cuidado-de-la-casa-comun","tag-derecho-humano","tag-ecologia-integral","tag-intencion-de-oracion-septiembre","tag-justicia-social","tag-leon-xiv","tag-mercantilizacion-del-agua","tag-papa-leon-xiv","tag-red-mundial-de-oracion-del-papa","tag-trending-es-151"],"acf":[],"yoast_head":"<!-- This site is optimized with the Yoast SEO plugin v28.4 - https:\/\/yoast.com\/product\/yoast-seo-wordpress\/ -->\n<title>El regalo robado que no se puede vender: El urgente clamor por el agua &#8211; Exaudi<\/title>\n<meta name=\"robots\" content=\"index, follow, max-snippet:-1, max-image-preview:large, max-video-preview:-1\" \/>\n<link rel=\"canonical\" href=\"https:\/\/exaudi.org\/es\/el-regalo-robado-que-no-se-puede-vender-el-urgente-clamor-por-el-agua\/\" \/>\n<meta property=\"og:locale\" content=\"es_ES\" \/>\n<meta property=\"og:type\" content=\"article\" \/>\n<meta property=\"og:title\" content=\"El regalo robado que no se puede vender: El urgente clamor por el agua &#8211; Exaudi\" \/>\n<meta property=\"og:description\" content=\"La intenci\u00f3n del papa Le\u00f3n XIV para este mes de septiembre expone la paradoja de un recurso sagrado convertido en negocio y llama a frenar la desigualdad global de la sed\" \/>\n<meta property=\"og:url\" content=\"https:\/\/exaudi.org\/es\/el-regalo-robado-que-no-se-puede-vender-el-urgente-clamor-por-el-agua\/\" \/>\n<meta property=\"og:site_name\" content=\"Exaudi\" \/>\n<meta property=\"article:publisher\" content=\"https:\/\/www.facebook.com\/ExaudiNews\" \/>\n<meta property=\"article:author\" content=\"https:\/\/www.facebook.com\/ExaudiNoticias\/\" \/>\n<meta property=\"article:published_time\" content=\"2026-09-01T13:17:08+00:00\" \/>\n<meta property=\"article:modified_time\" content=\"2026-09-01T13:20:01+00:00\" \/>\n<meta property=\"og:image\" content=\"https:\/\/exaudi.org\/wp-content\/uploads\/2026\/09\/LP-Header-9-2048x966-1.jpg\" \/>\n\t<meta property=\"og:image:width\" content=\"2048\" \/>\n\t<meta property=\"og:image:height\" content=\"966\" \/>\n\t<meta property=\"og:image:type\" content=\"image\/jpeg\" \/>\n<meta name=\"author\" content=\"Exaudi Redacci\u00f3n\" \/>\n<meta name=\"twitter:card\" content=\"summary_large_image\" \/>\n<meta name=\"twitter:creator\" content=\"@Exaudi_noticias\" \/>\n<meta name=\"twitter:site\" content=\"@Exaudi_News\" \/>\n<meta name=\"twitter:label1\" content=\"Escrito por\" \/>\n\t<meta name=\"twitter:data1\" content=\"Exaudi Redacci\u00f3n\" \/>\n\t<meta name=\"twitter:label2\" content=\"Tiempo de lectura\" \/>\n\t<meta name=\"twitter:data2\" content=\"3 minutos\" \/>\n<script type=\"application\/ld+json\" class=\"yoast-schema-graph\">{\"@context\":\"https:\\\/\\\/schema.org\",\"@graph\":[{\"@type\":\"Article\",\"@id\":\"https:\\\/\\\/exaudi.org\\\/es\\\/el-regalo-robado-que-no-se-puede-vender-el-urgente-clamor-por-el-agua\\\/#article\",\"isPartOf\":{\"@id\":\"https:\\\/\\\/exaudi.org\\\/es\\\/el-regalo-robado-que-no-se-puede-vender-el-urgente-clamor-por-el-agua\\\/\"},\"author\":{\"name\":\"Exaudi Redacci\u00f3n\",\"@id\":\"https:\\\/\\\/exaudi.org\\\/#\\\/schema\\\/person\\\/f5fc8f063065e38742da7afe15f25df7\"},\"headline\":\"El regalo robado que no se puede vender: El urgente clamor por el agua\",\"datePublished\":\"2026-09-01T13:17:08+00:00\",\"dateModified\":\"2026-09-01T13:20:01+00:00\",\"mainEntityOfPage\":{\"@id\":\"https:\\\/\\\/exaudi.org\\\/es\\\/el-regalo-robado-que-no-se-puede-vender-el-urgente-clamor-por-el-agua\\\/\"},\"wordCount\":679,\"image\":{\"@id\":\"https:\\\/\\\/exaudi.org\\\/es\\\/el-regalo-robado-que-no-se-puede-vender-el-urgente-clamor-por-el-agua\\\/#primaryimage\"},\"thumbnailUrl\":\"https:\\\/\\\/i0.wp.com\\\/exaudi.org\\\/wp-content\\\/uploads\\\/2026\\\/09\\\/LP-Header-9-2048x966-1.jpg?fit=2048%2C966&ssl=1\",\"keywords\":[\"agua\",\"crisis del agua\",\"cuidado de la casa com\u00fan\",\"derecho humano\",\"ecolog\u00eda integral\",\"intenci\u00f3n de oraci\u00f3n septiembre\",\"Justicia Social\",\"Le\u00f3n XIV\",\"mercantilizaci\u00f3n del agua\",\"papa le\u00f3n xiv\",\"Red Mundial de Oraci\u00f3n del Papa\",\"Trending\"],\"articleSection\":[\"Le\u00f3n XIV\"],\"inLanguage\":\"es\"},{\"@type\":\"WebPage\",\"@id\":\"https:\\\/\\\/exaudi.org\\\/es\\\/el-regalo-robado-que-no-se-puede-vender-el-urgente-clamor-por-el-agua\\\/\",\"url\":\"https:\\\/\\\/exaudi.org\\\/es\\\/el-regalo-robado-que-no-se-puede-vender-el-urgente-clamor-por-el-agua\\\/\",\"name\":\"El regalo robado que no se puede vender: El urgente clamor por el agua &#8211; Exaudi\",\"isPartOf\":{\"@id\":\"https:\\\/\\\/exaudi.org\\\/#website\"},\"primaryImageOfPage\":{\"@id\":\"https:\\\/\\\/exaudi.org\\\/es\\\/el-regalo-robado-que-no-se-puede-vender-el-urgente-clamor-por-el-agua\\\/#primaryimage\"},\"image\":{\"@id\":\"https:\\\/\\\/exaudi.org\\\/es\\\/el-regalo-robado-que-no-se-puede-vender-el-urgente-clamor-por-el-agua\\\/#primaryimage\"},\"thumbnailUrl\":\"https:\\\/\\\/i0.wp.com\\\/exaudi.org\\\/wp-content\\\/uploads\\\/2026\\\/09\\\/LP-Header-9-2048x966-1.jpg?fit=2048%2C966&ssl=1\",\"datePublished\":\"2026-09-01T13:17:08+00:00\",\"dateModified\":\"2026-09-01T13:20:01+00:00\",\"author\":{\"@id\":\"https:\\\/\\\/exaudi.org\\\/#\\\/schema\\\/person\\\/f5fc8f063065e38742da7afe15f25df7\"},\"breadcrumb\":{\"@id\":\"https:\\\/\\\/exaudi.org\\\/es\\\/el-regalo-robado-que-no-se-puede-vender-el-urgente-clamor-por-el-agua\\\/#breadcrumb\"},\"inLanguage\":\"es\",\"potentialAction\":[{\"@type\":\"ReadAction\",\"target\":[\"https:\\\/\\\/exaudi.org\\\/es\\\/el-regalo-robado-que-no-se-puede-vender-el-urgente-clamor-por-el-agua\\\/\"]}]},{\"@type\":\"ImageObject\",\"inLanguage\":\"es\",\"@id\":\"https:\\\/\\\/exaudi.org\\\/es\\\/el-regalo-robado-que-no-se-puede-vender-el-urgente-clamor-por-el-agua\\\/#primaryimage\",\"url\":\"https:\\\/\\\/i0.wp.com\\\/exaudi.org\\\/wp-content\\\/uploads\\\/2026\\\/09\\\/LP-Header-9-2048x966-1.jpg?fit=2048%2C966&ssl=1\",\"contentUrl\":\"https:\\\/\\\/i0.wp.com\\\/exaudi.org\\\/wp-content\\\/uploads\\\/2026\\\/09\\\/LP-Header-9-2048x966-1.jpg?fit=2048%2C966&ssl=1\",\"width\":2048,\"height\":966},{\"@type\":\"BreadcrumbList\",\"@id\":\"https:\\\/\\\/exaudi.org\\\/es\\\/el-regalo-robado-que-no-se-puede-vender-el-urgente-clamor-por-el-agua\\\/#breadcrumb\",\"itemListElement\":[{\"@type\":\"ListItem\",\"position\":1,\"name\":\"Portada\",\"item\":\"https:\\\/\\\/exaudi.org\\\/es\\\/\"},{\"@type\":\"ListItem\",\"position\":2,\"name\":\"El regalo robado que no se puede vender: El urgente clamor por el agua\"}]},{\"@type\":\"WebSite\",\"@id\":\"https:\\\/\\\/exaudi.org\\\/#website\",\"url\":\"https:\\\/\\\/exaudi.org\\\/\",\"name\":\"Exaudi\",\"description\":\"News\",\"potentialAction\":[{\"@type\":\"SearchAction\",\"target\":{\"@type\":\"EntryPoint\",\"urlTemplate\":\"https:\\\/\\\/exaudi.org\\\/?s={search_term_string}\"},\"query-input\":{\"@type\":\"PropertyValueSpecification\",\"valueRequired\":true,\"valueName\":\"search_term_string\"}}],\"inLanguage\":\"es\"},{\"@type\":\"Person\",\"@id\":\"https:\\\/\\\/exaudi.org\\\/#\\\/schema\\\/person\\\/f5fc8f063065e38742da7afe15f25df7\",\"name\":\"Exaudi Redacci\u00f3n\",\"image\":{\"@type\":\"ImageObject\",\"inLanguage\":\"es\",\"@id\":\"https:\\\/\\\/secure.gravatar.com\\\/avatar\\\/fe0f6a059fb68d9b3e11bc5850dd4899b1c7492091a3cb6dd9b01b56ad828be2?s=96&d=mm&r=g\",\"url\":\"https:\\\/\\\/secure.gravatar.com\\\/avatar\\\/fe0f6a059fb68d9b3e11bc5850dd4899b1c7492091a3cb6dd9b01b56ad828be2?s=96&d=mm&r=g\",\"contentUrl\":\"https:\\\/\\\/secure.gravatar.com\\\/avatar\\\/fe0f6a059fb68d9b3e11bc5850dd4899b1c7492091a3cb6dd9b01b56ad828be2?s=96&d=mm&r=g\",\"caption\":\"Exaudi Redacci\u00f3n\"},\"description\":\"\u00bfQu\u00e9 es Exaudi News? Exaudi News es un medio de comunicaci\u00f3n cat\u00f3lico internacional que informa, forma y transforma, diariamente en espa\u00f1ol, ingl\u00e9s e italiano. A trav\u00e9s de noticias, art\u00edculos de an\u00e1lisis y transmisiones en directo de los eventos del Papa, Exaudi busca fortalecer la unidad de los cristianos y contribuir a la evangelizaci\u00f3n del mundo, siempre guiados por la doctrina social de la Iglesia. Trabajamos para acercar la verdad y los valores cristianos a cada rinc\u00f3n del planeta. \u00a1Ay\u00fadanos a transformar el mundo con Exaudi! En Exaudi creemos que la evangelizaci\u00f3n y la informaci\u00f3n de calidad pueden cambiar vidas. Para continuar con nuestra misi\u00f3n y expandir nuestro alcance, necesitamos tu ayuda. Adem\u00e1s, buscamos personas comprometidas que deseen unirse a nuestro equipo. Con tu apoyo, lograremos llegar a m\u00e1s personas, difundir el mensaje de Cristo y reforzar la unidad de los cristianos. \u00bfTe unes a nuestra misi\u00f3n? Para m\u00e1s informaci\u00f3n sobre c\u00f3mo colaborar, visita Exaudi.org\\\/es o cont\u00e1ctanos directamente: info@exaudi.org Exaudi: Informa, forma y transforma.\",\"sameAs\":[\"https:\\\/\\\/www.facebook.com\\\/ExaudiNoticias\\\/\",\"https:\\\/\\\/www.instagram.com\\\/exaudi_noticias\\\/\",\"https:\\\/\\\/x.com\\\/Exaudi_noticias\",\"https:\\\/\\\/www.youtube.com\\\/@exaudicatholicnews\"],\"url\":\"https:\\\/\\\/exaudi.org\\\/es\\\/author\\\/redaccionexaudi\\\/\"}]}<\/script>\n<!-- \/ Yoast SEO plugin. -->","yoast_head_json":{"title":"El regalo robado que no se puede vender: El urgente clamor por el agua &#8211; Exaudi","robots":{"index":"index","follow":"follow","max-snippet":"max-snippet:-1","max-image-preview":"max-image-preview:large","max-video-preview":"max-video-preview:-1"},"canonical":"https:\/\/exaudi.org\/es\/el-regalo-robado-que-no-se-puede-vender-el-urgente-clamor-por-el-agua\/","og_locale":"es_ES","og_type":"article","og_title":"El regalo robado que no se puede vender: El urgente clamor por el agua &#8211; Exaudi","og_description":"La intenci\u00f3n del papa Le\u00f3n XIV para este mes de septiembre expone la paradoja de un recurso sagrado convertido en negocio y llama a frenar la desigualdad global de la sed","og_url":"https:\/\/exaudi.org\/es\/el-regalo-robado-que-no-se-puede-vender-el-urgente-clamor-por-el-agua\/","og_site_name":"Exaudi","article_publisher":"https:\/\/www.facebook.com\/ExaudiNews","article_author":"https:\/\/www.facebook.com\/ExaudiNoticias\/","article_published_time":"2026-09-01T13:17:08+00:00","article_modified_time":"2026-09-01T13:20:01+00:00","og_image":[{"width":2048,"height":966,"url":"https:\/\/exaudi.org\/wp-content\/uploads\/2026\/09\/LP-Header-9-2048x966-1.jpg","type":"image\/jpeg"}],"author":"Exaudi Redacci\u00f3n","twitter_card":"summary_large_image","twitter_creator":"@Exaudi_noticias","twitter_site":"@Exaudi_News","twitter_misc":{"Escrito por":"Exaudi Redacci\u00f3n","Tiempo de lectura":"3 minutos"},"schema":{"@context":"https:\/\/schema.org","@graph":[{"@type":"Article","@id":"https:\/\/exaudi.org\/es\/el-regalo-robado-que-no-se-puede-vender-el-urgente-clamor-por-el-agua\/#article","isPartOf":{"@id":"https:\/\/exaudi.org\/es\/el-regalo-robado-que-no-se-puede-vender-el-urgente-clamor-por-el-agua\/"},"author":{"name":"Exaudi Redacci\u00f3n","@id":"https:\/\/exaudi.org\/#\/schema\/person\/f5fc8f063065e38742da7afe15f25df7"},"headline":"El regalo robado que no se puede vender: El urgente clamor por el agua","datePublished":"2026-09-01T13:17:08+00:00","dateModified":"2026-09-01T13:20:01+00:00","mainEntityOfPage":{"@id":"https:\/\/exaudi.org\/es\/el-regalo-robado-que-no-se-puede-vender-el-urgente-clamor-por-el-agua\/"},"wordCount":679,"image":{"@id":"https:\/\/exaudi.org\/es\/el-regalo-robado-que-no-se-puede-vender-el-urgente-clamor-por-el-agua\/#primaryimage"},"thumbnailUrl":"https:\/\/i0.wp.com\/exaudi.org\/wp-content\/uploads\/2026\/09\/LP-Header-9-2048x966-1.jpg?fit=2048%2C966&ssl=1","keywords":["agua","crisis del agua","cuidado de la casa com\u00fan","derecho humano","ecolog\u00eda integral","intenci\u00f3n de oraci\u00f3n septiembre","Justicia Social","Le\u00f3n XIV","mercantilizaci\u00f3n del agua","papa le\u00f3n xiv","Red Mundial de Oraci\u00f3n del Papa","Trending"],"articleSection":["Le\u00f3n XIV"],"inLanguage":"es"},{"@type":"WebPage","@id":"https:\/\/exaudi.org\/es\/el-regalo-robado-que-no-se-puede-vender-el-urgente-clamor-por-el-agua\/","url":"https:\/\/exaudi.org\/es\/el-regalo-robado-que-no-se-puede-vender-el-urgente-clamor-por-el-agua\/","name":"El regalo robado que no se puede vender: El urgente clamor por el agua &#8211; Exaudi","isPartOf":{"@id":"https:\/\/exaudi.org\/#website"},"primaryImageOfPage":{"@id":"https:\/\/exaudi.org\/es\/el-regalo-robado-que-no-se-puede-vender-el-urgente-clamor-por-el-agua\/#primaryimage"},"image":{"@id":"https:\/\/exaudi.org\/es\/el-regalo-robado-que-no-se-puede-vender-el-urgente-clamor-por-el-agua\/#primaryimage"},"thumbnailUrl":"https:\/\/i0.wp.com\/exaudi.org\/wp-content\/uploads\/2026\/09\/LP-Header-9-2048x966-1.jpg?fit=2048%2C966&ssl=1","datePublished":"2026-09-01T13:17:08+00:00","dateModified":"2026-09-01T13:20:01+00:00","author":{"@id":"https:\/\/exaudi.org\/#\/schema\/person\/f5fc8f063065e38742da7afe15f25df7"},"breadcrumb":{"@id":"https:\/\/exaudi.org\/es\/el-regalo-robado-que-no-se-puede-vender-el-urgente-clamor-por-el-agua\/#breadcrumb"},"inLanguage":"es","potentialAction":[{"@type":"ReadAction","target":["https:\/\/exaudi.org\/es\/el-regalo-robado-que-no-se-puede-vender-el-urgente-clamor-por-el-agua\/"]}]},{"@type":"ImageObject","inLanguage":"es","@id":"https:\/\/exaudi.org\/es\/el-regalo-robado-que-no-se-puede-vender-el-urgente-clamor-por-el-agua\/#primaryimage","url":"https:\/\/i0.wp.com\/exaudi.org\/wp-content\/uploads\/2026\/09\/LP-Header-9-2048x966-1.jpg?fit=2048%2C966&ssl=1","contentUrl":"https:\/\/i0.wp.com\/exaudi.org\/wp-content\/uploads\/2026\/09\/LP-Header-9-2048x966-1.jpg?fit=2048%2C966&ssl=1","width":2048,"height":966},{"@type":"BreadcrumbList","@id":"https:\/\/exaudi.org\/es\/el-regalo-robado-que-no-se-puede-vender-el-urgente-clamor-por-el-agua\/#breadcrumb","itemListElement":[{"@type":"ListItem","position":1,"name":"Portada","item":"https:\/\/exaudi.org\/es\/"},{"@type":"ListItem","position":2,"name":"El regalo robado que no se puede vender: El urgente clamor por el agua"}]},{"@type":"WebSite","@id":"https:\/\/exaudi.org\/#website","url":"https:\/\/exaudi.org\/","name":"Exaudi","description":"News","potentialAction":[{"@type":"SearchAction","target":{"@type":"EntryPoint","urlTemplate":"https:\/\/exaudi.org\/?s={search_term_string}"},"query-input":{"@type":"PropertyValueSpecification","valueRequired":true,"valueName":"search_term_string"}}],"inLanguage":"es"},{"@type":"Person","@id":"https:\/\/exaudi.org\/#\/schema\/person\/f5fc8f063065e38742da7afe15f25df7","name":"Exaudi Redacci\u00f3n","image":{"@type":"ImageObject","inLanguage":"es","@id":"https:\/\/secure.gravatar.com\/avatar\/fe0f6a059fb68d9b3e11bc5850dd4899b1c7492091a3cb6dd9b01b56ad828be2?s=96&d=mm&r=g","url":"https:\/\/secure.gravatar.com\/avatar\/fe0f6a059fb68d9b3e11bc5850dd4899b1c7492091a3cb6dd9b01b56ad828be2?s=96&d=mm&r=g","contentUrl":"https:\/\/secure.gravatar.com\/avatar\/fe0f6a059fb68d9b3e11bc5850dd4899b1c7492091a3cb6dd9b01b56ad828be2?s=96&d=mm&r=g","caption":"Exaudi Redacci\u00f3n"},"description":"\u00bfQu\u00e9 es Exaudi News? Exaudi News es un medio de comunicaci\u00f3n cat\u00f3lico internacional que informa, forma y transforma, diariamente en espa\u00f1ol, ingl\u00e9s e italiano. A trav\u00e9s de noticias, art\u00edculos de an\u00e1lisis y transmisiones en directo de los eventos del Papa, Exaudi busca fortalecer la unidad de los cristianos y contribuir a la evangelizaci\u00f3n del mundo, siempre guiados por la doctrina social de la Iglesia. Trabajamos para acercar la verdad y los valores cristianos a cada rinc\u00f3n del planeta. \u00a1Ay\u00fadanos a transformar el mundo con Exaudi! En Exaudi creemos que la evangelizaci\u00f3n y la informaci\u00f3n de calidad pueden cambiar vidas. Para continuar con nuestra misi\u00f3n y expandir nuestro alcance, necesitamos tu ayuda. Adem\u00e1s, buscamos personas comprometidas que deseen unirse a nuestro equipo. Con tu apoyo, lograremos llegar a m\u00e1s personas, difundir el mensaje de Cristo y reforzar la unidad de los cristianos. \u00bfTe unes a nuestra misi\u00f3n? Para m\u00e1s informaci\u00f3n sobre c\u00f3mo colaborar, visita Exaudi.org\/es o cont\u00e1ctanos directamente: info@exaudi.org Exaudi: Informa, forma y transforma.","sameAs":["https:\/\/www.facebook.com\/ExaudiNoticias\/","https:\/\/www.instagram.com\/exaudi_noticias\/","https:\/\/x.com\/Exaudi_noticias","https:\/\/www.youtube.com\/@exaudicatholicnews"],"url":"https:\/\/exaudi.org\/es\/author\/redaccionexaudi\/"}]}},"jetpack_shortlink":"https:\/\/wp.me\/pgKjF2-LJi","jetpack_featured_media_url":"https:\/\/i0.wp.com\/exaudi.org\/wp-content\/uploads\/2026\/09\/LP-Header-9-2048x966-1.jpg?fit=2048%2C966&ssl=1","_links":{"self":[{"href":"https:\/\/exaudi.org\/es\/wp-json\/wp\/v2\/posts\/183476","targetHints":{"allow":["GET"]}}],"collection":[{"href":"https:\/\/exaudi.org\/es\/wp-json\/wp\/v2\/posts"}],"about":[{"href":"https:\/\/exaudi.org\/es\/wp-json\/wp\/v2\/types\/post"}],"author":[{"embeddable":true,"href":"https:\/\/exaudi.org\/es\/wp-json\/wp\/v2\/users\/15"}],"replies":[{"embeddable":true,"href":"https:\/\/exaudi.org\/es\/wp-json\/wp\/v2\/comments?post=183476"}],"version-history":[{"count":6,"href":"https:\/\/exaudi.org\/es\/wp-json\/wp\/v2\/posts\/183476\/revisions"}],"predecessor-version":[{"id":183488,"href":"https:\/\/exaudi.org\/es\/wp-json\/wp\/v2\/posts\/183476\/revisions\/183488"}],"wp:featuredmedia":[{"embeddable":true,"href":"https:\/\/exaudi.org\/es\/wp-json\/wp\/v2\/media\/183478"}],"wp:attachment":[{"href":"https:\/\/exaudi.org\/es\/wp-json\/wp\/v2\/media?parent=183476"}],"wp:term":[{"taxonomy":"category","embeddable":true,"href":"https:\/\/exaudi.org\/es\/wp-json\/wp\/v2\/categories?post=183476"},{"taxonomy":"post_tag","embeddable":true,"href":"https:\/\/exaudi.org\/es\/wp-json\/wp\/v2\/tags?post=183476"}],"curies":[{"name":"wp","href":"https:\/\/api.w.org\/{rel}","templated":true}]}}