{"id":183405,"date":"2026-09-02T09:00:57","date_gmt":"2026-09-02T07:00:57","guid":{"rendered":"https:\/\/exaudi.org\/?p=183405"},"modified":"2026-09-02T09:09:01","modified_gmt":"2026-09-02T07:09:01","slug":"el-dolor-ajeno-no-cabe-en-cinco-segundos-de-pantalla","status":"publish","type":"post","link":"https:\/\/exaudi.org\/es\/el-dolor-ajeno-no-cabe-en-cinco-segundos-de-pantalla\/","title":{"rendered":"El dolor ajeno no cabe en cinco segundos de pantalla"},"content":{"rendered":"<p data-path-to-node=\"2\">El pulgar se mueve de forma mec\u00e1nica, casi desprovisto de voluntad. En apenas dos minutos, la pantalla de un tel\u00e9fono inteligente puede mostrar el bombardeo de un hospital en tiempo real, un baile viral de catorce segundos, una crisis clim\u00e1tica devastadora y el anuncio de unas zapatillas en oferta. Este fen\u00f3meno, denominado <i data-path-to-node=\"2\" data-index-in-node=\"326\">doomscrolling<\/i>, ha dejado de ser una simple man\u00eda digital para convertirse en la epidemia silenciosa de nuestro tiempo: el consumo compulsivo de tragedias que satura nuestros sentidos hasta dejarnos emocionalmente inertes.<\/p>\n<p><iframe title=\"Spotify Embed: El dolor ajeno no cabe en cinco segundos de pantalla\" style=\"border-radius: 12px\" width=\"100%\" height=\"152\" frameborder=\"0\" allowfullscreen allow=\"autoplay; clipboard-write; encrypted-media; fullscreen; picture-in-picture\" loading=\"lazy\" src=\"https:\/\/open.spotify.com\/embed\/episode\/5zDORpgE1jOyhasiIR2ARC?si=7ebdbe2dff284662&amp;utm_source=oembed\"><\/iframe><\/p>\n<p data-path-to-node=\"3\">La sobrecarga sensorial a la que nos exponemos a diario genera una paradoja perversa. La mente humana no est\u00e1 dise\u00f1ada para procesar el sufrimiento global a velocidad de fibra \u00f3ptica. Ante la avalancha incesante de im\u00e1genes dram\u00e1ticas, el cerebro activa un mecanismo de defensa primario: la insensibilizaci\u00f3n. El dolor ajeno, despojado de contexto y convertido en mero contenido algor\u00edtmico, pasa a ser un espect\u00e1culo ef\u00edmero. Nos indignamos durante diez segundos, compartimos un emoji triste y continuamos deslizando el dedo. Esta apat\u00eda digital no es falta de coraz\u00f3n, sino una par\u00e1lisis por saturaci\u00f3n que convierte la solidaridad en un gesto pasivo y est\u00e9ril.<\/p>\n<p data-path-to-node=\"4\">El verdadero ant\u00eddoto contra este cinismo moderno no se encuentra en apagar el tel\u00e9fono y mirar hacia otro lado, sino en cambiar la escala de nuestra mirada. Frente a la inmensidad inasumible de las tragedias globales que ocurren a trav\u00e9s de la pantalla, la esperanza y la caridad demandan recuperar el territorio de lo cercano. La empat\u00eda recupera su verdadero sentido cuando aterriza en la realidad tangible: en el vecino que necesita ayuda, en el compromiso comunitario cara a cara y en la atenci\u00f3n consciente hacia quien tenemos a nuestro lado.<\/p>\n<p data-path-to-node=\"5\">La fe y la esperanza no son ilusiones ingenuas, sino herramientas de resistencia activa. Nos recuerdan que el amor no se mide en interacciones virtuales ni en tendencias pasajeras, sino en acciones concretas. Pasar del lamento digital a la presencia real es el \u00fanico camino para derretir la anestesia del <i data-path-to-node=\"5\" data-index-in-node=\"305\">scroll<\/i>, devolver la dignidad al sufrimiento humano y recordar que, aunque no podamos salvar al mundo desde una pantalla, siempre podemos transformar la vida de quien tenemos enfrente.<\/p>\n<p data-path-to-node=\"5\"><img data-recalc-dims=\"1\" fetchpriority=\"high\" decoding=\"async\" class=\"size-full wp-image-183412 alignnone\" src=\"https:\/\/i0.wp.com\/exaudi.org\/wp-content\/uploads\/2026\/09\/Voces-2.jpg?resize=940%2C788&#038;ssl=1\" alt=\"\" width=\"940\" height=\"788\" srcset=\"https:\/\/i0.wp.com\/exaudi.org\/wp-content\/uploads\/2026\/09\/Voces-2.jpg?w=940&amp;ssl=1 940w, https:\/\/i0.wp.com\/exaudi.org\/wp-content\/uploads\/2026\/09\/Voces-2.jpg?resize=300%2C251&amp;ssl=1 300w, https:\/\/i0.wp.com\/exaudi.org\/wp-content\/uploads\/2026\/09\/Voces-2.jpg?resize=770%2C645&amp;ssl=1 770w, https:\/\/i0.wp.com\/exaudi.org\/wp-content\/uploads\/2026\/09\/Voces-2.jpg?resize=500%2C419&amp;ssl=1 500w\" sizes=\"(max-width: 940px) 100vw, 940px\" \/><\/p>\n","protected":false},"excerpt":{"rendered":"<p>C\u00f3mo romper la anestesia del scroll compulsivo y rescatar la empat\u00eda y la esperanza en la era del cinismo digital<\/p>\n","protected":false},"author":172,"featured_media":183409,"comment_status":"closed","ping_status":"closed","sticky":false,"template":"","format":"standard","meta":{"_acf_changed":false,"inline_featured_image":false,"_wpcom_ai_launchpad_first_post":false,"footnotes":"","jetpack_post_was_ever_published":false},"categories":[72],"tags":[121196,121199,121200,121202,121201,121195,121198,14707,84296,77994,121197,58880],"class_list":["post-183405","post","type-post","status-publish","format-standard","has-post-thumbnail","hentry","category-analisis","tag-apatia-digital","tag-caridad-local","tag-cinismo-digital","tag-consumo-de-noticias","tag-desconexion-emocional","tag-doomscrolling","tag-empatia-en-redes-sociales","tag-esperanza-cristiana","tag-miguel-morales-gabriel","tag-salud-mental-digital","tag-sobrecarga-sensorial","tag-trending-es-151"],"acf":[],"yoast_head":"<!-- This site is optimized with the Yoast SEO plugin v28.4 - https:\/\/yoast.com\/product\/yoast-seo-wordpress\/ -->\n<title>El dolor ajeno no cabe en cinco segundos de pantalla &#8211; Exaudi<\/title>\n<meta name=\"robots\" content=\"index, follow, max-snippet:-1, max-image-preview:large, max-video-preview:-1\" \/>\n<link rel=\"canonical\" href=\"https:\/\/exaudi.org\/es\/el-dolor-ajeno-no-cabe-en-cinco-segundos-de-pantalla\/\" \/>\n<meta property=\"og:locale\" content=\"es_ES\" \/>\n<meta property=\"og:type\" content=\"article\" \/>\n<meta property=\"og:title\" content=\"El dolor ajeno no cabe en cinco segundos de pantalla &#8211; Exaudi\" \/>\n<meta property=\"og:description\" content=\"C\u00f3mo romper la anestesia del scroll compulsivo y rescatar la empat\u00eda y la esperanza en la era del cinismo digital\" \/>\n<meta property=\"og:url\" content=\"https:\/\/exaudi.org\/es\/el-dolor-ajeno-no-cabe-en-cinco-segundos-de-pantalla\/\" \/>\n<meta property=\"og:site_name\" content=\"Exaudi\" \/>\n<meta property=\"article:publisher\" content=\"https:\/\/www.facebook.com\/ExaudiNews\" \/>\n<meta property=\"article:published_time\" content=\"2026-09-02T07:00:57+00:00\" \/>\n<meta property=\"article:modified_time\" content=\"2026-09-02T07:09:01+00:00\" \/>\n<meta property=\"og:image\" content=\"https:\/\/exaudi.org\/wp-content\/uploads\/2026\/09\/Gemini_Generated_Image_9sntfn9sntfn9snt.jpg\" \/>\n\t<meta property=\"og:image:width\" content=\"1408\" \/>\n\t<meta property=\"og:image:height\" content=\"768\" \/>\n\t<meta property=\"og:image:type\" content=\"image\/jpeg\" \/>\n<meta name=\"author\" content=\"Miguel Morales Gabriel\" \/>\n<meta name=\"twitter:card\" content=\"summary_large_image\" \/>\n<meta name=\"twitter:creator\" content=\"@Exaudi_News\" \/>\n<meta name=\"twitter:site\" content=\"@Exaudi_News\" \/>\n<meta name=\"twitter:label1\" content=\"Escrito por\" \/>\n\t<meta name=\"twitter:data1\" content=\"Miguel Morales Gabriel\" \/>\n\t<meta name=\"twitter:label2\" content=\"Tiempo de lectura\" \/>\n\t<meta name=\"twitter:data2\" content=\"2 minutos\" \/>\n<script type=\"application\/ld+json\" class=\"yoast-schema-graph\">{\"@context\":\"https:\\\/\\\/schema.org\",\"@graph\":[{\"@type\":\"Article\",\"@id\":\"https:\\\/\\\/exaudi.org\\\/es\\\/el-dolor-ajeno-no-cabe-en-cinco-segundos-de-pantalla\\\/#article\",\"isPartOf\":{\"@id\":\"https:\\\/\\\/exaudi.org\\\/es\\\/el-dolor-ajeno-no-cabe-en-cinco-segundos-de-pantalla\\\/\"},\"author\":{\"name\":\"Miguel Morales Gabriel\",\"@id\":\"https:\\\/\\\/exaudi.org\\\/#\\\/schema\\\/person\\\/e3aa4e56ecee909fa93b86ab62788ea5\"},\"headline\":\"El dolor ajeno no cabe en cinco segundos de pantalla\",\"datePublished\":\"2026-09-02T07:00:57+00:00\",\"dateModified\":\"2026-09-02T07:09:01+00:00\",\"mainEntityOfPage\":{\"@id\":\"https:\\\/\\\/exaudi.org\\\/es\\\/el-dolor-ajeno-no-cabe-en-cinco-segundos-de-pantalla\\\/\"},\"wordCount\":397,\"image\":{\"@id\":\"https:\\\/\\\/exaudi.org\\\/es\\\/el-dolor-ajeno-no-cabe-en-cinco-segundos-de-pantalla\\\/#primaryimage\"},\"thumbnailUrl\":\"https:\\\/\\\/i0.wp.com\\\/exaudi.org\\\/wp-content\\\/uploads\\\/2026\\\/09\\\/Gemini_Generated_Image_9sntfn9sntfn9snt.jpg?fit=1408%2C768&ssl=1\",\"keywords\":[\"apatia digital\",\"caridad local\",\"cinismo digital\",\"consumo de noticias\",\"desconexion emocional\",\"doomscrolling\",\"empatia en redes sociales\",\"esperanza cristiana\",\"Miguel Morales Gabriel\",\"salud mental digital\",\"sobrecarga sensorial\",\"Trending\"],\"articleSection\":[\"An\u00e1lisis\"],\"inLanguage\":\"es\"},{\"@type\":\"WebPage\",\"@id\":\"https:\\\/\\\/exaudi.org\\\/es\\\/el-dolor-ajeno-no-cabe-en-cinco-segundos-de-pantalla\\\/\",\"url\":\"https:\\\/\\\/exaudi.org\\\/es\\\/el-dolor-ajeno-no-cabe-en-cinco-segundos-de-pantalla\\\/\",\"name\":\"El dolor ajeno no cabe en cinco segundos de pantalla &#8211; Exaudi\",\"isPartOf\":{\"@id\":\"https:\\\/\\\/exaudi.org\\\/#website\"},\"primaryImageOfPage\":{\"@id\":\"https:\\\/\\\/exaudi.org\\\/es\\\/el-dolor-ajeno-no-cabe-en-cinco-segundos-de-pantalla\\\/#primaryimage\"},\"image\":{\"@id\":\"https:\\\/\\\/exaudi.org\\\/es\\\/el-dolor-ajeno-no-cabe-en-cinco-segundos-de-pantalla\\\/#primaryimage\"},\"thumbnailUrl\":\"https:\\\/\\\/i0.wp.com\\\/exaudi.org\\\/wp-content\\\/uploads\\\/2026\\\/09\\\/Gemini_Generated_Image_9sntfn9sntfn9snt.jpg?fit=1408%2C768&ssl=1\",\"datePublished\":\"2026-09-02T07:00:57+00:00\",\"dateModified\":\"2026-09-02T07:09:01+00:00\",\"author\":{\"@id\":\"https:\\\/\\\/exaudi.org\\\/#\\\/schema\\\/person\\\/e3aa4e56ecee909fa93b86ab62788ea5\"},\"breadcrumb\":{\"@id\":\"https:\\\/\\\/exaudi.org\\\/es\\\/el-dolor-ajeno-no-cabe-en-cinco-segundos-de-pantalla\\\/#breadcrumb\"},\"inLanguage\":\"es\",\"potentialAction\":[{\"@type\":\"ReadAction\",\"target\":[\"https:\\\/\\\/exaudi.org\\\/es\\\/el-dolor-ajeno-no-cabe-en-cinco-segundos-de-pantalla\\\/\"]}]},{\"@type\":\"ImageObject\",\"inLanguage\":\"es\",\"@id\":\"https:\\\/\\\/exaudi.org\\\/es\\\/el-dolor-ajeno-no-cabe-en-cinco-segundos-de-pantalla\\\/#primaryimage\",\"url\":\"https:\\\/\\\/i0.wp.com\\\/exaudi.org\\\/wp-content\\\/uploads\\\/2026\\\/09\\\/Gemini_Generated_Image_9sntfn9sntfn9snt.jpg?fit=1408%2C768&ssl=1\",\"contentUrl\":\"https:\\\/\\\/i0.wp.com\\\/exaudi.org\\\/wp-content\\\/uploads\\\/2026\\\/09\\\/Gemini_Generated_Image_9sntfn9sntfn9snt.jpg?fit=1408%2C768&ssl=1\",\"width\":1408,\"height\":768},{\"@type\":\"BreadcrumbList\",\"@id\":\"https:\\\/\\\/exaudi.org\\\/es\\\/el-dolor-ajeno-no-cabe-en-cinco-segundos-de-pantalla\\\/#breadcrumb\",\"itemListElement\":[{\"@type\":\"ListItem\",\"position\":1,\"name\":\"Portada\",\"item\":\"https:\\\/\\\/exaudi.org\\\/es\\\/\"},{\"@type\":\"ListItem\",\"position\":2,\"name\":\"El dolor ajeno no cabe en cinco segundos de pantalla\"}]},{\"@type\":\"WebSite\",\"@id\":\"https:\\\/\\\/exaudi.org\\\/#website\",\"url\":\"https:\\\/\\\/exaudi.org\\\/\",\"name\":\"Exaudi\",\"description\":\"News\",\"potentialAction\":[{\"@type\":\"SearchAction\",\"target\":{\"@type\":\"EntryPoint\",\"urlTemplate\":\"https:\\\/\\\/exaudi.org\\\/?s={search_term_string}\"},\"query-input\":{\"@type\":\"PropertyValueSpecification\",\"valueRequired\":true,\"valueName\":\"search_term_string\"}}],\"inLanguage\":\"es\"},{\"@type\":\"Person\",\"@id\":\"https:\\\/\\\/exaudi.org\\\/#\\\/schema\\\/person\\\/e3aa4e56ecee909fa93b86ab62788ea5\",\"name\":\"Miguel Morales Gabriel\",\"image\":{\"@type\":\"ImageObject\",\"inLanguage\":\"es\",\"@id\":\"https:\\\/\\\/secure.gravatar.com\\\/avatar\\\/ebf41cf87d1ad0ad22bb9835362c20595e2ea28aef545333e7b96251378f3aae?s=96&d=mm&r=g\",\"url\":\"https:\\\/\\\/secure.gravatar.com\\\/avatar\\\/ebf41cf87d1ad0ad22bb9835362c20595e2ea28aef545333e7b96251378f3aae?s=96&d=mm&r=g\",\"contentUrl\":\"https:\\\/\\\/secure.gravatar.com\\\/avatar\\\/ebf41cf87d1ad0ad22bb9835362c20595e2ea28aef545333e7b96251378f3aae?s=96&d=mm&r=g\",\"caption\":\"Miguel Morales Gabriel\"},\"description\":\"Soy un jubilado empresario cat\u00f3lico, esposo devoto, padre esforzado, abuelo cari\u00f1oso y amigo leal; fundador de su empresa familiar donde lider\u00f3 con integridad durante d\u00e9cadas generando empleo y desarrollo local, siempre guiado por su fe, la solidaridad comunitaria y el amor incondicional a su esposa, hijos y nietos, viviendo con el lema de servir con humildad.\",\"url\":\"https:\\\/\\\/exaudi.org\\\/es\\\/author\\\/miguel-morales-gabriel\\\/\"}]}<\/script>\n<!-- \/ Yoast SEO plugin. -->","yoast_head_json":{"title":"El dolor ajeno no cabe en cinco segundos de pantalla &#8211; Exaudi","robots":{"index":"index","follow":"follow","max-snippet":"max-snippet:-1","max-image-preview":"max-image-preview:large","max-video-preview":"max-video-preview:-1"},"canonical":"https:\/\/exaudi.org\/es\/el-dolor-ajeno-no-cabe-en-cinco-segundos-de-pantalla\/","og_locale":"es_ES","og_type":"article","og_title":"El dolor ajeno no cabe en cinco segundos de pantalla &#8211; Exaudi","og_description":"C\u00f3mo romper la anestesia del scroll compulsivo y rescatar la empat\u00eda y la esperanza en la era del cinismo digital","og_url":"https:\/\/exaudi.org\/es\/el-dolor-ajeno-no-cabe-en-cinco-segundos-de-pantalla\/","og_site_name":"Exaudi","article_publisher":"https:\/\/www.facebook.com\/ExaudiNews","article_published_time":"2026-09-02T07:00:57+00:00","article_modified_time":"2026-09-02T07:09:01+00:00","og_image":[{"width":1408,"height":768,"url":"https:\/\/exaudi.org\/wp-content\/uploads\/2026\/09\/Gemini_Generated_Image_9sntfn9sntfn9snt.jpg","type":"image\/jpeg"}],"author":"Miguel Morales Gabriel","twitter_card":"summary_large_image","twitter_creator":"@Exaudi_News","twitter_site":"@Exaudi_News","twitter_misc":{"Escrito por":"Miguel Morales Gabriel","Tiempo de lectura":"2 minutos"},"schema":{"@context":"https:\/\/schema.org","@graph":[{"@type":"Article","@id":"https:\/\/exaudi.org\/es\/el-dolor-ajeno-no-cabe-en-cinco-segundos-de-pantalla\/#article","isPartOf":{"@id":"https:\/\/exaudi.org\/es\/el-dolor-ajeno-no-cabe-en-cinco-segundos-de-pantalla\/"},"author":{"name":"Miguel Morales Gabriel","@id":"https:\/\/exaudi.org\/#\/schema\/person\/e3aa4e56ecee909fa93b86ab62788ea5"},"headline":"El dolor ajeno no cabe en cinco segundos de pantalla","datePublished":"2026-09-02T07:00:57+00:00","dateModified":"2026-09-02T07:09:01+00:00","mainEntityOfPage":{"@id":"https:\/\/exaudi.org\/es\/el-dolor-ajeno-no-cabe-en-cinco-segundos-de-pantalla\/"},"wordCount":397,"image":{"@id":"https:\/\/exaudi.org\/es\/el-dolor-ajeno-no-cabe-en-cinco-segundos-de-pantalla\/#primaryimage"},"thumbnailUrl":"https:\/\/i0.wp.com\/exaudi.org\/wp-content\/uploads\/2026\/09\/Gemini_Generated_Image_9sntfn9sntfn9snt.jpg?fit=1408%2C768&ssl=1","keywords":["apatia digital","caridad local","cinismo digital","consumo de noticias","desconexion emocional","doomscrolling","empatia en redes sociales","esperanza cristiana","Miguel Morales Gabriel","salud mental digital","sobrecarga sensorial","Trending"],"articleSection":["An\u00e1lisis"],"inLanguage":"es"},{"@type":"WebPage","@id":"https:\/\/exaudi.org\/es\/el-dolor-ajeno-no-cabe-en-cinco-segundos-de-pantalla\/","url":"https:\/\/exaudi.org\/es\/el-dolor-ajeno-no-cabe-en-cinco-segundos-de-pantalla\/","name":"El dolor ajeno no cabe en cinco segundos de pantalla &#8211; Exaudi","isPartOf":{"@id":"https:\/\/exaudi.org\/#website"},"primaryImageOfPage":{"@id":"https:\/\/exaudi.org\/es\/el-dolor-ajeno-no-cabe-en-cinco-segundos-de-pantalla\/#primaryimage"},"image":{"@id":"https:\/\/exaudi.org\/es\/el-dolor-ajeno-no-cabe-en-cinco-segundos-de-pantalla\/#primaryimage"},"thumbnailUrl":"https:\/\/i0.wp.com\/exaudi.org\/wp-content\/uploads\/2026\/09\/Gemini_Generated_Image_9sntfn9sntfn9snt.jpg?fit=1408%2C768&ssl=1","datePublished":"2026-09-02T07:00:57+00:00","dateModified":"2026-09-02T07:09:01+00:00","author":{"@id":"https:\/\/exaudi.org\/#\/schema\/person\/e3aa4e56ecee909fa93b86ab62788ea5"},"breadcrumb":{"@id":"https:\/\/exaudi.org\/es\/el-dolor-ajeno-no-cabe-en-cinco-segundos-de-pantalla\/#breadcrumb"},"inLanguage":"es","potentialAction":[{"@type":"ReadAction","target":["https:\/\/exaudi.org\/es\/el-dolor-ajeno-no-cabe-en-cinco-segundos-de-pantalla\/"]}]},{"@type":"ImageObject","inLanguage":"es","@id":"https:\/\/exaudi.org\/es\/el-dolor-ajeno-no-cabe-en-cinco-segundos-de-pantalla\/#primaryimage","url":"https:\/\/i0.wp.com\/exaudi.org\/wp-content\/uploads\/2026\/09\/Gemini_Generated_Image_9sntfn9sntfn9snt.jpg?fit=1408%2C768&ssl=1","contentUrl":"https:\/\/i0.wp.com\/exaudi.org\/wp-content\/uploads\/2026\/09\/Gemini_Generated_Image_9sntfn9sntfn9snt.jpg?fit=1408%2C768&ssl=1","width":1408,"height":768},{"@type":"BreadcrumbList","@id":"https:\/\/exaudi.org\/es\/el-dolor-ajeno-no-cabe-en-cinco-segundos-de-pantalla\/#breadcrumb","itemListElement":[{"@type":"ListItem","position":1,"name":"Portada","item":"https:\/\/exaudi.org\/es\/"},{"@type":"ListItem","position":2,"name":"El dolor ajeno no cabe en cinco segundos de pantalla"}]},{"@type":"WebSite","@id":"https:\/\/exaudi.org\/#website","url":"https:\/\/exaudi.org\/","name":"Exaudi","description":"News","potentialAction":[{"@type":"SearchAction","target":{"@type":"EntryPoint","urlTemplate":"https:\/\/exaudi.org\/?s={search_term_string}"},"query-input":{"@type":"PropertyValueSpecification","valueRequired":true,"valueName":"search_term_string"}}],"inLanguage":"es"},{"@type":"Person","@id":"https:\/\/exaudi.org\/#\/schema\/person\/e3aa4e56ecee909fa93b86ab62788ea5","name":"Miguel Morales Gabriel","image":{"@type":"ImageObject","inLanguage":"es","@id":"https:\/\/secure.gravatar.com\/avatar\/ebf41cf87d1ad0ad22bb9835362c20595e2ea28aef545333e7b96251378f3aae?s=96&d=mm&r=g","url":"https:\/\/secure.gravatar.com\/avatar\/ebf41cf87d1ad0ad22bb9835362c20595e2ea28aef545333e7b96251378f3aae?s=96&d=mm&r=g","contentUrl":"https:\/\/secure.gravatar.com\/avatar\/ebf41cf87d1ad0ad22bb9835362c20595e2ea28aef545333e7b96251378f3aae?s=96&d=mm&r=g","caption":"Miguel Morales Gabriel"},"description":"Soy un jubilado empresario cat\u00f3lico, esposo devoto, padre esforzado, abuelo cari\u00f1oso y amigo leal; fundador de su empresa familiar donde lider\u00f3 con integridad durante d\u00e9cadas generando empleo y desarrollo local, siempre guiado por su fe, la solidaridad comunitaria y el amor incondicional a su esposa, hijos y nietos, viviendo con el lema de servir con humildad.","url":"https:\/\/exaudi.org\/es\/author\/miguel-morales-gabriel\/"}]}},"jetpack_shortlink":"https:\/\/wp.me\/pgKjF2-LI9","jetpack_featured_media_url":"https:\/\/i0.wp.com\/exaudi.org\/wp-content\/uploads\/2026\/09\/Gemini_Generated_Image_9sntfn9sntfn9snt.jpg?fit=1408%2C768&ssl=1","_links":{"self":[{"href":"https:\/\/exaudi.org\/es\/wp-json\/wp\/v2\/posts\/183405","targetHints":{"allow":["GET"]}}],"collection":[{"href":"https:\/\/exaudi.org\/es\/wp-json\/wp\/v2\/posts"}],"about":[{"href":"https:\/\/exaudi.org\/es\/wp-json\/wp\/v2\/types\/post"}],"author":[{"embeddable":true,"href":"https:\/\/exaudi.org\/es\/wp-json\/wp\/v2\/users\/172"}],"replies":[{"embeddable":true,"href":"https:\/\/exaudi.org\/es\/wp-json\/wp\/v2\/comments?post=183405"}],"version-history":[{"count":5,"href":"https:\/\/exaudi.org\/es\/wp-json\/wp\/v2\/posts\/183405\/revisions"}],"predecessor-version":[{"id":183571,"href":"https:\/\/exaudi.org\/es\/wp-json\/wp\/v2\/posts\/183405\/revisions\/183571"}],"wp:featuredmedia":[{"embeddable":true,"href":"https:\/\/exaudi.org\/es\/wp-json\/wp\/v2\/media\/183409"}],"wp:attachment":[{"href":"https:\/\/exaudi.org\/es\/wp-json\/wp\/v2\/media?parent=183405"}],"wp:term":[{"taxonomy":"category","embeddable":true,"href":"https:\/\/exaudi.org\/es\/wp-json\/wp\/v2\/categories?post=183405"},{"taxonomy":"post_tag","embeddable":true,"href":"https:\/\/exaudi.org\/es\/wp-json\/wp\/v2\/tags?post=183405"}],"curies":[{"name":"wp","href":"https:\/\/api.w.org\/{rel}","templated":true}]}}