{"id":183395,"date":"2026-09-02T08:30:41","date_gmt":"2026-09-02T06:30:41","guid":{"rendered":"https:\/\/exaudi.org\/?p=183395"},"modified":"2026-09-02T09:08:37","modified_gmt":"2026-09-02T07:08:37","slug":"el-arte-de-guardar-el-alma-ajena-la-teologia-secreta-de-la-amistad","status":"publish","type":"post","link":"https:\/\/exaudi.org\/es\/el-arte-de-guardar-el-alma-ajena-la-teologia-secreta-de-la-amistad\/","title":{"rendered":"El arte de guardar el alma ajena: la teolog\u00eda secreta de la amistad"},"content":{"rendered":"<p data-path-to-node=\"2\">Existe una tentaci\u00f3n recurrente en la cultura contempor\u00e1nea: reducir la amistad a un intercambio de afinidades, una coincidencia de aficiones o una simple compa\u00f1\u00eda emocional para amortiguar la soledad. Sin embargo, la tradici\u00f3n cat\u00f3lica ha mirado siempre este v\u00ednculo desde un horizonte infinitamente m\u00e1s alto. Desde San Agust\u00edn hasta San Francisco de Sales, la amistad genuina no se entiende como un accidente afectivo, sino como un <b data-path-to-node=\"2\" data-index-in-node=\"434\">espacio lit\u00fargico e interpersonal<\/b> donde la gracia opera activamente. Es, en su sentido m\u00e1s puro, el arte de cuidar y guardar el alma del otro.<\/p>\n<p><iframe title=\"Spotify Embed: El arte de guardar el alma ajena: la teolog\u00eda secreta de la amistad\" style=\"border-radius: 12px\" width=\"100%\" height=\"152\" frameborder=\"0\" allowfullscreen allow=\"autoplay; clipboard-write; encrypted-media; fullscreen; picture-in-picture\" loading=\"lazy\" src=\"https:\/\/open.spotify.com\/embed\/episode\/4RFP58DwOJPE2dkerBxFoM?si=068ffe6506164ce1&amp;utm_source=oembed\"><\/iframe><\/p>\n<h3 data-path-to-node=\"3\"><strong>Lo que se dice: la custodia de la palabra y la verdad<\/strong><\/h3>\n<p data-path-to-node=\"4\">En la era del ruido, cuidar lo que se dice dentro de una amistad es el primer acto de caridad consciente. La palabra tiene el poder de edificar o devastar. La teolog\u00eda espiritual cat\u00f3lica ense\u00f1a que la conversaci\u00f3n entre amigos debe ser un b\u00e1lsamo, nunca un arma ni un vertedero de juicio.<\/p>\n<p data-path-to-node=\"5\">Santo Tom\u00e1s de Aquino, en la <i data-path-to-node=\"5\" data-index-in-node=\"29\">Suma Teol\u00f3gica<\/i>, define la verdadera amistad como un <b data-path-to-node=\"5\" data-index-in-node=\"81\">amor de benevolencia<\/b>: no querer al otro por lo que nos aporta, sino querer el bien del otro en cuanto otro. Por eso, lo que se dice en la amistad busca la verdad, pero siempre envuelta en mansedumbre. No se trata de una adulaci\u00f3n vac\u00eda que anestesia la conciencia, sino de una franqueza luminosa que sostiene.<\/p>\n<p style=\"text-align: center;\" data-path-to-node=\"6,0\"><i data-path-to-node=\"6,0\" data-index-in-node=\"0\">\u00abLa amistad es la reuni\u00f3n de las almas, y donde no hay comunicaci\u00f3n de virtudes, no puede haber amistad verdadera.\u00bb<\/i>\u2014 <b data-path-to-node=\"6,1\" data-index-in-node=\"2\">San Francisco de Sales<\/b><\/p>\n<p data-path-to-node=\"7\">Cuidar la palabra implica tambi\u00e9n saber callar. La discreci\u00f3n, el resguardo de las confidencias y la renuncia a la murmuraci\u00f3n son los cimientos sobre los que se construye la confianza. Cuidar lo que se dice es, en \u00faltima instancia, asegurar al amigo que su vulnerabilidad est\u00e1 a salvo en nuestras manos.<\/p>\n<h3 data-path-to-node=\"8\"><strong>Lo que se quiere: desear la santidad del amigo<\/strong><\/h3>\n<p data-path-to-node=\"9\">\u00bfQu\u00e9 se quiere cuando realmente se ama a un amigo? La respuesta cat\u00f3lica es radical: se quiere su plenitud, su bien definitivo, su santidad.<\/p>\n<p data-path-to-node=\"10\">A menudo confundimos querer al otro con desear posesivamente su cercan\u00eda o buscar que coincida con nuestras expectativas. El amor cristiano de amistad es desprendido y libre. Quiere el crecimiento del amigo, incluso cuando ese crecimiento implica caminos distintos o distancias inevitables.<\/p>\n<p data-path-to-node=\"11\">San Agust\u00edn, en sus <i data-path-to-node=\"11\" data-index-in-node=\"20\">Confesiones<\/i>, reflexion\u00f3 hondamente sobre el dolor de la p\u00e9rdida y la naturaleza del afecto humano. Su conclusi\u00f3n sigue siendo un faro para cualquier relaci\u00f3n:<\/p>\n<p style=\"text-align: center;\" data-path-to-node=\"12,0\"><i data-path-to-node=\"12,0\" data-index-in-node=\"0\">\u00abBienaventurado el que te ama a ti, Se\u00f1or, y al amigo en ti, y al enemigo por ti. Porque solo no pierde al amigo aquel que a todos los tiene por amados en Aquel que nunca se pierde.\u00bb<\/i>\u2014 <b data-path-to-node=\"12,1\" data-index-in-node=\"2\">San Agust\u00edn de Hipona<\/b><\/p>\n<p data-path-to-node=\"13\">Desear el bien del amigo \u00aben Dios\u00bb no le resta calor humano a la relaci\u00f3n; al contrario, la purifica del ego\u00edsmo. Significa querer que el otro alcance la mejor versi\u00f3n de s\u00ed mismo, apoy\u00e1ndole en sus ca\u00eddas y celebrando sus victorias sin sombra de envidia.<\/p>\n<h3 data-path-to-node=\"14\"><strong>C\u00f3mo se cuida: la pedagog\u00eda de la presencia y el detalle<\/strong><\/h3>\n<p data-path-to-node=\"15\">El cuidado de la amistad no pertenece al terreno de las grandes teor\u00edas, sino al de las obras cotidianas. Santo Tom\u00e1s recordaba que el amor reside m\u00e1s en el acto de amar que en el de ser amado. Por ello, la amistad se sostiene sobre una pedagog\u00eda del detalle, la paciencia y la presencia real.<\/p>\n<p data-path-to-node=\"16\">Cuidar al otro exige tres actitudes fundamentales:<\/p>\n<ul data-path-to-node=\"17\">\n<li>\n<p data-path-to-node=\"17,0,0\"><b data-path-to-node=\"17,0,0\" data-index-in-node=\"0\">Escucha contemplativa:<\/b> Recibir el mundo del amigo sin prisa, prestando atenci\u00f3n no solo a sus palabras, sino a sus silencios y cansancios.<\/p>\n<\/li>\n<li>\n<p data-path-to-node=\"17,1,0\"><b data-path-to-node=\"17,1,0\" data-index-in-node=\"0\">Perd\u00f3n constante:<\/b> No hay amistad duradera sin la capacidad de pasar por alto las imperfecciones y sanar las heridas con presteza. El perd\u00f3n en la amistad es el reflejo del perd\u00f3n divino.<\/p>\n<\/li>\n<li>\n<p data-path-to-node=\"17,2,0\"><b data-path-to-node=\"17,2,0\" data-index-in-node=\"0\">Oraci\u00f3n intercesora:<\/b> Elevar la vida del otro ante Dios. Rezar por un amigo es la forma m\u00e1s profunda y silenciosa de cuidarle cuando nuestras manos no alcanzan a protegerle.<\/p>\n<\/li>\n<\/ul>\n<p data-path-to-node=\"18\">San Juan de la Cruz dej\u00f3 una m\u00e1xima que resume la din\u00e1mica de este cuidado: <b data-path-to-node=\"18\" data-index-in-node=\"76\">\u00abDonde no hay amor, pon amor y sacar\u00e1s amor.\u00bb<\/b> En la amistad, esto se traduce en tomar la iniciativa de cuidar, en no medir con calculadora los afectos y en ser el primero en ofrecer comprensi\u00f3n.<\/p>\n<p data-path-to-node=\"19\">La amistad madura es, en definitiva, una escuela de trascendencia. Al aprender a custodiar las palabras, desear el bien del amigo y cuidar su caminar diario, abrimos una ventana a trav\u00e9s de la cual el Amor divino se hace palpable, cercano y redentor en medio del mundo.<\/p>\n<p data-path-to-node=\"19\"><img data-recalc-dims=\"1\" fetchpriority=\"high\" decoding=\"async\" class=\"size-full wp-image-183401 alignnone\" src=\"https:\/\/i0.wp.com\/exaudi.org\/wp-content\/uploads\/2026\/09\/voces-1.jpg?resize=940%2C788&#038;ssl=1\" alt=\"\" width=\"940\" height=\"788\" srcset=\"https:\/\/i0.wp.com\/exaudi.org\/wp-content\/uploads\/2026\/09\/voces-1.jpg?w=940&amp;ssl=1 940w, https:\/\/i0.wp.com\/exaudi.org\/wp-content\/uploads\/2026\/09\/voces-1.jpg?resize=300%2C251&amp;ssl=1 300w, https:\/\/i0.wp.com\/exaudi.org\/wp-content\/uploads\/2026\/09\/voces-1.jpg?resize=770%2C645&amp;ssl=1 770w, https:\/\/i0.wp.com\/exaudi.org\/wp-content\/uploads\/2026\/09\/voces-1.jpg?resize=500%2C419&amp;ssl=1 500w\" sizes=\"(max-width: 940px) 100vw, 940px\" \/><\/p>\n","protected":false},"excerpt":{"rendered":"<p>M\u00e1s all\u00e1 de la afinidad y la compa\u00f1\u00eda: c\u00f3mo el amor de benevolencia transforma nuestras palabras, custodia lo que el otro anhela y edifica un refugio sagrado entre dos vidas<\/p>\n","protected":false},"author":149,"featured_media":183398,"comment_status":"closed","ping_status":"closed","sticky":false,"template":"","format":"standard","meta":{"_acf_changed":false,"inline_featured_image":false,"_wpcom_ai_launchpad_first_post":false,"footnotes":"","jetpack_post_was_ever_published":false},"categories":[130],"tags":[121194,17427,41670,49272,20343,25210,795,48020,37923,3840,121192,121191,15902,50819,58880,121193],"class_list":["post-183395","post","type-post","status-publish","format-standard","has-post-thumbnail","hentry","category-voces","tag-amor-de-benevolencia","tag-antropologia-cristiana","tag-castidad-cristiana","tag-catecismo-iglesia-catolica","tag-espiritualidad-catolica","tag-javier-ferrer-garcia","tag-juan-pablo-ii","tag-libertad-interior","tag-pureza-de-corazon","tag-san-agustin","tag-sanar-la-mirada","tag-santidad-y-afectividad","tag-teologia-del-cuerpo","tag-teologia-moral","tag-trending-es-151","tag-virtudes-morales"],"acf":[],"yoast_head":"<!-- This site is optimized with the Yoast SEO plugin v28.4 - https:\/\/yoast.com\/product\/yoast-seo-wordpress\/ -->\n<title>El arte de guardar el alma ajena: la teolog\u00eda secreta de la amistad &#8211; Exaudi<\/title>\n<meta name=\"robots\" content=\"index, follow, max-snippet:-1, max-image-preview:large, max-video-preview:-1\" \/>\n<link rel=\"canonical\" href=\"https:\/\/exaudi.org\/es\/el-arte-de-guardar-el-alma-ajena-la-teologia-secreta-de-la-amistad\/\" \/>\n<meta property=\"og:locale\" content=\"es_ES\" \/>\n<meta property=\"og:type\" content=\"article\" \/>\n<meta property=\"og:title\" content=\"El arte de guardar el alma ajena: la teolog\u00eda secreta de la amistad &#8211; Exaudi\" \/>\n<meta property=\"og:description\" content=\"M\u00e1s all\u00e1 de la afinidad y la compa\u00f1\u00eda: c\u00f3mo el amor de benevolencia transforma nuestras palabras, custodia lo que el otro anhela y edifica un refugio sagrado entre dos vidas\" \/>\n<meta property=\"og:url\" content=\"https:\/\/exaudi.org\/es\/el-arte-de-guardar-el-alma-ajena-la-teologia-secreta-de-la-amistad\/\" \/>\n<meta property=\"og:site_name\" content=\"Exaudi\" \/>\n<meta property=\"article:publisher\" content=\"https:\/\/www.facebook.com\/ExaudiNews\" \/>\n<meta property=\"article:published_time\" content=\"2026-09-02T06:30:41+00:00\" \/>\n<meta property=\"article:modified_time\" content=\"2026-09-02T07:08:37+00:00\" \/>\n<meta property=\"og:image\" content=\"https:\/\/exaudi.org\/wp-content\/uploads\/2026\/09\/Gemini_Generated_Image_852w61852w61852w.jpg\" \/>\n\t<meta property=\"og:image:width\" content=\"1376\" \/>\n\t<meta property=\"og:image:height\" content=\"768\" \/>\n\t<meta property=\"og:image:type\" content=\"image\/jpeg\" \/>\n<meta name=\"author\" content=\"Javier Ferrer Garc\u00eda\" \/>\n<meta name=\"twitter:card\" content=\"summary_large_image\" \/>\n<meta name=\"twitter:creator\" content=\"@Exaudi_News\" \/>\n<meta name=\"twitter:site\" content=\"@Exaudi_News\" \/>\n<meta name=\"twitter:label1\" content=\"Escrito por\" \/>\n\t<meta name=\"twitter:data1\" content=\"Javier Ferrer Garc\u00eda\" \/>\n\t<meta name=\"twitter:label2\" content=\"Tiempo de lectura\" \/>\n\t<meta name=\"twitter:data2\" content=\"4 minutos\" \/>\n<script type=\"application\/ld+json\" class=\"yoast-schema-graph\">{\"@context\":\"https:\\\/\\\/schema.org\",\"@graph\":[{\"@type\":\"Article\",\"@id\":\"https:\\\/\\\/exaudi.org\\\/es\\\/el-arte-de-guardar-el-alma-ajena-la-teologia-secreta-de-la-amistad\\\/#article\",\"isPartOf\":{\"@id\":\"https:\\\/\\\/exaudi.org\\\/es\\\/el-arte-de-guardar-el-alma-ajena-la-teologia-secreta-de-la-amistad\\\/\"},\"author\":{\"name\":\"Javier Ferrer Garc\u00eda\",\"@id\":\"https:\\\/\\\/exaudi.org\\\/#\\\/schema\\\/person\\\/0428626ea256fe1d193098fe0ee2b91d\"},\"headline\":\"El arte de guardar el alma ajena: la teolog\u00eda secreta de la amistad\",\"datePublished\":\"2026-09-02T06:30:41+00:00\",\"dateModified\":\"2026-09-02T07:08:37+00:00\",\"mainEntityOfPage\":{\"@id\":\"https:\\\/\\\/exaudi.org\\\/es\\\/el-arte-de-guardar-el-alma-ajena-la-teologia-secreta-de-la-amistad\\\/\"},\"wordCount\":823,\"image\":{\"@id\":\"https:\\\/\\\/exaudi.org\\\/es\\\/el-arte-de-guardar-el-alma-ajena-la-teologia-secreta-de-la-amistad\\\/#primaryimage\"},\"thumbnailUrl\":\"https:\\\/\\\/i0.wp.com\\\/exaudi.org\\\/wp-content\\\/uploads\\\/2026\\\/09\\\/Gemini_Generated_Image_852w61852w61852w.jpg?fit=1376%2C768&ssl=1\",\"keywords\":[\"amor de benevolencia\",\"antropolog\u00eda cristiana\",\"castidad cristiana\",\"Catecismo Iglesia Cat\u00f3lica\",\"espiritualidad cat\u00f3lica\",\"Javier Ferrer Garc\u00eda\",\"Juan Pablo II\",\"libertad interior\",\"pureza de coraz\u00f3n\",\"San Agust\u00edn\",\"sanar la mirada\",\"santidad y afectividad\",\"Teolog\u00eda del Cuerpo\",\"Teolog\u00eda Moral\",\"Trending\",\"virtudes morales\"],\"articleSection\":[\"Voces\"],\"inLanguage\":\"es\"},{\"@type\":\"WebPage\",\"@id\":\"https:\\\/\\\/exaudi.org\\\/es\\\/el-arte-de-guardar-el-alma-ajena-la-teologia-secreta-de-la-amistad\\\/\",\"url\":\"https:\\\/\\\/exaudi.org\\\/es\\\/el-arte-de-guardar-el-alma-ajena-la-teologia-secreta-de-la-amistad\\\/\",\"name\":\"El arte de guardar el alma ajena: la teolog\u00eda secreta de la amistad &#8211; Exaudi\",\"isPartOf\":{\"@id\":\"https:\\\/\\\/exaudi.org\\\/#website\"},\"primaryImageOfPage\":{\"@id\":\"https:\\\/\\\/exaudi.org\\\/es\\\/el-arte-de-guardar-el-alma-ajena-la-teologia-secreta-de-la-amistad\\\/#primaryimage\"},\"image\":{\"@id\":\"https:\\\/\\\/exaudi.org\\\/es\\\/el-arte-de-guardar-el-alma-ajena-la-teologia-secreta-de-la-amistad\\\/#primaryimage\"},\"thumbnailUrl\":\"https:\\\/\\\/i0.wp.com\\\/exaudi.org\\\/wp-content\\\/uploads\\\/2026\\\/09\\\/Gemini_Generated_Image_852w61852w61852w.jpg?fit=1376%2C768&ssl=1\",\"datePublished\":\"2026-09-02T06:30:41+00:00\",\"dateModified\":\"2026-09-02T07:08:37+00:00\",\"author\":{\"@id\":\"https:\\\/\\\/exaudi.org\\\/#\\\/schema\\\/person\\\/0428626ea256fe1d193098fe0ee2b91d\"},\"breadcrumb\":{\"@id\":\"https:\\\/\\\/exaudi.org\\\/es\\\/el-arte-de-guardar-el-alma-ajena-la-teologia-secreta-de-la-amistad\\\/#breadcrumb\"},\"inLanguage\":\"es\",\"potentialAction\":[{\"@type\":\"ReadAction\",\"target\":[\"https:\\\/\\\/exaudi.org\\\/es\\\/el-arte-de-guardar-el-alma-ajena-la-teologia-secreta-de-la-amistad\\\/\"]}]},{\"@type\":\"ImageObject\",\"inLanguage\":\"es\",\"@id\":\"https:\\\/\\\/exaudi.org\\\/es\\\/el-arte-de-guardar-el-alma-ajena-la-teologia-secreta-de-la-amistad\\\/#primaryimage\",\"url\":\"https:\\\/\\\/i0.wp.com\\\/exaudi.org\\\/wp-content\\\/uploads\\\/2026\\\/09\\\/Gemini_Generated_Image_852w61852w61852w.jpg?fit=1376%2C768&ssl=1\",\"contentUrl\":\"https:\\\/\\\/i0.wp.com\\\/exaudi.org\\\/wp-content\\\/uploads\\\/2026\\\/09\\\/Gemini_Generated_Image_852w61852w61852w.jpg?fit=1376%2C768&ssl=1\",\"width\":1376,\"height\":768},{\"@type\":\"BreadcrumbList\",\"@id\":\"https:\\\/\\\/exaudi.org\\\/es\\\/el-arte-de-guardar-el-alma-ajena-la-teologia-secreta-de-la-amistad\\\/#breadcrumb\",\"itemListElement\":[{\"@type\":\"ListItem\",\"position\":1,\"name\":\"Portada\",\"item\":\"https:\\\/\\\/exaudi.org\\\/es\\\/\"},{\"@type\":\"ListItem\",\"position\":2,\"name\":\"El arte de guardar el alma ajena: la teolog\u00eda secreta de la amistad\"}]},{\"@type\":\"WebSite\",\"@id\":\"https:\\\/\\\/exaudi.org\\\/#website\",\"url\":\"https:\\\/\\\/exaudi.org\\\/\",\"name\":\"Exaudi\",\"description\":\"News\",\"potentialAction\":[{\"@type\":\"SearchAction\",\"target\":{\"@type\":\"EntryPoint\",\"urlTemplate\":\"https:\\\/\\\/exaudi.org\\\/?s={search_term_string}\"},\"query-input\":{\"@type\":\"PropertyValueSpecification\",\"valueRequired\":true,\"valueName\":\"search_term_string\"}}],\"inLanguage\":\"es\"},{\"@type\":\"Person\",\"@id\":\"https:\\\/\\\/exaudi.org\\\/#\\\/schema\\\/person\\\/0428626ea256fe1d193098fe0ee2b91d\",\"name\":\"Javier Ferrer Garc\u00eda\",\"image\":{\"@type\":\"ImageObject\",\"inLanguage\":\"es\",\"@id\":\"https:\\\/\\\/secure.gravatar.com\\\/avatar\\\/c7bc1aef05f4433794cef4a55499c99ae6c0d617e2aa24ba4876a5432af93b2d?s=96&d=mm&r=g\",\"url\":\"https:\\\/\\\/secure.gravatar.com\\\/avatar\\\/c7bc1aef05f4433794cef4a55499c99ae6c0d617e2aa24ba4876a5432af93b2d?s=96&d=mm&r=g\",\"contentUrl\":\"https:\\\/\\\/secure.gravatar.com\\\/avatar\\\/c7bc1aef05f4433794cef4a55499c99ae6c0d617e2aa24ba4876a5432af93b2d?s=96&d=mm&r=g\",\"caption\":\"Javier Ferrer Garc\u00eda\"},\"description\":\"Soy un apasionado de la vida. Fil\u00f3sofo y economista. Mi carrera profesional se ha enriquecido con el constante deseo de aprender y crecer tanto en el \u00e1mbito acad\u00e9mico como en el personal. Me considero un ferviente lector y amante del cine, lo cual me permite tener una perspectiva amplia y diversa sobre el mundo que nos rodea. Como cat\u00f3lico comprometido, busco integrar mis valores en cada aspecto de mi vida, desde mi carrera profesional hasta mi rol como esposo y padre de familia\",\"url\":\"https:\\\/\\\/exaudi.org\\\/es\\\/author\\\/javier-ferrer-garcia\\\/\"}]}<\/script>\n<!-- \/ Yoast SEO plugin. -->","yoast_head_json":{"title":"El arte de guardar el alma ajena: la teolog\u00eda secreta de la amistad &#8211; Exaudi","robots":{"index":"index","follow":"follow","max-snippet":"max-snippet:-1","max-image-preview":"max-image-preview:large","max-video-preview":"max-video-preview:-1"},"canonical":"https:\/\/exaudi.org\/es\/el-arte-de-guardar-el-alma-ajena-la-teologia-secreta-de-la-amistad\/","og_locale":"es_ES","og_type":"article","og_title":"El arte de guardar el alma ajena: la teolog\u00eda secreta de la amistad &#8211; Exaudi","og_description":"M\u00e1s all\u00e1 de la afinidad y la compa\u00f1\u00eda: c\u00f3mo el amor de benevolencia transforma nuestras palabras, custodia lo que el otro anhela y edifica un refugio sagrado entre dos vidas","og_url":"https:\/\/exaudi.org\/es\/el-arte-de-guardar-el-alma-ajena-la-teologia-secreta-de-la-amistad\/","og_site_name":"Exaudi","article_publisher":"https:\/\/www.facebook.com\/ExaudiNews","article_published_time":"2026-09-02T06:30:41+00:00","article_modified_time":"2026-09-02T07:08:37+00:00","og_image":[{"width":1376,"height":768,"url":"https:\/\/exaudi.org\/wp-content\/uploads\/2026\/09\/Gemini_Generated_Image_852w61852w61852w.jpg","type":"image\/jpeg"}],"author":"Javier Ferrer Garc\u00eda","twitter_card":"summary_large_image","twitter_creator":"@Exaudi_News","twitter_site":"@Exaudi_News","twitter_misc":{"Escrito por":"Javier Ferrer Garc\u00eda","Tiempo de lectura":"4 minutos"},"schema":{"@context":"https:\/\/schema.org","@graph":[{"@type":"Article","@id":"https:\/\/exaudi.org\/es\/el-arte-de-guardar-el-alma-ajena-la-teologia-secreta-de-la-amistad\/#article","isPartOf":{"@id":"https:\/\/exaudi.org\/es\/el-arte-de-guardar-el-alma-ajena-la-teologia-secreta-de-la-amistad\/"},"author":{"name":"Javier Ferrer Garc\u00eda","@id":"https:\/\/exaudi.org\/#\/schema\/person\/0428626ea256fe1d193098fe0ee2b91d"},"headline":"El arte de guardar el alma ajena: la teolog\u00eda secreta de la amistad","datePublished":"2026-09-02T06:30:41+00:00","dateModified":"2026-09-02T07:08:37+00:00","mainEntityOfPage":{"@id":"https:\/\/exaudi.org\/es\/el-arte-de-guardar-el-alma-ajena-la-teologia-secreta-de-la-amistad\/"},"wordCount":823,"image":{"@id":"https:\/\/exaudi.org\/es\/el-arte-de-guardar-el-alma-ajena-la-teologia-secreta-de-la-amistad\/#primaryimage"},"thumbnailUrl":"https:\/\/i0.wp.com\/exaudi.org\/wp-content\/uploads\/2026\/09\/Gemini_Generated_Image_852w61852w61852w.jpg?fit=1376%2C768&ssl=1","keywords":["amor de benevolencia","antropolog\u00eda cristiana","castidad cristiana","Catecismo Iglesia Cat\u00f3lica","espiritualidad cat\u00f3lica","Javier Ferrer Garc\u00eda","Juan Pablo II","libertad interior","pureza de coraz\u00f3n","San Agust\u00edn","sanar la mirada","santidad y afectividad","Teolog\u00eda del Cuerpo","Teolog\u00eda Moral","Trending","virtudes morales"],"articleSection":["Voces"],"inLanguage":"es"},{"@type":"WebPage","@id":"https:\/\/exaudi.org\/es\/el-arte-de-guardar-el-alma-ajena-la-teologia-secreta-de-la-amistad\/","url":"https:\/\/exaudi.org\/es\/el-arte-de-guardar-el-alma-ajena-la-teologia-secreta-de-la-amistad\/","name":"El arte de guardar el alma ajena: la teolog\u00eda secreta de la amistad &#8211; Exaudi","isPartOf":{"@id":"https:\/\/exaudi.org\/#website"},"primaryImageOfPage":{"@id":"https:\/\/exaudi.org\/es\/el-arte-de-guardar-el-alma-ajena-la-teologia-secreta-de-la-amistad\/#primaryimage"},"image":{"@id":"https:\/\/exaudi.org\/es\/el-arte-de-guardar-el-alma-ajena-la-teologia-secreta-de-la-amistad\/#primaryimage"},"thumbnailUrl":"https:\/\/i0.wp.com\/exaudi.org\/wp-content\/uploads\/2026\/09\/Gemini_Generated_Image_852w61852w61852w.jpg?fit=1376%2C768&ssl=1","datePublished":"2026-09-02T06:30:41+00:00","dateModified":"2026-09-02T07:08:37+00:00","author":{"@id":"https:\/\/exaudi.org\/#\/schema\/person\/0428626ea256fe1d193098fe0ee2b91d"},"breadcrumb":{"@id":"https:\/\/exaudi.org\/es\/el-arte-de-guardar-el-alma-ajena-la-teologia-secreta-de-la-amistad\/#breadcrumb"},"inLanguage":"es","potentialAction":[{"@type":"ReadAction","target":["https:\/\/exaudi.org\/es\/el-arte-de-guardar-el-alma-ajena-la-teologia-secreta-de-la-amistad\/"]}]},{"@type":"ImageObject","inLanguage":"es","@id":"https:\/\/exaudi.org\/es\/el-arte-de-guardar-el-alma-ajena-la-teologia-secreta-de-la-amistad\/#primaryimage","url":"https:\/\/i0.wp.com\/exaudi.org\/wp-content\/uploads\/2026\/09\/Gemini_Generated_Image_852w61852w61852w.jpg?fit=1376%2C768&ssl=1","contentUrl":"https:\/\/i0.wp.com\/exaudi.org\/wp-content\/uploads\/2026\/09\/Gemini_Generated_Image_852w61852w61852w.jpg?fit=1376%2C768&ssl=1","width":1376,"height":768},{"@type":"BreadcrumbList","@id":"https:\/\/exaudi.org\/es\/el-arte-de-guardar-el-alma-ajena-la-teologia-secreta-de-la-amistad\/#breadcrumb","itemListElement":[{"@type":"ListItem","position":1,"name":"Portada","item":"https:\/\/exaudi.org\/es\/"},{"@type":"ListItem","position":2,"name":"El arte de guardar el alma ajena: la teolog\u00eda secreta de la amistad"}]},{"@type":"WebSite","@id":"https:\/\/exaudi.org\/#website","url":"https:\/\/exaudi.org\/","name":"Exaudi","description":"News","potentialAction":[{"@type":"SearchAction","target":{"@type":"EntryPoint","urlTemplate":"https:\/\/exaudi.org\/?s={search_term_string}"},"query-input":{"@type":"PropertyValueSpecification","valueRequired":true,"valueName":"search_term_string"}}],"inLanguage":"es"},{"@type":"Person","@id":"https:\/\/exaudi.org\/#\/schema\/person\/0428626ea256fe1d193098fe0ee2b91d","name":"Javier Ferrer Garc\u00eda","image":{"@type":"ImageObject","inLanguage":"es","@id":"https:\/\/secure.gravatar.com\/avatar\/c7bc1aef05f4433794cef4a55499c99ae6c0d617e2aa24ba4876a5432af93b2d?s=96&d=mm&r=g","url":"https:\/\/secure.gravatar.com\/avatar\/c7bc1aef05f4433794cef4a55499c99ae6c0d617e2aa24ba4876a5432af93b2d?s=96&d=mm&r=g","contentUrl":"https:\/\/secure.gravatar.com\/avatar\/c7bc1aef05f4433794cef4a55499c99ae6c0d617e2aa24ba4876a5432af93b2d?s=96&d=mm&r=g","caption":"Javier Ferrer Garc\u00eda"},"description":"Soy un apasionado de la vida. Fil\u00f3sofo y economista. Mi carrera profesional se ha enriquecido con el constante deseo de aprender y crecer tanto en el \u00e1mbito acad\u00e9mico como en el personal. Me considero un ferviente lector y amante del cine, lo cual me permite tener una perspectiva amplia y diversa sobre el mundo que nos rodea. Como cat\u00f3lico comprometido, busco integrar mis valores en cada aspecto de mi vida, desde mi carrera profesional hasta mi rol como esposo y padre de familia","url":"https:\/\/exaudi.org\/es\/author\/javier-ferrer-garcia\/"}]}},"jetpack_shortlink":"https:\/\/wp.me\/pgKjF2-LHZ","jetpack_featured_media_url":"https:\/\/i0.wp.com\/exaudi.org\/wp-content\/uploads\/2026\/09\/Gemini_Generated_Image_852w61852w61852w.jpg?fit=1376%2C768&ssl=1","_links":{"self":[{"href":"https:\/\/exaudi.org\/es\/wp-json\/wp\/v2\/posts\/183395","targetHints":{"allow":["GET"]}}],"collection":[{"href":"https:\/\/exaudi.org\/es\/wp-json\/wp\/v2\/posts"}],"about":[{"href":"https:\/\/exaudi.org\/es\/wp-json\/wp\/v2\/types\/post"}],"author":[{"embeddable":true,"href":"https:\/\/exaudi.org\/es\/wp-json\/wp\/v2\/users\/149"}],"replies":[{"embeddable":true,"href":"https:\/\/exaudi.org\/es\/wp-json\/wp\/v2\/comments?post=183395"}],"version-history":[{"count":5,"href":"https:\/\/exaudi.org\/es\/wp-json\/wp\/v2\/posts\/183395\/revisions"}],"predecessor-version":[{"id":183570,"href":"https:\/\/exaudi.org\/es\/wp-json\/wp\/v2\/posts\/183395\/revisions\/183570"}],"wp:featuredmedia":[{"embeddable":true,"href":"https:\/\/exaudi.org\/es\/wp-json\/wp\/v2\/media\/183398"}],"wp:attachment":[{"href":"https:\/\/exaudi.org\/es\/wp-json\/wp\/v2\/media?parent=183395"}],"wp:term":[{"taxonomy":"category","embeddable":true,"href":"https:\/\/exaudi.org\/es\/wp-json\/wp\/v2\/categories?post=183395"},{"taxonomy":"post_tag","embeddable":true,"href":"https:\/\/exaudi.org\/es\/wp-json\/wp\/v2\/tags?post=183395"}],"curies":[{"name":"wp","href":"https:\/\/api.w.org\/{rel}","templated":true}]}}