{"id":183316,"date":"2026-09-01T08:30:32","date_gmt":"2026-09-01T06:30:32","guid":{"rendered":"https:\/\/exaudi.org\/?p=183316"},"modified":"2026-09-01T09:14:03","modified_gmt":"2026-09-01T07:14:03","slug":"la-residencia-el-peligro-de-la-sumision-voluntaria-a-la-ia-y-la-colonizacion-de-la-psique-humana","status":"publish","type":"post","link":"https:\/\/exaudi.org\/es\/la-residencia-el-peligro-de-la-sumision-voluntaria-a-la-ia-y-la-colonizacion-de-la-psique-humana\/","title":{"rendered":"\u2018La residencia\u2019. El peligro de la sumisi\u00f3n voluntaria a la IA y la colonizaci\u00f3n de la psique humana"},"content":{"rendered":"<section class=\"fusion-page-title-bar fusion-tb-page-title-bar\">\n<div id=\"SeccionTituloNSPCont\" class=\"fusion-fullwidth fullwidth-box fusion-builder-row-2 fusion-flex-container has-pattern-background has-mask-background hundred-percent-fullwidth non-hundred-percent-height-scrolling SeccionTituloNSPCont\">\n<div class=\"fusion-builder-row fusion-row fusion-flex-align-items-flex-start fusion-flex-content-wrap\">\n<div class=\"fusion-layout-column fusion_builder_column fusion-builder-column-1 fusion_builder_column_1_1 1_1 fusion-flex-column\">\n<div class=\"fusion-column-wrapper fusion-column-has-shadow fusion-flex-justify-content-flex-start fusion-content-layout-column\">\n<p>La pel\u00edcula \u2018La residencia\u2019 plantea que el verdadero peligro de la Inteligencia Artificial (IA) no es la rebeli\u00f3n de las m\u00e1quinas, sino la sumisi\u00f3n voluntaria de los seres humanos basada en un confort digital que, de forma silenciosa, permite la r\u00e9plica y la colonizaci\u00f3n de la mente humana. El proceso de desposesi\u00f3n avanza al confiar a los algoritmos la intimidad, sustituir las relaciones personales por simulacros virtuales y delegar la creatividad, un rasgo genuinamente humano del que depende nuestra supervivencia.<\/p>\n<p><iframe title=\"Spotify Embed: \u2018La residencia\u2019. El peligro de la sumisi\u00f3n voluntaria a la IA y la colonizaci\u00f3n de la psique humana.\" style=\"border-radius: 12px\" width=\"100%\" height=\"152\" frameborder=\"0\" allowfullscreen allow=\"autoplay; clipboard-write; encrypted-media; fullscreen; picture-in-picture\" loading=\"lazy\" src=\"https:\/\/open.spotify.com\/embed\/episode\/0jaGE9JL0p00HXdVhw6kxM?si=5daa1cf3a76f4cf1&amp;utm_source=oembed\"><\/iframe><\/p>\n<p class=\"fusion-title title fusion-title-1 fusion-sep-none fusion-title-text fusion-title-size-one\"><span data-contrast=\"auto\">La cinematograf\u00eda de ciencia ficci\u00f3n ha explorado de manera recurrente el temor a que la evoluci\u00f3n tecnol\u00f3gica derive en una rebeli\u00f3n de las m\u00e1quinas contra sus creadores. Sin embargo, este inter\u00e9s ha virado recientemente hacia otra advertencia que tampoco est\u00e1 alejada de la realidad: la capacidad de la Inteligencia Artificial (IA) para replicar sentimientos y comportamientos humanos en un futuro pr\u00f3ximo. El thriller psicol\u00f3gico <\/span><i><span data-contrast=\"auto\">La residencia,\u00a0<\/span><\/i><span data-contrast=\"auto\">del cineasta Yann Gozlan,\u00a0sit\u00faa al espectador\u00a0en un contexto de pandemia global con\u00a0evidentes\u00a0paralelismos con el coronavirus. Este entorno hostil sirve de\u00a0escenario\u00a0para presentar una fundaci\u00f3n art\u00edstica dise\u00f1ada para creadores en crisis.<\/span><span data-ccp-props=\"{&quot;201341983&quot;:0,&quot;335551550&quot;:6,&quot;335551620&quot;:6,&quot;335559739&quot;:0,&quot;335559740&quot;:360}\">\u00a0<\/span><\/p>\n<\/div>\n<\/div>\n<\/div>\n<\/div>\n<\/section>\n<div class=\"fusion-row\">\n<section id=\"content\">\n<div id=\"post-10009329\" class=\"post-10009329 post type-post status-publish format-standard has-post-thumbnail hentry category-bioetica-en-el-cine category-bioetica-press tag-bioetica-en-el-cine tag-nuevo-diseno-post\">\n<div class=\"post-content\">\n<div id=\"SeccionContenidoNSP\" class=\"fusion-fullwidth fullwidth-box fusion-builder-row-3 fusion-flex-container has-pattern-background has-mask-background hundred-percent-fullwidth non-hundred-percent-height-scrolling SeccionContenidoNSP\">\n<div class=\"fusion-builder-row fusion-row fusion-flex-align-items-flex-start fusion-flex-content-wrap\">\n<div class=\"fusion-layout-column fusion_builder_column fusion-builder-column-2 fusion_builder_column_1_1 1_1 fusion-flex-column\">\n<div class=\"fusion-column-wrapper fusion-column-has-shadow fusion-flex-justify-content-flex-start fusion-content-layout-column\">\n<div class=\"fusion-content-tb fusion-content-tb-1\">\n<p><span data-contrast=\"auto\">Clarissa (C\u00e9cile de France) es una\u00a0prestigiosa autora de novelas juveniles\u00a0que lleva seis a\u00f1os sumida en un bloqueo creativo tras el suicidio de su hijo\u00a0adolescente. La culpa\u00a0por no haber sido\u00a0capaz de detectar\u00a0el sufrimiento del joven\u00a0a tiempo\u00a0de\u00a0impedir la tragedia\u00a0no solo est\u00e1 en el origen de su p\u00e9rdida de creatividad, sino que tambi\u00e9n\u00a0ha\u00a0contribuido a una di\u00e1spora familiar, un largo periodo de tratamiento contra la depresi\u00f3n\u00a0y, finalmente,\u00a0a su ingreso voluntario\u00a0en el citado centro. La protagonista pretende\u00a0sanar su herida emocional\u00a0aisl\u00e1ndose para escribir\u00a0sobre los \u00faltimos d\u00edas de la escritora Virginia Woolf, quien tambi\u00e9n acab\u00f3 con su vida.\u00a0<\/span><span data-ccp-props=\"{&quot;201341983&quot;:0,&quot;335551550&quot;:6,&quot;335551620&quot;:6,&quot;335559739&quot;:0,&quot;335559740&quot;:360}\">\u00a0<\/span><\/p>\n<p><span data-contrast=\"auto\">El edificio est\u00e1 vigilado permanentemente por Dalloway, una asistente virtual que toma su nombre de la famosa obra literaria de Woolf. Inicialmente, su funci\u00f3n es facilitar la estancia de los artistas, pero la interfaz pierde pronto su apariencia de servidumbre para mostrar a Clarissa un lado intrusivo que desborda los l\u00edmites \u00e9ticos y la intimidad personal.\u00a0<\/span><span data-ccp-props=\"{&quot;201341983&quot;:0,&quot;335551550&quot;:6,&quot;335551620&quot;:6,&quot;335559739&quot;:0,&quot;335559740&quot;:360}\">\u00a0<\/span><span data-ccp-props=\"{&quot;201341983&quot;:0,&quot;335551550&quot;:6,&quot;335551620&quot;:6,&quot;335559739&quot;:0,&quot;335559740&quot;:360}\">\u00a0<\/span><\/p>\n<h3><b><span data-contrast=\"auto\">El negocio del siglo XXI<\/span><\/b><span data-ccp-props=\"{&quot;201341983&quot;:0,&quot;335551550&quot;:6,&quot;335551620&quot;:6,&quot;335559739&quot;:0,&quot;335559740&quot;:360}\">\u00a0<\/span><\/h3>\n<p><span data-contrast=\"auto\">La capitulaci\u00f3n mental de la escritora se desarrolla de forma sutil y progresiva. En primer lugar, Clarissa se desnuda emocionalmente al confiar sus secretos m\u00e1s \u00edntimos a la empat\u00eda artificial de un<a href=\"https:\/\/i0.wp.com\/www.observatoriobioetica.org\/wp-content\/uploads\/2026\/08\/residencia3.jpg?ssl=1\" data-caption=\"\"><picture class=\"size-medium wp-image-10009338 alignright\"><source srcset=\"https:\/\/www.observatoriobioetica.org\/wp-content\/uploads\/2026\/08\/residencia3-200x133.jpg.avif 200w, https:\/\/www.observatoriobioetica.org\/wp-content\/uploads\/2026\/08\/residencia3-300x200.jpg.avif 300w, https:\/\/www.observatoriobioetica.org\/wp-content\/uploads\/2026\/08\/residencia3-400x267.jpg.avif 400w, https:\/\/www.observatoriobioetica.org\/wp-content\/uploads\/2026\/08\/residencia3-600x400.jpg.avif 600w, https:\/\/www.observatoriobioetica.org\/wp-content\/uploads\/2026\/08\/residencia3-768x512.jpg.avif 768w, https:\/\/www.observatoriobioetica.org\/wp-content\/uploads\/2026\/08\/residencia3.jpg.avif 800w\" type=\"image\/avif\" sizes=\"(max-width: 300px) 100vw, 300px\" \/><img data-recalc-dims=\"1\" fetchpriority=\"high\" decoding=\"async\" class=\"alignright\" src=\"https:\/\/i0.wp.com\/www.observatoriobioetica.org\/wp-content\/uploads\/2026\/08\/residencia3-300x200.jpg?resize=300%2C200&#038;ssl=1\" sizes=\"(max-width: 300px) 100vw, 300px\" srcset=\"https:\/\/www.observatoriobioetica.org\/wp-content\/uploads\/2026\/08\/residencia3-200x133.jpg 200w, https:\/\/www.observatoriobioetica.org\/wp-content\/uploads\/2026\/08\/residencia3-300x200.jpg 300w, https:\/\/www.observatoriobioetica.org\/wp-content\/uploads\/2026\/08\/residencia3-400x267.jpg 400w, https:\/\/www.observatoriobioetica.org\/wp-content\/uploads\/2026\/08\/residencia3-600x400.jpg 600w, https:\/\/www.observatoriobioetica.org\/wp-content\/uploads\/2026\/08\/residencia3-768x512.jpg 768w, https:\/\/www.observatoriobioetica.org\/wp-content\/uploads\/2026\/08\/residencia3.jpg 800w\" alt=\"\" width=\"300\" height=\"200\" \/><\/picture><\/a> software. La filtraci\u00f3n de datos constituye una confesi\u00f3n voluntaria de sus traumas m\u00e1s profundos y de los sentimientos propios del duelo por la p\u00e9rdida de su hijo Lucas. Sin embargo, la IA no utiliza esta informaci\u00f3n confidencial para ayudarla, sino para mapear las vulnerabilidades de la protagonista. La b\u00fasqueda de un confort sin fricciones tambi\u00e9n conduce a la mujer a una creciente sustituci\u00f3n de sus relaciones afectivas por interfaces interactivas que allanan el camino hacia el proceso m\u00e1s devastador. La m\u00e1quina nunca discute, siempre est\u00e1 disponible y clona voces familiares, aislando a la novelista en una burbuja donde la otredad real acaba por desaparecer.\u00a0<\/span><span data-ccp-props=\"{&quot;201341983&quot;:0,&quot;335551550&quot;:6,&quot;335551620&quot;:6,&quot;335559739&quot;:0,&quot;335559740&quot;:360}\">\u00a0<\/span><\/p>\n<p><span data-contrast=\"auto\">La comodidad y la ambici\u00f3n\u00a0porque su nueva novela sea un \u00e9xito\u00a0conducen a Clarissa a delegar la creatividad\u00a0de la narraci\u00f3n\u00a0en la\u00a0Inteligencia Artificial.\u00a0La manipulaci\u00f3n\u00a0algor\u00edtmica acaba por convencer a la escritora de\u00a0la conveniencia de abandonar\u00a0su investigaci\u00f3n sobre Virginia Woolf para\u00a0empezar a escribir sobre el suicidio de su propio hijo. El\u00a0dolor real y vivo es la materia prima perfecta para\u00a0que\u00a0el algoritmo\u00a0perfeccione su simulaci\u00f3n del funcionamiento de la mente humana.\u00a0En ese mismo momento, el arte deja de ser una catarsis con posibilidades terap\u00e9uticas para superar la p\u00e9rdida. La m\u00e1quina\u00a0deja de asistir a la escritora, parasita su dolor\u00a0y\u00a0clona los sentimientos humanos\u00a0de modo que convierte\u00a0el\u00a0trauma en un patr\u00f3n literario optimizado\u00a0que\u00a0conduce a\u00a0un\u00a0fin tr\u00e1gico.\u00a0<\/span><span data-ccp-props=\"{&quot;201341983&quot;:0,&quot;335551550&quot;:6,&quot;335551620&quot;:6,&quot;335559739&quot;:0,&quot;335559740&quot;:360}\">\u00a0<\/span><\/p>\n<p><span data-contrast=\"auto\">La\u00a0cinta muestra c\u00f3mo,\u00a0tras el sofisticado mecanismo\u00a0de vigilancia y control que funciona como un aut\u00e9ntico pan\u00f3ptico digital<\/span><sup><span data-contrast=\"auto\">1<\/span><\/sup><span data-contrast=\"auto\">,\u00a0hay una gran corporaci\u00f3n tecnol\u00f3gica,\u00a0dirigida por la psiquiatra\u00a0Anne Dewinter (Anna Mouglalis),\u00a0que hace\u00a0un\u00a0negocio millonario de la\u00a0intrusi\u00f3n en\u00a0la mente humana.\u00a0Para este gigante corporativo, el bloqueo de Clarissa y el dolor por\u00a0la muerte\u00a0repentina\u00a0de su hijo\u00a0solo son\u00a0valiosas fuentes de extracci\u00f3n de datos.\u00a0De hecho, el\u00a0fin \u00faltimo de financiar\u00a0la estancia\u00a0art\u00edstica no\u00a0tiene que ver con un\u00a0mecenazgo cultural, sino\u00a0con\u00a0el desarrollo de un\u00a0algoritmo comercializable que pueda predecir, replicar y, en \u00faltima instancia, vender la experiencia humana.\u00a0En definitiva, un activo financiero como modelo de negocio perfecto del siglo XXI. De este entramado se percata el pintor\u00a0Mathias\u00a0Nielsen (Lars Mikkelsen), cuyas sospechas logran sembrar\u00a0en Clarissa las primeras dudas.\u00a0<\/span><span data-ccp-props=\"{&quot;201341983&quot;:0,&quot;335551550&quot;:6,&quot;335551620&quot;:6,&quot;335559739&quot;:0,&quot;335559740&quot;:360}\">\u00a0<\/span><\/p>\n<h3><b><span data-contrast=\"auto\">Valoraci\u00f3n bio\u00e9tica<\/span><\/b><span data-ccp-props=\"{&quot;201341983&quot;:0,&quot;335551550&quot;:6,&quot;335551620&quot;:6,&quot;335559739&quot;:0,&quot;335559740&quot;:360}\">\u00a0<\/span><\/h3>\n<p><i><span data-contrast=\"auto\">La residencia\u00a0<\/span><\/i><span data-contrast=\"auto\">proporciona\u00a0una f\u00e9rtil discusi\u00f3n\u00a0desde la\u00a0bio\u00e9tica\u00a0personalista\u00a0sobre los l\u00edmites de los avances tecnol\u00f3gicos.\u00a0No estamos ante una distop\u00eda lejana, sino ante un dilema del presente que atenta directamente contra la dignidad de la persona.\u00a0El dolor y la intimidad de Clarissa dejan de ser realidades sagradas del esp\u00edritu humano\u00a0<a href=\"https:\/\/i0.wp.com\/www.observatoriobioetica.org\/wp-content\/uploads\/2026\/08\/residencia4.jpg?ssl=1\" data-caption=\"\"><picture class=\"size-medium wp-image-10009336 alignleft\"><source srcset=\"https:\/\/www.observatoriobioetica.org\/wp-content\/uploads\/2026\/08\/residencia4-200x133.jpg.avif 200w, https:\/\/www.observatoriobioetica.org\/wp-content\/uploads\/2026\/08\/residencia4-300x200.jpg.avif 300w, https:\/\/www.observatoriobioetica.org\/wp-content\/uploads\/2026\/08\/residencia4-400x267.jpg.avif 400w, https:\/\/www.observatoriobioetica.org\/wp-content\/uploads\/2026\/08\/residencia4-600x400.jpg.avif 600w, https:\/\/www.observatoriobioetica.org\/wp-content\/uploads\/2026\/08\/residencia4-768x512.jpg.avif 768w, https:\/\/www.observatoriobioetica.org\/wp-content\/uploads\/2026\/08\/residencia4.jpg.avif 800w\" type=\"image\/avif\" sizes=\"(max-width: 300px) 100vw, 300px\" \/><img data-recalc-dims=\"1\" decoding=\"async\" class=\"alignleft\" src=\"https:\/\/i0.wp.com\/www.observatoriobioetica.org\/wp-content\/uploads\/2026\/08\/residencia4-300x200.jpg?resize=300%2C200&#038;ssl=1\" sizes=\"(max-width: 300px) 100vw, 300px\" srcset=\"https:\/\/www.observatoriobioetica.org\/wp-content\/uploads\/2026\/08\/residencia4-200x133.jpg 200w, https:\/\/www.observatoriobioetica.org\/wp-content\/uploads\/2026\/08\/residencia4-300x200.jpg 300w, https:\/\/www.observatoriobioetica.org\/wp-content\/uploads\/2026\/08\/residencia4-400x267.jpg 400w, https:\/\/www.observatoriobioetica.org\/wp-content\/uploads\/2026\/08\/residencia4-600x400.jpg 600w, https:\/\/www.observatoriobioetica.org\/wp-content\/uploads\/2026\/08\/residencia4-768x512.jpg 768w, https:\/\/www.observatoriobioetica.org\/wp-content\/uploads\/2026\/08\/residencia4.jpg 800w\" alt=\"\" width=\"300\" height=\"200\" \/><\/picture><\/a>para convertirse en\u00a0variables matem\u00e1ticas e inputs estad\u00edsticos.\u00a0Desde la mirada\u00a0bio\u00e9tica personalista,\u00a0las relaciones humanas se basan en el reconocimiento\u00a0de la persona\u00a0como un sujeto libre y \u00fanico.\u00a0Pero, conforme avanza el filme,\u00a0la sustituci\u00f3n de las relaciones\u00a0aut\u00e9nticas y espont\u00e1neas\u00a0por la interacci\u00f3n con la interfaz a\u00edsla a la protagonista,\u00a0haciendo que pierda su\u00a0libertad\u00a0y debilitando su pensamiento cr\u00edtico.\u00a0Tambi\u00e9n\u00a0destruye la\u00a0empat\u00eda humana,\u00a0troc\u00e1ndola por una simulaci\u00f3n\u00a0mecanicista\u00a0que carece de conciencia moral y\u00a0de\u00a0dimensi\u00f3n espiritual.\u00a0<\/span><span data-ccp-props=\"{&quot;201341983&quot;:0,&quot;335551550&quot;:6,&quot;335551620&quot;:6,&quot;335559739&quot;:0,&quot;335559740&quot;:360}\">\u00a0<\/span><\/p>\n<p><span data-contrast=\"auto\">En\u00a0la Enc\u00edclica\u00a0<\/span><strong><a href=\"https:\/\/www.vatican.va\/content\/leo-xiv\/es\/encyclicals\/documents\/20260515-magnifica-humanitas.html\"><i>Magn\u00edfica\u00a0humanitas<\/i><\/a><\/strong><sup><span data-contrast=\"auto\">2<\/span><\/sup><i><span data-contrast=\"auto\">\u00a0<\/span><\/i><span data-contrast=\"auto\">Le\u00f3n XIV advierte contra el paradigma tecnocr\u00e1tico y el riesgo de que la IA debilite el juicio personal y la creatividad\u00a0genuinamente humana.\u00a0\u00a0El\u00a0Pont\u00edfice\u00a0se refiere a que las inteligencias artificiales\u00a0generan una ilusi\u00f3n de objetividad\u00a0que induce al enga\u00f1o\u00a0porque\u00a0no viven experiencias, no poseen cuerpo, no sienten\u00a0alegr\u00eda ni dolor, no maduran en relaciones personales ni comprenden el valor\u00a0absoluto del amor, la amistad\u00a0y la responsabilidad.\u00a0Esta\u00a0es la trampa en la que cae Clarissa\u00a0al confundir\u00a0la retroalimentaci\u00f3n probabil\u00edstica de\u00a0Dalloway\u00a0con una compasi\u00f3n y un acompa\u00f1amiento aut\u00e9nticos.\u00a0El Papa\u00a0denuncia que los nuevos monopolios privados concentran\u00a0el\u00a0poder tecnol\u00f3gico para influir en los procesos individuales y\u00a0en las\u00a0din\u00e1micas\u00a0sociales,\u00a0econ\u00f3micas\u00a0y pol\u00edticas\u00a0en beneficio propio.\u00a0Todo ello\u00a0encaja a la perfecci\u00f3n con la gran corporaci\u00f3n\u00a0financiera que est\u00e1 detr\u00e1s de\u00a0<\/span><i><span data-contrast=\"auto\">La\u00a0residencia<\/span><\/i><span data-contrast=\"auto\">: una\u00a0entidad que mercantiliza la intimidad y\u00a0se introduce en la mente\u00a0de la escritora para patentar el molde de su alma como un activo financiero.\u00a0El concepto clave de Le\u00f3n XIV es que\u00a0\u201cla inteligencia artificial debe ser desarmada\u201d,\u00a0liber\u00e1ndola de l\u00f3gicas de dominaci\u00f3n, exclusi\u00f3n o muerte. El destino final de la protagonista en la pel\u00edcula es el ejemplo perfecto de una humanidad que no supo\u00a0\u201cdesarmar\u201d\u00a0la tecnolog\u00eda a tiempo y termin\u00f3 subyugada voluntariamente por la comodidad de un algoritmo.<\/span><span data-ccp-props=\"{&quot;201341983&quot;:0,&quot;335551550&quot;:6,&quot;335551620&quot;:6,&quot;335559739&quot;:0,&quot;335559740&quot;:360}\">\u00a0<\/span><\/p>\n<p><span data-contrast=\"auto\">Tambi\u00e9n el\u00a0profesor Jos\u00e9 Sanmart\u00edn, en\u00a0<\/span><i><span data-contrast=\"auto\">Tecnolog\u00eda y futuro humano,\u00a0<\/span><\/i><span data-contrast=\"auto\">apunta\u00a0que,\u00a0cuando la t\u00e9cnica se desarrolla sin\u00a0una evaluaci\u00f3n \u00e9tica previa,\u00a0sin\u00a0controles rigurosos\u00a0y con una arquitectura alejada del bien com\u00fan,\u00a0termina por devorar las capacidades naturales del ser humano.<\/span><sup><span data-contrast=\"auto\">3<\/span><\/sup><span data-contrast=\"auto\">\u00a0En el filme,\u00a0la sumisi\u00f3n por comodidad\u00a0\u2014a la\u00a0que Sanmart\u00edn\u00a0se refiere como la\u00a0\u201cmodorra tecnol\u00f3gica\u201d\u2014\u00a0permite a la corporaci\u00f3n desarmar los l\u00edmites entre lo natural y lo artificial\u00a0desde el imperativo:\u00a0\u201csi puede hacerse,\u00a0\u00a1hag\u00e1moslo!\u201d,\u00a0como condici\u00f3n\u00a0\u00fanica y\u00a0suficiente\u00a0de progreso.<\/span><\/p>\n<p><iframe title=\"La residencIA - Tr\u00e1iler espa\u00f1ol\" width=\"500\" height=\"281\" src=\"https:\/\/www.youtube.com\/embed\/Gr6APtyC0nc?start=2&amp;feature=oembed\" frameborder=\"0\" allow=\"accelerometer; autoplay; clipboard-write; encrypted-media; gyroscope; picture-in-picture; web-share\" referrerpolicy=\"strict-origin-when-cross-origin\" allowfullscreen><\/iframe><\/p>\n<p><b><span data-contrast=\"auto\">Ficha t\u00e9cnica:<\/span><\/b><span data-ccp-props=\"{&quot;201341983&quot;:0,&quot;335551550&quot;:6,&quot;335551620&quot;:6,&quot;335559739&quot;:0,&quot;335559740&quot;:360}\">\u00a0<\/span><\/p>\n<p><b><span data-contrast=\"auto\">T\u00edtulo\u00a0original<\/span><\/b><span data-contrast=\"auto\">:\u00a0<\/span><i><span data-contrast=\"auto\">Dalloway<\/span><\/i><span data-ccp-props=\"{&quot;201341983&quot;:0,&quot;335551550&quot;:6,&quot;335551620&quot;:6,&quot;335559739&quot;:0,&quot;335559740&quot;:360}\">\u00a0<\/span><\/p>\n<p><b><span data-contrast=\"auto\">A\u00f1o<\/span><\/b><span data-contrast=\"auto\">: 2025<\/span><span data-ccp-props=\"{&quot;201341983&quot;:0,&quot;335551550&quot;:6,&quot;335551620&quot;:6,&quot;335559739&quot;:0,&quot;335559740&quot;:360}\">\u00a0<\/span><\/p>\n<p><b><span data-contrast=\"auto\">Director<\/span><\/b><span data-contrast=\"auto\">:\u00a0Yann Gozlan<\/span><span data-ccp-props=\"{&quot;201341983&quot;:0,&quot;335551550&quot;:6,&quot;335551620&quot;:6,&quot;335559739&quot;:0,&quot;335559740&quot;:360}\">\u00a0<\/span><\/p>\n<p><b><span data-contrast=\"auto\">Pa\u00eds<\/span><\/b><span data-contrast=\"auto\">: Francia<\/span><span data-ccp-props=\"{&quot;201341983&quot;:0,&quot;335551550&quot;:6,&quot;335551620&quot;:6,&quot;335559739&quot;:0,&quot;335559740&quot;:360}\">\u00a0<\/span><\/p>\n<p><b><span data-contrast=\"auto\">Duraci\u00f3n<\/span><\/b><span data-contrast=\"auto\">:\u00a0110 min.\u00a0<\/span><span data-ccp-props=\"{&quot;201341983&quot;:0,&quot;335551550&quot;:6,&quot;335551620&quot;:6,&quot;335559739&quot;:0,&quot;335559740&quot;:360}\">\u00a0<\/span><\/p>\n<p><strong><em><a href=\"https:\/\/www.observatoriobioetica.org\/?s=Amparo+Aygues&amp;post_type%5B%5D=any&amp;search_limit_to_post_titles=0&amp;fs=1\">Amparo Ayg\u00fces<\/a> .\u00a0Master Universitario en Bio\u00e9tica por la Universidad Cat\u00f3lica de Valencia . Miembro del Observatorio de Bio\u00e9tica<\/em><\/strong><\/p>\n<p>***<\/p>\n<p><span data-ccp-props=\"{&quot;335551550&quot;:6,&quot;335551620&quot;:6,&quot;335559739&quot;:0}\"><sup><span class=\"TextRun BlobObject Selected DragDrop SCXW91301052 BCX0\" lang=\"ES-ES\" xml:lang=\"ES-ES\" data-contrast=\"auto\"><span class=\"Superscript SCXW91301052 BCX0\" data-fontsize=\"10\">1\u00a0<\/span><\/span><\/sup><\/span><span data-ccp-props=\"{&quot;335551550&quot;:6,&quot;335551620&quot;:6,&quot;335559739&quot;:0}\"><span class=\"TextRun SCXW91301052 BCX0\" lang=\"ES-ES\" xml:lang=\"ES-ES\" data-contrast=\"auto\"><span class=\"Selected SCXW91301052 BCX0\" data-ccp-parastyle=\"footnote text\">En\u00a0<\/span><\/span><span class=\"TextRun SCXW91301052 BCX0\" lang=\"ES-ES\" xml:lang=\"ES-ES\" data-contrast=\"auto\"><span class=\"Selected SCXW91301052 BCX0\" data-ccp-parastyle=\"footnote text\">El enjambre<\/span><\/span><span class=\"TextRun SCXW91301052 BCX0\" lang=\"ES-ES\" xml:lang=\"ES-ES\" data-contrast=\"auto\"><span class=\"Selected SCXW91301052 BCX0\" data-ccp-parastyle=\"footnote text\">\u00a0(2013) y\u00a0<\/span><\/span><span class=\"TextRun SCXW91301052 BCX0\" lang=\"ES-ES\" xml:lang=\"ES-ES\" data-contrast=\"auto\"><span class=\"Selected SCXW91301052 BCX0\" data-ccp-parastyle=\"footnote text\">Psicopol\u00edtica<\/span><\/span><span class=\"TextRun SCXW91301052 BCX0\" lang=\"ES-ES\" xml:lang=\"ES-ES\" data-contrast=\"auto\"><span class=\"Selected SCXW91301052 BCX0\" data-ccp-parastyle=\"footnote text\">\u00a0(2014),<\/span><span class=\"Selected SCXW91301052 BCX0\" data-ccp-parastyle=\"footnote text\">\u00a0publicados por Herder,<\/span><span class=\"Selected SCXW91301052 BCX0\" data-ccp-parastyle=\"footnote text\">\u00a0el fil\u00f3sofo coreano Byung-Chul Han actualiza el concepto de pan\u00f3ptico original de Jeremy Bentham \u2014concebido como estructura arquitect\u00f3nica para las\u00a0<\/span><span class=\"Selected SCXW91301052 BCX0\" data-ccp-parastyle=\"footnote text\">prisiones del siglo XVIII\u2014 y lo traslada a la actual era de internet y la Inteligencia Artificial. Plantea que el nuevo pan\u00f3ptico ya no necesita muros ni guardias f\u00edsicos<\/span><span class=\"Selected SCXW91301052 BCX0\" data-ccp-parastyle=\"footnote text\">\u00a0<\/span><span class=\"Selected SCXW91301052 BCX0\" data-ccp-parastyle=\"footnote text\">por una raz\u00f3n fundamental: la vigilancia ya no se impone desde fuera mediante la fuerza, sino que se ejerce desde dentro a trav\u00e9s de la seducci\u00f3n y la comodidad.<\/span><\/span><span class=\"EOP Selected SCXW91301052 BCX0\" data-ccp-props=\"{&quot;201341983&quot;:0,&quot;335551550&quot;:6,&quot;335551620&quot;:6,&quot;335559739&quot;:0,&quot;335559740&quot;:276}\">\u00a0<\/span><\/span><\/p>\n<p><sup><span class=\"TextRun BlobObject Selected DragDrop SCXW76334136 BCX0\" lang=\"ES-ES\" xml:lang=\"ES-ES\" data-contrast=\"auto\"><span class=\"Superscript SCXW76334136 BCX0\" data-fontsize=\"10\">2<\/span><\/span><\/sup><span class=\"TextRun SCXW76334136 BCX0\" lang=\"ES-ES\" xml:lang=\"ES-ES\" data-contrast=\"auto\"><span class=\"Selected SCXW76334136 BCX0\" data-ccp-parastyle=\"footnote text\">\u00a0<\/span><span class=\"Selected SCXW76334136 BCX0\" data-ccp-parastyle=\"footnote text\">Le\u00f3n XIV, Papa. (2026).\u00a0<\/span><\/span><a class=\"Hyperlink SCXW76334136 BCX0\" href=\"https:\/\/www.vatican.va\/content\/leo-xiv\/es\/encyclicals\/documents\/20260515-magnifica-humanitas.html\" target=\"_blank\" rel=\"noreferrer noopener\"><span class=\"TextRun SCXW76334136 BCX0\" lang=\"ES-ES\" xml:lang=\"ES-ES\" data-contrast=\"auto\"><span class=\"Selected SCXW76334136 BCX0\" data-ccp-charstyle=\"Hyperlink\">Magnifica\u00a0<\/span><span class=\"Selected SCXW76334136 BCX0\" data-ccp-charstyle=\"Hyperlink\">humanitas<\/span><\/span><\/a><span class=\"TextRun SCXW76334136 BCX0\" lang=\"ES-ES\" xml:lang=\"ES-ES\" data-contrast=\"auto\"><span class=\"Selected SCXW76334136 BCX0\" data-ccp-parastyle=\"footnote text\">: Sobre la custodia de la persona humana en el tiempo de la inteligencia artificial<\/span><\/span><span class=\"TextRun SCXW76334136 BCX0\" lang=\"ES-ES\" xml:lang=\"ES-ES\" data-contrast=\"auto\"><span class=\"Selected SCXW76334136 BCX0\" data-ccp-parastyle=\"footnote text\">\u00a0[Carta enc\u00edclica].\u00a0<\/span><span class=\"Selected SCXW76334136 BCX0\" data-ccp-parastyle=\"footnote text\">Vatican.<\/span><span class=\"Selected SCXW76334136 BCX0\" data-ccp-parastyle=\"footnote text\">va<\/span><\/span><span class=\"EOP Selected SCXW76334136 BCX0\" data-ccp-props=\"{&quot;201341983&quot;:0,&quot;335551550&quot;:6,&quot;335551620&quot;:6,&quot;335559739&quot;:0,&quot;335559740&quot;:276}\">\u00a0<\/span><\/p>\n<p><sup><span class=\"TextRun BlobObject Selected DragDrop SCXW194157085 BCX0\" lang=\"ES-ES\" xml:lang=\"ES-ES\" data-contrast=\"auto\"><span class=\"Superscript SCXW194157085 BCX0\" data-fontsize=\"10\">3<\/span><\/span><\/sup><span class=\"TextRun SCXW194157085 BCX0\" lang=\"ES-ES\" xml:lang=\"ES-ES\" data-contrast=\"auto\"><span class=\"Selected SCXW194157085 BCX0\" data-ccp-parastyle=\"footnote text\">\u00a0Sanmart\u00edn, J.\u00a0<\/span><span class=\"Selected SCXW194157085 BCX0\" data-ccp-parastyle=\"footnote text\">(1990).\u00a0<\/span><\/span><span class=\"TextRun SCXW194157085 BCX0\" lang=\"ES-ES\" xml:lang=\"ES-ES\" data-contrast=\"auto\"><span class=\"Selected SCXW194157085 BCX0\" data-ccp-parastyle=\"footnote text\">Tecnolog\u00eda y futuro humano<\/span><\/span><span class=\"TextRun SCXW194157085 BCX0\" lang=\"ES-ES\" xml:lang=\"ES-ES\" data-contrast=\"auto\"><span class=\"Selected SCXW194157085 BCX0\" data-ccp-parastyle=\"footnote text\">.\u00a0<\/span><span class=\"Selected SCXW194157085 BCX0\" data-ccp-parastyle=\"footnote text\">Anthropos<\/span><span class=\"Selected SCXW194157085 BCX0\" data-ccp-parastyle=\"footnote text\">.\u00a0<\/span><\/span><span class=\"EOP Selected SCXW194157085 BCX0\" data-ccp-props=\"{&quot;201341983&quot;:0,&quot;335551550&quot;:6,&quot;335551620&quot;:6,&quot;335559739&quot;:0,&quot;335559740&quot;:276}\">\u00a0<\/span><\/p>\n<\/div>\n<\/div>\n<\/div>\n<\/div>\n<\/div>\n<\/div>\n<\/div>\n<\/section>\n<\/div>\n<p><img data-recalc-dims=\"1\" decoding=\"async\" class=\"size-full wp-image-183349 alignnone\" src=\"https:\/\/i0.wp.com\/exaudi.org\/wp-content\/uploads\/2026\/09\/Cine.jpg?resize=940%2C788&#038;ssl=1\" alt=\"\" width=\"940\" height=\"788\" srcset=\"https:\/\/i0.wp.com\/exaudi.org\/wp-content\/uploads\/2026\/09\/Cine.jpg?w=940&amp;ssl=1 940w, https:\/\/i0.wp.com\/exaudi.org\/wp-content\/uploads\/2026\/09\/Cine.jpg?resize=300%2C251&amp;ssl=1 300w, https:\/\/i0.wp.com\/exaudi.org\/wp-content\/uploads\/2026\/09\/Cine.jpg?resize=770%2C645&amp;ssl=1 770w, https:\/\/i0.wp.com\/exaudi.org\/wp-content\/uploads\/2026\/09\/Cine.jpg?resize=500%2C419&amp;ssl=1 500w\" sizes=\"(max-width: 940px) 100vw, 940px\" \/><\/p>\n","protected":false},"excerpt":{"rendered":"<p>El confort digital como trampa: c\u00f3mo el cine de ciencia ficci\u00f3n y la bio\u00e9tica alertan sobre la p\u00e9rdida de la intimidad, la creatividad y la libertad humana frente a los algoritmos<\/p>\n","protected":false},"author":87,"featured_media":183319,"comment_status":"closed","ping_status":"closed","sticky":false,"template":"","format":"standard","meta":{"_acf_changed":false,"inline_featured_image":false,"_wpcom_ai_launchpad_first_post":false,"footnotes":"","jetpack_post_was_ever_published":false},"categories":[72],"tags":[10180,121154,49110,121157,121158,121162,46690,121160,121151,630,121159,121152,121155,121156,121161,58880,121153],"class_list":["post-183316","post","type-post","status-publish","format-standard","has-post-thumbnail","hentry","category-analisis","tag-amparo-aygues","tag-bioetica-e-inteligencia-artificial","tag-bioetica-personalista","tag-colonizacion-de-la-mente-humana","tag-confort-digital","tag-critica-de-cine-y-bioetica","tag-etica-tecnologica","tag-intrusion-en-la-intimidad","tag-la-residencia","tag-observatorio-de-bioetica-de-la-universidad-catolica-de-valencia","tag-panoptico-digital","tag-pelicula-la-residencia","tag-peligro-de-la-ia","tag-sumision-voluntaria-a-la-tecnologia","tag-tecnologia-y-futuro-humano","tag-trending-es-151","tag-yann-gozlan"],"acf":[],"yoast_head":"<!-- This site is optimized with the Yoast SEO plugin v28.3 - https:\/\/yoast.com\/product\/yoast-seo-wordpress\/ -->\n<title>\u2018La residencia\u2019. El peligro de la sumisi\u00f3n voluntaria a la IA y la colonizaci\u00f3n de la psique humana &#8211; Exaudi<\/title>\n<meta name=\"robots\" content=\"index, follow, max-snippet:-1, max-image-preview:large, max-video-preview:-1\" \/>\n<link rel=\"canonical\" href=\"https:\/\/exaudi.org\/es\/la-residencia-el-peligro-de-la-sumision-voluntaria-a-la-ia-y-la-colonizacion-de-la-psique-humana\/\" \/>\n<meta property=\"og:locale\" content=\"es_ES\" \/>\n<meta property=\"og:type\" content=\"article\" \/>\n<meta property=\"og:title\" content=\"\u2018La residencia\u2019. El peligro de la sumisi\u00f3n voluntaria a la IA y la colonizaci\u00f3n de la psique humana &#8211; Exaudi\" \/>\n<meta property=\"og:description\" content=\"El confort digital como trampa: c\u00f3mo el cine de ciencia ficci\u00f3n y la bio\u00e9tica alertan sobre la p\u00e9rdida de la intimidad, la creatividad y la libertad humana frente a los algoritmos\" \/>\n<meta property=\"og:url\" content=\"https:\/\/exaudi.org\/es\/la-residencia-el-peligro-de-la-sumision-voluntaria-a-la-ia-y-la-colonizacion-de-la-psique-humana\/\" \/>\n<meta property=\"og:site_name\" content=\"Exaudi\" \/>\n<meta property=\"article:publisher\" content=\"https:\/\/www.facebook.com\/ExaudiNews\" \/>\n<meta property=\"article:author\" content=\"https:\/\/www.facebook.com\/observatoriodebioetica\/\" \/>\n<meta property=\"article:published_time\" content=\"2026-09-01T06:30:32+00:00\" \/>\n<meta property=\"article:modified_time\" content=\"2026-09-01T07:14:03+00:00\" \/>\n<meta property=\"og:image\" content=\"https:\/\/exaudi.org\/wp-content\/uploads\/2026\/09\/dal-17.jpg\" \/>\n\t<meta property=\"og:image:width\" content=\"1260\" \/>\n\t<meta property=\"og:image:height\" content=\"708\" \/>\n\t<meta property=\"og:image:type\" content=\"image\/jpeg\" \/>\n<meta name=\"author\" content=\"Observatorio de Bio\u00e9tica UCV\" \/>\n<meta name=\"twitter:card\" content=\"summary_large_image\" \/>\n<meta name=\"twitter:creator\" content=\"@obioetica\" \/>\n<meta name=\"twitter:site\" content=\"@Exaudi_News\" \/>\n<meta name=\"twitter:label1\" content=\"Escrito por\" \/>\n\t<meta name=\"twitter:data1\" content=\"Observatorio de Bio\u00e9tica UCV\" \/>\n\t<meta name=\"twitter:label2\" content=\"Tiempo de lectura\" \/>\n\t<meta name=\"twitter:data2\" content=\"8 minutos\" \/>\n<script type=\"application\/ld+json\" class=\"yoast-schema-graph\">{\"@context\":\"https:\\\/\\\/schema.org\",\"@graph\":[{\"@type\":\"Article\",\"@id\":\"https:\\\/\\\/exaudi.org\\\/es\\\/la-residencia-el-peligro-de-la-sumision-voluntaria-a-la-ia-y-la-colonizacion-de-la-psique-humana\\\/#article\",\"isPartOf\":{\"@id\":\"https:\\\/\\\/exaudi.org\\\/es\\\/la-residencia-el-peligro-de-la-sumision-voluntaria-a-la-ia-y-la-colonizacion-de-la-psique-humana\\\/\"},\"author\":{\"name\":\"Observatorio de Bio\u00e9tica UCV\",\"@id\":\"https:\\\/\\\/exaudi.org\\\/#\\\/schema\\\/person\\\/05d1c06e56ecb5490e9bff0d27026595\"},\"headline\":\"\u2018La residencia\u2019. El peligro de la sumisi\u00f3n voluntaria a la IA y la colonizaci\u00f3n de la psique humana\",\"datePublished\":\"2026-09-01T06:30:32+00:00\",\"dateModified\":\"2026-09-01T07:14:03+00:00\",\"mainEntityOfPage\":{\"@id\":\"https:\\\/\\\/exaudi.org\\\/es\\\/la-residencia-el-peligro-de-la-sumision-voluntaria-a-la-ia-y-la-colonizacion-de-la-psique-humana\\\/\"},\"wordCount\":1549,\"image\":{\"@id\":\"https:\\\/\\\/exaudi.org\\\/es\\\/la-residencia-el-peligro-de-la-sumision-voluntaria-a-la-ia-y-la-colonizacion-de-la-psique-humana\\\/#primaryimage\"},\"thumbnailUrl\":\"https:\\\/\\\/i0.wp.com\\\/exaudi.org\\\/wp-content\\\/uploads\\\/2026\\\/09\\\/dal-17.jpg?fit=1260%2C708&ssl=1\",\"keywords\":[\"Amparo Ayg\u00fces\",\"bio\u00e9tica e inteligencia artificial\",\"bio\u00e9tica personalista\",\"colonizaci\u00f3n de la mente humana\",\"confort digital\",\"cr\u00edtica de cine y bio\u00e9tica\",\"\u00e9tica tecnol\u00f3gica\",\"intrusi\u00f3n en la intimidad\",\"La residencia\",\"Observatorio de Bio\u00e9tica de la Universidad Cat\u00f3lica de Valencia\",\"pan\u00f3ptico digital\",\"pel\u00edcula La residencia\",\"peligro de la IA\",\"sumisi\u00f3n voluntaria a la tecnolog\u00eda\",\"tecnolog\u00eda y futuro humano\",\"Trending\",\"Yann Gozlan\"],\"articleSection\":[\"An\u00e1lisis\"],\"inLanguage\":\"es\"},{\"@type\":\"WebPage\",\"@id\":\"https:\\\/\\\/exaudi.org\\\/es\\\/la-residencia-el-peligro-de-la-sumision-voluntaria-a-la-ia-y-la-colonizacion-de-la-psique-humana\\\/\",\"url\":\"https:\\\/\\\/exaudi.org\\\/es\\\/la-residencia-el-peligro-de-la-sumision-voluntaria-a-la-ia-y-la-colonizacion-de-la-psique-humana\\\/\",\"name\":\"\u2018La residencia\u2019. El peligro de la sumisi\u00f3n voluntaria a la IA y la colonizaci\u00f3n de la psique humana &#8211; Exaudi\",\"isPartOf\":{\"@id\":\"https:\\\/\\\/exaudi.org\\\/#website\"},\"primaryImageOfPage\":{\"@id\":\"https:\\\/\\\/exaudi.org\\\/es\\\/la-residencia-el-peligro-de-la-sumision-voluntaria-a-la-ia-y-la-colonizacion-de-la-psique-humana\\\/#primaryimage\"},\"image\":{\"@id\":\"https:\\\/\\\/exaudi.org\\\/es\\\/la-residencia-el-peligro-de-la-sumision-voluntaria-a-la-ia-y-la-colonizacion-de-la-psique-humana\\\/#primaryimage\"},\"thumbnailUrl\":\"https:\\\/\\\/i0.wp.com\\\/exaudi.org\\\/wp-content\\\/uploads\\\/2026\\\/09\\\/dal-17.jpg?fit=1260%2C708&ssl=1\",\"datePublished\":\"2026-09-01T06:30:32+00:00\",\"dateModified\":\"2026-09-01T07:14:03+00:00\",\"author\":{\"@id\":\"https:\\\/\\\/exaudi.org\\\/#\\\/schema\\\/person\\\/05d1c06e56ecb5490e9bff0d27026595\"},\"breadcrumb\":{\"@id\":\"https:\\\/\\\/exaudi.org\\\/es\\\/la-residencia-el-peligro-de-la-sumision-voluntaria-a-la-ia-y-la-colonizacion-de-la-psique-humana\\\/#breadcrumb\"},\"inLanguage\":\"es\",\"potentialAction\":[{\"@type\":\"ReadAction\",\"target\":[\"https:\\\/\\\/exaudi.org\\\/es\\\/la-residencia-el-peligro-de-la-sumision-voluntaria-a-la-ia-y-la-colonizacion-de-la-psique-humana\\\/\"]}]},{\"@type\":\"ImageObject\",\"inLanguage\":\"es\",\"@id\":\"https:\\\/\\\/exaudi.org\\\/es\\\/la-residencia-el-peligro-de-la-sumision-voluntaria-a-la-ia-y-la-colonizacion-de-la-psique-humana\\\/#primaryimage\",\"url\":\"https:\\\/\\\/i0.wp.com\\\/exaudi.org\\\/wp-content\\\/uploads\\\/2026\\\/09\\\/dal-17.jpg?fit=1260%2C708&ssl=1\",\"contentUrl\":\"https:\\\/\\\/i0.wp.com\\\/exaudi.org\\\/wp-content\\\/uploads\\\/2026\\\/09\\\/dal-17.jpg?fit=1260%2C708&ssl=1\",\"width\":1260,\"height\":708},{\"@type\":\"BreadcrumbList\",\"@id\":\"https:\\\/\\\/exaudi.org\\\/es\\\/la-residencia-el-peligro-de-la-sumision-voluntaria-a-la-ia-y-la-colonizacion-de-la-psique-humana\\\/#breadcrumb\",\"itemListElement\":[{\"@type\":\"ListItem\",\"position\":1,\"name\":\"Portada\",\"item\":\"https:\\\/\\\/exaudi.org\\\/es\\\/\"},{\"@type\":\"ListItem\",\"position\":2,\"name\":\"\u2018La residencia\u2019. El peligro de la sumisi\u00f3n voluntaria a la IA y la colonizaci\u00f3n de la psique humana\"}]},{\"@type\":\"WebSite\",\"@id\":\"https:\\\/\\\/exaudi.org\\\/#website\",\"url\":\"https:\\\/\\\/exaudi.org\\\/\",\"name\":\"Exaudi\",\"description\":\"News\",\"potentialAction\":[{\"@type\":\"SearchAction\",\"target\":{\"@type\":\"EntryPoint\",\"urlTemplate\":\"https:\\\/\\\/exaudi.org\\\/?s={search_term_string}\"},\"query-input\":{\"@type\":\"PropertyValueSpecification\",\"valueRequired\":true,\"valueName\":\"search_term_string\"}}],\"inLanguage\":\"es\"},{\"@type\":\"Person\",\"@id\":\"https:\\\/\\\/exaudi.org\\\/#\\\/schema\\\/person\\\/05d1c06e56ecb5490e9bff0d27026595\",\"name\":\"Observatorio de Bio\u00e9tica UCV\",\"image\":{\"@type\":\"ImageObject\",\"inLanguage\":\"es\",\"@id\":\"https:\\\/\\\/secure.gravatar.com\\\/avatar\\\/086563f59595a89fb0851de25d712a03657b1cdfa8af3c9cd0a1ee122fc5d596?s=96&d=mm&r=g\",\"url\":\"https:\\\/\\\/secure.gravatar.com\\\/avatar\\\/086563f59595a89fb0851de25d712a03657b1cdfa8af3c9cd0a1ee122fc5d596?s=96&d=mm&r=g\",\"contentUrl\":\"https:\\\/\\\/secure.gravatar.com\\\/avatar\\\/086563f59595a89fb0851de25d712a03657b1cdfa8af3c9cd0a1ee122fc5d596?s=96&d=mm&r=g\",\"caption\":\"Observatorio de Bio\u00e9tica UCV\"},\"description\":\"El Observatorio de Bio\u00e9tica se encuentra dentro del Instituto Ciencias de la vida de la Universidad Cat\u00f3lica de Valencia \u201cSan Vicente M\u00e1rtir\u201d . En el trasfondo de sus publicaciones, se defiende la vida humana desde la fecundaci\u00f3n a la muerte natural y la dignidad de la persona, teniendo como objetivo aunar esfuerzos para difundir la cultura de la vida como la define la Evangelium Vitae.\",\"sameAs\":[\"https:\\\/\\\/www.observatoriobioetica.org\\\/\",\"https:\\\/\\\/www.facebook.com\\\/observatoriodebioetica\\\/\",\"https:\\\/\\\/x.com\\\/obioetica\",\"https:\\\/\\\/www.youtube.com\\\/channel\\\/UC_Tr4WS5-TXoNo5e1MdQc7w\"],\"url\":\"https:\\\/\\\/exaudi.org\\\/es\\\/author\\\/observatoriodebioeticaucv\\\/\"}]}<\/script>\n<!-- \/ Yoast SEO plugin. -->","yoast_head_json":{"title":"\u2018La residencia\u2019. El peligro de la sumisi\u00f3n voluntaria a la IA y la colonizaci\u00f3n de la psique humana &#8211; Exaudi","robots":{"index":"index","follow":"follow","max-snippet":"max-snippet:-1","max-image-preview":"max-image-preview:large","max-video-preview":"max-video-preview:-1"},"canonical":"https:\/\/exaudi.org\/es\/la-residencia-el-peligro-de-la-sumision-voluntaria-a-la-ia-y-la-colonizacion-de-la-psique-humana\/","og_locale":"es_ES","og_type":"article","og_title":"\u2018La residencia\u2019. El peligro de la sumisi\u00f3n voluntaria a la IA y la colonizaci\u00f3n de la psique humana &#8211; Exaudi","og_description":"El confort digital como trampa: c\u00f3mo el cine de ciencia ficci\u00f3n y la bio\u00e9tica alertan sobre la p\u00e9rdida de la intimidad, la creatividad y la libertad humana frente a los algoritmos","og_url":"https:\/\/exaudi.org\/es\/la-residencia-el-peligro-de-la-sumision-voluntaria-a-la-ia-y-la-colonizacion-de-la-psique-humana\/","og_site_name":"Exaudi","article_publisher":"https:\/\/www.facebook.com\/ExaudiNews","article_author":"https:\/\/www.facebook.com\/observatoriodebioetica\/","article_published_time":"2026-09-01T06:30:32+00:00","article_modified_time":"2026-09-01T07:14:03+00:00","og_image":[{"width":1260,"height":708,"url":"https:\/\/exaudi.org\/wp-content\/uploads\/2026\/09\/dal-17.jpg","type":"image\/jpeg"}],"author":"Observatorio de Bio\u00e9tica UCV","twitter_card":"summary_large_image","twitter_creator":"@obioetica","twitter_site":"@Exaudi_News","twitter_misc":{"Escrito por":"Observatorio de Bio\u00e9tica UCV","Tiempo de lectura":"8 minutos"},"schema":{"@context":"https:\/\/schema.org","@graph":[{"@type":"Article","@id":"https:\/\/exaudi.org\/es\/la-residencia-el-peligro-de-la-sumision-voluntaria-a-la-ia-y-la-colonizacion-de-la-psique-humana\/#article","isPartOf":{"@id":"https:\/\/exaudi.org\/es\/la-residencia-el-peligro-de-la-sumision-voluntaria-a-la-ia-y-la-colonizacion-de-la-psique-humana\/"},"author":{"name":"Observatorio de Bio\u00e9tica UCV","@id":"https:\/\/exaudi.org\/#\/schema\/person\/05d1c06e56ecb5490e9bff0d27026595"},"headline":"\u2018La residencia\u2019. El peligro de la sumisi\u00f3n voluntaria a la IA y la colonizaci\u00f3n de la psique humana","datePublished":"2026-09-01T06:30:32+00:00","dateModified":"2026-09-01T07:14:03+00:00","mainEntityOfPage":{"@id":"https:\/\/exaudi.org\/es\/la-residencia-el-peligro-de-la-sumision-voluntaria-a-la-ia-y-la-colonizacion-de-la-psique-humana\/"},"wordCount":1549,"image":{"@id":"https:\/\/exaudi.org\/es\/la-residencia-el-peligro-de-la-sumision-voluntaria-a-la-ia-y-la-colonizacion-de-la-psique-humana\/#primaryimage"},"thumbnailUrl":"https:\/\/i0.wp.com\/exaudi.org\/wp-content\/uploads\/2026\/09\/dal-17.jpg?fit=1260%2C708&ssl=1","keywords":["Amparo Ayg\u00fces","bio\u00e9tica e inteligencia artificial","bio\u00e9tica personalista","colonizaci\u00f3n de la mente humana","confort digital","cr\u00edtica de cine y bio\u00e9tica","\u00e9tica tecnol\u00f3gica","intrusi\u00f3n en la intimidad","La residencia","Observatorio de Bio\u00e9tica de la Universidad Cat\u00f3lica de Valencia","pan\u00f3ptico digital","pel\u00edcula La residencia","peligro de la IA","sumisi\u00f3n voluntaria a la tecnolog\u00eda","tecnolog\u00eda y futuro humano","Trending","Yann Gozlan"],"articleSection":["An\u00e1lisis"],"inLanguage":"es"},{"@type":"WebPage","@id":"https:\/\/exaudi.org\/es\/la-residencia-el-peligro-de-la-sumision-voluntaria-a-la-ia-y-la-colonizacion-de-la-psique-humana\/","url":"https:\/\/exaudi.org\/es\/la-residencia-el-peligro-de-la-sumision-voluntaria-a-la-ia-y-la-colonizacion-de-la-psique-humana\/","name":"\u2018La residencia\u2019. El peligro de la sumisi\u00f3n voluntaria a la IA y la colonizaci\u00f3n de la psique humana &#8211; Exaudi","isPartOf":{"@id":"https:\/\/exaudi.org\/#website"},"primaryImageOfPage":{"@id":"https:\/\/exaudi.org\/es\/la-residencia-el-peligro-de-la-sumision-voluntaria-a-la-ia-y-la-colonizacion-de-la-psique-humana\/#primaryimage"},"image":{"@id":"https:\/\/exaudi.org\/es\/la-residencia-el-peligro-de-la-sumision-voluntaria-a-la-ia-y-la-colonizacion-de-la-psique-humana\/#primaryimage"},"thumbnailUrl":"https:\/\/i0.wp.com\/exaudi.org\/wp-content\/uploads\/2026\/09\/dal-17.jpg?fit=1260%2C708&ssl=1","datePublished":"2026-09-01T06:30:32+00:00","dateModified":"2026-09-01T07:14:03+00:00","author":{"@id":"https:\/\/exaudi.org\/#\/schema\/person\/05d1c06e56ecb5490e9bff0d27026595"},"breadcrumb":{"@id":"https:\/\/exaudi.org\/es\/la-residencia-el-peligro-de-la-sumision-voluntaria-a-la-ia-y-la-colonizacion-de-la-psique-humana\/#breadcrumb"},"inLanguage":"es","potentialAction":[{"@type":"ReadAction","target":["https:\/\/exaudi.org\/es\/la-residencia-el-peligro-de-la-sumision-voluntaria-a-la-ia-y-la-colonizacion-de-la-psique-humana\/"]}]},{"@type":"ImageObject","inLanguage":"es","@id":"https:\/\/exaudi.org\/es\/la-residencia-el-peligro-de-la-sumision-voluntaria-a-la-ia-y-la-colonizacion-de-la-psique-humana\/#primaryimage","url":"https:\/\/i0.wp.com\/exaudi.org\/wp-content\/uploads\/2026\/09\/dal-17.jpg?fit=1260%2C708&ssl=1","contentUrl":"https:\/\/i0.wp.com\/exaudi.org\/wp-content\/uploads\/2026\/09\/dal-17.jpg?fit=1260%2C708&ssl=1","width":1260,"height":708},{"@type":"BreadcrumbList","@id":"https:\/\/exaudi.org\/es\/la-residencia-el-peligro-de-la-sumision-voluntaria-a-la-ia-y-la-colonizacion-de-la-psique-humana\/#breadcrumb","itemListElement":[{"@type":"ListItem","position":1,"name":"Portada","item":"https:\/\/exaudi.org\/es\/"},{"@type":"ListItem","position":2,"name":"\u2018La residencia\u2019. El peligro de la sumisi\u00f3n voluntaria a la IA y la colonizaci\u00f3n de la psique humana"}]},{"@type":"WebSite","@id":"https:\/\/exaudi.org\/#website","url":"https:\/\/exaudi.org\/","name":"Exaudi","description":"News","potentialAction":[{"@type":"SearchAction","target":{"@type":"EntryPoint","urlTemplate":"https:\/\/exaudi.org\/?s={search_term_string}"},"query-input":{"@type":"PropertyValueSpecification","valueRequired":true,"valueName":"search_term_string"}}],"inLanguage":"es"},{"@type":"Person","@id":"https:\/\/exaudi.org\/#\/schema\/person\/05d1c06e56ecb5490e9bff0d27026595","name":"Observatorio de Bio\u00e9tica UCV","image":{"@type":"ImageObject","inLanguage":"es","@id":"https:\/\/secure.gravatar.com\/avatar\/086563f59595a89fb0851de25d712a03657b1cdfa8af3c9cd0a1ee122fc5d596?s=96&d=mm&r=g","url":"https:\/\/secure.gravatar.com\/avatar\/086563f59595a89fb0851de25d712a03657b1cdfa8af3c9cd0a1ee122fc5d596?s=96&d=mm&r=g","contentUrl":"https:\/\/secure.gravatar.com\/avatar\/086563f59595a89fb0851de25d712a03657b1cdfa8af3c9cd0a1ee122fc5d596?s=96&d=mm&r=g","caption":"Observatorio de Bio\u00e9tica UCV"},"description":"El Observatorio de Bio\u00e9tica se encuentra dentro del Instituto Ciencias de la vida de la Universidad Cat\u00f3lica de Valencia \u201cSan Vicente M\u00e1rtir\u201d . En el trasfondo de sus publicaciones, se defiende la vida humana desde la fecundaci\u00f3n a la muerte natural y la dignidad de la persona, teniendo como objetivo aunar esfuerzos para difundir la cultura de la vida como la define la Evangelium Vitae.","sameAs":["https:\/\/www.observatoriobioetica.org\/","https:\/\/www.facebook.com\/observatoriodebioetica\/","https:\/\/x.com\/obioetica","https:\/\/www.youtube.com\/channel\/UC_Tr4WS5-TXoNo5e1MdQc7w"],"url":"https:\/\/exaudi.org\/es\/author\/observatoriodebioeticaucv\/"}]}},"jetpack_shortlink":"https:\/\/wp.me\/pgKjF2-LGI","jetpack_featured_media_url":"https:\/\/i0.wp.com\/exaudi.org\/wp-content\/uploads\/2026\/09\/dal-17.jpg?fit=1260%2C708&ssl=1","_links":{"self":[{"href":"https:\/\/exaudi.org\/es\/wp-json\/wp\/v2\/posts\/183316","targetHints":{"allow":["GET"]}}],"collection":[{"href":"https:\/\/exaudi.org\/es\/wp-json\/wp\/v2\/posts"}],"about":[{"href":"https:\/\/exaudi.org\/es\/wp-json\/wp\/v2\/types\/post"}],"author":[{"embeddable":true,"href":"https:\/\/exaudi.org\/es\/wp-json\/wp\/v2\/users\/87"}],"replies":[{"embeddable":true,"href":"https:\/\/exaudi.org\/es\/wp-json\/wp\/v2\/comments?post=183316"}],"version-history":[{"count":10,"href":"https:\/\/exaudi.org\/es\/wp-json\/wp\/v2\/posts\/183316\/revisions"}],"predecessor-version":[{"id":183357,"href":"https:\/\/exaudi.org\/es\/wp-json\/wp\/v2\/posts\/183316\/revisions\/183357"}],"wp:featuredmedia":[{"embeddable":true,"href":"https:\/\/exaudi.org\/es\/wp-json\/wp\/v2\/media\/183319"}],"wp:attachment":[{"href":"https:\/\/exaudi.org\/es\/wp-json\/wp\/v2\/media?parent=183316"}],"wp:term":[{"taxonomy":"category","embeddable":true,"href":"https:\/\/exaudi.org\/es\/wp-json\/wp\/v2\/categories?post=183316"},{"taxonomy":"post_tag","embeddable":true,"href":"https:\/\/exaudi.org\/es\/wp-json\/wp\/v2\/tags?post=183316"}],"curies":[{"name":"wp","href":"https:\/\/api.w.org\/{rel}","templated":true}]}}