{"id":183232,"date":"2026-08-31T07:45:35","date_gmt":"2026-08-31T05:45:35","guid":{"rendered":"https:\/\/exaudi.org\/?p=183232"},"modified":"2026-08-31T09:56:34","modified_gmt":"2026-08-31T07:56:34","slug":"el-milagro-que-vence-al-silencio-san-ramon-nonato-y-la-audacia-de-dar-la-vida-31-de-agosto","status":"publish","type":"post","link":"https:\/\/exaudi.org\/es\/el-milagro-que-vence-al-silencio-san-ramon-nonato-y-la-audacia-de-dar-la-vida-31-de-agosto\/","title":{"rendered":"El milagro que vence al silencio: San Ram\u00f3n Nonato y la audacia de dar la vida. 31 de agosto"},"content":{"rendered":"<p>Cada 31 de agosto, la liturgia cat\u00f3lica dirige su mirada a una de las figuras mas singulares y profundamente entra\u00f1ables del santoral: <strong>San Ram\u00f3n Nonato (1204\u20131240)<\/strong>. Su apelativo tradicional \u2014<em>non natus<\/em>, \u00abno nacido\u00bb por v\u00eda ordinaria\u2014 evoca de inmediato el primer milagro de su existencia. Extra\u00eddo mediante una intervenci\u00f3n milagrosa del vientre de su madre ya fallecida en Portell (L\u00e9rida), su llegada al mundo encarn\u00f3 desde el primer instante el triunfo sagrado de la vida sobre la muerte.<\/p>\n<p><iframe title=\"Spotify Embed: El milagro que vence al silencio: San Ram\u00f3n Nonato y la audacia de dar la vida. 31 de agosto\" style=\"border-radius: 12px\" width=\"100%\" height=\"152\" frameborder=\"0\" allowfullscreen allow=\"autoplay; clipboard-write; encrypted-media; fullscreen; picture-in-picture\" loading=\"lazy\" src=\"https:\/\/open.spotify.com\/embed\/episode\/177YiZfmyo1XJcdWcxiFWA?si=zzfBZAqFQgGfnbB5Qz73rw&amp;utm_source=oembed\"><\/iframe><\/p>\n<p>Es comprensible que la piedad popular lo venere de forma entra\u00f1able como <strong>patrono de las gestantes, los reci\u00e9n nacidos y las familias que anhelan el don de la maternidad<\/strong>. Sin embargo, al desentra\u00f1ar la hagiograf\u00eda de las fuentes hist\u00f3ricas mercedarias, descubrimos en Ram\u00f3n a un te\u00f3logo de la acci\u00f3n, a un reformador audaz y a un testigo radical de la libertad evang\u00e9lica.<\/p>\n<h3><strong>Redimir en la carne: la radicalidad de la Orden de la Merced<\/strong><\/h3>\n<p>En pleno siglo XIII, atra\u00eddo por la labor de San Pedro Nolasco, Ram\u00f3n visti\u00f3 el h\u00e1bito blanco de la Orden de la Bienaventurada Virgen Mar\u00eda de la Merced. La misi\u00f3n mercedaria no era una obra asistencial abstracta; conllevaba el c\u00e9lebre <strong>cuarto voto<\/strong>: <em>quedarse como reh\u00e9n en lugar de un cautivo si no bastaba el dinero para su rescate<\/em>.<\/p>\n<p>En las costas del norte de \u00c1frica, Ram\u00f3n entreg\u00f3 sus propios bienes y su seguridad. Cuando los recursos financieros se agotaron, <strong>ofreci\u00f3 su propia persona a cambio de la libertad de los esclavos m\u00e1s d\u00e9biles<\/strong> y amenazados en su fe. All\u00ed, en la cautividad, su presencia no fue pasiva: consol\u00f3 a los afligidos, sostuvo la esperanza de los desesperanzados y convirti\u00f3 el cautiverio en un altar de dignificaci\u00f3n humana.<\/p>\n<h3><strong>El candado en los labios: el triunfo de la palabra interior<\/strong><\/h3>\n<p>Para frenar su pr\u00e9dica incansable y su labor de acompa\u00f1amiento a los cautivos, sus apresadores le atravesaron los labios con un hierro candente y le colocaron un candado. Aquel acto de crueldad buscaba imponer el olvido y la censura; sin embargo, las fuentes espirituales recuerdan c\u00f3mo se transform\u00f3 en un icono prof\u00e9tico.<\/p>\n<p>La iconograf\u00eda tradicional representa a San Ram\u00f3n con el candado en la boca o el capelo cardenalicio a los pies, desestimando los honores humanos para abrasarse \u00fanicamente en la caridad. Su silencio forzado se convirti\u00f3 en una elocuente lecci\u00f3n para el mundo contempor\u00e1neo:<\/p>\n<ul>\n<li><strong>Frente a la cultura del chisme y la calumnia:<\/strong> En una \u00e9poca dominada por el ruido y la difamaci\u00f3n, San Ram\u00f3n ens\u00e9\u00f1a a custodiar la palabra para que solo sirva al edificaci\u00f3n del pr\u00f3jimo.<\/li>\n<li><strong>La elocuencia del testimonio:<\/strong> Cuando las palabras son acalladas, la coherencia de la vida vivida en Dios sigue hablando con una fuerza imparable.<\/li>\n<li><strong>Preservaci\u00f3n del misterio:<\/strong> El silencio exterior del santo dio paso a una intensa oraci\u00f3n de intercesi\u00f3n que sostuvo a cientos de cautivos en la penumbra.<\/li>\n<\/ul>\n<h3><strong>Un faro did\u00e1ctico para la cultura de hoy<\/strong><\/h3>\n<p>Celebrar a San Ram\u00f3n Nonato en la actualidad invita a renovar el compromiso con la vida en todas sus etapas y vertientes. Nos propone tres llamadas fundamentales:<\/p>\n<ol>\n<li><strong>Apostar por el milagro de cada gestaci\u00f3n:<\/strong> Reconocer la sacralidad de la vida naciente y rodear a las madres de una red real de apoyo material, afectivo y espiritual.<\/li>\n<li><strong>Desatar los candados del alma:<\/strong> Aprender a dominar la lengua frente a la murmuraci\u00f3n y emplear la palabra para edificar paz y verdad.<\/li>\n<li><strong>Rescatar a las nuevas cautiverios:<\/strong> Acudir al auxilio de quienes hoy sufren esclavitudes invisibles \u2014la soledad, la desesperanza o la p\u00e9rdida del sentido de la existencia\u2014.<\/li>\n<\/ol>\n<p>San Ram\u00f3n Nonato, nombrado cardenal por el papa Gregorio IX poco antes de su partida al cielo en 1240, sigue caminando al lado de cada hogar que espera una bendici\u00f3n. Su vida es la prueba irrefutable de que la caridad verdadera no conoce fronteras y de que la luz de Cristo jam\u00e1s puede ser amordazada.<\/p>\n<p><img data-recalc-dims=\"1\" fetchpriority=\"high\" decoding=\"async\" class=\"size-full wp-image-183235 alignnone\" src=\"https:\/\/i0.wp.com\/exaudi.org\/wp-content\/uploads\/2026\/08\/Santoral-4.jpg?resize=1080%2C1080&#038;ssl=1\" alt=\"\" width=\"1080\" height=\"1080\" srcset=\"https:\/\/i0.wp.com\/exaudi.org\/wp-content\/uploads\/2026\/08\/Santoral-4.jpg?w=1080&amp;ssl=1 1080w, https:\/\/i0.wp.com\/exaudi.org\/wp-content\/uploads\/2026\/08\/Santoral-4.jpg?resize=300%2C300&amp;ssl=1 300w, https:\/\/i0.wp.com\/exaudi.org\/wp-content\/uploads\/2026\/08\/Santoral-4.jpg?resize=1024%2C1024&amp;ssl=1 1024w, https:\/\/i0.wp.com\/exaudi.org\/wp-content\/uploads\/2026\/08\/Santoral-4.jpg?resize=100%2C100&amp;ssl=1 100w, https:\/\/i0.wp.com\/exaudi.org\/wp-content\/uploads\/2026\/08\/Santoral-4.jpg?resize=770%2C770&amp;ssl=1 770w, https:\/\/i0.wp.com\/exaudi.org\/wp-content\/uploads\/2026\/08\/Santoral-4.jpg?resize=500%2C500&amp;ssl=1 500w\" sizes=\"(max-width: 1000px) 100vw, 1000px\" \/><\/p>\n","protected":false},"excerpt":{"rendered":"<p>M\u00e1s all\u00e1 de la protecci\u00f3n a las embarazadas, la memoria del santo del candado en la boca nos regala hoy una lecci\u00f3n magistral: el verdadero Amor no se deja acallar cuando se trata de custodiar la dignidad humana<\/p>\n","protected":false},"author":15,"featured_media":183238,"comment_status":"closed","ping_status":"closed","sticky":false,"template":"","format":"standard","meta":{"_acf_changed":false,"inline_featured_image":false,"_wpcom_ai_launchpad_first_post":false,"footnotes":"","jetpack_post_was_ever_published":false},"categories":[74,2772],"tags":[77038,387,58880],"class_list":["post-183232","post","type-post","status-publish","format-standard","has-post-thumbnail","hentry","category-iglesia-y-mundo","category-santoral","tag-san-ramon-nonato","tag-santoral","tag-trending-es-151"],"acf":[],"yoast_head":"<!-- This site is optimized with the Yoast SEO plugin v28.3 - https:\/\/yoast.com\/product\/yoast-seo-wordpress\/ -->\n<title>El milagro que vence al silencio: San Ram\u00f3n Nonato y la audacia de dar la vida. 31 de agosto &#8211; Exaudi<\/title>\n<meta name=\"robots\" content=\"index, follow, max-snippet:-1, max-image-preview:large, max-video-preview:-1\" \/>\n<link rel=\"canonical\" href=\"https:\/\/exaudi.org\/es\/el-milagro-que-vence-al-silencio-san-ramon-nonato-y-la-audacia-de-dar-la-vida-31-de-agosto\/\" \/>\n<meta property=\"og:locale\" content=\"es_ES\" \/>\n<meta property=\"og:type\" content=\"article\" \/>\n<meta property=\"og:title\" content=\"El milagro que vence al silencio: San Ram\u00f3n Nonato y la audacia de dar la vida. 31 de agosto &#8211; Exaudi\" \/>\n<meta property=\"og:description\" content=\"M\u00e1s all\u00e1 de la protecci\u00f3n a las embarazadas, la memoria del santo del candado en la boca nos regala hoy una lecci\u00f3n magistral: el verdadero Amor no se deja acallar cuando se trata de custodiar la dignidad humana\" \/>\n<meta property=\"og:url\" content=\"https:\/\/exaudi.org\/es\/el-milagro-que-vence-al-silencio-san-ramon-nonato-y-la-audacia-de-dar-la-vida-31-de-agosto\/\" \/>\n<meta property=\"og:site_name\" content=\"Exaudi\" \/>\n<meta property=\"article:publisher\" content=\"https:\/\/www.facebook.com\/ExaudiNews\" \/>\n<meta property=\"article:author\" content=\"https:\/\/www.facebook.com\/ExaudiNoticias\/\" \/>\n<meta property=\"article:published_time\" content=\"2026-08-31T05:45:35+00:00\" \/>\n<meta property=\"article:modified_time\" content=\"2026-08-31T07:56:34+00:00\" \/>\n<meta property=\"og:image\" content=\"https:\/\/exaudi.org\/wp-content\/uploads\/2026\/08\/san-ramon-nonato_103.webp\" \/>\n\t<meta property=\"og:image:width\" content=\"1200\" \/>\n\t<meta property=\"og:image:height\" content=\"900\" \/>\n\t<meta property=\"og:image:type\" content=\"image\/webp\" \/>\n<meta name=\"author\" content=\"Exaudi Redacci\u00f3n\" \/>\n<meta name=\"twitter:card\" content=\"summary_large_image\" \/>\n<meta name=\"twitter:creator\" content=\"@Exaudi_noticias\" \/>\n<meta name=\"twitter:site\" content=\"@Exaudi_News\" \/>\n<meta name=\"twitter:label1\" content=\"Escrito por\" \/>\n\t<meta name=\"twitter:data1\" content=\"Exaudi Redacci\u00f3n\" \/>\n\t<meta name=\"twitter:label2\" content=\"Tiempo de lectura\" \/>\n\t<meta name=\"twitter:data2\" content=\"3 minutos\" \/>\n<script type=\"application\/ld+json\" class=\"yoast-schema-graph\">{\"@context\":\"https:\\\/\\\/schema.org\",\"@graph\":[{\"@type\":\"Article\",\"@id\":\"https:\\\/\\\/exaudi.org\\\/es\\\/el-milagro-que-vence-al-silencio-san-ramon-nonato-y-la-audacia-de-dar-la-vida-31-de-agosto\\\/#article\",\"isPartOf\":{\"@id\":\"https:\\\/\\\/exaudi.org\\\/es\\\/el-milagro-que-vence-al-silencio-san-ramon-nonato-y-la-audacia-de-dar-la-vida-31-de-agosto\\\/\"},\"author\":{\"name\":\"Exaudi Redacci\u00f3n\",\"@id\":\"https:\\\/\\\/exaudi.org\\\/#\\\/schema\\\/person\\\/f5fc8f063065e38742da7afe15f25df7\"},\"headline\":\"El milagro que vence al silencio: San Ram\u00f3n Nonato y la audacia de dar la vida. 31 de agosto\",\"datePublished\":\"2026-08-31T05:45:35+00:00\",\"dateModified\":\"2026-08-31T07:56:34+00:00\",\"mainEntityOfPage\":{\"@id\":\"https:\\\/\\\/exaudi.org\\\/es\\\/el-milagro-que-vence-al-silencio-san-ramon-nonato-y-la-audacia-de-dar-la-vida-31-de-agosto\\\/\"},\"wordCount\":717,\"image\":{\"@id\":\"https:\\\/\\\/exaudi.org\\\/es\\\/el-milagro-que-vence-al-silencio-san-ramon-nonato-y-la-audacia-de-dar-la-vida-31-de-agosto\\\/#primaryimage\"},\"thumbnailUrl\":\"https:\\\/\\\/i0.wp.com\\\/exaudi.org\\\/wp-content\\\/uploads\\\/2026\\\/08\\\/san-ramon-nonato_103.webp?fit=1200%2C900&ssl=1\",\"keywords\":[\"san Ram\u00f3n Nonato\",\"Santoral\",\"Trending\"],\"articleSection\":[\"Iglesia y Mundo\",\"Santoral\"],\"inLanguage\":\"es\"},{\"@type\":\"WebPage\",\"@id\":\"https:\\\/\\\/exaudi.org\\\/es\\\/el-milagro-que-vence-al-silencio-san-ramon-nonato-y-la-audacia-de-dar-la-vida-31-de-agosto\\\/\",\"url\":\"https:\\\/\\\/exaudi.org\\\/es\\\/el-milagro-que-vence-al-silencio-san-ramon-nonato-y-la-audacia-de-dar-la-vida-31-de-agosto\\\/\",\"name\":\"El milagro que vence al silencio: San Ram\u00f3n Nonato y la audacia de dar la vida. 31 de agosto &#8211; Exaudi\",\"isPartOf\":{\"@id\":\"https:\\\/\\\/exaudi.org\\\/#website\"},\"primaryImageOfPage\":{\"@id\":\"https:\\\/\\\/exaudi.org\\\/es\\\/el-milagro-que-vence-al-silencio-san-ramon-nonato-y-la-audacia-de-dar-la-vida-31-de-agosto\\\/#primaryimage\"},\"image\":{\"@id\":\"https:\\\/\\\/exaudi.org\\\/es\\\/el-milagro-que-vence-al-silencio-san-ramon-nonato-y-la-audacia-de-dar-la-vida-31-de-agosto\\\/#primaryimage\"},\"thumbnailUrl\":\"https:\\\/\\\/i0.wp.com\\\/exaudi.org\\\/wp-content\\\/uploads\\\/2026\\\/08\\\/san-ramon-nonato_103.webp?fit=1200%2C900&ssl=1\",\"datePublished\":\"2026-08-31T05:45:35+00:00\",\"dateModified\":\"2026-08-31T07:56:34+00:00\",\"author\":{\"@id\":\"https:\\\/\\\/exaudi.org\\\/#\\\/schema\\\/person\\\/f5fc8f063065e38742da7afe15f25df7\"},\"breadcrumb\":{\"@id\":\"https:\\\/\\\/exaudi.org\\\/es\\\/el-milagro-que-vence-al-silencio-san-ramon-nonato-y-la-audacia-de-dar-la-vida-31-de-agosto\\\/#breadcrumb\"},\"inLanguage\":\"es\",\"potentialAction\":[{\"@type\":\"ReadAction\",\"target\":[\"https:\\\/\\\/exaudi.org\\\/es\\\/el-milagro-que-vence-al-silencio-san-ramon-nonato-y-la-audacia-de-dar-la-vida-31-de-agosto\\\/\"]}]},{\"@type\":\"ImageObject\",\"inLanguage\":\"es\",\"@id\":\"https:\\\/\\\/exaudi.org\\\/es\\\/el-milagro-que-vence-al-silencio-san-ramon-nonato-y-la-audacia-de-dar-la-vida-31-de-agosto\\\/#primaryimage\",\"url\":\"https:\\\/\\\/i0.wp.com\\\/exaudi.org\\\/wp-content\\\/uploads\\\/2026\\\/08\\\/san-ramon-nonato_103.webp?fit=1200%2C900&ssl=1\",\"contentUrl\":\"https:\\\/\\\/i0.wp.com\\\/exaudi.org\\\/wp-content\\\/uploads\\\/2026\\\/08\\\/san-ramon-nonato_103.webp?fit=1200%2C900&ssl=1\",\"width\":1200,\"height\":900},{\"@type\":\"BreadcrumbList\",\"@id\":\"https:\\\/\\\/exaudi.org\\\/es\\\/el-milagro-que-vence-al-silencio-san-ramon-nonato-y-la-audacia-de-dar-la-vida-31-de-agosto\\\/#breadcrumb\",\"itemListElement\":[{\"@type\":\"ListItem\",\"position\":1,\"name\":\"Portada\",\"item\":\"https:\\\/\\\/exaudi.org\\\/es\\\/\"},{\"@type\":\"ListItem\",\"position\":2,\"name\":\"El milagro que vence al silencio: San Ram\u00f3n Nonato y la audacia de dar la vida. 31 de agosto\"}]},{\"@type\":\"WebSite\",\"@id\":\"https:\\\/\\\/exaudi.org\\\/#website\",\"url\":\"https:\\\/\\\/exaudi.org\\\/\",\"name\":\"Exaudi\",\"description\":\"News\",\"potentialAction\":[{\"@type\":\"SearchAction\",\"target\":{\"@type\":\"EntryPoint\",\"urlTemplate\":\"https:\\\/\\\/exaudi.org\\\/?s={search_term_string}\"},\"query-input\":{\"@type\":\"PropertyValueSpecification\",\"valueRequired\":true,\"valueName\":\"search_term_string\"}}],\"inLanguage\":\"es\"},{\"@type\":\"Person\",\"@id\":\"https:\\\/\\\/exaudi.org\\\/#\\\/schema\\\/person\\\/f5fc8f063065e38742da7afe15f25df7\",\"name\":\"Exaudi Redacci\u00f3n\",\"image\":{\"@type\":\"ImageObject\",\"inLanguage\":\"es\",\"@id\":\"https:\\\/\\\/secure.gravatar.com\\\/avatar\\\/fe0f6a059fb68d9b3e11bc5850dd4899b1c7492091a3cb6dd9b01b56ad828be2?s=96&d=mm&r=g\",\"url\":\"https:\\\/\\\/secure.gravatar.com\\\/avatar\\\/fe0f6a059fb68d9b3e11bc5850dd4899b1c7492091a3cb6dd9b01b56ad828be2?s=96&d=mm&r=g\",\"contentUrl\":\"https:\\\/\\\/secure.gravatar.com\\\/avatar\\\/fe0f6a059fb68d9b3e11bc5850dd4899b1c7492091a3cb6dd9b01b56ad828be2?s=96&d=mm&r=g\",\"caption\":\"Exaudi Redacci\u00f3n\"},\"description\":\"\u00bfQu\u00e9 es Exaudi News? Exaudi News es un medio de comunicaci\u00f3n cat\u00f3lico internacional que informa, forma y transforma, diariamente en espa\u00f1ol, ingl\u00e9s e italiano. A trav\u00e9s de noticias, art\u00edculos de an\u00e1lisis y transmisiones en directo de los eventos del Papa, Exaudi busca fortalecer la unidad de los cristianos y contribuir a la evangelizaci\u00f3n del mundo, siempre guiados por la doctrina social de la Iglesia. Trabajamos para acercar la verdad y los valores cristianos a cada rinc\u00f3n del planeta. \u00a1Ay\u00fadanos a transformar el mundo con Exaudi! En Exaudi creemos que la evangelizaci\u00f3n y la informaci\u00f3n de calidad pueden cambiar vidas. Para continuar con nuestra misi\u00f3n y expandir nuestro alcance, necesitamos tu ayuda. Adem\u00e1s, buscamos personas comprometidas que deseen unirse a nuestro equipo. Con tu apoyo, lograremos llegar a m\u00e1s personas, difundir el mensaje de Cristo y reforzar la unidad de los cristianos. \u00bfTe unes a nuestra misi\u00f3n? Para m\u00e1s informaci\u00f3n sobre c\u00f3mo colaborar, visita Exaudi.org\\\/es o cont\u00e1ctanos directamente: info@exaudi.org Exaudi: Informa, forma y transforma.\",\"sameAs\":[\"https:\\\/\\\/www.facebook.com\\\/ExaudiNoticias\\\/\",\"https:\\\/\\\/www.instagram.com\\\/exaudi_noticias\\\/\",\"https:\\\/\\\/x.com\\\/Exaudi_noticias\",\"https:\\\/\\\/www.youtube.com\\\/@exaudicatholicnews\"],\"url\":\"https:\\\/\\\/exaudi.org\\\/es\\\/author\\\/redaccionexaudi\\\/\"}]}<\/script>\n<!-- \/ Yoast SEO plugin. -->","yoast_head_json":{"title":"El milagro que vence al silencio: San Ram\u00f3n Nonato y la audacia de dar la vida. 31 de agosto &#8211; Exaudi","robots":{"index":"index","follow":"follow","max-snippet":"max-snippet:-1","max-image-preview":"max-image-preview:large","max-video-preview":"max-video-preview:-1"},"canonical":"https:\/\/exaudi.org\/es\/el-milagro-que-vence-al-silencio-san-ramon-nonato-y-la-audacia-de-dar-la-vida-31-de-agosto\/","og_locale":"es_ES","og_type":"article","og_title":"El milagro que vence al silencio: San Ram\u00f3n Nonato y la audacia de dar la vida. 31 de agosto &#8211; Exaudi","og_description":"M\u00e1s all\u00e1 de la protecci\u00f3n a las embarazadas, la memoria del santo del candado en la boca nos regala hoy una lecci\u00f3n magistral: el verdadero Amor no se deja acallar cuando se trata de custodiar la dignidad humana","og_url":"https:\/\/exaudi.org\/es\/el-milagro-que-vence-al-silencio-san-ramon-nonato-y-la-audacia-de-dar-la-vida-31-de-agosto\/","og_site_name":"Exaudi","article_publisher":"https:\/\/www.facebook.com\/ExaudiNews","article_author":"https:\/\/www.facebook.com\/ExaudiNoticias\/","article_published_time":"2026-08-31T05:45:35+00:00","article_modified_time":"2026-08-31T07:56:34+00:00","og_image":[{"width":1200,"height":900,"url":"https:\/\/exaudi.org\/wp-content\/uploads\/2026\/08\/san-ramon-nonato_103.webp","type":"image\/webp"}],"author":"Exaudi Redacci\u00f3n","twitter_card":"summary_large_image","twitter_creator":"@Exaudi_noticias","twitter_site":"@Exaudi_News","twitter_misc":{"Escrito por":"Exaudi Redacci\u00f3n","Tiempo de lectura":"3 minutos"},"schema":{"@context":"https:\/\/schema.org","@graph":[{"@type":"Article","@id":"https:\/\/exaudi.org\/es\/el-milagro-que-vence-al-silencio-san-ramon-nonato-y-la-audacia-de-dar-la-vida-31-de-agosto\/#article","isPartOf":{"@id":"https:\/\/exaudi.org\/es\/el-milagro-que-vence-al-silencio-san-ramon-nonato-y-la-audacia-de-dar-la-vida-31-de-agosto\/"},"author":{"name":"Exaudi Redacci\u00f3n","@id":"https:\/\/exaudi.org\/#\/schema\/person\/f5fc8f063065e38742da7afe15f25df7"},"headline":"El milagro que vence al silencio: San Ram\u00f3n Nonato y la audacia de dar la vida. 31 de agosto","datePublished":"2026-08-31T05:45:35+00:00","dateModified":"2026-08-31T07:56:34+00:00","mainEntityOfPage":{"@id":"https:\/\/exaudi.org\/es\/el-milagro-que-vence-al-silencio-san-ramon-nonato-y-la-audacia-de-dar-la-vida-31-de-agosto\/"},"wordCount":717,"image":{"@id":"https:\/\/exaudi.org\/es\/el-milagro-que-vence-al-silencio-san-ramon-nonato-y-la-audacia-de-dar-la-vida-31-de-agosto\/#primaryimage"},"thumbnailUrl":"https:\/\/i0.wp.com\/exaudi.org\/wp-content\/uploads\/2026\/08\/san-ramon-nonato_103.webp?fit=1200%2C900&ssl=1","keywords":["san Ram\u00f3n Nonato","Santoral","Trending"],"articleSection":["Iglesia y Mundo","Santoral"],"inLanguage":"es"},{"@type":"WebPage","@id":"https:\/\/exaudi.org\/es\/el-milagro-que-vence-al-silencio-san-ramon-nonato-y-la-audacia-de-dar-la-vida-31-de-agosto\/","url":"https:\/\/exaudi.org\/es\/el-milagro-que-vence-al-silencio-san-ramon-nonato-y-la-audacia-de-dar-la-vida-31-de-agosto\/","name":"El milagro que vence al silencio: San Ram\u00f3n Nonato y la audacia de dar la vida. 31 de agosto &#8211; Exaudi","isPartOf":{"@id":"https:\/\/exaudi.org\/#website"},"primaryImageOfPage":{"@id":"https:\/\/exaudi.org\/es\/el-milagro-que-vence-al-silencio-san-ramon-nonato-y-la-audacia-de-dar-la-vida-31-de-agosto\/#primaryimage"},"image":{"@id":"https:\/\/exaudi.org\/es\/el-milagro-que-vence-al-silencio-san-ramon-nonato-y-la-audacia-de-dar-la-vida-31-de-agosto\/#primaryimage"},"thumbnailUrl":"https:\/\/i0.wp.com\/exaudi.org\/wp-content\/uploads\/2026\/08\/san-ramon-nonato_103.webp?fit=1200%2C900&ssl=1","datePublished":"2026-08-31T05:45:35+00:00","dateModified":"2026-08-31T07:56:34+00:00","author":{"@id":"https:\/\/exaudi.org\/#\/schema\/person\/f5fc8f063065e38742da7afe15f25df7"},"breadcrumb":{"@id":"https:\/\/exaudi.org\/es\/el-milagro-que-vence-al-silencio-san-ramon-nonato-y-la-audacia-de-dar-la-vida-31-de-agosto\/#breadcrumb"},"inLanguage":"es","potentialAction":[{"@type":"ReadAction","target":["https:\/\/exaudi.org\/es\/el-milagro-que-vence-al-silencio-san-ramon-nonato-y-la-audacia-de-dar-la-vida-31-de-agosto\/"]}]},{"@type":"ImageObject","inLanguage":"es","@id":"https:\/\/exaudi.org\/es\/el-milagro-que-vence-al-silencio-san-ramon-nonato-y-la-audacia-de-dar-la-vida-31-de-agosto\/#primaryimage","url":"https:\/\/i0.wp.com\/exaudi.org\/wp-content\/uploads\/2026\/08\/san-ramon-nonato_103.webp?fit=1200%2C900&ssl=1","contentUrl":"https:\/\/i0.wp.com\/exaudi.org\/wp-content\/uploads\/2026\/08\/san-ramon-nonato_103.webp?fit=1200%2C900&ssl=1","width":1200,"height":900},{"@type":"BreadcrumbList","@id":"https:\/\/exaudi.org\/es\/el-milagro-que-vence-al-silencio-san-ramon-nonato-y-la-audacia-de-dar-la-vida-31-de-agosto\/#breadcrumb","itemListElement":[{"@type":"ListItem","position":1,"name":"Portada","item":"https:\/\/exaudi.org\/es\/"},{"@type":"ListItem","position":2,"name":"El milagro que vence al silencio: San Ram\u00f3n Nonato y la audacia de dar la vida. 31 de agosto"}]},{"@type":"WebSite","@id":"https:\/\/exaudi.org\/#website","url":"https:\/\/exaudi.org\/","name":"Exaudi","description":"News","potentialAction":[{"@type":"SearchAction","target":{"@type":"EntryPoint","urlTemplate":"https:\/\/exaudi.org\/?s={search_term_string}"},"query-input":{"@type":"PropertyValueSpecification","valueRequired":true,"valueName":"search_term_string"}}],"inLanguage":"es"},{"@type":"Person","@id":"https:\/\/exaudi.org\/#\/schema\/person\/f5fc8f063065e38742da7afe15f25df7","name":"Exaudi Redacci\u00f3n","image":{"@type":"ImageObject","inLanguage":"es","@id":"https:\/\/secure.gravatar.com\/avatar\/fe0f6a059fb68d9b3e11bc5850dd4899b1c7492091a3cb6dd9b01b56ad828be2?s=96&d=mm&r=g","url":"https:\/\/secure.gravatar.com\/avatar\/fe0f6a059fb68d9b3e11bc5850dd4899b1c7492091a3cb6dd9b01b56ad828be2?s=96&d=mm&r=g","contentUrl":"https:\/\/secure.gravatar.com\/avatar\/fe0f6a059fb68d9b3e11bc5850dd4899b1c7492091a3cb6dd9b01b56ad828be2?s=96&d=mm&r=g","caption":"Exaudi Redacci\u00f3n"},"description":"\u00bfQu\u00e9 es Exaudi News? Exaudi News es un medio de comunicaci\u00f3n cat\u00f3lico internacional que informa, forma y transforma, diariamente en espa\u00f1ol, ingl\u00e9s e italiano. A trav\u00e9s de noticias, art\u00edculos de an\u00e1lisis y transmisiones en directo de los eventos del Papa, Exaudi busca fortalecer la unidad de los cristianos y contribuir a la evangelizaci\u00f3n del mundo, siempre guiados por la doctrina social de la Iglesia. Trabajamos para acercar la verdad y los valores cristianos a cada rinc\u00f3n del planeta. \u00a1Ay\u00fadanos a transformar el mundo con Exaudi! En Exaudi creemos que la evangelizaci\u00f3n y la informaci\u00f3n de calidad pueden cambiar vidas. Para continuar con nuestra misi\u00f3n y expandir nuestro alcance, necesitamos tu ayuda. Adem\u00e1s, buscamos personas comprometidas que deseen unirse a nuestro equipo. Con tu apoyo, lograremos llegar a m\u00e1s personas, difundir el mensaje de Cristo y reforzar la unidad de los cristianos. \u00bfTe unes a nuestra misi\u00f3n? Para m\u00e1s informaci\u00f3n sobre c\u00f3mo colaborar, visita Exaudi.org\/es o cont\u00e1ctanos directamente: info@exaudi.org Exaudi: Informa, forma y transforma.","sameAs":["https:\/\/www.facebook.com\/ExaudiNoticias\/","https:\/\/www.instagram.com\/exaudi_noticias\/","https:\/\/x.com\/Exaudi_noticias","https:\/\/www.youtube.com\/@exaudicatholicnews"],"url":"https:\/\/exaudi.org\/es\/author\/redaccionexaudi\/"}]}},"jetpack_shortlink":"https:\/\/wp.me\/pgKjF2-LFm","jetpack_featured_media_url":"https:\/\/i0.wp.com\/exaudi.org\/wp-content\/uploads\/2026\/08\/san-ramon-nonato_103.webp?fit=1200%2C900&ssl=1","_links":{"self":[{"href":"https:\/\/exaudi.org\/es\/wp-json\/wp\/v2\/posts\/183232","targetHints":{"allow":["GET"]}}],"collection":[{"href":"https:\/\/exaudi.org\/es\/wp-json\/wp\/v2\/posts"}],"about":[{"href":"https:\/\/exaudi.org\/es\/wp-json\/wp\/v2\/types\/post"}],"author":[{"embeddable":true,"href":"https:\/\/exaudi.org\/es\/wp-json\/wp\/v2\/users\/15"}],"replies":[{"embeddable":true,"href":"https:\/\/exaudi.org\/es\/wp-json\/wp\/v2\/comments?post=183232"}],"version-history":[{"count":4,"href":"https:\/\/exaudi.org\/es\/wp-json\/wp\/v2\/posts\/183232\/revisions"}],"predecessor-version":[{"id":183242,"href":"https:\/\/exaudi.org\/es\/wp-json\/wp\/v2\/posts\/183232\/revisions\/183242"}],"wp:featuredmedia":[{"embeddable":true,"href":"https:\/\/exaudi.org\/es\/wp-json\/wp\/v2\/media\/183238"}],"wp:attachment":[{"href":"https:\/\/exaudi.org\/es\/wp-json\/wp\/v2\/media?parent=183232"}],"wp:term":[{"taxonomy":"category","embeddable":true,"href":"https:\/\/exaudi.org\/es\/wp-json\/wp\/v2\/categories?post=183232"},{"taxonomy":"post_tag","embeddable":true,"href":"https:\/\/exaudi.org\/es\/wp-json\/wp\/v2\/tags?post=183232"}],"curies":[{"name":"wp","href":"https:\/\/api.w.org\/{rel}","templated":true}]}}