{"id":183152,"date":"2026-08-30T13:21:41","date_gmt":"2026-08-30T11:21:41","guid":{"rendered":"https:\/\/exaudi.org\/?p=183152"},"modified":"2026-08-30T13:25:15","modified_gmt":"2026-08-30T11:25:15","slug":"el-papa-que-sepamos-cultivar-la-docilidad-aceptando-aquello-que-nos-pide-mas-alla-de-nuestras-expectativas","status":"publish","type":"post","link":"https:\/\/exaudi.org\/es\/el-papa-que-sepamos-cultivar-la-docilidad-aceptando-aquello-que-nos-pide-mas-alla-de-nuestras-expectativas\/","title":{"rendered":"El Papa: Que sepamos cultivar la docilidad, aceptando aquello que nos pide m\u00e1s all\u00e1 de nuestras expectativas"},"content":{"rendered":"<p>A las 12 del mediod\u00eda de hoy, XXII Domingo del Tiempo Ordinario, el Santo Padre Le\u00f3n XIV se ha desplazado a la Plaza de la Libertad de Castel Gandolfo para rezar el \u00c1ngelus con los fieles y peregrinos reunidos frente al Palacio Apost\u00f3lico de las Villas Pontificias.<\/p>\n<p>A continuaci\u00f3n publicamos las palabras del Papa al introducir la oraci\u00f3n mariana:<\/p>\n<p>***<\/p>\n<h3><strong>Palabras del Papa<\/strong><\/h3>\n<p><i>Queridos hermanos y hermanas, \u00a1buen d\u00eda y feliz domingo!<\/i><\/p>\n<p>Hoy el Evangelio nos habla de Jes\u00fas, que revela a sus disc\u00edpulos el Misterio de su pascua inminente: el Mes\u00edas \u2014dice\u2014 \u00abten\u00eda que ir a Jerusal\u00e9n y padecer all\u00ed mucho por parte de los ancianos, sumos sacerdotes y escribas, y que ten\u00eda que ser ejecutado y resucitar al tercer d\u00eda\u00bb (<i>Mt<\/i>\u00a016,21).<\/p>\n<p>Esta afirmaci\u00f3n est\u00e1 muy lejos de lo que esperaban de un Mes\u00edas triunfante y poderoso, con cuya ayuda derrotar\u00edan y humillar\u00edan a sus enemigos (cf.\u00a0<i>Sal<\/i>\u00a0108,14). Ya hab\u00edan tenido el modo, en el tiempo transcurrido con \u00c9l, de maravillarse de muchos de sus gestos y palabras. Pero este \u00faltimo mensaje, fue m\u00e1s all\u00e1 de toda perspectiva. Pedro, particularmente, manifiesta su desacuerdo y comienza a reprender a Jes\u00fas dici\u00e9ndole: \u00ab\u201c\u00a1Lejos de ti tal cosa, Se\u00f1or! Eso no puede pasarte\u201d\u00bb (v. 22).<\/p>\n<p>Apenas hac\u00eda un instante que hab\u00eda reconocido en \u00c9l al \u00abMes\u00edas, el Hijo del Dios vivo\u00bb (v. 16). Ahora en cambio, sorprendido y quiz\u00e1 decepcionado de lo que hab\u00eda escuchado, en contraste con la hermosa profesi\u00f3n de fe que acababa de pronunciar, lo reprende. Parecer\u00eda que le dice: \u201cs\u00ed, creo que t\u00fa eres el Mes\u00edas, pero ese no es el modo de salvar al mundo\u201d. Es un impulso de fervor, sin duda motivado por un amor sincero que, sin embargo, nos hace reflexionar.<\/p>\n<p>Tampoco para nosotros, es siempre f\u00e1cil entender y aceptar los caminos de Dios, especialmente cuando est\u00e1n muy alejados de los nuestros. Entonces las tentaciones son, contra toda l\u00f3gica de fe, pensar que sea el Se\u00f1or el que se equivoca o, peor a\u00fan, el que no nos escucha o no se interesa por nosotros. Frente a esta incertidumbre Pedro, aun dentro de su impulsividad, nos ense\u00f1a dos cosas importantes.<\/p>\n<p>La primera es la de no interrumpir nunca, ni siquiera en estos momentos, el di\u00e1logo con el Se\u00f1or; m\u00e1s bien, manifestarle con confianza nuestra dificultad para comprender lo que nos pide.<\/p>\n<p>La segunda es la de no juzgar nunca el obrar de Dios, sino m\u00e1s bien, ponernos a la escucha, con humildad, en la oraci\u00f3n, de lo que nos est\u00e1 revelando a trav\u00e9s de su accionar, aun cuando no corresponde a nuestras expectativas.<\/p>\n<p>Y la grandeza del primero de los ap\u00f3stoles se manifiesta tambi\u00e9n en esto.<\/p>\n<p>Jes\u00fas le responde: \u00ab\u00a1Ponte detr\u00e1s de m\u00ed, Satan\u00e1s!\u00bb (v. 23), y les explica, a \u00e9l y a los otros disc\u00edpulos que, para seguir sus huellas, deber\u00e1n negarse a s\u00ed mismos, tomar su cruz y seguirlo (cf. v. 24). Pedro lo har\u00e1 despu\u00e9s de haberlo escuchado, asumir\u00e1 el desaf\u00edo y permanecer\u00e1 fiel a las palabras del Cristo, al que ha reconocido como su redentor, por toda la existencia, hasta el martirio.<\/p>\n<p>Pidamos entonces al Se\u00f1or que tambi\u00e9n nosotros tengamos en nuestra vida de fe y en nuestra oraci\u00f3n, la misma sinceridad de Pedro, dici\u00e9ndole con humildad lo que sentimos realmente, aun cuando el coraz\u00f3n est\u00e1 confuso; y, al mismo tiempo, que sepamos cultivar su docilidad, aceptando aquello que nos pide m\u00e1s all\u00e1 de nuestras expectativas.<\/p>\n<p>Que nos ayude Mar\u00eda, que fue obediente a los designios de Dios permaneciendo de pie junto a la cruz de su hijo Jes\u00fas.<\/p>\n<p>_____________________<\/p>\n<p><b>Despu\u00e9s del \u00c1ngelus<\/b><\/p>\n<p>Queridos hermanos y hermanas:<\/p>\n<p>Nos llegan desde Hait\u00ed noticias dram\u00e1ticas sobre la grave masacre perpetrada en Kenscoff, en la que han perdido la vida numerosas personas, mientras que otras han sido secuestradas. Expreso mi solidaridad y la oraci\u00f3n con las v\u00edctimas y sus familiares, y pido que se libere sin demora a todos los rehenes. Dirijo un sincero llamamiento a todos los responsables para que se comprometan de forma concreta a garantizar la seguridad de la poblaci\u00f3n y a poner fin a toda forma de violencia.<\/p>\n<p>Aseguro mis oraciones a los afectados por la terrible inundaci\u00f3n que se ha producido en Nepal y el T\u00edbet. Recemos por quienes han perdido la vida, por los heridos y los desaparecidos, por las familias y por los equipos de rescate. Que los gestos de solidaridad contribuyan a aliviar el sufrimiento y a llevar la ayuda necesaria a la poblaci\u00f3n.<\/p>\n<p>Sigamos rezando por la paz. San Agust\u00edn, cuya memoria hemos celebrado estos d\u00edas, dec\u00eda que \u00abla paz es semejante a aquel pan que se multiplicaba en las manos de los disc\u00edpulos del Se\u00f1or cuando ellos lo part\u00edan y repart\u00edan\u00bb (<i>Serm\u00f3n<\/i>\u00a0357, 2). Que aumenten en el mundo aquellos que, con valent\u00eda, parten y reparten el pan de la paz, superando las divisiones, promoviendo la justicia y practicando el perd\u00f3n, por el bien de todos.<\/p>\n<p>El martes celebraremos el D\u00eda Mundial de Oraci\u00f3n por el Cuidado de la Creaci\u00f3n. Este d\u00eda marca el inicio del Tiempo de la Creaci\u00f3n \u2014\u00a0que celebran los cristianos de diversas confesiones\u2014 y cuyo tema este a\u00f1o es \u201cAgua Viva\u201d. Como record\u00e9 en el\u00a0<a href=\"https:\/\/www.vatican.va\/content\/leo-xiv\/es\/messages\/creation\/documents\/20260815-messaggio-giornata-curacreato.html\">mensaje para este d\u00eda<\/a>, cuidar de nuestra casa com\u00fan exige una conversi\u00f3n del coraz\u00f3n, para que aquello que se ha utilizado para causar destrucci\u00f3n pueda, en cambio, orientarse hacia la vida. Invito a todos a unirse en la oraci\u00f3n y en la acci\u00f3n, para que podamos convertirnos en canales del agua viva de la paz de Dios, que refresca nuestro mundo herido.<\/p>\n<p>\u00a1Saludo a todos ustedes, fieles de Castel Gandolfo y peregrinos de diversos pa\u00edses! Doy la bienvenida, en particular, a los participantes en la carrera ben\u00e9fica \u201c<i>Run to Rome<\/i>\u201d, a los j\u00f3venes que han recorrido la\u00a0<i>V\u00eda Lucis<\/i>\u00a0itinerante, al grupo de devotos de la Virgen de los Milagros de Corbetta y a los motociclistas presentes con motivo de su tradicional encuentro anual.<\/p>\n<p>Doy las gracias a las fuerzas del orden y a todos aquellos que han contribuido a mi estancia veraniega aqu\u00ed, en Castel Gandolfo, as\u00ed como al servicio de seguridad que ha colaborado durante los encuentros con los peregrinos. Muchas gracias.<\/p>\n<p>Env\u00edo mi cordial saludo a los fieles que siguen el \u00c1ngelus desde la Plaza de San Pedro.<\/p>\n<p>\u00a1Les deseo a todos un feliz domingo!<\/p>\n<p><iframe title=\"Oraci\u00f3n del \u00c1ngelus con el Papa Le\u00f3n XIV \ud83d\ude4f\u2728\" width=\"500\" height=\"281\" src=\"https:\/\/www.youtube.com\/embed\/69FV04twxjQ?feature=oembed\" frameborder=\"0\" allow=\"accelerometer; autoplay; clipboard-write; encrypted-media; gyroscope; picture-in-picture; web-share\" referrerpolicy=\"strict-origin-when-cross-origin\" allowfullscreen><\/iframe><\/p>\n","protected":false},"excerpt":{"rendered":"<p>Palabras del Papa en el \u00c1ngelus<\/p>\n","protected":false},"author":15,"featured_media":183156,"comment_status":"closed","ping_status":"closed","sticky":false,"template":"","format":"standard","meta":{"_acf_changed":false,"inline_featured_image":false,"_wpcom_ai_launchpad_first_post":false,"footnotes":"","jetpack_post_was_ever_published":false},"categories":[70,68],"tags":[121076,34920],"class_list":["post-183152","post","type-post","status-publish","format-standard","has-post-thumbnail","hentry","category-angelus-es","category-leon-xiv","tag-angelus-30-agosto-2026","tag-featured-es-14"],"acf":[],"yoast_head":"<!-- This site is optimized with the Yoast SEO plugin v28.3 - https:\/\/yoast.com\/product\/yoast-seo-wordpress\/ -->\n<title>El Papa: Que sepamos cultivar la docilidad, aceptando aquello que nos pide m\u00e1s all\u00e1 de nuestras expectativas &#8211; Exaudi<\/title>\n<meta name=\"robots\" content=\"index, follow, max-snippet:-1, max-image-preview:large, max-video-preview:-1\" \/>\n<link rel=\"canonical\" href=\"https:\/\/exaudi.org\/es\/el-papa-que-sepamos-cultivar-la-docilidad-aceptando-aquello-que-nos-pide-mas-alla-de-nuestras-expectativas\/\" \/>\n<meta property=\"og:locale\" content=\"es_ES\" \/>\n<meta property=\"og:type\" content=\"article\" \/>\n<meta property=\"og:title\" content=\"El Papa: Que sepamos cultivar la docilidad, aceptando aquello que nos pide m\u00e1s all\u00e1 de nuestras expectativas &#8211; Exaudi\" \/>\n<meta property=\"og:description\" content=\"Palabras del Papa en el \u00c1ngelus\" \/>\n<meta property=\"og:url\" content=\"https:\/\/exaudi.org\/es\/el-papa-que-sepamos-cultivar-la-docilidad-aceptando-aquello-que-nos-pide-mas-alla-de-nuestras-expectativas\/\" \/>\n<meta property=\"og:site_name\" content=\"Exaudi\" \/>\n<meta property=\"article:publisher\" content=\"https:\/\/www.facebook.com\/ExaudiNews\" \/>\n<meta property=\"article:author\" content=\"https:\/\/www.facebook.com\/ExaudiNoticias\/\" \/>\n<meta property=\"article:published_time\" content=\"2026-08-30T11:21:41+00:00\" \/>\n<meta property=\"article:modified_time\" content=\"2026-08-30T11:25:15+00:00\" \/>\n<meta property=\"og:image\" content=\"https:\/\/exaudi.org\/wp-content\/uploads\/2026\/08\/cq5dam.thumbnail.cropped.1500.844-8.jpeg\" \/>\n\t<meta property=\"og:image:width\" content=\"1280\" \/>\n\t<meta property=\"og:image:height\" content=\"844\" \/>\n\t<meta property=\"og:image:type\" content=\"image\/jpeg\" \/>\n<meta name=\"author\" content=\"Exaudi Redacci\u00f3n\" \/>\n<meta name=\"twitter:card\" content=\"summary_large_image\" \/>\n<meta name=\"twitter:creator\" content=\"@Exaudi_noticias\" \/>\n<meta name=\"twitter:site\" content=\"@Exaudi_News\" \/>\n<meta name=\"twitter:label1\" content=\"Escrito por\" \/>\n\t<meta name=\"twitter:data1\" content=\"Exaudi Redacci\u00f3n\" \/>\n\t<meta name=\"twitter:label2\" content=\"Tiempo de lectura\" \/>\n\t<meta name=\"twitter:data2\" content=\"6 minutos\" \/>\n<script type=\"application\/ld+json\" class=\"yoast-schema-graph\">{\"@context\":\"https:\\\/\\\/schema.org\",\"@graph\":[{\"@type\":\"Article\",\"@id\":\"https:\\\/\\\/exaudi.org\\\/es\\\/el-papa-que-sepamos-cultivar-la-docilidad-aceptando-aquello-que-nos-pide-mas-alla-de-nuestras-expectativas\\\/#article\",\"isPartOf\":{\"@id\":\"https:\\\/\\\/exaudi.org\\\/es\\\/el-papa-que-sepamos-cultivar-la-docilidad-aceptando-aquello-que-nos-pide-mas-alla-de-nuestras-expectativas\\\/\"},\"author\":{\"name\":\"Exaudi Redacci\u00f3n\",\"@id\":\"https:\\\/\\\/exaudi.org\\\/#\\\/schema\\\/person\\\/f5fc8f063065e38742da7afe15f25df7\"},\"headline\":\"El Papa: Que sepamos cultivar la docilidad, aceptando aquello que nos pide m\u00e1s all\u00e1 de nuestras expectativas\",\"datePublished\":\"2026-08-30T11:21:41+00:00\",\"dateModified\":\"2026-08-30T11:25:15+00:00\",\"mainEntityOfPage\":{\"@id\":\"https:\\\/\\\/exaudi.org\\\/es\\\/el-papa-que-sepamos-cultivar-la-docilidad-aceptando-aquello-que-nos-pide-mas-alla-de-nuestras-expectativas\\\/\"},\"wordCount\":1153,\"image\":{\"@id\":\"https:\\\/\\\/exaudi.org\\\/es\\\/el-papa-que-sepamos-cultivar-la-docilidad-aceptando-aquello-que-nos-pide-mas-alla-de-nuestras-expectativas\\\/#primaryimage\"},\"thumbnailUrl\":\"https:\\\/\\\/i0.wp.com\\\/exaudi.org\\\/wp-content\\\/uploads\\\/2026\\\/08\\\/cq5dam.thumbnail.cropped.1500.844-8.jpeg?fit=1280%2C844&ssl=1\",\"keywords\":[\"\u00c1ngelus 30 agosto 2026\",\"Featured\"],\"articleSection\":[\"\u00c1ngelus\",\"Le\u00f3n XIV\"],\"inLanguage\":\"es\"},{\"@type\":\"WebPage\",\"@id\":\"https:\\\/\\\/exaudi.org\\\/es\\\/el-papa-que-sepamos-cultivar-la-docilidad-aceptando-aquello-que-nos-pide-mas-alla-de-nuestras-expectativas\\\/\",\"url\":\"https:\\\/\\\/exaudi.org\\\/es\\\/el-papa-que-sepamos-cultivar-la-docilidad-aceptando-aquello-que-nos-pide-mas-alla-de-nuestras-expectativas\\\/\",\"name\":\"El Papa: Que sepamos cultivar la docilidad, aceptando aquello que nos pide m\u00e1s all\u00e1 de nuestras expectativas &#8211; Exaudi\",\"isPartOf\":{\"@id\":\"https:\\\/\\\/exaudi.org\\\/#website\"},\"primaryImageOfPage\":{\"@id\":\"https:\\\/\\\/exaudi.org\\\/es\\\/el-papa-que-sepamos-cultivar-la-docilidad-aceptando-aquello-que-nos-pide-mas-alla-de-nuestras-expectativas\\\/#primaryimage\"},\"image\":{\"@id\":\"https:\\\/\\\/exaudi.org\\\/es\\\/el-papa-que-sepamos-cultivar-la-docilidad-aceptando-aquello-que-nos-pide-mas-alla-de-nuestras-expectativas\\\/#primaryimage\"},\"thumbnailUrl\":\"https:\\\/\\\/i0.wp.com\\\/exaudi.org\\\/wp-content\\\/uploads\\\/2026\\\/08\\\/cq5dam.thumbnail.cropped.1500.844-8.jpeg?fit=1280%2C844&ssl=1\",\"datePublished\":\"2026-08-30T11:21:41+00:00\",\"dateModified\":\"2026-08-30T11:25:15+00:00\",\"author\":{\"@id\":\"https:\\\/\\\/exaudi.org\\\/#\\\/schema\\\/person\\\/f5fc8f063065e38742da7afe15f25df7\"},\"breadcrumb\":{\"@id\":\"https:\\\/\\\/exaudi.org\\\/es\\\/el-papa-que-sepamos-cultivar-la-docilidad-aceptando-aquello-que-nos-pide-mas-alla-de-nuestras-expectativas\\\/#breadcrumb\"},\"inLanguage\":\"es\",\"potentialAction\":[{\"@type\":\"ReadAction\",\"target\":[\"https:\\\/\\\/exaudi.org\\\/es\\\/el-papa-que-sepamos-cultivar-la-docilidad-aceptando-aquello-que-nos-pide-mas-alla-de-nuestras-expectativas\\\/\"]}]},{\"@type\":\"ImageObject\",\"inLanguage\":\"es\",\"@id\":\"https:\\\/\\\/exaudi.org\\\/es\\\/el-papa-que-sepamos-cultivar-la-docilidad-aceptando-aquello-que-nos-pide-mas-alla-de-nuestras-expectativas\\\/#primaryimage\",\"url\":\"https:\\\/\\\/i0.wp.com\\\/exaudi.org\\\/wp-content\\\/uploads\\\/2026\\\/08\\\/cq5dam.thumbnail.cropped.1500.844-8.jpeg?fit=1280%2C844&ssl=1\",\"contentUrl\":\"https:\\\/\\\/i0.wp.com\\\/exaudi.org\\\/wp-content\\\/uploads\\\/2026\\\/08\\\/cq5dam.thumbnail.cropped.1500.844-8.jpeg?fit=1280%2C844&ssl=1\",\"width\":1280,\"height\":844},{\"@type\":\"BreadcrumbList\",\"@id\":\"https:\\\/\\\/exaudi.org\\\/es\\\/el-papa-que-sepamos-cultivar-la-docilidad-aceptando-aquello-que-nos-pide-mas-alla-de-nuestras-expectativas\\\/#breadcrumb\",\"itemListElement\":[{\"@type\":\"ListItem\",\"position\":1,\"name\":\"Portada\",\"item\":\"https:\\\/\\\/exaudi.org\\\/es\\\/\"},{\"@type\":\"ListItem\",\"position\":2,\"name\":\"El Papa: Que sepamos cultivar la docilidad, aceptando aquello que nos pide m\u00e1s all\u00e1 de nuestras expectativas\"}]},{\"@type\":\"WebSite\",\"@id\":\"https:\\\/\\\/exaudi.org\\\/#website\",\"url\":\"https:\\\/\\\/exaudi.org\\\/\",\"name\":\"Exaudi\",\"description\":\"News\",\"potentialAction\":[{\"@type\":\"SearchAction\",\"target\":{\"@type\":\"EntryPoint\",\"urlTemplate\":\"https:\\\/\\\/exaudi.org\\\/?s={search_term_string}\"},\"query-input\":{\"@type\":\"PropertyValueSpecification\",\"valueRequired\":true,\"valueName\":\"search_term_string\"}}],\"inLanguage\":\"es\"},{\"@type\":\"Person\",\"@id\":\"https:\\\/\\\/exaudi.org\\\/#\\\/schema\\\/person\\\/f5fc8f063065e38742da7afe15f25df7\",\"name\":\"Exaudi Redacci\u00f3n\",\"image\":{\"@type\":\"ImageObject\",\"inLanguage\":\"es\",\"@id\":\"https:\\\/\\\/secure.gravatar.com\\\/avatar\\\/fe0f6a059fb68d9b3e11bc5850dd4899b1c7492091a3cb6dd9b01b56ad828be2?s=96&d=mm&r=g\",\"url\":\"https:\\\/\\\/secure.gravatar.com\\\/avatar\\\/fe0f6a059fb68d9b3e11bc5850dd4899b1c7492091a3cb6dd9b01b56ad828be2?s=96&d=mm&r=g\",\"contentUrl\":\"https:\\\/\\\/secure.gravatar.com\\\/avatar\\\/fe0f6a059fb68d9b3e11bc5850dd4899b1c7492091a3cb6dd9b01b56ad828be2?s=96&d=mm&r=g\",\"caption\":\"Exaudi Redacci\u00f3n\"},\"description\":\"\u00bfQu\u00e9 es Exaudi News? Exaudi News es un medio de comunicaci\u00f3n cat\u00f3lico internacional que informa, forma y transforma, diariamente en espa\u00f1ol, ingl\u00e9s e italiano. A trav\u00e9s de noticias, art\u00edculos de an\u00e1lisis y transmisiones en directo de los eventos del Papa, Exaudi busca fortalecer la unidad de los cristianos y contribuir a la evangelizaci\u00f3n del mundo, siempre guiados por la doctrina social de la Iglesia. Trabajamos para acercar la verdad y los valores cristianos a cada rinc\u00f3n del planeta. \u00a1Ay\u00fadanos a transformar el mundo con Exaudi! En Exaudi creemos que la evangelizaci\u00f3n y la informaci\u00f3n de calidad pueden cambiar vidas. Para continuar con nuestra misi\u00f3n y expandir nuestro alcance, necesitamos tu ayuda. Adem\u00e1s, buscamos personas comprometidas que deseen unirse a nuestro equipo. Con tu apoyo, lograremos llegar a m\u00e1s personas, difundir el mensaje de Cristo y reforzar la unidad de los cristianos. \u00bfTe unes a nuestra misi\u00f3n? Para m\u00e1s informaci\u00f3n sobre c\u00f3mo colaborar, visita Exaudi.org\\\/es o cont\u00e1ctanos directamente: info@exaudi.org Exaudi: Informa, forma y transforma.\",\"sameAs\":[\"https:\\\/\\\/www.facebook.com\\\/ExaudiNoticias\\\/\",\"https:\\\/\\\/www.instagram.com\\\/exaudi_noticias\\\/\",\"https:\\\/\\\/x.com\\\/Exaudi_noticias\",\"https:\\\/\\\/www.youtube.com\\\/@exaudicatholicnews\"],\"url\":\"https:\\\/\\\/exaudi.org\\\/es\\\/author\\\/redaccionexaudi\\\/\"}]}<\/script>\n<!-- \/ Yoast SEO plugin. -->","yoast_head_json":{"title":"El Papa: Que sepamos cultivar la docilidad, aceptando aquello que nos pide m\u00e1s all\u00e1 de nuestras expectativas &#8211; Exaudi","robots":{"index":"index","follow":"follow","max-snippet":"max-snippet:-1","max-image-preview":"max-image-preview:large","max-video-preview":"max-video-preview:-1"},"canonical":"https:\/\/exaudi.org\/es\/el-papa-que-sepamos-cultivar-la-docilidad-aceptando-aquello-que-nos-pide-mas-alla-de-nuestras-expectativas\/","og_locale":"es_ES","og_type":"article","og_title":"El Papa: Que sepamos cultivar la docilidad, aceptando aquello que nos pide m\u00e1s all\u00e1 de nuestras expectativas &#8211; Exaudi","og_description":"Palabras del Papa en el \u00c1ngelus","og_url":"https:\/\/exaudi.org\/es\/el-papa-que-sepamos-cultivar-la-docilidad-aceptando-aquello-que-nos-pide-mas-alla-de-nuestras-expectativas\/","og_site_name":"Exaudi","article_publisher":"https:\/\/www.facebook.com\/ExaudiNews","article_author":"https:\/\/www.facebook.com\/ExaudiNoticias\/","article_published_time":"2026-08-30T11:21:41+00:00","article_modified_time":"2026-08-30T11:25:15+00:00","og_image":[{"width":1280,"height":844,"url":"https:\/\/exaudi.org\/wp-content\/uploads\/2026\/08\/cq5dam.thumbnail.cropped.1500.844-8.jpeg","type":"image\/jpeg"}],"author":"Exaudi Redacci\u00f3n","twitter_card":"summary_large_image","twitter_creator":"@Exaudi_noticias","twitter_site":"@Exaudi_News","twitter_misc":{"Escrito por":"Exaudi Redacci\u00f3n","Tiempo de lectura":"6 minutos"},"schema":{"@context":"https:\/\/schema.org","@graph":[{"@type":"Article","@id":"https:\/\/exaudi.org\/es\/el-papa-que-sepamos-cultivar-la-docilidad-aceptando-aquello-que-nos-pide-mas-alla-de-nuestras-expectativas\/#article","isPartOf":{"@id":"https:\/\/exaudi.org\/es\/el-papa-que-sepamos-cultivar-la-docilidad-aceptando-aquello-que-nos-pide-mas-alla-de-nuestras-expectativas\/"},"author":{"name":"Exaudi Redacci\u00f3n","@id":"https:\/\/exaudi.org\/#\/schema\/person\/f5fc8f063065e38742da7afe15f25df7"},"headline":"El Papa: Que sepamos cultivar la docilidad, aceptando aquello que nos pide m\u00e1s all\u00e1 de nuestras expectativas","datePublished":"2026-08-30T11:21:41+00:00","dateModified":"2026-08-30T11:25:15+00:00","mainEntityOfPage":{"@id":"https:\/\/exaudi.org\/es\/el-papa-que-sepamos-cultivar-la-docilidad-aceptando-aquello-que-nos-pide-mas-alla-de-nuestras-expectativas\/"},"wordCount":1153,"image":{"@id":"https:\/\/exaudi.org\/es\/el-papa-que-sepamos-cultivar-la-docilidad-aceptando-aquello-que-nos-pide-mas-alla-de-nuestras-expectativas\/#primaryimage"},"thumbnailUrl":"https:\/\/i0.wp.com\/exaudi.org\/wp-content\/uploads\/2026\/08\/cq5dam.thumbnail.cropped.1500.844-8.jpeg?fit=1280%2C844&ssl=1","keywords":["\u00c1ngelus 30 agosto 2026","Featured"],"articleSection":["\u00c1ngelus","Le\u00f3n XIV"],"inLanguage":"es"},{"@type":"WebPage","@id":"https:\/\/exaudi.org\/es\/el-papa-que-sepamos-cultivar-la-docilidad-aceptando-aquello-que-nos-pide-mas-alla-de-nuestras-expectativas\/","url":"https:\/\/exaudi.org\/es\/el-papa-que-sepamos-cultivar-la-docilidad-aceptando-aquello-que-nos-pide-mas-alla-de-nuestras-expectativas\/","name":"El Papa: Que sepamos cultivar la docilidad, aceptando aquello que nos pide m\u00e1s all\u00e1 de nuestras expectativas &#8211; Exaudi","isPartOf":{"@id":"https:\/\/exaudi.org\/#website"},"primaryImageOfPage":{"@id":"https:\/\/exaudi.org\/es\/el-papa-que-sepamos-cultivar-la-docilidad-aceptando-aquello-que-nos-pide-mas-alla-de-nuestras-expectativas\/#primaryimage"},"image":{"@id":"https:\/\/exaudi.org\/es\/el-papa-que-sepamos-cultivar-la-docilidad-aceptando-aquello-que-nos-pide-mas-alla-de-nuestras-expectativas\/#primaryimage"},"thumbnailUrl":"https:\/\/i0.wp.com\/exaudi.org\/wp-content\/uploads\/2026\/08\/cq5dam.thumbnail.cropped.1500.844-8.jpeg?fit=1280%2C844&ssl=1","datePublished":"2026-08-30T11:21:41+00:00","dateModified":"2026-08-30T11:25:15+00:00","author":{"@id":"https:\/\/exaudi.org\/#\/schema\/person\/f5fc8f063065e38742da7afe15f25df7"},"breadcrumb":{"@id":"https:\/\/exaudi.org\/es\/el-papa-que-sepamos-cultivar-la-docilidad-aceptando-aquello-que-nos-pide-mas-alla-de-nuestras-expectativas\/#breadcrumb"},"inLanguage":"es","potentialAction":[{"@type":"ReadAction","target":["https:\/\/exaudi.org\/es\/el-papa-que-sepamos-cultivar-la-docilidad-aceptando-aquello-que-nos-pide-mas-alla-de-nuestras-expectativas\/"]}]},{"@type":"ImageObject","inLanguage":"es","@id":"https:\/\/exaudi.org\/es\/el-papa-que-sepamos-cultivar-la-docilidad-aceptando-aquello-que-nos-pide-mas-alla-de-nuestras-expectativas\/#primaryimage","url":"https:\/\/i0.wp.com\/exaudi.org\/wp-content\/uploads\/2026\/08\/cq5dam.thumbnail.cropped.1500.844-8.jpeg?fit=1280%2C844&ssl=1","contentUrl":"https:\/\/i0.wp.com\/exaudi.org\/wp-content\/uploads\/2026\/08\/cq5dam.thumbnail.cropped.1500.844-8.jpeg?fit=1280%2C844&ssl=1","width":1280,"height":844},{"@type":"BreadcrumbList","@id":"https:\/\/exaudi.org\/es\/el-papa-que-sepamos-cultivar-la-docilidad-aceptando-aquello-que-nos-pide-mas-alla-de-nuestras-expectativas\/#breadcrumb","itemListElement":[{"@type":"ListItem","position":1,"name":"Portada","item":"https:\/\/exaudi.org\/es\/"},{"@type":"ListItem","position":2,"name":"El Papa: Que sepamos cultivar la docilidad, aceptando aquello que nos pide m\u00e1s all\u00e1 de nuestras expectativas"}]},{"@type":"WebSite","@id":"https:\/\/exaudi.org\/#website","url":"https:\/\/exaudi.org\/","name":"Exaudi","description":"News","potentialAction":[{"@type":"SearchAction","target":{"@type":"EntryPoint","urlTemplate":"https:\/\/exaudi.org\/?s={search_term_string}"},"query-input":{"@type":"PropertyValueSpecification","valueRequired":true,"valueName":"search_term_string"}}],"inLanguage":"es"},{"@type":"Person","@id":"https:\/\/exaudi.org\/#\/schema\/person\/f5fc8f063065e38742da7afe15f25df7","name":"Exaudi Redacci\u00f3n","image":{"@type":"ImageObject","inLanguage":"es","@id":"https:\/\/secure.gravatar.com\/avatar\/fe0f6a059fb68d9b3e11bc5850dd4899b1c7492091a3cb6dd9b01b56ad828be2?s=96&d=mm&r=g","url":"https:\/\/secure.gravatar.com\/avatar\/fe0f6a059fb68d9b3e11bc5850dd4899b1c7492091a3cb6dd9b01b56ad828be2?s=96&d=mm&r=g","contentUrl":"https:\/\/secure.gravatar.com\/avatar\/fe0f6a059fb68d9b3e11bc5850dd4899b1c7492091a3cb6dd9b01b56ad828be2?s=96&d=mm&r=g","caption":"Exaudi Redacci\u00f3n"},"description":"\u00bfQu\u00e9 es Exaudi News? Exaudi News es un medio de comunicaci\u00f3n cat\u00f3lico internacional que informa, forma y transforma, diariamente en espa\u00f1ol, ingl\u00e9s e italiano. A trav\u00e9s de noticias, art\u00edculos de an\u00e1lisis y transmisiones en directo de los eventos del Papa, Exaudi busca fortalecer la unidad de los cristianos y contribuir a la evangelizaci\u00f3n del mundo, siempre guiados por la doctrina social de la Iglesia. Trabajamos para acercar la verdad y los valores cristianos a cada rinc\u00f3n del planeta. \u00a1Ay\u00fadanos a transformar el mundo con Exaudi! En Exaudi creemos que la evangelizaci\u00f3n y la informaci\u00f3n de calidad pueden cambiar vidas. Para continuar con nuestra misi\u00f3n y expandir nuestro alcance, necesitamos tu ayuda. Adem\u00e1s, buscamos personas comprometidas que deseen unirse a nuestro equipo. Con tu apoyo, lograremos llegar a m\u00e1s personas, difundir el mensaje de Cristo y reforzar la unidad de los cristianos. \u00bfTe unes a nuestra misi\u00f3n? Para m\u00e1s informaci\u00f3n sobre c\u00f3mo colaborar, visita Exaudi.org\/es o cont\u00e1ctanos directamente: info@exaudi.org Exaudi: Informa, forma y transforma.","sameAs":["https:\/\/www.facebook.com\/ExaudiNoticias\/","https:\/\/www.instagram.com\/exaudi_noticias\/","https:\/\/x.com\/Exaudi_noticias","https:\/\/www.youtube.com\/@exaudicatholicnews"],"url":"https:\/\/exaudi.org\/es\/author\/redaccionexaudi\/"}]}},"jetpack_shortlink":"https:\/\/wp.me\/pgKjF2-LE4","jetpack_featured_media_url":"https:\/\/i0.wp.com\/exaudi.org\/wp-content\/uploads\/2026\/08\/cq5dam.thumbnail.cropped.1500.844-8.jpeg?fit=1280%2C844&ssl=1","_links":{"self":[{"href":"https:\/\/exaudi.org\/es\/wp-json\/wp\/v2\/posts\/183152","targetHints":{"allow":["GET"]}}],"collection":[{"href":"https:\/\/exaudi.org\/es\/wp-json\/wp\/v2\/posts"}],"about":[{"href":"https:\/\/exaudi.org\/es\/wp-json\/wp\/v2\/types\/post"}],"author":[{"embeddable":true,"href":"https:\/\/exaudi.org\/es\/wp-json\/wp\/v2\/users\/15"}],"replies":[{"embeddable":true,"href":"https:\/\/exaudi.org\/es\/wp-json\/wp\/v2\/comments?post=183152"}],"version-history":[{"count":3,"href":"https:\/\/exaudi.org\/es\/wp-json\/wp\/v2\/posts\/183152\/revisions"}],"predecessor-version":[{"id":183155,"href":"https:\/\/exaudi.org\/es\/wp-json\/wp\/v2\/posts\/183152\/revisions\/183155"}],"wp:featuredmedia":[{"embeddable":true,"href":"https:\/\/exaudi.org\/es\/wp-json\/wp\/v2\/media\/183156"}],"wp:attachment":[{"href":"https:\/\/exaudi.org\/es\/wp-json\/wp\/v2\/media?parent=183152"}],"wp:term":[{"taxonomy":"category","embeddable":true,"href":"https:\/\/exaudi.org\/es\/wp-json\/wp\/v2\/categories?post=183152"},{"taxonomy":"post_tag","embeddable":true,"href":"https:\/\/exaudi.org\/es\/wp-json\/wp\/v2\/tags?post=183152"}],"curies":[{"name":"wp","href":"https:\/\/api.w.org\/{rel}","templated":true}]}}