{"id":18245,"date":"2021-05-21T15:10:16","date_gmt":"2021-05-21T13:10:16","guid":{"rendered":"https:\/\/exaudi.org\/?p=18245"},"modified":"2021-05-21T15:19:36","modified_gmt":"2021-05-21T13:19:36","slug":"papa-a-asociacion-lazaro-testigos-de-la-misericordia","status":"publish","type":"post","link":"https:\/\/exaudi.org\/es\/papa-a-asociacion-lazaro-testigos-de-la-misericordia\/","title":{"rendered":"Papa a Asociaci\u00f3n L\u00e1zaro: \u201cTestigos de la misericordia\u201d"},"content":{"rendered":"<p>En la ma\u00f1ana de este viernes, 21 de mayo de 2021, el Papa Francisco recibi\u00f3 en audiencia a los miembros de la Asociaci\u00f3n \u201cLazare\u201d (\u201cL\u00e1zaro\u201d), en su 10\u00ba aniversario y los invit\u00f3 a \u201cser testigos, testigos de la misericordia y la bondad de Dios\u201d.<\/p>\n<p><a href=\"http:\/\/fundacionlazaro.es\/quienes-somos\" target=\"_blank\" rel=\"noopener noreferrer\">L\u00e1zaro<\/a> es una asociaci\u00f3n que promueve pisos compartidos en los que conviven personas sin hogar y j\u00f3venes. Se trata de pisos solidarios, colaborativos e intergeneracionales, una respuesta a la soledad y la precariedad de las personas sin hogar.<\/p>\n<h4><strong>Servicio y fraternidad<\/strong><\/h4>\n<p>El Santo Padre dio gracias a Dios \u201cpor este encuentro, que el a\u00f1o pasado se anul\u00f3 por causa de la crisis sanitaria\u201d y resalt\u00f3 que \u201csiempre es una alegr\u00eda ver que tambi\u00e9n hoy muchas personas, llenas de fe, buena voluntad y valent\u00eda, se comprometen a vivir la experiencia del servicio y la fraternidad\u201d.<\/p>\n<p>Asimismo, resalt\u00f3 como la asociaci\u00f3n L\u00e1zaro \u201cse basa en principios sencillos, como: por ejemplo \u2018ser uno mismo con los dem\u00e1s, reencontrar la alegr\u00eda, sentirse amado, aprender la benevolencia como en familia, vivir juntos con mucha sencillez\u2019\u201d. Estos principios, contin\u00faa, \u201ctienen sentido y forjan un grupo estable s\u00f3lo si brotan de una amistad s\u00f3lida con Cristo, la fuente de vuestro obrar para el bien. Saliendo al encuentro de los dem\u00e1s en su situaci\u00f3n y formando una familia en la que reine la armon\u00eda y la alegr\u00eda de vivir juntos, particip\u00e1is en la misi\u00f3n de la Iglesia de ir a las periferias de nuestra sociedad\u201d.<\/p>\n<p>Para el Papa, al haber elegido \u201cponeros al servicio de la dignidad humana, haceros pr\u00f3jimos de las personas excluidas, sin domicilio fijo, rechazadas, traicionadas a menudo en sus derechos. Sirvi\u00e9ndolos, serv\u00eds al Se\u00f1or mismo\u201d. \u201cCon vuestro apostolado, nos ayud\u00e1is a comprender que cada persona es una historia sagrada, un don inestimable\u201d, a\u00f1ade.<\/p>\n<p>Por otro lado, remarc\u00f3 c\u00f3mo \u201cen estos tiempos de incertidumbre, de fragilidad, en lugar de malgastar vuestras vidas pensando s\u00f3lo en vosotros mismos, hac\u00e9is la experiencia de vivir juntos en solidaridad. Esto os brinda la forma de enriquecer vuestras vidas convirti\u00e9ndoos en fuente de esperanza para aquellos que ya no creen en s\u00ed mismos y que se sienten humillados\u201d.<\/p>\n<h4><strong>Cristianos de palabra y de obra<\/strong><\/h4>\n<p>Francisco destac\u00f3 tambi\u00e9n c\u00f3mo \u201ccon vuestro compromiso y dedicaci\u00f3n, trat\u00e1is de ser cristianos no s\u00f3lo de palabra, sino de obra. De este modo, dais mucho fruto y esto se puede ver en la expansi\u00f3n de vuestra asociaci\u00f3n en otros pa\u00edses y continentes\u201d.<\/p>\n<p>\u201cNo teng\u00e1is miedo de pasar la antorcha de la esperanza y el amor. Sed testigos de la ternura de Dios en medio de la cultura del ego\u00edsmo, del individualismo, de la indiferencia, del descarte, del desprecio por los pobres y los d\u00e9biles\u201d, le indic\u00f3. Finalmente el Pont\u00edfice anim\u00f3 a todos a \u201cseguir siendo fieles a vuestros objetivos. Hoy m\u00e1s que nunca necesitamos construir un mundo, una sociedad de relaciones fraternas y llenas de vida\u201d (..).<\/p>\n<p>A continuaci\u00f3n, sigue el discurso completo del Papa Francisco.<\/p>\n<p>***<\/p>\n<h4><strong>Discurso del Santo Padre<\/strong><\/h4>\n<p>Queridos amigos:<\/p>\n<p>Me alegra dar la bienvenida a vosotros, miembros de la asociaci\u00f3n \u201cLazare\u201d, en este a\u00f1o en el que celebr\u00e1is vuestro d\u00e9cimo aniversario. Doy gracias a Dios por este encuentro, que el a\u00f1o pasado se anul\u00f3 por causa de la crisis sanitaria.<\/p>\n<p>Siempre es una alegr\u00eda ver que tambi\u00e9n hoy muchas personas, llenas de fe, buena voluntad y valent\u00eda, se comprometen a vivir la experiencia del servicio y la fraternidad.<\/p>\n<p>Vuestra asociaci\u00f3n se basa en principios sencillos, como: por ejemplo \u201cser uno mismo con los dem\u00e1s, reencontrar la alegr\u00eda, sentirse amado, aprender la benevolencia como en familia, vivir juntos con mucha sencillez\u201d. Estos principios tienen sentido y forjan un grupo estable s\u00f3lo si brotan de una amistad s\u00f3lida con Cristo, la fuente de vuestro obrar para el bien. Saliendo al encuentro de los dem\u00e1s en su situaci\u00f3n y formando una familia en la que reine la armon\u00eda y la alegr\u00eda de vivir juntos, particip\u00e1is en la misi\u00f3n de la Iglesia de ir a las periferias de nuestra sociedad. Como os dije en la videoconferencia del 29 de mayo de 2020, \u201clas periferias existenciales son el centro del coraz\u00f3n de Dios\u201d. Jes\u00fas quiso venir a nuestras periferias existenciales. \u00c9l mismo se hizo periferia existencial.<\/p>\n<p>Queridos j\u00f3venes, hab\u00e9is elegido poneros al servicio de la dignidad humana, haceros pr\u00f3jimos de las personas excluidas, sin domicilio fijo, rechazadas, traicionadas a menudo en sus derechos. Sirvi\u00e9ndolos, serv\u00eds al Se\u00f1or mismo. Con vuestro apostolado, nos ayud\u00e1is a comprender que cada persona es una historia sagrada, un don inestimable. En efecto, \u201cel Se\u00f1or nos invita a jug\u00e1rnosla generosamente, a vencer el miedo con la valent\u00eda del amor, a superar la pasividad que se convierte en complicidad\u201d (<em><a href=\"https:\/\/www.vatican.va\/content\/francesco\/es\/homilies\/2020\/documents\/papa-francesco_20201115_omelia-giornatamondiale-poveri.html\">Homil\u00eda en la Misa de la Jornada Mundial de los Pobres<\/a><\/em>, 15 de noviembre de 2020). En estos tiempos de incertidumbre, de fragilidad, en lugar de malgastar vuestras vidas pensando s\u00f3lo en vosotros mismos, hac\u00e9is la experiencia de vivir juntos en solidaridad. Esto os brinda la forma de enriquecer vuestras vidas convirti\u00e9ndoos en fuente de esperanza para aquellos que ya no creen en s\u00ed mismos y que se sienten humillados.<\/p>\n<p>Hab\u00e9is querido ser, para las personas a las que serv\u00eds, la mano, los ojos, los o\u00eddos, la sonrisa de Dios. Les mostr\u00e1is la cercan\u00eda del Se\u00f1or que cuida de su pueblo, especialmente de aquellos que est\u00e1n heridos y encorvados por las cargas de la vida, porque \u201cel amor al pr\u00f3jimo es realista y no desperdicia nada que sea necesario para una transformaci\u00f3n de la historia que beneficie a los \u00faltimos\u201d (Enc\u00edclica\u00a0<em><a href=\"https:\/\/www.vatican.va\/content\/francesco\/es\/encyclicals\/documents\/papa-francesco_20201003_enciclica-fratelli-tutti.html#165\">Fratelli tutti<\/a><\/em>, 165). Con vuestro compromiso y dedicaci\u00f3n, trat\u00e1is de ser cristianos no s\u00f3lo de palabra, sino de obra. De este modo, dais mucho fruto y esto se puede ver en la expansi\u00f3n de vuestra asociaci\u00f3n en otros pa\u00edses y continentes.<\/p>\n<p>No teng\u00e1is miedo de pasar la antorcha de la esperanza y el amor. Sed testigos de la ternura de Dios en medio de la cultura del ego\u00edsmo, del individualismo, de la indiferencia, del descarte, del desprecio por los pobres y los d\u00e9biles.<\/p>\n<p>Queridos amigos, benefici\u00e1ndoos de esta iniciativa de amor, vosotros que viv\u00eds esta hermosa aventura con vuestra historia, a veces llena de tristeza, soledad, l\u00e1grimas, pruebas, exclusi\u00f3n y rechazo, sois un don precioso que nos hace ver el amor del Se\u00f1or. No sois descartados, inferiores, fracasados, como a veces la sociedad nos quiere hacer creer. A los ojos de Dios, sois un tesoro, un don, una vida, una dignidad. En vuestros rostros vemos el rostro sufriente de Cristo que nos invita a un amor urgente y a un coraz\u00f3n abierto.<\/p>\n<p>Habiendo recibido de los dem\u00e1s tanto bien y tantas atenciones, os convert\u00eds a su vez en hombres y mujeres capaces de levantar, consolar, aliviar las heridas y hacer presente a Dios en el coraz\u00f3n de vuestras vidas. Os animo a dar lo mejor de vosotros mismos, a vivir cada momento de la existencia como una gracia, a salir del anonimato y hacer de vuestras vidas una ofrenda para lo bello, para lo bueno. De hecho, \u00abL\u00e1zaro significa ofrenda, la ofrenda de la humanidad, de lo que tiene de mejor: la conciencia de los l\u00edmites\u00bb (Videoconferencia con la Asociaci\u00f3n \u00abLazare\u00bb, 29 de mayo de 2020).<\/p>\n<p>Os animo a todos a seguir siendo fieles a vuestros objetivos. Hoy m\u00e1s que nunca necesitamos construir un mundo, una sociedad de relaciones fraternas y llenas de vida. Porque \u201clas acciones brotan de una uni\u00f3n que inclina m\u00e1s y m\u00e1s hacia el otro consider\u00e1ndolo valioso, digno, grato y bello, m\u00e1s all\u00e1 de las apariencias f\u00edsicas o morales. El amor al otro por ser quien es, nos mueve a buscar lo mejor para su vida. S\u00f3lo en el cultivo de esta forma de relacionarnos haremos posibles la amistad social que no excluye a nadie y la fraternidad abierta a todos\u201d (Enc.\u00a0<em><a href=\"https:\/\/exaudi.org\/es\/enciclica-fratelli-tutti-papa\/\">Fratelli Tutti<\/a>,<\/em>\u00a094). Por eso os invito a ser testigos, testigos de la misericordia y la bondad de Dios.<\/p>\n<p>Os encomiendo a cada uno de vosotros y a vuestras familias, as\u00ed como a los miembros de la Asociaci\u00f3n, a la intercesi\u00f3n de la Virgen Mar\u00eda y de san L\u00e1zaro, y os imparto de coraz\u00f3n la bendici\u00f3n apost\u00f3lica. Por favor, no os olvid\u00e9is de rezar por m\u00ed.<\/p>\n<p><strong>\u00a9 Librer\u00eda Editora Vaticana<\/strong><\/p>\n","protected":false},"excerpt":{"rendered":"<p>Discurso completo<\/p>\n","protected":false},"author":5,"featured_media":18246,"comment_status":"open","ping_status":"open","sticky":false,"template":"","format":"standard","meta":{"_acf_changed":false,"_crdt_document":"","inline_featured_image":false,"footnotes":""},"categories":[68,2158,298],"tags":[2435,158],"class_list":["post-18245","post","type-post","status-publish","format-standard","has-post-thumbnail","hentry","category-leon-xiv","category-top-ultimas-noticias","category-ultimas-noticias","tag-asociacion-lazaro","tag-papa-francisco"],"acf":[],"yoast_head":"<!-- This site is optimized with the Yoast SEO plugin v27.5 - https:\/\/yoast.com\/product\/yoast-seo-wordpress\/ -->\n<title>Papa a Asociaci\u00f3n L\u00e1zaro: \u201cTestigos de la misericordia\u201d &#8211; Exaudi<\/title>\n<meta name=\"description\" content=\"El Papa Francisco recibi\u00f3 en audiencia a los miembros de la Asociaci\u00f3n \u201cLazare\u201d (\u201cL\u00e1zaro\u201d), en su 10\u00ba aniversario\" \/>\n<meta name=\"robots\" content=\"index, follow, max-snippet:-1, max-image-preview:large, max-video-preview:-1\" \/>\n<link rel=\"canonical\" href=\"https:\/\/exaudi.org\/es\/papa-a-asociacion-lazaro-testigos-de-la-misericordia\/\" \/>\n<meta property=\"og:locale\" content=\"es_ES\" \/>\n<meta property=\"og:type\" content=\"article\" \/>\n<meta property=\"og:title\" content=\"Papa a Asociaci\u00f3n L\u00e1zaro: \u201cTestigos de la misericordia\u201d &#8211; Exaudi\" \/>\n<meta property=\"og:description\" content=\"El Papa Francisco recibi\u00f3 en audiencia a los miembros de la Asociaci\u00f3n \u201cLazare\u201d (\u201cL\u00e1zaro\u201d), en su 10\u00ba aniversario\" \/>\n<meta property=\"og:url\" content=\"https:\/\/exaudi.org\/es\/papa-a-asociacion-lazaro-testigos-de-la-misericordia\/\" \/>\n<meta property=\"og:site_name\" content=\"Exaudi\" \/>\n<meta property=\"article:publisher\" content=\"https:\/\/www.facebook.com\/ExaudiNews\" \/>\n<meta property=\"article:published_time\" content=\"2021-05-21T13:10:16+00:00\" \/>\n<meta property=\"article:modified_time\" content=\"2021-05-21T13:19:36+00:00\" \/>\n<meta property=\"og:image\" content=\"https:\/\/exaudi.org\/wp-content\/uploads\/2021\/05\/Encuentro-con-miembros-de-la-Asociacion-Lazaro-en-2020.jpeg\" \/>\n\t<meta property=\"og:image:width\" content=\"1500\" \/>\n\t<meta property=\"og:image:height\" content=\"844\" \/>\n\t<meta property=\"og:image:type\" content=\"image\/jpeg\" \/>\n<meta name=\"author\" content=\"Larissa I. L\u00f3pez\" \/>\n<meta name=\"twitter:card\" content=\"summary_large_image\" \/>\n<meta name=\"twitter:creator\" content=\"@Exaudi_News\" \/>\n<meta name=\"twitter:site\" content=\"@Exaudi_News\" \/>\n<meta name=\"twitter:label1\" content=\"Escrito por\" \/>\n\t<meta name=\"twitter:data1\" content=\"Larissa I. L\u00f3pez\" \/>\n\t<meta name=\"twitter:label2\" content=\"Tiempo de lectura\" \/>\n\t<meta name=\"twitter:data2\" content=\"6 minutos\" \/>\n<script type=\"application\/ld+json\" class=\"yoast-schema-graph\">{\"@context\":\"https:\\\/\\\/schema.org\",\"@graph\":[{\"@type\":\"Article\",\"@id\":\"https:\\\/\\\/exaudi.org\\\/es\\\/papa-a-asociacion-lazaro-testigos-de-la-misericordia\\\/#article\",\"isPartOf\":{\"@id\":\"https:\\\/\\\/exaudi.org\\\/es\\\/papa-a-asociacion-lazaro-testigos-de-la-misericordia\\\/\"},\"author\":{\"name\":\"Larissa I. L\u00f3pez\",\"@id\":\"https:\\\/\\\/exaudi.org\\\/#\\\/schema\\\/person\\\/7d2f77db033c2c0929edfab6dbe8c588\"},\"headline\":\"Papa a Asociaci\u00f3n L\u00e1zaro: \u201cTestigos de la misericordia\u201d\",\"datePublished\":\"2021-05-21T13:10:16+00:00\",\"dateModified\":\"2021-05-21T13:19:36+00:00\",\"mainEntityOfPage\":{\"@id\":\"https:\\\/\\\/exaudi.org\\\/es\\\/papa-a-asociacion-lazaro-testigos-de-la-misericordia\\\/\"},\"wordCount\":1482,\"commentCount\":0,\"image\":{\"@id\":\"https:\\\/\\\/exaudi.org\\\/es\\\/papa-a-asociacion-lazaro-testigos-de-la-misericordia\\\/#primaryimage\"},\"thumbnailUrl\":\"https:\\\/\\\/exaudi.org\\\/wp-content\\\/uploads\\\/2021\\\/05\\\/Encuentro-con-miembros-de-la-Asociacion-Lazaro-en-2020.jpeg\",\"keywords\":[\"Asociaci\u00f3n \\\"L\u00e1zaro\\\"\",\"papa francisco\"],\"articleSection\":[\"Le\u00f3n XIV\",\"Top Ultimas Noticias\",\"\u00daltimas noticias\"],\"inLanguage\":\"es\",\"potentialAction\":[{\"@type\":\"CommentAction\",\"name\":\"Comment\",\"target\":[\"https:\\\/\\\/exaudi.org\\\/es\\\/papa-a-asociacion-lazaro-testigos-de-la-misericordia\\\/#respond\"]}]},{\"@type\":\"WebPage\",\"@id\":\"https:\\\/\\\/exaudi.org\\\/es\\\/papa-a-asociacion-lazaro-testigos-de-la-misericordia\\\/\",\"url\":\"https:\\\/\\\/exaudi.org\\\/es\\\/papa-a-asociacion-lazaro-testigos-de-la-misericordia\\\/\",\"name\":\"Papa a Asociaci\u00f3n L\u00e1zaro: \u201cTestigos de la misericordia\u201d &#8211; Exaudi\",\"isPartOf\":{\"@id\":\"https:\\\/\\\/exaudi.org\\\/#website\"},\"primaryImageOfPage\":{\"@id\":\"https:\\\/\\\/exaudi.org\\\/es\\\/papa-a-asociacion-lazaro-testigos-de-la-misericordia\\\/#primaryimage\"},\"image\":{\"@id\":\"https:\\\/\\\/exaudi.org\\\/es\\\/papa-a-asociacion-lazaro-testigos-de-la-misericordia\\\/#primaryimage\"},\"thumbnailUrl\":\"https:\\\/\\\/exaudi.org\\\/wp-content\\\/uploads\\\/2021\\\/05\\\/Encuentro-con-miembros-de-la-Asociacion-Lazaro-en-2020.jpeg\",\"datePublished\":\"2021-05-21T13:10:16+00:00\",\"dateModified\":\"2021-05-21T13:19:36+00:00\",\"author\":{\"@id\":\"https:\\\/\\\/exaudi.org\\\/#\\\/schema\\\/person\\\/7d2f77db033c2c0929edfab6dbe8c588\"},\"description\":\"El Papa Francisco recibi\u00f3 en audiencia a los miembros de la Asociaci\u00f3n \u201cLazare\u201d (\u201cL\u00e1zaro\u201d), en su 10\u00ba aniversario\",\"breadcrumb\":{\"@id\":\"https:\\\/\\\/exaudi.org\\\/es\\\/papa-a-asociacion-lazaro-testigos-de-la-misericordia\\\/#breadcrumb\"},\"inLanguage\":\"es\",\"potentialAction\":[{\"@type\":\"ReadAction\",\"target\":[\"https:\\\/\\\/exaudi.org\\\/es\\\/papa-a-asociacion-lazaro-testigos-de-la-misericordia\\\/\"]}]},{\"@type\":\"ImageObject\",\"inLanguage\":\"es\",\"@id\":\"https:\\\/\\\/exaudi.org\\\/es\\\/papa-a-asociacion-lazaro-testigos-de-la-misericordia\\\/#primaryimage\",\"url\":\"https:\\\/\\\/exaudi.org\\\/wp-content\\\/uploads\\\/2021\\\/05\\\/Encuentro-con-miembros-de-la-Asociacion-Lazaro-en-2020.jpeg\",\"contentUrl\":\"https:\\\/\\\/exaudi.org\\\/wp-content\\\/uploads\\\/2021\\\/05\\\/Encuentro-con-miembros-de-la-Asociacion-Lazaro-en-2020.jpeg\",\"width\":1500,\"height\":844,\"caption\":\"Encuentro con miembros de la Asociaci\u00f3n L\u00e1zaro en 2020 \u00a9 Vatican Media\"},{\"@type\":\"BreadcrumbList\",\"@id\":\"https:\\\/\\\/exaudi.org\\\/es\\\/papa-a-asociacion-lazaro-testigos-de-la-misericordia\\\/#breadcrumb\",\"itemListElement\":[{\"@type\":\"ListItem\",\"position\":1,\"name\":\"Portada\",\"item\":\"https:\\\/\\\/exaudi.org\\\/es\\\/\"},{\"@type\":\"ListItem\",\"position\":2,\"name\":\"Papa a Asociaci\u00f3n L\u00e1zaro: \u201cTestigos de la misericordia\u201d\"}]},{\"@type\":\"WebSite\",\"@id\":\"https:\\\/\\\/exaudi.org\\\/#website\",\"url\":\"https:\\\/\\\/exaudi.org\\\/\",\"name\":\"Exaudi\",\"description\":\"News\",\"potentialAction\":[{\"@type\":\"SearchAction\",\"target\":{\"@type\":\"EntryPoint\",\"urlTemplate\":\"https:\\\/\\\/exaudi.org\\\/?s={search_term_string}\"},\"query-input\":{\"@type\":\"PropertyValueSpecification\",\"valueRequired\":true,\"valueName\":\"search_term_string\"}}],\"inLanguage\":\"es\"},{\"@type\":\"Person\",\"@id\":\"https:\\\/\\\/exaudi.org\\\/#\\\/schema\\\/person\\\/7d2f77db033c2c0929edfab6dbe8c588\",\"name\":\"Larissa I. L\u00f3pez\",\"image\":{\"@type\":\"ImageObject\",\"inLanguage\":\"es\",\"@id\":\"https:\\\/\\\/secure.gravatar.com\\\/avatar\\\/db3ef399ff343d0bb9d25dc5198bc8ece5ac6d621eca79876697a354dabc1e3f?s=96&d=mm&r=g\",\"url\":\"https:\\\/\\\/secure.gravatar.com\\\/avatar\\\/db3ef399ff343d0bb9d25dc5198bc8ece5ac6d621eca79876697a354dabc1e3f?s=96&d=mm&r=g\",\"contentUrl\":\"https:\\\/\\\/secure.gravatar.com\\\/avatar\\\/db3ef399ff343d0bb9d25dc5198bc8ece5ac6d621eca79876697a354dabc1e3f?s=96&d=mm&r=g\",\"caption\":\"Larissa I. L\u00f3pez\"},\"description\":\"Doctora en Comunicaci\u00f3n. Mi trayectoria profesional ha transcurrido entre el \u00e1mbito de la comunicaci\u00f3n y el de la docencia. En los \u00faltimos a\u00f1os, he trabajado como coordinadora y redactora de la edici\u00f3n de ZENIT en espa\u00f1ol. Como profesora, he impartido clases en la universidad y en centros de FP y bachillerato. Cordobesa de nacimiento, tambi\u00e9n he vivido en Sevilla, Madrid y Roma\",\"url\":\"https:\\\/\\\/exaudi.org\\\/es\\\/author\\\/llopezexaudi-org\\\/\"}]}<\/script>\n<!-- \/ Yoast SEO plugin. -->","yoast_head_json":{"title":"Papa a Asociaci\u00f3n L\u00e1zaro: \u201cTestigos de la misericordia\u201d &#8211; Exaudi","description":"El Papa Francisco recibi\u00f3 en audiencia a los miembros de la Asociaci\u00f3n \u201cLazare\u201d (\u201cL\u00e1zaro\u201d), en su 10\u00ba aniversario","robots":{"index":"index","follow":"follow","max-snippet":"max-snippet:-1","max-image-preview":"max-image-preview:large","max-video-preview":"max-video-preview:-1"},"canonical":"https:\/\/exaudi.org\/es\/papa-a-asociacion-lazaro-testigos-de-la-misericordia\/","og_locale":"es_ES","og_type":"article","og_title":"Papa a Asociaci\u00f3n L\u00e1zaro: \u201cTestigos de la misericordia\u201d &#8211; Exaudi","og_description":"El Papa Francisco recibi\u00f3 en audiencia a los miembros de la Asociaci\u00f3n \u201cLazare\u201d (\u201cL\u00e1zaro\u201d), en su 10\u00ba aniversario","og_url":"https:\/\/exaudi.org\/es\/papa-a-asociacion-lazaro-testigos-de-la-misericordia\/","og_site_name":"Exaudi","article_publisher":"https:\/\/www.facebook.com\/ExaudiNews","article_published_time":"2021-05-21T13:10:16+00:00","article_modified_time":"2021-05-21T13:19:36+00:00","og_image":[{"width":1500,"height":844,"url":"https:\/\/exaudi.org\/wp-content\/uploads\/2021\/05\/Encuentro-con-miembros-de-la-Asociacion-Lazaro-en-2020.jpeg","type":"image\/jpeg"}],"author":"Larissa I. L\u00f3pez","twitter_card":"summary_large_image","twitter_creator":"@Exaudi_News","twitter_site":"@Exaudi_News","twitter_misc":{"Escrito por":"Larissa I. L\u00f3pez","Tiempo de lectura":"6 minutos"},"schema":{"@context":"https:\/\/schema.org","@graph":[{"@type":"Article","@id":"https:\/\/exaudi.org\/es\/papa-a-asociacion-lazaro-testigos-de-la-misericordia\/#article","isPartOf":{"@id":"https:\/\/exaudi.org\/es\/papa-a-asociacion-lazaro-testigos-de-la-misericordia\/"},"author":{"name":"Larissa I. L\u00f3pez","@id":"https:\/\/exaudi.org\/#\/schema\/person\/7d2f77db033c2c0929edfab6dbe8c588"},"headline":"Papa a Asociaci\u00f3n L\u00e1zaro: \u201cTestigos de la misericordia\u201d","datePublished":"2021-05-21T13:10:16+00:00","dateModified":"2021-05-21T13:19:36+00:00","mainEntityOfPage":{"@id":"https:\/\/exaudi.org\/es\/papa-a-asociacion-lazaro-testigos-de-la-misericordia\/"},"wordCount":1482,"commentCount":0,"image":{"@id":"https:\/\/exaudi.org\/es\/papa-a-asociacion-lazaro-testigos-de-la-misericordia\/#primaryimage"},"thumbnailUrl":"https:\/\/exaudi.org\/wp-content\/uploads\/2021\/05\/Encuentro-con-miembros-de-la-Asociacion-Lazaro-en-2020.jpeg","keywords":["Asociaci\u00f3n \"L\u00e1zaro\"","papa francisco"],"articleSection":["Le\u00f3n XIV","Top Ultimas Noticias","\u00daltimas noticias"],"inLanguage":"es","potentialAction":[{"@type":"CommentAction","name":"Comment","target":["https:\/\/exaudi.org\/es\/papa-a-asociacion-lazaro-testigos-de-la-misericordia\/#respond"]}]},{"@type":"WebPage","@id":"https:\/\/exaudi.org\/es\/papa-a-asociacion-lazaro-testigos-de-la-misericordia\/","url":"https:\/\/exaudi.org\/es\/papa-a-asociacion-lazaro-testigos-de-la-misericordia\/","name":"Papa a Asociaci\u00f3n L\u00e1zaro: \u201cTestigos de la misericordia\u201d &#8211; Exaudi","isPartOf":{"@id":"https:\/\/exaudi.org\/#website"},"primaryImageOfPage":{"@id":"https:\/\/exaudi.org\/es\/papa-a-asociacion-lazaro-testigos-de-la-misericordia\/#primaryimage"},"image":{"@id":"https:\/\/exaudi.org\/es\/papa-a-asociacion-lazaro-testigos-de-la-misericordia\/#primaryimage"},"thumbnailUrl":"https:\/\/exaudi.org\/wp-content\/uploads\/2021\/05\/Encuentro-con-miembros-de-la-Asociacion-Lazaro-en-2020.jpeg","datePublished":"2021-05-21T13:10:16+00:00","dateModified":"2021-05-21T13:19:36+00:00","author":{"@id":"https:\/\/exaudi.org\/#\/schema\/person\/7d2f77db033c2c0929edfab6dbe8c588"},"description":"El Papa Francisco recibi\u00f3 en audiencia a los miembros de la Asociaci\u00f3n \u201cLazare\u201d (\u201cL\u00e1zaro\u201d), en su 10\u00ba aniversario","breadcrumb":{"@id":"https:\/\/exaudi.org\/es\/papa-a-asociacion-lazaro-testigos-de-la-misericordia\/#breadcrumb"},"inLanguage":"es","potentialAction":[{"@type":"ReadAction","target":["https:\/\/exaudi.org\/es\/papa-a-asociacion-lazaro-testigos-de-la-misericordia\/"]}]},{"@type":"ImageObject","inLanguage":"es","@id":"https:\/\/exaudi.org\/es\/papa-a-asociacion-lazaro-testigos-de-la-misericordia\/#primaryimage","url":"https:\/\/exaudi.org\/wp-content\/uploads\/2021\/05\/Encuentro-con-miembros-de-la-Asociacion-Lazaro-en-2020.jpeg","contentUrl":"https:\/\/exaudi.org\/wp-content\/uploads\/2021\/05\/Encuentro-con-miembros-de-la-Asociacion-Lazaro-en-2020.jpeg","width":1500,"height":844,"caption":"Encuentro con miembros de la Asociaci\u00f3n L\u00e1zaro en 2020 \u00a9 Vatican Media"},{"@type":"BreadcrumbList","@id":"https:\/\/exaudi.org\/es\/papa-a-asociacion-lazaro-testigos-de-la-misericordia\/#breadcrumb","itemListElement":[{"@type":"ListItem","position":1,"name":"Portada","item":"https:\/\/exaudi.org\/es\/"},{"@type":"ListItem","position":2,"name":"Papa a Asociaci\u00f3n L\u00e1zaro: \u201cTestigos de la misericordia\u201d"}]},{"@type":"WebSite","@id":"https:\/\/exaudi.org\/#website","url":"https:\/\/exaudi.org\/","name":"Exaudi","description":"News","potentialAction":[{"@type":"SearchAction","target":{"@type":"EntryPoint","urlTemplate":"https:\/\/exaudi.org\/?s={search_term_string}"},"query-input":{"@type":"PropertyValueSpecification","valueRequired":true,"valueName":"search_term_string"}}],"inLanguage":"es"},{"@type":"Person","@id":"https:\/\/exaudi.org\/#\/schema\/person\/7d2f77db033c2c0929edfab6dbe8c588","name":"Larissa I. L\u00f3pez","image":{"@type":"ImageObject","inLanguage":"es","@id":"https:\/\/secure.gravatar.com\/avatar\/db3ef399ff343d0bb9d25dc5198bc8ece5ac6d621eca79876697a354dabc1e3f?s=96&d=mm&r=g","url":"https:\/\/secure.gravatar.com\/avatar\/db3ef399ff343d0bb9d25dc5198bc8ece5ac6d621eca79876697a354dabc1e3f?s=96&d=mm&r=g","contentUrl":"https:\/\/secure.gravatar.com\/avatar\/db3ef399ff343d0bb9d25dc5198bc8ece5ac6d621eca79876697a354dabc1e3f?s=96&d=mm&r=g","caption":"Larissa I. L\u00f3pez"},"description":"Doctora en Comunicaci\u00f3n. Mi trayectoria profesional ha transcurrido entre el \u00e1mbito de la comunicaci\u00f3n y el de la docencia. En los \u00faltimos a\u00f1os, he trabajado como coordinadora y redactora de la edici\u00f3n de ZENIT en espa\u00f1ol. Como profesora, he impartido clases en la universidad y en centros de FP y bachillerato. Cordobesa de nacimiento, tambi\u00e9n he vivido en Sevilla, Madrid y Roma","url":"https:\/\/exaudi.org\/es\/author\/llopezexaudi-org\/"}]}},"jetpack_featured_media_url":"https:\/\/exaudi.org\/wp-content\/uploads\/2021\/05\/Encuentro-con-miembros-de-la-Asociacion-Lazaro-en-2020.jpeg","jetpack_shortlink":"https:\/\/wp.me\/pgKjF2-4Kh","_links":{"self":[{"href":"https:\/\/exaudi.org\/es\/wp-json\/wp\/v2\/posts\/18245","targetHints":{"allow":["GET"]}}],"collection":[{"href":"https:\/\/exaudi.org\/es\/wp-json\/wp\/v2\/posts"}],"about":[{"href":"https:\/\/exaudi.org\/es\/wp-json\/wp\/v2\/types\/post"}],"author":[{"embeddable":true,"href":"https:\/\/exaudi.org\/es\/wp-json\/wp\/v2\/users\/5"}],"replies":[{"embeddable":true,"href":"https:\/\/exaudi.org\/es\/wp-json\/wp\/v2\/comments?post=18245"}],"version-history":[{"count":0,"href":"https:\/\/exaudi.org\/es\/wp-json\/wp\/v2\/posts\/18245\/revisions"}],"wp:featuredmedia":[{"embeddable":true,"href":"https:\/\/exaudi.org\/es\/wp-json\/wp\/v2\/media\/18246"}],"wp:attachment":[{"href":"https:\/\/exaudi.org\/es\/wp-json\/wp\/v2\/media?parent=18245"}],"wp:term":[{"taxonomy":"category","embeddable":true,"href":"https:\/\/exaudi.org\/es\/wp-json\/wp\/v2\/categories?post=18245"},{"taxonomy":"post_tag","embeddable":true,"href":"https:\/\/exaudi.org\/es\/wp-json\/wp\/v2\/tags?post=18245"}],"curies":[{"name":"wp","href":"https:\/\/api.w.org\/{rel}","templated":true}]}}