{"id":179924,"date":"2026-07-23T09:00:53","date_gmt":"2026-07-23T07:00:53","guid":{"rendered":"https:\/\/exaudi.org\/?p=179924"},"modified":"2026-07-23T10:16:08","modified_gmt":"2026-07-23T08:16:08","slug":"la-vida-cotidiana-donde-se-juntan-el-cielo-y-la-tierra","status":"publish","type":"post","link":"https:\/\/exaudi.org\/es\/la-vida-cotidiana-donde-se-juntan-el-cielo-y-la-tierra\/","title":{"rendered":"La vida cotidiana: donde se juntan el cielo y la tierra"},"content":{"rendered":"<p class=\"wp-block-paragraph\">La vida cotidiana es la de todos los d\u00edas, en donde se entrelazan el tiempo de familia, trabajo, diversi\u00f3n; es la vida de lo ordinario, aquella que ocupa los tiempos largos de la narrativa humana. No luce como los desfiles de moda en las pasarelas, pasa, casi desapercibida y, sin embargo, es la que m\u00e1s posesi\u00f3n tiene de las horas de la aventura humana. Un reciente libro de Pierpaolo Donati,\u00a0<em>Una cultura que transforma el mundo. La vida como relaci\u00f3n<\/em>\u00a0(Rialp, 2026, Kindle versi\u00f3n) pone en escena lo\u00a0<em>cotidiano<\/em> como lugar sociol\u00f3gico en donde puede florecer una cultura cristiana capaz de dar sentido significativo a la vida de lo ordinario y com\u00fan de los seres humanos.<\/p>\n<p><iframe title=\"Spotify Embed: La vida cotidiana donde se juntan el cielo y la tierra\" style=\"border-radius: 12px\" width=\"100%\" height=\"152\" frameborder=\"0\" allowfullscreen allow=\"autoplay; clipboard-write; encrypted-media; fullscreen; picture-in-picture\" loading=\"lazy\" src=\"https:\/\/open.spotify.com\/embed\/episode\/6sG7T6sbteQivxe2CyK1K5?si=f1e998e6ee1c4a8f&amp;utm_source=oembed\"><\/iframe><\/p>\n<p class=\"wp-block-paragraph\">Anota Donati que \u201cla vida cotidiana adquiere significado cuando nuestra existencia no es repetici\u00f3n de actos siempre iguales, sino que procuramos hacer las cosas de modo tal que cada acto sea cada vez m\u00e1s afectuoso, m\u00e1s justo, m\u00e1s eficaz que el precedente (p. 59)\u201d. Desde luego, el d\u00eda a d\u00eda tiene mucho de rutinas en todos los espacios en los que nos movemos. El riesgo es el acostumbramiento que lleva a plantarse malamente en la ejecuci\u00f3n de la tarea, anodina y siempre la misma. En una situaci\u00f3n as\u00ed, el aburrimiento y el sinsentido est\u00e1n cantados. Para salir de estas zonas gris\u00e1ceas pueden ayudar los conceptos de <em>constancia<\/em>\u00a0y\u00a0<em>presencia<\/em>\u00a0de Gabriel Marcel.\u00a0<em>Constancia<\/em>\u00a0es, ciertamente repetici\u00f3n, permanencia, una vez y otra vez lo mismo; pero no es el \u00fanico ingrediente. A su lado, hemos de poner la\u00a0<em>presencia<\/em>, es decir la capacidad de renovarnos alzando la mirada, de tal manera que a \u201clo mismo\u201d le agregamos el cada vez m\u00e1s afectuoso, m\u00e1s atento, m\u00e1s paciente\u2026, propio de la capacidad efusiva de la persona.<\/p>\n<p class=\"wp-block-paragraph\">De otro lado, lo ordinario llama a lo extraordinario. Se los mira como excluyentes, pero no tienen que ser opuestos. Pensar la vida s\u00f3lo como la vivencia de lo extraordinario, deja a lo ordinario como vida perdida, fallida y no es as\u00ed. Dice Donati que \u201clo ordinario y lo extraordinario no son contrarios ni contradictorios, sino complementarios\u201d. Romano Guardini dir\u00eda que, entre ambas realidades, bien entendidas, no hay oposici\u00f3n, sino contraste. Lo extraordinario se comprende como un momento cumbre de la biograf\u00eda personal, es un pico sobresaliente de la vida, con fulgores propios, que no le quita belleza a los destellos de oro viejo de lo ordinario.<\/p>\n<p class=\"wp-block-paragraph\">La visi\u00f3n cristiana de la vida se mueve en las coordenadas de lo cotidiano, de lo ordinario. All\u00ed confluyen lo privado y lo p\u00fablico, lo propio del hombre y lo propio de Dios, el silencio y el bullicio, la constancia y la presencia, el padre de familia y el ciudadano. No hay ruptura en todos esos tiempos y funciones de la vida. En cada momento comparece toda la persona en ropa de casa o en vestido de gala. Lo propio del ser humano es, pues, moverse entre rutinas y cosas menudas. No suelen ser las situaciones de v\u00e9rtigo (alta adrenalina) las que contentan el alma, sino m\u00e1s bien los suaves aromas de las cosas peque\u00f1as y las serenas alegr\u00edas del estar con las personas amadas.<\/p>\n<p class=\"wp-block-paragraph\">Una cultura cristiana supone un entramado de relaciones sociales, relaciones humanas, relaciones interpersonales propias de la alt\u00edsima dignidad humana. En la sociedad y en la historia transcurre nuestra membres\u00eda como actores en la ciudad del hombre y en la ciudad de Dios, a la vez. Y es cultura cristiana porque, adem\u00e1s, de fomentar la fraternidad humana, busca la salvaci\u00f3n eterna de los seres humanos brindando los bienes espirituales propios de los hijos de Dios.<\/p>\n<p><img data-recalc-dims=\"1\" fetchpriority=\"high\" decoding=\"async\" class=\"size-full wp-image-180012 alignnone\" src=\"https:\/\/i0.wp.com\/exaudi.org\/wp-content\/uploads\/2026\/07\/voces-JMP-3.jpg?resize=940%2C788&#038;ssl=1\" alt=\"\" width=\"940\" height=\"788\" srcset=\"https:\/\/i0.wp.com\/exaudi.org\/wp-content\/uploads\/2026\/07\/voces-JMP-3.jpg?w=940&amp;ssl=1 940w, https:\/\/i0.wp.com\/exaudi.org\/wp-content\/uploads\/2026\/07\/voces-JMP-3.jpg?resize=300%2C251&amp;ssl=1 300w, https:\/\/i0.wp.com\/exaudi.org\/wp-content\/uploads\/2026\/07\/voces-JMP-3.jpg?resize=770%2C645&amp;ssl=1 770w, https:\/\/i0.wp.com\/exaudi.org\/wp-content\/uploads\/2026\/07\/voces-JMP-3.jpg?resize=500%2C419&amp;ssl=1 500w\" sizes=\"(max-width: 940px) 100vw, 940px\" \/><\/p>\n","protected":false},"excerpt":{"rendered":"<p>Descubre c\u00f3mo la presencia, la fe y las peque\u00f1as rutinas transforman la rutina ordinaria en una experiencia extraordinaria llena de sentido<\/p>\n","protected":false},"author":109,"featured_media":179945,"comment_status":"closed","ping_status":"closed","sticky":false,"template":"","format":"standard","meta":{"_acf_changed":false,"inline_featured_image":false,"_wpcom_ai_launchpad_first_post":false,"footnotes":"","jetpack_post_was_ever_published":false},"categories":[],"tags":[8422,119003,5860,17958,119004,18645,45485,46694,14532,30881,119023,119024,20921,34073,119025,15848,117803,58880,19540,16376,27714],"class_list":["post-179924","post","type-post","status-publish","format-standard","has-post-thumbnail","hentry","tag-catolicismo","tag-cosas-pequenas","tag-cristianismo","tag-cultura-cristiana","tag-donati","tag-espiritualidad-cristiana","tag-etica-personal","tag-fe-y-vida-diaria","tag-francisco-bobadilla","tag-gabriel-marcel","tag-lo-ordinario","tag-pierpaolo-donati","tag-relaciones-humanas","tag-romano-guardini","tag-rutina-y-presencia","tag-sentido-de-la-vida","tag-sociologia","tag-trending-es-151","tag-valores-cristianos","tag-vida-cotidiana","tag-vida-ordinaria"],"acf":[],"yoast_head":"<!-- This site is optimized with the Yoast SEO plugin v28.4 - https:\/\/yoast.com\/product\/yoast-seo-wordpress\/ -->\n<title>La vida cotidiana: donde se juntan el cielo y la tierra &#8211; Exaudi<\/title>\n<meta name=\"robots\" content=\"index, follow, max-snippet:-1, max-image-preview:large, max-video-preview:-1\" \/>\n<link rel=\"canonical\" href=\"https:\/\/exaudi.org\/es\/la-vida-cotidiana-donde-se-juntan-el-cielo-y-la-tierra\/\" \/>\n<meta property=\"og:locale\" content=\"es_ES\" \/>\n<meta property=\"og:type\" content=\"article\" \/>\n<meta property=\"og:title\" content=\"La vida cotidiana: donde se juntan el cielo y la tierra &#8211; Exaudi\" \/>\n<meta property=\"og:description\" content=\"Descubre c\u00f3mo la presencia, la fe y las peque\u00f1as rutinas transforman la rutina ordinaria en una experiencia extraordinaria llena de sentido\" \/>\n<meta property=\"og:url\" content=\"https:\/\/exaudi.org\/es\/la-vida-cotidiana-donde-se-juntan-el-cielo-y-la-tierra\/\" \/>\n<meta property=\"og:site_name\" content=\"Exaudi\" \/>\n<meta property=\"article:publisher\" content=\"https:\/\/www.facebook.com\/ExaudiNews\" \/>\n<meta property=\"article:published_time\" content=\"2026-07-23T07:00:53+00:00\" \/>\n<meta property=\"article:modified_time\" content=\"2026-07-23T08:16:08+00:00\" \/>\n<meta property=\"og:image\" content=\"https:\/\/exaudi.org\/wp-content\/uploads\/2026\/07\/cotifiano.jpg\" \/>\n\t<meta property=\"og:image:width\" content=\"1233\" \/>\n\t<meta property=\"og:image:height\" content=\"768\" \/>\n\t<meta property=\"og:image:type\" content=\"image\/jpeg\" \/>\n<meta name=\"author\" content=\"Francisco Bobadilla\" \/>\n<meta name=\"twitter:card\" content=\"summary_large_image\" \/>\n<meta name=\"twitter:creator\" content=\"@Exaudi_News\" \/>\n<meta name=\"twitter:site\" content=\"@Exaudi_News\" \/>\n<meta name=\"twitter:label1\" content=\"Escrito por\" \/>\n\t<meta name=\"twitter:data1\" content=\"Francisco Bobadilla\" \/>\n\t<meta name=\"twitter:label2\" content=\"Tiempo de lectura\" \/>\n\t<meta name=\"twitter:data2\" content=\"3 minutos\" \/>\n<script type=\"application\/ld+json\" class=\"yoast-schema-graph\">{\"@context\":\"https:\\\/\\\/schema.org\",\"@graph\":[{\"@type\":\"Article\",\"@id\":\"https:\\\/\\\/exaudi.org\\\/es\\\/la-vida-cotidiana-donde-se-juntan-el-cielo-y-la-tierra\\\/#article\",\"isPartOf\":{\"@id\":\"https:\\\/\\\/exaudi.org\\\/es\\\/la-vida-cotidiana-donde-se-juntan-el-cielo-y-la-tierra\\\/\"},\"author\":{\"name\":\"Francisco Bobadilla\",\"@id\":\"https:\\\/\\\/exaudi.org\\\/#\\\/schema\\\/person\\\/f2d4ad1e1e2bb7dad42a623b75b7166b\"},\"headline\":\"La vida cotidiana: donde se juntan el cielo y la tierra\",\"datePublished\":\"2026-07-23T07:00:53+00:00\",\"dateModified\":\"2026-07-23T08:16:08+00:00\",\"mainEntityOfPage\":{\"@id\":\"https:\\\/\\\/exaudi.org\\\/es\\\/la-vida-cotidiana-donde-se-juntan-el-cielo-y-la-tierra\\\/\"},\"wordCount\":658,\"image\":{\"@id\":\"https:\\\/\\\/exaudi.org\\\/es\\\/la-vida-cotidiana-donde-se-juntan-el-cielo-y-la-tierra\\\/#primaryimage\"},\"thumbnailUrl\":\"https:\\\/\\\/i0.wp.com\\\/exaudi.org\\\/wp-content\\\/uploads\\\/2026\\\/07\\\/cotifiano.jpg?fit=1233%2C768&ssl=1\",\"keywords\":[\"Catolicismo\",\"Cosas peque\u00f1as\",\"Cristianismo\",\"cultura cristiana\",\"Donati\",\"espiritualidad cristiana\",\"\u00e9tica personal\",\"fe y vida diaria\",\"Francisco Bobadilla\",\"Gabriel Marcel\",\"lo ordinario\",\"Pierpaolo Donati\",\"relaciones humanas\",\"Romano Guardini\",\"rutina y presencia\",\"sentido de la vida\",\"sociolog\u00eda\",\"Trending\",\"valores cristianos\",\"vida cotidiana\",\"vida ordinaria\"],\"inLanguage\":\"es\"},{\"@type\":\"WebPage\",\"@id\":\"https:\\\/\\\/exaudi.org\\\/es\\\/la-vida-cotidiana-donde-se-juntan-el-cielo-y-la-tierra\\\/\",\"url\":\"https:\\\/\\\/exaudi.org\\\/es\\\/la-vida-cotidiana-donde-se-juntan-el-cielo-y-la-tierra\\\/\",\"name\":\"La vida cotidiana: donde se juntan el cielo y la tierra &#8211; Exaudi\",\"isPartOf\":{\"@id\":\"https:\\\/\\\/exaudi.org\\\/#website\"},\"primaryImageOfPage\":{\"@id\":\"https:\\\/\\\/exaudi.org\\\/es\\\/la-vida-cotidiana-donde-se-juntan-el-cielo-y-la-tierra\\\/#primaryimage\"},\"image\":{\"@id\":\"https:\\\/\\\/exaudi.org\\\/es\\\/la-vida-cotidiana-donde-se-juntan-el-cielo-y-la-tierra\\\/#primaryimage\"},\"thumbnailUrl\":\"https:\\\/\\\/i0.wp.com\\\/exaudi.org\\\/wp-content\\\/uploads\\\/2026\\\/07\\\/cotifiano.jpg?fit=1233%2C768&ssl=1\",\"datePublished\":\"2026-07-23T07:00:53+00:00\",\"dateModified\":\"2026-07-23T08:16:08+00:00\",\"author\":{\"@id\":\"https:\\\/\\\/exaudi.org\\\/#\\\/schema\\\/person\\\/f2d4ad1e1e2bb7dad42a623b75b7166b\"},\"breadcrumb\":{\"@id\":\"https:\\\/\\\/exaudi.org\\\/es\\\/la-vida-cotidiana-donde-se-juntan-el-cielo-y-la-tierra\\\/#breadcrumb\"},\"inLanguage\":\"es\",\"potentialAction\":[{\"@type\":\"ReadAction\",\"target\":[\"https:\\\/\\\/exaudi.org\\\/es\\\/la-vida-cotidiana-donde-se-juntan-el-cielo-y-la-tierra\\\/\"]}]},{\"@type\":\"ImageObject\",\"inLanguage\":\"es\",\"@id\":\"https:\\\/\\\/exaudi.org\\\/es\\\/la-vida-cotidiana-donde-se-juntan-el-cielo-y-la-tierra\\\/#primaryimage\",\"url\":\"https:\\\/\\\/i0.wp.com\\\/exaudi.org\\\/wp-content\\\/uploads\\\/2026\\\/07\\\/cotifiano.jpg?fit=1233%2C768&ssl=1\",\"contentUrl\":\"https:\\\/\\\/i0.wp.com\\\/exaudi.org\\\/wp-content\\\/uploads\\\/2026\\\/07\\\/cotifiano.jpg?fit=1233%2C768&ssl=1\",\"width\":1233,\"height\":768},{\"@type\":\"BreadcrumbList\",\"@id\":\"https:\\\/\\\/exaudi.org\\\/es\\\/la-vida-cotidiana-donde-se-juntan-el-cielo-y-la-tierra\\\/#breadcrumb\",\"itemListElement\":[{\"@type\":\"ListItem\",\"position\":1,\"name\":\"Portada\",\"item\":\"https:\\\/\\\/exaudi.org\\\/es\\\/\"},{\"@type\":\"ListItem\",\"position\":2,\"name\":\"La vida cotidiana: donde se juntan el cielo y la tierra\"}]},{\"@type\":\"WebSite\",\"@id\":\"https:\\\/\\\/exaudi.org\\\/#website\",\"url\":\"https:\\\/\\\/exaudi.org\\\/\",\"name\":\"Exaudi\",\"description\":\"News\",\"potentialAction\":[{\"@type\":\"SearchAction\",\"target\":{\"@type\":\"EntryPoint\",\"urlTemplate\":\"https:\\\/\\\/exaudi.org\\\/?s={search_term_string}\"},\"query-input\":{\"@type\":\"PropertyValueSpecification\",\"valueRequired\":true,\"valueName\":\"search_term_string\"}}],\"inLanguage\":\"es\"},{\"@type\":\"Person\",\"@id\":\"https:\\\/\\\/exaudi.org\\\/#\\\/schema\\\/person\\\/f2d4ad1e1e2bb7dad42a623b75b7166b\",\"name\":\"Francisco Bobadilla\",\"image\":{\"@type\":\"ImageObject\",\"inLanguage\":\"es\",\"@id\":\"https:\\\/\\\/secure.gravatar.com\\\/avatar\\\/8d65d74eeda045f5ef133a25b739fed12768ab871a0ddb2772cf98408d61ee37?s=96&d=mm&r=g\",\"url\":\"https:\\\/\\\/secure.gravatar.com\\\/avatar\\\/8d65d74eeda045f5ef133a25b739fed12768ab871a0ddb2772cf98408d61ee37?s=96&d=mm&r=g\",\"contentUrl\":\"https:\\\/\\\/secure.gravatar.com\\\/avatar\\\/8d65d74eeda045f5ef133a25b739fed12768ab871a0ddb2772cf98408d61ee37?s=96&d=mm&r=g\",\"caption\":\"Francisco Bobadilla\"},\"description\":\"Francisco Bobadilla es profesor principal de la Universidad de Piura, donde dicta clases para el pre-grado y posgrado. Interesado en las Humanidades y en la dimensi\u00f3n \u00e9tica de la conducta humana. Lector habitual, de cuyas lecturas se nutre en gran parte este blog. Es autor, entre otros, de los libros \u201cPasi\u00f3n por la Excelencia\u201d, \u201cEmpresas con alma\u201d, \u00abProgreso econ\u00f3mico y desarrollo humano\u00bb, \u00abEl C\u00f3digo da Vinci: de la ficci\u00f3n a la realidad\u00bb; \u00abLa disponibilidad de los derechos de la personalidad\u00bb. Abogado y Master en Derecho Civil por la PUCP, doctor en Derecho por la Universidad de Zaragoza; Licenciado en Ciencias de la Informaci\u00f3n por la Universidad de Piura. Sus temas: pensamiento pol\u00edtico y social, \u00e9tica y cultura, derechos de la persona.\",\"sameAs\":[\"https:\\\/\\\/tertuliaabierta.wordpress.com\\\/\"],\"url\":\"https:\\\/\\\/exaudi.org\\\/es\\\/author\\\/francisco-bobadilla\\\/\"}]}<\/script>\n<!-- \/ Yoast SEO plugin. -->","yoast_head_json":{"title":"La vida cotidiana: donde se juntan el cielo y la tierra &#8211; Exaudi","robots":{"index":"index","follow":"follow","max-snippet":"max-snippet:-1","max-image-preview":"max-image-preview:large","max-video-preview":"max-video-preview:-1"},"canonical":"https:\/\/exaudi.org\/es\/la-vida-cotidiana-donde-se-juntan-el-cielo-y-la-tierra\/","og_locale":"es_ES","og_type":"article","og_title":"La vida cotidiana: donde se juntan el cielo y la tierra &#8211; Exaudi","og_description":"Descubre c\u00f3mo la presencia, la fe y las peque\u00f1as rutinas transforman la rutina ordinaria en una experiencia extraordinaria llena de sentido","og_url":"https:\/\/exaudi.org\/es\/la-vida-cotidiana-donde-se-juntan-el-cielo-y-la-tierra\/","og_site_name":"Exaudi","article_publisher":"https:\/\/www.facebook.com\/ExaudiNews","article_published_time":"2026-07-23T07:00:53+00:00","article_modified_time":"2026-07-23T08:16:08+00:00","og_image":[{"width":1233,"height":768,"url":"https:\/\/exaudi.org\/wp-content\/uploads\/2026\/07\/cotifiano.jpg","type":"image\/jpeg"}],"author":"Francisco Bobadilla","twitter_card":"summary_large_image","twitter_creator":"@Exaudi_News","twitter_site":"@Exaudi_News","twitter_misc":{"Escrito por":"Francisco Bobadilla","Tiempo de lectura":"3 minutos"},"schema":{"@context":"https:\/\/schema.org","@graph":[{"@type":"Article","@id":"https:\/\/exaudi.org\/es\/la-vida-cotidiana-donde-se-juntan-el-cielo-y-la-tierra\/#article","isPartOf":{"@id":"https:\/\/exaudi.org\/es\/la-vida-cotidiana-donde-se-juntan-el-cielo-y-la-tierra\/"},"author":{"name":"Francisco Bobadilla","@id":"https:\/\/exaudi.org\/#\/schema\/person\/f2d4ad1e1e2bb7dad42a623b75b7166b"},"headline":"La vida cotidiana: donde se juntan el cielo y la tierra","datePublished":"2026-07-23T07:00:53+00:00","dateModified":"2026-07-23T08:16:08+00:00","mainEntityOfPage":{"@id":"https:\/\/exaudi.org\/es\/la-vida-cotidiana-donde-se-juntan-el-cielo-y-la-tierra\/"},"wordCount":658,"image":{"@id":"https:\/\/exaudi.org\/es\/la-vida-cotidiana-donde-se-juntan-el-cielo-y-la-tierra\/#primaryimage"},"thumbnailUrl":"https:\/\/i0.wp.com\/exaudi.org\/wp-content\/uploads\/2026\/07\/cotifiano.jpg?fit=1233%2C768&ssl=1","keywords":["Catolicismo","Cosas peque\u00f1as","Cristianismo","cultura cristiana","Donati","espiritualidad cristiana","\u00e9tica personal","fe y vida diaria","Francisco Bobadilla","Gabriel Marcel","lo ordinario","Pierpaolo Donati","relaciones humanas","Romano Guardini","rutina y presencia","sentido de la vida","sociolog\u00eda","Trending","valores cristianos","vida cotidiana","vida ordinaria"],"inLanguage":"es"},{"@type":"WebPage","@id":"https:\/\/exaudi.org\/es\/la-vida-cotidiana-donde-se-juntan-el-cielo-y-la-tierra\/","url":"https:\/\/exaudi.org\/es\/la-vida-cotidiana-donde-se-juntan-el-cielo-y-la-tierra\/","name":"La vida cotidiana: donde se juntan el cielo y la tierra &#8211; Exaudi","isPartOf":{"@id":"https:\/\/exaudi.org\/#website"},"primaryImageOfPage":{"@id":"https:\/\/exaudi.org\/es\/la-vida-cotidiana-donde-se-juntan-el-cielo-y-la-tierra\/#primaryimage"},"image":{"@id":"https:\/\/exaudi.org\/es\/la-vida-cotidiana-donde-se-juntan-el-cielo-y-la-tierra\/#primaryimage"},"thumbnailUrl":"https:\/\/i0.wp.com\/exaudi.org\/wp-content\/uploads\/2026\/07\/cotifiano.jpg?fit=1233%2C768&ssl=1","datePublished":"2026-07-23T07:00:53+00:00","dateModified":"2026-07-23T08:16:08+00:00","author":{"@id":"https:\/\/exaudi.org\/#\/schema\/person\/f2d4ad1e1e2bb7dad42a623b75b7166b"},"breadcrumb":{"@id":"https:\/\/exaudi.org\/es\/la-vida-cotidiana-donde-se-juntan-el-cielo-y-la-tierra\/#breadcrumb"},"inLanguage":"es","potentialAction":[{"@type":"ReadAction","target":["https:\/\/exaudi.org\/es\/la-vida-cotidiana-donde-se-juntan-el-cielo-y-la-tierra\/"]}]},{"@type":"ImageObject","inLanguage":"es","@id":"https:\/\/exaudi.org\/es\/la-vida-cotidiana-donde-se-juntan-el-cielo-y-la-tierra\/#primaryimage","url":"https:\/\/i0.wp.com\/exaudi.org\/wp-content\/uploads\/2026\/07\/cotifiano.jpg?fit=1233%2C768&ssl=1","contentUrl":"https:\/\/i0.wp.com\/exaudi.org\/wp-content\/uploads\/2026\/07\/cotifiano.jpg?fit=1233%2C768&ssl=1","width":1233,"height":768},{"@type":"BreadcrumbList","@id":"https:\/\/exaudi.org\/es\/la-vida-cotidiana-donde-se-juntan-el-cielo-y-la-tierra\/#breadcrumb","itemListElement":[{"@type":"ListItem","position":1,"name":"Portada","item":"https:\/\/exaudi.org\/es\/"},{"@type":"ListItem","position":2,"name":"La vida cotidiana: donde se juntan el cielo y la tierra"}]},{"@type":"WebSite","@id":"https:\/\/exaudi.org\/#website","url":"https:\/\/exaudi.org\/","name":"Exaudi","description":"News","potentialAction":[{"@type":"SearchAction","target":{"@type":"EntryPoint","urlTemplate":"https:\/\/exaudi.org\/?s={search_term_string}"},"query-input":{"@type":"PropertyValueSpecification","valueRequired":true,"valueName":"search_term_string"}}],"inLanguage":"es"},{"@type":"Person","@id":"https:\/\/exaudi.org\/#\/schema\/person\/f2d4ad1e1e2bb7dad42a623b75b7166b","name":"Francisco Bobadilla","image":{"@type":"ImageObject","inLanguage":"es","@id":"https:\/\/secure.gravatar.com\/avatar\/8d65d74eeda045f5ef133a25b739fed12768ab871a0ddb2772cf98408d61ee37?s=96&d=mm&r=g","url":"https:\/\/secure.gravatar.com\/avatar\/8d65d74eeda045f5ef133a25b739fed12768ab871a0ddb2772cf98408d61ee37?s=96&d=mm&r=g","contentUrl":"https:\/\/secure.gravatar.com\/avatar\/8d65d74eeda045f5ef133a25b739fed12768ab871a0ddb2772cf98408d61ee37?s=96&d=mm&r=g","caption":"Francisco Bobadilla"},"description":"Francisco Bobadilla es profesor principal de la Universidad de Piura, donde dicta clases para el pre-grado y posgrado. Interesado en las Humanidades y en la dimensi\u00f3n \u00e9tica de la conducta humana. Lector habitual, de cuyas lecturas se nutre en gran parte este blog. Es autor, entre otros, de los libros \u201cPasi\u00f3n por la Excelencia\u201d, \u201cEmpresas con alma\u201d, \u00abProgreso econ\u00f3mico y desarrollo humano\u00bb, \u00abEl C\u00f3digo da Vinci: de la ficci\u00f3n a la realidad\u00bb; \u00abLa disponibilidad de los derechos de la personalidad\u00bb. Abogado y Master en Derecho Civil por la PUCP, doctor en Derecho por la Universidad de Zaragoza; Licenciado en Ciencias de la Informaci\u00f3n por la Universidad de Piura. Sus temas: pensamiento pol\u00edtico y social, \u00e9tica y cultura, derechos de la persona.","sameAs":["https:\/\/tertuliaabierta.wordpress.com\/"],"url":"https:\/\/exaudi.org\/es\/author\/francisco-bobadilla\/"}]}},"jetpack_shortlink":"https:\/\/wp.me\/pgKjF2-KO0","jetpack_featured_media_url":"https:\/\/i0.wp.com\/exaudi.org\/wp-content\/uploads\/2026\/07\/cotifiano.jpg?fit=1233%2C768&ssl=1","_links":{"self":[{"href":"https:\/\/exaudi.org\/es\/wp-json\/wp\/v2\/posts\/179924","targetHints":{"allow":["GET"]}}],"collection":[{"href":"https:\/\/exaudi.org\/es\/wp-json\/wp\/v2\/posts"}],"about":[{"href":"https:\/\/exaudi.org\/es\/wp-json\/wp\/v2\/types\/post"}],"author":[{"embeddable":true,"href":"https:\/\/exaudi.org\/es\/wp-json\/wp\/v2\/users\/109"}],"replies":[{"embeddable":true,"href":"https:\/\/exaudi.org\/es\/wp-json\/wp\/v2\/comments?post=179924"}],"version-history":[{"count":6,"href":"https:\/\/exaudi.org\/es\/wp-json\/wp\/v2\/posts\/179924\/revisions"}],"predecessor-version":[{"id":180016,"href":"https:\/\/exaudi.org\/es\/wp-json\/wp\/v2\/posts\/179924\/revisions\/180016"}],"wp:featuredmedia":[{"embeddable":true,"href":"https:\/\/exaudi.org\/es\/wp-json\/wp\/v2\/media\/179945"}],"wp:attachment":[{"href":"https:\/\/exaudi.org\/es\/wp-json\/wp\/v2\/media?parent=179924"}],"wp:term":[{"taxonomy":"category","embeddable":true,"href":"https:\/\/exaudi.org\/es\/wp-json\/wp\/v2\/categories?post=179924"},{"taxonomy":"post_tag","embeddable":true,"href":"https:\/\/exaudi.org\/es\/wp-json\/wp\/v2\/tags?post=179924"}],"curies":[{"name":"wp","href":"https:\/\/api.w.org\/{rel}","templated":true}]}}