{"id":17976,"date":"2021-05-20T12:16:37","date_gmt":"2021-05-20T10:16:37","guid":{"rendered":"https:\/\/exaudi.org\/?p=17976"},"modified":"2021-05-21T09:48:03","modified_gmt":"2021-05-21T07:48:03","slug":"mexico-obispos-morelia-llaman-al-voto-util-2021","status":"publish","type":"post","link":"https:\/\/exaudi.org\/es\/mexico-obispos-morelia-llaman-al-voto-util-2021\/","title":{"rendered":"M\u00e9xico: Obispos de Morelia llaman al voto \u00fatil"},"content":{"rendered":"<p>Los obispos de la <a href=\"https:\/\/arquidiocesismorelia.mx\/\" target=\"_blank\" rel=\"noopener noreferrer\">arquidi\u00f3cesis de Morelia<\/a>, M\u00e9xico, emitieron el pasado 15 de mayo de 2021 un comunicado en el que llaman a \u201ctodos los fieles cat\u00f3licos y a las mujeres y hombres de buena voluntad\u201d a <a href=\"https:\/\/exaudi.org\/es\/mexico-mensaje-obispos-elecciones-2021\/\" target=\"_blank\" rel=\"noopener noreferrer\">participar de las elecciones del 6 de junio<\/a> realizando un \u201cvoto \u00fatil, a favor del bien com\u00fan\u201d.<\/p>\n<p>Del mismo modo, lamentaron \u201cprofundamente los actos de violencia que siguen apareciendo en diferentes partes de M\u00e9xico y de Michoac\u00e1n y, en particular, los ataques violentos contra los candidatos y candidatas a puestos de elecci\u00f3n popular\u201d, y pidieron \u201ca las autoridades correspondientes buscar soluciones m\u00e1s duraderas y de mayor alcance para lograr la paz y la estabilidad social\u201d.<\/p>\n<h4><strong>Responsabilidad de todos<\/strong><\/h4>\n<p>Al comienzo de su mensaje, los pelados mexicanos explican que \u201cla tarea de la pol\u00edtica y de todo buen gobernante consiste en la apertura a todos, donde se permite integrar las justas diferencias que colaboren en la construcci\u00f3n del bien com\u00fan\u201d.<\/p>\n<p>\u201cLa sociedad se forma por diferentes personas, grupos, comunidades, pueblos y ciudades, mujeres y hombres, con diferentes formas de ver y entender la vida, todos afectados por la misma realidad, y por lo mismo, todos comprometidos en ser parte de la soluci\u00f3n, guiados por el bien com\u00fan\u201d, a\u00f1aden.<\/p>\n<h4><strong>Protecci\u00f3n del pueblo<\/strong><\/h4>\n<p>La Iglesia de Morelia recuerda la complicada realidad que afecta a los fieles: \u201cComunidades estranguladas y ensangrentadas por el crimen organizado, donde los m\u00e1s afectados son las personas buenas y sencillas de nuestros pueblos, vi\u00e9ndose obligados a emigrar en busca de seguridad y de mejores condiciones de vida\u201d.<\/p>\n<p>Por ello, llaman a los candidatos a \u201cque sus propuestas de gobierno partan de la realidad de cada municipio y del Estado, ofreciendo proyectos apegados a las posibilidades reales de soluci\u00f3n y no caigan en ofrecer falsas promesas que siembran expectativas irreales y que s\u00f3lo generan desencanto y frustraci\u00f3n. No prometan el cielo para hacernos vivir un infierno\u201d.<\/p>\n<h4><strong>Voto \u00fatil<\/strong><\/h4>\n<p>Los obispos piden a los ciudadanos que realicen un voto \u00fatil, es decir, \u201cque est\u00e9 definido por propuestas a favor de la paz, la justicia social, la igualdad de oportunidades, la reconciliaci\u00f3n, el combate a la miseria y la pobreza, favoreciendo el respeto a la dignidad de cada persona. El voto \u00fatil no corrompe ni se deja corromper, es como la sal, conserva y da sabor\u201d.<\/p>\n<p>\u201cEl voto \u00fatil consiste adem\u00e1s en un voto que puede ser diferenciado cualitativamente, no necesariamente por un solo partido o coalici\u00f3n, sino tomando en cuenta al candidato, sus propuestas y la plataforma pol\u00edtica que lo respalda. Un ciudadano responsable razona, discierne, ora desde su fe y toma la mejor decisi\u00f3n para cada puesto de elecci\u00f3n\u201d, concluyen.<\/p>\n","protected":false},"excerpt":{"rendered":"<p>Elecciones de junio<\/p>\n","protected":false},"author":6,"featured_media":17983,"comment_status":"closed","ping_status":"closed","sticky":false,"template":"","format":"standard","meta":{"_acf_changed":false,"_crdt_document":"","inline_featured_image":false,"footnotes":""},"categories":[86,298],"tags":[2413,946,415],"class_list":["post-17976","post","type-post","status-publish","format-standard","has-post-thumbnail","hentry","category-iglesia-local","category-ultimas-noticias","tag-arquidiocesis-de-morelia","tag-elecciones-generales-2021","tag-mexico"],"acf":[],"yoast_head":"<!-- This site is optimized with the Yoast SEO plugin v27.5 - https:\/\/yoast.com\/product\/yoast-seo-wordpress\/ -->\n<title>M\u00e9xico: Obispos de Morelia llaman al voto \u00fatil &#8211; Exaudi<\/title>\n<meta name=\"description\" content=\"Los obispos de la provincia de Morelia, M\u00e9xico, emitieron un comunicado para llamar a los fieles cat\u00f3licos a un voto \u00fatil por el bien com\u00fan.\" \/>\n<meta name=\"robots\" content=\"index, follow, max-snippet:-1, max-image-preview:large, max-video-preview:-1\" \/>\n<link rel=\"canonical\" href=\"https:\/\/exaudi.org\/es\/mexico-obispos-morelia-llaman-al-voto-util-2021\/\" \/>\n<meta property=\"og:locale\" content=\"es_ES\" \/>\n<meta property=\"og:type\" content=\"article\" \/>\n<meta property=\"og:title\" content=\"M\u00e9xico: Obispos de Morelia llaman al voto \u00fatil &#8211; Exaudi\" \/>\n<meta property=\"og:description\" content=\"Los obispos de la provincia de Morelia, M\u00e9xico, emitieron un comunicado para llamar a los fieles cat\u00f3licos a un voto \u00fatil por el bien com\u00fan.\" \/>\n<meta property=\"og:url\" content=\"https:\/\/exaudi.org\/es\/mexico-obispos-morelia-llaman-al-voto-util-2021\/\" \/>\n<meta property=\"og:site_name\" content=\"Exaudi\" \/>\n<meta property=\"article:publisher\" content=\"https:\/\/www.facebook.com\/ExaudiNews\" \/>\n<meta property=\"article:published_time\" content=\"2021-05-20T10:16:37+00:00\" \/>\n<meta property=\"article:modified_time\" content=\"2021-05-21T07:48:03+00:00\" \/>\n<meta property=\"og:image\" content=\"https:\/\/exaudi.org\/wp-content\/uploads\/2021\/05\/90ppn.jpg\" \/>\n\t<meta property=\"og:image:width\" content=\"873\" \/>\n\t<meta property=\"og:image:height\" content=\"485\" \/>\n\t<meta property=\"og:image:type\" content=\"image\/jpeg\" \/>\n<meta name=\"author\" content=\"Gabriel Sales\" \/>\n<meta name=\"twitter:card\" content=\"summary_large_image\" \/>\n<meta name=\"twitter:creator\" content=\"@habemusman\" \/>\n<meta name=\"twitter:site\" content=\"@Exaudi_News\" \/>\n<meta name=\"twitter:label1\" content=\"Escrito por\" \/>\n\t<meta name=\"twitter:data1\" content=\"Gabriel Sales\" \/>\n\t<meta name=\"twitter:label2\" content=\"Tiempo de lectura\" \/>\n\t<meta name=\"twitter:data2\" content=\"2 minutos\" \/>\n<script type=\"application\/ld+json\" class=\"yoast-schema-graph\">{\"@context\":\"https:\\\/\\\/schema.org\",\"@graph\":[{\"@type\":\"Article\",\"@id\":\"https:\\\/\\\/exaudi.org\\\/es\\\/mexico-obispos-morelia-llaman-al-voto-util-2021\\\/#article\",\"isPartOf\":{\"@id\":\"https:\\\/\\\/exaudi.org\\\/es\\\/mexico-obispos-morelia-llaman-al-voto-util-2021\\\/\"},\"author\":{\"name\":\"Gabriel Sales\",\"@id\":\"https:\\\/\\\/exaudi.org\\\/#\\\/schema\\\/person\\\/d134b96438278131ce90c90c03fda6cd\"},\"headline\":\"M\u00e9xico: Obispos de Morelia llaman al voto \u00fatil\",\"datePublished\":\"2021-05-20T10:16:37+00:00\",\"dateModified\":\"2021-05-21T07:48:03+00:00\",\"mainEntityOfPage\":{\"@id\":\"https:\\\/\\\/exaudi.org\\\/es\\\/mexico-obispos-morelia-llaman-al-voto-util-2021\\\/\"},\"wordCount\":469,\"image\":{\"@id\":\"https:\\\/\\\/exaudi.org\\\/es\\\/mexico-obispos-morelia-llaman-al-voto-util-2021\\\/#primaryimage\"},\"thumbnailUrl\":\"https:\\\/\\\/exaudi.org\\\/wp-content\\\/uploads\\\/2021\\\/05\\\/90ppn.jpg\",\"keywords\":[\"Arquidi\u00f3cesis de Morelia\",\"Elecciones generales 2021\",\"M\u00e9xico\"],\"articleSection\":[\"Iglesia Local\",\"\u00daltimas noticias\"],\"inLanguage\":\"es\"},{\"@type\":\"WebPage\",\"@id\":\"https:\\\/\\\/exaudi.org\\\/es\\\/mexico-obispos-morelia-llaman-al-voto-util-2021\\\/\",\"url\":\"https:\\\/\\\/exaudi.org\\\/es\\\/mexico-obispos-morelia-llaman-al-voto-util-2021\\\/\",\"name\":\"M\u00e9xico: Obispos de Morelia llaman al voto \u00fatil &#8211; Exaudi\",\"isPartOf\":{\"@id\":\"https:\\\/\\\/exaudi.org\\\/#website\"},\"primaryImageOfPage\":{\"@id\":\"https:\\\/\\\/exaudi.org\\\/es\\\/mexico-obispos-morelia-llaman-al-voto-util-2021\\\/#primaryimage\"},\"image\":{\"@id\":\"https:\\\/\\\/exaudi.org\\\/es\\\/mexico-obispos-morelia-llaman-al-voto-util-2021\\\/#primaryimage\"},\"thumbnailUrl\":\"https:\\\/\\\/exaudi.org\\\/wp-content\\\/uploads\\\/2021\\\/05\\\/90ppn.jpg\",\"datePublished\":\"2021-05-20T10:16:37+00:00\",\"dateModified\":\"2021-05-21T07:48:03+00:00\",\"author\":{\"@id\":\"https:\\\/\\\/exaudi.org\\\/#\\\/schema\\\/person\\\/d134b96438278131ce90c90c03fda6cd\"},\"description\":\"Los obispos de la provincia de Morelia, M\u00e9xico, emitieron un comunicado para llamar a los fieles cat\u00f3licos a un voto \u00fatil por el bien com\u00fan.\",\"breadcrumb\":{\"@id\":\"https:\\\/\\\/exaudi.org\\\/es\\\/mexico-obispos-morelia-llaman-al-voto-util-2021\\\/#breadcrumb\"},\"inLanguage\":\"es\",\"potentialAction\":[{\"@type\":\"ReadAction\",\"target\":[\"https:\\\/\\\/exaudi.org\\\/es\\\/mexico-obispos-morelia-llaman-al-voto-util-2021\\\/\"]}]},{\"@type\":\"ImageObject\",\"inLanguage\":\"es\",\"@id\":\"https:\\\/\\\/exaudi.org\\\/es\\\/mexico-obispos-morelia-llaman-al-voto-util-2021\\\/#primaryimage\",\"url\":\"https:\\\/\\\/exaudi.org\\\/wp-content\\\/uploads\\\/2021\\\/05\\\/90ppn.jpg\",\"contentUrl\":\"https:\\\/\\\/exaudi.org\\\/wp-content\\\/uploads\\\/2021\\\/05\\\/90ppn.jpg\",\"width\":873,\"height\":485,\"caption\":\"El Papa en su visita a M\u00e9xico 2016 \u00a9 Vatican Media\"},{\"@type\":\"BreadcrumbList\",\"@id\":\"https:\\\/\\\/exaudi.org\\\/es\\\/mexico-obispos-morelia-llaman-al-voto-util-2021\\\/#breadcrumb\",\"itemListElement\":[{\"@type\":\"ListItem\",\"position\":1,\"name\":\"Portada\",\"item\":\"https:\\\/\\\/exaudi.org\\\/es\\\/\"},{\"@type\":\"ListItem\",\"position\":2,\"name\":\"M\u00e9xico: Obispos de Morelia llaman al voto \u00fatil\"}]},{\"@type\":\"WebSite\",\"@id\":\"https:\\\/\\\/exaudi.org\\\/#website\",\"url\":\"https:\\\/\\\/exaudi.org\\\/\",\"name\":\"Exaudi\",\"description\":\"News\",\"potentialAction\":[{\"@type\":\"SearchAction\",\"target\":{\"@type\":\"EntryPoint\",\"urlTemplate\":\"https:\\\/\\\/exaudi.org\\\/?s={search_term_string}\"},\"query-input\":{\"@type\":\"PropertyValueSpecification\",\"valueRequired\":true,\"valueName\":\"search_term_string\"}}],\"inLanguage\":\"es\"},{\"@type\":\"Person\",\"@id\":\"https:\\\/\\\/exaudi.org\\\/#\\\/schema\\\/person\\\/d134b96438278131ce90c90c03fda6cd\",\"name\":\"Gabriel Sales\",\"image\":{\"@type\":\"ImageObject\",\"inLanguage\":\"es\",\"@id\":\"https:\\\/\\\/secure.gravatar.com\\\/avatar\\\/9b1269566f6a063ed26ffb3532b66a373cdde231ce5d0effb266167437fdaffd?s=96&d=mm&r=g\",\"url\":\"https:\\\/\\\/secure.gravatar.com\\\/avatar\\\/9b1269566f6a063ed26ffb3532b66a373cdde231ce5d0effb266167437fdaffd?s=96&d=mm&r=g\",\"contentUrl\":\"https:\\\/\\\/secure.gravatar.com\\\/avatar\\\/9b1269566f6a063ed26ffb3532b66a373cdde231ce5d0effb266167437fdaffd?s=96&d=mm&r=g\",\"caption\":\"Gabriel Sales\"},\"description\":\"Periodista y especialista en Comunicaci\u00f3n y Branding digital. Cin\u00e9filo y cr\u00edtico de cine y series de televisi\u00f3n.\",\"sameAs\":[\"https:\\\/\\\/www.instagram.com\\\/cine90segundos\\\/\",\"www.linkedin.com\\\/in\\\/habemusman\",\"https:\\\/\\\/x.com\\\/habemusman\",\"https:\\\/\\\/www.youtube.com\\\/channel\\\/UCVfCiOMkJ_C7T7OpyjuaLDg\"],\"url\":\"https:\\\/\\\/exaudi.org\\\/es\\\/author\\\/gsalesexaudi-org\\\/\"}]}<\/script>\n<!-- \/ Yoast SEO plugin. -->","yoast_head_json":{"title":"M\u00e9xico: Obispos de Morelia llaman al voto \u00fatil &#8211; Exaudi","description":"Los obispos de la provincia de Morelia, M\u00e9xico, emitieron un comunicado para llamar a los fieles cat\u00f3licos a un voto \u00fatil por el bien com\u00fan.","robots":{"index":"index","follow":"follow","max-snippet":"max-snippet:-1","max-image-preview":"max-image-preview:large","max-video-preview":"max-video-preview:-1"},"canonical":"https:\/\/exaudi.org\/es\/mexico-obispos-morelia-llaman-al-voto-util-2021\/","og_locale":"es_ES","og_type":"article","og_title":"M\u00e9xico: Obispos de Morelia llaman al voto \u00fatil &#8211; Exaudi","og_description":"Los obispos de la provincia de Morelia, M\u00e9xico, emitieron un comunicado para llamar a los fieles cat\u00f3licos a un voto \u00fatil por el bien com\u00fan.","og_url":"https:\/\/exaudi.org\/es\/mexico-obispos-morelia-llaman-al-voto-util-2021\/","og_site_name":"Exaudi","article_publisher":"https:\/\/www.facebook.com\/ExaudiNews","article_published_time":"2021-05-20T10:16:37+00:00","article_modified_time":"2021-05-21T07:48:03+00:00","og_image":[{"width":873,"height":485,"url":"https:\/\/exaudi.org\/wp-content\/uploads\/2021\/05\/90ppn.jpg","type":"image\/jpeg"}],"author":"Gabriel Sales","twitter_card":"summary_large_image","twitter_creator":"@habemusman","twitter_site":"@Exaudi_News","twitter_misc":{"Escrito por":"Gabriel Sales","Tiempo de lectura":"2 minutos"},"schema":{"@context":"https:\/\/schema.org","@graph":[{"@type":"Article","@id":"https:\/\/exaudi.org\/es\/mexico-obispos-morelia-llaman-al-voto-util-2021\/#article","isPartOf":{"@id":"https:\/\/exaudi.org\/es\/mexico-obispos-morelia-llaman-al-voto-util-2021\/"},"author":{"name":"Gabriel Sales","@id":"https:\/\/exaudi.org\/#\/schema\/person\/d134b96438278131ce90c90c03fda6cd"},"headline":"M\u00e9xico: Obispos de Morelia llaman al voto \u00fatil","datePublished":"2021-05-20T10:16:37+00:00","dateModified":"2021-05-21T07:48:03+00:00","mainEntityOfPage":{"@id":"https:\/\/exaudi.org\/es\/mexico-obispos-morelia-llaman-al-voto-util-2021\/"},"wordCount":469,"image":{"@id":"https:\/\/exaudi.org\/es\/mexico-obispos-morelia-llaman-al-voto-util-2021\/#primaryimage"},"thumbnailUrl":"https:\/\/exaudi.org\/wp-content\/uploads\/2021\/05\/90ppn.jpg","keywords":["Arquidi\u00f3cesis de Morelia","Elecciones generales 2021","M\u00e9xico"],"articleSection":["Iglesia Local","\u00daltimas noticias"],"inLanguage":"es"},{"@type":"WebPage","@id":"https:\/\/exaudi.org\/es\/mexico-obispos-morelia-llaman-al-voto-util-2021\/","url":"https:\/\/exaudi.org\/es\/mexico-obispos-morelia-llaman-al-voto-util-2021\/","name":"M\u00e9xico: Obispos de Morelia llaman al voto \u00fatil &#8211; Exaudi","isPartOf":{"@id":"https:\/\/exaudi.org\/#website"},"primaryImageOfPage":{"@id":"https:\/\/exaudi.org\/es\/mexico-obispos-morelia-llaman-al-voto-util-2021\/#primaryimage"},"image":{"@id":"https:\/\/exaudi.org\/es\/mexico-obispos-morelia-llaman-al-voto-util-2021\/#primaryimage"},"thumbnailUrl":"https:\/\/exaudi.org\/wp-content\/uploads\/2021\/05\/90ppn.jpg","datePublished":"2021-05-20T10:16:37+00:00","dateModified":"2021-05-21T07:48:03+00:00","author":{"@id":"https:\/\/exaudi.org\/#\/schema\/person\/d134b96438278131ce90c90c03fda6cd"},"description":"Los obispos de la provincia de Morelia, M\u00e9xico, emitieron un comunicado para llamar a los fieles cat\u00f3licos a un voto \u00fatil por el bien com\u00fan.","breadcrumb":{"@id":"https:\/\/exaudi.org\/es\/mexico-obispos-morelia-llaman-al-voto-util-2021\/#breadcrumb"},"inLanguage":"es","potentialAction":[{"@type":"ReadAction","target":["https:\/\/exaudi.org\/es\/mexico-obispos-morelia-llaman-al-voto-util-2021\/"]}]},{"@type":"ImageObject","inLanguage":"es","@id":"https:\/\/exaudi.org\/es\/mexico-obispos-morelia-llaman-al-voto-util-2021\/#primaryimage","url":"https:\/\/exaudi.org\/wp-content\/uploads\/2021\/05\/90ppn.jpg","contentUrl":"https:\/\/exaudi.org\/wp-content\/uploads\/2021\/05\/90ppn.jpg","width":873,"height":485,"caption":"El Papa en su visita a M\u00e9xico 2016 \u00a9 Vatican Media"},{"@type":"BreadcrumbList","@id":"https:\/\/exaudi.org\/es\/mexico-obispos-morelia-llaman-al-voto-util-2021\/#breadcrumb","itemListElement":[{"@type":"ListItem","position":1,"name":"Portada","item":"https:\/\/exaudi.org\/es\/"},{"@type":"ListItem","position":2,"name":"M\u00e9xico: Obispos de Morelia llaman al voto \u00fatil"}]},{"@type":"WebSite","@id":"https:\/\/exaudi.org\/#website","url":"https:\/\/exaudi.org\/","name":"Exaudi","description":"News","potentialAction":[{"@type":"SearchAction","target":{"@type":"EntryPoint","urlTemplate":"https:\/\/exaudi.org\/?s={search_term_string}"},"query-input":{"@type":"PropertyValueSpecification","valueRequired":true,"valueName":"search_term_string"}}],"inLanguage":"es"},{"@type":"Person","@id":"https:\/\/exaudi.org\/#\/schema\/person\/d134b96438278131ce90c90c03fda6cd","name":"Gabriel Sales","image":{"@type":"ImageObject","inLanguage":"es","@id":"https:\/\/secure.gravatar.com\/avatar\/9b1269566f6a063ed26ffb3532b66a373cdde231ce5d0effb266167437fdaffd?s=96&d=mm&r=g","url":"https:\/\/secure.gravatar.com\/avatar\/9b1269566f6a063ed26ffb3532b66a373cdde231ce5d0effb266167437fdaffd?s=96&d=mm&r=g","contentUrl":"https:\/\/secure.gravatar.com\/avatar\/9b1269566f6a063ed26ffb3532b66a373cdde231ce5d0effb266167437fdaffd?s=96&d=mm&r=g","caption":"Gabriel Sales"},"description":"Periodista y especialista en Comunicaci\u00f3n y Branding digital. Cin\u00e9filo y cr\u00edtico de cine y series de televisi\u00f3n.","sameAs":["https:\/\/www.instagram.com\/cine90segundos\/","www.linkedin.com\/in\/habemusman","https:\/\/x.com\/habemusman","https:\/\/www.youtube.com\/channel\/UCVfCiOMkJ_C7T7OpyjuaLDg"],"url":"https:\/\/exaudi.org\/es\/author\/gsalesexaudi-org\/"}]}},"jetpack_featured_media_url":"https:\/\/exaudi.org\/wp-content\/uploads\/2021\/05\/90ppn.jpg","jetpack_shortlink":"https:\/\/wp.me\/pgKjF2-4FW","_links":{"self":[{"href":"https:\/\/exaudi.org\/es\/wp-json\/wp\/v2\/posts\/17976","targetHints":{"allow":["GET"]}}],"collection":[{"href":"https:\/\/exaudi.org\/es\/wp-json\/wp\/v2\/posts"}],"about":[{"href":"https:\/\/exaudi.org\/es\/wp-json\/wp\/v2\/types\/post"}],"author":[{"embeddable":true,"href":"https:\/\/exaudi.org\/es\/wp-json\/wp\/v2\/users\/6"}],"replies":[{"embeddable":true,"href":"https:\/\/exaudi.org\/es\/wp-json\/wp\/v2\/comments?post=17976"}],"version-history":[{"count":0,"href":"https:\/\/exaudi.org\/es\/wp-json\/wp\/v2\/posts\/17976\/revisions"}],"wp:featuredmedia":[{"embeddable":true,"href":"https:\/\/exaudi.org\/es\/wp-json\/wp\/v2\/media\/17983"}],"wp:attachment":[{"href":"https:\/\/exaudi.org\/es\/wp-json\/wp\/v2\/media?parent=17976"}],"wp:term":[{"taxonomy":"category","embeddable":true,"href":"https:\/\/exaudi.org\/es\/wp-json\/wp\/v2\/categories?post=17976"},{"taxonomy":"post_tag","embeddable":true,"href":"https:\/\/exaudi.org\/es\/wp-json\/wp\/v2\/tags?post=17976"}],"curies":[{"name":"wp","href":"https:\/\/api.w.org\/{rel}","templated":true}]}}