{"id":179655,"date":"2026-07-21T08:30:05","date_gmt":"2026-07-21T06:30:05","guid":{"rendered":"https:\/\/exaudi.org\/?p=179655"},"modified":"2026-07-20T12:05:22","modified_gmt":"2026-07-20T10:05:22","slug":"y-si-si","status":"publish","type":"post","link":"https:\/\/exaudi.org\/es\/y-si-si\/","title":{"rendered":"\u00bfY si s\u00ed\u2026?"},"content":{"rendered":"<p>El reciente discurso del Papa Le\u00f3n XIV ante el hemiciclo parlamentario representa, a mi juicio, la intervenci\u00f3n m\u00e1s brillante que se ha escuchado en esa c\u00e1mara en la historia reciente. La trascendencia del momento qued\u00f3 reflejada en una ovaci\u00f3n final de unos siete minutos, interrumpida \u00fanicamente porque la Presidenta de la C\u00e1mara y el Pont\u00edfice iniciaron su salida del hemiciclo. Aunque ser\u00eda ilusorio pensar en una unanimidad absoluta entre los asistentes, el mensaje cal\u00f3 de forma diversa seg\u00fan las afinidades sociopol\u00edticas y religiosas de cada Se\u00f1or\u00eda. Pero me atrevo a decir que ninguno se vio agredido en sus postulados, pero todos se sintieron interpelados a la reflexi\u00f3n.<\/p>\n<p><iframe title=\"Spotify Embed: \u00bfY si s\u00ed\u2026?\" style=\"border-radius: 12px\" width=\"100%\" height=\"152\" frameborder=\"0\" allowfullscreen allow=\"autoplay; clipboard-write; encrypted-media; fullscreen; picture-in-picture\" loading=\"lazy\" src=\"https:\/\/open.spotify.com\/embed\/episode\/3ICjx8b01eHzUh5y9DAXgp?si=954a8b53fa0d4ab6&amp;utm_source=oembed\"><\/iframe><\/p>\n<p>De entre sus palabras ante nuestros representantes del Estado, conviene detenerse en un fragmento de especial valent\u00eda en el contexto de unas Cortes que han despenalizado el aborto:<\/p>\n<p><strong>\u00abLa defensa de la vida humana no es una cuesti\u00f3n parcial ni un inter\u00e9s confesional: es una meta de civilizaci\u00f3n. Toda vida humana debe ser reconocida y custodiada desde su concepci\u00f3n hasta su ocaso natural, en cada circunstancia de su existencia. Cuando esta certeza se oscurece, los m\u00e1s vulnerables son las primeras v\u00edctimas y la ley pierde su significado m\u00e1s profundo: servir y proteger a cada persona. Por eso, la grandeza moral de una naci\u00f3n se manifiesta, sobre todo, en su capacidad de acompa\u00f1ar, proteger y amar aquellas vidas que atraviesan mayor fragilidad\u00bb. <\/strong><\/p>\n<p>Esta afirmaci\u00f3n sobre la necesidad de custodiar la vida \u00abdesde su concepci\u00f3n\u00bb adquiere una fuerza arrolladora al vincularse con la defensa de la dignidad de la persona dentro del an\u00e1lisis hist\u00f3rico-cr\u00edtico planteado por el Pont\u00edfice.<\/p>\n<p><img data-recalc-dims=\"1\" fetchpriority=\"high\" decoding=\"async\" class=\"size-full wp-image-179659 alignright\" src=\"https:\/\/i0.wp.com\/exaudi.org\/wp-content\/uploads\/2026\/07\/cq5dam.thumbnail.cropped.500.281-1.jpeg?resize=500%2C281&#038;ssl=1\" alt=\"\" width=\"500\" height=\"281\" srcset=\"https:\/\/i0.wp.com\/exaudi.org\/wp-content\/uploads\/2026\/07\/cq5dam.thumbnail.cropped.500.281-1.jpeg?w=500&amp;ssl=1 500w, https:\/\/i0.wp.com\/exaudi.org\/wp-content\/uploads\/2026\/07\/cq5dam.thumbnail.cropped.500.281-1.jpeg?resize=300%2C169&amp;ssl=1 300w\" sizes=\"(max-width: 500px) 100vw, 500px\" \/><\/p>\n<h3><strong>Un choque de realidades frente a la ley<\/strong><\/h3>\n<p>Frente a esta postura, el marco normativo e ideol\u00f3gico actual se asienta sobre premisas muy distintas, defendiendo que la condici\u00f3n de persona no se adquiere hasta el nacimiento, o validando una ley de plazos donde el feto es considerado como persona (y por tanto protegido) a partir de las semanas 14 o 22, seg\u00fan los supuestos de la legislaci\u00f3n espa\u00f1ola. Asimismo, la realidad social expone dilemas complejos y de indudable gravedad que el legislador debe atender desde el \u00e1mbito psicol\u00f3gico: el drama de los embarazos no deseados, la desesperaci\u00f3n de mujeres que no ven viable ofrecer una vida digna a sus hijos o el diagn\u00f3stico de enfermedades y discapacidades posibles en el no nacido.<\/p>\n<p>Sin embargo, existe otra serie de evidencias cient\u00edficas y humanas que tambi\u00e9n exigen ser analizadas con rigor:<\/p>\n<ul>\n<li><strong>Avances m\u00e9dicos:<\/strong> Las unidades de neonatolog\u00eda y ginecolog\u00eda demuestran de forma constante la viabilidad de fetos cada vez m\u00e1s prematuros, al tiempo que las cirug\u00edas intrauterinas logran mejorar sustancialmente la perspectiva m\u00e9dica del beb\u00e9 antes de nacer.<\/li>\n<li><strong>El impacto silencioso:<\/strong> Existe un amplio colectivo silencioso de mujeres que padece problemas de salud mental tras haberse sometido a un aborto. Paralelamente, se constata que la visualizaci\u00f3n de una ecograf\u00eda ha motivado a muchas mujeres a cambiar su decisi\u00f3n, y han continuado con su gestaci\u00f3n gracias al acompa\u00f1amiento de personas que las acogieron y les devolvieron su dignidad.<\/li>\n<li><strong>El duelo perinatal:<\/strong> La realidad psicol\u00f3gica del duelo que atraviesan las mujeres y sus parejas ante la p\u00e9rdida que produce un aborto espont\u00e1neo evidencia la existencia de un v\u00ednculo humano indudable.<\/li>\n<\/ul>\n<h3><strong>La hip\u00f3tesis inc\u00f3moda y el camino del di\u00e1logo<\/strong><\/h3>\n<p>Ante este panorama, resulta evidente que el sistema actual adolece de disfunciones, a pesar de los discursos oficiales que aseguran lo contrario. Cabe plantearse la hip\u00f3tesis: \u00bfY si las palabras de Le\u00f3n XIV fueran acertadas y estuvi\u00e9ramos ante una persona real desde el momento de la concepci\u00f3n? \u00bfY si nos atrevi\u00e9ramos a cuestionar nuestras propias convicciones sociopol\u00edticas o religiosas para contemplar esta posibilidad?<\/p>\n<p>Asumiendo la c\u00e9lebre frase de Jos\u00e9 Mota: \u00ab\u00bfY si s\u00ed\u2026?\u00bb, la conclusi\u00f3n resulta sobrecogedora: implicar\u00eda que solo en Europa se habr\u00eda cometido un genocidio de dimensiones comparables a las represiones de los reg\u00edmenes de Hitler y Stalin durante el siglo XX. Una analog\u00eda hist\u00f3rica que evoca la posterior verg\u00fcenza de muchos ciudadanos alemanes al ser conscientes de c\u00f3mo su apoyo a un r\u00e9gimen los convirti\u00f3 en part\u00edcipes de una cruenta tragedia colectiva.<\/p>\n<p>Reconocer esta posibilidad no significa ser insensible al sufrimiento y a las complejas problem\u00e1ticas que atraviesan las mujeres en sus embarazos. Sin embargo, la soluci\u00f3n \u00e9tica ante estos conflictos no puede pasar por extinguir una vida que es considerada como persona por el Pont\u00edfice y por una gran parte de la ciudadan\u00eda. Existe el deber moral de buscar alternativas.<\/p>\n<p>El reto actual pasa por recoger el guante de Le\u00f3n XIV: abandonar los constructos polarizados y polarizantes, abrir un debate humanitario y creativo que ofrezca salidas reales al fracaso que significa el aborto, y buscar un entendimiento que haga desaparecer este drama para los no nacidos como para sus madres. Solo entonces, aquellos siete minutos de aplausos habr\u00e1n tenido un valor inmenso, y nos pondremos en camino para crear una sociedad de una <strong>\u201cenorme grandeza moral\u201d<\/strong> que se \u201c<strong>manifiesta, sobre todo, en su capacidad de acompa\u00f1ar, proteger y amar aquellas vidas que atraviesan mayor fragilidad\u201d.<\/strong><\/p>\n<p><img data-recalc-dims=\"1\" decoding=\"async\" class=\"size-full wp-image-179666 alignnone\" src=\"https:\/\/i0.wp.com\/exaudi.org\/wp-content\/uploads\/2026\/07\/Frases.jpg?resize=1080%2C1080&#038;ssl=1\" alt=\"\" width=\"1080\" height=\"1080\" srcset=\"https:\/\/i0.wp.com\/exaudi.org\/wp-content\/uploads\/2026\/07\/Frases.jpg?w=1080&amp;ssl=1 1080w, https:\/\/i0.wp.com\/exaudi.org\/wp-content\/uploads\/2026\/07\/Frases.jpg?resize=300%2C300&amp;ssl=1 300w, https:\/\/i0.wp.com\/exaudi.org\/wp-content\/uploads\/2026\/07\/Frases.jpg?resize=1024%2C1024&amp;ssl=1 1024w, https:\/\/i0.wp.com\/exaudi.org\/wp-content\/uploads\/2026\/07\/Frases.jpg?resize=100%2C100&amp;ssl=1 100w, https:\/\/i0.wp.com\/exaudi.org\/wp-content\/uploads\/2026\/07\/Frases.jpg?resize=770%2C770&amp;ssl=1 770w, https:\/\/i0.wp.com\/exaudi.org\/wp-content\/uploads\/2026\/07\/Frases.jpg?resize=500%2C500&amp;ssl=1 500w\" sizes=\"(max-width: 1000px) 100vw, 1000px\" \/><\/p>\n","protected":false},"excerpt":{"rendered":"<p>La llamada de Le\u00f3n XIV a reflexionar sobre el inicio de la vida y el reto de construir una sociedad que proteja a los m\u00e1s vulnerables desde la concepci\u00f3n<\/p>\n","protected":false},"author":192,"featured_media":179662,"comment_status":"closed","ping_status":"closed","sticky":false,"template":"","format":"standard","meta":{"_acf_changed":false,"inline_featured_image":false,"_wpcom_ai_launchpad_first_post":false,"footnotes":"","jetpack_post_was_ever_published":false},"categories":[130],"tags":[1121,728,728,728,13511,111334,118817,1214,12167,118815,80763,118814,118816,116634,58067,58111],"class_list":["post-179655","post","type-post","status-publish","format-standard","has-post-thumbnail","hentry","category-voces","tag-aborto","tag-bioetica","tag-concepcion","tag-debate-etico","tag-debate-humanitario","tag-defensa-de-la-vida","tag-dignidad-humana","tag-discurso-parlamento","tag-duelo-perinatal","tag-eloy-asenjo-carpintero","tag-etica-y-sociedad","tag-legislacion-aborto","tag-leon-xiv","tag-papa-leon-xiv"],"acf":[],"yoast_head":"<!-- This site is optimized with the Yoast SEO plugin v28.4 - https:\/\/yoast.com\/product\/yoast-seo-wordpress\/ -->\n<title>\u00bfY si s\u00ed\u2026? &#8211; Exaudi<\/title>\n<meta name=\"robots\" content=\"index, follow, max-snippet:-1, max-image-preview:large, max-video-preview:-1\" \/>\n<link rel=\"canonical\" href=\"https:\/\/exaudi.org\/es\/y-si-si\/\" \/>\n<meta property=\"og:locale\" content=\"es_ES\" \/>\n<meta property=\"og:type\" content=\"article\" \/>\n<meta property=\"og:title\" content=\"\u00bfY si s\u00ed\u2026? &#8211; Exaudi\" \/>\n<meta property=\"og:description\" content=\"La llamada de Le\u00f3n XIV a reflexionar sobre el inicio de la vida y el reto de construir una sociedad que proteja a los m\u00e1s vulnerables desde la concepci\u00f3n\" \/>\n<meta property=\"og:url\" content=\"https:\/\/exaudi.org\/es\/y-si-si\/\" \/>\n<meta property=\"og:site_name\" content=\"Exaudi\" \/>\n<meta property=\"article:publisher\" content=\"https:\/\/www.facebook.com\/ExaudiNews\" \/>\n<meta property=\"article:published_time\" content=\"2026-07-21T06:30:05+00:00\" \/>\n<meta property=\"og:image\" content=\"https:\/\/i0.wp.com\/exaudi.org\/wp-content\/uploads\/2026\/07\/Acuarela-fondo-oscuro-1-scaled.jpg?fit=2560%2C1438&ssl=1\" \/>\n\t<meta property=\"og:image:width\" content=\"2560\" \/>\n\t<meta property=\"og:image:height\" content=\"1438\" \/>\n\t<meta property=\"og:image:type\" content=\"image\/jpeg\" \/>\n<meta name=\"author\" content=\"Eloy Asenjo Carpintero\" \/>\n<meta name=\"twitter:card\" content=\"summary_large_image\" \/>\n<meta name=\"twitter:creator\" content=\"@Exaudi_News\" \/>\n<meta name=\"twitter:site\" content=\"@Exaudi_News\" \/>\n<meta name=\"twitter:label1\" content=\"Escrito por\" \/>\n\t<meta name=\"twitter:data1\" content=\"Eloy Asenjo Carpintero\" \/>\n\t<meta name=\"twitter:label2\" content=\"Tiempo de lectura\" \/>\n\t<meta name=\"twitter:data2\" content=\"5 minutos\" \/>\n<script type=\"application\/ld+json\" class=\"yoast-schema-graph\">{\"@context\":\"https:\\\/\\\/schema.org\",\"@graph\":[{\"@type\":\"Article\",\"@id\":\"https:\\\/\\\/exaudi.org\\\/es\\\/y-si-si\\\/#article\",\"isPartOf\":{\"@id\":\"https:\\\/\\\/exaudi.org\\\/es\\\/y-si-si\\\/\"},\"author\":{\"name\":\"Eloy Asenjo Carpintero\",\"@id\":\"https:\\\/\\\/exaudi.org\\\/#\\\/schema\\\/person\\\/3d9b6e93579b3737f84d545c058dd1bf\"},\"headline\":\"\u00bfY si s\u00ed\u2026?\",\"datePublished\":\"2026-07-21T06:30:05+00:00\",\"mainEntityOfPage\":{\"@id\":\"https:\\\/\\\/exaudi.org\\\/es\\\/y-si-si\\\/\"},\"wordCount\":924,\"image\":{\"@id\":\"https:\\\/\\\/exaudi.org\\\/es\\\/y-si-si\\\/#primaryimage\"},\"thumbnailUrl\":\"https:\\\/\\\/i0.wp.com\\\/exaudi.org\\\/wp-content\\\/uploads\\\/2026\\\/07\\\/Acuarela-fondo-oscuro-1-scaled.jpg?fit=2560%2C1438&ssl=1\",\"keywords\":[\"Aborto\",\"Bio\u00e9tica\",\"Bio\u00e9tica\",\"Bio\u00e9tica\",\"Concepci\u00f3n\",\"debate \u00e9tico\",\"debate humanitario\",\"Defensa de la Vida\",\"Dignidad humana\",\"discurso Parlamento\",\"duelo perinatal\",\"Eloy Asenjo Carpintero\",\"\u00e9tica y sociedad\",\"legislaci\u00f3n aborto\",\"Le\u00f3n XIV\",\"papa le\u00f3n xiv\"],\"articleSection\":[\"Voces\"],\"inLanguage\":\"es\"},{\"@type\":\"WebPage\",\"@id\":\"https:\\\/\\\/exaudi.org\\\/es\\\/y-si-si\\\/\",\"url\":\"https:\\\/\\\/exaudi.org\\\/es\\\/y-si-si\\\/\",\"name\":\"\u00bfY si s\u00ed\u2026? &#8211; Exaudi\",\"isPartOf\":{\"@id\":\"https:\\\/\\\/exaudi.org\\\/#website\"},\"primaryImageOfPage\":{\"@id\":\"https:\\\/\\\/exaudi.org\\\/es\\\/y-si-si\\\/#primaryimage\"},\"image\":{\"@id\":\"https:\\\/\\\/exaudi.org\\\/es\\\/y-si-si\\\/#primaryimage\"},\"thumbnailUrl\":\"https:\\\/\\\/i0.wp.com\\\/exaudi.org\\\/wp-content\\\/uploads\\\/2026\\\/07\\\/Acuarela-fondo-oscuro-1-scaled.jpg?fit=2560%2C1438&ssl=1\",\"datePublished\":\"2026-07-21T06:30:05+00:00\",\"author\":{\"@id\":\"https:\\\/\\\/exaudi.org\\\/#\\\/schema\\\/person\\\/3d9b6e93579b3737f84d545c058dd1bf\"},\"breadcrumb\":{\"@id\":\"https:\\\/\\\/exaudi.org\\\/es\\\/y-si-si\\\/#breadcrumb\"},\"inLanguage\":\"es\",\"potentialAction\":[{\"@type\":\"ReadAction\",\"target\":[\"https:\\\/\\\/exaudi.org\\\/es\\\/y-si-si\\\/\"]}]},{\"@type\":\"ImageObject\",\"inLanguage\":\"es\",\"@id\":\"https:\\\/\\\/exaudi.org\\\/es\\\/y-si-si\\\/#primaryimage\",\"url\":\"https:\\\/\\\/i0.wp.com\\\/exaudi.org\\\/wp-content\\\/uploads\\\/2026\\\/07\\\/Acuarela-fondo-oscuro-1-scaled.jpg?fit=2560%2C1438&ssl=1\",\"contentUrl\":\"https:\\\/\\\/i0.wp.com\\\/exaudi.org\\\/wp-content\\\/uploads\\\/2026\\\/07\\\/Acuarela-fondo-oscuro-1-scaled.jpg?fit=2560%2C1438&ssl=1\",\"width\":2560,\"height\":1438},{\"@type\":\"BreadcrumbList\",\"@id\":\"https:\\\/\\\/exaudi.org\\\/es\\\/y-si-si\\\/#breadcrumb\",\"itemListElement\":[{\"@type\":\"ListItem\",\"position\":1,\"name\":\"Portada\",\"item\":\"https:\\\/\\\/exaudi.org\\\/es\\\/\"},{\"@type\":\"ListItem\",\"position\":2,\"name\":\"\u00bfY si s\u00ed\u2026?\"}]},{\"@type\":\"WebSite\",\"@id\":\"https:\\\/\\\/exaudi.org\\\/#website\",\"url\":\"https:\\\/\\\/exaudi.org\\\/\",\"name\":\"Exaudi\",\"description\":\"News\",\"potentialAction\":[{\"@type\":\"SearchAction\",\"target\":{\"@type\":\"EntryPoint\",\"urlTemplate\":\"https:\\\/\\\/exaudi.org\\\/?s={search_term_string}\"},\"query-input\":{\"@type\":\"PropertyValueSpecification\",\"valueRequired\":true,\"valueName\":\"search_term_string\"}}],\"inLanguage\":\"es\"},{\"@type\":\"Person\",\"@id\":\"https:\\\/\\\/exaudi.org\\\/#\\\/schema\\\/person\\\/3d9b6e93579b3737f84d545c058dd1bf\",\"name\":\"Eloy Asenjo Carpintero\",\"image\":{\"@type\":\"ImageObject\",\"inLanguage\":\"es\",\"@id\":\"https:\\\/\\\/secure.gravatar.com\\\/avatar\\\/619ffa39f2e59479a9d03a9850655c39e70b2927989416f153bb924d99988613?s=96&d=mm&r=g\",\"url\":\"https:\\\/\\\/secure.gravatar.com\\\/avatar\\\/619ffa39f2e59479a9d03a9850655c39e70b2927989416f153bb924d99988613?s=96&d=mm&r=g\",\"contentUrl\":\"https:\\\/\\\/secure.gravatar.com\\\/avatar\\\/619ffa39f2e59479a9d03a9850655c39e70b2927989416f153bb924d99988613?s=96&d=mm&r=g\",\"caption\":\"Eloy Asenjo Carpintero\"},\"description\":\"(Madrid, 1965) es Licenciado en Ciencias F\u00edsicas por la Universidad Aut\u00f3noma de Madrid (1988) y docente de Ense\u00f1anzas Medias en las \u00e1reas de Matem\u00e1ticas, F\u00edsica e Inform\u00e1tica. Con experiencia como consultor en e-learning e implantaci\u00f3n de tecnolog\u00edas educativas, actualmente imparte clases en el Colegio Mar\u00eda Teresa de Alcobendas y desarrolla recursos did\u00e1cticos interactivos para la ense\u00f1anza de las ciencias en Secundaria y Bachillerato.\",\"sameAs\":[\"https:\\\/\\\/www.instagram.com\\\/eloy_asenjo\\\/\",\"https:\\\/\\\/www.linkedin.com\\\/in\\\/eloyasenjo\\\/\"],\"url\":\"https:\\\/\\\/exaudi.org\\\/es\\\/author\\\/eloy-asenjo-carpintero\\\/\"}]}<\/script>\n<!-- \/ Yoast SEO plugin. -->","yoast_head_json":{"title":"\u00bfY si s\u00ed\u2026? &#8211; Exaudi","robots":{"index":"index","follow":"follow","max-snippet":"max-snippet:-1","max-image-preview":"max-image-preview:large","max-video-preview":"max-video-preview:-1"},"canonical":"https:\/\/exaudi.org\/es\/y-si-si\/","og_locale":"es_ES","og_type":"article","og_title":"\u00bfY si s\u00ed\u2026? &#8211; Exaudi","og_description":"La llamada de Le\u00f3n XIV a reflexionar sobre el inicio de la vida y el reto de construir una sociedad que proteja a los m\u00e1s vulnerables desde la concepci\u00f3n","og_url":"https:\/\/exaudi.org\/es\/y-si-si\/","og_site_name":"Exaudi","article_publisher":"https:\/\/www.facebook.com\/ExaudiNews","article_published_time":"2026-07-21T06:30:05+00:00","og_image":[{"width":2560,"height":1438,"url":"https:\/\/i0.wp.com\/exaudi.org\/wp-content\/uploads\/2026\/07\/Acuarela-fondo-oscuro-1-scaled.jpg?fit=2560%2C1438&ssl=1","type":"image\/jpeg"}],"author":"Eloy Asenjo Carpintero","twitter_card":"summary_large_image","twitter_creator":"@Exaudi_News","twitter_site":"@Exaudi_News","twitter_misc":{"Escrito por":"Eloy Asenjo Carpintero","Tiempo de lectura":"5 minutos"},"schema":{"@context":"https:\/\/schema.org","@graph":[{"@type":"Article","@id":"https:\/\/exaudi.org\/es\/y-si-si\/#article","isPartOf":{"@id":"https:\/\/exaudi.org\/es\/y-si-si\/"},"author":{"name":"Eloy Asenjo Carpintero","@id":"https:\/\/exaudi.org\/#\/schema\/person\/3d9b6e93579b3737f84d545c058dd1bf"},"headline":"\u00bfY si s\u00ed\u2026?","datePublished":"2026-07-21T06:30:05+00:00","mainEntityOfPage":{"@id":"https:\/\/exaudi.org\/es\/y-si-si\/"},"wordCount":924,"image":{"@id":"https:\/\/exaudi.org\/es\/y-si-si\/#primaryimage"},"thumbnailUrl":"https:\/\/i0.wp.com\/exaudi.org\/wp-content\/uploads\/2026\/07\/Acuarela-fondo-oscuro-1-scaled.jpg?fit=2560%2C1438&ssl=1","keywords":["Aborto","Bio\u00e9tica","Bio\u00e9tica","Bio\u00e9tica","Concepci\u00f3n","debate \u00e9tico","debate humanitario","Defensa de la Vida","Dignidad humana","discurso Parlamento","duelo perinatal","Eloy Asenjo Carpintero","\u00e9tica y sociedad","legislaci\u00f3n aborto","Le\u00f3n XIV","papa le\u00f3n xiv"],"articleSection":["Voces"],"inLanguage":"es"},{"@type":"WebPage","@id":"https:\/\/exaudi.org\/es\/y-si-si\/","url":"https:\/\/exaudi.org\/es\/y-si-si\/","name":"\u00bfY si s\u00ed\u2026? &#8211; Exaudi","isPartOf":{"@id":"https:\/\/exaudi.org\/#website"},"primaryImageOfPage":{"@id":"https:\/\/exaudi.org\/es\/y-si-si\/#primaryimage"},"image":{"@id":"https:\/\/exaudi.org\/es\/y-si-si\/#primaryimage"},"thumbnailUrl":"https:\/\/i0.wp.com\/exaudi.org\/wp-content\/uploads\/2026\/07\/Acuarela-fondo-oscuro-1-scaled.jpg?fit=2560%2C1438&ssl=1","datePublished":"2026-07-21T06:30:05+00:00","author":{"@id":"https:\/\/exaudi.org\/#\/schema\/person\/3d9b6e93579b3737f84d545c058dd1bf"},"breadcrumb":{"@id":"https:\/\/exaudi.org\/es\/y-si-si\/#breadcrumb"},"inLanguage":"es","potentialAction":[{"@type":"ReadAction","target":["https:\/\/exaudi.org\/es\/y-si-si\/"]}]},{"@type":"ImageObject","inLanguage":"es","@id":"https:\/\/exaudi.org\/es\/y-si-si\/#primaryimage","url":"https:\/\/i0.wp.com\/exaudi.org\/wp-content\/uploads\/2026\/07\/Acuarela-fondo-oscuro-1-scaled.jpg?fit=2560%2C1438&ssl=1","contentUrl":"https:\/\/i0.wp.com\/exaudi.org\/wp-content\/uploads\/2026\/07\/Acuarela-fondo-oscuro-1-scaled.jpg?fit=2560%2C1438&ssl=1","width":2560,"height":1438},{"@type":"BreadcrumbList","@id":"https:\/\/exaudi.org\/es\/y-si-si\/#breadcrumb","itemListElement":[{"@type":"ListItem","position":1,"name":"Portada","item":"https:\/\/exaudi.org\/es\/"},{"@type":"ListItem","position":2,"name":"\u00bfY si s\u00ed\u2026?"}]},{"@type":"WebSite","@id":"https:\/\/exaudi.org\/#website","url":"https:\/\/exaudi.org\/","name":"Exaudi","description":"News","potentialAction":[{"@type":"SearchAction","target":{"@type":"EntryPoint","urlTemplate":"https:\/\/exaudi.org\/?s={search_term_string}"},"query-input":{"@type":"PropertyValueSpecification","valueRequired":true,"valueName":"search_term_string"}}],"inLanguage":"es"},{"@type":"Person","@id":"https:\/\/exaudi.org\/#\/schema\/person\/3d9b6e93579b3737f84d545c058dd1bf","name":"Eloy Asenjo Carpintero","image":{"@type":"ImageObject","inLanguage":"es","@id":"https:\/\/secure.gravatar.com\/avatar\/619ffa39f2e59479a9d03a9850655c39e70b2927989416f153bb924d99988613?s=96&d=mm&r=g","url":"https:\/\/secure.gravatar.com\/avatar\/619ffa39f2e59479a9d03a9850655c39e70b2927989416f153bb924d99988613?s=96&d=mm&r=g","contentUrl":"https:\/\/secure.gravatar.com\/avatar\/619ffa39f2e59479a9d03a9850655c39e70b2927989416f153bb924d99988613?s=96&d=mm&r=g","caption":"Eloy Asenjo Carpintero"},"description":"(Madrid, 1965) es Licenciado en Ciencias F\u00edsicas por la Universidad Aut\u00f3noma de Madrid (1988) y docente de Ense\u00f1anzas Medias en las \u00e1reas de Matem\u00e1ticas, F\u00edsica e Inform\u00e1tica. Con experiencia como consultor en e-learning e implantaci\u00f3n de tecnolog\u00edas educativas, actualmente imparte clases en el Colegio Mar\u00eda Teresa de Alcobendas y desarrolla recursos did\u00e1cticos interactivos para la ense\u00f1anza de las ciencias en Secundaria y Bachillerato.","sameAs":["https:\/\/www.instagram.com\/eloy_asenjo\/","https:\/\/www.linkedin.com\/in\/eloyasenjo\/"],"url":"https:\/\/exaudi.org\/es\/author\/eloy-asenjo-carpintero\/"}]}},"jetpack_shortlink":"https:\/\/wp.me\/pgKjF2-KJF","jetpack_featured_media_url":"https:\/\/i0.wp.com\/exaudi.org\/wp-content\/uploads\/2026\/07\/Acuarela-fondo-oscuro-1-scaled.jpg?fit=2560%2C1438&ssl=1","_links":{"self":[{"href":"https:\/\/exaudi.org\/es\/wp-json\/wp\/v2\/posts\/179655","targetHints":{"allow":["GET"]}}],"collection":[{"href":"https:\/\/exaudi.org\/es\/wp-json\/wp\/v2\/posts"}],"about":[{"href":"https:\/\/exaudi.org\/es\/wp-json\/wp\/v2\/types\/post"}],"author":[{"embeddable":true,"href":"https:\/\/exaudi.org\/es\/wp-json\/wp\/v2\/users\/192"}],"replies":[{"embeddable":true,"href":"https:\/\/exaudi.org\/es\/wp-json\/wp\/v2\/comments?post=179655"}],"version-history":[{"count":7,"href":"https:\/\/exaudi.org\/es\/wp-json\/wp\/v2\/posts\/179655\/revisions"}],"predecessor-version":[{"id":179685,"href":"https:\/\/exaudi.org\/es\/wp-json\/wp\/v2\/posts\/179655\/revisions\/179685"}],"wp:featuredmedia":[{"embeddable":true,"href":"https:\/\/exaudi.org\/es\/wp-json\/wp\/v2\/media\/179662"}],"wp:attachment":[{"href":"https:\/\/exaudi.org\/es\/wp-json\/wp\/v2\/media?parent=179655"}],"wp:term":[{"taxonomy":"category","embeddable":true,"href":"https:\/\/exaudi.org\/es\/wp-json\/wp\/v2\/categories?post=179655"},{"taxonomy":"post_tag","embeddable":true,"href":"https:\/\/exaudi.org\/es\/wp-json\/wp\/v2\/tags?post=179655"}],"curies":[{"name":"wp","href":"https:\/\/api.w.org\/{rel}","templated":true}]}}