{"id":179569,"date":"2026-07-19T12:58:17","date_gmt":"2026-07-19T10:58:17","guid":{"rendered":"https:\/\/exaudi.org\/?p=179569"},"modified":"2026-07-19T12:58:17","modified_gmt":"2026-07-19T10:58:17","slug":"el-papa-como-la-semilla-nos-pide-que-nos-hagamos-pequenos-y-que-sirvamos-a-la-vida-de-las-personas","status":"publish","type":"post","link":"https:\/\/exaudi.org\/es\/el-papa-como-la-semilla-nos-pide-que-nos-hagamos-pequenos-y-que-sirvamos-a-la-vida-de-las-personas\/","title":{"rendered":"El Papa: Como la semilla nos pide que nos hagamos peque\u00f1os y que sirvamos a la vida de las personas"},"content":{"rendered":"<div class=\"testo\">\n<div class=\"text parbase vaticanrichtext\">\n<p>En el \u00c1ngelus en Castel Gandolfo, el Papa reflexion\u00f3 sobre la forma en que Dios act\u00faa en nuestra vida y en la historia. El Pont\u00edfice inst\u00f3 a someternos a vivir la \u201cl\u00f3gica de la semilla\u201d, que no es la del \u00e9xito ni de la grandeza y a hacernos peque\u00f1os para servir a la vida de las personas.<\/p>\n<p>***<\/p>\n<h3><strong>Palabras del Papa<\/strong><\/h3>\n<p><i>Queridos hermanos y hermanas, \u00a1feliz domingo!<\/i><\/p>\n<p>Despu\u00e9s de la par\u00e1bola del sembrador, Jes\u00fas sigue habl\u00e1ndole a las multitudes a trav\u00e9s de algunas im\u00e1genes: el trigo bueno y la ciza\u00f1a, el grano de mostaza y la levadura en la harina (cf.\u00a0<i>Mt\u00a0<\/i>13,24-43).<\/p>\n<p>Se trata de tres peque\u00f1as par\u00e1bolas que tienen como objetivo evocar la entrada del Reino de Dios en la historia, su acci\u00f3n en la vida de los hombres, la forma en que crece, se expande y transforma el mundo desde dentro. Con estos relatos, Jes\u00fas quiere que no caigamos en la tentaci\u00f3n de pensar en Dios como una figura poderosa, que se impone por la fuerza, que ocupa el espacio para dominar, que llega de forma triunfal. Por el contrario, Dios prefiere la peque\u00f1ez, signo de su amor discreto, que nos deja libres para acogerlo o rechazarlo, que busca abrirse camino incluso en medio de la ciza\u00f1a, que act\u00faa de forma escondida e invisible como la semilla m\u00e1s peque\u00f1a de todas, que fermenta y hace crecer la masa sin hacer ruido.<\/p>\n<p>Hermanos y hermanas, con estas par\u00e1bolas Jes\u00fas nos dice algo importante sobre la forma en que Dios act\u00faa en nuestra vida y en la historia. A veces nos esperamos algo espectacular, deseamos un Dios que intervenga desde lo alto arrancando de inmediato la ciza\u00f1a del mal. Nos imaginamos a un Dios fuerte y poderoso y, por desgracia, adaptamos tambi\u00e9n a esta imagen nuestra forma de ser cristianos y de ser Iglesia. En cambio, el Reino de Dios se extiende a\u00fan en medio de la ciza\u00f1a y nos pide una mirada capaz de percibir el bien que brota incluso en la oscuridad del mal, sin juzgarlo todo de inmediato; viene como la m\u00e1s peque\u00f1a de las semillas y, por eso, exige la paciencia de saber acompa\u00f1ar los procesos, reconoci\u00e9ndolo en la peque\u00f1ez de lo cotidiano y en la sencillez de la vida ordinaria; crece de manera invisible, como la levadura en la harina, y as\u00ed nos libera del des\u00e1nimo y nos invita a tener confianza incluso cuando nos parece que Dios est\u00e1 ausente. Porque, en realidad, \u00c9l siempre nos acompa\u00f1a y su amor siempre est\u00e1 actuando en nuestro favor.<\/p>\n<p>Este estilo de Dios debe convertirse tambi\u00e9n en la forma en que, ya sea como personas individuales o como Iglesia, vivamos la realidad que nos rodea. Estamos llamados a adoptar un estilo evang\u00e9lico, sin oponernos precipitadamente con juicios arrogantes, sin querernos imponer con el poder y la fuerza, sin perder la confianza en la obra de Dios. Se trata \u2014dec\u00eda el entonces cardenal Ratzinger\u2014 de someternos a la l\u00f3gica de la semilla, que no es la del \u00e9xito ni de la grandeza, sino que nos pide que nos hagamos peque\u00f1os y que sirvamos a la vida de las personas (cf.\u00a0<i>Discurso en el Jubileo de los catequistas y de los profesores de religi\u00f3n<\/i>, 10 diciembre 2000). De este modo, nosotros mismos llegaremos a ser como una peque\u00f1a semilla del Evangelio que germina y como una levadura de amor que transforma la masa del mundo.<\/p>\n<p>Invoquemos a Mar\u00eda Sant\u00edsima, que supo acoger la semilla de la Palabra en su humildad, para que nos sostenga en nuestro camino e interceda por nosotros.<\/p>\n<p>______________<\/p>\n<p><b>Despu\u00e9s del \u00c1ngelus<\/b><\/p>\n<p><i>Queridos hermanos y hermanas:<\/i><\/p>\n<p>Mientras disfruto de unos d\u00edas de descanso, renuevo mi saludo y mi agradecimiento a todos ustedes, habitantes de Castel Gandolfo, y doy la bienvenida con alegr\u00eda a los peregrinos que llegan de todas partes del mundo.<\/p>\n<p>Seguimos observando con inquietud lo que ocurre en diversos pa\u00edses devastados por la guerra y la violencia. No olvidemos a quienes sufren y mueren a causa de los conflictos y, al generoso compromiso por la paz, unamos tambi\u00e9n nuestra oraci\u00f3n constante.<\/p>\n<p>Saludo a la Comunidad\u00a0<i>Cenacolo<\/i>\u00a0de Madre Elvira, reunida en Saluzzo, con ocasi\u00f3n de la Fiesta de la Vida; al Movimiento Familias Nuevas de los Focolares reunidos por la Escuela Internacional; a los estudiantes mexicanos que participan en la\u00a0<i>APRA Summer School<\/i>\u00a0y al grupo de la\u00a0<i>Catholic Worldview Fellowship.<\/i><\/p>\n<p>As\u00ed mismo, quiero saludar a los j\u00f3venes adultos miembros del\u00a0<i>Regnum Christi<\/i>\u00a0que participan en el Curso Internacional de Formadores. Y saludo tambi\u00e9n a quienes forman parte del\u00a0<i>The Lion Pilgrimage<\/i>, acompa\u00f1ados por el obispo Anthony Percy, Obispo auxiliar de Sidney, Australia.<\/p>\n<p>Saludo tambi\u00e9n a las familias y a los ni\u00f1os de la obra de las Hermanas de la Caridad de la Asunci\u00f3n de Roma; a los j\u00f3venes de la parroquia de San Salvador en Jerusal\u00e9n; al Grupo juvenil de la parroquia de San Agust\u00edn de Bovolenta y a los peregrinos de la Academia Lit\u00fargica de Rzesz\u00f3w.<\/p>\n<p>\u00a1A todos ustedes les deseo un domingo tranquilo!<\/p>\n<div class=\"clearfix\"><\/div>\n<\/div>\n<div class=\"content parsys\"><\/div>\n<\/div>\n","protected":false},"excerpt":{"rendered":"<p>Palabras del Papa en el \u00c1ngelus<\/p>\n","protected":false},"author":15,"featured_media":179571,"comment_status":"closed","ping_status":"closed","sticky":false,"template":"","format":"standard","meta":{"_acf_changed":false,"inline_featured_image":false,"_wpcom_ai_launchpad_first_post":false,"footnotes":"","jetpack_post_was_ever_published":false},"categories":[],"tags":[34916,34916,34916,34916],"class_list":["post-179569","post","type-post","status-publish","format-standard","has-post-thumbnail","hentry","tag-angelus-es"],"acf":[],"yoast_head":"<!-- This site is optimized with the Yoast SEO plugin v28.4 - https:\/\/yoast.com\/product\/yoast-seo-wordpress\/ -->\n<title>El Papa: Como la semilla nos pide que nos hagamos peque\u00f1os y que sirvamos a la vida de las personas &#8211; Exaudi<\/title>\n<meta name=\"robots\" content=\"index, follow, max-snippet:-1, max-image-preview:large, max-video-preview:-1\" \/>\n<link rel=\"canonical\" href=\"https:\/\/exaudi.org\/es\/el-papa-como-la-semilla-nos-pide-que-nos-hagamos-pequenos-y-que-sirvamos-a-la-vida-de-las-personas\/\" \/>\n<meta property=\"og:locale\" content=\"es_ES\" \/>\n<meta property=\"og:type\" content=\"article\" \/>\n<meta property=\"og:title\" content=\"El Papa: Como la semilla nos pide que nos hagamos peque\u00f1os y que sirvamos a la vida de las personas &#8211; Exaudi\" \/>\n<meta property=\"og:description\" content=\"Palabras del Papa en el \u00c1ngelus\" \/>\n<meta property=\"og:url\" content=\"https:\/\/exaudi.org\/es\/el-papa-como-la-semilla-nos-pide-que-nos-hagamos-pequenos-y-que-sirvamos-a-la-vida-de-las-personas\/\" \/>\n<meta property=\"og:site_name\" content=\"Exaudi\" \/>\n<meta property=\"article:publisher\" content=\"https:\/\/www.facebook.com\/ExaudiNews\" \/>\n<meta property=\"article:author\" content=\"https:\/\/www.facebook.com\/ExaudiNoticias\/\" \/>\n<meta property=\"article:published_time\" content=\"2026-07-19T10:58:17+00:00\" \/>\n<meta property=\"og:image\" content=\"https:\/\/exaudi.org\/wp-content\/uploads\/2026\/07\/cq5dam.thumbnail.cropped.1500.844-8.jpeg\" \/>\n\t<meta property=\"og:image:width\" content=\"1280\" \/>\n\t<meta property=\"og:image:height\" content=\"844\" \/>\n\t<meta property=\"og:image:type\" content=\"image\/jpeg\" \/>\n<meta name=\"author\" content=\"Exaudi Redacci\u00f3n\" \/>\n<meta name=\"twitter:card\" content=\"summary_large_image\" \/>\n<meta name=\"twitter:creator\" content=\"@Exaudi_noticias\" \/>\n<meta name=\"twitter:site\" content=\"@Exaudi_News\" \/>\n<meta name=\"twitter:label1\" content=\"Escrito por\" \/>\n\t<meta name=\"twitter:data1\" content=\"Exaudi Redacci\u00f3n\" \/>\n\t<meta name=\"twitter:label2\" content=\"Tiempo de lectura\" \/>\n\t<meta name=\"twitter:data2\" content=\"4 minutos\" \/>\n<script type=\"application\/ld+json\" class=\"yoast-schema-graph\">{\"@context\":\"https:\\\/\\\/schema.org\",\"@graph\":[{\"@type\":\"Article\",\"@id\":\"https:\\\/\\\/exaudi.org\\\/es\\\/el-papa-como-la-semilla-nos-pide-que-nos-hagamos-pequenos-y-que-sirvamos-a-la-vida-de-las-personas\\\/#article\",\"isPartOf\":{\"@id\":\"https:\\\/\\\/exaudi.org\\\/es\\\/el-papa-como-la-semilla-nos-pide-que-nos-hagamos-pequenos-y-que-sirvamos-a-la-vida-de-las-personas\\\/\"},\"author\":{\"name\":\"Exaudi Redacci\u00f3n\",\"@id\":\"https:\\\/\\\/exaudi.org\\\/#\\\/schema\\\/person\\\/f5fc8f063065e38742da7afe15f25df7\"},\"headline\":\"El Papa: Como la semilla nos pide que nos hagamos peque\u00f1os y que sirvamos a la vida de las personas\",\"datePublished\":\"2026-07-19T10:58:17+00:00\",\"mainEntityOfPage\":{\"@id\":\"https:\\\/\\\/exaudi.org\\\/es\\\/el-papa-como-la-semilla-nos-pide-que-nos-hagamos-pequenos-y-que-sirvamos-a-la-vida-de-las-personas\\\/\"},\"wordCount\":911,\"image\":{\"@id\":\"https:\\\/\\\/exaudi.org\\\/es\\\/el-papa-como-la-semilla-nos-pide-que-nos-hagamos-pequenos-y-que-sirvamos-a-la-vida-de-las-personas\\\/#primaryimage\"},\"thumbnailUrl\":\"https:\\\/\\\/i0.wp.com\\\/exaudi.org\\\/wp-content\\\/uploads\\\/2026\\\/07\\\/cq5dam.thumbnail.cropped.1500.844-8.jpeg?fit=1280%2C844&ssl=1\",\"keywords\":[\"\u00e1ngelus\",\"\u00e1ngelus\",\"\u00e1ngelus\",\"\u00e1ngelus\"],\"inLanguage\":\"es\"},{\"@type\":\"WebPage\",\"@id\":\"https:\\\/\\\/exaudi.org\\\/es\\\/el-papa-como-la-semilla-nos-pide-que-nos-hagamos-pequenos-y-que-sirvamos-a-la-vida-de-las-personas\\\/\",\"url\":\"https:\\\/\\\/exaudi.org\\\/es\\\/el-papa-como-la-semilla-nos-pide-que-nos-hagamos-pequenos-y-que-sirvamos-a-la-vida-de-las-personas\\\/\",\"name\":\"El Papa: Como la semilla nos pide que nos hagamos peque\u00f1os y que sirvamos a la vida de las personas &#8211; Exaudi\",\"isPartOf\":{\"@id\":\"https:\\\/\\\/exaudi.org\\\/#website\"},\"primaryImageOfPage\":{\"@id\":\"https:\\\/\\\/exaudi.org\\\/es\\\/el-papa-como-la-semilla-nos-pide-que-nos-hagamos-pequenos-y-que-sirvamos-a-la-vida-de-las-personas\\\/#primaryimage\"},\"image\":{\"@id\":\"https:\\\/\\\/exaudi.org\\\/es\\\/el-papa-como-la-semilla-nos-pide-que-nos-hagamos-pequenos-y-que-sirvamos-a-la-vida-de-las-personas\\\/#primaryimage\"},\"thumbnailUrl\":\"https:\\\/\\\/i0.wp.com\\\/exaudi.org\\\/wp-content\\\/uploads\\\/2026\\\/07\\\/cq5dam.thumbnail.cropped.1500.844-8.jpeg?fit=1280%2C844&ssl=1\",\"datePublished\":\"2026-07-19T10:58:17+00:00\",\"author\":{\"@id\":\"https:\\\/\\\/exaudi.org\\\/#\\\/schema\\\/person\\\/f5fc8f063065e38742da7afe15f25df7\"},\"breadcrumb\":{\"@id\":\"https:\\\/\\\/exaudi.org\\\/es\\\/el-papa-como-la-semilla-nos-pide-que-nos-hagamos-pequenos-y-que-sirvamos-a-la-vida-de-las-personas\\\/#breadcrumb\"},\"inLanguage\":\"es\",\"potentialAction\":[{\"@type\":\"ReadAction\",\"target\":[\"https:\\\/\\\/exaudi.org\\\/es\\\/el-papa-como-la-semilla-nos-pide-que-nos-hagamos-pequenos-y-que-sirvamos-a-la-vida-de-las-personas\\\/\"]}]},{\"@type\":\"ImageObject\",\"inLanguage\":\"es\",\"@id\":\"https:\\\/\\\/exaudi.org\\\/es\\\/el-papa-como-la-semilla-nos-pide-que-nos-hagamos-pequenos-y-que-sirvamos-a-la-vida-de-las-personas\\\/#primaryimage\",\"url\":\"https:\\\/\\\/i0.wp.com\\\/exaudi.org\\\/wp-content\\\/uploads\\\/2026\\\/07\\\/cq5dam.thumbnail.cropped.1500.844-8.jpeg?fit=1280%2C844&ssl=1\",\"contentUrl\":\"https:\\\/\\\/i0.wp.com\\\/exaudi.org\\\/wp-content\\\/uploads\\\/2026\\\/07\\\/cq5dam.thumbnail.cropped.1500.844-8.jpeg?fit=1280%2C844&ssl=1\",\"width\":1280,\"height\":844},{\"@type\":\"BreadcrumbList\",\"@id\":\"https:\\\/\\\/exaudi.org\\\/es\\\/el-papa-como-la-semilla-nos-pide-que-nos-hagamos-pequenos-y-que-sirvamos-a-la-vida-de-las-personas\\\/#breadcrumb\",\"itemListElement\":[{\"@type\":\"ListItem\",\"position\":1,\"name\":\"Portada\",\"item\":\"https:\\\/\\\/exaudi.org\\\/es\\\/\"},{\"@type\":\"ListItem\",\"position\":2,\"name\":\"El Papa: Como la semilla nos pide que nos hagamos peque\u00f1os y que sirvamos a la vida de las personas\"}]},{\"@type\":\"WebSite\",\"@id\":\"https:\\\/\\\/exaudi.org\\\/#website\",\"url\":\"https:\\\/\\\/exaudi.org\\\/\",\"name\":\"Exaudi\",\"description\":\"News\",\"potentialAction\":[{\"@type\":\"SearchAction\",\"target\":{\"@type\":\"EntryPoint\",\"urlTemplate\":\"https:\\\/\\\/exaudi.org\\\/?s={search_term_string}\"},\"query-input\":{\"@type\":\"PropertyValueSpecification\",\"valueRequired\":true,\"valueName\":\"search_term_string\"}}],\"inLanguage\":\"es\"},{\"@type\":\"Person\",\"@id\":\"https:\\\/\\\/exaudi.org\\\/#\\\/schema\\\/person\\\/f5fc8f063065e38742da7afe15f25df7\",\"name\":\"Exaudi Redacci\u00f3n\",\"image\":{\"@type\":\"ImageObject\",\"inLanguage\":\"es\",\"@id\":\"https:\\\/\\\/secure.gravatar.com\\\/avatar\\\/fe0f6a059fb68d9b3e11bc5850dd4899b1c7492091a3cb6dd9b01b56ad828be2?s=96&d=mm&r=g\",\"url\":\"https:\\\/\\\/secure.gravatar.com\\\/avatar\\\/fe0f6a059fb68d9b3e11bc5850dd4899b1c7492091a3cb6dd9b01b56ad828be2?s=96&d=mm&r=g\",\"contentUrl\":\"https:\\\/\\\/secure.gravatar.com\\\/avatar\\\/fe0f6a059fb68d9b3e11bc5850dd4899b1c7492091a3cb6dd9b01b56ad828be2?s=96&d=mm&r=g\",\"caption\":\"Exaudi Redacci\u00f3n\"},\"description\":\"\u00bfQu\u00e9 es Exaudi News? Exaudi News es un medio de comunicaci\u00f3n cat\u00f3lico internacional que informa, forma y transforma, diariamente en espa\u00f1ol, ingl\u00e9s e italiano. A trav\u00e9s de noticias, art\u00edculos de an\u00e1lisis y transmisiones en directo de los eventos del Papa, Exaudi busca fortalecer la unidad de los cristianos y contribuir a la evangelizaci\u00f3n del mundo, siempre guiados por la doctrina social de la Iglesia. Trabajamos para acercar la verdad y los valores cristianos a cada rinc\u00f3n del planeta. \u00a1Ay\u00fadanos a transformar el mundo con Exaudi! En Exaudi creemos que la evangelizaci\u00f3n y la informaci\u00f3n de calidad pueden cambiar vidas. Para continuar con nuestra misi\u00f3n y expandir nuestro alcance, necesitamos tu ayuda. Adem\u00e1s, buscamos personas comprometidas que deseen unirse a nuestro equipo. Con tu apoyo, lograremos llegar a m\u00e1s personas, difundir el mensaje de Cristo y reforzar la unidad de los cristianos. \u00bfTe unes a nuestra misi\u00f3n? Para m\u00e1s informaci\u00f3n sobre c\u00f3mo colaborar, visita Exaudi.org\\\/es o cont\u00e1ctanos directamente: info@exaudi.org Exaudi: Informa, forma y transforma.\",\"sameAs\":[\"https:\\\/\\\/www.facebook.com\\\/ExaudiNoticias\\\/\",\"https:\\\/\\\/www.instagram.com\\\/exaudi_noticias\\\/\",\"https:\\\/\\\/x.com\\\/Exaudi_noticias\",\"https:\\\/\\\/www.youtube.com\\\/@exaudicatholicnews\"],\"url\":\"https:\\\/\\\/exaudi.org\\\/es\\\/author\\\/redaccionexaudi\\\/\"}]}<\/script>\n<!-- \/ Yoast SEO plugin. -->","yoast_head_json":{"title":"El Papa: Como la semilla nos pide que nos hagamos peque\u00f1os y que sirvamos a la vida de las personas &#8211; Exaudi","robots":{"index":"index","follow":"follow","max-snippet":"max-snippet:-1","max-image-preview":"max-image-preview:large","max-video-preview":"max-video-preview:-1"},"canonical":"https:\/\/exaudi.org\/es\/el-papa-como-la-semilla-nos-pide-que-nos-hagamos-pequenos-y-que-sirvamos-a-la-vida-de-las-personas\/","og_locale":"es_ES","og_type":"article","og_title":"El Papa: Como la semilla nos pide que nos hagamos peque\u00f1os y que sirvamos a la vida de las personas &#8211; Exaudi","og_description":"Palabras del Papa en el \u00c1ngelus","og_url":"https:\/\/exaudi.org\/es\/el-papa-como-la-semilla-nos-pide-que-nos-hagamos-pequenos-y-que-sirvamos-a-la-vida-de-las-personas\/","og_site_name":"Exaudi","article_publisher":"https:\/\/www.facebook.com\/ExaudiNews","article_author":"https:\/\/www.facebook.com\/ExaudiNoticias\/","article_published_time":"2026-07-19T10:58:17+00:00","og_image":[{"width":1280,"height":844,"url":"https:\/\/exaudi.org\/wp-content\/uploads\/2026\/07\/cq5dam.thumbnail.cropped.1500.844-8.jpeg","type":"image\/jpeg"}],"author":"Exaudi Redacci\u00f3n","twitter_card":"summary_large_image","twitter_creator":"@Exaudi_noticias","twitter_site":"@Exaudi_News","twitter_misc":{"Escrito por":"Exaudi Redacci\u00f3n","Tiempo de lectura":"4 minutos"},"schema":{"@context":"https:\/\/schema.org","@graph":[{"@type":"Article","@id":"https:\/\/exaudi.org\/es\/el-papa-como-la-semilla-nos-pide-que-nos-hagamos-pequenos-y-que-sirvamos-a-la-vida-de-las-personas\/#article","isPartOf":{"@id":"https:\/\/exaudi.org\/es\/el-papa-como-la-semilla-nos-pide-que-nos-hagamos-pequenos-y-que-sirvamos-a-la-vida-de-las-personas\/"},"author":{"name":"Exaudi Redacci\u00f3n","@id":"https:\/\/exaudi.org\/#\/schema\/person\/f5fc8f063065e38742da7afe15f25df7"},"headline":"El Papa: Como la semilla nos pide que nos hagamos peque\u00f1os y que sirvamos a la vida de las personas","datePublished":"2026-07-19T10:58:17+00:00","mainEntityOfPage":{"@id":"https:\/\/exaudi.org\/es\/el-papa-como-la-semilla-nos-pide-que-nos-hagamos-pequenos-y-que-sirvamos-a-la-vida-de-las-personas\/"},"wordCount":911,"image":{"@id":"https:\/\/exaudi.org\/es\/el-papa-como-la-semilla-nos-pide-que-nos-hagamos-pequenos-y-que-sirvamos-a-la-vida-de-las-personas\/#primaryimage"},"thumbnailUrl":"https:\/\/i0.wp.com\/exaudi.org\/wp-content\/uploads\/2026\/07\/cq5dam.thumbnail.cropped.1500.844-8.jpeg?fit=1280%2C844&ssl=1","keywords":["\u00e1ngelus","\u00e1ngelus","\u00e1ngelus","\u00e1ngelus"],"inLanguage":"es"},{"@type":"WebPage","@id":"https:\/\/exaudi.org\/es\/el-papa-como-la-semilla-nos-pide-que-nos-hagamos-pequenos-y-que-sirvamos-a-la-vida-de-las-personas\/","url":"https:\/\/exaudi.org\/es\/el-papa-como-la-semilla-nos-pide-que-nos-hagamos-pequenos-y-que-sirvamos-a-la-vida-de-las-personas\/","name":"El Papa: Como la semilla nos pide que nos hagamos peque\u00f1os y que sirvamos a la vida de las personas &#8211; Exaudi","isPartOf":{"@id":"https:\/\/exaudi.org\/#website"},"primaryImageOfPage":{"@id":"https:\/\/exaudi.org\/es\/el-papa-como-la-semilla-nos-pide-que-nos-hagamos-pequenos-y-que-sirvamos-a-la-vida-de-las-personas\/#primaryimage"},"image":{"@id":"https:\/\/exaudi.org\/es\/el-papa-como-la-semilla-nos-pide-que-nos-hagamos-pequenos-y-que-sirvamos-a-la-vida-de-las-personas\/#primaryimage"},"thumbnailUrl":"https:\/\/i0.wp.com\/exaudi.org\/wp-content\/uploads\/2026\/07\/cq5dam.thumbnail.cropped.1500.844-8.jpeg?fit=1280%2C844&ssl=1","datePublished":"2026-07-19T10:58:17+00:00","author":{"@id":"https:\/\/exaudi.org\/#\/schema\/person\/f5fc8f063065e38742da7afe15f25df7"},"breadcrumb":{"@id":"https:\/\/exaudi.org\/es\/el-papa-como-la-semilla-nos-pide-que-nos-hagamos-pequenos-y-que-sirvamos-a-la-vida-de-las-personas\/#breadcrumb"},"inLanguage":"es","potentialAction":[{"@type":"ReadAction","target":["https:\/\/exaudi.org\/es\/el-papa-como-la-semilla-nos-pide-que-nos-hagamos-pequenos-y-que-sirvamos-a-la-vida-de-las-personas\/"]}]},{"@type":"ImageObject","inLanguage":"es","@id":"https:\/\/exaudi.org\/es\/el-papa-como-la-semilla-nos-pide-que-nos-hagamos-pequenos-y-que-sirvamos-a-la-vida-de-las-personas\/#primaryimage","url":"https:\/\/i0.wp.com\/exaudi.org\/wp-content\/uploads\/2026\/07\/cq5dam.thumbnail.cropped.1500.844-8.jpeg?fit=1280%2C844&ssl=1","contentUrl":"https:\/\/i0.wp.com\/exaudi.org\/wp-content\/uploads\/2026\/07\/cq5dam.thumbnail.cropped.1500.844-8.jpeg?fit=1280%2C844&ssl=1","width":1280,"height":844},{"@type":"BreadcrumbList","@id":"https:\/\/exaudi.org\/es\/el-papa-como-la-semilla-nos-pide-que-nos-hagamos-pequenos-y-que-sirvamos-a-la-vida-de-las-personas\/#breadcrumb","itemListElement":[{"@type":"ListItem","position":1,"name":"Portada","item":"https:\/\/exaudi.org\/es\/"},{"@type":"ListItem","position":2,"name":"El Papa: Como la semilla nos pide que nos hagamos peque\u00f1os y que sirvamos a la vida de las personas"}]},{"@type":"WebSite","@id":"https:\/\/exaudi.org\/#website","url":"https:\/\/exaudi.org\/","name":"Exaudi","description":"News","potentialAction":[{"@type":"SearchAction","target":{"@type":"EntryPoint","urlTemplate":"https:\/\/exaudi.org\/?s={search_term_string}"},"query-input":{"@type":"PropertyValueSpecification","valueRequired":true,"valueName":"search_term_string"}}],"inLanguage":"es"},{"@type":"Person","@id":"https:\/\/exaudi.org\/#\/schema\/person\/f5fc8f063065e38742da7afe15f25df7","name":"Exaudi Redacci\u00f3n","image":{"@type":"ImageObject","inLanguage":"es","@id":"https:\/\/secure.gravatar.com\/avatar\/fe0f6a059fb68d9b3e11bc5850dd4899b1c7492091a3cb6dd9b01b56ad828be2?s=96&d=mm&r=g","url":"https:\/\/secure.gravatar.com\/avatar\/fe0f6a059fb68d9b3e11bc5850dd4899b1c7492091a3cb6dd9b01b56ad828be2?s=96&d=mm&r=g","contentUrl":"https:\/\/secure.gravatar.com\/avatar\/fe0f6a059fb68d9b3e11bc5850dd4899b1c7492091a3cb6dd9b01b56ad828be2?s=96&d=mm&r=g","caption":"Exaudi Redacci\u00f3n"},"description":"\u00bfQu\u00e9 es Exaudi News? Exaudi News es un medio de comunicaci\u00f3n cat\u00f3lico internacional que informa, forma y transforma, diariamente en espa\u00f1ol, ingl\u00e9s e italiano. A trav\u00e9s de noticias, art\u00edculos de an\u00e1lisis y transmisiones en directo de los eventos del Papa, Exaudi busca fortalecer la unidad de los cristianos y contribuir a la evangelizaci\u00f3n del mundo, siempre guiados por la doctrina social de la Iglesia. Trabajamos para acercar la verdad y los valores cristianos a cada rinc\u00f3n del planeta. \u00a1Ay\u00fadanos a transformar el mundo con Exaudi! En Exaudi creemos que la evangelizaci\u00f3n y la informaci\u00f3n de calidad pueden cambiar vidas. Para continuar con nuestra misi\u00f3n y expandir nuestro alcance, necesitamos tu ayuda. Adem\u00e1s, buscamos personas comprometidas que deseen unirse a nuestro equipo. Con tu apoyo, lograremos llegar a m\u00e1s personas, difundir el mensaje de Cristo y reforzar la unidad de los cristianos. \u00bfTe unes a nuestra misi\u00f3n? Para m\u00e1s informaci\u00f3n sobre c\u00f3mo colaborar, visita Exaudi.org\/es o cont\u00e1ctanos directamente: info@exaudi.org Exaudi: Informa, forma y transforma.","sameAs":["https:\/\/www.facebook.com\/ExaudiNoticias\/","https:\/\/www.instagram.com\/exaudi_noticias\/","https:\/\/x.com\/Exaudi_noticias","https:\/\/www.youtube.com\/@exaudicatholicnews"],"url":"https:\/\/exaudi.org\/es\/author\/redaccionexaudi\/"}]}},"jetpack_shortlink":"https:\/\/wp.me\/pgKjF2-KIh","jetpack_featured_media_url":"https:\/\/i0.wp.com\/exaudi.org\/wp-content\/uploads\/2026\/07\/cq5dam.thumbnail.cropped.1500.844-8.jpeg?fit=1280%2C844&ssl=1","_links":{"self":[{"href":"https:\/\/exaudi.org\/es\/wp-json\/wp\/v2\/posts\/179569","targetHints":{"allow":["GET"]}}],"collection":[{"href":"https:\/\/exaudi.org\/es\/wp-json\/wp\/v2\/posts"}],"about":[{"href":"https:\/\/exaudi.org\/es\/wp-json\/wp\/v2\/types\/post"}],"author":[{"embeddable":true,"href":"https:\/\/exaudi.org\/es\/wp-json\/wp\/v2\/users\/15"}],"replies":[{"embeddable":true,"href":"https:\/\/exaudi.org\/es\/wp-json\/wp\/v2\/comments?post=179569"}],"version-history":[{"count":2,"href":"https:\/\/exaudi.org\/es\/wp-json\/wp\/v2\/posts\/179569\/revisions"}],"predecessor-version":[{"id":179574,"href":"https:\/\/exaudi.org\/es\/wp-json\/wp\/v2\/posts\/179569\/revisions\/179574"}],"wp:featuredmedia":[{"embeddable":true,"href":"https:\/\/exaudi.org\/es\/wp-json\/wp\/v2\/media\/179571"}],"wp:attachment":[{"href":"https:\/\/exaudi.org\/es\/wp-json\/wp\/v2\/media?parent=179569"}],"wp:term":[{"taxonomy":"category","embeddable":true,"href":"https:\/\/exaudi.org\/es\/wp-json\/wp\/v2\/categories?post=179569"},{"taxonomy":"post_tag","embeddable":true,"href":"https:\/\/exaudi.org\/es\/wp-json\/wp\/v2\/tags?post=179569"}],"curies":[{"name":"wp","href":"https:\/\/api.w.org\/{rel}","templated":true}]}}