{"id":179459,"date":"2026-07-20T09:30:00","date_gmt":"2026-07-20T07:30:00","guid":{"rendered":"https:\/\/exaudi.org\/?p=179459"},"modified":"2026-07-20T09:36:18","modified_gmt":"2026-07-20T07:36:18","slug":"perdon-que-es-y-como-se-hace","status":"publish","type":"post","link":"https:\/\/exaudi.org\/es\/perdon-que-es-y-como-se-hace\/","title":{"rendered":"Perd\u00f3n: qu\u00e9 es y c\u00f3mo se hace"},"content":{"rendered":"<p class=\"entry-header \">El perd\u00f3n es un acto profundo y poderoso.<\/p>\n<p class=\"entry-header \"><strong>El perd\u00f3n es un acto liberador<\/strong>\u00a0tanto para quien lo otorga como para quien lo recibe, aunque no siempre es f\u00e1cil de practicar, ni es un acto autom\u00e1tico, sino que m\u00e1s bien es un proceso de sanaci\u00f3n para conseguir la paz interior, lo que, sin duda, constituye el objetivo del perd\u00f3n. Perdonar es un regalo que nos otorgamos a nosotros mismos, es una manera de impedir que el sufrimiento nos aprisione y de abrazar la libertad emocional. Cuando perdonamos dejamos de lado el resentimiento y, de alguna forma, as\u00ed evitamos que lo sucedido controle nuestra vida.<\/p>\n<p><iframe title=\"Spotify Embed: Perd\u00f3n: qu\u00e9 es y c\u00f3mo se hace\" style=\"border-radius: 12px\" width=\"100%\" height=\"152\" frameborder=\"0\" allowfullscreen allow=\"autoplay; clipboard-write; encrypted-media; fullscreen; picture-in-picture\" loading=\"lazy\" src=\"https:\/\/open.spotify.com\/embed\/episode\/5pJlXttY6u0Q5SNAmoX6GX?si=bodEmgf4Rv62HBrvfbbRmQ&amp;utm_source=oembed\"><\/iframe><\/p>\n<div class=\"entry-content clear\" data-ast-blocks-layout=\"true\">\n<p class=\"wp-block-paragraph\">Se puede perdonar, pero no necesariamente olvidar. El perdonar y el olvidar son procesos diferentes. El perd\u00f3n es una decisi\u00f3n consciente y un acto interno, mientras que el olvido es m\u00e1s una respuesta emocional que, a veces, no se puede controlar completamente. Es posible perdonar sin olvidar, y tambi\u00e9n sin tener que volver a confiar plenamente en la persona que nos hizo da\u00f1o. Ciertamente, el tiempo hace que los recuerdos dolorosos vayan desvaneci\u00e9ndose y, a veces, recordar el da\u00f1o nos ayuda a aprender de la experiencia. Por ejemplo, si alguien nos traiciona, recordar la traici\u00f3n puede ayudarnos a establecer l\u00edmites saludables en futuras relaciones, pero sin seguir aferrados al resentimiento.<\/p>\n<p class=\"wp-block-paragraph\">Cuando perdonamos, no estamos justificando o excusando lo que la otra persona hizo. Perdonar nos permite, en cierto modo, aceptar que todos somos imperfectos y cometemos errores, y que esos errores no tienen que condicionar nuestra vida o nuestra felicidad. Y adem\u00e1s,\u00a0<strong>perdonar nos facilita abrazar el presente<\/strong>, al dejar atr\u00e1s las sombras del pasado, y mirar al futuro con coraje e ilusi\u00f3n. Por ejemplo, si en una relaci\u00f3n no se perdona se agravan los conflictos, la comunicaci\u00f3n se rompe y se crea un ambiente de resentimiento y desconfianza.<\/p>\n<p class=\"wp-block-paragraph\">M. Gandhi dec\u00eda: \u00abEl d\u00e9bil no puede perdonar. El perd\u00f3n es un atributo de los fuertes\u201d, es decir, perdonar requiere\u00a0<strong>fuerza y valent\u00eda<\/strong>, especialmente cuando hemos sido profundamente heridos. En estos casos, hay que ser fuertes para evitar que la ira o el dolor nos gobiernen, lo que equivale a activar nuestro\u00a0<strong>empoderamiento personal<\/strong>. Por otra parte, cuando somos capaces de ponernos en los zapatos del otro, entendemos que las personas a menudo act\u00faan desde sus propias heridas, inseguridades y limitaciones. El perd\u00f3n puede surgir cuando comprendemos que todos tenemos nuestras propias luchas y que, en muchas ocasiones, los da\u00f1os sufridos no han sido necesariamente intencionados, aunque nos hayan herido profundamente.<\/p>\n<p class=\"wp-block-paragraph\">El\u00a0<strong>perd\u00f3n<\/strong>\u00a0no es solo un\u00a0<strong>acto de generosidad<\/strong>\u00a0hacia los dem\u00e1s, sino tambi\u00e9n un\u00a0<strong>regalo para uno mismo<\/strong>, ya que nos sana y mejora nuestra calidad de vida. Perdonar es bueno y necesario porque: nos libera emocionalmente y nos permite sanar; mejora nuestra salud f\u00edsica y mental; fortalece nuestras relaciones personales; nos da paz interior; aprendemos a ser m\u00e1s compasivos con nosotros mismos y con los dem\u00e1s; elimina sufrimiento y rencor; es un camino de crecimiento personal al ser capaces de trascender nuestro propio orgullo y avanzar con humildad, (\u2026).<\/p>\n<p class=\"wp-block-paragraph\">En teor\u00eda,\u00a0<strong>todo se puede perdonar<\/strong>, ya que el perd\u00f3n es m\u00e1s un acto de liberaci\u00f3n para quien perdona, que una ratificaci\u00f3n del da\u00f1o sufrido. Pero en la pr\u00e1ctica, existen situaciones donde perdonar puede parecer imposible o muy doloroso, especialmente si el da\u00f1o es muy grave. Algunas personas creen que\u00a0<strong>nada es irremediable<\/strong>\u00a0y que todo puede ser perdonado con el tiempo. Otras, en cambio, piensan que hay ciertos actos que son tan devastadores que perdonarlos requiere un proceso extremadamente largo o imposible de realizarlo. Pueden ser dif\u00edciles de perdonar: los abusos f\u00edsicos o emocionales graves o irreversibles, las grandes traiciones, los \u00a0asesinatos o da\u00f1os irreparables, las injusticias sistem\u00e1ticas y abusos de poder (\u2026).<\/p>\n<p class=\"wp-block-paragraph\"><strong>Perdonar de coraz\u00f3n, que constituye la excelencia del perd\u00f3n<\/strong>, puede llegar a ser un acto dif\u00edcil, pero, sin duda, es uno de los actos m\u00e1s poderosos que podemos realizar. Para perdonar sinceramente, no solo se necesita voluntad, sino tambi\u00e9n una serie de\u00a0<strong>virtudes<\/strong>\u00a0que nos ayuden a trascender el dolor, el resentimiento y la ira. Perdonar de coraz\u00f3n es un proceso profundo que involucra nuestras emociones, nuestras creencias y, sobre todo, nuestra capacidad de amar. Por eso, se dice:\u00a0 \u201cEl que es incapaz de perdonar, es incapaz de amar\u201d. Para perdonar, de esta forma, es necesario poner en pr\u00e1ctica algunas virtudes como:<\/p>\n<ul>\n<li class=\"wp-block-paragraph\"><strong>Compasi\u00f3n<\/strong>\u00a0para entender al otro y ponerse en los zapatos del otro.<\/li>\n<li class=\"wp-block-paragraph\"><strong>Humildad<\/strong>\u00a0para pisotear el orgullo y reconocer nuestra propia imperfecci\u00f3n.<\/li>\n<li class=\"wp-block-paragraph\"><strong>Paciencia<\/strong>\u00a0para darnos tiempo en el proceso de sanaci\u00f3n de las heridas.<\/li>\n<li class=\"wp-block-paragraph\"><strong>Perseverancia<\/strong>\u00a0para seguir el camino aunque cueste.<\/li>\n<li class=\"wp-block-paragraph\"><strong>Generosidad<\/strong>\u00a0para conceder el perd\u00f3n sin esperar nada a cambio.<\/li>\n<li class=\"wp-block-paragraph\"><strong>Valent\u00eda<\/strong>\u00a0para enfrentarnos al dolor y no dejar que nos controle.<\/li>\n<li class=\"wp-block-paragraph\"><strong>Sabidur\u00eda<\/strong>\u00a0para reconocer los beneficios de perdonar y tomar decisiones informadas.<\/li>\n<li class=\"wp-block-paragraph\"><strong>Gratitud<\/strong>\u00a0para ver el sufrimiento como una oportunidad de crecimiento.<\/li>\n<\/ul>\n<p class=\"wp-block-paragraph\">La primera de este elenco de virtudes, la\u00a0<strong>compasi\u00f3n<\/strong>, en muchos sentidos,\u00a0<strong>es el coraz\u00f3n del perd\u00f3n<\/strong>\u00a0porque nos ayuda ver al otro con empat\u00eda y liberarnos del dolor al soltar el rencor. Nos permite entender que el perd\u00f3n no es para el otro, sino para nosotros mismos: es un acto de liberaci\u00f3n personal y de sanaci\u00f3n.<\/p>\n<p class=\"wp-block-paragraph\">Manifestar el perd\u00f3n con palabras y hechos va m\u00e1s all\u00e1 de simplemente decir \u00abte perdono o lo siento\u201d. Se trata de demostrarlo a trav\u00e9s de nuestras acciones diarias pero actuando siempre desde el amor. Perdonar con hechos requiere de\u00a0<strong>autenticidad, generosidad y sabidur\u00eda<\/strong>, ya que no se trata solo de una frase, sino de un cambio profundo que se refleja en la forma en que elegimos relacionarnos con el otro despu\u00e9s del da\u00f1o sufrido.<\/p>\n<p class=\"wp-block-paragraph\">Como el perd\u00f3n es la mejor garant\u00eda de la paz y alegr\u00eda, para lograrlas hemos de aprender a perdonar m\u00e1s y mejor. Pero, dado que, quien sabe querer, sin duda, tambi\u00e9n sabe perdonar de coraz\u00f3n, basta que aprendamos a amar para saber perdonar. Podemos empezar a ser fuente de paz en nuestra propia familia tratando de no acabar el d\u00eda presos de rencor sino derramando la fragancia de nuestro perd\u00f3n. As\u00ed, como dec\u00eda Tolstoi viviremos en paz: \u00abPerdon\u00e9monos unos a otros; s\u00f3lo as\u00ed viviremos en paz\u201d.<\/p>\n<p><img data-recalc-dims=\"1\" fetchpriority=\"high\" decoding=\"async\" class=\"size-full wp-image-179463 alignnone\" src=\"https:\/\/i0.wp.com\/exaudi.org\/wp-content\/uploads\/2026\/07\/Voces-2-2.jpg?resize=940%2C788&#038;ssl=1\" alt=\"\" width=\"940\" height=\"788\" srcset=\"https:\/\/i0.wp.com\/exaudi.org\/wp-content\/uploads\/2026\/07\/Voces-2-2.jpg?w=940&amp;ssl=1 940w, https:\/\/i0.wp.com\/exaudi.org\/wp-content\/uploads\/2026\/07\/Voces-2-2.jpg?resize=300%2C251&amp;ssl=1 300w, https:\/\/i0.wp.com\/exaudi.org\/wp-content\/uploads\/2026\/07\/Voces-2-2.jpg?resize=770%2C645&amp;ssl=1 770w, https:\/\/i0.wp.com\/exaudi.org\/wp-content\/uploads\/2026\/07\/Voces-2-2.jpg?resize=500%2C419&amp;ssl=1 500w\" sizes=\"(max-width: 940px) 100vw, 940px\" \/><\/p>\n<\/div>\n","protected":false},"excerpt":{"rendered":"<p>El camino de la compasi\u00f3n y la fortaleza para sanar el alma, liberar el rencor y recuperar la paz interior<\/p>\n","protected":false},"author":181,"featured_media":179466,"comment_status":"closed","ping_status":"closed","sticky":false,"template":"","format":"standard","meta":{"_acf_changed":false,"inline_featured_image":false,"_wpcom_ai_launchpad_first_post":false,"footnotes":"","jetpack_post_was_ever_published":false},"categories":[130],"tags":[118711,67330,3345,16400,4554,118709,107574,23014,1690,85050,118710,118708,39943,19955,108169,58880],"class_list":["post-179459","post","type-post","status-publish","format-standard","has-post-thumbnail","hentry","category-voces","tag-bienestar-mental","tag-como-perdonar","tag-compasion","tag-crecimiento-personal","tag-humildad","tag-liberar-el-rencor","tag-libertad-emocional","tag-paz-interior","tag-perdon","tag-perdonar-de-corazon","tag-perdonar-y-olvidar","tag-que-es-el-perdon","tag-sanacion-emocional","tag-superacion-personal","tag-tomasa-calvo","tag-trending-es-151"],"acf":[],"yoast_head":"<!-- This site is optimized with the Yoast SEO plugin v28.4 - https:\/\/yoast.com\/product\/yoast-seo-wordpress\/ -->\n<title>Perd\u00f3n: qu\u00e9 es y c\u00f3mo se hace &#8211; Exaudi<\/title>\n<meta name=\"robots\" content=\"index, follow, max-snippet:-1, max-image-preview:large, max-video-preview:-1\" \/>\n<link rel=\"canonical\" href=\"https:\/\/exaudi.org\/es\/perdon-que-es-y-como-se-hace\/\" \/>\n<meta property=\"og:locale\" content=\"es_ES\" \/>\n<meta property=\"og:type\" content=\"article\" \/>\n<meta property=\"og:title\" content=\"Perd\u00f3n: qu\u00e9 es y c\u00f3mo se hace &#8211; Exaudi\" \/>\n<meta property=\"og:description\" content=\"El camino de la compasi\u00f3n y la fortaleza para sanar el alma, liberar el rencor y recuperar la paz interior\" \/>\n<meta property=\"og:url\" content=\"https:\/\/exaudi.org\/es\/perdon-que-es-y-como-se-hace\/\" \/>\n<meta property=\"og:site_name\" content=\"Exaudi\" \/>\n<meta property=\"article:publisher\" content=\"https:\/\/www.facebook.com\/ExaudiNews\" \/>\n<meta property=\"article:published_time\" content=\"2026-07-20T07:30:00+00:00\" \/>\n<meta property=\"article:modified_time\" content=\"2026-07-20T07:36:18+00:00\" \/>\n<meta property=\"og:image\" content=\"https:\/\/exaudi.org\/wp-content\/uploads\/2026\/07\/tomasa.jpg\" \/>\n\t<meta property=\"og:image:width\" content=\"1228\" \/>\n\t<meta property=\"og:image:height\" content=\"768\" \/>\n\t<meta property=\"og:image:type\" content=\"image\/jpeg\" \/>\n<meta name=\"author\" content=\"Tomasa Calvo\" \/>\n<meta name=\"twitter:card\" content=\"summary_large_image\" \/>\n<meta name=\"twitter:creator\" content=\"@Exaudi_News\" \/>\n<meta name=\"twitter:site\" content=\"@Exaudi_News\" \/>\n<meta name=\"twitter:label1\" content=\"Escrito por\" \/>\n\t<meta name=\"twitter:data1\" content=\"Tomasa Calvo\" \/>\n\t<meta name=\"twitter:label2\" content=\"Tiempo de lectura\" \/>\n\t<meta name=\"twitter:data2\" content=\"6 minutos\" \/>\n<script type=\"application\/ld+json\" class=\"yoast-schema-graph\">{\"@context\":\"https:\\\/\\\/schema.org\",\"@graph\":[{\"@type\":\"Article\",\"@id\":\"https:\\\/\\\/exaudi.org\\\/es\\\/perdon-que-es-y-como-se-hace\\\/#article\",\"isPartOf\":{\"@id\":\"https:\\\/\\\/exaudi.org\\\/es\\\/perdon-que-es-y-como-se-hace\\\/\"},\"author\":{\"name\":\"Tomasa Calvo\",\"@id\":\"https:\\\/\\\/exaudi.org\\\/#\\\/schema\\\/person\\\/409421bb9294f45407f1f98ad73ecd61\"},\"headline\":\"Perd\u00f3n: qu\u00e9 es y c\u00f3mo se hace\",\"datePublished\":\"2026-07-20T07:30:00+00:00\",\"dateModified\":\"2026-07-20T07:36:18+00:00\",\"mainEntityOfPage\":{\"@id\":\"https:\\\/\\\/exaudi.org\\\/es\\\/perdon-que-es-y-como-se-hace\\\/\"},\"wordCount\":1129,\"image\":{\"@id\":\"https:\\\/\\\/exaudi.org\\\/es\\\/perdon-que-es-y-como-se-hace\\\/#primaryimage\"},\"thumbnailUrl\":\"https:\\\/\\\/i0.wp.com\\\/exaudi.org\\\/wp-content\\\/uploads\\\/2026\\\/07\\\/tomasa.jpg?fit=1228%2C768&ssl=1\",\"keywords\":[\"bienestar mental\",\"c\u00f3mo perdonar\",\"Compasi\u00f3n\",\"crecimiento personal\",\"humildad\",\"liberar el rencor\",\"libertad emocional\",\"paz interior\",\"Perd\u00f3n\",\"perdonar de coraz\u00f3n\",\"perdonar y olvidar\",\"que es el perdon\",\"sanaci\u00f3n emocional\",\"superaci\u00f3n personal\",\"Tomasa Calvo\",\"Trending\"],\"articleSection\":[\"Voces\"],\"inLanguage\":\"es\"},{\"@type\":\"WebPage\",\"@id\":\"https:\\\/\\\/exaudi.org\\\/es\\\/perdon-que-es-y-como-se-hace\\\/\",\"url\":\"https:\\\/\\\/exaudi.org\\\/es\\\/perdon-que-es-y-como-se-hace\\\/\",\"name\":\"Perd\u00f3n: qu\u00e9 es y c\u00f3mo se hace &#8211; Exaudi\",\"isPartOf\":{\"@id\":\"https:\\\/\\\/exaudi.org\\\/#website\"},\"primaryImageOfPage\":{\"@id\":\"https:\\\/\\\/exaudi.org\\\/es\\\/perdon-que-es-y-como-se-hace\\\/#primaryimage\"},\"image\":{\"@id\":\"https:\\\/\\\/exaudi.org\\\/es\\\/perdon-que-es-y-como-se-hace\\\/#primaryimage\"},\"thumbnailUrl\":\"https:\\\/\\\/i0.wp.com\\\/exaudi.org\\\/wp-content\\\/uploads\\\/2026\\\/07\\\/tomasa.jpg?fit=1228%2C768&ssl=1\",\"datePublished\":\"2026-07-20T07:30:00+00:00\",\"dateModified\":\"2026-07-20T07:36:18+00:00\",\"author\":{\"@id\":\"https:\\\/\\\/exaudi.org\\\/#\\\/schema\\\/person\\\/409421bb9294f45407f1f98ad73ecd61\"},\"breadcrumb\":{\"@id\":\"https:\\\/\\\/exaudi.org\\\/es\\\/perdon-que-es-y-como-se-hace\\\/#breadcrumb\"},\"inLanguage\":\"es\",\"potentialAction\":[{\"@type\":\"ReadAction\",\"target\":[\"https:\\\/\\\/exaudi.org\\\/es\\\/perdon-que-es-y-como-se-hace\\\/\"]}]},{\"@type\":\"ImageObject\",\"inLanguage\":\"es\",\"@id\":\"https:\\\/\\\/exaudi.org\\\/es\\\/perdon-que-es-y-como-se-hace\\\/#primaryimage\",\"url\":\"https:\\\/\\\/i0.wp.com\\\/exaudi.org\\\/wp-content\\\/uploads\\\/2026\\\/07\\\/tomasa.jpg?fit=1228%2C768&ssl=1\",\"contentUrl\":\"https:\\\/\\\/i0.wp.com\\\/exaudi.org\\\/wp-content\\\/uploads\\\/2026\\\/07\\\/tomasa.jpg?fit=1228%2C768&ssl=1\",\"width\":1228,\"height\":768},{\"@type\":\"BreadcrumbList\",\"@id\":\"https:\\\/\\\/exaudi.org\\\/es\\\/perdon-que-es-y-como-se-hace\\\/#breadcrumb\",\"itemListElement\":[{\"@type\":\"ListItem\",\"position\":1,\"name\":\"Portada\",\"item\":\"https:\\\/\\\/exaudi.org\\\/es\\\/\"},{\"@type\":\"ListItem\",\"position\":2,\"name\":\"Perd\u00f3n: qu\u00e9 es y c\u00f3mo se hace\"}]},{\"@type\":\"WebSite\",\"@id\":\"https:\\\/\\\/exaudi.org\\\/#website\",\"url\":\"https:\\\/\\\/exaudi.org\\\/\",\"name\":\"Exaudi\",\"description\":\"News\",\"potentialAction\":[{\"@type\":\"SearchAction\",\"target\":{\"@type\":\"EntryPoint\",\"urlTemplate\":\"https:\\\/\\\/exaudi.org\\\/?s={search_term_string}\"},\"query-input\":{\"@type\":\"PropertyValueSpecification\",\"valueRequired\":true,\"valueName\":\"search_term_string\"}}],\"inLanguage\":\"es\"},{\"@type\":\"Person\",\"@id\":\"https:\\\/\\\/exaudi.org\\\/#\\\/schema\\\/person\\\/409421bb9294f45407f1f98ad73ecd61\",\"name\":\"Tomasa Calvo\",\"image\":{\"@type\":\"ImageObject\",\"inLanguage\":\"es\",\"@id\":\"https:\\\/\\\/secure.gravatar.com\\\/avatar\\\/fb3139cd3d949dae602612a7818679749dd7f3809debf3367d22337130e7cdad?s=96&d=mm&r=g\",\"url\":\"https:\\\/\\\/secure.gravatar.com\\\/avatar\\\/fb3139cd3d949dae602612a7818679749dd7f3809debf3367d22337130e7cdad?s=96&d=mm&r=g\",\"contentUrl\":\"https:\\\/\\\/secure.gravatar.com\\\/avatar\\\/fb3139cd3d949dae602612a7818679749dd7f3809debf3367d22337130e7cdad?s=96&d=mm&r=g\",\"caption\":\"Tomasa Calvo\"},\"description\":\"Matem\u00e1tica y doctora en Inform\u00e1tica. Defensora de la verdad, del bien y de lo bello y, c\u00f3mo no, de la libertad, entendida como la facultad que nos ayuda a hacer el bien. Su esp\u00edritu inquieto le llev\u00f3 a promover el evento cultural \\\"Conversaciones con Luz Propia\\\" en Teruel.\",\"sameAs\":[\"https:\\\/\\\/www.linkedin.com\\\/in\\\/tomasa-calvo-snchez-66359829\\\/\"],\"url\":\"https:\\\/\\\/exaudi.org\\\/es\\\/author\\\/tomasa-calvo\\\/\"}]}<\/script>\n<!-- \/ Yoast SEO plugin. -->","yoast_head_json":{"title":"Perd\u00f3n: qu\u00e9 es y c\u00f3mo se hace &#8211; Exaudi","robots":{"index":"index","follow":"follow","max-snippet":"max-snippet:-1","max-image-preview":"max-image-preview:large","max-video-preview":"max-video-preview:-1"},"canonical":"https:\/\/exaudi.org\/es\/perdon-que-es-y-como-se-hace\/","og_locale":"es_ES","og_type":"article","og_title":"Perd\u00f3n: qu\u00e9 es y c\u00f3mo se hace &#8211; Exaudi","og_description":"El camino de la compasi\u00f3n y la fortaleza para sanar el alma, liberar el rencor y recuperar la paz interior","og_url":"https:\/\/exaudi.org\/es\/perdon-que-es-y-como-se-hace\/","og_site_name":"Exaudi","article_publisher":"https:\/\/www.facebook.com\/ExaudiNews","article_published_time":"2026-07-20T07:30:00+00:00","article_modified_time":"2026-07-20T07:36:18+00:00","og_image":[{"width":1228,"height":768,"url":"https:\/\/exaudi.org\/wp-content\/uploads\/2026\/07\/tomasa.jpg","type":"image\/jpeg"}],"author":"Tomasa Calvo","twitter_card":"summary_large_image","twitter_creator":"@Exaudi_News","twitter_site":"@Exaudi_News","twitter_misc":{"Escrito por":"Tomasa Calvo","Tiempo de lectura":"6 minutos"},"schema":{"@context":"https:\/\/schema.org","@graph":[{"@type":"Article","@id":"https:\/\/exaudi.org\/es\/perdon-que-es-y-como-se-hace\/#article","isPartOf":{"@id":"https:\/\/exaudi.org\/es\/perdon-que-es-y-como-se-hace\/"},"author":{"name":"Tomasa Calvo","@id":"https:\/\/exaudi.org\/#\/schema\/person\/409421bb9294f45407f1f98ad73ecd61"},"headline":"Perd\u00f3n: qu\u00e9 es y c\u00f3mo se hace","datePublished":"2026-07-20T07:30:00+00:00","dateModified":"2026-07-20T07:36:18+00:00","mainEntityOfPage":{"@id":"https:\/\/exaudi.org\/es\/perdon-que-es-y-como-se-hace\/"},"wordCount":1129,"image":{"@id":"https:\/\/exaudi.org\/es\/perdon-que-es-y-como-se-hace\/#primaryimage"},"thumbnailUrl":"https:\/\/i0.wp.com\/exaudi.org\/wp-content\/uploads\/2026\/07\/tomasa.jpg?fit=1228%2C768&ssl=1","keywords":["bienestar mental","c\u00f3mo perdonar","Compasi\u00f3n","crecimiento personal","humildad","liberar el rencor","libertad emocional","paz interior","Perd\u00f3n","perdonar de coraz\u00f3n","perdonar y olvidar","que es el perdon","sanaci\u00f3n emocional","superaci\u00f3n personal","Tomasa Calvo","Trending"],"articleSection":["Voces"],"inLanguage":"es"},{"@type":"WebPage","@id":"https:\/\/exaudi.org\/es\/perdon-que-es-y-como-se-hace\/","url":"https:\/\/exaudi.org\/es\/perdon-que-es-y-como-se-hace\/","name":"Perd\u00f3n: qu\u00e9 es y c\u00f3mo se hace &#8211; Exaudi","isPartOf":{"@id":"https:\/\/exaudi.org\/#website"},"primaryImageOfPage":{"@id":"https:\/\/exaudi.org\/es\/perdon-que-es-y-como-se-hace\/#primaryimage"},"image":{"@id":"https:\/\/exaudi.org\/es\/perdon-que-es-y-como-se-hace\/#primaryimage"},"thumbnailUrl":"https:\/\/i0.wp.com\/exaudi.org\/wp-content\/uploads\/2026\/07\/tomasa.jpg?fit=1228%2C768&ssl=1","datePublished":"2026-07-20T07:30:00+00:00","dateModified":"2026-07-20T07:36:18+00:00","author":{"@id":"https:\/\/exaudi.org\/#\/schema\/person\/409421bb9294f45407f1f98ad73ecd61"},"breadcrumb":{"@id":"https:\/\/exaudi.org\/es\/perdon-que-es-y-como-se-hace\/#breadcrumb"},"inLanguage":"es","potentialAction":[{"@type":"ReadAction","target":["https:\/\/exaudi.org\/es\/perdon-que-es-y-como-se-hace\/"]}]},{"@type":"ImageObject","inLanguage":"es","@id":"https:\/\/exaudi.org\/es\/perdon-que-es-y-como-se-hace\/#primaryimage","url":"https:\/\/i0.wp.com\/exaudi.org\/wp-content\/uploads\/2026\/07\/tomasa.jpg?fit=1228%2C768&ssl=1","contentUrl":"https:\/\/i0.wp.com\/exaudi.org\/wp-content\/uploads\/2026\/07\/tomasa.jpg?fit=1228%2C768&ssl=1","width":1228,"height":768},{"@type":"BreadcrumbList","@id":"https:\/\/exaudi.org\/es\/perdon-que-es-y-como-se-hace\/#breadcrumb","itemListElement":[{"@type":"ListItem","position":1,"name":"Portada","item":"https:\/\/exaudi.org\/es\/"},{"@type":"ListItem","position":2,"name":"Perd\u00f3n: qu\u00e9 es y c\u00f3mo se hace"}]},{"@type":"WebSite","@id":"https:\/\/exaudi.org\/#website","url":"https:\/\/exaudi.org\/","name":"Exaudi","description":"News","potentialAction":[{"@type":"SearchAction","target":{"@type":"EntryPoint","urlTemplate":"https:\/\/exaudi.org\/?s={search_term_string}"},"query-input":{"@type":"PropertyValueSpecification","valueRequired":true,"valueName":"search_term_string"}}],"inLanguage":"es"},{"@type":"Person","@id":"https:\/\/exaudi.org\/#\/schema\/person\/409421bb9294f45407f1f98ad73ecd61","name":"Tomasa Calvo","image":{"@type":"ImageObject","inLanguage":"es","@id":"https:\/\/secure.gravatar.com\/avatar\/fb3139cd3d949dae602612a7818679749dd7f3809debf3367d22337130e7cdad?s=96&d=mm&r=g","url":"https:\/\/secure.gravatar.com\/avatar\/fb3139cd3d949dae602612a7818679749dd7f3809debf3367d22337130e7cdad?s=96&d=mm&r=g","contentUrl":"https:\/\/secure.gravatar.com\/avatar\/fb3139cd3d949dae602612a7818679749dd7f3809debf3367d22337130e7cdad?s=96&d=mm&r=g","caption":"Tomasa Calvo"},"description":"Matem\u00e1tica y doctora en Inform\u00e1tica. Defensora de la verdad, del bien y de lo bello y, c\u00f3mo no, de la libertad, entendida como la facultad que nos ayuda a hacer el bien. Su esp\u00edritu inquieto le llev\u00f3 a promover el evento cultural \"Conversaciones con Luz Propia\" en Teruel.","sameAs":["https:\/\/www.linkedin.com\/in\/tomasa-calvo-snchez-66359829\/"],"url":"https:\/\/exaudi.org\/es\/author\/tomasa-calvo\/"}]}},"jetpack_shortlink":"https:\/\/wp.me\/pgKjF2-KGv","jetpack_featured_media_url":"https:\/\/i0.wp.com\/exaudi.org\/wp-content\/uploads\/2026\/07\/tomasa.jpg?fit=1228%2C768&ssl=1","_links":{"self":[{"href":"https:\/\/exaudi.org\/es\/wp-json\/wp\/v2\/posts\/179459","targetHints":{"allow":["GET"]}}],"collection":[{"href":"https:\/\/exaudi.org\/es\/wp-json\/wp\/v2\/posts"}],"about":[{"href":"https:\/\/exaudi.org\/es\/wp-json\/wp\/v2\/types\/post"}],"author":[{"embeddable":true,"href":"https:\/\/exaudi.org\/es\/wp-json\/wp\/v2\/users\/181"}],"replies":[{"embeddable":true,"href":"https:\/\/exaudi.org\/es\/wp-json\/wp\/v2\/comments?post=179459"}],"version-history":[{"count":8,"href":"https:\/\/exaudi.org\/es\/wp-json\/wp\/v2\/posts\/179459\/revisions"}],"predecessor-version":[{"id":179635,"href":"https:\/\/exaudi.org\/es\/wp-json\/wp\/v2\/posts\/179459\/revisions\/179635"}],"wp:featuredmedia":[{"embeddable":true,"href":"https:\/\/exaudi.org\/es\/wp-json\/wp\/v2\/media\/179466"}],"wp:attachment":[{"href":"https:\/\/exaudi.org\/es\/wp-json\/wp\/v2\/media?parent=179459"}],"wp:term":[{"taxonomy":"category","embeddable":true,"href":"https:\/\/exaudi.org\/es\/wp-json\/wp\/v2\/categories?post=179459"},{"taxonomy":"post_tag","embeddable":true,"href":"https:\/\/exaudi.org\/es\/wp-json\/wp\/v2\/tags?post=179459"}],"curies":[{"name":"wp","href":"https:\/\/api.w.org\/{rel}","templated":true}]}}