{"id":17920,"date":"2021-05-22T09:00:28","date_gmt":"2021-05-22T07:00:28","guid":{"rendered":"https:\/\/exaudi.org\/?p=17920"},"modified":"2021-05-20T09:52:56","modified_gmt":"2021-05-20T07:52:56","slug":"pentecostes-comentario-del-padre-jorge-miro","status":"publish","type":"post","link":"https:\/\/exaudi.org\/es\/pentecostes-comentario-del-padre-jorge-miro\/","title":{"rendered":"Pentecost\u00e9s: Comentario del padre Jorge Mir\u00f3"},"content":{"rendered":"<p><a href=\"https:\/\/exaudi.org\/es\/author\/jorgemiro\/\">El padre Jorge Mir\u00f3<\/a> comparte con los lectores de Exaudi su comentario sobre el Evangelio de ma\u00f1ana, 23 de mayo de 2021, Solemnidad de <a href=\"https:\/\/www.dominicos.org\/predicacion\/homilia\/23-5-2021\/\" target=\"_blank\" rel=\"noopener noreferrer\">Pentecost\u00e9s.<\/a><\/p>\n<p>***<\/p>\n<p><span style=\"font-weight: 400\">Celebramos hoy el d\u00eda de Pentecost\u00e9s. Cincuenta d\u00edas despu\u00e9s de la Pascua, la Iglesia recibe el don del Esp\u00edritu Santo, el don m\u00e1s alto de Dios al hombre. El Esp\u00edritu Santo se nos da para nuestra santificaci\u00f3n: para que vivamos identificados totalmente con Cristo, y, para que, permaneciendo en \u00c9l, podamos dar fruto abundante.<\/span><\/p>\n<p><span style=\"font-weight: 400\">El Esp\u00edritu Santo nos da sus dones para sostener y animar nuestra vida cristiana, nuestro camino de santidad. Estos dones son actitudes interiores permanentes que nos hacen d\u00f3ciles para seguir los impulsos del Esp\u00edritu. Estos siete dones son: sabidur\u00eda, inteligencia, consejo, fortaleza, ciencia, piedad y temor de Dios.\u00a0<\/span><\/p>\n<p><span style=\"font-weight: 400\">Son dones que no podemos conseguir con nuestro esfuerzo, sino que los recibimos gratuitamente en nuestro bautismo: la gracia santificante nos concede poder vivir y obrar bajo la moci\u00f3n del Esp\u00edritu Santo mediante sus dones (cf. Catecismo 1266.).<\/span><\/p>\n<p><span style=\"font-weight: 400\">Si aceptamos en nuestro coraz\u00f3n estos siete dones, y vivimos animados por el impulso del Esp\u00edritu siguiendo a Jesucristo como \u00fanico Maestro y \u00fanico Se\u00f1or, los dones del Esp\u00edritu producen en nuestra vida doce frutos, que son la obra del Esp\u00edritu en nuestra vida. Estos doce frutos, seg\u00fan la Tradici\u00f3n de la Iglesia, son: caridad, gozo, paz, paciencia, longanimidad (firmeza, perseverancia), bondad, benignidad, mansedumbre, fidelidad, modestia, continencia y castidad (Gal 5, 22-23).<\/span><\/p>\n<p><span style=\"font-weight: 400\">\u00abDeja que la gracia de tu Bautismo fructifique en un camino de santidad. Deja que todo est\u00e9 abierto a Dios y para ello opta por \u00e9l, elige a Dios una y otra vez. No te desalientes, porque tienes la fuerza del Esp\u00edritu Santo para que sea posible, y la santidad, en el fondo, es el fruto del Esp\u00edritu Santo en tu vida\u00bb (cf. Francisco, GE 15).<\/span><\/p>\n<p><span style=\"font-weight: 400\">Por ello, la Palabra de Dios que proclamamos hoy te invita a vivir seg\u00fan el Esp\u00edritu y no seg\u00fan la carne.\u00a0<\/span><\/p>\n<p><span style=\"font-weight: 400\">Vivir seg\u00fan el Esp\u00edritu es reconocer que todo es don, que todo es gracia. Que t\u00fa no te das la vida a ti mismo, que necesitas cada d\u00eda el don del Esp\u00edritu para poder vivir. Y este Esp\u00edritu te regala una vida nueva: la vida nueva de los hijos de Dios, la vida nueva iluminada por la luz de Cristo, la vida nueva que te lleva a la comuni\u00f3n con otros hermanos en la Iglesia, la vida nueva que te lleva a cantar el c\u00e1ntico nuevo: la alabanza, que es el eco de la acci\u00f3n del Esp\u00edritu en el coraz\u00f3n creyente.<\/span><\/p>\n<p><span style=\"font-weight: 400\">Vivir seg\u00fan la carne (cf. Rom 8, Gal 5) es creer que t\u00fa eres dios. Que t\u00fa te das la vida a ti mismo. Es pretender vivir con tus criterios y con tus fuerzas. Es vivir mir\u00e1ndote a ti mismo en vez de contemplar al Se\u00f1or y abrirte a la acci\u00f3n del Esp\u00edritu. Es querer que Dios haga tus proyectos en vez de abrirte t\u00fa a la voluntad de Dios. Y entonces, uno acaba cansado y agobiado, viviendo la vida m\u00e1s como una carga que como un regalo, m\u00e1s como una exigencia que como un don. Y tantas veces, en lugar de la alabanza lo que brota es la murmuraci\u00f3n y el resentimiento. Porque falta acoger la acci\u00f3n del Esp\u00edritu que no quita los problemas, sino que los transfigura, que lo hace todo nuevo.<\/span><\/p>\n<p><span style=\"font-weight: 400\">Es tambi\u00e9n el momento para preguntarte qu\u00e9 est\u00e1s haciendo con los carismas, dones gratuitos que has recibido del Esp\u00edritu Santo, y que los has recibido para ponerlos al servicio de los dem\u00e1s en la Iglesia. Esos carismas no los puedes guardar para ti: no son tuyos. Los has recibido para que fructifiquen en favor de los dem\u00e1s.<\/span><\/p>\n<p><span style=\"font-weight: 400\">\u00a1\u00c1nimo! \u00a1Abre tu coraz\u00f3n al Esp\u00edritu Santo! \u00a1Deja que \u00c9l tome el control de tu vida! \u00a1Ven Esp\u00edritu Santo! \u00a1Feliz Domingo de Pentecost\u00e9s!<\/span><\/p>\n<p><span style=\"font-weight: 400\">\u00a1Os dar\u00e9 un coraz\u00f3n nuevo! (cf. Ez 36, 26).<\/span><\/p>\n<p><span style=\"font-weight: 400\">\u00a1Ven Esp\u00edritu Santo! (cf. Lc 11, 13).<\/span><\/p>\n","protected":false},"excerpt":{"rendered":"<p>El don del Esp\u00edritu Santo<\/p>\n","protected":false},"author":20,"featured_media":17925,"comment_status":"closed","ping_status":"closed","sticky":false,"template":"","format":"standard","meta":{"_acf_changed":false,"_crdt_document":"","inline_featured_image":false,"footnotes":""},"categories":[96,59,298],"tags":[368,369,2381],"class_list":["post-17920","post","type-post","status-publish","format-standard","has-post-thumbnail","hentry","category-espiritualidad","category-featured-news","category-ultimas-noticias","tag-comentario-del-evangelio","tag-padre-jorge-miro","tag-pentecostes"],"acf":[],"yoast_head":"<!-- This site is optimized with the Yoast SEO plugin v27.5 - https:\/\/yoast.com\/product\/yoast-seo-wordpress\/ -->\n<title>Pentecost\u00e9s: Comentario del padre Jorge Mir\u00f3 &#8211; Exaudi<\/title>\n<meta name=\"description\" content=\"El padre Jorge Mir\u00f3 comparte con los lectores de Exaudi su comentario sobre el Evangelio de la Solemnidad de Pentecost\u00e9s del a\u00f1o 2021.\" \/>\n<meta name=\"robots\" content=\"index, follow, max-snippet:-1, max-image-preview:large, max-video-preview:-1\" \/>\n<link rel=\"canonical\" href=\"https:\/\/exaudi.org\/es\/pentecostes-comentario-del-padre-jorge-miro\/\" \/>\n<meta property=\"og:locale\" content=\"es_ES\" \/>\n<meta property=\"og:type\" content=\"article\" \/>\n<meta property=\"og:title\" content=\"Pentecost\u00e9s: Comentario del padre Jorge Mir\u00f3 &#8211; Exaudi\" \/>\n<meta property=\"og:description\" content=\"El padre Jorge Mir\u00f3 comparte con los lectores de Exaudi su comentario sobre el Evangelio de la Solemnidad de Pentecost\u00e9s del a\u00f1o 2021.\" \/>\n<meta property=\"og:url\" content=\"https:\/\/exaudi.org\/es\/pentecostes-comentario-del-padre-jorge-miro\/\" \/>\n<meta property=\"og:site_name\" content=\"Exaudi\" \/>\n<meta property=\"article:publisher\" content=\"https:\/\/www.facebook.com\/ExaudiNews\" \/>\n<meta property=\"article:published_time\" content=\"2021-05-22T07:00:28+00:00\" \/>\n<meta property=\"og:image\" content=\"https:\/\/exaudi.org\/wp-content\/uploads\/2021\/05\/123c12c3-1-scaled.jpg\" \/>\n\t<meta property=\"og:image:width\" content=\"2560\" \/>\n\t<meta property=\"og:image:height\" content=\"1920\" \/>\n\t<meta property=\"og:image:type\" content=\"image\/jpeg\" \/>\n<meta name=\"author\" content=\"Jorge Mir\u00f3\" \/>\n<meta name=\"twitter:card\" content=\"summary_large_image\" \/>\n<meta name=\"twitter:creator\" content=\"@Exaudi_News\" \/>\n<meta name=\"twitter:site\" content=\"@Exaudi_News\" \/>\n<meta name=\"twitter:label1\" content=\"Escrito por\" \/>\n\t<meta name=\"twitter:data1\" content=\"Jorge Mir\u00f3\" \/>\n\t<meta name=\"twitter:label2\" content=\"Tiempo de lectura\" \/>\n\t<meta name=\"twitter:data2\" content=\"3 minutos\" \/>\n<script type=\"application\/ld+json\" class=\"yoast-schema-graph\">{\"@context\":\"https:\\\/\\\/schema.org\",\"@graph\":[{\"@type\":\"Article\",\"@id\":\"https:\\\/\\\/exaudi.org\\\/es\\\/pentecostes-comentario-del-padre-jorge-miro\\\/#article\",\"isPartOf\":{\"@id\":\"https:\\\/\\\/exaudi.org\\\/es\\\/pentecostes-comentario-del-padre-jorge-miro\\\/\"},\"author\":{\"name\":\"Jorge Mir\u00f3\",\"@id\":\"https:\\\/\\\/exaudi.org\\\/#\\\/schema\\\/person\\\/a258c56b05e63b2b367bdca29e0ed3e3\"},\"headline\":\"Pentecost\u00e9s: Comentario del padre Jorge Mir\u00f3\",\"datePublished\":\"2021-05-22T07:00:28+00:00\",\"mainEntityOfPage\":{\"@id\":\"https:\\\/\\\/exaudi.org\\\/es\\\/pentecostes-comentario-del-padre-jorge-miro\\\/\"},\"wordCount\":710,\"image\":{\"@id\":\"https:\\\/\\\/exaudi.org\\\/es\\\/pentecostes-comentario-del-padre-jorge-miro\\\/#primaryimage\"},\"thumbnailUrl\":\"https:\\\/\\\/exaudi.org\\\/wp-content\\\/uploads\\\/2021\\\/05\\\/123c12c3-1-scaled.jpg\",\"keywords\":[\"Comentario del Evangelio\",\"Padre Jorge Mir\u00f3\",\"Pentecost\u00e9s\"],\"articleSection\":[\"Espiritualidad\",\"Featured News\",\"\u00daltimas noticias\"],\"inLanguage\":\"es\"},{\"@type\":\"WebPage\",\"@id\":\"https:\\\/\\\/exaudi.org\\\/es\\\/pentecostes-comentario-del-padre-jorge-miro\\\/\",\"url\":\"https:\\\/\\\/exaudi.org\\\/es\\\/pentecostes-comentario-del-padre-jorge-miro\\\/\",\"name\":\"Pentecost\u00e9s: Comentario del padre Jorge Mir\u00f3 &#8211; Exaudi\",\"isPartOf\":{\"@id\":\"https:\\\/\\\/exaudi.org\\\/#website\"},\"primaryImageOfPage\":{\"@id\":\"https:\\\/\\\/exaudi.org\\\/es\\\/pentecostes-comentario-del-padre-jorge-miro\\\/#primaryimage\"},\"image\":{\"@id\":\"https:\\\/\\\/exaudi.org\\\/es\\\/pentecostes-comentario-del-padre-jorge-miro\\\/#primaryimage\"},\"thumbnailUrl\":\"https:\\\/\\\/exaudi.org\\\/wp-content\\\/uploads\\\/2021\\\/05\\\/123c12c3-1-scaled.jpg\",\"datePublished\":\"2021-05-22T07:00:28+00:00\",\"author\":{\"@id\":\"https:\\\/\\\/exaudi.org\\\/#\\\/schema\\\/person\\\/a258c56b05e63b2b367bdca29e0ed3e3\"},\"description\":\"El padre Jorge Mir\u00f3 comparte con los lectores de Exaudi su comentario sobre el Evangelio de la Solemnidad de Pentecost\u00e9s del a\u00f1o 2021.\",\"breadcrumb\":{\"@id\":\"https:\\\/\\\/exaudi.org\\\/es\\\/pentecostes-comentario-del-padre-jorge-miro\\\/#breadcrumb\"},\"inLanguage\":\"es\",\"potentialAction\":[{\"@type\":\"ReadAction\",\"target\":[\"https:\\\/\\\/exaudi.org\\\/es\\\/pentecostes-comentario-del-padre-jorge-miro\\\/\"]}]},{\"@type\":\"ImageObject\",\"inLanguage\":\"es\",\"@id\":\"https:\\\/\\\/exaudi.org\\\/es\\\/pentecostes-comentario-del-padre-jorge-miro\\\/#primaryimage\",\"url\":\"https:\\\/\\\/exaudi.org\\\/wp-content\\\/uploads\\\/2021\\\/05\\\/123c12c3-1-scaled.jpg\",\"contentUrl\":\"https:\\\/\\\/exaudi.org\\\/wp-content\\\/uploads\\\/2021\\\/05\\\/123c12c3-1-scaled.jpg\",\"width\":2560,\"height\":1920,\"caption\":\"Imagen de Pentecost\u00e9s \u00a9 Cathopic\"},{\"@type\":\"BreadcrumbList\",\"@id\":\"https:\\\/\\\/exaudi.org\\\/es\\\/pentecostes-comentario-del-padre-jorge-miro\\\/#breadcrumb\",\"itemListElement\":[{\"@type\":\"ListItem\",\"position\":1,\"name\":\"Portada\",\"item\":\"https:\\\/\\\/exaudi.org\\\/es\\\/\"},{\"@type\":\"ListItem\",\"position\":2,\"name\":\"Pentecost\u00e9s: Comentario del padre Jorge Mir\u00f3\"}]},{\"@type\":\"WebSite\",\"@id\":\"https:\\\/\\\/exaudi.org\\\/#website\",\"url\":\"https:\\\/\\\/exaudi.org\\\/\",\"name\":\"Exaudi\",\"description\":\"News\",\"potentialAction\":[{\"@type\":\"SearchAction\",\"target\":{\"@type\":\"EntryPoint\",\"urlTemplate\":\"https:\\\/\\\/exaudi.org\\\/?s={search_term_string}\"},\"query-input\":{\"@type\":\"PropertyValueSpecification\",\"valueRequired\":true,\"valueName\":\"search_term_string\"}}],\"inLanguage\":\"es\"},{\"@type\":\"Person\",\"@id\":\"https:\\\/\\\/exaudi.org\\\/#\\\/schema\\\/person\\\/a258c56b05e63b2b367bdca29e0ed3e3\",\"name\":\"Jorge Mir\u00f3\",\"image\":{\"@type\":\"ImageObject\",\"inLanguage\":\"es\",\"@id\":\"https:\\\/\\\/secure.gravatar.com\\\/avatar\\\/f5ea26c436669b01b7b02124bf13596df002525d6f392707d301543be365bd44?s=96&d=mm&r=g\",\"url\":\"https:\\\/\\\/secure.gravatar.com\\\/avatar\\\/f5ea26c436669b01b7b02124bf13596df002525d6f392707d301543be365bd44?s=96&d=mm&r=g\",\"contentUrl\":\"https:\\\/\\\/secure.gravatar.com\\\/avatar\\\/f5ea26c436669b01b7b02124bf13596df002525d6f392707d301543be365bd44?s=96&d=mm&r=g\",\"caption\":\"Jorge Mir\u00f3\"},\"description\":\"Sacerdote de la archidi\u00f3cesis de Valencia y profesor en la Facultad de Ciencias Jur\u00eddicas, Econ\u00f3micas y Sociales de la Universidad Cat\u00f3lica de Valencia\",\"url\":\"https:\\\/\\\/exaudi.org\\\/es\\\/author\\\/jorgemiro\\\/\"}]}<\/script>\n<!-- \/ Yoast SEO plugin. -->","yoast_head_json":{"title":"Pentecost\u00e9s: Comentario del padre Jorge Mir\u00f3 &#8211; Exaudi","description":"El padre Jorge Mir\u00f3 comparte con los lectores de Exaudi su comentario sobre el Evangelio de la Solemnidad de Pentecost\u00e9s del a\u00f1o 2021.","robots":{"index":"index","follow":"follow","max-snippet":"max-snippet:-1","max-image-preview":"max-image-preview:large","max-video-preview":"max-video-preview:-1"},"canonical":"https:\/\/exaudi.org\/es\/pentecostes-comentario-del-padre-jorge-miro\/","og_locale":"es_ES","og_type":"article","og_title":"Pentecost\u00e9s: Comentario del padre Jorge Mir\u00f3 &#8211; Exaudi","og_description":"El padre Jorge Mir\u00f3 comparte con los lectores de Exaudi su comentario sobre el Evangelio de la Solemnidad de Pentecost\u00e9s del a\u00f1o 2021.","og_url":"https:\/\/exaudi.org\/es\/pentecostes-comentario-del-padre-jorge-miro\/","og_site_name":"Exaudi","article_publisher":"https:\/\/www.facebook.com\/ExaudiNews","article_published_time":"2021-05-22T07:00:28+00:00","og_image":[{"width":2560,"height":1920,"url":"https:\/\/exaudi.org\/wp-content\/uploads\/2021\/05\/123c12c3-1-scaled.jpg","type":"image\/jpeg"}],"author":"Jorge Mir\u00f3","twitter_card":"summary_large_image","twitter_creator":"@Exaudi_News","twitter_site":"@Exaudi_News","twitter_misc":{"Escrito por":"Jorge Mir\u00f3","Tiempo de lectura":"3 minutos"},"schema":{"@context":"https:\/\/schema.org","@graph":[{"@type":"Article","@id":"https:\/\/exaudi.org\/es\/pentecostes-comentario-del-padre-jorge-miro\/#article","isPartOf":{"@id":"https:\/\/exaudi.org\/es\/pentecostes-comentario-del-padre-jorge-miro\/"},"author":{"name":"Jorge Mir\u00f3","@id":"https:\/\/exaudi.org\/#\/schema\/person\/a258c56b05e63b2b367bdca29e0ed3e3"},"headline":"Pentecost\u00e9s: Comentario del padre Jorge Mir\u00f3","datePublished":"2021-05-22T07:00:28+00:00","mainEntityOfPage":{"@id":"https:\/\/exaudi.org\/es\/pentecostes-comentario-del-padre-jorge-miro\/"},"wordCount":710,"image":{"@id":"https:\/\/exaudi.org\/es\/pentecostes-comentario-del-padre-jorge-miro\/#primaryimage"},"thumbnailUrl":"https:\/\/exaudi.org\/wp-content\/uploads\/2021\/05\/123c12c3-1-scaled.jpg","keywords":["Comentario del Evangelio","Padre Jorge Mir\u00f3","Pentecost\u00e9s"],"articleSection":["Espiritualidad","Featured News","\u00daltimas noticias"],"inLanguage":"es"},{"@type":"WebPage","@id":"https:\/\/exaudi.org\/es\/pentecostes-comentario-del-padre-jorge-miro\/","url":"https:\/\/exaudi.org\/es\/pentecostes-comentario-del-padre-jorge-miro\/","name":"Pentecost\u00e9s: Comentario del padre Jorge Mir\u00f3 &#8211; Exaudi","isPartOf":{"@id":"https:\/\/exaudi.org\/#website"},"primaryImageOfPage":{"@id":"https:\/\/exaudi.org\/es\/pentecostes-comentario-del-padre-jorge-miro\/#primaryimage"},"image":{"@id":"https:\/\/exaudi.org\/es\/pentecostes-comentario-del-padre-jorge-miro\/#primaryimage"},"thumbnailUrl":"https:\/\/exaudi.org\/wp-content\/uploads\/2021\/05\/123c12c3-1-scaled.jpg","datePublished":"2021-05-22T07:00:28+00:00","author":{"@id":"https:\/\/exaudi.org\/#\/schema\/person\/a258c56b05e63b2b367bdca29e0ed3e3"},"description":"El padre Jorge Mir\u00f3 comparte con los lectores de Exaudi su comentario sobre el Evangelio de la Solemnidad de Pentecost\u00e9s del a\u00f1o 2021.","breadcrumb":{"@id":"https:\/\/exaudi.org\/es\/pentecostes-comentario-del-padre-jorge-miro\/#breadcrumb"},"inLanguage":"es","potentialAction":[{"@type":"ReadAction","target":["https:\/\/exaudi.org\/es\/pentecostes-comentario-del-padre-jorge-miro\/"]}]},{"@type":"ImageObject","inLanguage":"es","@id":"https:\/\/exaudi.org\/es\/pentecostes-comentario-del-padre-jorge-miro\/#primaryimage","url":"https:\/\/exaudi.org\/wp-content\/uploads\/2021\/05\/123c12c3-1-scaled.jpg","contentUrl":"https:\/\/exaudi.org\/wp-content\/uploads\/2021\/05\/123c12c3-1-scaled.jpg","width":2560,"height":1920,"caption":"Imagen de Pentecost\u00e9s \u00a9 Cathopic"},{"@type":"BreadcrumbList","@id":"https:\/\/exaudi.org\/es\/pentecostes-comentario-del-padre-jorge-miro\/#breadcrumb","itemListElement":[{"@type":"ListItem","position":1,"name":"Portada","item":"https:\/\/exaudi.org\/es\/"},{"@type":"ListItem","position":2,"name":"Pentecost\u00e9s: Comentario del padre Jorge Mir\u00f3"}]},{"@type":"WebSite","@id":"https:\/\/exaudi.org\/#website","url":"https:\/\/exaudi.org\/","name":"Exaudi","description":"News","potentialAction":[{"@type":"SearchAction","target":{"@type":"EntryPoint","urlTemplate":"https:\/\/exaudi.org\/?s={search_term_string}"},"query-input":{"@type":"PropertyValueSpecification","valueRequired":true,"valueName":"search_term_string"}}],"inLanguage":"es"},{"@type":"Person","@id":"https:\/\/exaudi.org\/#\/schema\/person\/a258c56b05e63b2b367bdca29e0ed3e3","name":"Jorge Mir\u00f3","image":{"@type":"ImageObject","inLanguage":"es","@id":"https:\/\/secure.gravatar.com\/avatar\/f5ea26c436669b01b7b02124bf13596df002525d6f392707d301543be365bd44?s=96&d=mm&r=g","url":"https:\/\/secure.gravatar.com\/avatar\/f5ea26c436669b01b7b02124bf13596df002525d6f392707d301543be365bd44?s=96&d=mm&r=g","contentUrl":"https:\/\/secure.gravatar.com\/avatar\/f5ea26c436669b01b7b02124bf13596df002525d6f392707d301543be365bd44?s=96&d=mm&r=g","caption":"Jorge Mir\u00f3"},"description":"Sacerdote de la archidi\u00f3cesis de Valencia y profesor en la Facultad de Ciencias Jur\u00eddicas, Econ\u00f3micas y Sociales de la Universidad Cat\u00f3lica de Valencia","url":"https:\/\/exaudi.org\/es\/author\/jorgemiro\/"}]}},"jetpack_featured_media_url":"https:\/\/exaudi.org\/wp-content\/uploads\/2021\/05\/123c12c3-1-scaled.jpg","jetpack_shortlink":"https:\/\/wp.me\/pgKjF2-4F2","_links":{"self":[{"href":"https:\/\/exaudi.org\/es\/wp-json\/wp\/v2\/posts\/17920","targetHints":{"allow":["GET"]}}],"collection":[{"href":"https:\/\/exaudi.org\/es\/wp-json\/wp\/v2\/posts"}],"about":[{"href":"https:\/\/exaudi.org\/es\/wp-json\/wp\/v2\/types\/post"}],"author":[{"embeddable":true,"href":"https:\/\/exaudi.org\/es\/wp-json\/wp\/v2\/users\/20"}],"replies":[{"embeddable":true,"href":"https:\/\/exaudi.org\/es\/wp-json\/wp\/v2\/comments?post=17920"}],"version-history":[{"count":0,"href":"https:\/\/exaudi.org\/es\/wp-json\/wp\/v2\/posts\/17920\/revisions"}],"wp:featuredmedia":[{"embeddable":true,"href":"https:\/\/exaudi.org\/es\/wp-json\/wp\/v2\/media\/17925"}],"wp:attachment":[{"href":"https:\/\/exaudi.org\/es\/wp-json\/wp\/v2\/media?parent=17920"}],"wp:term":[{"taxonomy":"category","embeddable":true,"href":"https:\/\/exaudi.org\/es\/wp-json\/wp\/v2\/categories?post=17920"},{"taxonomy":"post_tag","embeddable":true,"href":"https:\/\/exaudi.org\/es\/wp-json\/wp\/v2\/tags?post=17920"}],"curies":[{"name":"wp","href":"https:\/\/api.w.org\/{rel}","templated":true}]}}