{"id":17856,"date":"2021-05-19T16:43:53","date_gmt":"2021-05-19T14:43:53","guid":{"rendered":"https:\/\/exaudi.org\/?p=17856"},"modified":"2021-05-19T16:48:02","modified_gmt":"2021-05-19T14:48:02","slug":"nicaragua-obispo-de-esteli-preocupado-por-la-situacion-del-pais","status":"publish","type":"post","link":"https:\/\/exaudi.org\/es\/nicaragua-obispo-de-esteli-preocupado-por-la-situacion-del-pais\/","title":{"rendered":"Nicaragua: Obispo de Estel\u00ed preocupado por el pa\u00eds"},"content":{"rendered":"<p>Monse\u00f1or Juan Abelardo Mata, obispo de la di\u00f3cesis de Estel\u00ed, en Nicaragua, ha expresado en un comunicado su preocupaci\u00f3n ante los acontecimientos ocurridos \u00faltimos d\u00edas, donde el ambiente pol\u00edtico de cara a las pr\u00f3ximas elecciones de noviembre se torna m\u00e1s crispado.<\/p>\n<p>En la nota invita a que \u201cel motivo de nuestra esperanza, no ha de ser el acontecimiento de las elecciones, sino Jesucristo\u201d, porque \u201c\u00e9l es nuestra esperanza\u201d. El prelado apunta tambi\u00e9n \u00a0que \u00a0\u201cbuscar la oportunidad de un cambio a nivel social, pol\u00edtico y econ\u00f3mico no contradice en nada nuestra fe\u201d, sino que \u201crefleja los anhelos que, como hombres y mujeres situados en esta momento de la historia, queremos vivir con un crecimiento Integral de la persona humana\u201d.<\/p>\n<h4><strong>Crisis de antivalores<\/strong><\/h4>\n<p>Monse\u00f1or Mata tambi\u00e9n sostiene que \u201cla crisis en la que ahora vivimos revela la falta de conciencia y el grado superficialidad en el que el mundo globalizado nos ha introducido\u201d. Adem\u00e1s, se observan antivalores como \u201cla indiferencia, el relativismo y el ego\u00edsmo, que a largo plazo ha desembocado en conflictos sociales, pol\u00edticos y econ\u00f3micos\u201d.<\/p>\n<p>Esto ocurre sobre todo dado que se trata de un pa\u00eds en constante pugna, por un lado la sociedad civil sin voz ni voto; por otro un Gobierno mesi\u00e1nico y, finalmente, organizaciones pol\u00edticas emergentes \u201cluchando contra los fantasmas de una pol\u00edtica viciada\u201d.<\/p>\n<h4><strong>Defensa de la vida ante elecciones<\/strong><\/h4>\n<p>\u201cEl aborto no debe ser agenda electoral porque la vida humana no se negocia, se defiende y se promueve\u201d, expres\u00f3 la\u00a0<a href=\"https:\/\/cen-nicaragua.org\/mensaje-de-comision-justicia-y-paz-arquidiocesis-de-managua\/\">Comisi\u00f3n de Justicia y Paz de la arquidi\u00f3cesis de Managua<\/a> en un <a href=\"https:\/\/exaudi.org\/es\/nicaragua-iglesia-la-vida-humana-no-se-negocia\/\">comunicado<\/a> el pasado 13 de mayo.<\/p>\n<p>Esta fue la respuesta de la Iglesia local ante las pol\u00e9micas surgidas entre los grupos de oposici\u00f3n que han puesto el aborto, la eutanasia y la pena de muerte como argumentos cruciales para el logro de alianzas, en vista de las elecciones presidenciales y legislativas convocadas para el 7 de noviembre en\u00a0<a href=\"https:\/\/exaudi.org\/es\/nicaragua-preocupacion-de-la-iglesia-por-aumento-de-violencia\/\">Nicaragua<\/a>.<\/p>\n<p>Con el calendario electoral presentado por el Consejo Supremo Electoral de Nicaragua, los partidos pol\u00edticos han tenido la oportunidad de presentar sus alianzas hasta el pasado mi\u00e9rcoles. Sin embargo, los grupos de oposici\u00f3n no han logrado consolidar una coalici\u00f3n \u00fanica para impedir una nueva reelecci\u00f3n del presidente Daniel Ortega, en el poder desde 2007.<\/p>\n","protected":false},"excerpt":{"rendered":"<p>Crispaci\u00f3n de cara a las elecciones<\/p>\n","protected":false},"author":5,"featured_media":17858,"comment_status":"open","ping_status":"open","sticky":false,"template":"","format":"standard","meta":{"_acf_changed":false,"_crdt_document":"","inline_featured_image":false,"footnotes":""},"categories":[86,94,298],"tags":[2400,2401,1269],"class_list":["post-17856","post","type-post","status-publish","format-standard","has-post-thumbnail","hentry","category-iglesia-local","category-justicia-y-paz","category-ultimas-noticias","tag-elecciones-nicaragua-2021","tag-monsenor-juan-abelardo-mata","tag-nicaragua"],"acf":[],"yoast_head":"<!-- This site is optimized with the Yoast SEO plugin v27.5 - https:\/\/yoast.com\/product\/yoast-seo-wordpress\/ -->\n<title>Nicaragua: Obispo de Estel\u00ed preocupado por el pa\u00eds &#8211; Exaudi<\/title>\n<meta name=\"description\" content=\"Nicaragua: El obispo de la di\u00f3cesis de Estel\u00ed, ha expresado su preocupaci\u00f3n ante la crispaci\u00f3n de cara a las pr\u00f3ximas elecciones de noviembre\" \/>\n<meta name=\"robots\" content=\"index, follow, max-snippet:-1, max-image-preview:large, max-video-preview:-1\" \/>\n<link rel=\"canonical\" href=\"https:\/\/exaudi.org\/es\/nicaragua-obispo-de-esteli-preocupado-por-la-situacion-del-pais\/\" \/>\n<meta property=\"og:locale\" content=\"es_ES\" \/>\n<meta property=\"og:type\" content=\"article\" \/>\n<meta property=\"og:title\" content=\"Nicaragua: Obispo de Estel\u00ed preocupado por el pa\u00eds &#8211; Exaudi\" \/>\n<meta property=\"og:description\" content=\"Nicaragua: El obispo de la di\u00f3cesis de Estel\u00ed, ha expresado su preocupaci\u00f3n ante la crispaci\u00f3n de cara a las pr\u00f3ximas elecciones de noviembre\" \/>\n<meta property=\"og:url\" content=\"https:\/\/exaudi.org\/es\/nicaragua-obispo-de-esteli-preocupado-por-la-situacion-del-pais\/\" \/>\n<meta property=\"og:site_name\" content=\"Exaudi\" \/>\n<meta property=\"article:publisher\" content=\"https:\/\/www.facebook.com\/ExaudiNews\" \/>\n<meta property=\"article:published_time\" content=\"2021-05-19T14:43:53+00:00\" \/>\n<meta property=\"article:modified_time\" content=\"2021-05-19T14:48:02+00:00\" \/>\n<meta property=\"og:image\" content=\"https:\/\/exaudi.org\/wp-content\/uploads\/2021\/05\/Monsenor-Juan-Abelardo-Mata.jpeg\" \/>\n\t<meta property=\"og:image:width\" content=\"1280\" \/>\n\t<meta property=\"og:image:height\" content=\"720\" \/>\n\t<meta property=\"og:image:type\" content=\"image\/jpeg\" \/>\n<meta name=\"author\" content=\"Larissa I. L\u00f3pez\" \/>\n<meta name=\"twitter:card\" content=\"summary_large_image\" \/>\n<meta name=\"twitter:creator\" content=\"@Exaudi_News\" \/>\n<meta name=\"twitter:site\" content=\"@Exaudi_News\" \/>\n<meta name=\"twitter:label1\" content=\"Escrito por\" \/>\n\t<meta name=\"twitter:data1\" content=\"Larissa I. L\u00f3pez\" \/>\n\t<meta name=\"twitter:label2\" content=\"Tiempo de lectura\" \/>\n\t<meta name=\"twitter:data2\" content=\"2 minutos\" \/>\n<script type=\"application\/ld+json\" class=\"yoast-schema-graph\">{\"@context\":\"https:\\\/\\\/schema.org\",\"@graph\":[{\"@type\":\"Article\",\"@id\":\"https:\\\/\\\/exaudi.org\\\/es\\\/nicaragua-obispo-de-esteli-preocupado-por-la-situacion-del-pais\\\/#article\",\"isPartOf\":{\"@id\":\"https:\\\/\\\/exaudi.org\\\/es\\\/nicaragua-obispo-de-esteli-preocupado-por-la-situacion-del-pais\\\/\"},\"author\":{\"name\":\"Larissa I. L\u00f3pez\",\"@id\":\"https:\\\/\\\/exaudi.org\\\/#\\\/schema\\\/person\\\/7d2f77db033c2c0929edfab6dbe8c588\"},\"headline\":\"Nicaragua: Obispo de Estel\u00ed preocupado por el pa\u00eds\",\"datePublished\":\"2021-05-19T14:43:53+00:00\",\"dateModified\":\"2021-05-19T14:48:02+00:00\",\"mainEntityOfPage\":{\"@id\":\"https:\\\/\\\/exaudi.org\\\/es\\\/nicaragua-obispo-de-esteli-preocupado-por-la-situacion-del-pais\\\/\"},\"wordCount\":404,\"commentCount\":1,\"image\":{\"@id\":\"https:\\\/\\\/exaudi.org\\\/es\\\/nicaragua-obispo-de-esteli-preocupado-por-la-situacion-del-pais\\\/#primaryimage\"},\"thumbnailUrl\":\"https:\\\/\\\/exaudi.org\\\/wp-content\\\/uploads\\\/2021\\\/05\\\/Monsenor-Juan-Abelardo-Mata.jpeg\",\"keywords\":[\"Elecciones Nicaragua 2021\",\"Monse\u00f1or Juan Abelardo Mata\",\"Nicaragua\"],\"articleSection\":[\"Iglesia Local\",\"Justicia y Paz\",\"\u00daltimas noticias\"],\"inLanguage\":\"es\",\"potentialAction\":[{\"@type\":\"CommentAction\",\"name\":\"Comment\",\"target\":[\"https:\\\/\\\/exaudi.org\\\/es\\\/nicaragua-obispo-de-esteli-preocupado-por-la-situacion-del-pais\\\/#respond\"]}]},{\"@type\":\"WebPage\",\"@id\":\"https:\\\/\\\/exaudi.org\\\/es\\\/nicaragua-obispo-de-esteli-preocupado-por-la-situacion-del-pais\\\/\",\"url\":\"https:\\\/\\\/exaudi.org\\\/es\\\/nicaragua-obispo-de-esteli-preocupado-por-la-situacion-del-pais\\\/\",\"name\":\"Nicaragua: Obispo de Estel\u00ed preocupado por el pa\u00eds &#8211; Exaudi\",\"isPartOf\":{\"@id\":\"https:\\\/\\\/exaudi.org\\\/#website\"},\"primaryImageOfPage\":{\"@id\":\"https:\\\/\\\/exaudi.org\\\/es\\\/nicaragua-obispo-de-esteli-preocupado-por-la-situacion-del-pais\\\/#primaryimage\"},\"image\":{\"@id\":\"https:\\\/\\\/exaudi.org\\\/es\\\/nicaragua-obispo-de-esteli-preocupado-por-la-situacion-del-pais\\\/#primaryimage\"},\"thumbnailUrl\":\"https:\\\/\\\/exaudi.org\\\/wp-content\\\/uploads\\\/2021\\\/05\\\/Monsenor-Juan-Abelardo-Mata.jpeg\",\"datePublished\":\"2021-05-19T14:43:53+00:00\",\"dateModified\":\"2021-05-19T14:48:02+00:00\",\"author\":{\"@id\":\"https:\\\/\\\/exaudi.org\\\/#\\\/schema\\\/person\\\/7d2f77db033c2c0929edfab6dbe8c588\"},\"description\":\"Nicaragua: El obispo de la di\u00f3cesis de Estel\u00ed, ha expresado su preocupaci\u00f3n ante la crispaci\u00f3n de cara a las pr\u00f3ximas elecciones de noviembre\",\"breadcrumb\":{\"@id\":\"https:\\\/\\\/exaudi.org\\\/es\\\/nicaragua-obispo-de-esteli-preocupado-por-la-situacion-del-pais\\\/#breadcrumb\"},\"inLanguage\":\"es\",\"potentialAction\":[{\"@type\":\"ReadAction\",\"target\":[\"https:\\\/\\\/exaudi.org\\\/es\\\/nicaragua-obispo-de-esteli-preocupado-por-la-situacion-del-pais\\\/\"]}]},{\"@type\":\"ImageObject\",\"inLanguage\":\"es\",\"@id\":\"https:\\\/\\\/exaudi.org\\\/es\\\/nicaragua-obispo-de-esteli-preocupado-por-la-situacion-del-pais\\\/#primaryimage\",\"url\":\"https:\\\/\\\/exaudi.org\\\/wp-content\\\/uploads\\\/2021\\\/05\\\/Monsenor-Juan-Abelardo-Mata.jpeg\",\"contentUrl\":\"https:\\\/\\\/exaudi.org\\\/wp-content\\\/uploads\\\/2021\\\/05\\\/Monsenor-Juan-Abelardo-Mata.jpeg\",\"width\":1280,\"height\":720,\"caption\":\"Monse\u00f1or Juan Abelardo Mata \u00a9 CELAM\"},{\"@type\":\"BreadcrumbList\",\"@id\":\"https:\\\/\\\/exaudi.org\\\/es\\\/nicaragua-obispo-de-esteli-preocupado-por-la-situacion-del-pais\\\/#breadcrumb\",\"itemListElement\":[{\"@type\":\"ListItem\",\"position\":1,\"name\":\"Portada\",\"item\":\"https:\\\/\\\/exaudi.org\\\/es\\\/\"},{\"@type\":\"ListItem\",\"position\":2,\"name\":\"Nicaragua: Obispo de Estel\u00ed preocupado por el pa\u00eds\"}]},{\"@type\":\"WebSite\",\"@id\":\"https:\\\/\\\/exaudi.org\\\/#website\",\"url\":\"https:\\\/\\\/exaudi.org\\\/\",\"name\":\"Exaudi\",\"description\":\"News\",\"potentialAction\":[{\"@type\":\"SearchAction\",\"target\":{\"@type\":\"EntryPoint\",\"urlTemplate\":\"https:\\\/\\\/exaudi.org\\\/?s={search_term_string}\"},\"query-input\":{\"@type\":\"PropertyValueSpecification\",\"valueRequired\":true,\"valueName\":\"search_term_string\"}}],\"inLanguage\":\"es\"},{\"@type\":\"Person\",\"@id\":\"https:\\\/\\\/exaudi.org\\\/#\\\/schema\\\/person\\\/7d2f77db033c2c0929edfab6dbe8c588\",\"name\":\"Larissa I. L\u00f3pez\",\"image\":{\"@type\":\"ImageObject\",\"inLanguage\":\"es\",\"@id\":\"https:\\\/\\\/secure.gravatar.com\\\/avatar\\\/db3ef399ff343d0bb9d25dc5198bc8ece5ac6d621eca79876697a354dabc1e3f?s=96&d=mm&r=g\",\"url\":\"https:\\\/\\\/secure.gravatar.com\\\/avatar\\\/db3ef399ff343d0bb9d25dc5198bc8ece5ac6d621eca79876697a354dabc1e3f?s=96&d=mm&r=g\",\"contentUrl\":\"https:\\\/\\\/secure.gravatar.com\\\/avatar\\\/db3ef399ff343d0bb9d25dc5198bc8ece5ac6d621eca79876697a354dabc1e3f?s=96&d=mm&r=g\",\"caption\":\"Larissa I. L\u00f3pez\"},\"description\":\"Doctora en Comunicaci\u00f3n. Mi trayectoria profesional ha transcurrido entre el \u00e1mbito de la comunicaci\u00f3n y el de la docencia. En los \u00faltimos a\u00f1os, he trabajado como coordinadora y redactora de la edici\u00f3n de ZENIT en espa\u00f1ol. Como profesora, he impartido clases en la universidad y en centros de FP y bachillerato. Cordobesa de nacimiento, tambi\u00e9n he vivido en Sevilla, Madrid y Roma\",\"url\":\"https:\\\/\\\/exaudi.org\\\/es\\\/author\\\/llopezexaudi-org\\\/\"}]}<\/script>\n<!-- \/ Yoast SEO plugin. -->","yoast_head_json":{"title":"Nicaragua: Obispo de Estel\u00ed preocupado por el pa\u00eds &#8211; Exaudi","description":"Nicaragua: El obispo de la di\u00f3cesis de Estel\u00ed, ha expresado su preocupaci\u00f3n ante la crispaci\u00f3n de cara a las pr\u00f3ximas elecciones de noviembre","robots":{"index":"index","follow":"follow","max-snippet":"max-snippet:-1","max-image-preview":"max-image-preview:large","max-video-preview":"max-video-preview:-1"},"canonical":"https:\/\/exaudi.org\/es\/nicaragua-obispo-de-esteli-preocupado-por-la-situacion-del-pais\/","og_locale":"es_ES","og_type":"article","og_title":"Nicaragua: Obispo de Estel\u00ed preocupado por el pa\u00eds &#8211; Exaudi","og_description":"Nicaragua: El obispo de la di\u00f3cesis de Estel\u00ed, ha expresado su preocupaci\u00f3n ante la crispaci\u00f3n de cara a las pr\u00f3ximas elecciones de noviembre","og_url":"https:\/\/exaudi.org\/es\/nicaragua-obispo-de-esteli-preocupado-por-la-situacion-del-pais\/","og_site_name":"Exaudi","article_publisher":"https:\/\/www.facebook.com\/ExaudiNews","article_published_time":"2021-05-19T14:43:53+00:00","article_modified_time":"2021-05-19T14:48:02+00:00","og_image":[{"width":1280,"height":720,"url":"https:\/\/exaudi.org\/wp-content\/uploads\/2021\/05\/Monsenor-Juan-Abelardo-Mata.jpeg","type":"image\/jpeg"}],"author":"Larissa I. L\u00f3pez","twitter_card":"summary_large_image","twitter_creator":"@Exaudi_News","twitter_site":"@Exaudi_News","twitter_misc":{"Escrito por":"Larissa I. L\u00f3pez","Tiempo de lectura":"2 minutos"},"schema":{"@context":"https:\/\/schema.org","@graph":[{"@type":"Article","@id":"https:\/\/exaudi.org\/es\/nicaragua-obispo-de-esteli-preocupado-por-la-situacion-del-pais\/#article","isPartOf":{"@id":"https:\/\/exaudi.org\/es\/nicaragua-obispo-de-esteli-preocupado-por-la-situacion-del-pais\/"},"author":{"name":"Larissa I. L\u00f3pez","@id":"https:\/\/exaudi.org\/#\/schema\/person\/7d2f77db033c2c0929edfab6dbe8c588"},"headline":"Nicaragua: Obispo de Estel\u00ed preocupado por el pa\u00eds","datePublished":"2021-05-19T14:43:53+00:00","dateModified":"2021-05-19T14:48:02+00:00","mainEntityOfPage":{"@id":"https:\/\/exaudi.org\/es\/nicaragua-obispo-de-esteli-preocupado-por-la-situacion-del-pais\/"},"wordCount":404,"commentCount":1,"image":{"@id":"https:\/\/exaudi.org\/es\/nicaragua-obispo-de-esteli-preocupado-por-la-situacion-del-pais\/#primaryimage"},"thumbnailUrl":"https:\/\/exaudi.org\/wp-content\/uploads\/2021\/05\/Monsenor-Juan-Abelardo-Mata.jpeg","keywords":["Elecciones Nicaragua 2021","Monse\u00f1or Juan Abelardo Mata","Nicaragua"],"articleSection":["Iglesia Local","Justicia y Paz","\u00daltimas noticias"],"inLanguage":"es","potentialAction":[{"@type":"CommentAction","name":"Comment","target":["https:\/\/exaudi.org\/es\/nicaragua-obispo-de-esteli-preocupado-por-la-situacion-del-pais\/#respond"]}]},{"@type":"WebPage","@id":"https:\/\/exaudi.org\/es\/nicaragua-obispo-de-esteli-preocupado-por-la-situacion-del-pais\/","url":"https:\/\/exaudi.org\/es\/nicaragua-obispo-de-esteli-preocupado-por-la-situacion-del-pais\/","name":"Nicaragua: Obispo de Estel\u00ed preocupado por el pa\u00eds &#8211; Exaudi","isPartOf":{"@id":"https:\/\/exaudi.org\/#website"},"primaryImageOfPage":{"@id":"https:\/\/exaudi.org\/es\/nicaragua-obispo-de-esteli-preocupado-por-la-situacion-del-pais\/#primaryimage"},"image":{"@id":"https:\/\/exaudi.org\/es\/nicaragua-obispo-de-esteli-preocupado-por-la-situacion-del-pais\/#primaryimage"},"thumbnailUrl":"https:\/\/exaudi.org\/wp-content\/uploads\/2021\/05\/Monsenor-Juan-Abelardo-Mata.jpeg","datePublished":"2021-05-19T14:43:53+00:00","dateModified":"2021-05-19T14:48:02+00:00","author":{"@id":"https:\/\/exaudi.org\/#\/schema\/person\/7d2f77db033c2c0929edfab6dbe8c588"},"description":"Nicaragua: El obispo de la di\u00f3cesis de Estel\u00ed, ha expresado su preocupaci\u00f3n ante la crispaci\u00f3n de cara a las pr\u00f3ximas elecciones de noviembre","breadcrumb":{"@id":"https:\/\/exaudi.org\/es\/nicaragua-obispo-de-esteli-preocupado-por-la-situacion-del-pais\/#breadcrumb"},"inLanguage":"es","potentialAction":[{"@type":"ReadAction","target":["https:\/\/exaudi.org\/es\/nicaragua-obispo-de-esteli-preocupado-por-la-situacion-del-pais\/"]}]},{"@type":"ImageObject","inLanguage":"es","@id":"https:\/\/exaudi.org\/es\/nicaragua-obispo-de-esteli-preocupado-por-la-situacion-del-pais\/#primaryimage","url":"https:\/\/exaudi.org\/wp-content\/uploads\/2021\/05\/Monsenor-Juan-Abelardo-Mata.jpeg","contentUrl":"https:\/\/exaudi.org\/wp-content\/uploads\/2021\/05\/Monsenor-Juan-Abelardo-Mata.jpeg","width":1280,"height":720,"caption":"Monse\u00f1or Juan Abelardo Mata \u00a9 CELAM"},{"@type":"BreadcrumbList","@id":"https:\/\/exaudi.org\/es\/nicaragua-obispo-de-esteli-preocupado-por-la-situacion-del-pais\/#breadcrumb","itemListElement":[{"@type":"ListItem","position":1,"name":"Portada","item":"https:\/\/exaudi.org\/es\/"},{"@type":"ListItem","position":2,"name":"Nicaragua: Obispo de Estel\u00ed preocupado por el pa\u00eds"}]},{"@type":"WebSite","@id":"https:\/\/exaudi.org\/#website","url":"https:\/\/exaudi.org\/","name":"Exaudi","description":"News","potentialAction":[{"@type":"SearchAction","target":{"@type":"EntryPoint","urlTemplate":"https:\/\/exaudi.org\/?s={search_term_string}"},"query-input":{"@type":"PropertyValueSpecification","valueRequired":true,"valueName":"search_term_string"}}],"inLanguage":"es"},{"@type":"Person","@id":"https:\/\/exaudi.org\/#\/schema\/person\/7d2f77db033c2c0929edfab6dbe8c588","name":"Larissa I. L\u00f3pez","image":{"@type":"ImageObject","inLanguage":"es","@id":"https:\/\/secure.gravatar.com\/avatar\/db3ef399ff343d0bb9d25dc5198bc8ece5ac6d621eca79876697a354dabc1e3f?s=96&d=mm&r=g","url":"https:\/\/secure.gravatar.com\/avatar\/db3ef399ff343d0bb9d25dc5198bc8ece5ac6d621eca79876697a354dabc1e3f?s=96&d=mm&r=g","contentUrl":"https:\/\/secure.gravatar.com\/avatar\/db3ef399ff343d0bb9d25dc5198bc8ece5ac6d621eca79876697a354dabc1e3f?s=96&d=mm&r=g","caption":"Larissa I. L\u00f3pez"},"description":"Doctora en Comunicaci\u00f3n. Mi trayectoria profesional ha transcurrido entre el \u00e1mbito de la comunicaci\u00f3n y el de la docencia. En los \u00faltimos a\u00f1os, he trabajado como coordinadora y redactora de la edici\u00f3n de ZENIT en espa\u00f1ol. Como profesora, he impartido clases en la universidad y en centros de FP y bachillerato. Cordobesa de nacimiento, tambi\u00e9n he vivido en Sevilla, Madrid y Roma","url":"https:\/\/exaudi.org\/es\/author\/llopezexaudi-org\/"}]}},"jetpack_featured_media_url":"https:\/\/exaudi.org\/wp-content\/uploads\/2021\/05\/Monsenor-Juan-Abelardo-Mata.jpeg","jetpack_shortlink":"https:\/\/wp.me\/pgKjF2-4E0","_links":{"self":[{"href":"https:\/\/exaudi.org\/es\/wp-json\/wp\/v2\/posts\/17856","targetHints":{"allow":["GET"]}}],"collection":[{"href":"https:\/\/exaudi.org\/es\/wp-json\/wp\/v2\/posts"}],"about":[{"href":"https:\/\/exaudi.org\/es\/wp-json\/wp\/v2\/types\/post"}],"author":[{"embeddable":true,"href":"https:\/\/exaudi.org\/es\/wp-json\/wp\/v2\/users\/5"}],"replies":[{"embeddable":true,"href":"https:\/\/exaudi.org\/es\/wp-json\/wp\/v2\/comments?post=17856"}],"version-history":[{"count":0,"href":"https:\/\/exaudi.org\/es\/wp-json\/wp\/v2\/posts\/17856\/revisions"}],"wp:featuredmedia":[{"embeddable":true,"href":"https:\/\/exaudi.org\/es\/wp-json\/wp\/v2\/media\/17858"}],"wp:attachment":[{"href":"https:\/\/exaudi.org\/es\/wp-json\/wp\/v2\/media?parent=17856"}],"wp:term":[{"taxonomy":"category","embeddable":true,"href":"https:\/\/exaudi.org\/es\/wp-json\/wp\/v2\/categories?post=17856"},{"taxonomy":"post_tag","embeddable":true,"href":"https:\/\/exaudi.org\/es\/wp-json\/wp\/v2\/tags?post=17856"}],"curies":[{"name":"wp","href":"https:\/\/api.w.org\/{rel}","templated":true}]}}