{"id":17854,"date":"2021-05-19T16:53:36","date_gmt":"2021-05-19T14:53:36","guid":{"rendered":"https:\/\/exaudi.org\/?p=17854"},"modified":"2021-05-20T12:24:38","modified_gmt":"2021-05-20T10:24:38","slug":"38-asamblea-celam-cardenal-ouellet","status":"publish","type":"post","link":"https:\/\/exaudi.org\/es\/38-asamblea-celam-cardenal-ouellet\/","title":{"rendered":"38\u00aa Asamblea del CELAM: Palabras del cardenal Ouellet"},"content":{"rendered":"<p>El <a href=\"https:\/\/exaudi.org\/es\/cardenal-ouellet-exaudi-sacerdotes-espiritual-paternidad-fundamental\/\" target=\"_blank\" rel=\"noopener noreferrer\">cardenal Marc Ouellet<\/a>, prefecto de la <a href=\"https:\/\/www.vatican.va\/roman_curia\/congregations\/cbishops\/index_sp.htm\" target=\"_blank\" rel=\"noopener noreferrer\">Congregaci\u00f3n para los Obispos<\/a> y presidente de la <a href=\"http:\/\/www.americalatina.va\/content\/americalatina\/es.html\" target=\"_blank\" rel=\"noopener noreferrer\">Pontificia Comisi\u00f3n para Am\u00e9rica Latina<\/a>, manifest\u00f3 su confianza en que los frutos de la <a href=\"https:\/\/exaudi.org\/es\/asamblea-eclesial-america-latina-redes-sociales\/\" target=\"_blank\" rel=\"noopener noreferrer\">Asamblea Eclesial de Am\u00e9rica Latina y el Caribe<\/a>, \u201cdespu\u00e9s de un tiempo de escucha y reflexi\u00f3n, sean signo de una Iglesia en continua conversi\u00f3n pastoral y misionera que crece en la vivencia y la transmisi\u00f3n de la fe, la esperanza y la caridad\u201d.<\/p>\n<p>Seg\u00fan inform\u00f3 ayer, 18 de mayo de 2021, en una nota el <a href=\"https:\/\/prensacelam.org\/\" target=\"_blank\" rel=\"noopener noreferrer\">Consejo Episcopal Latinoamericano (CELAM)<\/a>, las palabras del purpurado fueron expresadas en la sesi\u00f3n inaugural de la <a href=\"https:\/\/exaudi.org\/es\/38-asamblea-del-celam-mensaje-de-apertura\/\" target=\"_blank\" rel=\"noopener noreferrer\">38\u00aa Asamblea General del CELAM<\/a>, que se lleva a cabo del 18 al 21 de mayo. Mons. Oullet observa con alegr\u00eda y gratitud el esfuerzo realizado por el Consejo, a pesar de la pandemia, de adelantar lo referente al <a href=\"https:\/\/exaudi.org\/es\/celam-9-principios-proceso-renovacion\/\" target=\"_blank\" rel=\"noopener noreferrer\">proceso de renovaci\u00f3n del organismo eclesial<\/a>.<\/p>\n<h4><strong>Referencia del Papa Francisco<\/strong><\/h4>\n<p>En esta l\u00ednea, el purpurado recuper\u00f3 algunas de las palabras dichas por el Santo Padre en diferentes espacios, oportunas en el marco de la Asamblea General del CELAM: Recordando el mensaje del Pont\u00edfice al SEDAC en 2019, reiter\u00f3 la necesidad de superar la tentaci\u00f3n de quedarse en la denuncia para pasar al anuncio de la vida nueva que ofrece Jesucristo, y anim\u00f3 a construir puentes entre comunidades eclesiales.<\/p>\n<p>Asimismo, aludiendo a uno de los mensajes del Papa durante la Jornada Mundial de la Juventud en R\u00edo de Janeiro en 2013, el prefecto insisti\u00f3 en la necesidad de mantener activo el compromiso adquirido en la Aparecida, teniendo presente que la b\u00fasqueda de la unidad es un imperativo.<\/p>\n<p>Del mismo modo, se refiri\u00f3 al reciente\u00a0<a href=\"https:\/\/exaudi.org\/es\/motu-proprio-papa-institucion-ministerio-catequista\/\" target=\"_blank\" rel=\"noopener noreferrer\"><em>Motu proprio <\/em><em>Antiquum ministerium <\/em><\/a>para reiterar la importancia del\u00a0compromiso misionero, por lo que conf\u00eda en que la implementaci\u00f3n de la nueva reestructuraci\u00f3n del CELAM resalte el servicio desde abajo y la comuni\u00f3n entre todos, porque el cambio de los corazones surge como fruto de la misionalidad.<\/p>\n<p>Finalmente, se\u00f1ala la nota del CELAM, el prefecto abog\u00f3 porque este proceso se viva en un verdadero clima de oraci\u00f3n y discernimiento que lleve a la Iglesia latinoamericana a reflexionar sobre la importancia de trabajar por una verdadera cultura vocacional que fortalezca el camino de laicos y consagrados en su encuentro con Dios.<\/p>\n","protected":false},"excerpt":{"rendered":"<p>En la sesi\u00f3n inaugural <\/p>\n","protected":false},"author":6,"featured_media":17866,"comment_status":"closed","ping_status":"closed","sticky":false,"template":"","format":"standard","meta":{"_acf_changed":false,"_crdt_document":"","inline_featured_image":false,"footnotes":""},"categories":[86,298,132],"tags":[252,1613],"class_list":["post-17854","post","type-post","status-publish","format-standard","has-post-thumbnail","hentry","category-iglesia-local","category-ultimas-noticias","category-vaticano-es","tag-asamblea-eclesial-de-america-latina-y-el-caribe","tag-cardenal-marc-ouellet"],"acf":[],"yoast_head":"<!-- This site is optimized with the Yoast SEO plugin v27.5 - https:\/\/yoast.com\/product\/yoast-seo-wordpress\/ -->\n<title>38\u00aa Asamblea del CELAM: Palabras del cardenal Ouellet<\/title>\n<meta name=\"description\" content=\"El cardenal Ouellet, prefecto de la Congregaci\u00f3n de Obispos, intervino en la sesi\u00f3n inaugural de la 38\u00aa Asamblea General del CELAM\" \/>\n<meta name=\"robots\" content=\"index, follow, max-snippet:-1, max-image-preview:large, max-video-preview:-1\" \/>\n<link rel=\"canonical\" href=\"https:\/\/exaudi.org\/es\/38-asamblea-celam-cardenal-ouellet\/\" \/>\n<meta property=\"og:locale\" content=\"es_ES\" \/>\n<meta property=\"og:type\" content=\"article\" \/>\n<meta property=\"og:title\" content=\"38\u00aa Asamblea del CELAM: Palabras del cardenal Ouellet\" \/>\n<meta property=\"og:description\" content=\"El cardenal Ouellet, prefecto de la Congregaci\u00f3n de Obispos, intervino en la sesi\u00f3n inaugural de la 38\u00aa Asamblea General del CELAM\" \/>\n<meta property=\"og:url\" content=\"https:\/\/exaudi.org\/es\/38-asamblea-celam-cardenal-ouellet\/\" \/>\n<meta property=\"og:site_name\" content=\"Exaudi\" \/>\n<meta property=\"article:publisher\" content=\"https:\/\/www.facebook.com\/ExaudiNews\" \/>\n<meta property=\"article:published_time\" content=\"2021-05-19T14:53:36+00:00\" \/>\n<meta property=\"article:modified_time\" content=\"2021-05-20T10:24:38+00:00\" \/>\n<meta property=\"og:image\" content=\"https:\/\/exaudi.org\/wp-content\/uploads\/2021\/05\/234c2.jpeg\" \/>\n\t<meta property=\"og:image:width\" content=\"724\" \/>\n\t<meta property=\"og:image:height\" content=\"406\" \/>\n\t<meta property=\"og:image:type\" content=\"image\/jpeg\" \/>\n<meta name=\"author\" content=\"Gabriel Sales\" \/>\n<meta name=\"twitter:card\" content=\"summary_large_image\" \/>\n<meta name=\"twitter:creator\" content=\"@habemusman\" \/>\n<meta name=\"twitter:site\" content=\"@Exaudi_News\" \/>\n<meta name=\"twitter:label1\" content=\"Escrito por\" \/>\n\t<meta name=\"twitter:data1\" content=\"Gabriel Sales\" \/>\n\t<meta name=\"twitter:label2\" content=\"Tiempo de lectura\" \/>\n\t<meta name=\"twitter:data2\" content=\"2 minutos\" \/>\n<script type=\"application\/ld+json\" class=\"yoast-schema-graph\">{\"@context\":\"https:\\\/\\\/schema.org\",\"@graph\":[{\"@type\":\"Article\",\"@id\":\"https:\\\/\\\/exaudi.org\\\/es\\\/38-asamblea-celam-cardenal-ouellet\\\/#article\",\"isPartOf\":{\"@id\":\"https:\\\/\\\/exaudi.org\\\/es\\\/38-asamblea-celam-cardenal-ouellet\\\/\"},\"author\":{\"name\":\"Gabriel Sales\",\"@id\":\"https:\\\/\\\/exaudi.org\\\/#\\\/schema\\\/person\\\/d134b96438278131ce90c90c03fda6cd\"},\"headline\":\"38\u00aa Asamblea del CELAM: Palabras del cardenal Ouellet\",\"datePublished\":\"2021-05-19T14:53:36+00:00\",\"dateModified\":\"2021-05-20T10:24:38+00:00\",\"mainEntityOfPage\":{\"@id\":\"https:\\\/\\\/exaudi.org\\\/es\\\/38-asamblea-celam-cardenal-ouellet\\\/\"},\"wordCount\":395,\"image\":{\"@id\":\"https:\\\/\\\/exaudi.org\\\/es\\\/38-asamblea-celam-cardenal-ouellet\\\/#primaryimage\"},\"thumbnailUrl\":\"https:\\\/\\\/exaudi.org\\\/wp-content\\\/uploads\\\/2021\\\/05\\\/234c2.jpeg\",\"keywords\":[\"Asamblea Eclesial de Am\u00e9rica Latina y el Caribe\",\"Cardenal Marc Ouellet\"],\"articleSection\":[\"Iglesia Local\",\"\u00daltimas noticias\",\"Vaticano\"],\"inLanguage\":\"es\"},{\"@type\":\"WebPage\",\"@id\":\"https:\\\/\\\/exaudi.org\\\/es\\\/38-asamblea-celam-cardenal-ouellet\\\/\",\"url\":\"https:\\\/\\\/exaudi.org\\\/es\\\/38-asamblea-celam-cardenal-ouellet\\\/\",\"name\":\"38\u00aa Asamblea del CELAM: Palabras del cardenal Ouellet\",\"isPartOf\":{\"@id\":\"https:\\\/\\\/exaudi.org\\\/#website\"},\"primaryImageOfPage\":{\"@id\":\"https:\\\/\\\/exaudi.org\\\/es\\\/38-asamblea-celam-cardenal-ouellet\\\/#primaryimage\"},\"image\":{\"@id\":\"https:\\\/\\\/exaudi.org\\\/es\\\/38-asamblea-celam-cardenal-ouellet\\\/#primaryimage\"},\"thumbnailUrl\":\"https:\\\/\\\/exaudi.org\\\/wp-content\\\/uploads\\\/2021\\\/05\\\/234c2.jpeg\",\"datePublished\":\"2021-05-19T14:53:36+00:00\",\"dateModified\":\"2021-05-20T10:24:38+00:00\",\"author\":{\"@id\":\"https:\\\/\\\/exaudi.org\\\/#\\\/schema\\\/person\\\/d134b96438278131ce90c90c03fda6cd\"},\"description\":\"El cardenal Ouellet, prefecto de la Congregaci\u00f3n de Obispos, intervino en la sesi\u00f3n inaugural de la 38\u00aa Asamblea General del CELAM\",\"breadcrumb\":{\"@id\":\"https:\\\/\\\/exaudi.org\\\/es\\\/38-asamblea-celam-cardenal-ouellet\\\/#breadcrumb\"},\"inLanguage\":\"es\",\"potentialAction\":[{\"@type\":\"ReadAction\",\"target\":[\"https:\\\/\\\/exaudi.org\\\/es\\\/38-asamblea-celam-cardenal-ouellet\\\/\"]}]},{\"@type\":\"ImageObject\",\"inLanguage\":\"es\",\"@id\":\"https:\\\/\\\/exaudi.org\\\/es\\\/38-asamblea-celam-cardenal-ouellet\\\/#primaryimage\",\"url\":\"https:\\\/\\\/exaudi.org\\\/wp-content\\\/uploads\\\/2021\\\/05\\\/234c2.jpeg\",\"contentUrl\":\"https:\\\/\\\/exaudi.org\\\/wp-content\\\/uploads\\\/2021\\\/05\\\/234c2.jpeg\",\"width\":724,\"height\":406,\"caption\":\"Cardenal Marc Ouellet \u00a9 Vatican Media\"},{\"@type\":\"BreadcrumbList\",\"@id\":\"https:\\\/\\\/exaudi.org\\\/es\\\/38-asamblea-celam-cardenal-ouellet\\\/#breadcrumb\",\"itemListElement\":[{\"@type\":\"ListItem\",\"position\":1,\"name\":\"Portada\",\"item\":\"https:\\\/\\\/exaudi.org\\\/es\\\/\"},{\"@type\":\"ListItem\",\"position\":2,\"name\":\"38\u00aa Asamblea del CELAM: Palabras del cardenal Ouellet\"}]},{\"@type\":\"WebSite\",\"@id\":\"https:\\\/\\\/exaudi.org\\\/#website\",\"url\":\"https:\\\/\\\/exaudi.org\\\/\",\"name\":\"Exaudi\",\"description\":\"News\",\"potentialAction\":[{\"@type\":\"SearchAction\",\"target\":{\"@type\":\"EntryPoint\",\"urlTemplate\":\"https:\\\/\\\/exaudi.org\\\/?s={search_term_string}\"},\"query-input\":{\"@type\":\"PropertyValueSpecification\",\"valueRequired\":true,\"valueName\":\"search_term_string\"}}],\"inLanguage\":\"es\"},{\"@type\":\"Person\",\"@id\":\"https:\\\/\\\/exaudi.org\\\/#\\\/schema\\\/person\\\/d134b96438278131ce90c90c03fda6cd\",\"name\":\"Gabriel Sales\",\"image\":{\"@type\":\"ImageObject\",\"inLanguage\":\"es\",\"@id\":\"https:\\\/\\\/secure.gravatar.com\\\/avatar\\\/9b1269566f6a063ed26ffb3532b66a373cdde231ce5d0effb266167437fdaffd?s=96&d=mm&r=g\",\"url\":\"https:\\\/\\\/secure.gravatar.com\\\/avatar\\\/9b1269566f6a063ed26ffb3532b66a373cdde231ce5d0effb266167437fdaffd?s=96&d=mm&r=g\",\"contentUrl\":\"https:\\\/\\\/secure.gravatar.com\\\/avatar\\\/9b1269566f6a063ed26ffb3532b66a373cdde231ce5d0effb266167437fdaffd?s=96&d=mm&r=g\",\"caption\":\"Gabriel Sales\"},\"description\":\"Periodista y especialista en Comunicaci\u00f3n y Branding digital. Cin\u00e9filo y cr\u00edtico de cine y series de televisi\u00f3n.\",\"sameAs\":[\"https:\\\/\\\/www.instagram.com\\\/cine90segundos\\\/\",\"www.linkedin.com\\\/in\\\/habemusman\",\"https:\\\/\\\/x.com\\\/habemusman\",\"https:\\\/\\\/www.youtube.com\\\/channel\\\/UCVfCiOMkJ_C7T7OpyjuaLDg\"],\"url\":\"https:\\\/\\\/exaudi.org\\\/es\\\/author\\\/gsalesexaudi-org\\\/\"}]}<\/script>\n<!-- \/ Yoast SEO plugin. -->","yoast_head_json":{"title":"38\u00aa Asamblea del CELAM: Palabras del cardenal Ouellet","description":"El cardenal Ouellet, prefecto de la Congregaci\u00f3n de Obispos, intervino en la sesi\u00f3n inaugural de la 38\u00aa Asamblea General del CELAM","robots":{"index":"index","follow":"follow","max-snippet":"max-snippet:-1","max-image-preview":"max-image-preview:large","max-video-preview":"max-video-preview:-1"},"canonical":"https:\/\/exaudi.org\/es\/38-asamblea-celam-cardenal-ouellet\/","og_locale":"es_ES","og_type":"article","og_title":"38\u00aa Asamblea del CELAM: Palabras del cardenal Ouellet","og_description":"El cardenal Ouellet, prefecto de la Congregaci\u00f3n de Obispos, intervino en la sesi\u00f3n inaugural de la 38\u00aa Asamblea General del CELAM","og_url":"https:\/\/exaudi.org\/es\/38-asamblea-celam-cardenal-ouellet\/","og_site_name":"Exaudi","article_publisher":"https:\/\/www.facebook.com\/ExaudiNews","article_published_time":"2021-05-19T14:53:36+00:00","article_modified_time":"2021-05-20T10:24:38+00:00","og_image":[{"width":724,"height":406,"url":"https:\/\/exaudi.org\/wp-content\/uploads\/2021\/05\/234c2.jpeg","type":"image\/jpeg"}],"author":"Gabriel Sales","twitter_card":"summary_large_image","twitter_creator":"@habemusman","twitter_site":"@Exaudi_News","twitter_misc":{"Escrito por":"Gabriel Sales","Tiempo de lectura":"2 minutos"},"schema":{"@context":"https:\/\/schema.org","@graph":[{"@type":"Article","@id":"https:\/\/exaudi.org\/es\/38-asamblea-celam-cardenal-ouellet\/#article","isPartOf":{"@id":"https:\/\/exaudi.org\/es\/38-asamblea-celam-cardenal-ouellet\/"},"author":{"name":"Gabriel Sales","@id":"https:\/\/exaudi.org\/#\/schema\/person\/d134b96438278131ce90c90c03fda6cd"},"headline":"38\u00aa Asamblea del CELAM: Palabras del cardenal Ouellet","datePublished":"2021-05-19T14:53:36+00:00","dateModified":"2021-05-20T10:24:38+00:00","mainEntityOfPage":{"@id":"https:\/\/exaudi.org\/es\/38-asamblea-celam-cardenal-ouellet\/"},"wordCount":395,"image":{"@id":"https:\/\/exaudi.org\/es\/38-asamblea-celam-cardenal-ouellet\/#primaryimage"},"thumbnailUrl":"https:\/\/exaudi.org\/wp-content\/uploads\/2021\/05\/234c2.jpeg","keywords":["Asamblea Eclesial de Am\u00e9rica Latina y el Caribe","Cardenal Marc Ouellet"],"articleSection":["Iglesia Local","\u00daltimas noticias","Vaticano"],"inLanguage":"es"},{"@type":"WebPage","@id":"https:\/\/exaudi.org\/es\/38-asamblea-celam-cardenal-ouellet\/","url":"https:\/\/exaudi.org\/es\/38-asamblea-celam-cardenal-ouellet\/","name":"38\u00aa Asamblea del CELAM: Palabras del cardenal Ouellet","isPartOf":{"@id":"https:\/\/exaudi.org\/#website"},"primaryImageOfPage":{"@id":"https:\/\/exaudi.org\/es\/38-asamblea-celam-cardenal-ouellet\/#primaryimage"},"image":{"@id":"https:\/\/exaudi.org\/es\/38-asamblea-celam-cardenal-ouellet\/#primaryimage"},"thumbnailUrl":"https:\/\/exaudi.org\/wp-content\/uploads\/2021\/05\/234c2.jpeg","datePublished":"2021-05-19T14:53:36+00:00","dateModified":"2021-05-20T10:24:38+00:00","author":{"@id":"https:\/\/exaudi.org\/#\/schema\/person\/d134b96438278131ce90c90c03fda6cd"},"description":"El cardenal Ouellet, prefecto de la Congregaci\u00f3n de Obispos, intervino en la sesi\u00f3n inaugural de la 38\u00aa Asamblea General del CELAM","breadcrumb":{"@id":"https:\/\/exaudi.org\/es\/38-asamblea-celam-cardenal-ouellet\/#breadcrumb"},"inLanguage":"es","potentialAction":[{"@type":"ReadAction","target":["https:\/\/exaudi.org\/es\/38-asamblea-celam-cardenal-ouellet\/"]}]},{"@type":"ImageObject","inLanguage":"es","@id":"https:\/\/exaudi.org\/es\/38-asamblea-celam-cardenal-ouellet\/#primaryimage","url":"https:\/\/exaudi.org\/wp-content\/uploads\/2021\/05\/234c2.jpeg","contentUrl":"https:\/\/exaudi.org\/wp-content\/uploads\/2021\/05\/234c2.jpeg","width":724,"height":406,"caption":"Cardenal Marc Ouellet \u00a9 Vatican Media"},{"@type":"BreadcrumbList","@id":"https:\/\/exaudi.org\/es\/38-asamblea-celam-cardenal-ouellet\/#breadcrumb","itemListElement":[{"@type":"ListItem","position":1,"name":"Portada","item":"https:\/\/exaudi.org\/es\/"},{"@type":"ListItem","position":2,"name":"38\u00aa Asamblea del CELAM: Palabras del cardenal Ouellet"}]},{"@type":"WebSite","@id":"https:\/\/exaudi.org\/#website","url":"https:\/\/exaudi.org\/","name":"Exaudi","description":"News","potentialAction":[{"@type":"SearchAction","target":{"@type":"EntryPoint","urlTemplate":"https:\/\/exaudi.org\/?s={search_term_string}"},"query-input":{"@type":"PropertyValueSpecification","valueRequired":true,"valueName":"search_term_string"}}],"inLanguage":"es"},{"@type":"Person","@id":"https:\/\/exaudi.org\/#\/schema\/person\/d134b96438278131ce90c90c03fda6cd","name":"Gabriel Sales","image":{"@type":"ImageObject","inLanguage":"es","@id":"https:\/\/secure.gravatar.com\/avatar\/9b1269566f6a063ed26ffb3532b66a373cdde231ce5d0effb266167437fdaffd?s=96&d=mm&r=g","url":"https:\/\/secure.gravatar.com\/avatar\/9b1269566f6a063ed26ffb3532b66a373cdde231ce5d0effb266167437fdaffd?s=96&d=mm&r=g","contentUrl":"https:\/\/secure.gravatar.com\/avatar\/9b1269566f6a063ed26ffb3532b66a373cdde231ce5d0effb266167437fdaffd?s=96&d=mm&r=g","caption":"Gabriel Sales"},"description":"Periodista y especialista en Comunicaci\u00f3n y Branding digital. Cin\u00e9filo y cr\u00edtico de cine y series de televisi\u00f3n.","sameAs":["https:\/\/www.instagram.com\/cine90segundos\/","www.linkedin.com\/in\/habemusman","https:\/\/x.com\/habemusman","https:\/\/www.youtube.com\/channel\/UCVfCiOMkJ_C7T7OpyjuaLDg"],"url":"https:\/\/exaudi.org\/es\/author\/gsalesexaudi-org\/"}]}},"jetpack_featured_media_url":"https:\/\/exaudi.org\/wp-content\/uploads\/2021\/05\/234c2.jpeg","jetpack_shortlink":"https:\/\/wp.me\/pgKjF2-4DY","_links":{"self":[{"href":"https:\/\/exaudi.org\/es\/wp-json\/wp\/v2\/posts\/17854","targetHints":{"allow":["GET"]}}],"collection":[{"href":"https:\/\/exaudi.org\/es\/wp-json\/wp\/v2\/posts"}],"about":[{"href":"https:\/\/exaudi.org\/es\/wp-json\/wp\/v2\/types\/post"}],"author":[{"embeddable":true,"href":"https:\/\/exaudi.org\/es\/wp-json\/wp\/v2\/users\/6"}],"replies":[{"embeddable":true,"href":"https:\/\/exaudi.org\/es\/wp-json\/wp\/v2\/comments?post=17854"}],"version-history":[{"count":0,"href":"https:\/\/exaudi.org\/es\/wp-json\/wp\/v2\/posts\/17854\/revisions"}],"wp:featuredmedia":[{"embeddable":true,"href":"https:\/\/exaudi.org\/es\/wp-json\/wp\/v2\/media\/17866"}],"wp:attachment":[{"href":"https:\/\/exaudi.org\/es\/wp-json\/wp\/v2\/media?parent=17854"}],"wp:term":[{"taxonomy":"category","embeddable":true,"href":"https:\/\/exaudi.org\/es\/wp-json\/wp\/v2\/categories?post=17854"},{"taxonomy":"post_tag","embeddable":true,"href":"https:\/\/exaudi.org\/es\/wp-json\/wp\/v2\/tags?post=17854"}],"curies":[{"name":"wp","href":"https:\/\/api.w.org\/{rel}","templated":true}]}}