{"id":17767,"date":"2021-06-19T10:30:11","date_gmt":"2021-06-19T08:30:11","guid":{"rendered":"https:\/\/exaudi.org\/?p=17767"},"modified":"2021-06-25T02:48:05","modified_gmt":"2021-06-25T00:48:05","slug":"papa-virtudes-heroicas-robert-schuman-padre-ue","status":"publish","type":"post","link":"https:\/\/exaudi.org\/es\/papa-virtudes-heroicas-robert-schuman-padre-ue\/","title":{"rendered":"Reconocidas virtudes heroicas de Schuman, padre de la UE"},"content":{"rendered":"<p><span style=\"font-weight: 400;\">El Papa Francisco ha reconocido las virtudes heroicas del siervo de Dios Robert Schuman, fiel laico nacido en Luxemburgo, considerado como uno de los padres de la Uni\u00f3n Europea (UE), y de la sierva de Dios Mar\u00eda Estrella de Jes\u00fas, hermana profesa de la Congregaci\u00f3n de las Religiosas de Mar\u00eda Inmaculada nacida en Espa\u00f1a.<\/span><\/p>\n<p><span style=\"font-weight: 400;\">Hoy s\u00e1bado 19 de junio de 2021, el Santo Padre ha recibido en audiencia al cardenal Marcello Semeraro, prefecto de la <\/span><a href=\"http:\/\/www.causesanti.va\/it.html\"><span style=\"font-weight: 400;\">Congregaci\u00f3n de las Causas de los Santos<\/span><\/a><span style=\"font-weight: 400;\">, y han aprobado un total de siete decretos, entre los que se encuentran los dos anteriores.<\/span><\/p>\n<h4><b>Virtudes heroicas<\/b><\/h4>\n<p><span style=\"font-weight: 400;\">El reconoci<\/span><span style=\"font-weight: 400;\">miento de las <\/span><a href=\"https:\/\/exaudi.org\/es\/espana-papa-virtudes-heroicas-cosme-munoz-salvador-parra-2021\/\"><span style=\"font-weight: 400;\">virtudes heroicas<\/span><\/a><span style=\"font-weight: 400;\"> de una persona otorga el t\u00edtulo de venerable. Esta condici\u00f3n ratifica que un fallecido vivi\u00f3 las virtudes teologales (fe, esperanza y caridad), las cardinales (fortaleza, prudencia, templanza y justicia) y todas las dem\u00e1s virtudes de manera heroica, es decir, extraordinaria.<\/span><\/p>\n<p><span style=\"font-weight: 400;\">Ser venerable consiste en el primer paso en el proceso oficial de la causa de los santos, antes de ser proclamado beato y santo. Los criterios por los que se consideraba \u201csanta\u201d a una persona son: su reputaci\u00f3n entre la gente (\u201cfama de santidad\u201d); el ejemplo de su vida como modelo de virtud heroica; y su poder de obrar milagros, en especial aquellos producidos p\u00f3stumamente sobre las tumbas o a trav\u00e9s de las reliquias.<\/span><\/p>\n<h4><b>Causa por martirio<\/b><\/h4>\n<p><span style=\"font-weight: 400;\">Una causa de santidad introducida por motivo de martirio se centra en el momento de la muerte del siervo de Dios, pues se trata de demostrar que muri\u00f3 por odio a la fe.<\/span><\/p>\n<p><span style=\"font-weight: 400;\">Si la causa de beatificaci\u00f3n se sigue por la v\u00eda de martirio, no se procede a la declaraci\u00f3n de venerable. El reconocimiento del martirio abre el camino para la beatificaci\u00f3n de ese siervo de Dios. Un milagro, posterior a la proclamaci\u00f3n de beato, solo ser\u00e1 necesario para la eventual canonizaci\u00f3n.<\/span><\/p>\n<p><span style=\"font-weight: 400;\">Asimismo, tal y como informa una nota de la Santa Sede, durante la audiencia, el Sumo Pont\u00edfice confirm\u00f3 las conclusiones de la Sesi\u00f3n ordinaria de los cardenales y obispos, miembros de la Congregaci\u00f3n, y decidi\u00f3 extender a la Iglesia universal el culto a la beata Margarita de Citt\u00e0 di Castello, de la Tercera Orden de los Frailes Predicadores; nacida hacia 1287 en Metola (Italia) y fallecida en Citt\u00e0 di Castello (Italia) el 13 de abril de 1320, inscribi\u00e9ndola en el Cat\u00e1logo de los Santos (canonizaci\u00f3n equivalente).<\/span><\/p>\n<h4><b>Decretos<\/b><\/h4>\n<p><span style=\"font-weight: 400;\">Tal y como inform\u00f3 la Oficina de Prensa de la Santa Sede, los decretos son los siguientes:\u00a0<\/span><\/p>\n<p><span style=\"font-weight: 400;\">&#8211; el milagro atribuido a la intercesi\u00f3n del Venerable Siervo de Dios Johann Philipp Jeningen, sacerdote profeso de la Compa\u00f1\u00eda de Jes\u00fas; nacido el 5 de enero de 1642 en Eichst\u00e4tt (Alemania) y fallecido en Ellwangen (Alemania) el 8 de febrero de 1704.<\/span><\/p>\n<p><span style=\"font-weight: 400;\">&#8211; el martirio de las Siervas de Dios Maria Paschalis Jahn (nacida Mar\u00eda Magdalena) y 9 compa\u00f1eras, religiosas profesas de la Congregaci\u00f3n de las Hermanas de Santa Isabel, asesinadas por odio a la Fe en Polonia en 1945.<\/span><\/p>\n<p><span style=\"font-weight: 400;\">&#8211; las virtudes heroicas del Siervo de Dios Severino Fabriani, sacerdote diocesano, fundador de la Congregaci\u00f3n de las \u00abHijas de la Providencia para sordomudos\u00bb; nacido el 7 de enero de 1792 en Spilamberto (Italia) y fallecido en M\u00f3dena (Italia) el 27 de agosto de 1849.<\/span><\/p>\n<p><span style=\"font-weight: 400;\">&#8211; las virtudes heroicas de la Sierva de Dios Angela Rosa Godecka, Fundadora de la Congregaci\u00f3n de las Hermanitas del Inmaculado Coraz\u00f3n de Mar\u00eda; nacida el 13 de septiembre de 1861 en Korczew nad Wolga (Rusia) y fallecida en Cz\u0119stochowa (Polonia) el 13 de octubre de 1937.<\/span><\/p>\n<p><span style=\"font-weight: 400;\">&#8211; las virtudes heroicas de la Sierva de Dios Orsola Donati, religiosa profesa de la Congregaci\u00f3n de las Hermanas M\u00ednimas de Nuestra Se\u00f1ora de los Dolores; nacida el 22 de octubre de 1849 en Anzola dell&#8217;Emilia (Italia) y fallecida en Budrie di San Giovanni in Persiceto (Italia) el 8 de abril de 1935.<\/span><\/p>\n<p><span style=\"font-weight: 400;\">&#8211; las virtudes heroicas de la Sierva de Dios Mar\u00eda Estrella de Jes\u00fas (nacida Mar\u00eda Aurelia Iglesias Fidalgo), hermana profesa de la Congregaci\u00f3n de las Religiosas de Mar\u00eda Inmaculada; nacida el 12 de abril de 1899 en Colunga (Espa\u00f1a) y fallecida en Granada (Espa\u00f1a) el 24 de noviembre de 1982.<\/span><\/p>\n<p><span style=\"font-weight: 400;\">&#8211; las virtudes heroicas del Siervo de Dios Robert Schuman, fiel laico; nacido el 29 de junio de 1886 en Clausen (Luxemburgo) y fallecido en Scy-Chazelles (Francia) el 4 de septiembre de 1963.<\/span><\/p>\n","protected":false},"excerpt":{"rendered":"<p>Y de la hermana Mar\u00eda Estrella de Jes\u00fas<\/p>\n","protected":false},"author":6,"featured_media":24148,"comment_status":"closed","ping_status":"closed","sticky":false,"template":"","format":"standard","meta":{"_acf_changed":false,"_crdt_document":"","inline_featured_image":false,"footnotes":""},"categories":[134,59],"tags":[1634,3016,3017,2495],"class_list":["post-17767","post","type-post","status-publish","format-standard","has-post-thumbnail","hentry","category-causas-de-santos","category-featured-news","tag-congregacion-para-las-causas-de-los-santos","tag-maria-estrella-de-jesus-es","tag-robert-schuman-es-2","tag-virtudes-heroicas"],"acf":[],"yoast_head":"<!-- This site is optimized with the Yoast SEO plugin v27.5 - https:\/\/yoast.com\/product\/yoast-seo-wordpress\/ -->\n<title>Reconocidas virtudes heroicas de Schuman, padre de la UE<\/title>\n<meta name=\"description\" content=\"El Papa Francisco ha reconocido las virtudes heroicas de Robert Schuman, considerado como uno de los padres fundadores de la Uni\u00f3n Europea.\" \/>\n<meta name=\"robots\" content=\"index, follow, max-snippet:-1, max-image-preview:large, max-video-preview:-1\" \/>\n<link rel=\"canonical\" href=\"https:\/\/exaudi.org\/es\/papa-virtudes-heroicas-robert-schuman-padre-ue\/\" \/>\n<meta property=\"og:locale\" content=\"es_ES\" \/>\n<meta property=\"og:type\" content=\"article\" \/>\n<meta property=\"og:title\" content=\"Reconocidas virtudes heroicas de Schuman, padre de la UE\" \/>\n<meta property=\"og:description\" content=\"El Papa Francisco ha reconocido las virtudes heroicas de Robert Schuman, considerado como uno de los padres fundadores de la Uni\u00f3n Europea.\" \/>\n<meta property=\"og:url\" content=\"https:\/\/exaudi.org\/es\/papa-virtudes-heroicas-robert-schuman-padre-ue\/\" \/>\n<meta property=\"og:site_name\" content=\"Exaudi\" \/>\n<meta property=\"article:publisher\" content=\"https:\/\/www.facebook.com\/ExaudiNews\" \/>\n<meta property=\"article:published_time\" content=\"2021-06-19T08:30:11+00:00\" \/>\n<meta property=\"article:modified_time\" content=\"2021-06-25T00:48:05+00:00\" \/>\n<meta property=\"og:image\" content=\"https:\/\/exaudi.org\/wp-content\/uploads\/2021\/06\/23vvvvv-2.jpeg\" \/>\n\t<meta property=\"og:image:width\" content=\"703\" \/>\n\t<meta property=\"og:image:height\" content=\"394\" \/>\n\t<meta property=\"og:image:type\" content=\"image\/jpeg\" \/>\n<meta name=\"author\" content=\"Gabriel Sales\" \/>\n<meta name=\"twitter:card\" content=\"summary_large_image\" \/>\n<meta name=\"twitter:creator\" content=\"@habemusman\" \/>\n<meta name=\"twitter:site\" content=\"@Exaudi_News\" \/>\n<meta name=\"twitter:label1\" content=\"Escrito por\" \/>\n\t<meta name=\"twitter:data1\" content=\"Gabriel Sales\" \/>\n\t<meta name=\"twitter:label2\" content=\"Tiempo de lectura\" \/>\n\t<meta name=\"twitter:data2\" content=\"4 minutos\" \/>\n<script type=\"application\/ld+json\" class=\"yoast-schema-graph\">{\"@context\":\"https:\\\/\\\/schema.org\",\"@graph\":[{\"@type\":\"Article\",\"@id\":\"https:\\\/\\\/exaudi.org\\\/es\\\/papa-virtudes-heroicas-robert-schuman-padre-ue\\\/#article\",\"isPartOf\":{\"@id\":\"https:\\\/\\\/exaudi.org\\\/es\\\/papa-virtudes-heroicas-robert-schuman-padre-ue\\\/\"},\"author\":{\"name\":\"Gabriel Sales\",\"@id\":\"https:\\\/\\\/exaudi.org\\\/#\\\/schema\\\/person\\\/d134b96438278131ce90c90c03fda6cd\"},\"headline\":\"Reconocidas virtudes heroicas de Schuman, padre de la UE\",\"datePublished\":\"2021-06-19T08:30:11+00:00\",\"dateModified\":\"2021-06-25T00:48:05+00:00\",\"mainEntityOfPage\":{\"@id\":\"https:\\\/\\\/exaudi.org\\\/es\\\/papa-virtudes-heroicas-robert-schuman-padre-ue\\\/\"},\"wordCount\":748,\"image\":{\"@id\":\"https:\\\/\\\/exaudi.org\\\/es\\\/papa-virtudes-heroicas-robert-schuman-padre-ue\\\/#primaryimage\"},\"thumbnailUrl\":\"https:\\\/\\\/exaudi.org\\\/wp-content\\\/uploads\\\/2021\\\/06\\\/23vvvvv-2.jpeg\",\"keywords\":[\"Congregaci\u00f3n para las Causas de los Santos\",\"Mar\u00eda Estrella de Jes\u00fas\",\"robert schuman\",\"Virtudes heroicas\"],\"articleSection\":[\"Causas de Santos\",\"Featured News\"],\"inLanguage\":\"es\"},{\"@type\":\"WebPage\",\"@id\":\"https:\\\/\\\/exaudi.org\\\/es\\\/papa-virtudes-heroicas-robert-schuman-padre-ue\\\/\",\"url\":\"https:\\\/\\\/exaudi.org\\\/es\\\/papa-virtudes-heroicas-robert-schuman-padre-ue\\\/\",\"name\":\"Reconocidas virtudes heroicas de Schuman, padre de la UE\",\"isPartOf\":{\"@id\":\"https:\\\/\\\/exaudi.org\\\/#website\"},\"primaryImageOfPage\":{\"@id\":\"https:\\\/\\\/exaudi.org\\\/es\\\/papa-virtudes-heroicas-robert-schuman-padre-ue\\\/#primaryimage\"},\"image\":{\"@id\":\"https:\\\/\\\/exaudi.org\\\/es\\\/papa-virtudes-heroicas-robert-schuman-padre-ue\\\/#primaryimage\"},\"thumbnailUrl\":\"https:\\\/\\\/exaudi.org\\\/wp-content\\\/uploads\\\/2021\\\/06\\\/23vvvvv-2.jpeg\",\"datePublished\":\"2021-06-19T08:30:11+00:00\",\"dateModified\":\"2021-06-25T00:48:05+00:00\",\"author\":{\"@id\":\"https:\\\/\\\/exaudi.org\\\/#\\\/schema\\\/person\\\/d134b96438278131ce90c90c03fda6cd\"},\"description\":\"El Papa Francisco ha reconocido las virtudes heroicas de Robert Schuman, considerado como uno de los padres fundadores de la Uni\u00f3n Europea.\",\"breadcrumb\":{\"@id\":\"https:\\\/\\\/exaudi.org\\\/es\\\/papa-virtudes-heroicas-robert-schuman-padre-ue\\\/#breadcrumb\"},\"inLanguage\":\"es\",\"potentialAction\":[{\"@type\":\"ReadAction\",\"target\":[\"https:\\\/\\\/exaudi.org\\\/es\\\/papa-virtudes-heroicas-robert-schuman-padre-ue\\\/\"]}]},{\"@type\":\"ImageObject\",\"inLanguage\":\"es\",\"@id\":\"https:\\\/\\\/exaudi.org\\\/es\\\/papa-virtudes-heroicas-robert-schuman-padre-ue\\\/#primaryimage\",\"url\":\"https:\\\/\\\/exaudi.org\\\/wp-content\\\/uploads\\\/2021\\\/06\\\/23vvvvv-2.jpeg\",\"contentUrl\":\"https:\\\/\\\/exaudi.org\\\/wp-content\\\/uploads\\\/2021\\\/06\\\/23vvvvv-2.jpeg\",\"width\":703,\"height\":394,\"caption\":\"Robert Schuman \u00a9 Vatican Media\"},{\"@type\":\"BreadcrumbList\",\"@id\":\"https:\\\/\\\/exaudi.org\\\/es\\\/papa-virtudes-heroicas-robert-schuman-padre-ue\\\/#breadcrumb\",\"itemListElement\":[{\"@type\":\"ListItem\",\"position\":1,\"name\":\"Portada\",\"item\":\"https:\\\/\\\/exaudi.org\\\/es\\\/\"},{\"@type\":\"ListItem\",\"position\":2,\"name\":\"Reconocidas virtudes heroicas de Schuman, padre de la UE\"}]},{\"@type\":\"WebSite\",\"@id\":\"https:\\\/\\\/exaudi.org\\\/#website\",\"url\":\"https:\\\/\\\/exaudi.org\\\/\",\"name\":\"Exaudi\",\"description\":\"News\",\"potentialAction\":[{\"@type\":\"SearchAction\",\"target\":{\"@type\":\"EntryPoint\",\"urlTemplate\":\"https:\\\/\\\/exaudi.org\\\/?s={search_term_string}\"},\"query-input\":{\"@type\":\"PropertyValueSpecification\",\"valueRequired\":true,\"valueName\":\"search_term_string\"}}],\"inLanguage\":\"es\"},{\"@type\":\"Person\",\"@id\":\"https:\\\/\\\/exaudi.org\\\/#\\\/schema\\\/person\\\/d134b96438278131ce90c90c03fda6cd\",\"name\":\"Gabriel Sales\",\"image\":{\"@type\":\"ImageObject\",\"inLanguage\":\"es\",\"@id\":\"https:\\\/\\\/secure.gravatar.com\\\/avatar\\\/9b1269566f6a063ed26ffb3532b66a373cdde231ce5d0effb266167437fdaffd?s=96&d=mm&r=g\",\"url\":\"https:\\\/\\\/secure.gravatar.com\\\/avatar\\\/9b1269566f6a063ed26ffb3532b66a373cdde231ce5d0effb266167437fdaffd?s=96&d=mm&r=g\",\"contentUrl\":\"https:\\\/\\\/secure.gravatar.com\\\/avatar\\\/9b1269566f6a063ed26ffb3532b66a373cdde231ce5d0effb266167437fdaffd?s=96&d=mm&r=g\",\"caption\":\"Gabriel Sales\"},\"description\":\"Periodista y especialista en Comunicaci\u00f3n y Branding digital. Cin\u00e9filo y cr\u00edtico de cine y series de televisi\u00f3n.\",\"sameAs\":[\"https:\\\/\\\/www.instagram.com\\\/cine90segundos\\\/\",\"www.linkedin.com\\\/in\\\/habemusman\",\"https:\\\/\\\/x.com\\\/habemusman\",\"https:\\\/\\\/www.youtube.com\\\/channel\\\/UCVfCiOMkJ_C7T7OpyjuaLDg\"],\"url\":\"https:\\\/\\\/exaudi.org\\\/es\\\/author\\\/gsalesexaudi-org\\\/\"}]}<\/script>\n<!-- \/ Yoast SEO plugin. -->","yoast_head_json":{"title":"Reconocidas virtudes heroicas de Schuman, padre de la UE","description":"El Papa Francisco ha reconocido las virtudes heroicas de Robert Schuman, considerado como uno de los padres fundadores de la Uni\u00f3n Europea.","robots":{"index":"index","follow":"follow","max-snippet":"max-snippet:-1","max-image-preview":"max-image-preview:large","max-video-preview":"max-video-preview:-1"},"canonical":"https:\/\/exaudi.org\/es\/papa-virtudes-heroicas-robert-schuman-padre-ue\/","og_locale":"es_ES","og_type":"article","og_title":"Reconocidas virtudes heroicas de Schuman, padre de la UE","og_description":"El Papa Francisco ha reconocido las virtudes heroicas de Robert Schuman, considerado como uno de los padres fundadores de la Uni\u00f3n Europea.","og_url":"https:\/\/exaudi.org\/es\/papa-virtudes-heroicas-robert-schuman-padre-ue\/","og_site_name":"Exaudi","article_publisher":"https:\/\/www.facebook.com\/ExaudiNews","article_published_time":"2021-06-19T08:30:11+00:00","article_modified_time":"2021-06-25T00:48:05+00:00","og_image":[{"width":703,"height":394,"url":"https:\/\/exaudi.org\/wp-content\/uploads\/2021\/06\/23vvvvv-2.jpeg","type":"image\/jpeg"}],"author":"Gabriel Sales","twitter_card":"summary_large_image","twitter_creator":"@habemusman","twitter_site":"@Exaudi_News","twitter_misc":{"Escrito por":"Gabriel Sales","Tiempo de lectura":"4 minutos"},"schema":{"@context":"https:\/\/schema.org","@graph":[{"@type":"Article","@id":"https:\/\/exaudi.org\/es\/papa-virtudes-heroicas-robert-schuman-padre-ue\/#article","isPartOf":{"@id":"https:\/\/exaudi.org\/es\/papa-virtudes-heroicas-robert-schuman-padre-ue\/"},"author":{"name":"Gabriel Sales","@id":"https:\/\/exaudi.org\/#\/schema\/person\/d134b96438278131ce90c90c03fda6cd"},"headline":"Reconocidas virtudes heroicas de Schuman, padre de la UE","datePublished":"2021-06-19T08:30:11+00:00","dateModified":"2021-06-25T00:48:05+00:00","mainEntityOfPage":{"@id":"https:\/\/exaudi.org\/es\/papa-virtudes-heroicas-robert-schuman-padre-ue\/"},"wordCount":748,"image":{"@id":"https:\/\/exaudi.org\/es\/papa-virtudes-heroicas-robert-schuman-padre-ue\/#primaryimage"},"thumbnailUrl":"https:\/\/exaudi.org\/wp-content\/uploads\/2021\/06\/23vvvvv-2.jpeg","keywords":["Congregaci\u00f3n para las Causas de los Santos","Mar\u00eda Estrella de Jes\u00fas","robert schuman","Virtudes heroicas"],"articleSection":["Causas de Santos","Featured News"],"inLanguage":"es"},{"@type":"WebPage","@id":"https:\/\/exaudi.org\/es\/papa-virtudes-heroicas-robert-schuman-padre-ue\/","url":"https:\/\/exaudi.org\/es\/papa-virtudes-heroicas-robert-schuman-padre-ue\/","name":"Reconocidas virtudes heroicas de Schuman, padre de la UE","isPartOf":{"@id":"https:\/\/exaudi.org\/#website"},"primaryImageOfPage":{"@id":"https:\/\/exaudi.org\/es\/papa-virtudes-heroicas-robert-schuman-padre-ue\/#primaryimage"},"image":{"@id":"https:\/\/exaudi.org\/es\/papa-virtudes-heroicas-robert-schuman-padre-ue\/#primaryimage"},"thumbnailUrl":"https:\/\/exaudi.org\/wp-content\/uploads\/2021\/06\/23vvvvv-2.jpeg","datePublished":"2021-06-19T08:30:11+00:00","dateModified":"2021-06-25T00:48:05+00:00","author":{"@id":"https:\/\/exaudi.org\/#\/schema\/person\/d134b96438278131ce90c90c03fda6cd"},"description":"El Papa Francisco ha reconocido las virtudes heroicas de Robert Schuman, considerado como uno de los padres fundadores de la Uni\u00f3n Europea.","breadcrumb":{"@id":"https:\/\/exaudi.org\/es\/papa-virtudes-heroicas-robert-schuman-padre-ue\/#breadcrumb"},"inLanguage":"es","potentialAction":[{"@type":"ReadAction","target":["https:\/\/exaudi.org\/es\/papa-virtudes-heroicas-robert-schuman-padre-ue\/"]}]},{"@type":"ImageObject","inLanguage":"es","@id":"https:\/\/exaudi.org\/es\/papa-virtudes-heroicas-robert-schuman-padre-ue\/#primaryimage","url":"https:\/\/exaudi.org\/wp-content\/uploads\/2021\/06\/23vvvvv-2.jpeg","contentUrl":"https:\/\/exaudi.org\/wp-content\/uploads\/2021\/06\/23vvvvv-2.jpeg","width":703,"height":394,"caption":"Robert Schuman \u00a9 Vatican Media"},{"@type":"BreadcrumbList","@id":"https:\/\/exaudi.org\/es\/papa-virtudes-heroicas-robert-schuman-padre-ue\/#breadcrumb","itemListElement":[{"@type":"ListItem","position":1,"name":"Portada","item":"https:\/\/exaudi.org\/es\/"},{"@type":"ListItem","position":2,"name":"Reconocidas virtudes heroicas de Schuman, padre de la UE"}]},{"@type":"WebSite","@id":"https:\/\/exaudi.org\/#website","url":"https:\/\/exaudi.org\/","name":"Exaudi","description":"News","potentialAction":[{"@type":"SearchAction","target":{"@type":"EntryPoint","urlTemplate":"https:\/\/exaudi.org\/?s={search_term_string}"},"query-input":{"@type":"PropertyValueSpecification","valueRequired":true,"valueName":"search_term_string"}}],"inLanguage":"es"},{"@type":"Person","@id":"https:\/\/exaudi.org\/#\/schema\/person\/d134b96438278131ce90c90c03fda6cd","name":"Gabriel Sales","image":{"@type":"ImageObject","inLanguage":"es","@id":"https:\/\/secure.gravatar.com\/avatar\/9b1269566f6a063ed26ffb3532b66a373cdde231ce5d0effb266167437fdaffd?s=96&d=mm&r=g","url":"https:\/\/secure.gravatar.com\/avatar\/9b1269566f6a063ed26ffb3532b66a373cdde231ce5d0effb266167437fdaffd?s=96&d=mm&r=g","contentUrl":"https:\/\/secure.gravatar.com\/avatar\/9b1269566f6a063ed26ffb3532b66a373cdde231ce5d0effb266167437fdaffd?s=96&d=mm&r=g","caption":"Gabriel Sales"},"description":"Periodista y especialista en Comunicaci\u00f3n y Branding digital. Cin\u00e9filo y cr\u00edtico de cine y series de televisi\u00f3n.","sameAs":["https:\/\/www.instagram.com\/cine90segundos\/","www.linkedin.com\/in\/habemusman","https:\/\/x.com\/habemusman","https:\/\/www.youtube.com\/channel\/UCVfCiOMkJ_C7T7OpyjuaLDg"],"url":"https:\/\/exaudi.org\/es\/author\/gsalesexaudi-org\/"}]}},"jetpack_featured_media_url":"https:\/\/exaudi.org\/wp-content\/uploads\/2021\/06\/23vvvvv-2.jpeg","jetpack_shortlink":"https:\/\/wp.me\/pgKjF2-4Cz","_links":{"self":[{"href":"https:\/\/exaudi.org\/es\/wp-json\/wp\/v2\/posts\/17767","targetHints":{"allow":["GET"]}}],"collection":[{"href":"https:\/\/exaudi.org\/es\/wp-json\/wp\/v2\/posts"}],"about":[{"href":"https:\/\/exaudi.org\/es\/wp-json\/wp\/v2\/types\/post"}],"author":[{"embeddable":true,"href":"https:\/\/exaudi.org\/es\/wp-json\/wp\/v2\/users\/6"}],"replies":[{"embeddable":true,"href":"https:\/\/exaudi.org\/es\/wp-json\/wp\/v2\/comments?post=17767"}],"version-history":[{"count":0,"href":"https:\/\/exaudi.org\/es\/wp-json\/wp\/v2\/posts\/17767\/revisions"}],"wp:featuredmedia":[{"embeddable":true,"href":"https:\/\/exaudi.org\/es\/wp-json\/wp\/v2\/media\/24148"}],"wp:attachment":[{"href":"https:\/\/exaudi.org\/es\/wp-json\/wp\/v2\/media?parent=17767"}],"wp:term":[{"taxonomy":"category","embeddable":true,"href":"https:\/\/exaudi.org\/es\/wp-json\/wp\/v2\/categories?post=17767"},{"taxonomy":"post_tag","embeddable":true,"href":"https:\/\/exaudi.org\/es\/wp-json\/wp\/v2\/tags?post=17767"}],"curies":[{"name":"wp","href":"https:\/\/api.w.org\/{rel}","templated":true}]}}