{"id":17758,"date":"2021-06-20T13:42:10","date_gmt":"2021-06-20T11:42:10","guid":{"rendered":"https:\/\/exaudi.org\/?p=17758"},"modified":"2021-06-24T16:48:54","modified_gmt":"2021-06-24T14:48:54","slug":"el-papa-une-su-voz-a-la-de-los-obispos-de-myanmar","status":"publish","type":"post","link":"https:\/\/exaudi.org\/es\/el-papa-une-su-voz-a-la-de-los-obispos-de-myanmar\/","title":{"rendered":"Myanmar: Papa une su voz a la de obispos"},"content":{"rendered":"<p>Tras el rezo del <a href=\"https:\/\/exaudi.org\/es\/papa-francisco-dios-maravillas-nosotros\/\" target=\"_blank\" rel=\"noopener noreferrer\">\u00c1ngelus de este\u00a0domingo<\/a>, 20 de junio de 2021,\u00a0el <a href=\"https:\/\/www.facebook.com\/ExaudiNoticias\/videos\/143255071203992\" target=\"_blank\" rel=\"noopener noreferrer\">Papa Francisco uni\u00f3 su voz<\/a> \u201ca la de los obispos de Myanmar,\u00a0que la semana pasada lanzaron un llamamiento llamando la atenci\u00f3n del mundo entero sobre la desgarradora experiencia de miles de personas que en ese pa\u00eds est\u00e1n desplazados y est\u00e1n muriendo de hambre\u201d.<\/p>\n<p>Asimismo, record\u00f3 la Jornada Mundial del Refugiado que se celebra hoy, promovida por las Naciones Unidas y finalmente, salud\u00f3 a los peregrinos reunidos en la plaza de San Pedro deseando a todos un buen domingo.<\/p>\n<p>A continuaci\u00f3n, siguen las palabras del Papa seg\u00fan la traducci\u00f3n oficial ofrecida por la Oficina de Prensa de la Santa Sede<\/p>\n<p>***<\/p>\n<h4><strong>Palabras despu\u00e9s del\u00a0\u00c1ngelus<\/strong><\/h4>\n<p><em>\u00a1Queridos hermanos y hermanas!<\/em><\/p>\n<p>Uno mi voz a la de los obispos de Myanmar, que la semana pasada lanzaron un llamamiento llamando la atenci\u00f3n del mundo entero sobre la desgarradora experiencia de miles de personas que en ese pa\u00eds est\u00e1n desplazados y est\u00e1n muriendo de hambre: \u201cNosotros suplicamos con toda la gentileza permitir pasillos humanitarios\u201d y que \u201ciglesias, pagodas, monasterios, mezquitas, templos, como tambi\u00e9n escuelas y hospitales\u201d sean respetados como lugares neutrales de refugio. \u00a1El Coraz\u00f3n de Cristo toque los corazones de todos llevando paz a Myanmar!<\/p>\n<p>Hoy se celebra la Jornada Mundial del Refugiado, promovida por las Naciones Unidas, sobre el tema \u201cJuntos podemos hacer la diferencia\u201d. Abramos nuestro coraz\u00f3n a los refugiados; hagamos nuestras sus tristezas y sus alegr\u00edas; \u00a1aprendamos de su valiente resiliencia! Y as\u00ed, todos juntos, haremos crecer una comunidad m\u00e1s humana, una \u00fanica gran familia.<\/p>\n<p>Dirijo una cordial bienvenida a todos vosotros, procedentes de Roma, de Italia y de otros pa\u00edses. Veo peruanos, polacos\u2026 y otros pa\u00edses all\u00ed\u2026 En particular, saludo a la Asociaci\u00f3n Gu\u00edas y Scout Cat\u00f3licos Italianos; la delegaci\u00f3n de madres profesoras en las escuelas italianas, los j\u00f3venes del Centro Padre Nuestro de Palermo, fundado por el beato don Puglisi; los j\u00f3venes de Tremignon y Vaccarino, y los fieles de Niscemi, Bari, Anzio y Villa de Briano.<\/p>\n<p>Os deseo a todos un feliz domingo. Por favor no os olvid\u00e9is de rezar por m\u00ed. \u00a1Buen almuerzo y hasta pronto!<\/p>\n<p><strong>\u00a9 Librer\u00eda Editora Vaticana<\/strong><\/p>\n","protected":false},"excerpt":{"rendered":"<p>Palabras despu\u00e9s del \u00c1ngelus<\/p>\n","protected":false},"author":7,"featured_media":24090,"comment_status":"closed","ping_status":"closed","sticky":false,"template":"","format":"standard","meta":{"_acf_changed":false,"_crdt_document":"","inline_featured_image":false,"footnotes":""},"categories":[70,298],"tags":[],"class_list":["post-17758","post","type-post","status-publish","format-standard","has-post-thumbnail","hentry","category-angelus-es","category-ultimas-noticias"],"acf":[],"yoast_head":"<!-- This site is optimized with the Yoast SEO plugin v27.4 - https:\/\/yoast.com\/product\/yoast-seo-wordpress\/ -->\n<title>Myanmar: Papa une su voz a la de obispos &#8211; Exaudi<\/title>\n<meta name=\"description\" content=\"Tras el rezo del \u00c1ngelus, el Papa uni\u00f3 su voz a la de los obispos de Myanmar,\u00a0que la semana pasada lanzaron un llamamiento al mundo entero\" \/>\n<meta name=\"robots\" content=\"index, follow, max-snippet:-1, max-image-preview:large, max-video-preview:-1\" \/>\n<link rel=\"canonical\" href=\"https:\/\/exaudi.org\/es\/el-papa-une-su-voz-a-la-de-los-obispos-de-myanmar\/\" \/>\n<meta property=\"og:locale\" content=\"es_ES\" \/>\n<meta property=\"og:type\" content=\"article\" \/>\n<meta property=\"og:title\" content=\"Myanmar: Papa une su voz a la de obispos &#8211; Exaudi\" \/>\n<meta property=\"og:description\" content=\"Tras el rezo del \u00c1ngelus, el Papa uni\u00f3 su voz a la de los obispos de Myanmar,\u00a0que la semana pasada lanzaron un llamamiento al mundo entero\" \/>\n<meta property=\"og:url\" content=\"https:\/\/exaudi.org\/es\/el-papa-une-su-voz-a-la-de-los-obispos-de-myanmar\/\" \/>\n<meta property=\"og:site_name\" content=\"Exaudi\" \/>\n<meta property=\"article:publisher\" content=\"https:\/\/www.facebook.com\/ExaudiNews\" \/>\n<meta property=\"article:published_time\" content=\"2021-06-20T11:42:10+00:00\" \/>\n<meta property=\"article:modified_time\" content=\"2021-06-24T14:48:54+00:00\" \/>\n<meta property=\"og:image\" content=\"https:\/\/exaudi.org\/wp-content\/uploads\/2021\/06\/1624546116325.jpg\" \/>\n\t<meta property=\"og:image:width\" content=\"1600\" \/>\n\t<meta property=\"og:image:height\" content=\"1066\" \/>\n\t<meta property=\"og:image:type\" content=\"image\/jpeg\" \/>\n<meta name=\"author\" content=\"Raquel Anillo\" \/>\n<meta name=\"twitter:card\" content=\"summary_large_image\" \/>\n<meta name=\"twitter:creator\" content=\"@Exaudi_News\" \/>\n<meta name=\"twitter:site\" content=\"@Exaudi_News\" \/>\n<meta name=\"twitter:label1\" content=\"Escrito por\" \/>\n\t<meta name=\"twitter:data1\" content=\"Raquel Anillo\" \/>\n\t<meta name=\"twitter:label2\" content=\"Tiempo de lectura\" \/>\n\t<meta name=\"twitter:data2\" content=\"2 minutos\" \/>\n<script type=\"application\/ld+json\" class=\"yoast-schema-graph\">{\"@context\":\"https:\\\/\\\/schema.org\",\"@graph\":[{\"@type\":\"Article\",\"@id\":\"https:\\\/\\\/exaudi.org\\\/es\\\/el-papa-une-su-voz-a-la-de-los-obispos-de-myanmar\\\/#article\",\"isPartOf\":{\"@id\":\"https:\\\/\\\/exaudi.org\\\/es\\\/el-papa-une-su-voz-a-la-de-los-obispos-de-myanmar\\\/\"},\"author\":{\"name\":\"Raquel Anillo\",\"@id\":\"https:\\\/\\\/exaudi.org\\\/#\\\/schema\\\/person\\\/6ff0af358a606d657c4b1b6e0d5c85cb\"},\"headline\":\"Myanmar: Papa une su voz a la de obispos\",\"datePublished\":\"2021-06-20T11:42:10+00:00\",\"dateModified\":\"2021-06-24T14:48:54+00:00\",\"mainEntityOfPage\":{\"@id\":\"https:\\\/\\\/exaudi.org\\\/es\\\/el-papa-une-su-voz-a-la-de-los-obispos-de-myanmar\\\/\"},\"wordCount\":390,\"image\":{\"@id\":\"https:\\\/\\\/exaudi.org\\\/es\\\/el-papa-une-su-voz-a-la-de-los-obispos-de-myanmar\\\/#primaryimage\"},\"thumbnailUrl\":\"https:\\\/\\\/exaudi.org\\\/wp-content\\\/uploads\\\/2021\\\/06\\\/1624546116325.jpg\",\"articleSection\":[\"\u00c1ngelus\",\"\u00daltimas noticias\"],\"inLanguage\":\"es\"},{\"@type\":\"WebPage\",\"@id\":\"https:\\\/\\\/exaudi.org\\\/es\\\/el-papa-une-su-voz-a-la-de-los-obispos-de-myanmar\\\/\",\"url\":\"https:\\\/\\\/exaudi.org\\\/es\\\/el-papa-une-su-voz-a-la-de-los-obispos-de-myanmar\\\/\",\"name\":\"Myanmar: Papa une su voz a la de obispos &#8211; Exaudi\",\"isPartOf\":{\"@id\":\"https:\\\/\\\/exaudi.org\\\/#website\"},\"primaryImageOfPage\":{\"@id\":\"https:\\\/\\\/exaudi.org\\\/es\\\/el-papa-une-su-voz-a-la-de-los-obispos-de-myanmar\\\/#primaryimage\"},\"image\":{\"@id\":\"https:\\\/\\\/exaudi.org\\\/es\\\/el-papa-une-su-voz-a-la-de-los-obispos-de-myanmar\\\/#primaryimage\"},\"thumbnailUrl\":\"https:\\\/\\\/exaudi.org\\\/wp-content\\\/uploads\\\/2021\\\/06\\\/1624546116325.jpg\",\"datePublished\":\"2021-06-20T11:42:10+00:00\",\"dateModified\":\"2021-06-24T14:48:54+00:00\",\"author\":{\"@id\":\"https:\\\/\\\/exaudi.org\\\/#\\\/schema\\\/person\\\/6ff0af358a606d657c4b1b6e0d5c85cb\"},\"description\":\"Tras el rezo del \u00c1ngelus, el Papa uni\u00f3 su voz a la de los obispos de Myanmar,\u00a0que la semana pasada lanzaron un llamamiento al mundo entero\",\"breadcrumb\":{\"@id\":\"https:\\\/\\\/exaudi.org\\\/es\\\/el-papa-une-su-voz-a-la-de-los-obispos-de-myanmar\\\/#breadcrumb\"},\"inLanguage\":\"es\",\"potentialAction\":[{\"@type\":\"ReadAction\",\"target\":[\"https:\\\/\\\/exaudi.org\\\/es\\\/el-papa-une-su-voz-a-la-de-los-obispos-de-myanmar\\\/\"]}]},{\"@type\":\"ImageObject\",\"inLanguage\":\"es\",\"@id\":\"https:\\\/\\\/exaudi.org\\\/es\\\/el-papa-une-su-voz-a-la-de-los-obispos-de-myanmar\\\/#primaryimage\",\"url\":\"https:\\\/\\\/exaudi.org\\\/wp-content\\\/uploads\\\/2021\\\/06\\\/1624546116325.jpg\",\"contentUrl\":\"https:\\\/\\\/exaudi.org\\\/wp-content\\\/uploads\\\/2021\\\/06\\\/1624546116325.jpg\",\"width\":1600,\"height\":1066,\"caption\":\"\u00c1ngelus, 20 junio 2021 \u00a9 Vatican Media\"},{\"@type\":\"BreadcrumbList\",\"@id\":\"https:\\\/\\\/exaudi.org\\\/es\\\/el-papa-une-su-voz-a-la-de-los-obispos-de-myanmar\\\/#breadcrumb\",\"itemListElement\":[{\"@type\":\"ListItem\",\"position\":1,\"name\":\"Portada\",\"item\":\"https:\\\/\\\/exaudi.org\\\/es\\\/\"},{\"@type\":\"ListItem\",\"position\":2,\"name\":\"Myanmar: Papa une su voz a la de obispos\"}]},{\"@type\":\"WebSite\",\"@id\":\"https:\\\/\\\/exaudi.org\\\/#website\",\"url\":\"https:\\\/\\\/exaudi.org\\\/\",\"name\":\"Exaudi\",\"description\":\"News\",\"potentialAction\":[{\"@type\":\"SearchAction\",\"target\":{\"@type\":\"EntryPoint\",\"urlTemplate\":\"https:\\\/\\\/exaudi.org\\\/?s={search_term_string}\"},\"query-input\":{\"@type\":\"PropertyValueSpecification\",\"valueRequired\":true,\"valueName\":\"search_term_string\"}}],\"inLanguage\":\"es\"},{\"@type\":\"Person\",\"@id\":\"https:\\\/\\\/exaudi.org\\\/#\\\/schema\\\/person\\\/6ff0af358a606d657c4b1b6e0d5c85cb\",\"name\":\"Raquel Anillo\",\"image\":{\"@type\":\"ImageObject\",\"inLanguage\":\"es\",\"@id\":\"https:\\\/\\\/secure.gravatar.com\\\/avatar\\\/7f88757c095badfcf277fb437d860f221e7a4fb83008b887cccb1f1299f66efb?s=96&d=mm&r=g\",\"url\":\"https:\\\/\\\/secure.gravatar.com\\\/avatar\\\/7f88757c095badfcf277fb437d860f221e7a4fb83008b887cccb1f1299f66efb?s=96&d=mm&r=g\",\"contentUrl\":\"https:\\\/\\\/secure.gravatar.com\\\/avatar\\\/7f88757c095badfcf277fb437d860f221e7a4fb83008b887cccb1f1299f66efb?s=96&d=mm&r=g\",\"caption\":\"Raquel Anillo\"},\"description\":\"Casada. Comprometida con la Iglesia. Traductora e int\u00e9rprete para la Comunidad Emmanuel, especialmente para las sesiones internacionales de Paray le Monial (Francia) 1986 al 2005. Colaboradora de Zenit de 2012-2014 y de 2017-2020 como traductora.\",\"url\":\"https:\\\/\\\/exaudi.org\\\/es\\\/author\\\/ranilloexaudi-org\\\/\"}]}<\/script>\n<!-- \/ Yoast SEO plugin. -->","yoast_head_json":{"title":"Myanmar: Papa une su voz a la de obispos &#8211; Exaudi","description":"Tras el rezo del \u00c1ngelus, el Papa uni\u00f3 su voz a la de los obispos de Myanmar,\u00a0que la semana pasada lanzaron un llamamiento al mundo entero","robots":{"index":"index","follow":"follow","max-snippet":"max-snippet:-1","max-image-preview":"max-image-preview:large","max-video-preview":"max-video-preview:-1"},"canonical":"https:\/\/exaudi.org\/es\/el-papa-une-su-voz-a-la-de-los-obispos-de-myanmar\/","og_locale":"es_ES","og_type":"article","og_title":"Myanmar: Papa une su voz a la de obispos &#8211; Exaudi","og_description":"Tras el rezo del \u00c1ngelus, el Papa uni\u00f3 su voz a la de los obispos de Myanmar,\u00a0que la semana pasada lanzaron un llamamiento al mundo entero","og_url":"https:\/\/exaudi.org\/es\/el-papa-une-su-voz-a-la-de-los-obispos-de-myanmar\/","og_site_name":"Exaudi","article_publisher":"https:\/\/www.facebook.com\/ExaudiNews","article_published_time":"2021-06-20T11:42:10+00:00","article_modified_time":"2021-06-24T14:48:54+00:00","og_image":[{"width":1600,"height":1066,"url":"https:\/\/exaudi.org\/wp-content\/uploads\/2021\/06\/1624546116325.jpg","type":"image\/jpeg"}],"author":"Raquel Anillo","twitter_card":"summary_large_image","twitter_creator":"@Exaudi_News","twitter_site":"@Exaudi_News","twitter_misc":{"Escrito por":"Raquel Anillo","Tiempo de lectura":"2 minutos"},"schema":{"@context":"https:\/\/schema.org","@graph":[{"@type":"Article","@id":"https:\/\/exaudi.org\/es\/el-papa-une-su-voz-a-la-de-los-obispos-de-myanmar\/#article","isPartOf":{"@id":"https:\/\/exaudi.org\/es\/el-papa-une-su-voz-a-la-de-los-obispos-de-myanmar\/"},"author":{"name":"Raquel Anillo","@id":"https:\/\/exaudi.org\/#\/schema\/person\/6ff0af358a606d657c4b1b6e0d5c85cb"},"headline":"Myanmar: Papa une su voz a la de obispos","datePublished":"2021-06-20T11:42:10+00:00","dateModified":"2021-06-24T14:48:54+00:00","mainEntityOfPage":{"@id":"https:\/\/exaudi.org\/es\/el-papa-une-su-voz-a-la-de-los-obispos-de-myanmar\/"},"wordCount":390,"image":{"@id":"https:\/\/exaudi.org\/es\/el-papa-une-su-voz-a-la-de-los-obispos-de-myanmar\/#primaryimage"},"thumbnailUrl":"https:\/\/exaudi.org\/wp-content\/uploads\/2021\/06\/1624546116325.jpg","articleSection":["\u00c1ngelus","\u00daltimas noticias"],"inLanguage":"es"},{"@type":"WebPage","@id":"https:\/\/exaudi.org\/es\/el-papa-une-su-voz-a-la-de-los-obispos-de-myanmar\/","url":"https:\/\/exaudi.org\/es\/el-papa-une-su-voz-a-la-de-los-obispos-de-myanmar\/","name":"Myanmar: Papa une su voz a la de obispos &#8211; Exaudi","isPartOf":{"@id":"https:\/\/exaudi.org\/#website"},"primaryImageOfPage":{"@id":"https:\/\/exaudi.org\/es\/el-papa-une-su-voz-a-la-de-los-obispos-de-myanmar\/#primaryimage"},"image":{"@id":"https:\/\/exaudi.org\/es\/el-papa-une-su-voz-a-la-de-los-obispos-de-myanmar\/#primaryimage"},"thumbnailUrl":"https:\/\/exaudi.org\/wp-content\/uploads\/2021\/06\/1624546116325.jpg","datePublished":"2021-06-20T11:42:10+00:00","dateModified":"2021-06-24T14:48:54+00:00","author":{"@id":"https:\/\/exaudi.org\/#\/schema\/person\/6ff0af358a606d657c4b1b6e0d5c85cb"},"description":"Tras el rezo del \u00c1ngelus, el Papa uni\u00f3 su voz a la de los obispos de Myanmar,\u00a0que la semana pasada lanzaron un llamamiento al mundo entero","breadcrumb":{"@id":"https:\/\/exaudi.org\/es\/el-papa-une-su-voz-a-la-de-los-obispos-de-myanmar\/#breadcrumb"},"inLanguage":"es","potentialAction":[{"@type":"ReadAction","target":["https:\/\/exaudi.org\/es\/el-papa-une-su-voz-a-la-de-los-obispos-de-myanmar\/"]}]},{"@type":"ImageObject","inLanguage":"es","@id":"https:\/\/exaudi.org\/es\/el-papa-une-su-voz-a-la-de-los-obispos-de-myanmar\/#primaryimage","url":"https:\/\/exaudi.org\/wp-content\/uploads\/2021\/06\/1624546116325.jpg","contentUrl":"https:\/\/exaudi.org\/wp-content\/uploads\/2021\/06\/1624546116325.jpg","width":1600,"height":1066,"caption":"\u00c1ngelus, 20 junio 2021 \u00a9 Vatican Media"},{"@type":"BreadcrumbList","@id":"https:\/\/exaudi.org\/es\/el-papa-une-su-voz-a-la-de-los-obispos-de-myanmar\/#breadcrumb","itemListElement":[{"@type":"ListItem","position":1,"name":"Portada","item":"https:\/\/exaudi.org\/es\/"},{"@type":"ListItem","position":2,"name":"Myanmar: Papa une su voz a la de obispos"}]},{"@type":"WebSite","@id":"https:\/\/exaudi.org\/#website","url":"https:\/\/exaudi.org\/","name":"Exaudi","description":"News","potentialAction":[{"@type":"SearchAction","target":{"@type":"EntryPoint","urlTemplate":"https:\/\/exaudi.org\/?s={search_term_string}"},"query-input":{"@type":"PropertyValueSpecification","valueRequired":true,"valueName":"search_term_string"}}],"inLanguage":"es"},{"@type":"Person","@id":"https:\/\/exaudi.org\/#\/schema\/person\/6ff0af358a606d657c4b1b6e0d5c85cb","name":"Raquel Anillo","image":{"@type":"ImageObject","inLanguage":"es","@id":"https:\/\/secure.gravatar.com\/avatar\/7f88757c095badfcf277fb437d860f221e7a4fb83008b887cccb1f1299f66efb?s=96&d=mm&r=g","url":"https:\/\/secure.gravatar.com\/avatar\/7f88757c095badfcf277fb437d860f221e7a4fb83008b887cccb1f1299f66efb?s=96&d=mm&r=g","contentUrl":"https:\/\/secure.gravatar.com\/avatar\/7f88757c095badfcf277fb437d860f221e7a4fb83008b887cccb1f1299f66efb?s=96&d=mm&r=g","caption":"Raquel Anillo"},"description":"Casada. Comprometida con la Iglesia. Traductora e int\u00e9rprete para la Comunidad Emmanuel, especialmente para las sesiones internacionales de Paray le Monial (Francia) 1986 al 2005. Colaboradora de Zenit de 2012-2014 y de 2017-2020 como traductora.","url":"https:\/\/exaudi.org\/es\/author\/ranilloexaudi-org\/"}]}},"jetpack_featured_media_url":"https:\/\/exaudi.org\/wp-content\/uploads\/2021\/06\/1624546116325.jpg","jetpack_shortlink":"https:\/\/wp.me\/pgKjF2-4Cq","_links":{"self":[{"href":"https:\/\/exaudi.org\/es\/wp-json\/wp\/v2\/posts\/17758","targetHints":{"allow":["GET"]}}],"collection":[{"href":"https:\/\/exaudi.org\/es\/wp-json\/wp\/v2\/posts"}],"about":[{"href":"https:\/\/exaudi.org\/es\/wp-json\/wp\/v2\/types\/post"}],"author":[{"embeddable":true,"href":"https:\/\/exaudi.org\/es\/wp-json\/wp\/v2\/users\/7"}],"replies":[{"embeddable":true,"href":"https:\/\/exaudi.org\/es\/wp-json\/wp\/v2\/comments?post=17758"}],"version-history":[{"count":0,"href":"https:\/\/exaudi.org\/es\/wp-json\/wp\/v2\/posts\/17758\/revisions"}],"wp:featuredmedia":[{"embeddable":true,"href":"https:\/\/exaudi.org\/es\/wp-json\/wp\/v2\/media\/24090"}],"wp:attachment":[{"href":"https:\/\/exaudi.org\/es\/wp-json\/wp\/v2\/media?parent=17758"}],"wp:term":[{"taxonomy":"category","embeddable":true,"href":"https:\/\/exaudi.org\/es\/wp-json\/wp\/v2\/categories?post=17758"},{"taxonomy":"post_tag","embeddable":true,"href":"https:\/\/exaudi.org\/es\/wp-json\/wp\/v2\/tags?post=17758"}],"curies":[{"name":"wp","href":"https:\/\/api.w.org\/{rel}","templated":true}]}}