{"id":17587,"date":"2021-05-18T17:25:19","date_gmt":"2021-05-18T15:25:19","guid":{"rendered":"https:\/\/exaudi.org\/?p=17587"},"modified":"2022-01-03T16:08:54","modified_gmt":"2022-01-03T15:08:54","slug":"38-asamblea-del-celam-mensaje-de-apertura","status":"publish","type":"post","link":"https:\/\/exaudi.org\/es\/38-asamblea-del-celam-mensaje-de-apertura\/","title":{"rendered":"38\u00aa Asamblea del CELAM: Mensaje de apertura"},"content":{"rendered":"<p>Con un <a href=\"https:\/\/youtu.be\/OVFFrZuIyyA\" target=\"_blank\" rel=\"noopener noreferrer\">mensaje de apertura<\/a> centrado en el proceso de Renovaci\u00f3n y Reestructuraci\u00f3n del CELAM, se ha dirigido <a href=\"https:\/\/exaudi.org\/es\/monsenor-cabrejos-sinodalidad-en-renovacion-celam\/\" target=\"_blank\" rel=\"noopener noreferrer\">Mons. Miguel Cabrejos<\/a> a los participantes de la 38\u00aa Asamblea del <a href=\"http:\/\/celam.org\/\" target=\"_blank\" rel=\"noopener noreferrer\">Consejo Episcopal Latinoamericano \u2013 CELAM<\/a>, en curso del 18 al 21 de mayo de 2021, informa el organismo eclesial en una nota.<\/p>\n<h4><strong>Comuni\u00f3n, colegialidad, eclesialidad y sinodalidad<\/strong><\/h4>\n<p>El <a href=\"https:\/\/exaudi.org\/es\/entrevista-mons-cabrejos-presidente-episcopado-latinoamericano\/\" target=\"_blank\" rel=\"noopener noreferrer\">presidente del CELAM<\/a> ha recordado el mandato recibido de la 37\u00aa Asamblea Ordinaria en Tegucigalpa, que ha sido motivo para trabajar arduamente, \u201ca pesar de la pandemia que no nos ha paralizado\u201d. Se ha elaborado un Documento de Trabajo del que han participado m\u00faltiples actores, llevando a cabo un ejercicio de \u201ccomuni\u00f3n, colegialidad, eclesialidad, sinodalidad y con los o\u00eddos del coraz\u00f3n abiertos a escuchar lo que el Esp\u00edritu Santo est\u00e1 diciendo a las Iglesias\u201d.<\/p>\n<p>En sus palabras, ha reafirmado que el CELAM es \u201cun Consejo Episcopal, como un organismo de reflexi\u00f3n e interacci\u00f3n, un organismo subsidiario que est\u00e1 atento a las diversas realidades continentales y responde a los desaf\u00edos pastorales que \u00e9stas presentan\u201d. A partir de ah\u00ed, ha destacado los elementos que deben estar presentes en el CELAM: procesos, articulaci\u00f3n, agilidad, descentralizaci\u00f3n, entre otros elementos, todos ellos \u201cal servicio del Pueblo de Dios, del Magisterio Pontificio y del Magisterio Latinoamericano\u201d.<\/p>\n<h4><strong>Un proceso no cerrado<\/strong><\/h4>\n<p>Mons. Cabrejos reconoce que este proceso no es algo cerrado, subrayando la condici\u00f3n de \u201ccentro propulsor\u00a0de la conciencia misionera, de la conversi\u00f3n pastoral permanente, como Iglesia en salida y sinodal, caminando eclesialmente con el Pueblo de Dios y las Conferencias Episcopales\u201d del CELAM. Se trata de un proceso enmarcado en la teolog\u00eda del \u201cConcilio Vaticano II, la V Conferencia General del Episcopado Latinoamericano en Aparecida y el Magisterio del Papa Francisco\u201d, y que tiene como base los cuatro sue\u00f1os prof\u00e9ticos de \u201cQuerida Amazon\u00eda\u201d.<\/p>\n<p>El desaf\u00edo es que todo esto sea comprendido, asumido e implementado en las Conferencias Episcopales e Iglesias particulares. Para ello, buscando \u201cuna mayor agilidad y flexibilidad\u201d, se han creado cuatro centros pastorales: Gesti\u00f3n del Conocimiento, CEBITEPAL, Redes y Acci\u00f3n Pastoral, y el Centro para la Comunicaci\u00f3n. Seg\u00fan Mons. Cabrejos, \u201chan de trabajar de manera articulada y transversal, generando sinergias de manera integral e integradora, teniendo como base las prioridades pastorales de estos tiempos, donde la virtualidad nos exige una gran integraci\u00f3n comunicativa y comunicacional\u201d.<\/p>\n<p>Refiri\u00e9ndose a \u201cponer las bases de una Iglesia sinodal en el continente\u201c, el presidente del CELAM finaliza sus palabras recordando los tres ejes pastorales que orientan su trabajo: el CELAM en s\u00ed mismo, la Conferencia Eclesial de la Amazon\u00eda \u2013 CEAMA, y la I Asamblea Eclesial de Am\u00e9rica Latina y el Caribe, Aparecida: \u201cMemoria y desaf\u00edos\u201d; frutos de los retos pastorales que la realidad de hoy nos presenta.<\/p>\n<p><iframe loading=\"lazy\" title=\"Mons. Miguel Cabrejos: Mensaje de apertura de la 38\u00aa Asamblea General del CELAM\" width=\"500\" height=\"281\" src=\"https:\/\/www.youtube.com\/embed\/OVFFrZuIyyA?feature=oembed\" frameborder=\"0\" allow=\"accelerometer; autoplay; clipboard-write; encrypted-media; gyroscope; picture-in-picture; web-share\" referrerpolicy=\"strict-origin-when-cross-origin\" allowfullscreen><\/iframe><\/p>\n","protected":false},"excerpt":{"rendered":"<p>De su presidente, Mons. Miguel Cabrejos<\/p>\n","protected":false},"author":93,"featured_media":17592,"comment_status":"closed","ping_status":"closed","sticky":false,"template":"","format":"standard","meta":{"_acf_changed":false,"_crdt_document":"","inline_featured_image":false,"footnotes":""},"categories":[86,298],"tags":[1356,464,1494,1028],"class_list":["post-17587","post","type-post","status-publish","format-standard","has-post-thumbnail","hentry","category-iglesia-local","category-ultimas-noticias","tag-38a-asamblea-general","tag-celam","tag-consejo-episcopal-latinoamericano-celam","tag-monsenor-miguel-cabrejos"],"acf":[],"yoast_head":"<!-- This site is optimized with the Yoast SEO plugin v27.4 - https:\/\/yoast.com\/product\/yoast-seo-wordpress\/ -->\n<title>38\u00aa Asamblea del CELAM: Mensaje de apertura &#8211; Exaudi<\/title>\n<meta name=\"description\" content=\"Mensaje de apertura de Mons. Miguel Cabrejos a los participantes de la 38\u00aa Asamblea del Consejo Episcopal Latinoamericano (CELAM)\" \/>\n<meta name=\"robots\" content=\"index, follow, max-snippet:-1, max-image-preview:large, max-video-preview:-1\" \/>\n<link rel=\"canonical\" href=\"https:\/\/exaudi.org\/es\/38-asamblea-del-celam-mensaje-de-apertura\/\" \/>\n<meta property=\"og:locale\" content=\"es_ES\" \/>\n<meta property=\"og:type\" content=\"article\" \/>\n<meta property=\"og:title\" content=\"38\u00aa Asamblea del CELAM: Mensaje de apertura &#8211; Exaudi\" \/>\n<meta property=\"og:description\" content=\"Mensaje de apertura de Mons. Miguel Cabrejos a los participantes de la 38\u00aa Asamblea del Consejo Episcopal Latinoamericano (CELAM)\" \/>\n<meta property=\"og:url\" content=\"https:\/\/exaudi.org\/es\/38-asamblea-del-celam-mensaje-de-apertura\/\" \/>\n<meta property=\"og:site_name\" content=\"Exaudi\" \/>\n<meta property=\"article:publisher\" content=\"https:\/\/www.facebook.com\/ExaudiNews\" \/>\n<meta property=\"article:published_time\" content=\"2021-05-18T15:25:19+00:00\" \/>\n<meta property=\"article:modified_time\" content=\"2022-01-03T15:08:54+00:00\" \/>\n<meta property=\"og:image\" content=\"https:\/\/exaudi.org\/wp-content\/uploads\/2021\/05\/Mons.-Miguel-Cabrejos.jpeg\" \/>\n\t<meta property=\"og:image:width\" content=\"1500\" \/>\n\t<meta property=\"og:image:height\" content=\"844\" \/>\n\t<meta property=\"og:image:type\" content=\"image\/jpeg\" \/>\n<meta name=\"author\" content=\"ADN CELAM\" \/>\n<meta name=\"twitter:card\" content=\"summary_large_image\" \/>\n<meta name=\"twitter:creator\" content=\"@Exaudi_News\" \/>\n<meta name=\"twitter:site\" content=\"@Exaudi_News\" \/>\n<meta name=\"twitter:label1\" content=\"Escrito por\" \/>\n\t<meta name=\"twitter:data1\" content=\"ADN CELAM\" \/>\n\t<meta name=\"twitter:label2\" content=\"Tiempo de lectura\" \/>\n\t<meta name=\"twitter:data2\" content=\"2 minutos\" \/>\n<script type=\"application\/ld+json\" class=\"yoast-schema-graph\">{\"@context\":\"https:\\\/\\\/schema.org\",\"@graph\":[{\"@type\":\"Article\",\"@id\":\"https:\\\/\\\/exaudi.org\\\/es\\\/38-asamblea-del-celam-mensaje-de-apertura\\\/#article\",\"isPartOf\":{\"@id\":\"https:\\\/\\\/exaudi.org\\\/es\\\/38-asamblea-del-celam-mensaje-de-apertura\\\/\"},\"author\":{\"name\":\"ADN CELAM\",\"@id\":\"https:\\\/\\\/exaudi.org\\\/#\\\/schema\\\/person\\\/fbc491ba5ee575299c5e9bc1b11ccc1f\"},\"headline\":\"38\u00aa Asamblea del CELAM: Mensaje de apertura\",\"datePublished\":\"2021-05-18T15:25:19+00:00\",\"dateModified\":\"2022-01-03T15:08:54+00:00\",\"mainEntityOfPage\":{\"@id\":\"https:\\\/\\\/exaudi.org\\\/es\\\/38-asamblea-del-celam-mensaje-de-apertura\\\/\"},\"wordCount\":479,\"image\":{\"@id\":\"https:\\\/\\\/exaudi.org\\\/es\\\/38-asamblea-del-celam-mensaje-de-apertura\\\/#primaryimage\"},\"thumbnailUrl\":\"https:\\\/\\\/exaudi.org\\\/wp-content\\\/uploads\\\/2021\\\/05\\\/Mons.-Miguel-Cabrejos.jpeg\",\"keywords\":[\"38\u00aa Asamblea General\",\"CELAM\",\"Consejo Episcopal Latinoamericano (CELAM)\",\"Monse\u00f1or Miguel Cabrejos\"],\"articleSection\":[\"Iglesia Local\",\"\u00daltimas noticias\"],\"inLanguage\":\"es\"},{\"@type\":\"WebPage\",\"@id\":\"https:\\\/\\\/exaudi.org\\\/es\\\/38-asamblea-del-celam-mensaje-de-apertura\\\/\",\"url\":\"https:\\\/\\\/exaudi.org\\\/es\\\/38-asamblea-del-celam-mensaje-de-apertura\\\/\",\"name\":\"38\u00aa Asamblea del CELAM: Mensaje de apertura &#8211; Exaudi\",\"isPartOf\":{\"@id\":\"https:\\\/\\\/exaudi.org\\\/#website\"},\"primaryImageOfPage\":{\"@id\":\"https:\\\/\\\/exaudi.org\\\/es\\\/38-asamblea-del-celam-mensaje-de-apertura\\\/#primaryimage\"},\"image\":{\"@id\":\"https:\\\/\\\/exaudi.org\\\/es\\\/38-asamblea-del-celam-mensaje-de-apertura\\\/#primaryimage\"},\"thumbnailUrl\":\"https:\\\/\\\/exaudi.org\\\/wp-content\\\/uploads\\\/2021\\\/05\\\/Mons.-Miguel-Cabrejos.jpeg\",\"datePublished\":\"2021-05-18T15:25:19+00:00\",\"dateModified\":\"2022-01-03T15:08:54+00:00\",\"author\":{\"@id\":\"https:\\\/\\\/exaudi.org\\\/#\\\/schema\\\/person\\\/fbc491ba5ee575299c5e9bc1b11ccc1f\"},\"description\":\"Mensaje de apertura de Mons. Miguel Cabrejos a los participantes de la 38\u00aa Asamblea del Consejo Episcopal Latinoamericano (CELAM)\",\"breadcrumb\":{\"@id\":\"https:\\\/\\\/exaudi.org\\\/es\\\/38-asamblea-del-celam-mensaje-de-apertura\\\/#breadcrumb\"},\"inLanguage\":\"es\",\"potentialAction\":[{\"@type\":\"ReadAction\",\"target\":[\"https:\\\/\\\/exaudi.org\\\/es\\\/38-asamblea-del-celam-mensaje-de-apertura\\\/\"]}]},{\"@type\":\"ImageObject\",\"inLanguage\":\"es\",\"@id\":\"https:\\\/\\\/exaudi.org\\\/es\\\/38-asamblea-del-celam-mensaje-de-apertura\\\/#primaryimage\",\"url\":\"https:\\\/\\\/exaudi.org\\\/wp-content\\\/uploads\\\/2021\\\/05\\\/Mons.-Miguel-Cabrejos.jpeg\",\"contentUrl\":\"https:\\\/\\\/exaudi.org\\\/wp-content\\\/uploads\\\/2021\\\/05\\\/Mons.-Miguel-Cabrejos.jpeg\",\"width\":1500,\"height\":844,\"caption\":\"Mons. Miguel Cabrejos \u00a9 Vatican Media\"},{\"@type\":\"BreadcrumbList\",\"@id\":\"https:\\\/\\\/exaudi.org\\\/es\\\/38-asamblea-del-celam-mensaje-de-apertura\\\/#breadcrumb\",\"itemListElement\":[{\"@type\":\"ListItem\",\"position\":1,\"name\":\"Portada\",\"item\":\"https:\\\/\\\/exaudi.org\\\/es\\\/\"},{\"@type\":\"ListItem\",\"position\":2,\"name\":\"38\u00aa Asamblea del CELAM: Mensaje de apertura\"}]},{\"@type\":\"WebSite\",\"@id\":\"https:\\\/\\\/exaudi.org\\\/#website\",\"url\":\"https:\\\/\\\/exaudi.org\\\/\",\"name\":\"Exaudi\",\"description\":\"News\",\"potentialAction\":[{\"@type\":\"SearchAction\",\"target\":{\"@type\":\"EntryPoint\",\"urlTemplate\":\"https:\\\/\\\/exaudi.org\\\/?s={search_term_string}\"},\"query-input\":{\"@type\":\"PropertyValueSpecification\",\"valueRequired\":true,\"valueName\":\"search_term_string\"}}],\"inLanguage\":\"es\"},{\"@type\":\"Person\",\"@id\":\"https:\\\/\\\/exaudi.org\\\/#\\\/schema\\\/person\\\/fbc491ba5ee575299c5e9bc1b11ccc1f\",\"name\":\"ADN CELAM\",\"image\":{\"@type\":\"ImageObject\",\"inLanguage\":\"es\",\"@id\":\"https:\\\/\\\/secure.gravatar.com\\\/avatar\\\/9f35251df285dd73b5052c2ea71d63aa960ac375813315353fd23ad8daf7a7ae?s=96&d=mm&r=g\",\"url\":\"https:\\\/\\\/secure.gravatar.com\\\/avatar\\\/9f35251df285dd73b5052c2ea71d63aa960ac375813315353fd23ad8daf7a7ae?s=96&d=mm&r=g\",\"contentUrl\":\"https:\\\/\\\/secure.gravatar.com\\\/avatar\\\/9f35251df285dd73b5052c2ea71d63aa960ac375813315353fd23ad8daf7a7ae?s=96&d=mm&r=g\",\"caption\":\"ADN CELAM\"},\"description\":\"Sistema informativo del Consejo Episcopal Latinoamericano (CELAM)\",\"url\":\"https:\\\/\\\/exaudi.org\\\/es\\\/author\\\/adncelam\\\/\"}]}<\/script>\n<!-- \/ Yoast SEO plugin. -->","yoast_head_json":{"title":"38\u00aa Asamblea del CELAM: Mensaje de apertura &#8211; Exaudi","description":"Mensaje de apertura de Mons. Miguel Cabrejos a los participantes de la 38\u00aa Asamblea del Consejo Episcopal Latinoamericano (CELAM)","robots":{"index":"index","follow":"follow","max-snippet":"max-snippet:-1","max-image-preview":"max-image-preview:large","max-video-preview":"max-video-preview:-1"},"canonical":"https:\/\/exaudi.org\/es\/38-asamblea-del-celam-mensaje-de-apertura\/","og_locale":"es_ES","og_type":"article","og_title":"38\u00aa Asamblea del CELAM: Mensaje de apertura &#8211; Exaudi","og_description":"Mensaje de apertura de Mons. Miguel Cabrejos a los participantes de la 38\u00aa Asamblea del Consejo Episcopal Latinoamericano (CELAM)","og_url":"https:\/\/exaudi.org\/es\/38-asamblea-del-celam-mensaje-de-apertura\/","og_site_name":"Exaudi","article_publisher":"https:\/\/www.facebook.com\/ExaudiNews","article_published_time":"2021-05-18T15:25:19+00:00","article_modified_time":"2022-01-03T15:08:54+00:00","og_image":[{"width":1500,"height":844,"url":"https:\/\/exaudi.org\/wp-content\/uploads\/2021\/05\/Mons.-Miguel-Cabrejos.jpeg","type":"image\/jpeg"}],"author":"ADN CELAM","twitter_card":"summary_large_image","twitter_creator":"@Exaudi_News","twitter_site":"@Exaudi_News","twitter_misc":{"Escrito por":"ADN CELAM","Tiempo de lectura":"2 minutos"},"schema":{"@context":"https:\/\/schema.org","@graph":[{"@type":"Article","@id":"https:\/\/exaudi.org\/es\/38-asamblea-del-celam-mensaje-de-apertura\/#article","isPartOf":{"@id":"https:\/\/exaudi.org\/es\/38-asamblea-del-celam-mensaje-de-apertura\/"},"author":{"name":"ADN CELAM","@id":"https:\/\/exaudi.org\/#\/schema\/person\/fbc491ba5ee575299c5e9bc1b11ccc1f"},"headline":"38\u00aa Asamblea del CELAM: Mensaje de apertura","datePublished":"2021-05-18T15:25:19+00:00","dateModified":"2022-01-03T15:08:54+00:00","mainEntityOfPage":{"@id":"https:\/\/exaudi.org\/es\/38-asamblea-del-celam-mensaje-de-apertura\/"},"wordCount":479,"image":{"@id":"https:\/\/exaudi.org\/es\/38-asamblea-del-celam-mensaje-de-apertura\/#primaryimage"},"thumbnailUrl":"https:\/\/exaudi.org\/wp-content\/uploads\/2021\/05\/Mons.-Miguel-Cabrejos.jpeg","keywords":["38\u00aa Asamblea General","CELAM","Consejo Episcopal Latinoamericano (CELAM)","Monse\u00f1or Miguel Cabrejos"],"articleSection":["Iglesia Local","\u00daltimas noticias"],"inLanguage":"es"},{"@type":"WebPage","@id":"https:\/\/exaudi.org\/es\/38-asamblea-del-celam-mensaje-de-apertura\/","url":"https:\/\/exaudi.org\/es\/38-asamblea-del-celam-mensaje-de-apertura\/","name":"38\u00aa Asamblea del CELAM: Mensaje de apertura &#8211; Exaudi","isPartOf":{"@id":"https:\/\/exaudi.org\/#website"},"primaryImageOfPage":{"@id":"https:\/\/exaudi.org\/es\/38-asamblea-del-celam-mensaje-de-apertura\/#primaryimage"},"image":{"@id":"https:\/\/exaudi.org\/es\/38-asamblea-del-celam-mensaje-de-apertura\/#primaryimage"},"thumbnailUrl":"https:\/\/exaudi.org\/wp-content\/uploads\/2021\/05\/Mons.-Miguel-Cabrejos.jpeg","datePublished":"2021-05-18T15:25:19+00:00","dateModified":"2022-01-03T15:08:54+00:00","author":{"@id":"https:\/\/exaudi.org\/#\/schema\/person\/fbc491ba5ee575299c5e9bc1b11ccc1f"},"description":"Mensaje de apertura de Mons. Miguel Cabrejos a los participantes de la 38\u00aa Asamblea del Consejo Episcopal Latinoamericano (CELAM)","breadcrumb":{"@id":"https:\/\/exaudi.org\/es\/38-asamblea-del-celam-mensaje-de-apertura\/#breadcrumb"},"inLanguage":"es","potentialAction":[{"@type":"ReadAction","target":["https:\/\/exaudi.org\/es\/38-asamblea-del-celam-mensaje-de-apertura\/"]}]},{"@type":"ImageObject","inLanguage":"es","@id":"https:\/\/exaudi.org\/es\/38-asamblea-del-celam-mensaje-de-apertura\/#primaryimage","url":"https:\/\/exaudi.org\/wp-content\/uploads\/2021\/05\/Mons.-Miguel-Cabrejos.jpeg","contentUrl":"https:\/\/exaudi.org\/wp-content\/uploads\/2021\/05\/Mons.-Miguel-Cabrejos.jpeg","width":1500,"height":844,"caption":"Mons. Miguel Cabrejos \u00a9 Vatican Media"},{"@type":"BreadcrumbList","@id":"https:\/\/exaudi.org\/es\/38-asamblea-del-celam-mensaje-de-apertura\/#breadcrumb","itemListElement":[{"@type":"ListItem","position":1,"name":"Portada","item":"https:\/\/exaudi.org\/es\/"},{"@type":"ListItem","position":2,"name":"38\u00aa Asamblea del CELAM: Mensaje de apertura"}]},{"@type":"WebSite","@id":"https:\/\/exaudi.org\/#website","url":"https:\/\/exaudi.org\/","name":"Exaudi","description":"News","potentialAction":[{"@type":"SearchAction","target":{"@type":"EntryPoint","urlTemplate":"https:\/\/exaudi.org\/?s={search_term_string}"},"query-input":{"@type":"PropertyValueSpecification","valueRequired":true,"valueName":"search_term_string"}}],"inLanguage":"es"},{"@type":"Person","@id":"https:\/\/exaudi.org\/#\/schema\/person\/fbc491ba5ee575299c5e9bc1b11ccc1f","name":"ADN CELAM","image":{"@type":"ImageObject","inLanguage":"es","@id":"https:\/\/secure.gravatar.com\/avatar\/9f35251df285dd73b5052c2ea71d63aa960ac375813315353fd23ad8daf7a7ae?s=96&d=mm&r=g","url":"https:\/\/secure.gravatar.com\/avatar\/9f35251df285dd73b5052c2ea71d63aa960ac375813315353fd23ad8daf7a7ae?s=96&d=mm&r=g","contentUrl":"https:\/\/secure.gravatar.com\/avatar\/9f35251df285dd73b5052c2ea71d63aa960ac375813315353fd23ad8daf7a7ae?s=96&d=mm&r=g","caption":"ADN CELAM"},"description":"Sistema informativo del Consejo Episcopal Latinoamericano (CELAM)","url":"https:\/\/exaudi.org\/es\/author\/adncelam\/"}]}},"jetpack_featured_media_url":"https:\/\/exaudi.org\/wp-content\/uploads\/2021\/05\/Mons.-Miguel-Cabrejos.jpeg","jetpack_shortlink":"https:\/\/wp.me\/pgKjF2-4zF","_links":{"self":[{"href":"https:\/\/exaudi.org\/es\/wp-json\/wp\/v2\/posts\/17587","targetHints":{"allow":["GET"]}}],"collection":[{"href":"https:\/\/exaudi.org\/es\/wp-json\/wp\/v2\/posts"}],"about":[{"href":"https:\/\/exaudi.org\/es\/wp-json\/wp\/v2\/types\/post"}],"author":[{"embeddable":true,"href":"https:\/\/exaudi.org\/es\/wp-json\/wp\/v2\/users\/93"}],"replies":[{"embeddable":true,"href":"https:\/\/exaudi.org\/es\/wp-json\/wp\/v2\/comments?post=17587"}],"version-history":[{"count":0,"href":"https:\/\/exaudi.org\/es\/wp-json\/wp\/v2\/posts\/17587\/revisions"}],"wp:featuredmedia":[{"embeddable":true,"href":"https:\/\/exaudi.org\/es\/wp-json\/wp\/v2\/media\/17592"}],"wp:attachment":[{"href":"https:\/\/exaudi.org\/es\/wp-json\/wp\/v2\/media?parent=17587"}],"wp:term":[{"taxonomy":"category","embeddable":true,"href":"https:\/\/exaudi.org\/es\/wp-json\/wp\/v2\/categories?post=17587"},{"taxonomy":"post_tag","embeddable":true,"href":"https:\/\/exaudi.org\/es\/wp-json\/wp\/v2\/tags?post=17587"}],"curies":[{"name":"wp","href":"https:\/\/api.w.org\/{rel}","templated":true}]}}