{"id":17563,"date":"2021-05-18T16:32:53","date_gmt":"2021-05-18T14:32:53","guid":{"rendered":"https:\/\/exaudi.org\/?p=17563"},"modified":"2021-05-19T12:32:49","modified_gmt":"2021-05-19T10:32:49","slug":"el-papa-celebrara-llegada-de-scholas-a-los-5-continentes","status":"publish","type":"post","link":"https:\/\/exaudi.org\/es\/el-papa-celebrara-llegada-de-scholas-a-los-5-continentes\/","title":{"rendered":"Scholas: El Papa celebrar\u00e1 llegada a los 5 continentes"},"content":{"rendered":"<p>Este jueves 20 de mayo a las 16 horas (hora de Italia), el Papa Francisco visitar\u00e1 la sede vaticana de <em>Scholas Occurrentes<\/em> en el Palacio de San Calisto en el barrio del Trast\u00e9vere, Roma. All\u00ed se reunir\u00e1 con j\u00f3venes de distintas regiones de Italia que participaron de la primera parte del programa de Salud Emotiva durante la pandemia, informa <a href=\"https:\/\/www.scholasoccurrentes.org\/\" target=\"_blank\" rel=\"noopener noreferrer\"><em>Scholas Occurrentes<\/em><\/a> en un comunicado.<\/p>\n<p>Los estudiantes, acompa\u00f1ados de un grupo de docentes, compartir\u00e1n sus experiencias con el Santo Padre y al Ministro de Educaci\u00f3n, Patrizio Bianchi, y autoridades del Ministerio de Salud.<\/p>\n<p>Francisco tambi\u00e9n se reunir\u00e1 con j\u00f3venes de Iberoam\u00e9rica, quienes le presentar\u00e1n las conclusiones del encuentro realizado d\u00edas antes en Madrid sobre el tema \u201cSo\u00f1ar juntos el camino hacia un futuro mejor\u201d.<\/p>\n<p>Durante el encuentro, el Papa se conectar\u00e1 en directo con estudiantes de las nuevas sedes de Scholas en Sydney, Australia; en <a href=\"https:\/\/exaudi.org\/es\/scholas-occurrentes-espana-conexion-papa-inauguracion-valencia\/\" target=\"_blank\" rel=\"noopener noreferrer\">Valencia, Espa\u00f1a<\/a>, y Washington, Estados Unidos. Adem\u00e1s, escuchar\u00e1 a los j\u00f3venes argentinos de la zona de El Impenetrable, en Chaco, para dar inicio al nuevo programa de arte y prevenci\u00f3n de adicciones.<\/p>\n<p>Inspirados en sus enc\u00edclicas <em>Laudato Si&#8217;<\/em> y <em>Fratelli Tutti<\/em> se lanzar\u00e1 la Escuela Internacional de L\u00edderes Ambientales y la Escuela de Formaci\u00f3n Pol\u00edtica.<\/p>\n<p>Para finalizar el encuentro, se abrir\u00e1 un espacio de di\u00e1logo con la comunidad global de <em>Scholas Occurrentes<\/em> en los cinco continentes.<\/p>\n<h4><b><em>Scholas Occurrentes<\/em><\/b><\/h4>\n<p>Se trata de una <a href=\"https:\/\/www.scholasoccurrentes.org\/\" target=\"_blank\" rel=\"noopener noreferrer\">Organizaci\u00f3n Internacional de Derecho Pontificio<\/a>, con sedes en Argentina, Chile, Ciudad del Vaticano, Colombia, Espa\u00f1a, Estados Unidos, Hait\u00ed, Jap\u00f3n, Italia, M\u00e9xico, Mozambique, Panam\u00e1, Paraguay, Portugal y Ruman\u00eda, presente con su red en 190 pa\u00edses, integrando a m\u00e1s de 400 mil centros educativos y llegando a m\u00e1s de un mill\u00f3n de ni\u00f1os y j\u00f3venes en todo el mundo.<\/p>\n<p>Su misi\u00f3n es responder al llamado a crear la cultura del encuentro, acercando a los j\u00f3venes en una educaci\u00f3n que genere sentido.<\/p>\n","protected":false},"excerpt":{"rendered":"<p>Conexi\u00f3n con estudiantes de distintas partes del mundo<\/p>\n","protected":false},"author":15,"featured_media":17569,"comment_status":"closed","ping_status":"closed","sticky":false,"template":"","format":"standard","meta":{"_acf_changed":false,"_crdt_document":"","inline_featured_image":false,"footnotes":""},"categories":[82,100,68,298],"tags":[1855,158,655],"class_list":["post-17563","post","type-post","status-publish","format-standard","has-post-thumbnail","hentry","category-educacion","category-jovenes","category-leon-xiv","category-ultimas-noticias","tag-jovenes","tag-papa-francisco","tag-scholas-occurrentes"],"acf":[],"yoast_head":"<!-- This site is optimized with the Yoast SEO plugin v27.5 - https:\/\/yoast.com\/product\/yoast-seo-wordpress\/ -->\n<title>Scholas: El Papa celebrar\u00e1 llegada a los 5 continentes &#8211; Exaudi<\/title>\n<meta name=\"description\" content=\"El Papa Francisco visitar\u00e1 la sede vaticana de Scholas Occurrentes en Roma para celebrar la presencia de la instituci\u00f3n en los 5 continentes\" \/>\n<meta name=\"robots\" content=\"index, follow, max-snippet:-1, max-image-preview:large, max-video-preview:-1\" \/>\n<link rel=\"canonical\" href=\"https:\/\/exaudi.org\/es\/el-papa-celebrara-llegada-de-scholas-a-los-5-continentes\/\" \/>\n<meta property=\"og:locale\" content=\"es_ES\" \/>\n<meta property=\"og:type\" content=\"article\" \/>\n<meta property=\"og:title\" content=\"Scholas: El Papa celebrar\u00e1 llegada a los 5 continentes &#8211; Exaudi\" \/>\n<meta property=\"og:description\" content=\"El Papa Francisco visitar\u00e1 la sede vaticana de Scholas Occurrentes en Roma para celebrar la presencia de la instituci\u00f3n en los 5 continentes\" \/>\n<meta property=\"og:url\" content=\"https:\/\/exaudi.org\/es\/el-papa-celebrara-llegada-de-scholas-a-los-5-continentes\/\" \/>\n<meta property=\"og:site_name\" content=\"Exaudi\" \/>\n<meta property=\"article:publisher\" content=\"https:\/\/www.facebook.com\/ExaudiNews\" \/>\n<meta property=\"article:author\" content=\"https:\/\/www.facebook.com\/ExaudiNoticias\/\" \/>\n<meta property=\"article:published_time\" content=\"2021-05-18T14:32:53+00:00\" \/>\n<meta property=\"article:modified_time\" content=\"2021-05-19T10:32:49+00:00\" \/>\n<meta property=\"og:image\" content=\"https:\/\/exaudi.org\/wp-content\/uploads\/2021\/05\/El-Papa-con-una-joven-de-Scholas-Occurrentes.jpeg\" \/>\n\t<meta property=\"og:image:width\" content=\"1500\" \/>\n\t<meta property=\"og:image:height\" content=\"844\" \/>\n\t<meta property=\"og:image:type\" content=\"image\/jpeg\" \/>\n<meta name=\"author\" content=\"Exaudi Redacci\u00f3n\" \/>\n<meta name=\"twitter:card\" content=\"summary_large_image\" \/>\n<meta name=\"twitter:creator\" content=\"@Exaudi_noticias\" \/>\n<meta name=\"twitter:site\" content=\"@Exaudi_News\" \/>\n<meta name=\"twitter:label1\" content=\"Escrito por\" \/>\n\t<meta name=\"twitter:data1\" content=\"Exaudi Redacci\u00f3n\" \/>\n\t<meta name=\"twitter:label2\" content=\"Tiempo de lectura\" \/>\n\t<meta name=\"twitter:data2\" content=\"2 minutos\" \/>\n<script type=\"application\/ld+json\" class=\"yoast-schema-graph\">{\"@context\":\"https:\\\/\\\/schema.org\",\"@graph\":[{\"@type\":\"Article\",\"@id\":\"https:\\\/\\\/exaudi.org\\\/es\\\/el-papa-celebrara-llegada-de-scholas-a-los-5-continentes\\\/#article\",\"isPartOf\":{\"@id\":\"https:\\\/\\\/exaudi.org\\\/es\\\/el-papa-celebrara-llegada-de-scholas-a-los-5-continentes\\\/\"},\"author\":{\"name\":\"Exaudi Redacci\u00f3n\",\"@id\":\"https:\\\/\\\/exaudi.org\\\/#\\\/schema\\\/person\\\/f5fc8f063065e38742da7afe15f25df7\"},\"headline\":\"Scholas: El Papa celebrar\u00e1 llegada a los 5 continentes\",\"datePublished\":\"2021-05-18T14:32:53+00:00\",\"dateModified\":\"2021-05-19T10:32:49+00:00\",\"mainEntityOfPage\":{\"@id\":\"https:\\\/\\\/exaudi.org\\\/es\\\/el-papa-celebrara-llegada-de-scholas-a-los-5-continentes\\\/\"},\"wordCount\":343,\"image\":{\"@id\":\"https:\\\/\\\/exaudi.org\\\/es\\\/el-papa-celebrara-llegada-de-scholas-a-los-5-continentes\\\/#primaryimage\"},\"thumbnailUrl\":\"https:\\\/\\\/exaudi.org\\\/wp-content\\\/uploads\\\/2021\\\/05\\\/El-Papa-con-una-joven-de-Scholas-Occurrentes.jpeg\",\"keywords\":[\"J\u00f3venes\",\"papa francisco\",\"Scholas Occurrentes\"],\"articleSection\":[\"Educaci\u00f3n\",\"J\u00f3venes\",\"Le\u00f3n XIV\",\"\u00daltimas noticias\"],\"inLanguage\":\"es\"},{\"@type\":\"WebPage\",\"@id\":\"https:\\\/\\\/exaudi.org\\\/es\\\/el-papa-celebrara-llegada-de-scholas-a-los-5-continentes\\\/\",\"url\":\"https:\\\/\\\/exaudi.org\\\/es\\\/el-papa-celebrara-llegada-de-scholas-a-los-5-continentes\\\/\",\"name\":\"Scholas: El Papa celebrar\u00e1 llegada a los 5 continentes &#8211; Exaudi\",\"isPartOf\":{\"@id\":\"https:\\\/\\\/exaudi.org\\\/#website\"},\"primaryImageOfPage\":{\"@id\":\"https:\\\/\\\/exaudi.org\\\/es\\\/el-papa-celebrara-llegada-de-scholas-a-los-5-continentes\\\/#primaryimage\"},\"image\":{\"@id\":\"https:\\\/\\\/exaudi.org\\\/es\\\/el-papa-celebrara-llegada-de-scholas-a-los-5-continentes\\\/#primaryimage\"},\"thumbnailUrl\":\"https:\\\/\\\/exaudi.org\\\/wp-content\\\/uploads\\\/2021\\\/05\\\/El-Papa-con-una-joven-de-Scholas-Occurrentes.jpeg\",\"datePublished\":\"2021-05-18T14:32:53+00:00\",\"dateModified\":\"2021-05-19T10:32:49+00:00\",\"author\":{\"@id\":\"https:\\\/\\\/exaudi.org\\\/#\\\/schema\\\/person\\\/f5fc8f063065e38742da7afe15f25df7\"},\"description\":\"El Papa Francisco visitar\u00e1 la sede vaticana de Scholas Occurrentes en Roma para celebrar la presencia de la instituci\u00f3n en los 5 continentes\",\"breadcrumb\":{\"@id\":\"https:\\\/\\\/exaudi.org\\\/es\\\/el-papa-celebrara-llegada-de-scholas-a-los-5-continentes\\\/#breadcrumb\"},\"inLanguage\":\"es\",\"potentialAction\":[{\"@type\":\"ReadAction\",\"target\":[\"https:\\\/\\\/exaudi.org\\\/es\\\/el-papa-celebrara-llegada-de-scholas-a-los-5-continentes\\\/\"]}]},{\"@type\":\"ImageObject\",\"inLanguage\":\"es\",\"@id\":\"https:\\\/\\\/exaudi.org\\\/es\\\/el-papa-celebrara-llegada-de-scholas-a-los-5-continentes\\\/#primaryimage\",\"url\":\"https:\\\/\\\/exaudi.org\\\/wp-content\\\/uploads\\\/2021\\\/05\\\/El-Papa-con-una-joven-de-Scholas-Occurrentes.jpeg\",\"contentUrl\":\"https:\\\/\\\/exaudi.org\\\/wp-content\\\/uploads\\\/2021\\\/05\\\/El-Papa-con-una-joven-de-Scholas-Occurrentes.jpeg\",\"width\":1500,\"height\":844,\"caption\":\"El Papa con una joven de Scholas Occurrentes \u00a9 Vatican Media\"},{\"@type\":\"BreadcrumbList\",\"@id\":\"https:\\\/\\\/exaudi.org\\\/es\\\/el-papa-celebrara-llegada-de-scholas-a-los-5-continentes\\\/#breadcrumb\",\"itemListElement\":[{\"@type\":\"ListItem\",\"position\":1,\"name\":\"Portada\",\"item\":\"https:\\\/\\\/exaudi.org\\\/es\\\/\"},{\"@type\":\"ListItem\",\"position\":2,\"name\":\"Scholas: El Papa celebrar\u00e1 llegada a los 5 continentes\"}]},{\"@type\":\"WebSite\",\"@id\":\"https:\\\/\\\/exaudi.org\\\/#website\",\"url\":\"https:\\\/\\\/exaudi.org\\\/\",\"name\":\"Exaudi\",\"description\":\"News\",\"potentialAction\":[{\"@type\":\"SearchAction\",\"target\":{\"@type\":\"EntryPoint\",\"urlTemplate\":\"https:\\\/\\\/exaudi.org\\\/?s={search_term_string}\"},\"query-input\":{\"@type\":\"PropertyValueSpecification\",\"valueRequired\":true,\"valueName\":\"search_term_string\"}}],\"inLanguage\":\"es\"},{\"@type\":\"Person\",\"@id\":\"https:\\\/\\\/exaudi.org\\\/#\\\/schema\\\/person\\\/f5fc8f063065e38742da7afe15f25df7\",\"name\":\"Exaudi Redacci\u00f3n\",\"image\":{\"@type\":\"ImageObject\",\"inLanguage\":\"es\",\"@id\":\"https:\\\/\\\/secure.gravatar.com\\\/avatar\\\/fe0f6a059fb68d9b3e11bc5850dd4899b1c7492091a3cb6dd9b01b56ad828be2?s=96&d=mm&r=g\",\"url\":\"https:\\\/\\\/secure.gravatar.com\\\/avatar\\\/fe0f6a059fb68d9b3e11bc5850dd4899b1c7492091a3cb6dd9b01b56ad828be2?s=96&d=mm&r=g\",\"contentUrl\":\"https:\\\/\\\/secure.gravatar.com\\\/avatar\\\/fe0f6a059fb68d9b3e11bc5850dd4899b1c7492091a3cb6dd9b01b56ad828be2?s=96&d=mm&r=g\",\"caption\":\"Exaudi Redacci\u00f3n\"},\"description\":\"\u00bfQu\u00e9 es Exaudi News? Exaudi News es un medio de comunicaci\u00f3n cat\u00f3lico internacional que informa, forma y transforma, diariamente en espa\u00f1ol, ingl\u00e9s e italiano. A trav\u00e9s de noticias, art\u00edculos de an\u00e1lisis y transmisiones en directo de los eventos del Papa, Exaudi busca fortalecer la unidad de los cristianos y contribuir a la evangelizaci\u00f3n del mundo, siempre guiados por la doctrina social de la Iglesia. Trabajamos para acercar la verdad y los valores cristianos a cada rinc\u00f3n del planeta. \u00a1Ay\u00fadanos a transformar el mundo con Exaudi! En Exaudi creemos que la evangelizaci\u00f3n y la informaci\u00f3n de calidad pueden cambiar vidas. Para continuar con nuestra misi\u00f3n y expandir nuestro alcance, necesitamos tu ayuda. Adem\u00e1s, buscamos personas comprometidas que deseen unirse a nuestro equipo. Con tu apoyo, lograremos llegar a m\u00e1s personas, difundir el mensaje de Cristo y reforzar la unidad de los cristianos. \u00bfTe unes a nuestra misi\u00f3n? Para m\u00e1s informaci\u00f3n sobre c\u00f3mo colaborar, visita Exaudi.org\\\/es o cont\u00e1ctanos directamente: info@exaudi.org Exaudi: Informa, forma y transforma.\",\"sameAs\":[\"https:\\\/\\\/www.facebook.com\\\/ExaudiNoticias\\\/\",\"https:\\\/\\\/www.instagram.com\\\/exaudi_noticias\\\/\",\"https:\\\/\\\/x.com\\\/Exaudi_noticias\",\"https:\\\/\\\/www.youtube.com\\\/@exaudicatholicnews\"],\"url\":\"https:\\\/\\\/exaudi.org\\\/es\\\/author\\\/redaccionexaudi\\\/\"}]}<\/script>\n<!-- \/ Yoast SEO plugin. -->","yoast_head_json":{"title":"Scholas: El Papa celebrar\u00e1 llegada a los 5 continentes &#8211; Exaudi","description":"El Papa Francisco visitar\u00e1 la sede vaticana de Scholas Occurrentes en Roma para celebrar la presencia de la instituci\u00f3n en los 5 continentes","robots":{"index":"index","follow":"follow","max-snippet":"max-snippet:-1","max-image-preview":"max-image-preview:large","max-video-preview":"max-video-preview:-1"},"canonical":"https:\/\/exaudi.org\/es\/el-papa-celebrara-llegada-de-scholas-a-los-5-continentes\/","og_locale":"es_ES","og_type":"article","og_title":"Scholas: El Papa celebrar\u00e1 llegada a los 5 continentes &#8211; Exaudi","og_description":"El Papa Francisco visitar\u00e1 la sede vaticana de Scholas Occurrentes en Roma para celebrar la presencia de la instituci\u00f3n en los 5 continentes","og_url":"https:\/\/exaudi.org\/es\/el-papa-celebrara-llegada-de-scholas-a-los-5-continentes\/","og_site_name":"Exaudi","article_publisher":"https:\/\/www.facebook.com\/ExaudiNews","article_author":"https:\/\/www.facebook.com\/ExaudiNoticias\/","article_published_time":"2021-05-18T14:32:53+00:00","article_modified_time":"2021-05-19T10:32:49+00:00","og_image":[{"width":1500,"height":844,"url":"https:\/\/exaudi.org\/wp-content\/uploads\/2021\/05\/El-Papa-con-una-joven-de-Scholas-Occurrentes.jpeg","type":"image\/jpeg"}],"author":"Exaudi Redacci\u00f3n","twitter_card":"summary_large_image","twitter_creator":"@Exaudi_noticias","twitter_site":"@Exaudi_News","twitter_misc":{"Escrito por":"Exaudi Redacci\u00f3n","Tiempo de lectura":"2 minutos"},"schema":{"@context":"https:\/\/schema.org","@graph":[{"@type":"Article","@id":"https:\/\/exaudi.org\/es\/el-papa-celebrara-llegada-de-scholas-a-los-5-continentes\/#article","isPartOf":{"@id":"https:\/\/exaudi.org\/es\/el-papa-celebrara-llegada-de-scholas-a-los-5-continentes\/"},"author":{"name":"Exaudi Redacci\u00f3n","@id":"https:\/\/exaudi.org\/#\/schema\/person\/f5fc8f063065e38742da7afe15f25df7"},"headline":"Scholas: El Papa celebrar\u00e1 llegada a los 5 continentes","datePublished":"2021-05-18T14:32:53+00:00","dateModified":"2021-05-19T10:32:49+00:00","mainEntityOfPage":{"@id":"https:\/\/exaudi.org\/es\/el-papa-celebrara-llegada-de-scholas-a-los-5-continentes\/"},"wordCount":343,"image":{"@id":"https:\/\/exaudi.org\/es\/el-papa-celebrara-llegada-de-scholas-a-los-5-continentes\/#primaryimage"},"thumbnailUrl":"https:\/\/exaudi.org\/wp-content\/uploads\/2021\/05\/El-Papa-con-una-joven-de-Scholas-Occurrentes.jpeg","keywords":["J\u00f3venes","papa francisco","Scholas Occurrentes"],"articleSection":["Educaci\u00f3n","J\u00f3venes","Le\u00f3n XIV","\u00daltimas noticias"],"inLanguage":"es"},{"@type":"WebPage","@id":"https:\/\/exaudi.org\/es\/el-papa-celebrara-llegada-de-scholas-a-los-5-continentes\/","url":"https:\/\/exaudi.org\/es\/el-papa-celebrara-llegada-de-scholas-a-los-5-continentes\/","name":"Scholas: El Papa celebrar\u00e1 llegada a los 5 continentes &#8211; Exaudi","isPartOf":{"@id":"https:\/\/exaudi.org\/#website"},"primaryImageOfPage":{"@id":"https:\/\/exaudi.org\/es\/el-papa-celebrara-llegada-de-scholas-a-los-5-continentes\/#primaryimage"},"image":{"@id":"https:\/\/exaudi.org\/es\/el-papa-celebrara-llegada-de-scholas-a-los-5-continentes\/#primaryimage"},"thumbnailUrl":"https:\/\/exaudi.org\/wp-content\/uploads\/2021\/05\/El-Papa-con-una-joven-de-Scholas-Occurrentes.jpeg","datePublished":"2021-05-18T14:32:53+00:00","dateModified":"2021-05-19T10:32:49+00:00","author":{"@id":"https:\/\/exaudi.org\/#\/schema\/person\/f5fc8f063065e38742da7afe15f25df7"},"description":"El Papa Francisco visitar\u00e1 la sede vaticana de Scholas Occurrentes en Roma para celebrar la presencia de la instituci\u00f3n en los 5 continentes","breadcrumb":{"@id":"https:\/\/exaudi.org\/es\/el-papa-celebrara-llegada-de-scholas-a-los-5-continentes\/#breadcrumb"},"inLanguage":"es","potentialAction":[{"@type":"ReadAction","target":["https:\/\/exaudi.org\/es\/el-papa-celebrara-llegada-de-scholas-a-los-5-continentes\/"]}]},{"@type":"ImageObject","inLanguage":"es","@id":"https:\/\/exaudi.org\/es\/el-papa-celebrara-llegada-de-scholas-a-los-5-continentes\/#primaryimage","url":"https:\/\/exaudi.org\/wp-content\/uploads\/2021\/05\/El-Papa-con-una-joven-de-Scholas-Occurrentes.jpeg","contentUrl":"https:\/\/exaudi.org\/wp-content\/uploads\/2021\/05\/El-Papa-con-una-joven-de-Scholas-Occurrentes.jpeg","width":1500,"height":844,"caption":"El Papa con una joven de Scholas Occurrentes \u00a9 Vatican Media"},{"@type":"BreadcrumbList","@id":"https:\/\/exaudi.org\/es\/el-papa-celebrara-llegada-de-scholas-a-los-5-continentes\/#breadcrumb","itemListElement":[{"@type":"ListItem","position":1,"name":"Portada","item":"https:\/\/exaudi.org\/es\/"},{"@type":"ListItem","position":2,"name":"Scholas: El Papa celebrar\u00e1 llegada a los 5 continentes"}]},{"@type":"WebSite","@id":"https:\/\/exaudi.org\/#website","url":"https:\/\/exaudi.org\/","name":"Exaudi","description":"News","potentialAction":[{"@type":"SearchAction","target":{"@type":"EntryPoint","urlTemplate":"https:\/\/exaudi.org\/?s={search_term_string}"},"query-input":{"@type":"PropertyValueSpecification","valueRequired":true,"valueName":"search_term_string"}}],"inLanguage":"es"},{"@type":"Person","@id":"https:\/\/exaudi.org\/#\/schema\/person\/f5fc8f063065e38742da7afe15f25df7","name":"Exaudi Redacci\u00f3n","image":{"@type":"ImageObject","inLanguage":"es","@id":"https:\/\/secure.gravatar.com\/avatar\/fe0f6a059fb68d9b3e11bc5850dd4899b1c7492091a3cb6dd9b01b56ad828be2?s=96&d=mm&r=g","url":"https:\/\/secure.gravatar.com\/avatar\/fe0f6a059fb68d9b3e11bc5850dd4899b1c7492091a3cb6dd9b01b56ad828be2?s=96&d=mm&r=g","contentUrl":"https:\/\/secure.gravatar.com\/avatar\/fe0f6a059fb68d9b3e11bc5850dd4899b1c7492091a3cb6dd9b01b56ad828be2?s=96&d=mm&r=g","caption":"Exaudi Redacci\u00f3n"},"description":"\u00bfQu\u00e9 es Exaudi News? Exaudi News es un medio de comunicaci\u00f3n cat\u00f3lico internacional que informa, forma y transforma, diariamente en espa\u00f1ol, ingl\u00e9s e italiano. A trav\u00e9s de noticias, art\u00edculos de an\u00e1lisis y transmisiones en directo de los eventos del Papa, Exaudi busca fortalecer la unidad de los cristianos y contribuir a la evangelizaci\u00f3n del mundo, siempre guiados por la doctrina social de la Iglesia. Trabajamos para acercar la verdad y los valores cristianos a cada rinc\u00f3n del planeta. \u00a1Ay\u00fadanos a transformar el mundo con Exaudi! En Exaudi creemos que la evangelizaci\u00f3n y la informaci\u00f3n de calidad pueden cambiar vidas. Para continuar con nuestra misi\u00f3n y expandir nuestro alcance, necesitamos tu ayuda. Adem\u00e1s, buscamos personas comprometidas que deseen unirse a nuestro equipo. Con tu apoyo, lograremos llegar a m\u00e1s personas, difundir el mensaje de Cristo y reforzar la unidad de los cristianos. \u00bfTe unes a nuestra misi\u00f3n? Para m\u00e1s informaci\u00f3n sobre c\u00f3mo colaborar, visita Exaudi.org\/es o cont\u00e1ctanos directamente: info@exaudi.org Exaudi: Informa, forma y transforma.","sameAs":["https:\/\/www.facebook.com\/ExaudiNoticias\/","https:\/\/www.instagram.com\/exaudi_noticias\/","https:\/\/x.com\/Exaudi_noticias","https:\/\/www.youtube.com\/@exaudicatholicnews"],"url":"https:\/\/exaudi.org\/es\/author\/redaccionexaudi\/"}]}},"jetpack_featured_media_url":"https:\/\/exaudi.org\/wp-content\/uploads\/2021\/05\/El-Papa-con-una-joven-de-Scholas-Occurrentes.jpeg","jetpack_shortlink":"https:\/\/wp.me\/pgKjF2-4zh","_links":{"self":[{"href":"https:\/\/exaudi.org\/es\/wp-json\/wp\/v2\/posts\/17563","targetHints":{"allow":["GET"]}}],"collection":[{"href":"https:\/\/exaudi.org\/es\/wp-json\/wp\/v2\/posts"}],"about":[{"href":"https:\/\/exaudi.org\/es\/wp-json\/wp\/v2\/types\/post"}],"author":[{"embeddable":true,"href":"https:\/\/exaudi.org\/es\/wp-json\/wp\/v2\/users\/15"}],"replies":[{"embeddable":true,"href":"https:\/\/exaudi.org\/es\/wp-json\/wp\/v2\/comments?post=17563"}],"version-history":[{"count":0,"href":"https:\/\/exaudi.org\/es\/wp-json\/wp\/v2\/posts\/17563\/revisions"}],"wp:featuredmedia":[{"embeddable":true,"href":"https:\/\/exaudi.org\/es\/wp-json\/wp\/v2\/media\/17569"}],"wp:attachment":[{"href":"https:\/\/exaudi.org\/es\/wp-json\/wp\/v2\/media?parent=17563"}],"wp:term":[{"taxonomy":"category","embeddable":true,"href":"https:\/\/exaudi.org\/es\/wp-json\/wp\/v2\/categories?post=17563"},{"taxonomy":"post_tag","embeddable":true,"href":"https:\/\/exaudi.org\/es\/wp-json\/wp\/v2\/tags?post=17563"}],"curies":[{"name":"wp","href":"https:\/\/api.w.org\/{rel}","templated":true}]}}