{"id":17547,"date":"2021-05-18T16:17:20","date_gmt":"2021-05-18T14:17:20","guid":{"rendered":"https:\/\/exaudi.org\/?p=17547"},"modified":"2021-05-18T17:53:14","modified_gmt":"2021-05-18T15:53:14","slug":"vaticano-webinar-dialogo-anuncio-treinta-anos-despues","status":"publish","type":"post","link":"https:\/\/exaudi.org\/es\/vaticano-webinar-dialogo-anuncio-treinta-anos-despues\/","title":{"rendered":"Vaticano: Webinar \u201cDi\u00e1logo y anuncio, treinta a\u00f1os despu\u00e9s\u201d"},"content":{"rendered":"<p>Frente a la celebraci\u00f3n el mi\u00e9rcoles 19 de mayo de 2021 del 30\u00ba Aniversario del documento\u00a0<em>Di\u00e1logo y Anuncio. Reflexiones y orientaciones sobre el di\u00e1logo interreligioso y el anuncio del Evangelio de Jesucristo, <\/em>publicado conjuntamente por el <a href=\"http:\/\/www.vatican.va\/roman_curia\/pontifical_councils\/\/interelg\/index_sp.htm\" target=\"_blank\" rel=\"noopener noreferrer\">Pontificio Consejo para el Di\u00e1logo Interreligioso (PCDI)<\/a> y la <a href=\"https:\/\/www.vatican.va\/roman_curia\/congregations\/cevang\/index_sp.htm\" target=\"_blank\" rel=\"noopener noreferrer\">Congregaci\u00f3n para la Evangelizaci\u00f3n de los Pueblos (CEP)<\/a>, ese mismo d\u00eda, a las 10 horas, tendr\u00e1 lugar en el Vaticano un <a href=\"https:\/\/exaudi.org\/es\/vaticano-ciclo-webinars-justicia-alimentaria-2021\/\" target=\"_blank\" rel=\"noopener noreferrer\"><em>webinar\u00a0<\/em><\/a>sobre \u201cDi\u00e1logo y anuncio, treinta a\u00f1os despu\u00e9s\u201d.<\/p>\n<p>Tal y como ha informado hoy la Oficina de Prensa de la Santa Sede, tras la bienvenida del cardenal Miguel \u00c1ngel Ayuso Guixot, presidente del PCDI, pronunciar\u00e1 un discurso del purpurado Michael L. Fitzgerald, presidente em\u00e9rito del mismo Consejo, mientras que las conclusiones se confiar\u00e1n al Luis A. Tagle, prefecto de la CEP.<\/p>\n<p>Tambi\u00e9n intervendr\u00e1n miembros y consultores del PCDI, profesores e investigadores expertos en la materia, que examinar\u00e1n la recepci\u00f3n y aplicaci\u00f3n del Documento en diferentes contextos geogr\u00e1ficos para presentar el statu quo teol\u00f3gico del di\u00e1logo interreligioso.<\/p>\n<p>Los interesados pueden unirse al programa virtual inscribi\u00e9ndose en el siguiente enlace Zoom: <a href=\"https:\/\/us02web.zoom.us\/webinar\/register\/WN_QVA-jj-vTOa8QhvsqwSPPg\" target=\"_blank\" rel=\"noopener noreferrer\">https:\/\/us02web.zoom.us\/webinar\/register\/WN_QVA-jj-vTOa8QhvsqwSPPg.<\/a><\/p>\n<h4><b>Pontificio Consejo para el Di\u00e1logo Interreligioso<\/b><\/h4>\n<p>Tal y como se\u00f1ala el Vaticano, este Consejo fue creado por san Juan Pablo II en 1988, y tuvo como precursor al Secretariado para los no Cristianos, instituido por Pablo VI en 1964 para promover estudios adecuados y favorecer relaciones amistosas con los seguidores de las religiones no cristianas.<\/p>\n<p>En sus aspectos doctrinales y pr\u00e1cticos, este Secretariado respond\u00eda en gran medida a las ideas expresadas en la Declaraci\u00f3n conciliar <em><a href=\"http:\/\/www.vatican.va\/archive\/hist_councils\/ii_vatican_council\/documents\/vat-ii_decl_19651028_nostra-aetate_sp.html\">Nostra aetate<\/a><\/em>\u00a0de 1965. Cuando Juan Pablo II cambi\u00f3 su nombre a Pontificio Consejo para el Di\u00e1logo Inter-religioso se\u00f1al\u00f3 que el objetivo de este Dicasterio de la Curia Romana era promover y regular las relaciones con miembros y grupos de Religiones que no est\u00e1n incluidas bajo el nombre de cristianas y con aquellos que, de alguna manera, muestran un sentido religioso.<\/p>\n<p>Los oficiales del Consejo y el personal viajan a menudo para participar en encuentros y en conferencias internacionales con representantes de Iglesias cristianas y no cristianas y tambi\u00e9n reciben a personalidades en sus oficinas vaticanas. Mantienen frecuentes contactos con el mundo del Islam, del Budismo y del Hinduismo. Todos los a\u00f1os env\u00eda un mensaje a los musulmanes al final del per\u00edodo de ayuno del Ramad\u00e1n, firmado por el cardenal Arinze.<\/p>\n<p>El Consejo tambi\u00e9n estudia las sectas y los nuevos movimientos religiosos y participa en reuniones con miembros de otras denominaciones cristianas para tratar estos temas. Las \u00faltimas reuniones de este tipo fueron promovidas por la Alianza Mundial de las Iglesias Reformadas en colaboraci\u00f3n con la Federaci\u00f3n Luterana Mundial y el Pontificio Consejo para la Promoci\u00f3n de la Unidad de los Cristianos.<\/p>\n<p><b style=\"color: #111111; font-family: Roboto, sans-serif; font-size: 19px;\">Congregaci\u00f3n para la Evangelizaci\u00f3n de los Pueblos<\/b><\/p>\n<p>La Santa Sede aclara que la tarea espec\u00edfica de esta Congregaci\u00f3n ha sido siempre la propagaci\u00f3n de la fe en todo el mundo, con la competencia espec\u00edfica de coordinar todos los esfuerzos misioneros, de dar directrices a las misiones, de promover la formaci\u00f3n del clero y de las jerarqu\u00edas locales, de fomentar la creaci\u00f3n de nuevos Institutos misioneros y de proporcionar apoyo material a las actividades misioneras.<\/p>\n<p>La nueva Congregaci\u00f3n se convirti\u00f3 de esta manera en el instrumento ordinario y exclusivo del Santo Padre y de la Santa Sede para el ejercicio de la jurisdicci\u00f3n sobre todas las misiones y la cooperaci\u00f3n misionera.<\/p>\n<p style=\"font-weight: 400;\">Entre las competencias del Dicasterio, le corresponde \u201cdirigir y coordinar en todo el mundo la obra misma de la evangelizaci\u00f3n de los pueblos y la cooperaci\u00f3n misionera, salvo aquello que sea competencia de la Congregaci\u00f3n para las Iglesias Orientales\u201d. Asimismo, tiene la competencia directa y exclusiva sobre sus territorios, a excepci\u00f3n de los que son competencia de otros Dicasterios en varias materias.<\/p>\n<p style=\"font-weight: 400;\">En sus propios territorios, la Congregaci\u00f3n erige y divide las Circunscripciones misioneras seg\u00fan las circunstancias.\u00a0Preside el gobierno de las misiones y examina todas las cuestiones y los informes presentados por los Ordinarios y las Conferencias Episcopales. Quedan sujetas a la Congregaci\u00f3n las Sociedades de Vida Apost\u00f3lica erigidas en favor de las misiones.<\/p>\n<p>Por \u00faltimo, administra su propio patrimonio y los dem\u00e1s bienes destinados a las misiones mediante una oficina dedicada a ello.<\/p>\n","protected":false},"excerpt":{"rendered":"<p>19 de mayo a las 10 horas<\/p>\n","protected":false},"author":6,"featured_media":17560,"comment_status":"closed","ping_status":"closed","sticky":false,"template":"","format":"standard","meta":{"_acf_changed":false,"_crdt_document":"","inline_featured_image":false,"footnotes":""},"categories":[138,140,298],"tags":[2383,1731,969],"class_list":["post-17547","post","type-post","status-publish","format-standard","has-post-thumbnail","hentry","category-dicasterios","category-ecumenismo-y-dialogo-interreligioso","category-ultimas-noticias","tag-congregacion-para-la-evangelizacion-de-los-pueblos","tag-pontificio-consejo-para-el-dialogo-interreligioso","tag-webinar"],"acf":[],"yoast_head":"<!-- This site is optimized with the Yoast SEO plugin v27.5 - https:\/\/yoast.com\/product\/yoast-seo-wordpress\/ -->\n<title>Vaticano: Webinar \u201cDi\u00e1logo y anuncio, treinta a\u00f1os despu\u00e9s\u201d - Exaudi<\/title>\n<meta name=\"description\" content=\"El pr\u00f3ximo mi\u00e9rcoles 19 de mayo de 2021 tendr\u00e1 lugar en el Vaticano un webinar sobre \u201cDi\u00e1logo y anuncio, treinta a\u00f1os despu\u00e9s\u201d.\" \/>\n<meta name=\"robots\" content=\"index, follow, max-snippet:-1, max-image-preview:large, max-video-preview:-1\" \/>\n<link rel=\"canonical\" href=\"https:\/\/exaudi.org\/es\/vaticano-webinar-dialogo-anuncio-treinta-anos-despues\/\" \/>\n<meta property=\"og:locale\" content=\"es_ES\" \/>\n<meta property=\"og:type\" content=\"article\" \/>\n<meta property=\"og:title\" content=\"Vaticano: Webinar \u201cDi\u00e1logo y anuncio, treinta a\u00f1os despu\u00e9s\u201d - Exaudi\" \/>\n<meta property=\"og:description\" content=\"El pr\u00f3ximo mi\u00e9rcoles 19 de mayo de 2021 tendr\u00e1 lugar en el Vaticano un webinar sobre \u201cDi\u00e1logo y anuncio, treinta a\u00f1os despu\u00e9s\u201d.\" \/>\n<meta property=\"og:url\" content=\"https:\/\/exaudi.org\/es\/vaticano-webinar-dialogo-anuncio-treinta-anos-despues\/\" \/>\n<meta property=\"og:site_name\" content=\"Exaudi\" \/>\n<meta property=\"article:publisher\" content=\"https:\/\/www.facebook.com\/ExaudiNews\" \/>\n<meta property=\"article:published_time\" content=\"2021-05-18T14:17:20+00:00\" \/>\n<meta property=\"article:modified_time\" content=\"2021-05-18T15:53:14+00:00\" \/>\n<meta property=\"og:image\" content=\"https:\/\/exaudi.org\/wp-content\/uploads\/2021\/05\/12fds12dfs231-scaled.jpg\" \/>\n\t<meta property=\"og:image:width\" content=\"2560\" \/>\n\t<meta property=\"og:image:height\" content=\"1707\" \/>\n\t<meta property=\"og:image:type\" content=\"image\/jpeg\" \/>\n<meta name=\"author\" content=\"Gabriel Sales\" \/>\n<meta name=\"twitter:card\" content=\"summary_large_image\" \/>\n<meta name=\"twitter:creator\" content=\"@habemusman\" \/>\n<meta name=\"twitter:site\" content=\"@Exaudi_News\" \/>\n<meta name=\"twitter:label1\" content=\"Escrito por\" \/>\n\t<meta name=\"twitter:data1\" content=\"Gabriel Sales\" \/>\n\t<meta name=\"twitter:label2\" content=\"Tiempo de lectura\" \/>\n\t<meta name=\"twitter:data2\" content=\"4 minutos\" \/>\n<script type=\"application\/ld+json\" class=\"yoast-schema-graph\">{\"@context\":\"https:\\\/\\\/schema.org\",\"@graph\":[{\"@type\":\"Article\",\"@id\":\"https:\\\/\\\/exaudi.org\\\/es\\\/vaticano-webinar-dialogo-anuncio-treinta-anos-despues\\\/#article\",\"isPartOf\":{\"@id\":\"https:\\\/\\\/exaudi.org\\\/es\\\/vaticano-webinar-dialogo-anuncio-treinta-anos-despues\\\/\"},\"author\":{\"name\":\"Gabriel Sales\",\"@id\":\"https:\\\/\\\/exaudi.org\\\/#\\\/schema\\\/person\\\/d134b96438278131ce90c90c03fda6cd\"},\"headline\":\"Vaticano: Webinar \u201cDi\u00e1logo y anuncio, treinta a\u00f1os despu\u00e9s\u201d\",\"datePublished\":\"2021-05-18T14:17:20+00:00\",\"dateModified\":\"2021-05-18T15:53:14+00:00\",\"mainEntityOfPage\":{\"@id\":\"https:\\\/\\\/exaudi.org\\\/es\\\/vaticano-webinar-dialogo-anuncio-treinta-anos-despues\\\/\"},\"wordCount\":762,\"image\":{\"@id\":\"https:\\\/\\\/exaudi.org\\\/es\\\/vaticano-webinar-dialogo-anuncio-treinta-anos-despues\\\/#primaryimage\"},\"thumbnailUrl\":\"https:\\\/\\\/exaudi.org\\\/wp-content\\\/uploads\\\/2021\\\/05\\\/12fds12dfs231-scaled.jpg\",\"keywords\":[\"Congregaci\u00f3n para la Evangelizaci\u00f3n de los Pueblos\",\"Pontificio Consejo para el Di\u00e1logo Interreligioso\",\"Webinar\"],\"articleSection\":[\"Dicasterios\",\"Ecumenismo y Di\u00e1logo interreligioso\",\"\u00daltimas noticias\"],\"inLanguage\":\"es\"},{\"@type\":\"WebPage\",\"@id\":\"https:\\\/\\\/exaudi.org\\\/es\\\/vaticano-webinar-dialogo-anuncio-treinta-anos-despues\\\/\",\"url\":\"https:\\\/\\\/exaudi.org\\\/es\\\/vaticano-webinar-dialogo-anuncio-treinta-anos-despues\\\/\",\"name\":\"Vaticano: Webinar \u201cDi\u00e1logo y anuncio, treinta a\u00f1os despu\u00e9s\u201d - Exaudi\",\"isPartOf\":{\"@id\":\"https:\\\/\\\/exaudi.org\\\/#website\"},\"primaryImageOfPage\":{\"@id\":\"https:\\\/\\\/exaudi.org\\\/es\\\/vaticano-webinar-dialogo-anuncio-treinta-anos-despues\\\/#primaryimage\"},\"image\":{\"@id\":\"https:\\\/\\\/exaudi.org\\\/es\\\/vaticano-webinar-dialogo-anuncio-treinta-anos-despues\\\/#primaryimage\"},\"thumbnailUrl\":\"https:\\\/\\\/exaudi.org\\\/wp-content\\\/uploads\\\/2021\\\/05\\\/12fds12dfs231-scaled.jpg\",\"datePublished\":\"2021-05-18T14:17:20+00:00\",\"dateModified\":\"2021-05-18T15:53:14+00:00\",\"author\":{\"@id\":\"https:\\\/\\\/exaudi.org\\\/#\\\/schema\\\/person\\\/d134b96438278131ce90c90c03fda6cd\"},\"description\":\"El pr\u00f3ximo mi\u00e9rcoles 19 de mayo de 2021 tendr\u00e1 lugar en el Vaticano un webinar sobre \u201cDi\u00e1logo y anuncio, treinta a\u00f1os despu\u00e9s\u201d.\",\"breadcrumb\":{\"@id\":\"https:\\\/\\\/exaudi.org\\\/es\\\/vaticano-webinar-dialogo-anuncio-treinta-anos-despues\\\/#breadcrumb\"},\"inLanguage\":\"es\",\"potentialAction\":[{\"@type\":\"ReadAction\",\"target\":[\"https:\\\/\\\/exaudi.org\\\/es\\\/vaticano-webinar-dialogo-anuncio-treinta-anos-despues\\\/\"]}]},{\"@type\":\"ImageObject\",\"inLanguage\":\"es\",\"@id\":\"https:\\\/\\\/exaudi.org\\\/es\\\/vaticano-webinar-dialogo-anuncio-treinta-anos-despues\\\/#primaryimage\",\"url\":\"https:\\\/\\\/exaudi.org\\\/wp-content\\\/uploads\\\/2021\\\/05\\\/12fds12dfs231-scaled.jpg\",\"contentUrl\":\"https:\\\/\\\/exaudi.org\\\/wp-content\\\/uploads\\\/2021\\\/05\\\/12fds12dfs231-scaled.jpg\",\"width\":2560,\"height\":1707,\"caption\":\"Encuentro interreligioso en la Llanura de Ur, Irak \u00a9 Vatican Media\"},{\"@type\":\"BreadcrumbList\",\"@id\":\"https:\\\/\\\/exaudi.org\\\/es\\\/vaticano-webinar-dialogo-anuncio-treinta-anos-despues\\\/#breadcrumb\",\"itemListElement\":[{\"@type\":\"ListItem\",\"position\":1,\"name\":\"Portada\",\"item\":\"https:\\\/\\\/exaudi.org\\\/es\\\/\"},{\"@type\":\"ListItem\",\"position\":2,\"name\":\"Vaticano: Webinar \u201cDi\u00e1logo y anuncio, treinta a\u00f1os despu\u00e9s\u201d\"}]},{\"@type\":\"WebSite\",\"@id\":\"https:\\\/\\\/exaudi.org\\\/#website\",\"url\":\"https:\\\/\\\/exaudi.org\\\/\",\"name\":\"Exaudi\",\"description\":\"News\",\"potentialAction\":[{\"@type\":\"SearchAction\",\"target\":{\"@type\":\"EntryPoint\",\"urlTemplate\":\"https:\\\/\\\/exaudi.org\\\/?s={search_term_string}\"},\"query-input\":{\"@type\":\"PropertyValueSpecification\",\"valueRequired\":true,\"valueName\":\"search_term_string\"}}],\"inLanguage\":\"es\"},{\"@type\":\"Person\",\"@id\":\"https:\\\/\\\/exaudi.org\\\/#\\\/schema\\\/person\\\/d134b96438278131ce90c90c03fda6cd\",\"name\":\"Gabriel Sales\",\"image\":{\"@type\":\"ImageObject\",\"inLanguage\":\"es\",\"@id\":\"https:\\\/\\\/secure.gravatar.com\\\/avatar\\\/9b1269566f6a063ed26ffb3532b66a373cdde231ce5d0effb266167437fdaffd?s=96&d=mm&r=g\",\"url\":\"https:\\\/\\\/secure.gravatar.com\\\/avatar\\\/9b1269566f6a063ed26ffb3532b66a373cdde231ce5d0effb266167437fdaffd?s=96&d=mm&r=g\",\"contentUrl\":\"https:\\\/\\\/secure.gravatar.com\\\/avatar\\\/9b1269566f6a063ed26ffb3532b66a373cdde231ce5d0effb266167437fdaffd?s=96&d=mm&r=g\",\"caption\":\"Gabriel Sales\"},\"description\":\"Periodista y especialista en Comunicaci\u00f3n y Branding digital. Cin\u00e9filo y cr\u00edtico de cine y series de televisi\u00f3n.\",\"sameAs\":[\"https:\\\/\\\/www.instagram.com\\\/cine90segundos\\\/\",\"www.linkedin.com\\\/in\\\/habemusman\",\"https:\\\/\\\/x.com\\\/habemusman\",\"https:\\\/\\\/www.youtube.com\\\/channel\\\/UCVfCiOMkJ_C7T7OpyjuaLDg\"],\"url\":\"https:\\\/\\\/exaudi.org\\\/es\\\/author\\\/gsalesexaudi-org\\\/\"}]}<\/script>\n<!-- \/ Yoast SEO plugin. -->","yoast_head_json":{"title":"Vaticano: Webinar \u201cDi\u00e1logo y anuncio, treinta a\u00f1os despu\u00e9s\u201d - Exaudi","description":"El pr\u00f3ximo mi\u00e9rcoles 19 de mayo de 2021 tendr\u00e1 lugar en el Vaticano un webinar sobre \u201cDi\u00e1logo y anuncio, treinta a\u00f1os despu\u00e9s\u201d.","robots":{"index":"index","follow":"follow","max-snippet":"max-snippet:-1","max-image-preview":"max-image-preview:large","max-video-preview":"max-video-preview:-1"},"canonical":"https:\/\/exaudi.org\/es\/vaticano-webinar-dialogo-anuncio-treinta-anos-despues\/","og_locale":"es_ES","og_type":"article","og_title":"Vaticano: Webinar \u201cDi\u00e1logo y anuncio, treinta a\u00f1os despu\u00e9s\u201d - Exaudi","og_description":"El pr\u00f3ximo mi\u00e9rcoles 19 de mayo de 2021 tendr\u00e1 lugar en el Vaticano un webinar sobre \u201cDi\u00e1logo y anuncio, treinta a\u00f1os despu\u00e9s\u201d.","og_url":"https:\/\/exaudi.org\/es\/vaticano-webinar-dialogo-anuncio-treinta-anos-despues\/","og_site_name":"Exaudi","article_publisher":"https:\/\/www.facebook.com\/ExaudiNews","article_published_time":"2021-05-18T14:17:20+00:00","article_modified_time":"2021-05-18T15:53:14+00:00","og_image":[{"width":2560,"height":1707,"url":"https:\/\/exaudi.org\/wp-content\/uploads\/2021\/05\/12fds12dfs231-scaled.jpg","type":"image\/jpeg"}],"author":"Gabriel Sales","twitter_card":"summary_large_image","twitter_creator":"@habemusman","twitter_site":"@Exaudi_News","twitter_misc":{"Escrito por":"Gabriel Sales","Tiempo de lectura":"4 minutos"},"schema":{"@context":"https:\/\/schema.org","@graph":[{"@type":"Article","@id":"https:\/\/exaudi.org\/es\/vaticano-webinar-dialogo-anuncio-treinta-anos-despues\/#article","isPartOf":{"@id":"https:\/\/exaudi.org\/es\/vaticano-webinar-dialogo-anuncio-treinta-anos-despues\/"},"author":{"name":"Gabriel Sales","@id":"https:\/\/exaudi.org\/#\/schema\/person\/d134b96438278131ce90c90c03fda6cd"},"headline":"Vaticano: Webinar \u201cDi\u00e1logo y anuncio, treinta a\u00f1os despu\u00e9s\u201d","datePublished":"2021-05-18T14:17:20+00:00","dateModified":"2021-05-18T15:53:14+00:00","mainEntityOfPage":{"@id":"https:\/\/exaudi.org\/es\/vaticano-webinar-dialogo-anuncio-treinta-anos-despues\/"},"wordCount":762,"image":{"@id":"https:\/\/exaudi.org\/es\/vaticano-webinar-dialogo-anuncio-treinta-anos-despues\/#primaryimage"},"thumbnailUrl":"https:\/\/exaudi.org\/wp-content\/uploads\/2021\/05\/12fds12dfs231-scaled.jpg","keywords":["Congregaci\u00f3n para la Evangelizaci\u00f3n de los Pueblos","Pontificio Consejo para el Di\u00e1logo Interreligioso","Webinar"],"articleSection":["Dicasterios","Ecumenismo y Di\u00e1logo interreligioso","\u00daltimas noticias"],"inLanguage":"es"},{"@type":"WebPage","@id":"https:\/\/exaudi.org\/es\/vaticano-webinar-dialogo-anuncio-treinta-anos-despues\/","url":"https:\/\/exaudi.org\/es\/vaticano-webinar-dialogo-anuncio-treinta-anos-despues\/","name":"Vaticano: Webinar \u201cDi\u00e1logo y anuncio, treinta a\u00f1os despu\u00e9s\u201d - Exaudi","isPartOf":{"@id":"https:\/\/exaudi.org\/#website"},"primaryImageOfPage":{"@id":"https:\/\/exaudi.org\/es\/vaticano-webinar-dialogo-anuncio-treinta-anos-despues\/#primaryimage"},"image":{"@id":"https:\/\/exaudi.org\/es\/vaticano-webinar-dialogo-anuncio-treinta-anos-despues\/#primaryimage"},"thumbnailUrl":"https:\/\/exaudi.org\/wp-content\/uploads\/2021\/05\/12fds12dfs231-scaled.jpg","datePublished":"2021-05-18T14:17:20+00:00","dateModified":"2021-05-18T15:53:14+00:00","author":{"@id":"https:\/\/exaudi.org\/#\/schema\/person\/d134b96438278131ce90c90c03fda6cd"},"description":"El pr\u00f3ximo mi\u00e9rcoles 19 de mayo de 2021 tendr\u00e1 lugar en el Vaticano un webinar sobre \u201cDi\u00e1logo y anuncio, treinta a\u00f1os despu\u00e9s\u201d.","breadcrumb":{"@id":"https:\/\/exaudi.org\/es\/vaticano-webinar-dialogo-anuncio-treinta-anos-despues\/#breadcrumb"},"inLanguage":"es","potentialAction":[{"@type":"ReadAction","target":["https:\/\/exaudi.org\/es\/vaticano-webinar-dialogo-anuncio-treinta-anos-despues\/"]}]},{"@type":"ImageObject","inLanguage":"es","@id":"https:\/\/exaudi.org\/es\/vaticano-webinar-dialogo-anuncio-treinta-anos-despues\/#primaryimage","url":"https:\/\/exaudi.org\/wp-content\/uploads\/2021\/05\/12fds12dfs231-scaled.jpg","contentUrl":"https:\/\/exaudi.org\/wp-content\/uploads\/2021\/05\/12fds12dfs231-scaled.jpg","width":2560,"height":1707,"caption":"Encuentro interreligioso en la Llanura de Ur, Irak \u00a9 Vatican Media"},{"@type":"BreadcrumbList","@id":"https:\/\/exaudi.org\/es\/vaticano-webinar-dialogo-anuncio-treinta-anos-despues\/#breadcrumb","itemListElement":[{"@type":"ListItem","position":1,"name":"Portada","item":"https:\/\/exaudi.org\/es\/"},{"@type":"ListItem","position":2,"name":"Vaticano: Webinar \u201cDi\u00e1logo y anuncio, treinta a\u00f1os despu\u00e9s\u201d"}]},{"@type":"WebSite","@id":"https:\/\/exaudi.org\/#website","url":"https:\/\/exaudi.org\/","name":"Exaudi","description":"News","potentialAction":[{"@type":"SearchAction","target":{"@type":"EntryPoint","urlTemplate":"https:\/\/exaudi.org\/?s={search_term_string}"},"query-input":{"@type":"PropertyValueSpecification","valueRequired":true,"valueName":"search_term_string"}}],"inLanguage":"es"},{"@type":"Person","@id":"https:\/\/exaudi.org\/#\/schema\/person\/d134b96438278131ce90c90c03fda6cd","name":"Gabriel Sales","image":{"@type":"ImageObject","inLanguage":"es","@id":"https:\/\/secure.gravatar.com\/avatar\/9b1269566f6a063ed26ffb3532b66a373cdde231ce5d0effb266167437fdaffd?s=96&d=mm&r=g","url":"https:\/\/secure.gravatar.com\/avatar\/9b1269566f6a063ed26ffb3532b66a373cdde231ce5d0effb266167437fdaffd?s=96&d=mm&r=g","contentUrl":"https:\/\/secure.gravatar.com\/avatar\/9b1269566f6a063ed26ffb3532b66a373cdde231ce5d0effb266167437fdaffd?s=96&d=mm&r=g","caption":"Gabriel Sales"},"description":"Periodista y especialista en Comunicaci\u00f3n y Branding digital. Cin\u00e9filo y cr\u00edtico de cine y series de televisi\u00f3n.","sameAs":["https:\/\/www.instagram.com\/cine90segundos\/","www.linkedin.com\/in\/habemusman","https:\/\/x.com\/habemusman","https:\/\/www.youtube.com\/channel\/UCVfCiOMkJ_C7T7OpyjuaLDg"],"url":"https:\/\/exaudi.org\/es\/author\/gsalesexaudi-org\/"}]}},"jetpack_featured_media_url":"https:\/\/exaudi.org\/wp-content\/uploads\/2021\/05\/12fds12dfs231-scaled.jpg","jetpack_shortlink":"https:\/\/wp.me\/pgKjF2-4z1","_links":{"self":[{"href":"https:\/\/exaudi.org\/es\/wp-json\/wp\/v2\/posts\/17547","targetHints":{"allow":["GET"]}}],"collection":[{"href":"https:\/\/exaudi.org\/es\/wp-json\/wp\/v2\/posts"}],"about":[{"href":"https:\/\/exaudi.org\/es\/wp-json\/wp\/v2\/types\/post"}],"author":[{"embeddable":true,"href":"https:\/\/exaudi.org\/es\/wp-json\/wp\/v2\/users\/6"}],"replies":[{"embeddable":true,"href":"https:\/\/exaudi.org\/es\/wp-json\/wp\/v2\/comments?post=17547"}],"version-history":[{"count":0,"href":"https:\/\/exaudi.org\/es\/wp-json\/wp\/v2\/posts\/17547\/revisions"}],"wp:featuredmedia":[{"embeddable":true,"href":"https:\/\/exaudi.org\/es\/wp-json\/wp\/v2\/media\/17560"}],"wp:attachment":[{"href":"https:\/\/exaudi.org\/es\/wp-json\/wp\/v2\/media?parent=17547"}],"wp:term":[{"taxonomy":"category","embeddable":true,"href":"https:\/\/exaudi.org\/es\/wp-json\/wp\/v2\/categories?post=17547"},{"taxonomy":"post_tag","embeddable":true,"href":"https:\/\/exaudi.org\/es\/wp-json\/wp\/v2\/tags?post=17547"}],"curies":[{"name":"wp","href":"https:\/\/api.w.org\/{rel}","templated":true}]}}