{"id":17508,"date":"2021-05-18T13:31:52","date_gmt":"2021-05-18T11:31:52","guid":{"rendered":"https:\/\/exaudi.org\/?p=17508"},"modified":"2021-05-19T09:59:46","modified_gmt":"2021-05-19T07:59:46","slug":"presentacion-orientaciones-pastorales-jmj-iglesias-particulares","status":"publish","type":"post","link":"https:\/\/exaudi.org\/es\/presentacion-orientaciones-pastorales-jmj-iglesias-particulares\/","title":{"rendered":"Presentaci\u00f3n de Orientaciones para JMJ en Iglesias particulares"},"content":{"rendered":"<p>A las 11:30 horas de hoy, martes 18 de mayo de 2021, ha tenido lugar, en directo desde la Oficina de Prensa de la Santa Sede, la presentaci\u00f3n del libro <a href=\"https:\/\/exaudi.org\/es\/orientaciones-pastorales-celebrar-jmj-iglesias-particulares\/\" target=\"_blank\" rel=\"noopener noreferrer\">\u201cOrientaciones pastorales para la celebraci\u00f3n de la Jornada Mundial de la Juventud (JMJ) en las Iglesias particulares\u201d<\/a>, editado por <a href=\"http:\/\/www.laityfamilylife.va\/content\/laityfamilylife\/es.html\" target=\"_blank\" rel=\"noopener noreferrer\">Dicasterio para los Laicos, la Familia y la Vida.<\/a><\/p>\n<p align=\"LEFT\">En la rueda de prensa han intervenido el padre Alexandre Awi Mello I. Sch., secretario del Dicasterio, el padre Jo\u00e3o Chagas, jefe de la Oficina para los J\u00f3venes del mismo,, la doctora Dorota Abdelmoula, oficial del dicasterio, Maria Lisa Abu Nassar, de 26 a\u00f1os, de Nazaret, coordinadora de la acogida en el Centro Juvenil Internacional San Lorenzo, y Gelson Fernando Augusto Dinis, de 24 a\u00f1os, angole\u00f1o, seminarista, estudiante de Teolog\u00eda Dogm\u00e1tica en Roma.<\/p>\n<h4><strong>P. Aleixandre Awi Mello I. Sch.<\/strong><\/h4>\n<p>En la primera intervenci\u00f3n de la rueda de prensa, el padre Aleixandre ha se\u00f1alado que \u201cel impulso para redactar estas Orientaciones nos surgi\u00f3 cuando el Papa Francisco decidi\u00f3 trasladar la fecha de las JMJ diocesanas y relanzar su celebraci\u00f3n en las Iglesias particulares\u201d. El cambio de fecha de Ramos a Cristo Rey, explica, \u201cmantiene el \u00e9nfasis en el &#8216;misterio de Jesucristo, Redentor del hombre&#8217;\u201d.<\/p>\n<p>Del mismo modo, ha aclarado que el Dicasterio, reflexionando sobre c\u00f3mo aplicar correctamente las propuestas del S\u00ednodo de los obispos sobre los j\u00f3venes, la fe y el discernimiento vocacional, \u201cy aprovechando su experiencia de d\u00e9cadas en la coordinaci\u00f3n de las JMJ, ha decidido reunir en un documento algunos de los elementos clave que han hecho fruct\u00edferos estos encuentros a lo largo de los a\u00f1os, para ponerlo a disposici\u00f3n de las Iglesias particulares\u201d.<\/p>\n<p>\u201cCreemos firmemente que la JMJ internacional y su celebraci\u00f3n local se alimentan mutuamente. La dimensi\u00f3n internacional ampl\u00eda los horizontes de los j\u00f3venes y los abre a la fraternidad universal. La JMJ local, por su proximidad geogr\u00e1fica y f\u00edsica, puede generar m\u00e1s f\u00e1cilmente un compromiso en los j\u00f3venes que cambie el rostro de la sociedad en la que viven y aumente su sentido de pertenencia\u201d, sostiene.<\/p>\n<h4><b>P. Jo\u00e3o Chagas<\/b><\/h4>\n<p>El padre Chagas ha descrito el documento de las orientaciones pastorales como \u201csencillo y \u00e1gil, como corresponde a un instrumento pastoral; puede leerse f\u00e1cilmente en una hora\u201d, y ha definido en qu\u00e9 consisten los seis cap\u00edtulos que lo componen: El primero \u201cresume lo que las JMJ han representado en los \u00faltimos 35 a\u00f1os en la vida de la Iglesia\u201d.<\/p>\n<p>El segundo \u201cse detiene en la importancia de la celebraci\u00f3n de la JMJ a nivel local\u201d, el tercero \u201cretoma la elecci\u00f3n de la nueva fecha para la celebraci\u00f3n de la JMJ diocesana\/eparquial en la solemnidad de Cristo Rey\u201d, el cuarto \u201crecoge algunos de los aspectos m\u00e1s destacados que han surgido tras d\u00e9cadas de experiencia en la celebraci\u00f3n de las JMJ internacionales\u201d y \u201cenumera varias propuestas pastorales que reflejan la riqueza del evento\u201d.<\/p>\n<p>El quinto \u201cse centra en el protagonismo juvenil\u201d y resalta la importancia de \u201chacer part\u00edcipes a los j\u00f3venes, hoy, de la vida y la misi\u00f3n de la Iglesia, porque, como suele decir el Papa Francisco, los j\u00f3venes no son el futuro de la Iglesia\u201d. El sexto y \u00faltimo \u201cexplica la importancia del Mensaje anual del Santo Padre para la JMJ\u201d.<\/p>\n<p><img loading=\"lazy\" decoding=\"async\" class=\"alignleft size-medium wp-image-17520\" src=\"https:\/\/exaudi.org\/wp-content\/uploads\/2021\/05\/WhatsApp-Image-2021-05-18-at-12.20.17-300x215.jpeg\" alt=\"\" width=\"300\" height=\"215\" srcset=\"https:\/\/exaudi.org\/wp-content\/uploads\/2021\/05\/WhatsApp-Image-2021-05-18-at-12.20.17-300x215.jpeg 300w, https:\/\/exaudi.org\/wp-content\/uploads\/2021\/05\/WhatsApp-Image-2021-05-18-at-12.20.17-1024x735.jpeg 1024w, https:\/\/exaudi.org\/wp-content\/uploads\/2021\/05\/WhatsApp-Image-2021-05-18-at-12.20.17-768x552.jpeg 768w, https:\/\/exaudi.org\/wp-content\/uploads\/2021\/05\/WhatsApp-Image-2021-05-18-at-12.20.17-1536x1103.jpeg 1536w, https:\/\/exaudi.org\/wp-content\/uploads\/2021\/05\/WhatsApp-Image-2021-05-18-at-12.20.17-150x108.jpeg 150w, https:\/\/exaudi.org\/wp-content\/uploads\/2021\/05\/WhatsApp-Image-2021-05-18-at-12.20.17-696x500.jpeg 696w, https:\/\/exaudi.org\/wp-content\/uploads\/2021\/05\/WhatsApp-Image-2021-05-18-at-12.20.17-1068x767.jpeg 1068w, https:\/\/exaudi.org\/wp-content\/uploads\/2021\/05\/WhatsApp-Image-2021-05-18-at-12.20.17-585x420.jpeg 585w, https:\/\/exaudi.org\/wp-content\/uploads\/2021\/05\/WhatsApp-Image-2021-05-18-at-12.20.17.jpeg 1600w\" sizes=\"auto, (max-width: 300px) 100vw, 300px\" \/><\/p>\n<h4><b>Dorota Abdelmoula<\/b><\/h4>\n<p>La oficial del Dicasterio ha centrado su razonamiento en el protagonismo de la juventud: \u201cEs significativo que hoy, en el <a href=\"https:\/\/exaudi.org\/es\/san-juan-pablo-ii-en-su-101-aniversario\/\" target=\"_blank\" rel=\"noopener noreferrer\">aniversario del nacimiento de san Juan Pablo II<\/a>, que tanto apreciaba la presencia activa de los j\u00f3venes en la Iglesia, aqu\u00ed, en la Oficina de Prensa de la Santa Sede, sean precisamente los j\u00f3venes quienes hablen de la fe vivida en primera persona, con su lenguaje y su sensibilidad\u201d.<\/p>\n<p>En esta l\u00ednea, ha expresado que la confianza de los papas en las JMJ \u201ces un deseo que todo joven lleva dentro y que puede reavivar su vida\u201d. Por eso, prosigue, \u201cser\u00eda importante, y es uno de los est\u00edmulos que promovemos con estas orientaciones, no conformarse con tener ya un grupo de j\u00f3venes implicados en la parroquia o en la di\u00f3cesis, sino buscar cada vez a m\u00e1s de ellos, sobre todo entre los que quiz\u00e1 se sienten inadecuados, indignos, poco creyentes\u201d.<\/p>\n<p>\u201cEspero que estas orientaciones se conviertan en un incentivo para alimentar a\u00fan m\u00e1s esta confianza mutua\u201d, manifiesta.<\/p>\n<h4><b>Maria Lisa Abu Nassar<\/b><\/h4>\n<p>La coordinadora de la acogida en el Centro Juvenil Internacional San Lorenzo ha indicado que \u201cla Iglesia se esfuerza continuamente por abrirse, por mejorarse, reconociendo a las personas que m\u00e1s necesitan ser amadas y guiadas por la Iglesia, ayud\u00e1ndolas a encontrar su identidad de hijos de Dios\u201d.<\/p>\n<p>\u201cA pesar de los muchos conflictos que hay en mi tierra, siempre sigue siendo un lugar de peregrinaci\u00f3n, donde los j\u00f3venes y los peregrinos vienen a encontrarse con Jes\u00fas. Por eso ser\u00eda importante animar a los j\u00f3venes locales a salir a descubrir el Evangelio caminando sobre las huellas de Jes\u00fas en los lugares donde vivi\u00f3\u201d, ha declarado.<\/p>\n<p>Tierra Santa, contin\u00faa, \u201ces un peque\u00f1o territorio con diferentes religiones, en el que los cristianos son una minor\u00eda\u201d. En esta l\u00ednea, alude a\u00a0 la importancia de \u201cabrir la puerta al di\u00e1logo entre j\u00f3venes de diferentes religiones\u201d. Ha mostrado su convencimiento de que \u201ctodos los j\u00f3venes, a pesar de nuestras diferencias, partimos de un punto com\u00fan, buscamos algo, o m\u00e1s bien Alguien, que pueda dar sentido a nuestra existencia\u201d.<\/p>\n<h4><b>Gelson Fernando Augusto Dinis<\/b><\/h4>\n<p>El seminarista y estudiante de Teolog\u00eda Dogm\u00e1tica ha descrito el documento del Dicasterio como bello y profundo, lo que le ha impactado: \u201cEn particular, el \u00e9nfasis que da a la Iglesia como mediadora del encuentro del joven con Dios, y a sus ministros como facilitadores de este encuentro\u201d.<\/p>\n<p>\u201cLos j\u00f3venes, como perlas preciosas de la Iglesia, encuentran en las Jornadas diocesanas de la Juventud una oportunidad no s\u00f3lo para experimentar la comuni\u00f3n eclesial, sino tambi\u00e9n para aprender a sentirse miembros de la comunidad en la que se encuentran. Por eso, en estas ocasiones, la cercan\u00eda del p\u00e1rroco, del obispo, es fundamental, para que los j\u00f3venes se sientan acogidos y comprendan que son esenciales para la misi\u00f3n de la Iglesia, que en s\u00ed misma no excluye a nadie\u201d, argumenta.<\/p>\n<p>Finalmente, ha destacado que las jornadas son tambi\u00e9n vocacionales, \u201cde verdadero descubrimiento de la voluntad de Dios en la propia vida\u201d. Por ello, concluye, \u201cadem\u00e1s del acompa\u00f1amiento de los obispos o de los sacerdotes, el testimonio de las familias, sobre todo de los matrimonios m\u00e1s j\u00f3venes, es fundamental para que cada joven, evangelizado por su presencia, descubra el proyecto de Dios en su interior y no tenga miedo de hacer una elecci\u00f3n definitiva para su vida\u201d.<\/p>\n","protected":false},"excerpt":{"rendered":"<p>Conferencia de prensa<\/p>\n","protected":false},"author":6,"featured_media":17517,"comment_status":"closed","ping_status":"closed","sticky":false,"template":"","format":"standard","meta":{"_acf_changed":false,"_crdt_document":"","inline_featured_image":false,"footnotes":""},"categories":[138,150,298],"tags":[997,2376,2377],"class_list":["post-17508","post","type-post","status-publish","format-standard","has-post-thumbnail","hentry","category-dicasterios","category-jornadas-mundiales-juventud","category-ultimas-noticias","tag-conferencia-de-prensa","tag-jornada-mundial-de-la-juventud-jmj","tag-orientaciones-pastorales"],"acf":[],"yoast_head":"<!-- This site is optimized with the Yoast SEO plugin v27.4 - https:\/\/yoast.com\/product\/yoast-seo-wordpress\/ -->\n<title>Presentaci\u00f3n de Orientaciones para JMJ en Iglesias particulares<\/title>\n<meta name=\"description\" content=\"Esta ma\u00f1ana ha sido la presentaci\u00f3n del documento de las orientaciones pastorales para la celebraci\u00f3n de la JMJ en Iglesias particulares.\" \/>\n<meta name=\"robots\" content=\"index, follow, max-snippet:-1, max-image-preview:large, max-video-preview:-1\" \/>\n<link rel=\"canonical\" href=\"https:\/\/exaudi.org\/es\/presentacion-orientaciones-pastorales-jmj-iglesias-particulares\/\" \/>\n<meta property=\"og:locale\" content=\"es_ES\" \/>\n<meta property=\"og:type\" content=\"article\" \/>\n<meta property=\"og:title\" content=\"Presentaci\u00f3n de Orientaciones para JMJ en Iglesias particulares\" \/>\n<meta property=\"og:description\" content=\"Esta ma\u00f1ana ha sido la presentaci\u00f3n del documento de las orientaciones pastorales para la celebraci\u00f3n de la JMJ en Iglesias particulares.\" \/>\n<meta property=\"og:url\" content=\"https:\/\/exaudi.org\/es\/presentacion-orientaciones-pastorales-jmj-iglesias-particulares\/\" \/>\n<meta property=\"og:site_name\" content=\"Exaudi\" \/>\n<meta property=\"article:publisher\" content=\"https:\/\/www.facebook.com\/ExaudiNews\" \/>\n<meta property=\"article:published_time\" content=\"2021-05-18T11:31:52+00:00\" \/>\n<meta property=\"article:modified_time\" content=\"2021-05-19T07:59:46+00:00\" \/>\n<meta property=\"og:image\" content=\"https:\/\/exaudi.org\/wp-content\/uploads\/2021\/05\/123124v.jpeg\" \/>\n\t<meta property=\"og:image:width\" content=\"1501\" \/>\n\t<meta property=\"og:image:height\" content=\"617\" \/>\n\t<meta property=\"og:image:type\" content=\"image\/jpeg\" \/>\n<meta name=\"author\" content=\"Gabriel Sales\" \/>\n<meta name=\"twitter:card\" content=\"summary_large_image\" \/>\n<meta name=\"twitter:creator\" content=\"@habemusman\" \/>\n<meta name=\"twitter:site\" content=\"@Exaudi_News\" \/>\n<meta name=\"twitter:label1\" content=\"Escrito por\" \/>\n\t<meta name=\"twitter:data1\" content=\"Gabriel Sales\" \/>\n\t<meta name=\"twitter:label2\" content=\"Tiempo de lectura\" \/>\n\t<meta name=\"twitter:data2\" content=\"5 minutos\" \/>\n<script type=\"application\/ld+json\" class=\"yoast-schema-graph\">{\"@context\":\"https:\\\/\\\/schema.org\",\"@graph\":[{\"@type\":\"Article\",\"@id\":\"https:\\\/\\\/exaudi.org\\\/es\\\/presentacion-orientaciones-pastorales-jmj-iglesias-particulares\\\/#article\",\"isPartOf\":{\"@id\":\"https:\\\/\\\/exaudi.org\\\/es\\\/presentacion-orientaciones-pastorales-jmj-iglesias-particulares\\\/\"},\"author\":{\"name\":\"Gabriel Sales\",\"@id\":\"https:\\\/\\\/exaudi.org\\\/#\\\/schema\\\/person\\\/d134b96438278131ce90c90c03fda6cd\"},\"headline\":\"Presentaci\u00f3n de Orientaciones para JMJ en Iglesias particulares\",\"datePublished\":\"2021-05-18T11:31:52+00:00\",\"dateModified\":\"2021-05-19T07:59:46+00:00\",\"mainEntityOfPage\":{\"@id\":\"https:\\\/\\\/exaudi.org\\\/es\\\/presentacion-orientaciones-pastorales-jmj-iglesias-particulares\\\/\"},\"wordCount\":1175,\"image\":{\"@id\":\"https:\\\/\\\/exaudi.org\\\/es\\\/presentacion-orientaciones-pastorales-jmj-iglesias-particulares\\\/#primaryimage\"},\"thumbnailUrl\":\"https:\\\/\\\/exaudi.org\\\/wp-content\\\/uploads\\\/2021\\\/05\\\/123124v.jpeg\",\"keywords\":[\"Conferencia de prensa\",\"Jornada Mundial de la Juventud (JMJ)\",\"Orientaciones pastorales\"],\"articleSection\":[\"Dicasterios\",\"Jornadas Mundiales Juventud\",\"\u00daltimas noticias\"],\"inLanguage\":\"es\"},{\"@type\":\"WebPage\",\"@id\":\"https:\\\/\\\/exaudi.org\\\/es\\\/presentacion-orientaciones-pastorales-jmj-iglesias-particulares\\\/\",\"url\":\"https:\\\/\\\/exaudi.org\\\/es\\\/presentacion-orientaciones-pastorales-jmj-iglesias-particulares\\\/\",\"name\":\"Presentaci\u00f3n de Orientaciones para JMJ en Iglesias particulares\",\"isPartOf\":{\"@id\":\"https:\\\/\\\/exaudi.org\\\/#website\"},\"primaryImageOfPage\":{\"@id\":\"https:\\\/\\\/exaudi.org\\\/es\\\/presentacion-orientaciones-pastorales-jmj-iglesias-particulares\\\/#primaryimage\"},\"image\":{\"@id\":\"https:\\\/\\\/exaudi.org\\\/es\\\/presentacion-orientaciones-pastorales-jmj-iglesias-particulares\\\/#primaryimage\"},\"thumbnailUrl\":\"https:\\\/\\\/exaudi.org\\\/wp-content\\\/uploads\\\/2021\\\/05\\\/123124v.jpeg\",\"datePublished\":\"2021-05-18T11:31:52+00:00\",\"dateModified\":\"2021-05-19T07:59:46+00:00\",\"author\":{\"@id\":\"https:\\\/\\\/exaudi.org\\\/#\\\/schema\\\/person\\\/d134b96438278131ce90c90c03fda6cd\"},\"description\":\"Esta ma\u00f1ana ha sido la presentaci\u00f3n del documento de las orientaciones pastorales para la celebraci\u00f3n de la JMJ en Iglesias particulares.\",\"breadcrumb\":{\"@id\":\"https:\\\/\\\/exaudi.org\\\/es\\\/presentacion-orientaciones-pastorales-jmj-iglesias-particulares\\\/#breadcrumb\"},\"inLanguage\":\"es\",\"potentialAction\":[{\"@type\":\"ReadAction\",\"target\":[\"https:\\\/\\\/exaudi.org\\\/es\\\/presentacion-orientaciones-pastorales-jmj-iglesias-particulares\\\/\"]}]},{\"@type\":\"ImageObject\",\"inLanguage\":\"es\",\"@id\":\"https:\\\/\\\/exaudi.org\\\/es\\\/presentacion-orientaciones-pastorales-jmj-iglesias-particulares\\\/#primaryimage\",\"url\":\"https:\\\/\\\/exaudi.org\\\/wp-content\\\/uploads\\\/2021\\\/05\\\/123124v.jpeg\",\"contentUrl\":\"https:\\\/\\\/exaudi.org\\\/wp-content\\\/uploads\\\/2021\\\/05\\\/123124v.jpeg\",\"width\":1501,\"height\":617,\"caption\":\"Presentaci\u00f3n del libro del Dicasterio \u00a9 Exaudi. Acali\"},{\"@type\":\"BreadcrumbList\",\"@id\":\"https:\\\/\\\/exaudi.org\\\/es\\\/presentacion-orientaciones-pastorales-jmj-iglesias-particulares\\\/#breadcrumb\",\"itemListElement\":[{\"@type\":\"ListItem\",\"position\":1,\"name\":\"Portada\",\"item\":\"https:\\\/\\\/exaudi.org\\\/es\\\/\"},{\"@type\":\"ListItem\",\"position\":2,\"name\":\"Presentaci\u00f3n de Orientaciones para JMJ en Iglesias particulares\"}]},{\"@type\":\"WebSite\",\"@id\":\"https:\\\/\\\/exaudi.org\\\/#website\",\"url\":\"https:\\\/\\\/exaudi.org\\\/\",\"name\":\"Exaudi\",\"description\":\"News\",\"potentialAction\":[{\"@type\":\"SearchAction\",\"target\":{\"@type\":\"EntryPoint\",\"urlTemplate\":\"https:\\\/\\\/exaudi.org\\\/?s={search_term_string}\"},\"query-input\":{\"@type\":\"PropertyValueSpecification\",\"valueRequired\":true,\"valueName\":\"search_term_string\"}}],\"inLanguage\":\"es\"},{\"@type\":\"Person\",\"@id\":\"https:\\\/\\\/exaudi.org\\\/#\\\/schema\\\/person\\\/d134b96438278131ce90c90c03fda6cd\",\"name\":\"Gabriel Sales\",\"image\":{\"@type\":\"ImageObject\",\"inLanguage\":\"es\",\"@id\":\"https:\\\/\\\/secure.gravatar.com\\\/avatar\\\/9b1269566f6a063ed26ffb3532b66a373cdde231ce5d0effb266167437fdaffd?s=96&d=mm&r=g\",\"url\":\"https:\\\/\\\/secure.gravatar.com\\\/avatar\\\/9b1269566f6a063ed26ffb3532b66a373cdde231ce5d0effb266167437fdaffd?s=96&d=mm&r=g\",\"contentUrl\":\"https:\\\/\\\/secure.gravatar.com\\\/avatar\\\/9b1269566f6a063ed26ffb3532b66a373cdde231ce5d0effb266167437fdaffd?s=96&d=mm&r=g\",\"caption\":\"Gabriel Sales\"},\"description\":\"Periodista y especialista en Comunicaci\u00f3n y Branding digital. Cin\u00e9filo y cr\u00edtico de cine y series de televisi\u00f3n.\",\"sameAs\":[\"https:\\\/\\\/www.instagram.com\\\/cine90segundos\\\/\",\"www.linkedin.com\\\/in\\\/habemusman\",\"https:\\\/\\\/x.com\\\/habemusman\",\"https:\\\/\\\/www.youtube.com\\\/channel\\\/UCVfCiOMkJ_C7T7OpyjuaLDg\"],\"url\":\"https:\\\/\\\/exaudi.org\\\/es\\\/author\\\/gsalesexaudi-org\\\/\"}]}<\/script>\n<!-- \/ Yoast SEO plugin. -->","yoast_head_json":{"title":"Presentaci\u00f3n de Orientaciones para JMJ en Iglesias particulares","description":"Esta ma\u00f1ana ha sido la presentaci\u00f3n del documento de las orientaciones pastorales para la celebraci\u00f3n de la JMJ en Iglesias particulares.","robots":{"index":"index","follow":"follow","max-snippet":"max-snippet:-1","max-image-preview":"max-image-preview:large","max-video-preview":"max-video-preview:-1"},"canonical":"https:\/\/exaudi.org\/es\/presentacion-orientaciones-pastorales-jmj-iglesias-particulares\/","og_locale":"es_ES","og_type":"article","og_title":"Presentaci\u00f3n de Orientaciones para JMJ en Iglesias particulares","og_description":"Esta ma\u00f1ana ha sido la presentaci\u00f3n del documento de las orientaciones pastorales para la celebraci\u00f3n de la JMJ en Iglesias particulares.","og_url":"https:\/\/exaudi.org\/es\/presentacion-orientaciones-pastorales-jmj-iglesias-particulares\/","og_site_name":"Exaudi","article_publisher":"https:\/\/www.facebook.com\/ExaudiNews","article_published_time":"2021-05-18T11:31:52+00:00","article_modified_time":"2021-05-19T07:59:46+00:00","og_image":[{"width":1501,"height":617,"url":"https:\/\/exaudi.org\/wp-content\/uploads\/2021\/05\/123124v.jpeg","type":"image\/jpeg"}],"author":"Gabriel Sales","twitter_card":"summary_large_image","twitter_creator":"@habemusman","twitter_site":"@Exaudi_News","twitter_misc":{"Escrito por":"Gabriel Sales","Tiempo de lectura":"5 minutos"},"schema":{"@context":"https:\/\/schema.org","@graph":[{"@type":"Article","@id":"https:\/\/exaudi.org\/es\/presentacion-orientaciones-pastorales-jmj-iglesias-particulares\/#article","isPartOf":{"@id":"https:\/\/exaudi.org\/es\/presentacion-orientaciones-pastorales-jmj-iglesias-particulares\/"},"author":{"name":"Gabriel Sales","@id":"https:\/\/exaudi.org\/#\/schema\/person\/d134b96438278131ce90c90c03fda6cd"},"headline":"Presentaci\u00f3n de Orientaciones para JMJ en Iglesias particulares","datePublished":"2021-05-18T11:31:52+00:00","dateModified":"2021-05-19T07:59:46+00:00","mainEntityOfPage":{"@id":"https:\/\/exaudi.org\/es\/presentacion-orientaciones-pastorales-jmj-iglesias-particulares\/"},"wordCount":1175,"image":{"@id":"https:\/\/exaudi.org\/es\/presentacion-orientaciones-pastorales-jmj-iglesias-particulares\/#primaryimage"},"thumbnailUrl":"https:\/\/exaudi.org\/wp-content\/uploads\/2021\/05\/123124v.jpeg","keywords":["Conferencia de prensa","Jornada Mundial de la Juventud (JMJ)","Orientaciones pastorales"],"articleSection":["Dicasterios","Jornadas Mundiales Juventud","\u00daltimas noticias"],"inLanguage":"es"},{"@type":"WebPage","@id":"https:\/\/exaudi.org\/es\/presentacion-orientaciones-pastorales-jmj-iglesias-particulares\/","url":"https:\/\/exaudi.org\/es\/presentacion-orientaciones-pastorales-jmj-iglesias-particulares\/","name":"Presentaci\u00f3n de Orientaciones para JMJ en Iglesias particulares","isPartOf":{"@id":"https:\/\/exaudi.org\/#website"},"primaryImageOfPage":{"@id":"https:\/\/exaudi.org\/es\/presentacion-orientaciones-pastorales-jmj-iglesias-particulares\/#primaryimage"},"image":{"@id":"https:\/\/exaudi.org\/es\/presentacion-orientaciones-pastorales-jmj-iglesias-particulares\/#primaryimage"},"thumbnailUrl":"https:\/\/exaudi.org\/wp-content\/uploads\/2021\/05\/123124v.jpeg","datePublished":"2021-05-18T11:31:52+00:00","dateModified":"2021-05-19T07:59:46+00:00","author":{"@id":"https:\/\/exaudi.org\/#\/schema\/person\/d134b96438278131ce90c90c03fda6cd"},"description":"Esta ma\u00f1ana ha sido la presentaci\u00f3n del documento de las orientaciones pastorales para la celebraci\u00f3n de la JMJ en Iglesias particulares.","breadcrumb":{"@id":"https:\/\/exaudi.org\/es\/presentacion-orientaciones-pastorales-jmj-iglesias-particulares\/#breadcrumb"},"inLanguage":"es","potentialAction":[{"@type":"ReadAction","target":["https:\/\/exaudi.org\/es\/presentacion-orientaciones-pastorales-jmj-iglesias-particulares\/"]}]},{"@type":"ImageObject","inLanguage":"es","@id":"https:\/\/exaudi.org\/es\/presentacion-orientaciones-pastorales-jmj-iglesias-particulares\/#primaryimage","url":"https:\/\/exaudi.org\/wp-content\/uploads\/2021\/05\/123124v.jpeg","contentUrl":"https:\/\/exaudi.org\/wp-content\/uploads\/2021\/05\/123124v.jpeg","width":1501,"height":617,"caption":"Presentaci\u00f3n del libro del Dicasterio \u00a9 Exaudi. Acali"},{"@type":"BreadcrumbList","@id":"https:\/\/exaudi.org\/es\/presentacion-orientaciones-pastorales-jmj-iglesias-particulares\/#breadcrumb","itemListElement":[{"@type":"ListItem","position":1,"name":"Portada","item":"https:\/\/exaudi.org\/es\/"},{"@type":"ListItem","position":2,"name":"Presentaci\u00f3n de Orientaciones para JMJ en Iglesias particulares"}]},{"@type":"WebSite","@id":"https:\/\/exaudi.org\/#website","url":"https:\/\/exaudi.org\/","name":"Exaudi","description":"News","potentialAction":[{"@type":"SearchAction","target":{"@type":"EntryPoint","urlTemplate":"https:\/\/exaudi.org\/?s={search_term_string}"},"query-input":{"@type":"PropertyValueSpecification","valueRequired":true,"valueName":"search_term_string"}}],"inLanguage":"es"},{"@type":"Person","@id":"https:\/\/exaudi.org\/#\/schema\/person\/d134b96438278131ce90c90c03fda6cd","name":"Gabriel Sales","image":{"@type":"ImageObject","inLanguage":"es","@id":"https:\/\/secure.gravatar.com\/avatar\/9b1269566f6a063ed26ffb3532b66a373cdde231ce5d0effb266167437fdaffd?s=96&d=mm&r=g","url":"https:\/\/secure.gravatar.com\/avatar\/9b1269566f6a063ed26ffb3532b66a373cdde231ce5d0effb266167437fdaffd?s=96&d=mm&r=g","contentUrl":"https:\/\/secure.gravatar.com\/avatar\/9b1269566f6a063ed26ffb3532b66a373cdde231ce5d0effb266167437fdaffd?s=96&d=mm&r=g","caption":"Gabriel Sales"},"description":"Periodista y especialista en Comunicaci\u00f3n y Branding digital. Cin\u00e9filo y cr\u00edtico de cine y series de televisi\u00f3n.","sameAs":["https:\/\/www.instagram.com\/cine90segundos\/","www.linkedin.com\/in\/habemusman","https:\/\/x.com\/habemusman","https:\/\/www.youtube.com\/channel\/UCVfCiOMkJ_C7T7OpyjuaLDg"],"url":"https:\/\/exaudi.org\/es\/author\/gsalesexaudi-org\/"}]}},"jetpack_featured_media_url":"https:\/\/exaudi.org\/wp-content\/uploads\/2021\/05\/123124v.jpeg","jetpack_shortlink":"https:\/\/wp.me\/pgKjF2-4yo","_links":{"self":[{"href":"https:\/\/exaudi.org\/es\/wp-json\/wp\/v2\/posts\/17508","targetHints":{"allow":["GET"]}}],"collection":[{"href":"https:\/\/exaudi.org\/es\/wp-json\/wp\/v2\/posts"}],"about":[{"href":"https:\/\/exaudi.org\/es\/wp-json\/wp\/v2\/types\/post"}],"author":[{"embeddable":true,"href":"https:\/\/exaudi.org\/es\/wp-json\/wp\/v2\/users\/6"}],"replies":[{"embeddable":true,"href":"https:\/\/exaudi.org\/es\/wp-json\/wp\/v2\/comments?post=17508"}],"version-history":[{"count":0,"href":"https:\/\/exaudi.org\/es\/wp-json\/wp\/v2\/posts\/17508\/revisions"}],"wp:featuredmedia":[{"embeddable":true,"href":"https:\/\/exaudi.org\/es\/wp-json\/wp\/v2\/media\/17517"}],"wp:attachment":[{"href":"https:\/\/exaudi.org\/es\/wp-json\/wp\/v2\/media?parent=17508"}],"wp:term":[{"taxonomy":"category","embeddable":true,"href":"https:\/\/exaudi.org\/es\/wp-json\/wp\/v2\/categories?post=17508"},{"taxonomy":"post_tag","embeddable":true,"href":"https:\/\/exaudi.org\/es\/wp-json\/wp\/v2\/tags?post=17508"}],"curies":[{"name":"wp","href":"https:\/\/api.w.org\/{rel}","templated":true}]}}