{"id":17313,"date":"2021-05-17T16:41:51","date_gmt":"2021-05-17T14:41:51","guid":{"rendered":"https:\/\/exaudi.org\/?p=17313"},"modified":"2021-05-18T13:32:06","modified_gmt":"2021-05-18T11:32:06","slug":"institutos-vida-consagrada-espana-videomensaje-papa-2021","status":"publish","type":"post","link":"https:\/\/exaudi.org\/es\/institutos-vida-consagrada-espana-videomensaje-papa-2021\/","title":{"rendered":"Institutos Vida Consagrada en Espa\u00f1a: Videomensaje del Papa"},"content":{"rendered":"<p>El <a href=\"https:\/\/exaudi.org\/es\/papa-regalo-apoyo-centro-indio-shanti-ashram\/\" target=\"_blank\" rel=\"noopener noreferrer\">Papa Francisco<\/a> ha enviado un <a href=\"https:\/\/www.facebook.com\/watch\/?v=522732432218990\" target=\"_blank\" rel=\"noopener noreferrer\">video mensaje<\/a> a los participantes de la 50\u00aa Semana Nacional de los Institutos de Vida Consagrada en Espa\u00f1a, que se celebra virtualmente del 17 al 22 de mayo sobre el tema \u201cConsagrados para la vida del mundo. La vida consagrada en la sociedad de hoy\u201d. As\u00ed ha informado hoy, 17 de mayo de 2021, la <a href=\"http:\/\/www.vatican.va\/news_services\/press\/index_sp.htm\" target=\"_blank\" rel=\"noopener noreferrer\">Oficina de Prensa de la Santa Sede.<\/a><\/p>\n<h4><strong>La reforma es camino<\/strong><\/h4>\n<p>Despu\u00e9s de expresar su cercan\u00eda a los hermanos consagrados en el comienzo de su mensaje, el Santo Padre ha destacado que \u201cen la vida consagrada se comprende caminando, como siempre. Se comprende consagr\u00e1ndose cada d\u00eda. Se comprende en el di\u00e1logo con la realidad. Cuando la vida consagrada pierde esta dimensi\u00f3n de di\u00e1logo con la realidad y de reflexi\u00f3n sobre lo que sucede, empieza a hacerse est\u00e9ril\u201d.<\/p>\n<p>\u201cYo me pregunto sobre la esterilidad de algunos institutos de vida consagrada, ver la causa, generalmente est\u00e1 en la falta de di\u00e1logo y de compromiso con la realidad. No dejen esto. Siempre la vida consagrada es un di\u00e1logo con la realidad\u201d, expuso Francisco. Y ha animado a pensar en santa Teresa, que \u201cvio la realidad e hizo una opci\u00f3n de reforma y fue adelante\u201d. La reforma, ha indicado, \u201csiempre es camino, es camino en contacto con la realidad y horizonte bajo la luz de un carisma fundacional\u201d.<\/p>\n<h4><strong>Carisma frente a ideolog\u00eda<\/strong><\/h4>\n<p>Seguidamente, el Pont\u00edfice ha mostrado su tristeza al recordar \u201cc\u00f3mo algunos institutos, para buscar cierta seguridad, para poder controlarse, han ca\u00eddo en ideolog\u00edas de cualquier signo, de izquierda, de derecha, de centro, cualquiera\u201d. Cuando un instituto hace esto, insiste, \u201cpierde su fecundidad\u201d.<\/p>\n<p>\u201cMantener vivo el carisma fundacional es mantenerlo en camino y en crecimiento, en di\u00e1logo con lo que el Esp\u00edritu nos va diciendo en la historia de los tiempos, en los lugares, en diversas \u00e9pocas, en diversas situaciones. Supone discernimiento y supone oraci\u00f3n. No se puede mantener un carisma fundacional sin coraje apost\u00f3lico, o sea, sin caminar, sin discernimiento y sin oraci\u00f3n\u201d, sostiene el Papa.<\/p>\n<p>A modo de conclusi\u00f3n, el Sucesor de Pedro ha exhortado a los hermanos consagrados de la siguiente manera: \u201c\u00a1No les tengan miedo a los l\u00edmites! \u00a1No les tengan miedo a las fronteras! \u00a1No les tengan miedo a las periferias! Porque ah\u00ed el Esp\u00edritu les va a hablar. P\u00f3nganse &#8216;a tiro&#8217; del Esp\u00edritu Santo. Y estas semanas ayudar\u00e1n, ciertamente, a ponerse &#8216;a tiro&#8217;\u201d.<\/p>\n<p>A continuaci\u00f3n, sigue el texto completo del videomensaje de Francisco, ofrecido por la Oficina de Prensa de la Santa Sede.<\/p>\n<p>***<\/p>\n<h4><strong>Videomensaje del Obispo de Roma<\/strong><\/h4>\n<p>Queridos hermanos y hermanas que est\u00e1n participando en esta 50 \u2014o 49-50, porque el a\u00f1o pasado no se pudo hacer\u2014 Semana de Vida Religiosa, que comenz\u00f3 all\u00e1 cuando el ahora cardenal Aquilino Bocos Merino, desde la revista Vida Religiosa, empez\u00f3 a mover el ambiente.<\/p>\n<p>Quiero agradecer p\u00fablicamente a don Aquilino, el sacerdote, el religioso, que nunca dej\u00f3 de ser religioso y sacerdote, y que siempre sirve a la Iglesia as\u00ed. Quiero agradecer ese sembrar continuamente la inquietud por comprender la riqueza de la vida consagrada y hacerla fructificar. No solo comprender, vivirla. No solo teor\u00eda, no, pr\u00e1ctica. En todo caso, catequesis para practicarla mejor. As\u00ed que agradezco p\u00fablicamente al cardenal Aquilino todo esto.<\/p>\n<p>Y veo el programa, lo tengo aqu\u00ed, veo que hay gente que tiene mucha experiencia en vida religiosa, y experiencia universal, y experiencia del l\u00edmite. Por ejemplo, la presidenta de la CLAR, la hermana Liliana: el l\u00edmite en Am\u00e9rica Latina, que tantas veces ha aparecido en el S\u00ednodo para la Amazon\u00eda; o el cardenal Crist\u00f3bal, de Rabat: el l\u00edmite con el mundo isl\u00e1mico. Y tantos otros participantes desde todo punto de vista.<\/p>\n<p>Me gusta el mensaje, lo estoy viendo ahora por primera vez el programa. Y quiero decirles que estoy cerca de ustedes en la realizaci\u00f3n de esta 49-50 \u2014mas es 50\u2014 Semana Nacional para los Institutos de Vida Consagrada. En la vida consagrada se comprende caminando, como siempre. Se comprende consagr\u00e1ndose cada d\u00eda. Se comprende en el di\u00e1logo con la realidad. Cuando la vida consagrada pierde esta dimensi\u00f3n de di\u00e1logo con la realidad y de reflexi\u00f3n sobre lo que sucede, empieza a hacerse est\u00e9ril. Yo me pregunto sobre la esterilidad de algunos institutos de vida consagrada, ver la causa, generalmente est\u00e1 en la falta de di\u00e1logo y de compromiso con la realidad. No dejen esto. Siempre la vida consagrada es un di\u00e1logo con la realidad. Alguno dir\u00e1 \u201cs\u00ed, ahora esta forma moderna\u201d. \u00a1No! Pensemos en santa Teresa. Santa Teresa vio la realidad e hizo una opci\u00f3n de reforma y fue adelante. Despu\u00e9s, a lo largo del camino hubo conatos de transformar esa reforma en encierro, siempre hay. Pero la reforma siempre es camino, es camino en contacto con la realidad y horizonte bajo la luz de un carisma fundacional. Y estas jornadas, estos encuentros, estas semanas de vida consagrada ayudan a perder el miedo.<\/p>\n<p>Y tambi\u00e9n, es triste ver c\u00f3mo algunos institutos, para buscar cierta seguridad, para poder controlarse, han ca\u00eddo en ideolog\u00edas de cualquier signo, de izquierda, de derecha, de centro, cualquiera. Cuando un instituto se reformula del carisma en la ideolog\u00eda pierde su identidad, pierde su fecundidad. Mantener vivo el carisma fundacional es mantenerlo en camino y en crecimiento, en di\u00e1logo con lo que el Esp\u00edritu nos va diciendo en la historia de los tiempos, en los lugares, en diversas \u00e9pocas, en diversas situaciones. Supone discernimiento y supone oraci\u00f3n. No se puede mantener un carisma fundacional sin coraje apost\u00f3lico, o sea, sin caminar, sin discernimiento y sin oraci\u00f3n. Y esto es lo que ustedes est\u00e1n tratando de hacer con esta semana. No es reunirse para tocar la guitarra y decir \u201cqu\u00e9 linda la vida consagrada\u201d, no \u2014s\u00ed, toquen la guitarra de vez en cuando porque hace bien cantar, hace bien, como dice san Agust\u00edn, \u201ccanta y camina\u201d, hace bien\u2014, sino para buscar juntos de no perdernos en formulismos, en ideolog\u00edas, en miedos, en di\u00e1logos con nosotros mismos y no con el Esp\u00edritu Santo.<\/p>\n<p>\u00a1No les tengan miedo a los l\u00edmites! \u00a1No les tengan miedo a las fronteras! \u00a1No les tengan miedo a las periferias! Porque ah\u00ed el Esp\u00edritu les va a hablar. P\u00f3nganse \u201ca tiro\u201d del Esp\u00edritu Santo. Y estas semanas ayudar\u00e1n, ciertamente, a ponerse \u201ca tiro\u201d.<\/p>\n<p>Que Dios los bendiga, que la Virgen los cuide. Y si les queda un \u201ccachito\u201d de tiempo, recen por m\u00ed. Gracias.<\/p>\n<p><strong>\u00a9 Librer\u00eda Editora Vaticana<\/strong><\/p>\n","protected":false},"excerpt":{"rendered":"<p>\u201cEn la vida consagrada se comprende caminando\u201d<\/p>\n","protected":false},"author":6,"featured_media":17318,"comment_status":"closed","ping_status":"closed","sticky":false,"template":"","format":"standard","meta":{"_acf_changed":false,"_crdt_document":"","inline_featured_image":false,"footnotes":""},"categories":[118,298],"tags":[1008,2360,158,362],"class_list":["post-17313","post","type-post","status-publish","format-standard","has-post-thumbnail","hentry","category-mensajes","category-ultimas-noticias","tag-espana","tag-institutos-de-vida-consagrada","tag-papa-francisco","tag-videomensaje"],"acf":[],"yoast_head":"<!-- This site is optimized with the Yoast SEO plugin v27.5 - https:\/\/yoast.com\/product\/yoast-seo-wordpress\/ -->\n<title>Institutos Vida Consagrada en Espa\u00f1a: Videomensaje del Papa - Exaudi<\/title>\n<meta name=\"description\" content=\"El Papa Francisco ha emitido un videomensaje a los participantes de la 50\u00aa Semana Nacional de los Institutos de Vida Consagrada en Espa\u00f1a.\" \/>\n<meta name=\"robots\" content=\"index, follow, max-snippet:-1, max-image-preview:large, max-video-preview:-1\" \/>\n<link rel=\"canonical\" href=\"https:\/\/exaudi.org\/es\/institutos-vida-consagrada-espana-videomensaje-papa-2021\/\" \/>\n<meta property=\"og:locale\" content=\"es_ES\" \/>\n<meta property=\"og:type\" content=\"article\" \/>\n<meta property=\"og:title\" content=\"Institutos Vida Consagrada en Espa\u00f1a: Videomensaje del Papa - Exaudi\" \/>\n<meta property=\"og:description\" content=\"El Papa Francisco ha emitido un videomensaje a los participantes de la 50\u00aa Semana Nacional de los Institutos de Vida Consagrada en Espa\u00f1a.\" \/>\n<meta property=\"og:url\" content=\"https:\/\/exaudi.org\/es\/institutos-vida-consagrada-espana-videomensaje-papa-2021\/\" \/>\n<meta property=\"og:site_name\" content=\"Exaudi\" \/>\n<meta property=\"article:publisher\" content=\"https:\/\/www.facebook.com\/ExaudiNews\" \/>\n<meta property=\"article:published_time\" content=\"2021-05-17T14:41:51+00:00\" \/>\n<meta property=\"article:modified_time\" content=\"2021-05-18T11:32:06+00:00\" \/>\n<meta property=\"og:image\" content=\"https:\/\/exaudi.org\/wp-content\/uploads\/2021\/05\/fsdfsd4-scaled.jpg\" \/>\n\t<meta property=\"og:image:width\" content=\"2560\" \/>\n\t<meta property=\"og:image:height\" content=\"1707\" \/>\n\t<meta property=\"og:image:type\" content=\"image\/jpeg\" \/>\n<meta name=\"author\" content=\"Gabriel Sales\" \/>\n<meta name=\"twitter:card\" content=\"summary_large_image\" \/>\n<meta name=\"twitter:creator\" content=\"@habemusman\" \/>\n<meta name=\"twitter:site\" content=\"@Exaudi_News\" \/>\n<meta name=\"twitter:label1\" content=\"Escrito por\" \/>\n\t<meta name=\"twitter:data1\" content=\"Gabriel Sales\" \/>\n\t<meta name=\"twitter:label2\" content=\"Tiempo de lectura\" \/>\n\t<meta name=\"twitter:data2\" content=\"5 minutos\" \/>\n<script type=\"application\/ld+json\" class=\"yoast-schema-graph\">{\"@context\":\"https:\\\/\\\/schema.org\",\"@graph\":[{\"@type\":\"Article\",\"@id\":\"https:\\\/\\\/exaudi.org\\\/es\\\/institutos-vida-consagrada-espana-videomensaje-papa-2021\\\/#article\",\"isPartOf\":{\"@id\":\"https:\\\/\\\/exaudi.org\\\/es\\\/institutos-vida-consagrada-espana-videomensaje-papa-2021\\\/\"},\"author\":{\"name\":\"Gabriel Sales\",\"@id\":\"https:\\\/\\\/exaudi.org\\\/#\\\/schema\\\/person\\\/d134b96438278131ce90c90c03fda6cd\"},\"headline\":\"Institutos Vida Consagrada en Espa\u00f1a: Videomensaje del Papa\",\"datePublished\":\"2021-05-17T14:41:51+00:00\",\"dateModified\":\"2021-05-18T11:32:06+00:00\",\"mainEntityOfPage\":{\"@id\":\"https:\\\/\\\/exaudi.org\\\/es\\\/institutos-vida-consagrada-espana-videomensaje-papa-2021\\\/\"},\"wordCount\":1138,\"image\":{\"@id\":\"https:\\\/\\\/exaudi.org\\\/es\\\/institutos-vida-consagrada-espana-videomensaje-papa-2021\\\/#primaryimage\"},\"thumbnailUrl\":\"https:\\\/\\\/exaudi.org\\\/wp-content\\\/uploads\\\/2021\\\/05\\\/fsdfsd4-scaled.jpg\",\"keywords\":[\"Espa\u00f1a\",\"Institutos de Vida Consagrada\",\"papa francisco\",\"Videomensaje\"],\"articleSection\":[\"Mensajes\",\"\u00daltimas noticias\"],\"inLanguage\":\"es\"},{\"@type\":\"WebPage\",\"@id\":\"https:\\\/\\\/exaudi.org\\\/es\\\/institutos-vida-consagrada-espana-videomensaje-papa-2021\\\/\",\"url\":\"https:\\\/\\\/exaudi.org\\\/es\\\/institutos-vida-consagrada-espana-videomensaje-papa-2021\\\/\",\"name\":\"Institutos Vida Consagrada en Espa\u00f1a: Videomensaje del Papa - Exaudi\",\"isPartOf\":{\"@id\":\"https:\\\/\\\/exaudi.org\\\/#website\"},\"primaryImageOfPage\":{\"@id\":\"https:\\\/\\\/exaudi.org\\\/es\\\/institutos-vida-consagrada-espana-videomensaje-papa-2021\\\/#primaryimage\"},\"image\":{\"@id\":\"https:\\\/\\\/exaudi.org\\\/es\\\/institutos-vida-consagrada-espana-videomensaje-papa-2021\\\/#primaryimage\"},\"thumbnailUrl\":\"https:\\\/\\\/exaudi.org\\\/wp-content\\\/uploads\\\/2021\\\/05\\\/fsdfsd4-scaled.jpg\",\"datePublished\":\"2021-05-17T14:41:51+00:00\",\"dateModified\":\"2021-05-18T11:32:06+00:00\",\"author\":{\"@id\":\"https:\\\/\\\/exaudi.org\\\/#\\\/schema\\\/person\\\/d134b96438278131ce90c90c03fda6cd\"},\"description\":\"El Papa Francisco ha emitido un videomensaje a los participantes de la 50\u00aa Semana Nacional de los Institutos de Vida Consagrada en Espa\u00f1a.\",\"breadcrumb\":{\"@id\":\"https:\\\/\\\/exaudi.org\\\/es\\\/institutos-vida-consagrada-espana-videomensaje-papa-2021\\\/#breadcrumb\"},\"inLanguage\":\"es\",\"potentialAction\":[{\"@type\":\"ReadAction\",\"target\":[\"https:\\\/\\\/exaudi.org\\\/es\\\/institutos-vida-consagrada-espana-videomensaje-papa-2021\\\/\"]}]},{\"@type\":\"ImageObject\",\"inLanguage\":\"es\",\"@id\":\"https:\\\/\\\/exaudi.org\\\/es\\\/institutos-vida-consagrada-espana-videomensaje-papa-2021\\\/#primaryimage\",\"url\":\"https:\\\/\\\/exaudi.org\\\/wp-content\\\/uploads\\\/2021\\\/05\\\/fsdfsd4-scaled.jpg\",\"contentUrl\":\"https:\\\/\\\/exaudi.org\\\/wp-content\\\/uploads\\\/2021\\\/05\\\/fsdfsd4-scaled.jpg\",\"width\":2560,\"height\":1707,\"caption\":\"Monjas rezando \u00a9 Cathopic\"},{\"@type\":\"BreadcrumbList\",\"@id\":\"https:\\\/\\\/exaudi.org\\\/es\\\/institutos-vida-consagrada-espana-videomensaje-papa-2021\\\/#breadcrumb\",\"itemListElement\":[{\"@type\":\"ListItem\",\"position\":1,\"name\":\"Portada\",\"item\":\"https:\\\/\\\/exaudi.org\\\/es\\\/\"},{\"@type\":\"ListItem\",\"position\":2,\"name\":\"Institutos Vida Consagrada en Espa\u00f1a: Videomensaje del Papa\"}]},{\"@type\":\"WebSite\",\"@id\":\"https:\\\/\\\/exaudi.org\\\/#website\",\"url\":\"https:\\\/\\\/exaudi.org\\\/\",\"name\":\"Exaudi\",\"description\":\"News\",\"potentialAction\":[{\"@type\":\"SearchAction\",\"target\":{\"@type\":\"EntryPoint\",\"urlTemplate\":\"https:\\\/\\\/exaudi.org\\\/?s={search_term_string}\"},\"query-input\":{\"@type\":\"PropertyValueSpecification\",\"valueRequired\":true,\"valueName\":\"search_term_string\"}}],\"inLanguage\":\"es\"},{\"@type\":\"Person\",\"@id\":\"https:\\\/\\\/exaudi.org\\\/#\\\/schema\\\/person\\\/d134b96438278131ce90c90c03fda6cd\",\"name\":\"Gabriel Sales\",\"image\":{\"@type\":\"ImageObject\",\"inLanguage\":\"es\",\"@id\":\"https:\\\/\\\/secure.gravatar.com\\\/avatar\\\/9b1269566f6a063ed26ffb3532b66a373cdde231ce5d0effb266167437fdaffd?s=96&d=mm&r=g\",\"url\":\"https:\\\/\\\/secure.gravatar.com\\\/avatar\\\/9b1269566f6a063ed26ffb3532b66a373cdde231ce5d0effb266167437fdaffd?s=96&d=mm&r=g\",\"contentUrl\":\"https:\\\/\\\/secure.gravatar.com\\\/avatar\\\/9b1269566f6a063ed26ffb3532b66a373cdde231ce5d0effb266167437fdaffd?s=96&d=mm&r=g\",\"caption\":\"Gabriel Sales\"},\"description\":\"Periodista y especialista en Comunicaci\u00f3n y Branding digital. Cin\u00e9filo y cr\u00edtico de cine y series de televisi\u00f3n.\",\"sameAs\":[\"https:\\\/\\\/www.instagram.com\\\/cine90segundos\\\/\",\"www.linkedin.com\\\/in\\\/habemusman\",\"https:\\\/\\\/x.com\\\/habemusman\",\"https:\\\/\\\/www.youtube.com\\\/channel\\\/UCVfCiOMkJ_C7T7OpyjuaLDg\"],\"url\":\"https:\\\/\\\/exaudi.org\\\/es\\\/author\\\/gsalesexaudi-org\\\/\"}]}<\/script>\n<!-- \/ Yoast SEO plugin. -->","yoast_head_json":{"title":"Institutos Vida Consagrada en Espa\u00f1a: Videomensaje del Papa - Exaudi","description":"El Papa Francisco ha emitido un videomensaje a los participantes de la 50\u00aa Semana Nacional de los Institutos de Vida Consagrada en Espa\u00f1a.","robots":{"index":"index","follow":"follow","max-snippet":"max-snippet:-1","max-image-preview":"max-image-preview:large","max-video-preview":"max-video-preview:-1"},"canonical":"https:\/\/exaudi.org\/es\/institutos-vida-consagrada-espana-videomensaje-papa-2021\/","og_locale":"es_ES","og_type":"article","og_title":"Institutos Vida Consagrada en Espa\u00f1a: Videomensaje del Papa - Exaudi","og_description":"El Papa Francisco ha emitido un videomensaje a los participantes de la 50\u00aa Semana Nacional de los Institutos de Vida Consagrada en Espa\u00f1a.","og_url":"https:\/\/exaudi.org\/es\/institutos-vida-consagrada-espana-videomensaje-papa-2021\/","og_site_name":"Exaudi","article_publisher":"https:\/\/www.facebook.com\/ExaudiNews","article_published_time":"2021-05-17T14:41:51+00:00","article_modified_time":"2021-05-18T11:32:06+00:00","og_image":[{"width":2560,"height":1707,"url":"https:\/\/exaudi.org\/wp-content\/uploads\/2021\/05\/fsdfsd4-scaled.jpg","type":"image\/jpeg"}],"author":"Gabriel Sales","twitter_card":"summary_large_image","twitter_creator":"@habemusman","twitter_site":"@Exaudi_News","twitter_misc":{"Escrito por":"Gabriel Sales","Tiempo de lectura":"5 minutos"},"schema":{"@context":"https:\/\/schema.org","@graph":[{"@type":"Article","@id":"https:\/\/exaudi.org\/es\/institutos-vida-consagrada-espana-videomensaje-papa-2021\/#article","isPartOf":{"@id":"https:\/\/exaudi.org\/es\/institutos-vida-consagrada-espana-videomensaje-papa-2021\/"},"author":{"name":"Gabriel Sales","@id":"https:\/\/exaudi.org\/#\/schema\/person\/d134b96438278131ce90c90c03fda6cd"},"headline":"Institutos Vida Consagrada en Espa\u00f1a: Videomensaje del Papa","datePublished":"2021-05-17T14:41:51+00:00","dateModified":"2021-05-18T11:32:06+00:00","mainEntityOfPage":{"@id":"https:\/\/exaudi.org\/es\/institutos-vida-consagrada-espana-videomensaje-papa-2021\/"},"wordCount":1138,"image":{"@id":"https:\/\/exaudi.org\/es\/institutos-vida-consagrada-espana-videomensaje-papa-2021\/#primaryimage"},"thumbnailUrl":"https:\/\/exaudi.org\/wp-content\/uploads\/2021\/05\/fsdfsd4-scaled.jpg","keywords":["Espa\u00f1a","Institutos de Vida Consagrada","papa francisco","Videomensaje"],"articleSection":["Mensajes","\u00daltimas noticias"],"inLanguage":"es"},{"@type":"WebPage","@id":"https:\/\/exaudi.org\/es\/institutos-vida-consagrada-espana-videomensaje-papa-2021\/","url":"https:\/\/exaudi.org\/es\/institutos-vida-consagrada-espana-videomensaje-papa-2021\/","name":"Institutos Vida Consagrada en Espa\u00f1a: Videomensaje del Papa - Exaudi","isPartOf":{"@id":"https:\/\/exaudi.org\/#website"},"primaryImageOfPage":{"@id":"https:\/\/exaudi.org\/es\/institutos-vida-consagrada-espana-videomensaje-papa-2021\/#primaryimage"},"image":{"@id":"https:\/\/exaudi.org\/es\/institutos-vida-consagrada-espana-videomensaje-papa-2021\/#primaryimage"},"thumbnailUrl":"https:\/\/exaudi.org\/wp-content\/uploads\/2021\/05\/fsdfsd4-scaled.jpg","datePublished":"2021-05-17T14:41:51+00:00","dateModified":"2021-05-18T11:32:06+00:00","author":{"@id":"https:\/\/exaudi.org\/#\/schema\/person\/d134b96438278131ce90c90c03fda6cd"},"description":"El Papa Francisco ha emitido un videomensaje a los participantes de la 50\u00aa Semana Nacional de los Institutos de Vida Consagrada en Espa\u00f1a.","breadcrumb":{"@id":"https:\/\/exaudi.org\/es\/institutos-vida-consagrada-espana-videomensaje-papa-2021\/#breadcrumb"},"inLanguage":"es","potentialAction":[{"@type":"ReadAction","target":["https:\/\/exaudi.org\/es\/institutos-vida-consagrada-espana-videomensaje-papa-2021\/"]}]},{"@type":"ImageObject","inLanguage":"es","@id":"https:\/\/exaudi.org\/es\/institutos-vida-consagrada-espana-videomensaje-papa-2021\/#primaryimage","url":"https:\/\/exaudi.org\/wp-content\/uploads\/2021\/05\/fsdfsd4-scaled.jpg","contentUrl":"https:\/\/exaudi.org\/wp-content\/uploads\/2021\/05\/fsdfsd4-scaled.jpg","width":2560,"height":1707,"caption":"Monjas rezando \u00a9 Cathopic"},{"@type":"BreadcrumbList","@id":"https:\/\/exaudi.org\/es\/institutos-vida-consagrada-espana-videomensaje-papa-2021\/#breadcrumb","itemListElement":[{"@type":"ListItem","position":1,"name":"Portada","item":"https:\/\/exaudi.org\/es\/"},{"@type":"ListItem","position":2,"name":"Institutos Vida Consagrada en Espa\u00f1a: Videomensaje del Papa"}]},{"@type":"WebSite","@id":"https:\/\/exaudi.org\/#website","url":"https:\/\/exaudi.org\/","name":"Exaudi","description":"News","potentialAction":[{"@type":"SearchAction","target":{"@type":"EntryPoint","urlTemplate":"https:\/\/exaudi.org\/?s={search_term_string}"},"query-input":{"@type":"PropertyValueSpecification","valueRequired":true,"valueName":"search_term_string"}}],"inLanguage":"es"},{"@type":"Person","@id":"https:\/\/exaudi.org\/#\/schema\/person\/d134b96438278131ce90c90c03fda6cd","name":"Gabriel Sales","image":{"@type":"ImageObject","inLanguage":"es","@id":"https:\/\/secure.gravatar.com\/avatar\/9b1269566f6a063ed26ffb3532b66a373cdde231ce5d0effb266167437fdaffd?s=96&d=mm&r=g","url":"https:\/\/secure.gravatar.com\/avatar\/9b1269566f6a063ed26ffb3532b66a373cdde231ce5d0effb266167437fdaffd?s=96&d=mm&r=g","contentUrl":"https:\/\/secure.gravatar.com\/avatar\/9b1269566f6a063ed26ffb3532b66a373cdde231ce5d0effb266167437fdaffd?s=96&d=mm&r=g","caption":"Gabriel Sales"},"description":"Periodista y especialista en Comunicaci\u00f3n y Branding digital. Cin\u00e9filo y cr\u00edtico de cine y series de televisi\u00f3n.","sameAs":["https:\/\/www.instagram.com\/cine90segundos\/","www.linkedin.com\/in\/habemusman","https:\/\/x.com\/habemusman","https:\/\/www.youtube.com\/channel\/UCVfCiOMkJ_C7T7OpyjuaLDg"],"url":"https:\/\/exaudi.org\/es\/author\/gsalesexaudi-org\/"}]}},"jetpack_featured_media_url":"https:\/\/exaudi.org\/wp-content\/uploads\/2021\/05\/fsdfsd4-scaled.jpg","jetpack_shortlink":"https:\/\/wp.me\/pgKjF2-4vf","_links":{"self":[{"href":"https:\/\/exaudi.org\/es\/wp-json\/wp\/v2\/posts\/17313","targetHints":{"allow":["GET"]}}],"collection":[{"href":"https:\/\/exaudi.org\/es\/wp-json\/wp\/v2\/posts"}],"about":[{"href":"https:\/\/exaudi.org\/es\/wp-json\/wp\/v2\/types\/post"}],"author":[{"embeddable":true,"href":"https:\/\/exaudi.org\/es\/wp-json\/wp\/v2\/users\/6"}],"replies":[{"embeddable":true,"href":"https:\/\/exaudi.org\/es\/wp-json\/wp\/v2\/comments?post=17313"}],"version-history":[{"count":0,"href":"https:\/\/exaudi.org\/es\/wp-json\/wp\/v2\/posts\/17313\/revisions"}],"wp:featuredmedia":[{"embeddable":true,"href":"https:\/\/exaudi.org\/es\/wp-json\/wp\/v2\/media\/17318"}],"wp:attachment":[{"href":"https:\/\/exaudi.org\/es\/wp-json\/wp\/v2\/media?parent=17313"}],"wp:term":[{"taxonomy":"category","embeddable":true,"href":"https:\/\/exaudi.org\/es\/wp-json\/wp\/v2\/categories?post=17313"},{"taxonomy":"post_tag","embeddable":true,"href":"https:\/\/exaudi.org\/es\/wp-json\/wp\/v2\/tags?post=17313"}],"curies":[{"name":"wp","href":"https:\/\/api.w.org\/{rel}","templated":true}]}}