{"id":17096,"date":"2021-05-15T21:03:46","date_gmt":"2021-05-15T19:03:46","guid":{"rendered":"https:\/\/exaudi.org\/?p=17096"},"modified":"2021-05-17T09:05:39","modified_gmt":"2021-05-17T07:05:39","slug":"estados-unidos-papa-john-kerry","status":"publish","type":"post","link":"https:\/\/exaudi.org\/es\/estados-unidos-papa-john-kerry\/","title":{"rendered":"Estados Unidos: El Papa se re\u00fane con John Kerry"},"content":{"rendered":"<p>El Papa Francisco se ha reunido hoy, 15 de mayo de 2021, en el Vaticano con John Forbes Kerry, enviado especial del presidente de los Estados Unidos de Am\u00e9rica para el clima.<\/p>\n<p>La Oficina de Prensa de la Santa Sede no ha ofrecido ning\u00fan comunicado oficial sobre el encuentro pero, en una entrevista con Vatican News, Kerry ha resaltado que el Santo Padre, \u201ces una de las grandes voces de la raz\u00f3n y una autoridad moral de peso en la cuesti\u00f3n de la crisis clim\u00e1tica. Ha sido un precursor, un adelantado a su tiempo\u201d.<\/p>\n<p>Para el enviado especial estadounidense la enc\u00edclica <em>Laudato Si&#8217;<\/em> de Francisco \u201ces realmente un documento muy, muy poderoso, elocuente y muy persuasivo moralmente\u201d. Asimismo, manifiesta que cree \u201cque la suya ser\u00e1 una voz muy importante que nos acompa\u00f1ar\u00e1 hasta la Conferencia de Glasgow, a la que creo que tiene intenci\u00f3n de asistir\u201d.<\/p>\n<p>Kerry sostiene que \u201ces necesario que todos los l\u00edderes del mundo se unan y que cada pa\u00eds haga su parte. Y creo que el Santo Padre habla con una autoridad moral \u00fanica\u201d.<\/p>\n<h4><strong>Semana <em>Laudato Si\u2019 <\/em>2021<\/strong><\/h4>\n<p>Para celebrar el final del A\u00f1o Especial de Aniversario de la <a href=\"http:\/\/www.vatican.va\/content\/francesco\/es\/encyclicals\/documents\/papa-francesco_20150524_enciclica-laudato-si.html\" target=\"_blank\" rel=\"noopener noreferrer\"><em>Laudato Si&#8217;<\/em>,<\/a> el Papa invita a los 1.300 millones de cat\u00f3licos del mundo a participar en la <a href=\"https:\/\/exaudi.org\/es\/semana-laudato-si-2021-expertos\/\" target=\"_blank\" rel=\"noopener noreferrer\">Semana <em>Laudato Si&#8217;<\/em> 2021<\/a>, que se celebrar\u00e1 del 16 al 24 de mayo.<\/p>\n<p><em>Laudato Si\u2019<\/em> es la segunda enc\u00edclica de Francisco y la primera dedicada enteramente al tema de la ecolog\u00eda. Se llama \u2018Laudato Si\u2019, (\u2018Alabado seas\u2019), porque comienza citando esas palabras que son las mismas con las que empieza el llamado \u201cC\u00e1ntico de las Criaturas\u201d escrito por san Francisco de As\u00eds para alabar y agradecer a Dios por la Creaci\u00f3n.<\/p>\n<p>La celebraci\u00f3n, patrocinada por el Vaticano, reunir\u00e1 a los cat\u00f3licos para regocijarse con los grandes progresos realizados para llevar <em>Laudato Si&#8217;<\/em> a la vida y para planificar una acci\u00f3n fuerte de cara a la Conferencia de las Naciones Unidas sobre la Biodiversidad (COP15), la 26\u00aa Conferencia de las Naciones Unidas sobre el Cambio Clim\u00e1tico (COP26) y la d\u00e9cada que empieza.<\/p>\n<p>El tema de la semana de celebraci\u00f3n es \u201cporque sabemos que las cosas pueden cambiar\u201d (<em>Laudato Si&#8217;<\/em> 13). El evento coincide con el sexto aniversario (24 de mayo) de la conclusi\u00f3n de la enc\u00edclica por parte del Papa Francisco. <em>Laudato Si&#8217;<\/em> ha animado a las comunidades cat\u00f3licas de todo el mundo a trabajar contra la crisis ecol\u00f3gica y la emergencia clim\u00e1tica. Puedes consultar su programa <a href=\"https:\/\/exaudi.org\/es\/semana-laudato-si-2021-programa-oficial\/\" target=\"_blank\" rel=\"noopener noreferrer\">aqu\u00ed<\/a>.<\/p>\n","protected":false},"excerpt":{"rendered":"<p>Enviado especial del presidente para el clima<\/p>\n","protected":false},"author":5,"featured_media":17098,"comment_status":"closed","ping_status":"closed","sticky":false,"template":"","format":"standard","meta":{"_acf_changed":false,"_crdt_document":"","inline_featured_image":false,"footnotes":""},"categories":[68,298],"tags":[565,2342,158,272],"class_list":["post-17096","post","type-post","status-publish","format-standard","has-post-thumbnail","hentry","category-leon-xiv","category-ultimas-noticias","tag-estados-unidos","tag-john-kerry","tag-papa-francisco","tag-vaticano-es"],"acf":[],"yoast_head":"<!-- This site is optimized with the Yoast SEO plugin v27.4 - https:\/\/yoast.com\/product\/yoast-seo-wordpress\/ -->\n<title>Estados Unidos: El Papa se re\u00fane con John Kerry &#8211; Exaudi<\/title>\n<meta name=\"description\" content=\"El Papa se ha reunido con John Forbes Kerry, enviado especial del presidente de los Estados Unidos de Am\u00e9rica para el clima.\" \/>\n<meta name=\"robots\" content=\"index, follow, max-snippet:-1, max-image-preview:large, max-video-preview:-1\" \/>\n<link rel=\"canonical\" href=\"https:\/\/exaudi.org\/es\/estados-unidos-papa-john-kerry\/\" \/>\n<meta property=\"og:locale\" content=\"es_ES\" \/>\n<meta property=\"og:type\" content=\"article\" \/>\n<meta property=\"og:title\" content=\"Estados Unidos: El Papa se re\u00fane con John Kerry &#8211; Exaudi\" \/>\n<meta property=\"og:description\" content=\"El Papa se ha reunido con John Forbes Kerry, enviado especial del presidente de los Estados Unidos de Am\u00e9rica para el clima.\" \/>\n<meta property=\"og:url\" content=\"https:\/\/exaudi.org\/es\/estados-unidos-papa-john-kerry\/\" \/>\n<meta property=\"og:site_name\" content=\"Exaudi\" \/>\n<meta property=\"article:publisher\" content=\"https:\/\/www.facebook.com\/ExaudiNews\" \/>\n<meta property=\"article:published_time\" content=\"2021-05-15T19:03:46+00:00\" \/>\n<meta property=\"article:modified_time\" content=\"2021-05-17T07:05:39+00:00\" \/>\n<meta property=\"og:image\" content=\"https:\/\/exaudi.org\/wp-content\/uploads\/2021\/05\/El-Papa-Francisco-recibe-a-John-Kerry.jpeg\" \/>\n\t<meta property=\"og:image:width\" content=\"1500\" \/>\n\t<meta property=\"og:image:height\" content=\"844\" \/>\n\t<meta property=\"og:image:type\" content=\"image\/jpeg\" \/>\n<meta name=\"author\" content=\"Larissa I. L\u00f3pez\" \/>\n<meta name=\"twitter:card\" content=\"summary_large_image\" \/>\n<meta name=\"twitter:creator\" content=\"@Exaudi_News\" \/>\n<meta name=\"twitter:site\" content=\"@Exaudi_News\" \/>\n<meta name=\"twitter:label1\" content=\"Escrito por\" \/>\n\t<meta name=\"twitter:data1\" content=\"Larissa I. L\u00f3pez\" \/>\n\t<meta name=\"twitter:label2\" content=\"Tiempo de lectura\" \/>\n\t<meta name=\"twitter:data2\" content=\"2 minutos\" \/>\n<script type=\"application\/ld+json\" class=\"yoast-schema-graph\">{\"@context\":\"https:\\\/\\\/schema.org\",\"@graph\":[{\"@type\":\"Article\",\"@id\":\"https:\\\/\\\/exaudi.org\\\/es\\\/estados-unidos-papa-john-kerry\\\/#article\",\"isPartOf\":{\"@id\":\"https:\\\/\\\/exaudi.org\\\/es\\\/estados-unidos-papa-john-kerry\\\/\"},\"author\":{\"name\":\"Larissa I. L\u00f3pez\",\"@id\":\"https:\\\/\\\/exaudi.org\\\/#\\\/schema\\\/person\\\/7d2f77db033c2c0929edfab6dbe8c588\"},\"headline\":\"Estados Unidos: El Papa se re\u00fane con John Kerry\",\"datePublished\":\"2021-05-15T19:03:46+00:00\",\"dateModified\":\"2021-05-17T07:05:39+00:00\",\"mainEntityOfPage\":{\"@id\":\"https:\\\/\\\/exaudi.org\\\/es\\\/estados-unidos-papa-john-kerry\\\/\"},\"wordCount\":435,\"image\":{\"@id\":\"https:\\\/\\\/exaudi.org\\\/es\\\/estados-unidos-papa-john-kerry\\\/#primaryimage\"},\"thumbnailUrl\":\"https:\\\/\\\/exaudi.org\\\/wp-content\\\/uploads\\\/2021\\\/05\\\/El-Papa-Francisco-recibe-a-John-Kerry.jpeg\",\"keywords\":[\"Estados Unidos\",\"John Kerry\",\"papa francisco\",\"Vaticano\"],\"articleSection\":[\"Le\u00f3n XIV\",\"\u00daltimas noticias\"],\"inLanguage\":\"es\"},{\"@type\":\"WebPage\",\"@id\":\"https:\\\/\\\/exaudi.org\\\/es\\\/estados-unidos-papa-john-kerry\\\/\",\"url\":\"https:\\\/\\\/exaudi.org\\\/es\\\/estados-unidos-papa-john-kerry\\\/\",\"name\":\"Estados Unidos: El Papa se re\u00fane con John Kerry &#8211; Exaudi\",\"isPartOf\":{\"@id\":\"https:\\\/\\\/exaudi.org\\\/#website\"},\"primaryImageOfPage\":{\"@id\":\"https:\\\/\\\/exaudi.org\\\/es\\\/estados-unidos-papa-john-kerry\\\/#primaryimage\"},\"image\":{\"@id\":\"https:\\\/\\\/exaudi.org\\\/es\\\/estados-unidos-papa-john-kerry\\\/#primaryimage\"},\"thumbnailUrl\":\"https:\\\/\\\/exaudi.org\\\/wp-content\\\/uploads\\\/2021\\\/05\\\/El-Papa-Francisco-recibe-a-John-Kerry.jpeg\",\"datePublished\":\"2021-05-15T19:03:46+00:00\",\"dateModified\":\"2021-05-17T07:05:39+00:00\",\"author\":{\"@id\":\"https:\\\/\\\/exaudi.org\\\/#\\\/schema\\\/person\\\/7d2f77db033c2c0929edfab6dbe8c588\"},\"description\":\"El Papa se ha reunido con John Forbes Kerry, enviado especial del presidente de los Estados Unidos de Am\u00e9rica para el clima.\",\"breadcrumb\":{\"@id\":\"https:\\\/\\\/exaudi.org\\\/es\\\/estados-unidos-papa-john-kerry\\\/#breadcrumb\"},\"inLanguage\":\"es\",\"potentialAction\":[{\"@type\":\"ReadAction\",\"target\":[\"https:\\\/\\\/exaudi.org\\\/es\\\/estados-unidos-papa-john-kerry\\\/\"]}]},{\"@type\":\"ImageObject\",\"inLanguage\":\"es\",\"@id\":\"https:\\\/\\\/exaudi.org\\\/es\\\/estados-unidos-papa-john-kerry\\\/#primaryimage\",\"url\":\"https:\\\/\\\/exaudi.org\\\/wp-content\\\/uploads\\\/2021\\\/05\\\/El-Papa-Francisco-recibe-a-John-Kerry.jpeg\",\"contentUrl\":\"https:\\\/\\\/exaudi.org\\\/wp-content\\\/uploads\\\/2021\\\/05\\\/El-Papa-Francisco-recibe-a-John-Kerry.jpeg\",\"width\":1500,\"height\":844,\"caption\":\"El Papa Francisco recibe a John Kerry \u00a9 Vatican Media\"},{\"@type\":\"BreadcrumbList\",\"@id\":\"https:\\\/\\\/exaudi.org\\\/es\\\/estados-unidos-papa-john-kerry\\\/#breadcrumb\",\"itemListElement\":[{\"@type\":\"ListItem\",\"position\":1,\"name\":\"Portada\",\"item\":\"https:\\\/\\\/exaudi.org\\\/es\\\/\"},{\"@type\":\"ListItem\",\"position\":2,\"name\":\"Estados Unidos: El Papa se re\u00fane con John Kerry\"}]},{\"@type\":\"WebSite\",\"@id\":\"https:\\\/\\\/exaudi.org\\\/#website\",\"url\":\"https:\\\/\\\/exaudi.org\\\/\",\"name\":\"Exaudi\",\"description\":\"News\",\"potentialAction\":[{\"@type\":\"SearchAction\",\"target\":{\"@type\":\"EntryPoint\",\"urlTemplate\":\"https:\\\/\\\/exaudi.org\\\/?s={search_term_string}\"},\"query-input\":{\"@type\":\"PropertyValueSpecification\",\"valueRequired\":true,\"valueName\":\"search_term_string\"}}],\"inLanguage\":\"es\"},{\"@type\":\"Person\",\"@id\":\"https:\\\/\\\/exaudi.org\\\/#\\\/schema\\\/person\\\/7d2f77db033c2c0929edfab6dbe8c588\",\"name\":\"Larissa I. L\u00f3pez\",\"image\":{\"@type\":\"ImageObject\",\"inLanguage\":\"es\",\"@id\":\"https:\\\/\\\/secure.gravatar.com\\\/avatar\\\/db3ef399ff343d0bb9d25dc5198bc8ece5ac6d621eca79876697a354dabc1e3f?s=96&d=mm&r=g\",\"url\":\"https:\\\/\\\/secure.gravatar.com\\\/avatar\\\/db3ef399ff343d0bb9d25dc5198bc8ece5ac6d621eca79876697a354dabc1e3f?s=96&d=mm&r=g\",\"contentUrl\":\"https:\\\/\\\/secure.gravatar.com\\\/avatar\\\/db3ef399ff343d0bb9d25dc5198bc8ece5ac6d621eca79876697a354dabc1e3f?s=96&d=mm&r=g\",\"caption\":\"Larissa I. L\u00f3pez\"},\"description\":\"Doctora en Comunicaci\u00f3n. Mi trayectoria profesional ha transcurrido entre el \u00e1mbito de la comunicaci\u00f3n y el de la docencia. En los \u00faltimos a\u00f1os, he trabajado como coordinadora y redactora de la edici\u00f3n de ZENIT en espa\u00f1ol. Como profesora, he impartido clases en la universidad y en centros de FP y bachillerato. Cordobesa de nacimiento, tambi\u00e9n he vivido en Sevilla, Madrid y Roma\",\"url\":\"https:\\\/\\\/exaudi.org\\\/es\\\/author\\\/llopezexaudi-org\\\/\"}]}<\/script>\n<!-- \/ Yoast SEO plugin. -->","yoast_head_json":{"title":"Estados Unidos: El Papa se re\u00fane con John Kerry &#8211; Exaudi","description":"El Papa se ha reunido con John Forbes Kerry, enviado especial del presidente de los Estados Unidos de Am\u00e9rica para el clima.","robots":{"index":"index","follow":"follow","max-snippet":"max-snippet:-1","max-image-preview":"max-image-preview:large","max-video-preview":"max-video-preview:-1"},"canonical":"https:\/\/exaudi.org\/es\/estados-unidos-papa-john-kerry\/","og_locale":"es_ES","og_type":"article","og_title":"Estados Unidos: El Papa se re\u00fane con John Kerry &#8211; Exaudi","og_description":"El Papa se ha reunido con John Forbes Kerry, enviado especial del presidente de los Estados Unidos de Am\u00e9rica para el clima.","og_url":"https:\/\/exaudi.org\/es\/estados-unidos-papa-john-kerry\/","og_site_name":"Exaudi","article_publisher":"https:\/\/www.facebook.com\/ExaudiNews","article_published_time":"2021-05-15T19:03:46+00:00","article_modified_time":"2021-05-17T07:05:39+00:00","og_image":[{"width":1500,"height":844,"url":"https:\/\/exaudi.org\/wp-content\/uploads\/2021\/05\/El-Papa-Francisco-recibe-a-John-Kerry.jpeg","type":"image\/jpeg"}],"author":"Larissa I. L\u00f3pez","twitter_card":"summary_large_image","twitter_creator":"@Exaudi_News","twitter_site":"@Exaudi_News","twitter_misc":{"Escrito por":"Larissa I. L\u00f3pez","Tiempo de lectura":"2 minutos"},"schema":{"@context":"https:\/\/schema.org","@graph":[{"@type":"Article","@id":"https:\/\/exaudi.org\/es\/estados-unidos-papa-john-kerry\/#article","isPartOf":{"@id":"https:\/\/exaudi.org\/es\/estados-unidos-papa-john-kerry\/"},"author":{"name":"Larissa I. L\u00f3pez","@id":"https:\/\/exaudi.org\/#\/schema\/person\/7d2f77db033c2c0929edfab6dbe8c588"},"headline":"Estados Unidos: El Papa se re\u00fane con John Kerry","datePublished":"2021-05-15T19:03:46+00:00","dateModified":"2021-05-17T07:05:39+00:00","mainEntityOfPage":{"@id":"https:\/\/exaudi.org\/es\/estados-unidos-papa-john-kerry\/"},"wordCount":435,"image":{"@id":"https:\/\/exaudi.org\/es\/estados-unidos-papa-john-kerry\/#primaryimage"},"thumbnailUrl":"https:\/\/exaudi.org\/wp-content\/uploads\/2021\/05\/El-Papa-Francisco-recibe-a-John-Kerry.jpeg","keywords":["Estados Unidos","John Kerry","papa francisco","Vaticano"],"articleSection":["Le\u00f3n XIV","\u00daltimas noticias"],"inLanguage":"es"},{"@type":"WebPage","@id":"https:\/\/exaudi.org\/es\/estados-unidos-papa-john-kerry\/","url":"https:\/\/exaudi.org\/es\/estados-unidos-papa-john-kerry\/","name":"Estados Unidos: El Papa se re\u00fane con John Kerry &#8211; Exaudi","isPartOf":{"@id":"https:\/\/exaudi.org\/#website"},"primaryImageOfPage":{"@id":"https:\/\/exaudi.org\/es\/estados-unidos-papa-john-kerry\/#primaryimage"},"image":{"@id":"https:\/\/exaudi.org\/es\/estados-unidos-papa-john-kerry\/#primaryimage"},"thumbnailUrl":"https:\/\/exaudi.org\/wp-content\/uploads\/2021\/05\/El-Papa-Francisco-recibe-a-John-Kerry.jpeg","datePublished":"2021-05-15T19:03:46+00:00","dateModified":"2021-05-17T07:05:39+00:00","author":{"@id":"https:\/\/exaudi.org\/#\/schema\/person\/7d2f77db033c2c0929edfab6dbe8c588"},"description":"El Papa se ha reunido con John Forbes Kerry, enviado especial del presidente de los Estados Unidos de Am\u00e9rica para el clima.","breadcrumb":{"@id":"https:\/\/exaudi.org\/es\/estados-unidos-papa-john-kerry\/#breadcrumb"},"inLanguage":"es","potentialAction":[{"@type":"ReadAction","target":["https:\/\/exaudi.org\/es\/estados-unidos-papa-john-kerry\/"]}]},{"@type":"ImageObject","inLanguage":"es","@id":"https:\/\/exaudi.org\/es\/estados-unidos-papa-john-kerry\/#primaryimage","url":"https:\/\/exaudi.org\/wp-content\/uploads\/2021\/05\/El-Papa-Francisco-recibe-a-John-Kerry.jpeg","contentUrl":"https:\/\/exaudi.org\/wp-content\/uploads\/2021\/05\/El-Papa-Francisco-recibe-a-John-Kerry.jpeg","width":1500,"height":844,"caption":"El Papa Francisco recibe a John Kerry \u00a9 Vatican Media"},{"@type":"BreadcrumbList","@id":"https:\/\/exaudi.org\/es\/estados-unidos-papa-john-kerry\/#breadcrumb","itemListElement":[{"@type":"ListItem","position":1,"name":"Portada","item":"https:\/\/exaudi.org\/es\/"},{"@type":"ListItem","position":2,"name":"Estados Unidos: El Papa se re\u00fane con John Kerry"}]},{"@type":"WebSite","@id":"https:\/\/exaudi.org\/#website","url":"https:\/\/exaudi.org\/","name":"Exaudi","description":"News","potentialAction":[{"@type":"SearchAction","target":{"@type":"EntryPoint","urlTemplate":"https:\/\/exaudi.org\/?s={search_term_string}"},"query-input":{"@type":"PropertyValueSpecification","valueRequired":true,"valueName":"search_term_string"}}],"inLanguage":"es"},{"@type":"Person","@id":"https:\/\/exaudi.org\/#\/schema\/person\/7d2f77db033c2c0929edfab6dbe8c588","name":"Larissa I. L\u00f3pez","image":{"@type":"ImageObject","inLanguage":"es","@id":"https:\/\/secure.gravatar.com\/avatar\/db3ef399ff343d0bb9d25dc5198bc8ece5ac6d621eca79876697a354dabc1e3f?s=96&d=mm&r=g","url":"https:\/\/secure.gravatar.com\/avatar\/db3ef399ff343d0bb9d25dc5198bc8ece5ac6d621eca79876697a354dabc1e3f?s=96&d=mm&r=g","contentUrl":"https:\/\/secure.gravatar.com\/avatar\/db3ef399ff343d0bb9d25dc5198bc8ece5ac6d621eca79876697a354dabc1e3f?s=96&d=mm&r=g","caption":"Larissa I. L\u00f3pez"},"description":"Doctora en Comunicaci\u00f3n. Mi trayectoria profesional ha transcurrido entre el \u00e1mbito de la comunicaci\u00f3n y el de la docencia. En los \u00faltimos a\u00f1os, he trabajado como coordinadora y redactora de la edici\u00f3n de ZENIT en espa\u00f1ol. Como profesora, he impartido clases en la universidad y en centros de FP y bachillerato. Cordobesa de nacimiento, tambi\u00e9n he vivido en Sevilla, Madrid y Roma","url":"https:\/\/exaudi.org\/es\/author\/llopezexaudi-org\/"}]}},"jetpack_featured_media_url":"https:\/\/exaudi.org\/wp-content\/uploads\/2021\/05\/El-Papa-Francisco-recibe-a-John-Kerry.jpeg","jetpack_shortlink":"https:\/\/wp.me\/pgKjF2-4rK","_links":{"self":[{"href":"https:\/\/exaudi.org\/es\/wp-json\/wp\/v2\/posts\/17096","targetHints":{"allow":["GET"]}}],"collection":[{"href":"https:\/\/exaudi.org\/es\/wp-json\/wp\/v2\/posts"}],"about":[{"href":"https:\/\/exaudi.org\/es\/wp-json\/wp\/v2\/types\/post"}],"author":[{"embeddable":true,"href":"https:\/\/exaudi.org\/es\/wp-json\/wp\/v2\/users\/5"}],"replies":[{"embeddable":true,"href":"https:\/\/exaudi.org\/es\/wp-json\/wp\/v2\/comments?post=17096"}],"version-history":[{"count":0,"href":"https:\/\/exaudi.org\/es\/wp-json\/wp\/v2\/posts\/17096\/revisions"}],"wp:featuredmedia":[{"embeddable":true,"href":"https:\/\/exaudi.org\/es\/wp-json\/wp\/v2\/media\/17098"}],"wp:attachment":[{"href":"https:\/\/exaudi.org\/es\/wp-json\/wp\/v2\/media?parent=17096"}],"wp:term":[{"taxonomy":"category","embeddable":true,"href":"https:\/\/exaudi.org\/es\/wp-json\/wp\/v2\/categories?post=17096"},{"taxonomy":"post_tag","embeddable":true,"href":"https:\/\/exaudi.org\/es\/wp-json\/wp\/v2\/tags?post=17096"}],"curies":[{"name":"wp","href":"https:\/\/api.w.org\/{rel}","templated":true}]}}