{"id":17085,"date":"2021-05-15T20:42:14","date_gmt":"2021-05-15T18:42:14","guid":{"rendered":"https:\/\/exaudi.org\/?p=17085"},"modified":"2021-05-16T16:51:12","modified_gmt":"2021-05-16T14:51:12","slug":"peru-el-papa-nombre-al-obispo-de-iquitos","status":"publish","type":"post","link":"https:\/\/exaudi.org\/es\/peru-el-papa-nombre-al-obispo-de-iquitos\/","title":{"rendered":"Per\u00fa: El Papa nombre al obispo de Iquitos"},"content":{"rendered":"<p>El Papa Francisco ha nombrado obispo del <a href=\"https:\/\/www.facebook.com\/Vicariato-Apost%C3%B3lico-de-Iquitos-102654741402216\/\" target=\"_blank\" rel=\"noopener noreferrer\">vicariato apost\u00f3lico de Iquitos<\/a>, Per\u00fa, a Mons. Miguel \u00c1ngel Cadenas Cardo, hasta ahora superior regional de la Orden de San Agust\u00edn en Iquitos, ha informado hoy, 15 de mayo de 2021, la Oficina de Prensa de la Santa Sede.<\/p>\n<p>Mons. Cadenas reemplaza al tambi\u00e9n misionero agustino Mons. Miguel Fuertes, quien ven\u00eda desempe\u00f1ando el cargo de administrador diocesano del Vicariato desde el mes de noviembre de 2019, tras la repentina partida del anterior Obispo de Iquitos, Mons. Miguel Olaort\u00faa, indica la <a href=\"https:\/\/exaudi.org\/es\/peru-iglesia-suscribe-proclama-ciudadana-2021\/\" target=\"_blank\" rel=\"noopener noreferrer\">Conferencia Episcopal Peruana<\/a> en una nota.<\/p>\n<h4><strong>Mons. Miguel \u00c1ngel Cadenas Cardo<\/strong><\/h4>\n<p>Naci\u00f3 el 21 de octubre de 1965 en Laguna de Negrillos, Espa\u00f1a. Tras completar sus estudios primarios y secundarios en Le\u00f3n, ingres\u00f3 en la Orden de los Agustinos y estudi\u00f3 Filosof\u00eda y Teolog\u00eda en el Estudio Teol\u00f3gico Agustiniano de Valladolid. Hizo su profesi\u00f3n solemne el 5 de mayo de 1991 y fue ordenado sacerdote el 27 de noviembre de 1993.<\/p>\n<p>Tras su ordenaci\u00f3n sacerdotal, ocup\u00f3 los siguientes cargos: vicario parroquial en M\u00f3stoles (Espa\u00f1a) (1993-1994); vicario parroquial en Iquitos (1994-1996); p\u00e1rroco de\u00a0Santa Rita de Castilla\u00a0en el R\u00edo Mara\u00f1\u00f3n (1996-2001); formador en el Seminario Agustiniano de Trujillo (2002-2003); p\u00e1rroco de\u00a0San Felipe y Santiago\u00a0en Nauta (2003-2013); p\u00e1rroco de\u00a0Santa Rita de Castilla\u00a0en el R\u00edo Mara\u00f1\u00f3n (2013-2014) y desde 2015 de la\u00a0Inmaculada Concepci\u00f3n\u00a0en Iquitos.<\/p>\n<p>Hasta ahora ha sido Superior regional de la Orden de San Agust\u00edn en Iquitos y coordinador del proyecto de fusi\u00f3n de las tres provincias de los Agustinos en Per\u00fa.<\/p>\n","protected":false},"excerpt":{"rendered":"<p>Monse\u00f1or Miguel \u00c1ngel Cadenas Cardo<\/p>\n","protected":false},"author":5,"featured_media":17088,"comment_status":"open","ping_status":"open","sticky":false,"template":"","format":"standard","meta":{"_acf_changed":false,"_crdt_document":"","inline_featured_image":false,"footnotes":""},"categories":[86,298],"tags":[2341,158,945,2340],"class_list":["post-17085","post","type-post","status-publish","format-standard","has-post-thumbnail","hentry","category-iglesia-local","category-ultimas-noticias","tag-monsenor-miguel-angel-cadenas-cardo","tag-papa-francisco","tag-peru","tag-vicaritato-de-iquitos"],"acf":[],"yoast_head":"<!-- This site is optimized with the Yoast SEO plugin v27.5 - https:\/\/yoast.com\/product\/yoast-seo-wordpress\/ -->\n<title>Per\u00fa: El Papa nombre al obispo de Iquitos &#8211; Exaudi<\/title>\n<meta name=\"description\" content=\"El Papa Francisco ha nombrado obispo del vicariato apost\u00f3lico de Iquitos, Per\u00fa, a Mons. Miguel \u00c1ngel Cadenas Cardo, superior de los agustinos\" \/>\n<meta name=\"robots\" content=\"index, follow, max-snippet:-1, max-image-preview:large, max-video-preview:-1\" \/>\n<link rel=\"canonical\" href=\"https:\/\/exaudi.org\/es\/peru-el-papa-nombre-al-obispo-de-iquitos\/\" \/>\n<meta property=\"og:locale\" content=\"es_ES\" \/>\n<meta property=\"og:type\" content=\"article\" \/>\n<meta property=\"og:title\" content=\"Per\u00fa: El Papa nombre al obispo de Iquitos &#8211; Exaudi\" \/>\n<meta property=\"og:description\" content=\"El Papa Francisco ha nombrado obispo del vicariato apost\u00f3lico de Iquitos, Per\u00fa, a Mons. Miguel \u00c1ngel Cadenas Cardo, superior de los agustinos\" \/>\n<meta property=\"og:url\" content=\"https:\/\/exaudi.org\/es\/peru-el-papa-nombre-al-obispo-de-iquitos\/\" \/>\n<meta property=\"og:site_name\" content=\"Exaudi\" \/>\n<meta property=\"article:publisher\" content=\"https:\/\/www.facebook.com\/ExaudiNews\" \/>\n<meta property=\"article:published_time\" content=\"2021-05-15T18:42:14+00:00\" \/>\n<meta property=\"article:modified_time\" content=\"2021-05-16T14:51:12+00:00\" \/>\n<meta property=\"og:image\" content=\"https:\/\/exaudi.org\/wp-content\/uploads\/2021\/05\/Mons.-Miguel-Angel-Cadenas-Cardo-Conferencia-Episcopal-Peruana.jpg\" \/>\n\t<meta property=\"og:image:width\" content=\"1354\" \/>\n\t<meta property=\"og:image:height\" content=\"902\" \/>\n\t<meta property=\"og:image:type\" content=\"image\/jpeg\" \/>\n<meta name=\"author\" content=\"Larissa I. L\u00f3pez\" \/>\n<meta name=\"twitter:card\" content=\"summary_large_image\" \/>\n<meta name=\"twitter:creator\" content=\"@Exaudi_News\" \/>\n<meta name=\"twitter:site\" content=\"@Exaudi_News\" \/>\n<meta name=\"twitter:label1\" content=\"Escrito por\" \/>\n\t<meta name=\"twitter:data1\" content=\"Larissa I. L\u00f3pez\" \/>\n\t<meta name=\"twitter:label2\" content=\"Tiempo de lectura\" \/>\n\t<meta name=\"twitter:data2\" content=\"2 minutos\" \/>\n<script type=\"application\/ld+json\" class=\"yoast-schema-graph\">{\"@context\":\"https:\\\/\\\/schema.org\",\"@graph\":[{\"@type\":\"Article\",\"@id\":\"https:\\\/\\\/exaudi.org\\\/es\\\/peru-el-papa-nombre-al-obispo-de-iquitos\\\/#article\",\"isPartOf\":{\"@id\":\"https:\\\/\\\/exaudi.org\\\/es\\\/peru-el-papa-nombre-al-obispo-de-iquitos\\\/\"},\"author\":{\"name\":\"Larissa I. L\u00f3pez\",\"@id\":\"https:\\\/\\\/exaudi.org\\\/#\\\/schema\\\/person\\\/7d2f77db033c2c0929edfab6dbe8c588\"},\"headline\":\"Per\u00fa: El Papa nombre al obispo de Iquitos\",\"datePublished\":\"2021-05-15T18:42:14+00:00\",\"dateModified\":\"2021-05-16T14:51:12+00:00\",\"mainEntityOfPage\":{\"@id\":\"https:\\\/\\\/exaudi.org\\\/es\\\/peru-el-papa-nombre-al-obispo-de-iquitos\\\/\"},\"wordCount\":277,\"commentCount\":0,\"image\":{\"@id\":\"https:\\\/\\\/exaudi.org\\\/es\\\/peru-el-papa-nombre-al-obispo-de-iquitos\\\/#primaryimage\"},\"thumbnailUrl\":\"https:\\\/\\\/exaudi.org\\\/wp-content\\\/uploads\\\/2021\\\/05\\\/Mons.-Miguel-Angel-Cadenas-Cardo-Conferencia-Episcopal-Peruana.jpg\",\"keywords\":[\"Monse\u00f1or Miguel \u00c1ngel Cadenas Cardo\",\"papa francisco\",\"Per\u00fa\",\"Vicaritato de Iquitos\"],\"articleSection\":[\"Iglesia Local\",\"\u00daltimas noticias\"],\"inLanguage\":\"es\",\"potentialAction\":[{\"@type\":\"CommentAction\",\"name\":\"Comment\",\"target\":[\"https:\\\/\\\/exaudi.org\\\/es\\\/peru-el-papa-nombre-al-obispo-de-iquitos\\\/#respond\"]}]},{\"@type\":\"WebPage\",\"@id\":\"https:\\\/\\\/exaudi.org\\\/es\\\/peru-el-papa-nombre-al-obispo-de-iquitos\\\/\",\"url\":\"https:\\\/\\\/exaudi.org\\\/es\\\/peru-el-papa-nombre-al-obispo-de-iquitos\\\/\",\"name\":\"Per\u00fa: El Papa nombre al obispo de Iquitos &#8211; Exaudi\",\"isPartOf\":{\"@id\":\"https:\\\/\\\/exaudi.org\\\/#website\"},\"primaryImageOfPage\":{\"@id\":\"https:\\\/\\\/exaudi.org\\\/es\\\/peru-el-papa-nombre-al-obispo-de-iquitos\\\/#primaryimage\"},\"image\":{\"@id\":\"https:\\\/\\\/exaudi.org\\\/es\\\/peru-el-papa-nombre-al-obispo-de-iquitos\\\/#primaryimage\"},\"thumbnailUrl\":\"https:\\\/\\\/exaudi.org\\\/wp-content\\\/uploads\\\/2021\\\/05\\\/Mons.-Miguel-Angel-Cadenas-Cardo-Conferencia-Episcopal-Peruana.jpg\",\"datePublished\":\"2021-05-15T18:42:14+00:00\",\"dateModified\":\"2021-05-16T14:51:12+00:00\",\"author\":{\"@id\":\"https:\\\/\\\/exaudi.org\\\/#\\\/schema\\\/person\\\/7d2f77db033c2c0929edfab6dbe8c588\"},\"description\":\"El Papa Francisco ha nombrado obispo del vicariato apost\u00f3lico de Iquitos, Per\u00fa, a Mons. Miguel \u00c1ngel Cadenas Cardo, superior de los agustinos\",\"breadcrumb\":{\"@id\":\"https:\\\/\\\/exaudi.org\\\/es\\\/peru-el-papa-nombre-al-obispo-de-iquitos\\\/#breadcrumb\"},\"inLanguage\":\"es\",\"potentialAction\":[{\"@type\":\"ReadAction\",\"target\":[\"https:\\\/\\\/exaudi.org\\\/es\\\/peru-el-papa-nombre-al-obispo-de-iquitos\\\/\"]}]},{\"@type\":\"ImageObject\",\"inLanguage\":\"es\",\"@id\":\"https:\\\/\\\/exaudi.org\\\/es\\\/peru-el-papa-nombre-al-obispo-de-iquitos\\\/#primaryimage\",\"url\":\"https:\\\/\\\/exaudi.org\\\/wp-content\\\/uploads\\\/2021\\\/05\\\/Mons.-Miguel-Angel-Cadenas-Cardo-Conferencia-Episcopal-Peruana.jpg\",\"contentUrl\":\"https:\\\/\\\/exaudi.org\\\/wp-content\\\/uploads\\\/2021\\\/05\\\/Mons.-Miguel-Angel-Cadenas-Cardo-Conferencia-Episcopal-Peruana.jpg\",\"width\":1354,\"height\":902,\"caption\":\"Per\u00fa obispo Iquitos\"},{\"@type\":\"BreadcrumbList\",\"@id\":\"https:\\\/\\\/exaudi.org\\\/es\\\/peru-el-papa-nombre-al-obispo-de-iquitos\\\/#breadcrumb\",\"itemListElement\":[{\"@type\":\"ListItem\",\"position\":1,\"name\":\"Portada\",\"item\":\"https:\\\/\\\/exaudi.org\\\/es\\\/\"},{\"@type\":\"ListItem\",\"position\":2,\"name\":\"Per\u00fa: El Papa nombre al obispo de Iquitos\"}]},{\"@type\":\"WebSite\",\"@id\":\"https:\\\/\\\/exaudi.org\\\/#website\",\"url\":\"https:\\\/\\\/exaudi.org\\\/\",\"name\":\"Exaudi\",\"description\":\"News\",\"potentialAction\":[{\"@type\":\"SearchAction\",\"target\":{\"@type\":\"EntryPoint\",\"urlTemplate\":\"https:\\\/\\\/exaudi.org\\\/?s={search_term_string}\"},\"query-input\":{\"@type\":\"PropertyValueSpecification\",\"valueRequired\":true,\"valueName\":\"search_term_string\"}}],\"inLanguage\":\"es\"},{\"@type\":\"Person\",\"@id\":\"https:\\\/\\\/exaudi.org\\\/#\\\/schema\\\/person\\\/7d2f77db033c2c0929edfab6dbe8c588\",\"name\":\"Larissa I. L\u00f3pez\",\"image\":{\"@type\":\"ImageObject\",\"inLanguage\":\"es\",\"@id\":\"https:\\\/\\\/secure.gravatar.com\\\/avatar\\\/db3ef399ff343d0bb9d25dc5198bc8ece5ac6d621eca79876697a354dabc1e3f?s=96&d=mm&r=g\",\"url\":\"https:\\\/\\\/secure.gravatar.com\\\/avatar\\\/db3ef399ff343d0bb9d25dc5198bc8ece5ac6d621eca79876697a354dabc1e3f?s=96&d=mm&r=g\",\"contentUrl\":\"https:\\\/\\\/secure.gravatar.com\\\/avatar\\\/db3ef399ff343d0bb9d25dc5198bc8ece5ac6d621eca79876697a354dabc1e3f?s=96&d=mm&r=g\",\"caption\":\"Larissa I. L\u00f3pez\"},\"description\":\"Doctora en Comunicaci\u00f3n. Mi trayectoria profesional ha transcurrido entre el \u00e1mbito de la comunicaci\u00f3n y el de la docencia. En los \u00faltimos a\u00f1os, he trabajado como coordinadora y redactora de la edici\u00f3n de ZENIT en espa\u00f1ol. Como profesora, he impartido clases en la universidad y en centros de FP y bachillerato. Cordobesa de nacimiento, tambi\u00e9n he vivido en Sevilla, Madrid y Roma\",\"url\":\"https:\\\/\\\/exaudi.org\\\/es\\\/author\\\/llopezexaudi-org\\\/\"}]}<\/script>\n<!-- \/ Yoast SEO plugin. -->","yoast_head_json":{"title":"Per\u00fa: El Papa nombre al obispo de Iquitos &#8211; Exaudi","description":"El Papa Francisco ha nombrado obispo del vicariato apost\u00f3lico de Iquitos, Per\u00fa, a Mons. Miguel \u00c1ngel Cadenas Cardo, superior de los agustinos","robots":{"index":"index","follow":"follow","max-snippet":"max-snippet:-1","max-image-preview":"max-image-preview:large","max-video-preview":"max-video-preview:-1"},"canonical":"https:\/\/exaudi.org\/es\/peru-el-papa-nombre-al-obispo-de-iquitos\/","og_locale":"es_ES","og_type":"article","og_title":"Per\u00fa: El Papa nombre al obispo de Iquitos &#8211; Exaudi","og_description":"El Papa Francisco ha nombrado obispo del vicariato apost\u00f3lico de Iquitos, Per\u00fa, a Mons. Miguel \u00c1ngel Cadenas Cardo, superior de los agustinos","og_url":"https:\/\/exaudi.org\/es\/peru-el-papa-nombre-al-obispo-de-iquitos\/","og_site_name":"Exaudi","article_publisher":"https:\/\/www.facebook.com\/ExaudiNews","article_published_time":"2021-05-15T18:42:14+00:00","article_modified_time":"2021-05-16T14:51:12+00:00","og_image":[{"width":1354,"height":902,"url":"https:\/\/exaudi.org\/wp-content\/uploads\/2021\/05\/Mons.-Miguel-Angel-Cadenas-Cardo-Conferencia-Episcopal-Peruana.jpg","type":"image\/jpeg"}],"author":"Larissa I. L\u00f3pez","twitter_card":"summary_large_image","twitter_creator":"@Exaudi_News","twitter_site":"@Exaudi_News","twitter_misc":{"Escrito por":"Larissa I. L\u00f3pez","Tiempo de lectura":"2 minutos"},"schema":{"@context":"https:\/\/schema.org","@graph":[{"@type":"Article","@id":"https:\/\/exaudi.org\/es\/peru-el-papa-nombre-al-obispo-de-iquitos\/#article","isPartOf":{"@id":"https:\/\/exaudi.org\/es\/peru-el-papa-nombre-al-obispo-de-iquitos\/"},"author":{"name":"Larissa I. L\u00f3pez","@id":"https:\/\/exaudi.org\/#\/schema\/person\/7d2f77db033c2c0929edfab6dbe8c588"},"headline":"Per\u00fa: El Papa nombre al obispo de Iquitos","datePublished":"2021-05-15T18:42:14+00:00","dateModified":"2021-05-16T14:51:12+00:00","mainEntityOfPage":{"@id":"https:\/\/exaudi.org\/es\/peru-el-papa-nombre-al-obispo-de-iquitos\/"},"wordCount":277,"commentCount":0,"image":{"@id":"https:\/\/exaudi.org\/es\/peru-el-papa-nombre-al-obispo-de-iquitos\/#primaryimage"},"thumbnailUrl":"https:\/\/exaudi.org\/wp-content\/uploads\/2021\/05\/Mons.-Miguel-Angel-Cadenas-Cardo-Conferencia-Episcopal-Peruana.jpg","keywords":["Monse\u00f1or Miguel \u00c1ngel Cadenas Cardo","papa francisco","Per\u00fa","Vicaritato de Iquitos"],"articleSection":["Iglesia Local","\u00daltimas noticias"],"inLanguage":"es","potentialAction":[{"@type":"CommentAction","name":"Comment","target":["https:\/\/exaudi.org\/es\/peru-el-papa-nombre-al-obispo-de-iquitos\/#respond"]}]},{"@type":"WebPage","@id":"https:\/\/exaudi.org\/es\/peru-el-papa-nombre-al-obispo-de-iquitos\/","url":"https:\/\/exaudi.org\/es\/peru-el-papa-nombre-al-obispo-de-iquitos\/","name":"Per\u00fa: El Papa nombre al obispo de Iquitos &#8211; Exaudi","isPartOf":{"@id":"https:\/\/exaudi.org\/#website"},"primaryImageOfPage":{"@id":"https:\/\/exaudi.org\/es\/peru-el-papa-nombre-al-obispo-de-iquitos\/#primaryimage"},"image":{"@id":"https:\/\/exaudi.org\/es\/peru-el-papa-nombre-al-obispo-de-iquitos\/#primaryimage"},"thumbnailUrl":"https:\/\/exaudi.org\/wp-content\/uploads\/2021\/05\/Mons.-Miguel-Angel-Cadenas-Cardo-Conferencia-Episcopal-Peruana.jpg","datePublished":"2021-05-15T18:42:14+00:00","dateModified":"2021-05-16T14:51:12+00:00","author":{"@id":"https:\/\/exaudi.org\/#\/schema\/person\/7d2f77db033c2c0929edfab6dbe8c588"},"description":"El Papa Francisco ha nombrado obispo del vicariato apost\u00f3lico de Iquitos, Per\u00fa, a Mons. Miguel \u00c1ngel Cadenas Cardo, superior de los agustinos","breadcrumb":{"@id":"https:\/\/exaudi.org\/es\/peru-el-papa-nombre-al-obispo-de-iquitos\/#breadcrumb"},"inLanguage":"es","potentialAction":[{"@type":"ReadAction","target":["https:\/\/exaudi.org\/es\/peru-el-papa-nombre-al-obispo-de-iquitos\/"]}]},{"@type":"ImageObject","inLanguage":"es","@id":"https:\/\/exaudi.org\/es\/peru-el-papa-nombre-al-obispo-de-iquitos\/#primaryimage","url":"https:\/\/exaudi.org\/wp-content\/uploads\/2021\/05\/Mons.-Miguel-Angel-Cadenas-Cardo-Conferencia-Episcopal-Peruana.jpg","contentUrl":"https:\/\/exaudi.org\/wp-content\/uploads\/2021\/05\/Mons.-Miguel-Angel-Cadenas-Cardo-Conferencia-Episcopal-Peruana.jpg","width":1354,"height":902,"caption":"Per\u00fa obispo Iquitos"},{"@type":"BreadcrumbList","@id":"https:\/\/exaudi.org\/es\/peru-el-papa-nombre-al-obispo-de-iquitos\/#breadcrumb","itemListElement":[{"@type":"ListItem","position":1,"name":"Portada","item":"https:\/\/exaudi.org\/es\/"},{"@type":"ListItem","position":2,"name":"Per\u00fa: El Papa nombre al obispo de Iquitos"}]},{"@type":"WebSite","@id":"https:\/\/exaudi.org\/#website","url":"https:\/\/exaudi.org\/","name":"Exaudi","description":"News","potentialAction":[{"@type":"SearchAction","target":{"@type":"EntryPoint","urlTemplate":"https:\/\/exaudi.org\/?s={search_term_string}"},"query-input":{"@type":"PropertyValueSpecification","valueRequired":true,"valueName":"search_term_string"}}],"inLanguage":"es"},{"@type":"Person","@id":"https:\/\/exaudi.org\/#\/schema\/person\/7d2f77db033c2c0929edfab6dbe8c588","name":"Larissa I. L\u00f3pez","image":{"@type":"ImageObject","inLanguage":"es","@id":"https:\/\/secure.gravatar.com\/avatar\/db3ef399ff343d0bb9d25dc5198bc8ece5ac6d621eca79876697a354dabc1e3f?s=96&d=mm&r=g","url":"https:\/\/secure.gravatar.com\/avatar\/db3ef399ff343d0bb9d25dc5198bc8ece5ac6d621eca79876697a354dabc1e3f?s=96&d=mm&r=g","contentUrl":"https:\/\/secure.gravatar.com\/avatar\/db3ef399ff343d0bb9d25dc5198bc8ece5ac6d621eca79876697a354dabc1e3f?s=96&d=mm&r=g","caption":"Larissa I. L\u00f3pez"},"description":"Doctora en Comunicaci\u00f3n. Mi trayectoria profesional ha transcurrido entre el \u00e1mbito de la comunicaci\u00f3n y el de la docencia. En los \u00faltimos a\u00f1os, he trabajado como coordinadora y redactora de la edici\u00f3n de ZENIT en espa\u00f1ol. Como profesora, he impartido clases en la universidad y en centros de FP y bachillerato. Cordobesa de nacimiento, tambi\u00e9n he vivido en Sevilla, Madrid y Roma","url":"https:\/\/exaudi.org\/es\/author\/llopezexaudi-org\/"}]}},"jetpack_featured_media_url":"https:\/\/exaudi.org\/wp-content\/uploads\/2021\/05\/Mons.-Miguel-Angel-Cadenas-Cardo-Conferencia-Episcopal-Peruana.jpg","jetpack_shortlink":"https:\/\/wp.me\/pgKjF2-4rz","_links":{"self":[{"href":"https:\/\/exaudi.org\/es\/wp-json\/wp\/v2\/posts\/17085","targetHints":{"allow":["GET"]}}],"collection":[{"href":"https:\/\/exaudi.org\/es\/wp-json\/wp\/v2\/posts"}],"about":[{"href":"https:\/\/exaudi.org\/es\/wp-json\/wp\/v2\/types\/post"}],"author":[{"embeddable":true,"href":"https:\/\/exaudi.org\/es\/wp-json\/wp\/v2\/users\/5"}],"replies":[{"embeddable":true,"href":"https:\/\/exaudi.org\/es\/wp-json\/wp\/v2\/comments?post=17085"}],"version-history":[{"count":0,"href":"https:\/\/exaudi.org\/es\/wp-json\/wp\/v2\/posts\/17085\/revisions"}],"wp:featuredmedia":[{"embeddable":true,"href":"https:\/\/exaudi.org\/es\/wp-json\/wp\/v2\/media\/17088"}],"wp:attachment":[{"href":"https:\/\/exaudi.org\/es\/wp-json\/wp\/v2\/media?parent=17085"}],"wp:term":[{"taxonomy":"category","embeddable":true,"href":"https:\/\/exaudi.org\/es\/wp-json\/wp\/v2\/categories?post=17085"},{"taxonomy":"post_tag","embeddable":true,"href":"https:\/\/exaudi.org\/es\/wp-json\/wp\/v2\/tags?post=17085"}],"curies":[{"name":"wp","href":"https:\/\/api.w.org\/{rel}","templated":true}]}}