{"id":169056,"date":"2026-05-01T00:33:49","date_gmt":"2026-04-30T22:33:49","guid":{"rendered":"https:\/\/exaudi.org\/?p=169056"},"modified":"2026-05-01T00:45:36","modified_gmt":"2026-04-30T22:45:36","slug":"la-monja-que-no-temio-a-los-fusiles-el-ultimo-acto-de-amor-de-aguchita-en-la-selva-peruana","status":"publish","type":"post","link":"https:\/\/exaudi.org\/es\/la-monja-que-no-temio-a-los-fusiles-el-ultimo-acto-de-amor-de-aguchita-en-la-selva-peruana\/","title":{"rendered":"La monja que no temi\u00f3 a los fusiles: El \u00faltimo acto de amor de \u00abAguchita\u00bb en la selva peruana"},"content":{"rendered":"<p data-path-to-node=\"4\">A principios de la d\u00e9cada de los 90, la localidad de La Florida, en la selva central del Per\u00fa, no era el para\u00edso verde que uno imaginar\u00eda. Era un \u00abpueblo cementerio\u00bb. El silencio no era de paz, sino de miedo. Sendero Luminoso dominaba las sombras, reclutando ni\u00f1os y sembrando cad\u00e1veres en las plazas. En ese escenario de pesadilla, donde hasta el m\u00e1s valiente hu\u00eda, un grupo de mujeres decidi\u00f3 quedarse. Entre ellas estaba la hermana <b data-path-to-node=\"4\" data-index-in-node=\"435\">Agustina Rivas<\/b>, conocida por todos como <b data-path-to-node=\"4\" data-index-in-node=\"475\">Aguchita<\/b>.<\/p>\n<p><iframe title=\"Spotify Embed: La monja que no temi\u00f3 a los fusiles: El \u00faltimo acto de amor de &quot;Aguchita&quot; en la selva peruana\" style=\"border-radius: 12px\" width=\"100%\" height=\"152\" frameborder=\"0\" allowfullscreen allow=\"autoplay; clipboard-write; encrypted-media; fullscreen; picture-in-picture\" loading=\"lazy\" src=\"https:\/\/open.spotify.com\/embed\/episode\/3KE8Mb8rEKwrAE35fGTwX5?si=54d18de325e04db1&amp;utm_source=oembed\"><\/iframe><\/p>\n<h3 data-path-to-node=\"5\"><b data-path-to-node=\"5\" data-index-in-node=\"0\">Una vida de servicio entre tofis y balas<\/b><\/h3>\n<p data-path-to-node=\"6\">Aguchita no era una estratega militar ni una l\u00edder pol\u00edtica. Era una religiosa de las Hermanas del Buen Pastor que, a sus 68 a\u00f1os, cumpli\u00f3 el sue\u00f1o de su vida: ser misionera en la selva. Su \u00abarma\u00bb contra la violencia era la cotidianidad. Mientras el terrorismo intentaba dividir al pueblo, ella un\u00eda a las mujeres ense\u00f1\u00e1ndoles reposter\u00eda y cuidando a los ni\u00f1os.<\/p>\n<p data-path-to-node=\"7\">\u201cElla no negaba un vaso de agua ni alimentos a nadie\u201d, recuerdan los pobladores. Para Aguchita, no hab\u00eda bandos; solo hab\u00eda hijos de Dios. Incluso cuando la violencia llamaba a la puerta, ella respond\u00eda con caramelos de caf\u00e9 y pan reci\u00e9n horneado.<\/p>\n<h3 data-path-to-node=\"8\"><b data-path-to-node=\"8\" data-index-in-node=\"0\">El 27 de septiembre: El sacrificio final<\/b><\/h3>\n<p data-path-to-node=\"9\">La tragedia ocurri\u00f3 una tarde de 1990. Aguchita estaba ense\u00f1ando a un grupo de ni\u00f1as a preparar tofis cuando una columna terrorista irrumpi\u00f3 en el pueblo. Con una serenidad sobrehumana, la hermana intent\u00f3 incluso invitar a una de las j\u00f3venes atacantes a dejar las armas y aprender a cocinar con ellas: <i data-path-to-node=\"9\" data-index-in-node=\"302\">\u00abNo seas as\u00ed, hijita&#8230; mejor aprende a hacer esto, ven con nosotros\u00bb<\/i>.<\/p>\n<p data-path-to-node=\"10\">La respuesta fueron insultos y una orden de ejecuci\u00f3n. Aguchita fue llevada a la plaza principal junto a otros cinco l\u00edderes locales. Fue la \u00faltima en morir. Una pared en La Florida a\u00fan conserva los agujeros de los proyectiles, mudos testigos de una bala que atraves\u00f3 su cerebro pero no pudo extinguir su legado.<\/p>\n<h3 data-path-to-node=\"11\"><b data-path-to-node=\"11\" data-index-in-node=\"0\">M\u00e1s que una m\u00e1rtir, un faro de esperanza<\/b><\/h3>\n<p data-path-to-node=\"12\">Hoy, la tumba de Aguchita es un lugar de peregrinaci\u00f3n. En 2021 fue beatificada, convirti\u00e9ndose en un s\u00edmbolo de resistencia pac\u00edfica. Pero su impacto no es solo religioso. Su muerte se convirti\u00f3 en una \u00absemilla de esperanza\u00bb que ha multiplicado la labor social en la zona.<\/p>\n<p data-path-to-node=\"13\">Las Hermanas del Buen Pastor contin\u00faan su trabajo en comunidades nativas como Alto Yurinaki, empoderando a mujeres con talleres y educaci\u00f3n. Como dicen quienes la conocieron: <i data-path-to-node=\"13\" data-index-in-node=\"175\">\u00abEl amor fue m\u00e1s fuerte que el terror\u00bb<\/i>. Aguchita demostr\u00f3 que, aunque las rosas del mal intenten cubrirlo todo, las \u00abrosas del bien\u00bb \u2014como ella llamaba a sus actos de caridad\u2014 siempre terminan floreciendo entre las grietas de la historia.<\/p>\n<p data-path-to-node=\"15\"><b data-path-to-node=\"15\" data-index-in-node=\"0\">\u00bfSab\u00edas que&#8230;?<\/b> Junto a su memorial se recuerdan tambi\u00e9n a los laicos que murieron con ella, como las hermanas Efigenia y Jes\u00fas Mar\u00edn, quienes murieron abrazadas por un mismo disparo, record\u00e1ndonos que en la selva peruana, la fe y la solidaridad fueron la \u00fanica luz en la oscuridad del terrorismo.<\/p>\n<p><iframe loading=\"lazy\" title=\"\u26ea\ufe0f Aguchita: La Primera Beata M\u00e1rtir Peruana\" width=\"500\" height=\"281\" src=\"https:\/\/www.youtube.com\/embed\/UoJAimt1UHQ?feature=oembed\" frameborder=\"0\" allow=\"accelerometer; autoplay; clipboard-write; encrypted-media; gyroscope; picture-in-picture; web-share\" referrerpolicy=\"strict-origin-when-cross-origin\" allowfullscreen><\/iframe><\/p>\n<p><img loading=\"lazy\" decoding=\"async\" class=\"size-full wp-image-169058 alignnone\" src=\"https:\/\/exaudi.org\/wp-content\/uploads\/2026\/05\/Voces.jpg\" alt=\"\" width=\"940\" height=\"788\" srcset=\"https:\/\/exaudi.org\/wp-content\/uploads\/2026\/05\/Voces.jpg 940w, https:\/\/exaudi.org\/wp-content\/uploads\/2026\/05\/Voces-300x251.jpg 300w, https:\/\/exaudi.org\/wp-content\/uploads\/2026\/05\/Voces-770x645.jpg 770w, https:\/\/exaudi.org\/wp-content\/uploads\/2026\/05\/Voces-500x419.jpg 500w\" sizes=\"auto, (max-width: 940px) 100vw, 940px\" \/><\/p>\n","protected":false},"excerpt":{"rendered":"<p>En medio del terror de los a\u00f1os 90, una mujer de 70 a\u00f1os decidi\u00f3 que un vaso de agua y una sonrisa eran m\u00e1s fuertes que el odio. Esta es la historia de la primera beata m\u00e1rtir del Per\u00fa<\/p>\n","protected":false},"author":15,"featured_media":169061,"comment_status":"closed","ping_status":"closed","sticky":false,"template":"","format":"standard","meta":{"_acf_changed":false,"_crdt_document":"","inline_featured_image":false,"footnotes":""},"categories":[74],"tags":[5885,111137,111138,2034,111149,111146,111148,111145,111142,111143,111141,111139,111144,111147,111150,83468,4211,111140,58880],"class_list":["post-169056","post","type-post","status-publish","format-standard","has-post-thumbnail","hentry","category-iglesia-y-mundo","tag-aguchita","tag-agustina-rivas","tag-beata-peruana","tag-beatificacion","tag-biografia-aguchita","tag-conflicto-armado-interno-peru","tag-derechos-humanos-peru","tag-fe-y-terrorismo","tag-hermanas-del-buen-pastor","tag-historia-de-aguchita","tag-la-florida-selva","tag-martir-del-peru","tag-martires-de-la-selva","tag-mision-en-la-selva","tag-mujeres-valientes-peru","tag-religion-y-paz","tag-sendero-luminoso","tag-terrorismo-en-peru","tag-trending-es-151"],"acf":[],"yoast_head":"<!-- This site is optimized with the Yoast SEO plugin v27.5 - https:\/\/yoast.com\/product\/yoast-seo-wordpress\/ -->\n<title>La monja que no temi\u00f3 a los fusiles: El \u00faltimo acto de amor de &quot;Aguchita&quot; en la selva peruana &#8211; Exaudi<\/title>\n<meta name=\"robots\" content=\"index, follow, max-snippet:-1, max-image-preview:large, max-video-preview:-1\" \/>\n<link rel=\"canonical\" href=\"https:\/\/exaudi.org\/es\/la-monja-que-no-temio-a-los-fusiles-el-ultimo-acto-de-amor-de-aguchita-en-la-selva-peruana\/\" \/>\n<meta property=\"og:locale\" content=\"es_ES\" \/>\n<meta property=\"og:type\" content=\"article\" \/>\n<meta property=\"og:title\" content=\"La monja que no temi\u00f3 a los fusiles: El \u00faltimo acto de amor de &quot;Aguchita&quot; en la selva peruana &#8211; Exaudi\" \/>\n<meta property=\"og:description\" content=\"En medio del terror de los a\u00f1os 90, una mujer de 70 a\u00f1os decidi\u00f3 que un vaso de agua y una sonrisa eran m\u00e1s fuertes que el odio. Esta es la historia de la primera beata m\u00e1rtir del Per\u00fa\" \/>\n<meta property=\"og:url\" content=\"https:\/\/exaudi.org\/es\/la-monja-que-no-temio-a-los-fusiles-el-ultimo-acto-de-amor-de-aguchita-en-la-selva-peruana\/\" \/>\n<meta property=\"og:site_name\" content=\"Exaudi\" \/>\n<meta property=\"article:publisher\" content=\"https:\/\/www.facebook.com\/ExaudiNews\" \/>\n<meta property=\"article:author\" content=\"https:\/\/www.facebook.com\/ExaudiNoticias\/\" \/>\n<meta property=\"article:published_time\" content=\"2026-04-30T22:33:49+00:00\" \/>\n<meta property=\"article:modified_time\" content=\"2026-04-30T22:45:36+00:00\" \/>\n<meta property=\"og:image\" content=\"https:\/\/exaudi.org\/wp-content\/uploads\/2026\/05\/1777588251438-scaled.jpg\" \/>\n\t<meta property=\"og:image:width\" content=\"2560\" \/>\n\t<meta property=\"og:image:height\" content=\"1438\" \/>\n\t<meta property=\"og:image:type\" content=\"image\/jpeg\" \/>\n<meta name=\"author\" content=\"Exaudi Redacci\u00f3n\" \/>\n<meta name=\"twitter:card\" content=\"summary_large_image\" \/>\n<meta name=\"twitter:creator\" content=\"@Exaudi_noticias\" \/>\n<meta name=\"twitter:site\" content=\"@Exaudi_News\" \/>\n<meta name=\"twitter:label1\" content=\"Escrito por\" \/>\n\t<meta name=\"twitter:data1\" content=\"Exaudi Redacci\u00f3n\" \/>\n\t<meta name=\"twitter:label2\" content=\"Tiempo de lectura\" \/>\n\t<meta name=\"twitter:data2\" content=\"3 minutos\" \/>\n<script type=\"application\/ld+json\" class=\"yoast-schema-graph\">{\"@context\":\"https:\\\/\\\/schema.org\",\"@graph\":[{\"@type\":\"Article\",\"@id\":\"https:\\\/\\\/exaudi.org\\\/es\\\/la-monja-que-no-temio-a-los-fusiles-el-ultimo-acto-de-amor-de-aguchita-en-la-selva-peruana\\\/#article\",\"isPartOf\":{\"@id\":\"https:\\\/\\\/exaudi.org\\\/es\\\/la-monja-que-no-temio-a-los-fusiles-el-ultimo-acto-de-amor-de-aguchita-en-la-selva-peruana\\\/\"},\"author\":{\"name\":\"Exaudi Redacci\u00f3n\",\"@id\":\"https:\\\/\\\/exaudi.org\\\/#\\\/schema\\\/person\\\/f5fc8f063065e38742da7afe15f25df7\"},\"headline\":\"La monja que no temi\u00f3 a los fusiles: El \u00faltimo acto de amor de \u00abAguchita\u00bb en la selva peruana\",\"datePublished\":\"2026-04-30T22:33:49+00:00\",\"dateModified\":\"2026-04-30T22:45:36+00:00\",\"mainEntityOfPage\":{\"@id\":\"https:\\\/\\\/exaudi.org\\\/es\\\/la-monja-que-no-temio-a-los-fusiles-el-ultimo-acto-de-amor-de-aguchita-en-la-selva-peruana\\\/\"},\"wordCount\":563,\"image\":{\"@id\":\"https:\\\/\\\/exaudi.org\\\/es\\\/la-monja-que-no-temio-a-los-fusiles-el-ultimo-acto-de-amor-de-aguchita-en-la-selva-peruana\\\/#primaryimage\"},\"thumbnailUrl\":\"https:\\\/\\\/exaudi.org\\\/wp-content\\\/uploads\\\/2026\\\/05\\\/1777588251438-scaled.jpg\",\"keywords\":[\"Aguchita\",\"Agustina Rivas\",\"beata peruana\",\"Beatificaci\u00f3n\",\"biograf\u00eda Aguchita\",\"conflicto armado interno Per\u00fa\",\"derechos humanos Per\u00fa\",\"fe y terrorismo\",\"hermanas del buen pastor\",\"historia de Aguchita\",\"La Florida selva\",\"m\u00e1rtir del Per\u00fa\",\"m\u00e1rtires de la selva\",\"misi\u00f3n en la selva\",\"mujeres valientes Per\u00fa\",\"religi\u00f3n y paz\",\"Sendero Luminoso\",\"terrorismo en Per\u00fa\",\"Trending\"],\"articleSection\":[\"Iglesia y Mundo\"],\"inLanguage\":\"es\"},{\"@type\":\"WebPage\",\"@id\":\"https:\\\/\\\/exaudi.org\\\/es\\\/la-monja-que-no-temio-a-los-fusiles-el-ultimo-acto-de-amor-de-aguchita-en-la-selva-peruana\\\/\",\"url\":\"https:\\\/\\\/exaudi.org\\\/es\\\/la-monja-que-no-temio-a-los-fusiles-el-ultimo-acto-de-amor-de-aguchita-en-la-selva-peruana\\\/\",\"name\":\"La monja que no temi\u00f3 a los fusiles: El \u00faltimo acto de amor de \\\"Aguchita\\\" en la selva peruana &#8211; Exaudi\",\"isPartOf\":{\"@id\":\"https:\\\/\\\/exaudi.org\\\/#website\"},\"primaryImageOfPage\":{\"@id\":\"https:\\\/\\\/exaudi.org\\\/es\\\/la-monja-que-no-temio-a-los-fusiles-el-ultimo-acto-de-amor-de-aguchita-en-la-selva-peruana\\\/#primaryimage\"},\"image\":{\"@id\":\"https:\\\/\\\/exaudi.org\\\/es\\\/la-monja-que-no-temio-a-los-fusiles-el-ultimo-acto-de-amor-de-aguchita-en-la-selva-peruana\\\/#primaryimage\"},\"thumbnailUrl\":\"https:\\\/\\\/exaudi.org\\\/wp-content\\\/uploads\\\/2026\\\/05\\\/1777588251438-scaled.jpg\",\"datePublished\":\"2026-04-30T22:33:49+00:00\",\"dateModified\":\"2026-04-30T22:45:36+00:00\",\"author\":{\"@id\":\"https:\\\/\\\/exaudi.org\\\/#\\\/schema\\\/person\\\/f5fc8f063065e38742da7afe15f25df7\"},\"breadcrumb\":{\"@id\":\"https:\\\/\\\/exaudi.org\\\/es\\\/la-monja-que-no-temio-a-los-fusiles-el-ultimo-acto-de-amor-de-aguchita-en-la-selva-peruana\\\/#breadcrumb\"},\"inLanguage\":\"es\",\"potentialAction\":[{\"@type\":\"ReadAction\",\"target\":[\"https:\\\/\\\/exaudi.org\\\/es\\\/la-monja-que-no-temio-a-los-fusiles-el-ultimo-acto-de-amor-de-aguchita-en-la-selva-peruana\\\/\"]}]},{\"@type\":\"ImageObject\",\"inLanguage\":\"es\",\"@id\":\"https:\\\/\\\/exaudi.org\\\/es\\\/la-monja-que-no-temio-a-los-fusiles-el-ultimo-acto-de-amor-de-aguchita-en-la-selva-peruana\\\/#primaryimage\",\"url\":\"https:\\\/\\\/exaudi.org\\\/wp-content\\\/uploads\\\/2026\\\/05\\\/1777588251438-scaled.jpg\",\"contentUrl\":\"https:\\\/\\\/exaudi.org\\\/wp-content\\\/uploads\\\/2026\\\/05\\\/1777588251438-scaled.jpg\",\"width\":2560,\"height\":1438},{\"@type\":\"BreadcrumbList\",\"@id\":\"https:\\\/\\\/exaudi.org\\\/es\\\/la-monja-que-no-temio-a-los-fusiles-el-ultimo-acto-de-amor-de-aguchita-en-la-selva-peruana\\\/#breadcrumb\",\"itemListElement\":[{\"@type\":\"ListItem\",\"position\":1,\"name\":\"Portada\",\"item\":\"https:\\\/\\\/exaudi.org\\\/es\\\/\"},{\"@type\":\"ListItem\",\"position\":2,\"name\":\"La monja que no temi\u00f3 a los fusiles: El \u00faltimo acto de amor de \u00abAguchita\u00bb en la selva peruana\"}]},{\"@type\":\"WebSite\",\"@id\":\"https:\\\/\\\/exaudi.org\\\/#website\",\"url\":\"https:\\\/\\\/exaudi.org\\\/\",\"name\":\"Exaudi\",\"description\":\"News\",\"potentialAction\":[{\"@type\":\"SearchAction\",\"target\":{\"@type\":\"EntryPoint\",\"urlTemplate\":\"https:\\\/\\\/exaudi.org\\\/?s={search_term_string}\"},\"query-input\":{\"@type\":\"PropertyValueSpecification\",\"valueRequired\":true,\"valueName\":\"search_term_string\"}}],\"inLanguage\":\"es\"},{\"@type\":\"Person\",\"@id\":\"https:\\\/\\\/exaudi.org\\\/#\\\/schema\\\/person\\\/f5fc8f063065e38742da7afe15f25df7\",\"name\":\"Exaudi Redacci\u00f3n\",\"image\":{\"@type\":\"ImageObject\",\"inLanguage\":\"es\",\"@id\":\"https:\\\/\\\/secure.gravatar.com\\\/avatar\\\/fe0f6a059fb68d9b3e11bc5850dd4899b1c7492091a3cb6dd9b01b56ad828be2?s=96&d=mm&r=g\",\"url\":\"https:\\\/\\\/secure.gravatar.com\\\/avatar\\\/fe0f6a059fb68d9b3e11bc5850dd4899b1c7492091a3cb6dd9b01b56ad828be2?s=96&d=mm&r=g\",\"contentUrl\":\"https:\\\/\\\/secure.gravatar.com\\\/avatar\\\/fe0f6a059fb68d9b3e11bc5850dd4899b1c7492091a3cb6dd9b01b56ad828be2?s=96&d=mm&r=g\",\"caption\":\"Exaudi Redacci\u00f3n\"},\"description\":\"\u00bfQu\u00e9 es Exaudi News? Exaudi News es un medio de comunicaci\u00f3n cat\u00f3lico internacional que informa, forma y transforma, diariamente en espa\u00f1ol, ingl\u00e9s e italiano. A trav\u00e9s de noticias, art\u00edculos de an\u00e1lisis y transmisiones en directo de los eventos del Papa, Exaudi busca fortalecer la unidad de los cristianos y contribuir a la evangelizaci\u00f3n del mundo, siempre guiados por la doctrina social de la Iglesia. Trabajamos para acercar la verdad y los valores cristianos a cada rinc\u00f3n del planeta. \u00a1Ay\u00fadanos a transformar el mundo con Exaudi! En Exaudi creemos que la evangelizaci\u00f3n y la informaci\u00f3n de calidad pueden cambiar vidas. Para continuar con nuestra misi\u00f3n y expandir nuestro alcance, necesitamos tu ayuda. Adem\u00e1s, buscamos personas comprometidas que deseen unirse a nuestro equipo. Con tu apoyo, lograremos llegar a m\u00e1s personas, difundir el mensaje de Cristo y reforzar la unidad de los cristianos. \u00bfTe unes a nuestra misi\u00f3n? Para m\u00e1s informaci\u00f3n sobre c\u00f3mo colaborar, visita Exaudi.org\\\/es o cont\u00e1ctanos directamente: info@exaudi.org Exaudi: Informa, forma y transforma.\",\"sameAs\":[\"https:\\\/\\\/www.facebook.com\\\/ExaudiNoticias\\\/\",\"https:\\\/\\\/www.instagram.com\\\/exaudi_noticias\\\/\",\"https:\\\/\\\/x.com\\\/Exaudi_noticias\",\"https:\\\/\\\/www.youtube.com\\\/@exaudicatholicnews\"],\"url\":\"https:\\\/\\\/exaudi.org\\\/es\\\/author\\\/redaccionexaudi\\\/\"}]}<\/script>\n<!-- \/ Yoast SEO plugin. -->","yoast_head_json":{"title":"La monja que no temi\u00f3 a los fusiles: El \u00faltimo acto de amor de \"Aguchita\" en la selva peruana &#8211; Exaudi","robots":{"index":"index","follow":"follow","max-snippet":"max-snippet:-1","max-image-preview":"max-image-preview:large","max-video-preview":"max-video-preview:-1"},"canonical":"https:\/\/exaudi.org\/es\/la-monja-que-no-temio-a-los-fusiles-el-ultimo-acto-de-amor-de-aguchita-en-la-selva-peruana\/","og_locale":"es_ES","og_type":"article","og_title":"La monja que no temi\u00f3 a los fusiles: El \u00faltimo acto de amor de \"Aguchita\" en la selva peruana &#8211; Exaudi","og_description":"En medio del terror de los a\u00f1os 90, una mujer de 70 a\u00f1os decidi\u00f3 que un vaso de agua y una sonrisa eran m\u00e1s fuertes que el odio. Esta es la historia de la primera beata m\u00e1rtir del Per\u00fa","og_url":"https:\/\/exaudi.org\/es\/la-monja-que-no-temio-a-los-fusiles-el-ultimo-acto-de-amor-de-aguchita-en-la-selva-peruana\/","og_site_name":"Exaudi","article_publisher":"https:\/\/www.facebook.com\/ExaudiNews","article_author":"https:\/\/www.facebook.com\/ExaudiNoticias\/","article_published_time":"2026-04-30T22:33:49+00:00","article_modified_time":"2026-04-30T22:45:36+00:00","og_image":[{"width":2560,"height":1438,"url":"https:\/\/exaudi.org\/wp-content\/uploads\/2026\/05\/1777588251438-scaled.jpg","type":"image\/jpeg"}],"author":"Exaudi Redacci\u00f3n","twitter_card":"summary_large_image","twitter_creator":"@Exaudi_noticias","twitter_site":"@Exaudi_News","twitter_misc":{"Escrito por":"Exaudi Redacci\u00f3n","Tiempo de lectura":"3 minutos"},"schema":{"@context":"https:\/\/schema.org","@graph":[{"@type":"Article","@id":"https:\/\/exaudi.org\/es\/la-monja-que-no-temio-a-los-fusiles-el-ultimo-acto-de-amor-de-aguchita-en-la-selva-peruana\/#article","isPartOf":{"@id":"https:\/\/exaudi.org\/es\/la-monja-que-no-temio-a-los-fusiles-el-ultimo-acto-de-amor-de-aguchita-en-la-selva-peruana\/"},"author":{"name":"Exaudi Redacci\u00f3n","@id":"https:\/\/exaudi.org\/#\/schema\/person\/f5fc8f063065e38742da7afe15f25df7"},"headline":"La monja que no temi\u00f3 a los fusiles: El \u00faltimo acto de amor de \u00abAguchita\u00bb en la selva peruana","datePublished":"2026-04-30T22:33:49+00:00","dateModified":"2026-04-30T22:45:36+00:00","mainEntityOfPage":{"@id":"https:\/\/exaudi.org\/es\/la-monja-que-no-temio-a-los-fusiles-el-ultimo-acto-de-amor-de-aguchita-en-la-selva-peruana\/"},"wordCount":563,"image":{"@id":"https:\/\/exaudi.org\/es\/la-monja-que-no-temio-a-los-fusiles-el-ultimo-acto-de-amor-de-aguchita-en-la-selva-peruana\/#primaryimage"},"thumbnailUrl":"https:\/\/exaudi.org\/wp-content\/uploads\/2026\/05\/1777588251438-scaled.jpg","keywords":["Aguchita","Agustina Rivas","beata peruana","Beatificaci\u00f3n","biograf\u00eda Aguchita","conflicto armado interno Per\u00fa","derechos humanos Per\u00fa","fe y terrorismo","hermanas del buen pastor","historia de Aguchita","La Florida selva","m\u00e1rtir del Per\u00fa","m\u00e1rtires de la selva","misi\u00f3n en la selva","mujeres valientes Per\u00fa","religi\u00f3n y paz","Sendero Luminoso","terrorismo en Per\u00fa","Trending"],"articleSection":["Iglesia y Mundo"],"inLanguage":"es"},{"@type":"WebPage","@id":"https:\/\/exaudi.org\/es\/la-monja-que-no-temio-a-los-fusiles-el-ultimo-acto-de-amor-de-aguchita-en-la-selva-peruana\/","url":"https:\/\/exaudi.org\/es\/la-monja-que-no-temio-a-los-fusiles-el-ultimo-acto-de-amor-de-aguchita-en-la-selva-peruana\/","name":"La monja que no temi\u00f3 a los fusiles: El \u00faltimo acto de amor de \"Aguchita\" en la selva peruana &#8211; Exaudi","isPartOf":{"@id":"https:\/\/exaudi.org\/#website"},"primaryImageOfPage":{"@id":"https:\/\/exaudi.org\/es\/la-monja-que-no-temio-a-los-fusiles-el-ultimo-acto-de-amor-de-aguchita-en-la-selva-peruana\/#primaryimage"},"image":{"@id":"https:\/\/exaudi.org\/es\/la-monja-que-no-temio-a-los-fusiles-el-ultimo-acto-de-amor-de-aguchita-en-la-selva-peruana\/#primaryimage"},"thumbnailUrl":"https:\/\/exaudi.org\/wp-content\/uploads\/2026\/05\/1777588251438-scaled.jpg","datePublished":"2026-04-30T22:33:49+00:00","dateModified":"2026-04-30T22:45:36+00:00","author":{"@id":"https:\/\/exaudi.org\/#\/schema\/person\/f5fc8f063065e38742da7afe15f25df7"},"breadcrumb":{"@id":"https:\/\/exaudi.org\/es\/la-monja-que-no-temio-a-los-fusiles-el-ultimo-acto-de-amor-de-aguchita-en-la-selva-peruana\/#breadcrumb"},"inLanguage":"es","potentialAction":[{"@type":"ReadAction","target":["https:\/\/exaudi.org\/es\/la-monja-que-no-temio-a-los-fusiles-el-ultimo-acto-de-amor-de-aguchita-en-la-selva-peruana\/"]}]},{"@type":"ImageObject","inLanguage":"es","@id":"https:\/\/exaudi.org\/es\/la-monja-que-no-temio-a-los-fusiles-el-ultimo-acto-de-amor-de-aguchita-en-la-selva-peruana\/#primaryimage","url":"https:\/\/exaudi.org\/wp-content\/uploads\/2026\/05\/1777588251438-scaled.jpg","contentUrl":"https:\/\/exaudi.org\/wp-content\/uploads\/2026\/05\/1777588251438-scaled.jpg","width":2560,"height":1438},{"@type":"BreadcrumbList","@id":"https:\/\/exaudi.org\/es\/la-monja-que-no-temio-a-los-fusiles-el-ultimo-acto-de-amor-de-aguchita-en-la-selva-peruana\/#breadcrumb","itemListElement":[{"@type":"ListItem","position":1,"name":"Portada","item":"https:\/\/exaudi.org\/es\/"},{"@type":"ListItem","position":2,"name":"La monja que no temi\u00f3 a los fusiles: El \u00faltimo acto de amor de \u00abAguchita\u00bb en la selva peruana"}]},{"@type":"WebSite","@id":"https:\/\/exaudi.org\/#website","url":"https:\/\/exaudi.org\/","name":"Exaudi","description":"News","potentialAction":[{"@type":"SearchAction","target":{"@type":"EntryPoint","urlTemplate":"https:\/\/exaudi.org\/?s={search_term_string}"},"query-input":{"@type":"PropertyValueSpecification","valueRequired":true,"valueName":"search_term_string"}}],"inLanguage":"es"},{"@type":"Person","@id":"https:\/\/exaudi.org\/#\/schema\/person\/f5fc8f063065e38742da7afe15f25df7","name":"Exaudi Redacci\u00f3n","image":{"@type":"ImageObject","inLanguage":"es","@id":"https:\/\/secure.gravatar.com\/avatar\/fe0f6a059fb68d9b3e11bc5850dd4899b1c7492091a3cb6dd9b01b56ad828be2?s=96&d=mm&r=g","url":"https:\/\/secure.gravatar.com\/avatar\/fe0f6a059fb68d9b3e11bc5850dd4899b1c7492091a3cb6dd9b01b56ad828be2?s=96&d=mm&r=g","contentUrl":"https:\/\/secure.gravatar.com\/avatar\/fe0f6a059fb68d9b3e11bc5850dd4899b1c7492091a3cb6dd9b01b56ad828be2?s=96&d=mm&r=g","caption":"Exaudi Redacci\u00f3n"},"description":"\u00bfQu\u00e9 es Exaudi News? Exaudi News es un medio de comunicaci\u00f3n cat\u00f3lico internacional que informa, forma y transforma, diariamente en espa\u00f1ol, ingl\u00e9s e italiano. A trav\u00e9s de noticias, art\u00edculos de an\u00e1lisis y transmisiones en directo de los eventos del Papa, Exaudi busca fortalecer la unidad de los cristianos y contribuir a la evangelizaci\u00f3n del mundo, siempre guiados por la doctrina social de la Iglesia. Trabajamos para acercar la verdad y los valores cristianos a cada rinc\u00f3n del planeta. \u00a1Ay\u00fadanos a transformar el mundo con Exaudi! En Exaudi creemos que la evangelizaci\u00f3n y la informaci\u00f3n de calidad pueden cambiar vidas. Para continuar con nuestra misi\u00f3n y expandir nuestro alcance, necesitamos tu ayuda. Adem\u00e1s, buscamos personas comprometidas que deseen unirse a nuestro equipo. Con tu apoyo, lograremos llegar a m\u00e1s personas, difundir el mensaje de Cristo y reforzar la unidad de los cristianos. \u00bfTe unes a nuestra misi\u00f3n? Para m\u00e1s informaci\u00f3n sobre c\u00f3mo colaborar, visita Exaudi.org\/es o cont\u00e1ctanos directamente: info@exaudi.org Exaudi: Informa, forma y transforma.","sameAs":["https:\/\/www.facebook.com\/ExaudiNoticias\/","https:\/\/www.instagram.com\/exaudi_noticias\/","https:\/\/x.com\/Exaudi_noticias","https:\/\/www.youtube.com\/@exaudicatholicnews"],"url":"https:\/\/exaudi.org\/es\/author\/redaccionexaudi\/"}]}},"jetpack_featured_media_url":"https:\/\/exaudi.org\/wp-content\/uploads\/2026\/05\/1777588251438-scaled.jpg","jetpack_shortlink":"https:\/\/wp.me\/pgKjF2-HYI","_links":{"self":[{"href":"https:\/\/exaudi.org\/es\/wp-json\/wp\/v2\/posts\/169056","targetHints":{"allow":["GET"]}}],"collection":[{"href":"https:\/\/exaudi.org\/es\/wp-json\/wp\/v2\/posts"}],"about":[{"href":"https:\/\/exaudi.org\/es\/wp-json\/wp\/v2\/types\/post"}],"author":[{"embeddable":true,"href":"https:\/\/exaudi.org\/es\/wp-json\/wp\/v2\/users\/15"}],"replies":[{"embeddable":true,"href":"https:\/\/exaudi.org\/es\/wp-json\/wp\/v2\/comments?post=169056"}],"version-history":[{"count":3,"href":"https:\/\/exaudi.org\/es\/wp-json\/wp\/v2\/posts\/169056\/revisions"}],"predecessor-version":[{"id":169065,"href":"https:\/\/exaudi.org\/es\/wp-json\/wp\/v2\/posts\/169056\/revisions\/169065"}],"wp:featuredmedia":[{"embeddable":true,"href":"https:\/\/exaudi.org\/es\/wp-json\/wp\/v2\/media\/169061"}],"wp:attachment":[{"href":"https:\/\/exaudi.org\/es\/wp-json\/wp\/v2\/media?parent=169056"}],"wp:term":[{"taxonomy":"category","embeddable":true,"href":"https:\/\/exaudi.org\/es\/wp-json\/wp\/v2\/categories?post=169056"},{"taxonomy":"post_tag","embeddable":true,"href":"https:\/\/exaudi.org\/es\/wp-json\/wp\/v2\/tags?post=169056"}],"curies":[{"name":"wp","href":"https:\/\/api.w.org\/{rel}","templated":true}]}}