{"id":168972,"date":"2026-04-30T16:06:47","date_gmt":"2026-04-30T14:06:47","guid":{"rendered":"https:\/\/exaudi.org\/?p=168972"},"modified":"2026-04-30T16:07:48","modified_gmt":"2026-04-30T14:07:48","slug":"reza-con-el-papa-por-una-alimentacion-para-todos","status":"publish","type":"post","link":"https:\/\/exaudi.org\/es\/reza-con-el-papa-por-una-alimentacion-para-todos\/","title":{"rendered":"Reza con el Papa: Por una alimentaci\u00f3n para todos"},"content":{"rendered":"<p>Ante la creciente crisis alimentaria mundial y el escandaloso desperdicio de recursos, el Pont\u00edfice lanza su intenci\u00f3n de oraci\u00f3n para el mes de mayo. Una llamada urgente a transformar la l\u00f3gica del consumo ego\u00edsta en una cultura de solidaridad, sobriedad y cuidado del pr\u00f3jimo.<\/p>\n<p>A d\u00eda de hoy, millones de personas siguen padeciendo hambre. Esto pone en riesgo la dignidad de los m\u00e1s vulnerables y cuestiona nuestro modo de vivir y compartir los bienes. El Papa Le\u00f3n, en su intenci\u00f3n de oraci\u00f3n para este mes, nos invita a rezar para que nadie quede privado del alimento necesario y para que aprendamos a vivir con mayor responsabilidad, reconociendo que los bienes de la tierra son un don destinado a todos. Tambi\u00e9n nos anima a despertar una conciencia nueva, capaz de agradecer, compartir y cuidar, promoviendo una cultura de solidaridad. No est\u00e1s solo: al rezar te unes a millones de personas de la Red Mundial de Oraci\u00f3n del Papa que, desde cada rinc\u00f3n del mundo, oran por los desaf\u00edos de la humanidad y de la misi\u00f3n de la Iglesia.<\/p>\n<p>En este mes de mayo, la intenci\u00f3n de oraci\u00f3n del Papa es \u201cPor una alimentaci\u00f3n para todos\u201d, para que nadie en el mundo pase hambre y sepamos valorar y compartir los bienes que recibimos, Tambi\u00e9n nos anima a revisar nuestros h\u00e1bitos, evitando el desperdicio y promoviendo una cultura de solidaridad, donde cada persona tenga acceso al pan de cada d\u00eda y cuidemos la tierra como un don para todos.<\/p>\n<p>A trav\u00e9s del del video del Papa y el audio del Papa, todos podemos unirnos en oraci\u00f3n por los desaf\u00edos de la humanidad y de la misi\u00f3n de la Iglesia.<\/p>\n<p>T\u00f3mate un momento, reza con el Papa. Entra en nuestra p\u00e1gina web para vivir una profunda experiencia de oraci\u00f3n.<\/p>\n<p><iframe loading=\"lazy\" title=\"Reza con el Papa: Por una alimentaci\u00f3n para todos | Mayo 2026\" width=\"500\" height=\"281\" src=\"https:\/\/www.youtube.com\/embed\/pw0ClB7-kM8?feature=oembed\" frameborder=\"0\" allow=\"accelerometer; autoplay; clipboard-write; encrypted-media; gyroscope; picture-in-picture; web-share\" referrerpolicy=\"strict-origin-when-cross-origin\" allowfullscreen><\/iframe><\/p>\n","protected":false},"excerpt":{"rendered":"<p>Intenci\u00f3n de oraci\u00f3n mes de mayo<\/p>\n","protected":false},"author":15,"featured_media":168977,"comment_status":"closed","ping_status":"closed","sticky":false,"template":"","format":"standard","meta":{"_acf_changed":false,"_crdt_document":"","inline_featured_image":false,"footnotes":""},"categories":[68],"tags":[13811,1979,58880,236],"class_list":["post-168972","post","type-post","status-publish","format-standard","has-post-thumbnail","hentry","category-leon-xiv","tag-intencion-oracion","tag-mayo","tag-trending-es-151","tag-video-del-papa"],"acf":[],"yoast_head":"<!-- This site is optimized with the Yoast SEO plugin v27.5 - https:\/\/yoast.com\/product\/yoast-seo-wordpress\/ -->\n<title>Reza con el Papa: Por una alimentaci\u00f3n para todos &#8211; Exaudi<\/title>\n<meta name=\"robots\" content=\"index, follow, max-snippet:-1, max-image-preview:large, max-video-preview:-1\" \/>\n<link rel=\"canonical\" href=\"https:\/\/exaudi.org\/es\/reza-con-el-papa-por-una-alimentacion-para-todos\/\" \/>\n<meta property=\"og:locale\" content=\"es_ES\" \/>\n<meta property=\"og:type\" content=\"article\" \/>\n<meta property=\"og:title\" content=\"Reza con el Papa: Por una alimentaci\u00f3n para todos &#8211; Exaudi\" \/>\n<meta property=\"og:description\" content=\"Intenci\u00f3n de oraci\u00f3n mes de mayo\" \/>\n<meta property=\"og:url\" content=\"https:\/\/exaudi.org\/es\/reza-con-el-papa-por-una-alimentacion-para-todos\/\" \/>\n<meta property=\"og:site_name\" content=\"Exaudi\" \/>\n<meta property=\"article:publisher\" content=\"https:\/\/www.facebook.com\/ExaudiNews\" \/>\n<meta property=\"article:author\" content=\"https:\/\/www.facebook.com\/ExaudiNoticias\/\" \/>\n<meta property=\"article:published_time\" content=\"2026-04-30T14:06:47+00:00\" \/>\n<meta property=\"article:modified_time\" content=\"2026-04-30T14:07:48+00:00\" \/>\n<meta property=\"og:image\" content=\"https:\/\/exaudi.org\/wp-content\/uploads\/2026\/04\/papa-1777553625.webp\" \/>\n\t<meta property=\"og:image:width\" content=\"672\" \/>\n\t<meta property=\"og:image:height\" content=\"448\" \/>\n\t<meta property=\"og:image:type\" content=\"image\/webp\" \/>\n<meta name=\"author\" content=\"Exaudi Redacci\u00f3n\" \/>\n<meta name=\"twitter:card\" content=\"summary_large_image\" \/>\n<meta name=\"twitter:creator\" content=\"@Exaudi_noticias\" \/>\n<meta name=\"twitter:site\" content=\"@Exaudi_News\" \/>\n<meta name=\"twitter:label1\" content=\"Escrito por\" \/>\n\t<meta name=\"twitter:data1\" content=\"Exaudi Redacci\u00f3n\" \/>\n\t<meta name=\"twitter:label2\" content=\"Tiempo de lectura\" \/>\n\t<meta name=\"twitter:data2\" content=\"2 minutos\" \/>\n<script type=\"application\/ld+json\" class=\"yoast-schema-graph\">{\"@context\":\"https:\\\/\\\/schema.org\",\"@graph\":[{\"@type\":\"Article\",\"@id\":\"https:\\\/\\\/exaudi.org\\\/es\\\/reza-con-el-papa-por-una-alimentacion-para-todos\\\/#article\",\"isPartOf\":{\"@id\":\"https:\\\/\\\/exaudi.org\\\/es\\\/reza-con-el-papa-por-una-alimentacion-para-todos\\\/\"},\"author\":{\"name\":\"Exaudi Redacci\u00f3n\",\"@id\":\"https:\\\/\\\/exaudi.org\\\/#\\\/schema\\\/person\\\/f5fc8f063065e38742da7afe15f25df7\"},\"headline\":\"Reza con el Papa: Por una alimentaci\u00f3n para todos\",\"datePublished\":\"2026-04-30T14:06:47+00:00\",\"dateModified\":\"2026-04-30T14:07:48+00:00\",\"mainEntityOfPage\":{\"@id\":\"https:\\\/\\\/exaudi.org\\\/es\\\/reza-con-el-papa-por-una-alimentacion-para-todos\\\/\"},\"wordCount\":344,\"image\":{\"@id\":\"https:\\\/\\\/exaudi.org\\\/es\\\/reza-con-el-papa-por-una-alimentacion-para-todos\\\/#primaryimage\"},\"thumbnailUrl\":\"https:\\\/\\\/exaudi.org\\\/wp-content\\\/uploads\\\/2026\\\/04\\\/papa-1777553625.webp\",\"keywords\":[\"intenci\u00f3n oraci\u00f3n\",\"Mayo\",\"Trending\",\"v\u00eddeo del papa\"],\"articleSection\":[\"Le\u00f3n XIV\"],\"inLanguage\":\"es\"},{\"@type\":\"WebPage\",\"@id\":\"https:\\\/\\\/exaudi.org\\\/es\\\/reza-con-el-papa-por-una-alimentacion-para-todos\\\/\",\"url\":\"https:\\\/\\\/exaudi.org\\\/es\\\/reza-con-el-papa-por-una-alimentacion-para-todos\\\/\",\"name\":\"Reza con el Papa: Por una alimentaci\u00f3n para todos &#8211; Exaudi\",\"isPartOf\":{\"@id\":\"https:\\\/\\\/exaudi.org\\\/#website\"},\"primaryImageOfPage\":{\"@id\":\"https:\\\/\\\/exaudi.org\\\/es\\\/reza-con-el-papa-por-una-alimentacion-para-todos\\\/#primaryimage\"},\"image\":{\"@id\":\"https:\\\/\\\/exaudi.org\\\/es\\\/reza-con-el-papa-por-una-alimentacion-para-todos\\\/#primaryimage\"},\"thumbnailUrl\":\"https:\\\/\\\/exaudi.org\\\/wp-content\\\/uploads\\\/2026\\\/04\\\/papa-1777553625.webp\",\"datePublished\":\"2026-04-30T14:06:47+00:00\",\"dateModified\":\"2026-04-30T14:07:48+00:00\",\"author\":{\"@id\":\"https:\\\/\\\/exaudi.org\\\/#\\\/schema\\\/person\\\/f5fc8f063065e38742da7afe15f25df7\"},\"breadcrumb\":{\"@id\":\"https:\\\/\\\/exaudi.org\\\/es\\\/reza-con-el-papa-por-una-alimentacion-para-todos\\\/#breadcrumb\"},\"inLanguage\":\"es\",\"potentialAction\":[{\"@type\":\"ReadAction\",\"target\":[\"https:\\\/\\\/exaudi.org\\\/es\\\/reza-con-el-papa-por-una-alimentacion-para-todos\\\/\"]}]},{\"@type\":\"ImageObject\",\"inLanguage\":\"es\",\"@id\":\"https:\\\/\\\/exaudi.org\\\/es\\\/reza-con-el-papa-por-una-alimentacion-para-todos\\\/#primaryimage\",\"url\":\"https:\\\/\\\/exaudi.org\\\/wp-content\\\/uploads\\\/2026\\\/04\\\/papa-1777553625.webp\",\"contentUrl\":\"https:\\\/\\\/exaudi.org\\\/wp-content\\\/uploads\\\/2026\\\/04\\\/papa-1777553625.webp\",\"width\":672,\"height\":448},{\"@type\":\"BreadcrumbList\",\"@id\":\"https:\\\/\\\/exaudi.org\\\/es\\\/reza-con-el-papa-por-una-alimentacion-para-todos\\\/#breadcrumb\",\"itemListElement\":[{\"@type\":\"ListItem\",\"position\":1,\"name\":\"Portada\",\"item\":\"https:\\\/\\\/exaudi.org\\\/es\\\/\"},{\"@type\":\"ListItem\",\"position\":2,\"name\":\"Reza con el Papa: Por una alimentaci\u00f3n para todos\"}]},{\"@type\":\"WebSite\",\"@id\":\"https:\\\/\\\/exaudi.org\\\/#website\",\"url\":\"https:\\\/\\\/exaudi.org\\\/\",\"name\":\"Exaudi\",\"description\":\"News\",\"potentialAction\":[{\"@type\":\"SearchAction\",\"target\":{\"@type\":\"EntryPoint\",\"urlTemplate\":\"https:\\\/\\\/exaudi.org\\\/?s={search_term_string}\"},\"query-input\":{\"@type\":\"PropertyValueSpecification\",\"valueRequired\":true,\"valueName\":\"search_term_string\"}}],\"inLanguage\":\"es\"},{\"@type\":\"Person\",\"@id\":\"https:\\\/\\\/exaudi.org\\\/#\\\/schema\\\/person\\\/f5fc8f063065e38742da7afe15f25df7\",\"name\":\"Exaudi Redacci\u00f3n\",\"image\":{\"@type\":\"ImageObject\",\"inLanguage\":\"es\",\"@id\":\"https:\\\/\\\/secure.gravatar.com\\\/avatar\\\/fe0f6a059fb68d9b3e11bc5850dd4899b1c7492091a3cb6dd9b01b56ad828be2?s=96&d=mm&r=g\",\"url\":\"https:\\\/\\\/secure.gravatar.com\\\/avatar\\\/fe0f6a059fb68d9b3e11bc5850dd4899b1c7492091a3cb6dd9b01b56ad828be2?s=96&d=mm&r=g\",\"contentUrl\":\"https:\\\/\\\/secure.gravatar.com\\\/avatar\\\/fe0f6a059fb68d9b3e11bc5850dd4899b1c7492091a3cb6dd9b01b56ad828be2?s=96&d=mm&r=g\",\"caption\":\"Exaudi Redacci\u00f3n\"},\"description\":\"\u00bfQu\u00e9 es Exaudi News? Exaudi News es un medio de comunicaci\u00f3n cat\u00f3lico internacional que informa, forma y transforma, diariamente en espa\u00f1ol, ingl\u00e9s e italiano. A trav\u00e9s de noticias, art\u00edculos de an\u00e1lisis y transmisiones en directo de los eventos del Papa, Exaudi busca fortalecer la unidad de los cristianos y contribuir a la evangelizaci\u00f3n del mundo, siempre guiados por la doctrina social de la Iglesia. Trabajamos para acercar la verdad y los valores cristianos a cada rinc\u00f3n del planeta. \u00a1Ay\u00fadanos a transformar el mundo con Exaudi! En Exaudi creemos que la evangelizaci\u00f3n y la informaci\u00f3n de calidad pueden cambiar vidas. Para continuar con nuestra misi\u00f3n y expandir nuestro alcance, necesitamos tu ayuda. Adem\u00e1s, buscamos personas comprometidas que deseen unirse a nuestro equipo. Con tu apoyo, lograremos llegar a m\u00e1s personas, difundir el mensaje de Cristo y reforzar la unidad de los cristianos. \u00bfTe unes a nuestra misi\u00f3n? Para m\u00e1s informaci\u00f3n sobre c\u00f3mo colaborar, visita Exaudi.org\\\/es o cont\u00e1ctanos directamente: info@exaudi.org Exaudi: Informa, forma y transforma.\",\"sameAs\":[\"https:\\\/\\\/www.facebook.com\\\/ExaudiNoticias\\\/\",\"https:\\\/\\\/www.instagram.com\\\/exaudi_noticias\\\/\",\"https:\\\/\\\/x.com\\\/Exaudi_noticias\",\"https:\\\/\\\/www.youtube.com\\\/@exaudicatholicnews\"],\"url\":\"https:\\\/\\\/exaudi.org\\\/es\\\/author\\\/redaccionexaudi\\\/\"}]}<\/script>\n<!-- \/ Yoast SEO plugin. -->","yoast_head_json":{"title":"Reza con el Papa: Por una alimentaci\u00f3n para todos &#8211; Exaudi","robots":{"index":"index","follow":"follow","max-snippet":"max-snippet:-1","max-image-preview":"max-image-preview:large","max-video-preview":"max-video-preview:-1"},"canonical":"https:\/\/exaudi.org\/es\/reza-con-el-papa-por-una-alimentacion-para-todos\/","og_locale":"es_ES","og_type":"article","og_title":"Reza con el Papa: Por una alimentaci\u00f3n para todos &#8211; Exaudi","og_description":"Intenci\u00f3n de oraci\u00f3n mes de mayo","og_url":"https:\/\/exaudi.org\/es\/reza-con-el-papa-por-una-alimentacion-para-todos\/","og_site_name":"Exaudi","article_publisher":"https:\/\/www.facebook.com\/ExaudiNews","article_author":"https:\/\/www.facebook.com\/ExaudiNoticias\/","article_published_time":"2026-04-30T14:06:47+00:00","article_modified_time":"2026-04-30T14:07:48+00:00","og_image":[{"width":672,"height":448,"url":"https:\/\/exaudi.org\/wp-content\/uploads\/2026\/04\/papa-1777553625.webp","type":"image\/webp"}],"author":"Exaudi Redacci\u00f3n","twitter_card":"summary_large_image","twitter_creator":"@Exaudi_noticias","twitter_site":"@Exaudi_News","twitter_misc":{"Escrito por":"Exaudi Redacci\u00f3n","Tiempo de lectura":"2 minutos"},"schema":{"@context":"https:\/\/schema.org","@graph":[{"@type":"Article","@id":"https:\/\/exaudi.org\/es\/reza-con-el-papa-por-una-alimentacion-para-todos\/#article","isPartOf":{"@id":"https:\/\/exaudi.org\/es\/reza-con-el-papa-por-una-alimentacion-para-todos\/"},"author":{"name":"Exaudi Redacci\u00f3n","@id":"https:\/\/exaudi.org\/#\/schema\/person\/f5fc8f063065e38742da7afe15f25df7"},"headline":"Reza con el Papa: Por una alimentaci\u00f3n para todos","datePublished":"2026-04-30T14:06:47+00:00","dateModified":"2026-04-30T14:07:48+00:00","mainEntityOfPage":{"@id":"https:\/\/exaudi.org\/es\/reza-con-el-papa-por-una-alimentacion-para-todos\/"},"wordCount":344,"image":{"@id":"https:\/\/exaudi.org\/es\/reza-con-el-papa-por-una-alimentacion-para-todos\/#primaryimage"},"thumbnailUrl":"https:\/\/exaudi.org\/wp-content\/uploads\/2026\/04\/papa-1777553625.webp","keywords":["intenci\u00f3n oraci\u00f3n","Mayo","Trending","v\u00eddeo del papa"],"articleSection":["Le\u00f3n XIV"],"inLanguage":"es"},{"@type":"WebPage","@id":"https:\/\/exaudi.org\/es\/reza-con-el-papa-por-una-alimentacion-para-todos\/","url":"https:\/\/exaudi.org\/es\/reza-con-el-papa-por-una-alimentacion-para-todos\/","name":"Reza con el Papa: Por una alimentaci\u00f3n para todos &#8211; Exaudi","isPartOf":{"@id":"https:\/\/exaudi.org\/#website"},"primaryImageOfPage":{"@id":"https:\/\/exaudi.org\/es\/reza-con-el-papa-por-una-alimentacion-para-todos\/#primaryimage"},"image":{"@id":"https:\/\/exaudi.org\/es\/reza-con-el-papa-por-una-alimentacion-para-todos\/#primaryimage"},"thumbnailUrl":"https:\/\/exaudi.org\/wp-content\/uploads\/2026\/04\/papa-1777553625.webp","datePublished":"2026-04-30T14:06:47+00:00","dateModified":"2026-04-30T14:07:48+00:00","author":{"@id":"https:\/\/exaudi.org\/#\/schema\/person\/f5fc8f063065e38742da7afe15f25df7"},"breadcrumb":{"@id":"https:\/\/exaudi.org\/es\/reza-con-el-papa-por-una-alimentacion-para-todos\/#breadcrumb"},"inLanguage":"es","potentialAction":[{"@type":"ReadAction","target":["https:\/\/exaudi.org\/es\/reza-con-el-papa-por-una-alimentacion-para-todos\/"]}]},{"@type":"ImageObject","inLanguage":"es","@id":"https:\/\/exaudi.org\/es\/reza-con-el-papa-por-una-alimentacion-para-todos\/#primaryimage","url":"https:\/\/exaudi.org\/wp-content\/uploads\/2026\/04\/papa-1777553625.webp","contentUrl":"https:\/\/exaudi.org\/wp-content\/uploads\/2026\/04\/papa-1777553625.webp","width":672,"height":448},{"@type":"BreadcrumbList","@id":"https:\/\/exaudi.org\/es\/reza-con-el-papa-por-una-alimentacion-para-todos\/#breadcrumb","itemListElement":[{"@type":"ListItem","position":1,"name":"Portada","item":"https:\/\/exaudi.org\/es\/"},{"@type":"ListItem","position":2,"name":"Reza con el Papa: Por una alimentaci\u00f3n para todos"}]},{"@type":"WebSite","@id":"https:\/\/exaudi.org\/#website","url":"https:\/\/exaudi.org\/","name":"Exaudi","description":"News","potentialAction":[{"@type":"SearchAction","target":{"@type":"EntryPoint","urlTemplate":"https:\/\/exaudi.org\/?s={search_term_string}"},"query-input":{"@type":"PropertyValueSpecification","valueRequired":true,"valueName":"search_term_string"}}],"inLanguage":"es"},{"@type":"Person","@id":"https:\/\/exaudi.org\/#\/schema\/person\/f5fc8f063065e38742da7afe15f25df7","name":"Exaudi Redacci\u00f3n","image":{"@type":"ImageObject","inLanguage":"es","@id":"https:\/\/secure.gravatar.com\/avatar\/fe0f6a059fb68d9b3e11bc5850dd4899b1c7492091a3cb6dd9b01b56ad828be2?s=96&d=mm&r=g","url":"https:\/\/secure.gravatar.com\/avatar\/fe0f6a059fb68d9b3e11bc5850dd4899b1c7492091a3cb6dd9b01b56ad828be2?s=96&d=mm&r=g","contentUrl":"https:\/\/secure.gravatar.com\/avatar\/fe0f6a059fb68d9b3e11bc5850dd4899b1c7492091a3cb6dd9b01b56ad828be2?s=96&d=mm&r=g","caption":"Exaudi Redacci\u00f3n"},"description":"\u00bfQu\u00e9 es Exaudi News? Exaudi News es un medio de comunicaci\u00f3n cat\u00f3lico internacional que informa, forma y transforma, diariamente en espa\u00f1ol, ingl\u00e9s e italiano. A trav\u00e9s de noticias, art\u00edculos de an\u00e1lisis y transmisiones en directo de los eventos del Papa, Exaudi busca fortalecer la unidad de los cristianos y contribuir a la evangelizaci\u00f3n del mundo, siempre guiados por la doctrina social de la Iglesia. Trabajamos para acercar la verdad y los valores cristianos a cada rinc\u00f3n del planeta. \u00a1Ay\u00fadanos a transformar el mundo con Exaudi! En Exaudi creemos que la evangelizaci\u00f3n y la informaci\u00f3n de calidad pueden cambiar vidas. Para continuar con nuestra misi\u00f3n y expandir nuestro alcance, necesitamos tu ayuda. Adem\u00e1s, buscamos personas comprometidas que deseen unirse a nuestro equipo. Con tu apoyo, lograremos llegar a m\u00e1s personas, difundir el mensaje de Cristo y reforzar la unidad de los cristianos. \u00bfTe unes a nuestra misi\u00f3n? Para m\u00e1s informaci\u00f3n sobre c\u00f3mo colaborar, visita Exaudi.org\/es o cont\u00e1ctanos directamente: info@exaudi.org Exaudi: Informa, forma y transforma.","sameAs":["https:\/\/www.facebook.com\/ExaudiNoticias\/","https:\/\/www.instagram.com\/exaudi_noticias\/","https:\/\/x.com\/Exaudi_noticias","https:\/\/www.youtube.com\/@exaudicatholicnews"],"url":"https:\/\/exaudi.org\/es\/author\/redaccionexaudi\/"}]}},"jetpack_featured_media_url":"https:\/\/exaudi.org\/wp-content\/uploads\/2026\/04\/papa-1777553625.webp","jetpack_shortlink":"https:\/\/wp.me\/pgKjF2-HXm","_links":{"self":[{"href":"https:\/\/exaudi.org\/es\/wp-json\/wp\/v2\/posts\/168972","targetHints":{"allow":["GET"]}}],"collection":[{"href":"https:\/\/exaudi.org\/es\/wp-json\/wp\/v2\/posts"}],"about":[{"href":"https:\/\/exaudi.org\/es\/wp-json\/wp\/v2\/types\/post"}],"author":[{"embeddable":true,"href":"https:\/\/exaudi.org\/es\/wp-json\/wp\/v2\/users\/15"}],"replies":[{"embeddable":true,"href":"https:\/\/exaudi.org\/es\/wp-json\/wp\/v2\/comments?post=168972"}],"version-history":[{"count":8,"href":"https:\/\/exaudi.org\/es\/wp-json\/wp\/v2\/posts\/168972\/revisions"}],"predecessor-version":[{"id":168983,"href":"https:\/\/exaudi.org\/es\/wp-json\/wp\/v2\/posts\/168972\/revisions\/168983"}],"wp:featuredmedia":[{"embeddable":true,"href":"https:\/\/exaudi.org\/es\/wp-json\/wp\/v2\/media\/168977"}],"wp:attachment":[{"href":"https:\/\/exaudi.org\/es\/wp-json\/wp\/v2\/media?parent=168972"}],"wp:term":[{"taxonomy":"category","embeddable":true,"href":"https:\/\/exaudi.org\/es\/wp-json\/wp\/v2\/categories?post=168972"},{"taxonomy":"post_tag","embeddable":true,"href":"https:\/\/exaudi.org\/es\/wp-json\/wp\/v2\/tags?post=168972"}],"curies":[{"name":"wp","href":"https:\/\/api.w.org\/{rel}","templated":true}]}}