{"id":168939,"date":"2026-04-30T06:00:15","date_gmt":"2026-04-30T04:00:15","guid":{"rendered":"https:\/\/exaudi.org\/?p=168939"},"modified":"2026-04-30T11:45:06","modified_gmt":"2026-04-30T09:45:06","slug":"el-29-de-abril-de-1945-liberacion-del-campo-de-concentracion-aleman-de-dachau","status":"publish","type":"post","link":"https:\/\/exaudi.org\/es\/el-29-de-abril-de-1945-liberacion-del-campo-de-concentracion-aleman-de-dachau\/","title":{"rendered":"El 29 de abril de 1945, liberaci\u00f3n del campo de concentraci\u00f3n alem\u00e1n de Dachau"},"content":{"rendered":"<p dir=\"auto\">La llegada al poder de Adolf Hitler en enero de 1933 marc\u00f3 el comienzo de la pol\u00edtica de exterminio sin concesiones del Tercer Reich. Uno de los signos m\u00e1s tr\u00e1gicos de la aplicaci\u00f3n de esta pol\u00edtica criminal de los alemanes fueron los campos de exterminio y de concentraci\u00f3n que construyeron. El primero de ellos fue inaugurado ya el 22 de marzo de 1933 en la ciudad de Dachau, a unos 20 kil\u00f3metros de M\u00fanich.<\/p>\n<p dir=\"auto\">Tras la invasi\u00f3n de Polonia por parte del Tercer Reich, los ocupantes alemanes procedieron con brutalidad a la ejecuci\u00f3n de sus planes criminales. Se inici\u00f3 de inmediato el exterminio de las personas pertenecientes a la llamada clase dirigente, principalmente la intelectualidad. Tambi\u00e9n el clero fue objetivo de los alemanes. Los sacerdotes, adem\u00e1s de tener una buena formaci\u00f3n, representaban para los ocupantes nazis un peligroso veh\u00edculo de valores no solo religiosos, sino tambi\u00e9n nacionales y patri\u00f3ticos.<\/p>\n<p dir=\"auto\">Al comienzo de la Segunda Guerra Mundial hab\u00eda en Polonia 10.017 sacerdotes diocesanos. De ellos, 6.565 hombres de Iglesia fueron v\u00edctimas de diversas formas de represi\u00f3n, y 2.812 murieron, entre ellos 4 obispos, 1.863 sacerdotes diocesanos, 289 religiosos, 149 seminaristas, 205 hermanos y 289 monjas. El 20 % de los sacerdotes diocesanos polacos fue asesinado durante la Segunda Guerra Mundial, es decir, uno de cada cinco sacerdotes diocesanos perdi\u00f3 la vida en la Polonia ocupada por los nazis alemanes.<\/p>\n<p dir=\"auto\">El campo de concentraci\u00f3n de Dachau se convirti\u00f3 en un lugar especial de su martirio. A diferencia de los campos de exterminio (como Auschwitz-Birkenau), donde se produc\u00eda la matanza masiva inmediatamente despu\u00e9s de la llegada, en Dachau el exterminio de los prisioneros se realizaba de forma m\u00e1s prolongada, a trav\u00e9s del trabajo extenuante, el hambre y las torturas.<\/p>\n<p dir=\"auto\">A partir de diciembre de 1940, cuando se intensificaron las deportaciones de eclesi\u00e1sticos, los sacerdotes enviados a Dachau eran ubicados en el llamado \u201cbloque de los sacerdotes\u201d. Este aislamiento permit\u00eda a los verdugos un mayor control sobre ellos. Se estima que proven\u00edan de 23 pa\u00edses y que durante la guerra hubo en total unos 2.720, de los cuales el 95 % eran sacerdotes cat\u00f3licos, principalmente polacos. Murieron m\u00e1s de 1.030 sacerdotes, de ellos 868 polacos. Por eso, el campo de Dachau se convirti\u00f3 en un s\u00edmbolo del martirio del clero bajo la ocupaci\u00f3n alemana.<\/p>\n<p dir=\"auto\">El <strong>29 de abril de 1945<\/strong>, el ej\u00e9rcito estadounidense liber\u00f3 el campo de concentraci\u00f3n de Dachau. Por decisi\u00f3n del Episcopado polaco, el aniversario de este acontecimiento se conmemora como la <strong>Jornada del Martirio del Clero Polaco durante la Segunda Guerra Mundial<\/strong>. La iniciativa de esta conmemoraci\u00f3n fue promovida por el obispo Ignacy Je\u017c, uno de los prisioneros que milagrosamente sobrevivi\u00f3 a aquel campo. El papa Benedicto XVI quiso crearlo cardenal, pero el anciano prelado falleci\u00f3 en Roma antes del consistorio.<\/p>\n<p dir=\"auto\">Hace aproximadamente veinte a\u00f1os entrevist\u00e9 a uno de los pocos sacerdotes que a\u00fan viv\u00edan y que hab\u00edan sobrevivido al infierno de Dachau: monse\u00f1or Kazimierz Majda\u0144ski, arzobispo em\u00e9rito de Szczecin-Kamie\u0144. Esto fue lo que me confi\u00f3:<\/p>\n<p dir=\"auto\">\u00abPens\u00e1bamos que hab\u00edan vuelto los tiempos de Ner\u00f3n y Diocleciano, los tiempos del odio al cristianismo y a todo lo que el cristianismo representaba. El campo de concentraci\u00f3n era la encarnaci\u00f3n de la civilizaci\u00f3n de la muerte: \u00a1no en vano en los uniformes de los alemanes hab\u00eda calaveras! Nuestros verdugos alemanes blasfemaban contra Dios, denigraban a la Iglesia y nos llamaban \u201clos perros de Roma\u201d. Quer\u00edan obligarnos a ultrajar la cruz y el rosario. En el fondo, para ellos solo \u00e9ramos n\u00fameros que hab\u00eda que eliminar. Nos quedaba la alianza con Dios, la oraci\u00f3n rezada a escondidas, la confesi\u00f3n hecha en secreto. Ech\u00e1bamos mucho de menos la santa Eucarist\u00eda. En esta \u201cm\u00e1quina de muerte\u201d los sacerdotes est\u00e1bamos llamados al sacrificio de la vida, a ser fieles hasta la muerte. La mitad de los sacerdotes polacos encarcelados en Dachau murieron. Vi morir a muchos sacerdotes de forma heroica. Todos ellos fueron fieles a Cristo, que dec\u00eda a sus disc\u00edpulos: \u201cSer\u00e9is mis testigos\u201d. Mor\u00edan como sacerdotes cat\u00f3licos y como patriotas polacos. Algunos podr\u00edan haberse salvado, pero nadie cedi\u00f3: en 1942 las autoridades del campo ofrecieron a los sacerdotes polacos un trato especial, a condici\u00f3n de que declararan su pertenencia a la naci\u00f3n alemana. Nadie se present\u00f3\u00bb.<\/p>\n<p dir=\"auto\">El 22 de abril de 1945, los sacerdotes polacos recluidos en Dachau, que ten\u00edan una gran devoci\u00f3n a San Jos\u00e9, juraron que, si sobreviv\u00edan, realizar\u00edan peregrinaciones al santuario de San Jos\u00e9 en Kalisz. El campo fue liberado una semana despu\u00e9s (el 29 de abril de 1945) y los sacerdotes supervivientes cumplieron su promesa hasta el final de sus vidas.<\/p>\n<p dir=\"auto\">En 1995, con motivo del 50.\u00ba aniversario de la liberaci\u00f3n del campo de Dachau, Juan Pablo II escribi\u00f3 a los sacerdotes supervivientes de Dachau:<\/p>\n<p dir=\"auto\">\u00abEn un tiempo de soberbia y humillaci\u00f3n, en un lugar donde se desataba el mal, permanecisteis firmes y fieles. En el abismo de la crueldad y del odio, donde se decidi\u00f3 destruir biol\u00f3gicamente al hombre y pisotear su dignidad, fuisteis valientemente y heroicamente los \u00fanicos testigos del amor y del perd\u00f3n, como heraldos de una nueva civilizaci\u00f3n basada en la verdad, la bondad, el respeto por la vida y la justicia\u00bb.<\/p>\n<p dir=\"auto\">Es muy conocida la fecha de la liberaci\u00f3n del campo de exterminio de Auschwitz-Birkenau, el 27 de enero, proclamado como el D\u00eda de la Memoria. Pero vale la pena recordar tambi\u00e9n la fecha de la liberaci\u00f3n de otro campo, el de Dachau: el <strong>29 de abril de 1945<\/strong>, que en Polonia se celebra como la <strong>\u201cJornada del Martirio del Clero Polaco durante la Segunda Guerra Mundial\u201d<\/strong>.<\/p>\n<p dir=\"auto\">El art\u00edculo en italiano fue publicado en ACI Stampa: <a href=\"https:\/\/www.acistampa.com\/story\/34983\/il-29-aprile-1945-liberazione-del-campo-di-concentramento-tedesco-di-dachau\" target=\"_blank\" rel=\"noopener noreferrer nofollow\">https:\/\/www.acistampa.com\/story\/34983\/il-29-aprile-1945-liberazione-del-campo-di-concentramento-tedesco-di-dachau<\/a><\/p>\n","protected":false},"excerpt":{"rendered":"<p>La Jornada para recordar el martirio del clero durante la Segunda Guerra Mundial<\/p>\n","protected":false},"author":85,"featured_media":168951,"comment_status":"closed","ping_status":"closed","sticky":false,"template":"","format":"standard","meta":{"_acf_changed":false,"_crdt_document":"","inline_featured_image":false,"footnotes":""},"categories":[74],"tags":[110964,110965,110971,110959,14772,110963,110970,110974,110968,110975,110960,110958,110962,110969,110967,110972,110966,110961,110976,91233,110973,58880],"class_list":["post-168939","post","type-post","status-publish","format-standard","has-post-thumbnail","hentry","category-iglesia-y-mundo","tag-29-abril-1945","tag-campo-concentracion-dachau","tag-clero-catolico-segunda-guerra-mundial","tag-clero-polaco-dachau","tag-dachau-2","tag-dia-del-martirio-del-clero-polaco","tag-historia-dachau","tag-ignacy-jez","tag-juan-pablo-ii-dachau","tag-kazimierz-majdanski","tag-liberacion-dachau-1945","tag-martirio-clero-polaco","tag-martirio-sacerdotes-polonia","tag-obispos-polacos-asesinados","tag-persecucion-nazi-clero","tag-polonia-ocupada-nazis","tag-sacerdotes-catolicos-dachau","tag-sacerdotes-polacos-dachau","tag-santuario-san-jose-kalisz","tag-segunda-guerra-mundial-polonia","tag-sobrevivientes-dachau","tag-trending-es-151"],"acf":[],"yoast_head":"<!-- This site is optimized with the Yoast SEO plugin v27.5 - https:\/\/yoast.com\/product\/yoast-seo-wordpress\/ -->\n<title>El 29 de abril de 1945, liberaci\u00f3n del campo de concentraci\u00f3n alem\u00e1n de Dachau &#8211; Exaudi<\/title>\n<meta name=\"robots\" content=\"index, follow, max-snippet:-1, max-image-preview:large, max-video-preview:-1\" \/>\n<link rel=\"canonical\" href=\"https:\/\/exaudi.org\/es\/el-29-de-abril-de-1945-liberacion-del-campo-de-concentracion-aleman-de-dachau\/\" \/>\n<meta property=\"og:locale\" content=\"es_ES\" \/>\n<meta property=\"og:type\" content=\"article\" \/>\n<meta property=\"og:title\" content=\"El 29 de abril de 1945, liberaci\u00f3n del campo de concentraci\u00f3n alem\u00e1n de Dachau &#8211; Exaudi\" \/>\n<meta property=\"og:description\" content=\"La Jornada para recordar el martirio del clero durante la Segunda Guerra Mundial\" \/>\n<meta property=\"og:url\" content=\"https:\/\/exaudi.org\/es\/el-29-de-abril-de-1945-liberacion-del-campo-de-concentracion-aleman-de-dachau\/\" \/>\n<meta property=\"og:site_name\" content=\"Exaudi\" \/>\n<meta property=\"article:publisher\" content=\"https:\/\/www.facebook.com\/ExaudiNews\" \/>\n<meta property=\"article:published_time\" content=\"2026-04-30T04:00:15+00:00\" \/>\n<meta property=\"article:modified_time\" content=\"2026-04-30T09:45:06+00:00\" \/>\n<meta property=\"og:image\" content=\"https:\/\/exaudi.org\/wp-content\/uploads\/2026\/04\/rastrellamantoabitantidiBydgoszcztracuianchesacerdoti1939.jpg\" \/>\n\t<meta property=\"og:image:width\" content=\"1440\" \/>\n\t<meta property=\"og:image:height\" content=\"720\" \/>\n\t<meta property=\"og:image:type\" content=\"image\/jpeg\" \/>\n<meta name=\"author\" content=\"Wlodzimierz Redzioch\" \/>\n<meta name=\"twitter:card\" content=\"summary_large_image\" \/>\n<meta name=\"twitter:creator\" content=\"@Exaudi_News\" \/>\n<meta name=\"twitter:site\" content=\"@Exaudi_News\" \/>\n<meta name=\"twitter:label1\" content=\"Escrito por\" \/>\n\t<meta name=\"twitter:data1\" content=\"Wlodzimierz Redzioch\" \/>\n\t<meta name=\"twitter:label2\" content=\"Tiempo de lectura\" \/>\n\t<meta name=\"twitter:data2\" content=\"5 minutos\" \/>\n<script type=\"application\/ld+json\" class=\"yoast-schema-graph\">{\"@context\":\"https:\\\/\\\/schema.org\",\"@graph\":[{\"@type\":\"Article\",\"@id\":\"https:\\\/\\\/exaudi.org\\\/es\\\/el-29-de-abril-de-1945-liberacion-del-campo-de-concentracion-aleman-de-dachau\\\/#article\",\"isPartOf\":{\"@id\":\"https:\\\/\\\/exaudi.org\\\/es\\\/el-29-de-abril-de-1945-liberacion-del-campo-de-concentracion-aleman-de-dachau\\\/\"},\"author\":{\"name\":\"Wlodzimierz Redzioch\",\"@id\":\"https:\\\/\\\/exaudi.org\\\/#\\\/schema\\\/person\\\/558b6cc7524c4488c69704f46c2578e0\"},\"headline\":\"El 29 de abril de 1945, liberaci\u00f3n del campo de concentraci\u00f3n alem\u00e1n de Dachau\",\"datePublished\":\"2026-04-30T04:00:15+00:00\",\"dateModified\":\"2026-04-30T09:45:06+00:00\",\"mainEntityOfPage\":{\"@id\":\"https:\\\/\\\/exaudi.org\\\/es\\\/el-29-de-abril-de-1945-liberacion-del-campo-de-concentracion-aleman-de-dachau\\\/\"},\"wordCount\":999,\"image\":{\"@id\":\"https:\\\/\\\/exaudi.org\\\/es\\\/el-29-de-abril-de-1945-liberacion-del-campo-de-concentracion-aleman-de-dachau\\\/#primaryimage\"},\"thumbnailUrl\":\"https:\\\/\\\/exaudi.org\\\/wp-content\\\/uploads\\\/2026\\\/04\\\/rastrellamantoabitantidiBydgoszcztracuianchesacerdoti1939.jpg\",\"keywords\":[\"29 abril 1945\",\"campo concentraci\u00f3n Dachau\",\"clero cat\u00f3lico Segunda Guerra Mundial\",\"clero polaco Dachau\",\"DACHAU\",\"D\u00eda del Martirio del Clero Polaco\",\"historia Dachau\",\"Ignacy Je\u017c\",\"Juan Pablo II Dachau\",\"Kazimierz Majda\u0144ski\",\"liberaci\u00f3n Dachau 1945\",\"martirio clero polaco\",\"martirio sacerdotes Polonia\",\"obispos polacos asesinados\",\"persecuci\u00f3n nazi clero\",\"Polonia ocupada nazis\",\"sacerdotes cat\u00f3licos Dachau\",\"sacerdotes polacos Dachau\",\"santuario San Jos\u00e9 Kalisz\",\"Segunda Guerra Mundial Polonia\",\"sobrevivientes Dachau\",\"Trending\"],\"articleSection\":[\"Iglesia y Mundo\"],\"inLanguage\":\"es\"},{\"@type\":\"WebPage\",\"@id\":\"https:\\\/\\\/exaudi.org\\\/es\\\/el-29-de-abril-de-1945-liberacion-del-campo-de-concentracion-aleman-de-dachau\\\/\",\"url\":\"https:\\\/\\\/exaudi.org\\\/es\\\/el-29-de-abril-de-1945-liberacion-del-campo-de-concentracion-aleman-de-dachau\\\/\",\"name\":\"El 29 de abril de 1945, liberaci\u00f3n del campo de concentraci\u00f3n alem\u00e1n de Dachau &#8211; Exaudi\",\"isPartOf\":{\"@id\":\"https:\\\/\\\/exaudi.org\\\/#website\"},\"primaryImageOfPage\":{\"@id\":\"https:\\\/\\\/exaudi.org\\\/es\\\/el-29-de-abril-de-1945-liberacion-del-campo-de-concentracion-aleman-de-dachau\\\/#primaryimage\"},\"image\":{\"@id\":\"https:\\\/\\\/exaudi.org\\\/es\\\/el-29-de-abril-de-1945-liberacion-del-campo-de-concentracion-aleman-de-dachau\\\/#primaryimage\"},\"thumbnailUrl\":\"https:\\\/\\\/exaudi.org\\\/wp-content\\\/uploads\\\/2026\\\/04\\\/rastrellamantoabitantidiBydgoszcztracuianchesacerdoti1939.jpg\",\"datePublished\":\"2026-04-30T04:00:15+00:00\",\"dateModified\":\"2026-04-30T09:45:06+00:00\",\"author\":{\"@id\":\"https:\\\/\\\/exaudi.org\\\/#\\\/schema\\\/person\\\/558b6cc7524c4488c69704f46c2578e0\"},\"breadcrumb\":{\"@id\":\"https:\\\/\\\/exaudi.org\\\/es\\\/el-29-de-abril-de-1945-liberacion-del-campo-de-concentracion-aleman-de-dachau\\\/#breadcrumb\"},\"inLanguage\":\"es\",\"potentialAction\":[{\"@type\":\"ReadAction\",\"target\":[\"https:\\\/\\\/exaudi.org\\\/es\\\/el-29-de-abril-de-1945-liberacion-del-campo-de-concentracion-aleman-de-dachau\\\/\"]}]},{\"@type\":\"ImageObject\",\"inLanguage\":\"es\",\"@id\":\"https:\\\/\\\/exaudi.org\\\/es\\\/el-29-de-abril-de-1945-liberacion-del-campo-de-concentracion-aleman-de-dachau\\\/#primaryimage\",\"url\":\"https:\\\/\\\/exaudi.org\\\/wp-content\\\/uploads\\\/2026\\\/04\\\/rastrellamantoabitantidiBydgoszcztracuianchesacerdoti1939.jpg\",\"contentUrl\":\"https:\\\/\\\/exaudi.org\\\/wp-content\\\/uploads\\\/2026\\\/04\\\/rastrellamantoabitantidiBydgoszcztracuianchesacerdoti1939.jpg\",\"width\":1440,\"height\":720},{\"@type\":\"BreadcrumbList\",\"@id\":\"https:\\\/\\\/exaudi.org\\\/es\\\/el-29-de-abril-de-1945-liberacion-del-campo-de-concentracion-aleman-de-dachau\\\/#breadcrumb\",\"itemListElement\":[{\"@type\":\"ListItem\",\"position\":1,\"name\":\"Portada\",\"item\":\"https:\\\/\\\/exaudi.org\\\/es\\\/\"},{\"@type\":\"ListItem\",\"position\":2,\"name\":\"El 29 de abril de 1945, liberaci\u00f3n del campo de concentraci\u00f3n alem\u00e1n de Dachau\"}]},{\"@type\":\"WebSite\",\"@id\":\"https:\\\/\\\/exaudi.org\\\/#website\",\"url\":\"https:\\\/\\\/exaudi.org\\\/\",\"name\":\"Exaudi\",\"description\":\"News\",\"potentialAction\":[{\"@type\":\"SearchAction\",\"target\":{\"@type\":\"EntryPoint\",\"urlTemplate\":\"https:\\\/\\\/exaudi.org\\\/?s={search_term_string}\"},\"query-input\":{\"@type\":\"PropertyValueSpecification\",\"valueRequired\":true,\"valueName\":\"search_term_string\"}}],\"inLanguage\":\"es\"},{\"@type\":\"Person\",\"@id\":\"https:\\\/\\\/exaudi.org\\\/#\\\/schema\\\/person\\\/558b6cc7524c4488c69704f46c2578e0\",\"name\":\"Wlodzimierz Redzioch\",\"image\":{\"@type\":\"ImageObject\",\"inLanguage\":\"es\",\"@id\":\"https:\\\/\\\/secure.gravatar.com\\\/avatar\\\/6d24a03e044ad402c01b933d454ac413e287e5a6d92238dd5d98c5c6073d9b49?s=96&d=mm&r=g\",\"url\":\"https:\\\/\\\/secure.gravatar.com\\\/avatar\\\/6d24a03e044ad402c01b933d454ac413e287e5a6d92238dd5d98c5c6073d9b49?s=96&d=mm&r=g\",\"contentUrl\":\"https:\\\/\\\/secure.gravatar.com\\\/avatar\\\/6d24a03e044ad402c01b933d454ac413e287e5a6d92238dd5d98c5c6073d9b49?s=96&d=mm&r=g\",\"caption\":\"Wlodzimierz Redzioch\"},\"description\":\"Wlodzimierz Redzioch \u00e8 nato a Czestochowa (Polonia), si \u00e8 laureato in Ingegneria nel Politecnico. Dopo aver continuato gli studi nell\u2019Universit\u00e0 di Varsavia, presso l\u2019Istituto degli Studi africani, nel 1980 ha lavorato presso il Centro per i pellegrini polacchi a Roma. Dal 1981 al 2012 ha lavorato presso L\u2019Osservatore romano. Dal 1995 collabora con il settimanale cattolico polacco Niedziela come corrispondente dal Vaticano e dall\u2019Italia. Per la sua attivit\u00e0 di vaticanista il 23 settembre 2000 ha ricevuto in Polonia il premio cattolico per il giornalismo \u00abMater Verbi\u00bb; mentre il 14 luglio 2006 Sua Santit\u00e0 Benedetto XVI gli ha conferito il titolo di commendatore dell\u2019Ordine di San Silvestro papa. Autore prolifico, ha scritto diversi volumi sul Vaticano e guide ai due principali santuari mariani: Lourdes e Fatima. Promotore in Polonia del pellegrinaggio a Santiago de Compostela. In occasione della canonizzazione di Giovanni Paolo II ha pubblicato il libro \u201cAccanto a Giovanni Paolo II. Gli amici e i collaboratori raccontano\u201d (Edizioni Ares, Milano 2014), con 22 interviste, compresa la testimonianza d\u2019eccezione di Papa emerito Benedetto XVI. Nel 2024, per commemorare il 40mo anniversario dell\u2019assassinio di don Jerzy Popie\u0142uszko, ha pubblicato la sua biografia \u201cJerzy Popie\u0142uszko. Martire del comunismo\u201d (Edizioni Ares Milano 2024).\",\"url\":\"https:\\\/\\\/exaudi.org\\\/es\\\/author\\\/wlodzimierzredzioc\\\/\"}]}<\/script>\n<!-- \/ Yoast SEO plugin. -->","yoast_head_json":{"title":"El 29 de abril de 1945, liberaci\u00f3n del campo de concentraci\u00f3n alem\u00e1n de Dachau &#8211; Exaudi","robots":{"index":"index","follow":"follow","max-snippet":"max-snippet:-1","max-image-preview":"max-image-preview:large","max-video-preview":"max-video-preview:-1"},"canonical":"https:\/\/exaudi.org\/es\/el-29-de-abril-de-1945-liberacion-del-campo-de-concentracion-aleman-de-dachau\/","og_locale":"es_ES","og_type":"article","og_title":"El 29 de abril de 1945, liberaci\u00f3n del campo de concentraci\u00f3n alem\u00e1n de Dachau &#8211; Exaudi","og_description":"La Jornada para recordar el martirio del clero durante la Segunda Guerra Mundial","og_url":"https:\/\/exaudi.org\/es\/el-29-de-abril-de-1945-liberacion-del-campo-de-concentracion-aleman-de-dachau\/","og_site_name":"Exaudi","article_publisher":"https:\/\/www.facebook.com\/ExaudiNews","article_published_time":"2026-04-30T04:00:15+00:00","article_modified_time":"2026-04-30T09:45:06+00:00","og_image":[{"width":1440,"height":720,"url":"https:\/\/exaudi.org\/wp-content\/uploads\/2026\/04\/rastrellamantoabitantidiBydgoszcztracuianchesacerdoti1939.jpg","type":"image\/jpeg"}],"author":"Wlodzimierz Redzioch","twitter_card":"summary_large_image","twitter_creator":"@Exaudi_News","twitter_site":"@Exaudi_News","twitter_misc":{"Escrito por":"Wlodzimierz Redzioch","Tiempo de lectura":"5 minutos"},"schema":{"@context":"https:\/\/schema.org","@graph":[{"@type":"Article","@id":"https:\/\/exaudi.org\/es\/el-29-de-abril-de-1945-liberacion-del-campo-de-concentracion-aleman-de-dachau\/#article","isPartOf":{"@id":"https:\/\/exaudi.org\/es\/el-29-de-abril-de-1945-liberacion-del-campo-de-concentracion-aleman-de-dachau\/"},"author":{"name":"Wlodzimierz Redzioch","@id":"https:\/\/exaudi.org\/#\/schema\/person\/558b6cc7524c4488c69704f46c2578e0"},"headline":"El 29 de abril de 1945, liberaci\u00f3n del campo de concentraci\u00f3n alem\u00e1n de Dachau","datePublished":"2026-04-30T04:00:15+00:00","dateModified":"2026-04-30T09:45:06+00:00","mainEntityOfPage":{"@id":"https:\/\/exaudi.org\/es\/el-29-de-abril-de-1945-liberacion-del-campo-de-concentracion-aleman-de-dachau\/"},"wordCount":999,"image":{"@id":"https:\/\/exaudi.org\/es\/el-29-de-abril-de-1945-liberacion-del-campo-de-concentracion-aleman-de-dachau\/#primaryimage"},"thumbnailUrl":"https:\/\/exaudi.org\/wp-content\/uploads\/2026\/04\/rastrellamantoabitantidiBydgoszcztracuianchesacerdoti1939.jpg","keywords":["29 abril 1945","campo concentraci\u00f3n Dachau","clero cat\u00f3lico Segunda Guerra Mundial","clero polaco Dachau","DACHAU","D\u00eda del Martirio del Clero Polaco","historia Dachau","Ignacy Je\u017c","Juan Pablo II Dachau","Kazimierz Majda\u0144ski","liberaci\u00f3n Dachau 1945","martirio clero polaco","martirio sacerdotes Polonia","obispos polacos asesinados","persecuci\u00f3n nazi clero","Polonia ocupada nazis","sacerdotes cat\u00f3licos Dachau","sacerdotes polacos Dachau","santuario San Jos\u00e9 Kalisz","Segunda Guerra Mundial Polonia","sobrevivientes Dachau","Trending"],"articleSection":["Iglesia y Mundo"],"inLanguage":"es"},{"@type":"WebPage","@id":"https:\/\/exaudi.org\/es\/el-29-de-abril-de-1945-liberacion-del-campo-de-concentracion-aleman-de-dachau\/","url":"https:\/\/exaudi.org\/es\/el-29-de-abril-de-1945-liberacion-del-campo-de-concentracion-aleman-de-dachau\/","name":"El 29 de abril de 1945, liberaci\u00f3n del campo de concentraci\u00f3n alem\u00e1n de Dachau &#8211; Exaudi","isPartOf":{"@id":"https:\/\/exaudi.org\/#website"},"primaryImageOfPage":{"@id":"https:\/\/exaudi.org\/es\/el-29-de-abril-de-1945-liberacion-del-campo-de-concentracion-aleman-de-dachau\/#primaryimage"},"image":{"@id":"https:\/\/exaudi.org\/es\/el-29-de-abril-de-1945-liberacion-del-campo-de-concentracion-aleman-de-dachau\/#primaryimage"},"thumbnailUrl":"https:\/\/exaudi.org\/wp-content\/uploads\/2026\/04\/rastrellamantoabitantidiBydgoszcztracuianchesacerdoti1939.jpg","datePublished":"2026-04-30T04:00:15+00:00","dateModified":"2026-04-30T09:45:06+00:00","author":{"@id":"https:\/\/exaudi.org\/#\/schema\/person\/558b6cc7524c4488c69704f46c2578e0"},"breadcrumb":{"@id":"https:\/\/exaudi.org\/es\/el-29-de-abril-de-1945-liberacion-del-campo-de-concentracion-aleman-de-dachau\/#breadcrumb"},"inLanguage":"es","potentialAction":[{"@type":"ReadAction","target":["https:\/\/exaudi.org\/es\/el-29-de-abril-de-1945-liberacion-del-campo-de-concentracion-aleman-de-dachau\/"]}]},{"@type":"ImageObject","inLanguage":"es","@id":"https:\/\/exaudi.org\/es\/el-29-de-abril-de-1945-liberacion-del-campo-de-concentracion-aleman-de-dachau\/#primaryimage","url":"https:\/\/exaudi.org\/wp-content\/uploads\/2026\/04\/rastrellamantoabitantidiBydgoszcztracuianchesacerdoti1939.jpg","contentUrl":"https:\/\/exaudi.org\/wp-content\/uploads\/2026\/04\/rastrellamantoabitantidiBydgoszcztracuianchesacerdoti1939.jpg","width":1440,"height":720},{"@type":"BreadcrumbList","@id":"https:\/\/exaudi.org\/es\/el-29-de-abril-de-1945-liberacion-del-campo-de-concentracion-aleman-de-dachau\/#breadcrumb","itemListElement":[{"@type":"ListItem","position":1,"name":"Portada","item":"https:\/\/exaudi.org\/es\/"},{"@type":"ListItem","position":2,"name":"El 29 de abril de 1945, liberaci\u00f3n del campo de concentraci\u00f3n alem\u00e1n de Dachau"}]},{"@type":"WebSite","@id":"https:\/\/exaudi.org\/#website","url":"https:\/\/exaudi.org\/","name":"Exaudi","description":"News","potentialAction":[{"@type":"SearchAction","target":{"@type":"EntryPoint","urlTemplate":"https:\/\/exaudi.org\/?s={search_term_string}"},"query-input":{"@type":"PropertyValueSpecification","valueRequired":true,"valueName":"search_term_string"}}],"inLanguage":"es"},{"@type":"Person","@id":"https:\/\/exaudi.org\/#\/schema\/person\/558b6cc7524c4488c69704f46c2578e0","name":"Wlodzimierz Redzioch","image":{"@type":"ImageObject","inLanguage":"es","@id":"https:\/\/secure.gravatar.com\/avatar\/6d24a03e044ad402c01b933d454ac413e287e5a6d92238dd5d98c5c6073d9b49?s=96&d=mm&r=g","url":"https:\/\/secure.gravatar.com\/avatar\/6d24a03e044ad402c01b933d454ac413e287e5a6d92238dd5d98c5c6073d9b49?s=96&d=mm&r=g","contentUrl":"https:\/\/secure.gravatar.com\/avatar\/6d24a03e044ad402c01b933d454ac413e287e5a6d92238dd5d98c5c6073d9b49?s=96&d=mm&r=g","caption":"Wlodzimierz Redzioch"},"description":"Wlodzimierz Redzioch \u00e8 nato a Czestochowa (Polonia), si \u00e8 laureato in Ingegneria nel Politecnico. Dopo aver continuato gli studi nell\u2019Universit\u00e0 di Varsavia, presso l\u2019Istituto degli Studi africani, nel 1980 ha lavorato presso il Centro per i pellegrini polacchi a Roma. Dal 1981 al 2012 ha lavorato presso L\u2019Osservatore romano. Dal 1995 collabora con il settimanale cattolico polacco Niedziela come corrispondente dal Vaticano e dall\u2019Italia. Per la sua attivit\u00e0 di vaticanista il 23 settembre 2000 ha ricevuto in Polonia il premio cattolico per il giornalismo \u00abMater Verbi\u00bb; mentre il 14 luglio 2006 Sua Santit\u00e0 Benedetto XVI gli ha conferito il titolo di commendatore dell\u2019Ordine di San Silvestro papa. Autore prolifico, ha scritto diversi volumi sul Vaticano e guide ai due principali santuari mariani: Lourdes e Fatima. Promotore in Polonia del pellegrinaggio a Santiago de Compostela. In occasione della canonizzazione di Giovanni Paolo II ha pubblicato il libro \u201cAccanto a Giovanni Paolo II. Gli amici e i collaboratori raccontano\u201d (Edizioni Ares, Milano 2014), con 22 interviste, compresa la testimonianza d\u2019eccezione di Papa emerito Benedetto XVI. Nel 2024, per commemorare il 40mo anniversario dell\u2019assassinio di don Jerzy Popie\u0142uszko, ha pubblicato la sua biografia \u201cJerzy Popie\u0142uszko. Martire del comunismo\u201d (Edizioni Ares Milano 2024).","url":"https:\/\/exaudi.org\/es\/author\/wlodzimierzredzioc\/"}]}},"jetpack_featured_media_url":"https:\/\/exaudi.org\/wp-content\/uploads\/2026\/04\/rastrellamantoabitantidiBydgoszcztracuianchesacerdoti1939.jpg","jetpack_shortlink":"https:\/\/wp.me\/pgKjF2-HWP","_links":{"self":[{"href":"https:\/\/exaudi.org\/es\/wp-json\/wp\/v2\/posts\/168939","targetHints":{"allow":["GET"]}}],"collection":[{"href":"https:\/\/exaudi.org\/es\/wp-json\/wp\/v2\/posts"}],"about":[{"href":"https:\/\/exaudi.org\/es\/wp-json\/wp\/v2\/types\/post"}],"author":[{"embeddable":true,"href":"https:\/\/exaudi.org\/es\/wp-json\/wp\/v2\/users\/85"}],"replies":[{"embeddable":true,"href":"https:\/\/exaudi.org\/es\/wp-json\/wp\/v2\/comments?post=168939"}],"version-history":[{"count":2,"href":"https:\/\/exaudi.org\/es\/wp-json\/wp\/v2\/posts\/168939\/revisions"}],"predecessor-version":[{"id":168954,"href":"https:\/\/exaudi.org\/es\/wp-json\/wp\/v2\/posts\/168939\/revisions\/168954"}],"wp:featuredmedia":[{"embeddable":true,"href":"https:\/\/exaudi.org\/es\/wp-json\/wp\/v2\/media\/168951"}],"wp:attachment":[{"href":"https:\/\/exaudi.org\/es\/wp-json\/wp\/v2\/media?parent=168939"}],"wp:term":[{"taxonomy":"category","embeddable":true,"href":"https:\/\/exaudi.org\/es\/wp-json\/wp\/v2\/categories?post=168939"},{"taxonomy":"post_tag","embeddable":true,"href":"https:\/\/exaudi.org\/es\/wp-json\/wp\/v2\/tags?post=168939"}],"curies":[{"name":"wp","href":"https:\/\/api.w.org\/{rel}","templated":true}]}}