{"id":16889,"date":"2021-05-14T12:40:55","date_gmt":"2021-05-14T10:40:55","guid":{"rendered":"https:\/\/exaudi.org\/?p=16889"},"modified":"2021-05-15T20:42:08","modified_gmt":"2021-05-15T18:42:08","slug":"red-clamor-abre-sus-redes-sociales","status":"publish","type":"post","link":"https:\/\/exaudi.org\/es\/red-clamor-abre-sus-redes-sociales\/","title":{"rendered":"Latinoam\u00e9rica: La Red CLAMOR abre sus redes sociales"},"content":{"rendered":"<p>La Red Eclesial Latinoamericana y Caribe\u00f1a de Migraci\u00f3n, Desplazamiento, Refugio y Trata de Personas (CLAMOR) abri\u00f3 sus canales oficiales de comunicaci\u00f3n a trav\u00e9s de las redes sociales \u201cpara visibilizar la realidad de quienes transitan por las fronteras de Am\u00e9rica Latina y el Caribe en circunstancias que vulneran sus derechos humanos fundamentales y ponen en riesgo la vida\u201d, se\u00f1ala en una publicaci\u00f3n en <em>Facebook<\/em>.<\/p>\n<p>CLAMOR, en clara referencia al texto b\u00edblico del libro del \u00c9xodo (3, 7-8), tiene como objetivo articular el trabajo pastoral que realizan diversas organizaciones de la Iglesia Cat\u00f3lica en Am\u00e9rica Latina y el Caribe para, desde la misi\u00f3n evangelizadora de una iglesia en salida, acoger, proteger, promover e integrar los migrantes, refugiados, desplazados y v\u00edctimas de tr\u00e1fico y trata de personas.<\/p>\n<h4><strong>Exponer la realidad<\/strong><\/h4>\n<p>A trav\u00e9s de estas \u201cventanas comunicacionales establecidas, se promover\u00e1 informaci\u00f3n, acciones de sensibilizaci\u00f3n, y concientizaci\u00f3n de los de desaf\u00edos vinculados a las migraciones, refugio, tr\u00e1fico y trata de personas\u201d. Se les puede seguir en\u00a0<em><a href=\"https:\/\/www.facebook.com\/Red-Clamor-100607715543931\/\">Facebook<\/a>,\u00a0<a href=\"https:\/\/twitter.com\/redclamor\">Twitter<\/a><\/em>\u00a0e\u00a0<em><a href=\"https:\/\/instagram.com\/redclamor?igshid=1ueuazvw8sgg2\">Instagram<\/a><\/em>\u00a0y compartir para ayudar a quienes se encuentran en situaci\u00f3n de vulnerabilidad.<\/p>\n<p>Para la Red Clamor, se lee en el texto, es \u201csubstancial exponer la realidad regional que se vive en torno a la movilidad, e incidir en los \u00e1mbitos local, nacional, regional y global en la definici\u00f3n e implementaci\u00f3n de pol\u00edticas y programas en favor de las personas migrantes, desplazados, refugiados y v\u00edctimas de trata de personas, y sus familias\u201d.<\/p>\n<h4><strong>Acompa\u00f1amiento del CELAM<\/strong><\/h4>\n<p>Asimismo, recuerda que la Red Clamor \u201cest\u00e1 acompa\u00f1ada por el <a href=\"https:\/\/www.celam.org\/\" target=\"_blank\" rel=\"noopener noreferrer\">Consejo Episcopal Latinoamericano<\/a> (CELAM), inspirada en una espiritualidad encarnada de comuni\u00f3n, participaci\u00f3n y escucha del Clamor del pueblo obligado a desplazarse; integra y articula carismas, recursos y experiencias de instancias e instituciones eclesiales comprometidas en el acompa\u00f1amiento y servicio a migrantes, refugiados, desplazados y v\u00edctimas de tr\u00e1fico y trata de personas\u201d.<\/p>\n<p>Efectivamente, acaba de ser asumida por el CELAM. Seg\u00fan <a href=\"https:\/\/www.latinoamericanews.org\/2021\/05\/06\/vaticano-red-clamor-ayudara-a-millones-de-venezolanos-desplazados\/\">inform\u00f3 H. Sergio Mora en Latinoamericannews<\/a>, este hecho fue indicado el pasado 6 de mayo de 2021, por el subsecretario de la Secci\u00f3n Migrantes del Dicasterio de Desarrollo humano integral, padre Fabio Baggio tras la <a href=\"https:\/\/exaudi.org\/es\/presentacion-jornada-mundial-del-migrante-y-refugiado-2021\/\">presentaci\u00f3n <\/a>del <a href=\"https:\/\/exaudi.org\/es\/jornada-del-migrante-y-refugiado-2021-mensaje-del-papa\/\" target=\"_blank\" rel=\"noopener noreferrer\">mensaje del Papa Francisco<\/a> con motivo de la Jornada Mundial del Migrante y del Refugiado 2021, al responder sobre la crisis humanitaria de Venezuela. Entre otras m\u00faltiples acciones, la red ayudar\u00e1 a los millones de venezolanos que han dejado su pa\u00eds buscando mejores condiciones de vida.<\/p>\n","protected":false},"excerpt":{"rendered":"<p>Ayuda a migrantes y refugiados<\/p>\n","protected":false},"author":5,"featured_media":16891,"comment_status":"closed","ping_status":"closed","sticky":false,"template":"","format":"standard","meta":{"_acf_changed":false,"_crdt_document":"","inline_featured_image":false,"footnotes":""},"categories":[86,94,298],"tags":[1494,1964,1523,2315,1993],"class_list":["post-16889","post","type-post","status-publish","format-standard","has-post-thumbnail","hentry","category-iglesia-local","category-justicia-y-paz","category-ultimas-noticias","tag-consejo-episcopal-latinoamericano-celam","tag-migrantes","tag-red-clamor","tag-refugiados","tag-trata-de-personas"],"acf":[],"yoast_head":"<!-- This site is optimized with the Yoast SEO plugin v27.5 - https:\/\/yoast.com\/product\/yoast-seo-wordpress\/ -->\n<title>Latinoam\u00e9rica: La Red CLAMOR abre sus redes sociales &#8211; Exaudi<\/title>\n<meta name=\"description\" content=\"La Red CLAMOR ha abierto sus propios perfiles en redes sociales para visibilizar la realidad de migrantes y refugiados\" \/>\n<meta name=\"robots\" content=\"index, follow, max-snippet:-1, max-image-preview:large, max-video-preview:-1\" \/>\n<link rel=\"canonical\" href=\"https:\/\/exaudi.org\/es\/red-clamor-abre-sus-redes-sociales\/\" \/>\n<meta property=\"og:locale\" content=\"es_ES\" \/>\n<meta property=\"og:type\" content=\"article\" \/>\n<meta property=\"og:title\" content=\"Latinoam\u00e9rica: La Red CLAMOR abre sus redes sociales &#8211; Exaudi\" \/>\n<meta property=\"og:description\" content=\"La Red CLAMOR ha abierto sus propios perfiles en redes sociales para visibilizar la realidad de migrantes y refugiados\" \/>\n<meta property=\"og:url\" content=\"https:\/\/exaudi.org\/es\/red-clamor-abre-sus-redes-sociales\/\" \/>\n<meta property=\"og:site_name\" content=\"Exaudi\" \/>\n<meta property=\"article:publisher\" content=\"https:\/\/www.facebook.com\/ExaudiNews\" \/>\n<meta property=\"article:published_time\" content=\"2021-05-14T10:40:55+00:00\" \/>\n<meta property=\"article:modified_time\" content=\"2021-05-15T18:42:08+00:00\" \/>\n<meta property=\"og:image\" content=\"https:\/\/exaudi.org\/wp-content\/uploads\/2021\/05\/Red-CLAMOR.jpeg\" \/>\n\t<meta property=\"og:image:width\" content=\"1260\" \/>\n\t<meta property=\"og:image:height\" content=\"709\" \/>\n\t<meta property=\"og:image:type\" content=\"image\/jpeg\" \/>\n<meta name=\"author\" content=\"Larissa I. L\u00f3pez\" \/>\n<meta name=\"twitter:card\" content=\"summary_large_image\" \/>\n<meta name=\"twitter:creator\" content=\"@Exaudi_News\" \/>\n<meta name=\"twitter:site\" content=\"@Exaudi_News\" \/>\n<meta name=\"twitter:label1\" content=\"Escrito por\" \/>\n\t<meta name=\"twitter:data1\" content=\"Larissa I. L\u00f3pez\" \/>\n\t<meta name=\"twitter:label2\" content=\"Tiempo de lectura\" \/>\n\t<meta name=\"twitter:data2\" content=\"2 minutos\" \/>\n<script type=\"application\/ld+json\" class=\"yoast-schema-graph\">{\"@context\":\"https:\\\/\\\/schema.org\",\"@graph\":[{\"@type\":\"Article\",\"@id\":\"https:\\\/\\\/exaudi.org\\\/es\\\/red-clamor-abre-sus-redes-sociales\\\/#article\",\"isPartOf\":{\"@id\":\"https:\\\/\\\/exaudi.org\\\/es\\\/red-clamor-abre-sus-redes-sociales\\\/\"},\"author\":{\"name\":\"Larissa I. L\u00f3pez\",\"@id\":\"https:\\\/\\\/exaudi.org\\\/#\\\/schema\\\/person\\\/7d2f77db033c2c0929edfab6dbe8c588\"},\"headline\":\"Latinoam\u00e9rica: La Red CLAMOR abre sus redes sociales\",\"datePublished\":\"2021-05-14T10:40:55+00:00\",\"dateModified\":\"2021-05-15T18:42:08+00:00\",\"mainEntityOfPage\":{\"@id\":\"https:\\\/\\\/exaudi.org\\\/es\\\/red-clamor-abre-sus-redes-sociales\\\/\"},\"wordCount\":433,\"image\":{\"@id\":\"https:\\\/\\\/exaudi.org\\\/es\\\/red-clamor-abre-sus-redes-sociales\\\/#primaryimage\"},\"thumbnailUrl\":\"https:\\\/\\\/exaudi.org\\\/wp-content\\\/uploads\\\/2021\\\/05\\\/Red-CLAMOR.jpeg\",\"keywords\":[\"Consejo Episcopal Latinoamericano (CELAM)\",\"Migrantes\",\"Red CLAMOR\",\"Refugiados\",\"Trata de personas\"],\"articleSection\":[\"Iglesia Local\",\"Justicia y Paz\",\"\u00daltimas noticias\"],\"inLanguage\":\"es\"},{\"@type\":\"WebPage\",\"@id\":\"https:\\\/\\\/exaudi.org\\\/es\\\/red-clamor-abre-sus-redes-sociales\\\/\",\"url\":\"https:\\\/\\\/exaudi.org\\\/es\\\/red-clamor-abre-sus-redes-sociales\\\/\",\"name\":\"Latinoam\u00e9rica: La Red CLAMOR abre sus redes sociales &#8211; Exaudi\",\"isPartOf\":{\"@id\":\"https:\\\/\\\/exaudi.org\\\/#website\"},\"primaryImageOfPage\":{\"@id\":\"https:\\\/\\\/exaudi.org\\\/es\\\/red-clamor-abre-sus-redes-sociales\\\/#primaryimage\"},\"image\":{\"@id\":\"https:\\\/\\\/exaudi.org\\\/es\\\/red-clamor-abre-sus-redes-sociales\\\/#primaryimage\"},\"thumbnailUrl\":\"https:\\\/\\\/exaudi.org\\\/wp-content\\\/uploads\\\/2021\\\/05\\\/Red-CLAMOR.jpeg\",\"datePublished\":\"2021-05-14T10:40:55+00:00\",\"dateModified\":\"2021-05-15T18:42:08+00:00\",\"author\":{\"@id\":\"https:\\\/\\\/exaudi.org\\\/#\\\/schema\\\/person\\\/7d2f77db033c2c0929edfab6dbe8c588\"},\"description\":\"La Red CLAMOR ha abierto sus propios perfiles en redes sociales para visibilizar la realidad de migrantes y refugiados\",\"breadcrumb\":{\"@id\":\"https:\\\/\\\/exaudi.org\\\/es\\\/red-clamor-abre-sus-redes-sociales\\\/#breadcrumb\"},\"inLanguage\":\"es\",\"potentialAction\":[{\"@type\":\"ReadAction\",\"target\":[\"https:\\\/\\\/exaudi.org\\\/es\\\/red-clamor-abre-sus-redes-sociales\\\/\"]}]},{\"@type\":\"ImageObject\",\"inLanguage\":\"es\",\"@id\":\"https:\\\/\\\/exaudi.org\\\/es\\\/red-clamor-abre-sus-redes-sociales\\\/#primaryimage\",\"url\":\"https:\\\/\\\/exaudi.org\\\/wp-content\\\/uploads\\\/2021\\\/05\\\/Red-CLAMOR.jpeg\",\"contentUrl\":\"https:\\\/\\\/exaudi.org\\\/wp-content\\\/uploads\\\/2021\\\/05\\\/Red-CLAMOR.jpeg\",\"width\":1260,\"height\":709,\"caption\":\"Red CLAMOR \u00a9 CELAM\"},{\"@type\":\"BreadcrumbList\",\"@id\":\"https:\\\/\\\/exaudi.org\\\/es\\\/red-clamor-abre-sus-redes-sociales\\\/#breadcrumb\",\"itemListElement\":[{\"@type\":\"ListItem\",\"position\":1,\"name\":\"Portada\",\"item\":\"https:\\\/\\\/exaudi.org\\\/es\\\/\"},{\"@type\":\"ListItem\",\"position\":2,\"name\":\"Latinoam\u00e9rica: La Red CLAMOR abre sus redes sociales\"}]},{\"@type\":\"WebSite\",\"@id\":\"https:\\\/\\\/exaudi.org\\\/#website\",\"url\":\"https:\\\/\\\/exaudi.org\\\/\",\"name\":\"Exaudi\",\"description\":\"News\",\"potentialAction\":[{\"@type\":\"SearchAction\",\"target\":{\"@type\":\"EntryPoint\",\"urlTemplate\":\"https:\\\/\\\/exaudi.org\\\/?s={search_term_string}\"},\"query-input\":{\"@type\":\"PropertyValueSpecification\",\"valueRequired\":true,\"valueName\":\"search_term_string\"}}],\"inLanguage\":\"es\"},{\"@type\":\"Person\",\"@id\":\"https:\\\/\\\/exaudi.org\\\/#\\\/schema\\\/person\\\/7d2f77db033c2c0929edfab6dbe8c588\",\"name\":\"Larissa I. L\u00f3pez\",\"image\":{\"@type\":\"ImageObject\",\"inLanguage\":\"es\",\"@id\":\"https:\\\/\\\/secure.gravatar.com\\\/avatar\\\/db3ef399ff343d0bb9d25dc5198bc8ece5ac6d621eca79876697a354dabc1e3f?s=96&d=mm&r=g\",\"url\":\"https:\\\/\\\/secure.gravatar.com\\\/avatar\\\/db3ef399ff343d0bb9d25dc5198bc8ece5ac6d621eca79876697a354dabc1e3f?s=96&d=mm&r=g\",\"contentUrl\":\"https:\\\/\\\/secure.gravatar.com\\\/avatar\\\/db3ef399ff343d0bb9d25dc5198bc8ece5ac6d621eca79876697a354dabc1e3f?s=96&d=mm&r=g\",\"caption\":\"Larissa I. L\u00f3pez\"},\"description\":\"Doctora en Comunicaci\u00f3n. Mi trayectoria profesional ha transcurrido entre el \u00e1mbito de la comunicaci\u00f3n y el de la docencia. En los \u00faltimos a\u00f1os, he trabajado como coordinadora y redactora de la edici\u00f3n de ZENIT en espa\u00f1ol. Como profesora, he impartido clases en la universidad y en centros de FP y bachillerato. Cordobesa de nacimiento, tambi\u00e9n he vivido en Sevilla, Madrid y Roma\",\"url\":\"https:\\\/\\\/exaudi.org\\\/es\\\/author\\\/llopezexaudi-org\\\/\"}]}<\/script>\n<!-- \/ Yoast SEO plugin. -->","yoast_head_json":{"title":"Latinoam\u00e9rica: La Red CLAMOR abre sus redes sociales &#8211; Exaudi","description":"La Red CLAMOR ha abierto sus propios perfiles en redes sociales para visibilizar la realidad de migrantes y refugiados","robots":{"index":"index","follow":"follow","max-snippet":"max-snippet:-1","max-image-preview":"max-image-preview:large","max-video-preview":"max-video-preview:-1"},"canonical":"https:\/\/exaudi.org\/es\/red-clamor-abre-sus-redes-sociales\/","og_locale":"es_ES","og_type":"article","og_title":"Latinoam\u00e9rica: La Red CLAMOR abre sus redes sociales &#8211; Exaudi","og_description":"La Red CLAMOR ha abierto sus propios perfiles en redes sociales para visibilizar la realidad de migrantes y refugiados","og_url":"https:\/\/exaudi.org\/es\/red-clamor-abre-sus-redes-sociales\/","og_site_name":"Exaudi","article_publisher":"https:\/\/www.facebook.com\/ExaudiNews","article_published_time":"2021-05-14T10:40:55+00:00","article_modified_time":"2021-05-15T18:42:08+00:00","og_image":[{"width":1260,"height":709,"url":"https:\/\/exaudi.org\/wp-content\/uploads\/2021\/05\/Red-CLAMOR.jpeg","type":"image\/jpeg"}],"author":"Larissa I. L\u00f3pez","twitter_card":"summary_large_image","twitter_creator":"@Exaudi_News","twitter_site":"@Exaudi_News","twitter_misc":{"Escrito por":"Larissa I. L\u00f3pez","Tiempo de lectura":"2 minutos"},"schema":{"@context":"https:\/\/schema.org","@graph":[{"@type":"Article","@id":"https:\/\/exaudi.org\/es\/red-clamor-abre-sus-redes-sociales\/#article","isPartOf":{"@id":"https:\/\/exaudi.org\/es\/red-clamor-abre-sus-redes-sociales\/"},"author":{"name":"Larissa I. L\u00f3pez","@id":"https:\/\/exaudi.org\/#\/schema\/person\/7d2f77db033c2c0929edfab6dbe8c588"},"headline":"Latinoam\u00e9rica: La Red CLAMOR abre sus redes sociales","datePublished":"2021-05-14T10:40:55+00:00","dateModified":"2021-05-15T18:42:08+00:00","mainEntityOfPage":{"@id":"https:\/\/exaudi.org\/es\/red-clamor-abre-sus-redes-sociales\/"},"wordCount":433,"image":{"@id":"https:\/\/exaudi.org\/es\/red-clamor-abre-sus-redes-sociales\/#primaryimage"},"thumbnailUrl":"https:\/\/exaudi.org\/wp-content\/uploads\/2021\/05\/Red-CLAMOR.jpeg","keywords":["Consejo Episcopal Latinoamericano (CELAM)","Migrantes","Red CLAMOR","Refugiados","Trata de personas"],"articleSection":["Iglesia Local","Justicia y Paz","\u00daltimas noticias"],"inLanguage":"es"},{"@type":"WebPage","@id":"https:\/\/exaudi.org\/es\/red-clamor-abre-sus-redes-sociales\/","url":"https:\/\/exaudi.org\/es\/red-clamor-abre-sus-redes-sociales\/","name":"Latinoam\u00e9rica: La Red CLAMOR abre sus redes sociales &#8211; Exaudi","isPartOf":{"@id":"https:\/\/exaudi.org\/#website"},"primaryImageOfPage":{"@id":"https:\/\/exaudi.org\/es\/red-clamor-abre-sus-redes-sociales\/#primaryimage"},"image":{"@id":"https:\/\/exaudi.org\/es\/red-clamor-abre-sus-redes-sociales\/#primaryimage"},"thumbnailUrl":"https:\/\/exaudi.org\/wp-content\/uploads\/2021\/05\/Red-CLAMOR.jpeg","datePublished":"2021-05-14T10:40:55+00:00","dateModified":"2021-05-15T18:42:08+00:00","author":{"@id":"https:\/\/exaudi.org\/#\/schema\/person\/7d2f77db033c2c0929edfab6dbe8c588"},"description":"La Red CLAMOR ha abierto sus propios perfiles en redes sociales para visibilizar la realidad de migrantes y refugiados","breadcrumb":{"@id":"https:\/\/exaudi.org\/es\/red-clamor-abre-sus-redes-sociales\/#breadcrumb"},"inLanguage":"es","potentialAction":[{"@type":"ReadAction","target":["https:\/\/exaudi.org\/es\/red-clamor-abre-sus-redes-sociales\/"]}]},{"@type":"ImageObject","inLanguage":"es","@id":"https:\/\/exaudi.org\/es\/red-clamor-abre-sus-redes-sociales\/#primaryimage","url":"https:\/\/exaudi.org\/wp-content\/uploads\/2021\/05\/Red-CLAMOR.jpeg","contentUrl":"https:\/\/exaudi.org\/wp-content\/uploads\/2021\/05\/Red-CLAMOR.jpeg","width":1260,"height":709,"caption":"Red CLAMOR \u00a9 CELAM"},{"@type":"BreadcrumbList","@id":"https:\/\/exaudi.org\/es\/red-clamor-abre-sus-redes-sociales\/#breadcrumb","itemListElement":[{"@type":"ListItem","position":1,"name":"Portada","item":"https:\/\/exaudi.org\/es\/"},{"@type":"ListItem","position":2,"name":"Latinoam\u00e9rica: La Red CLAMOR abre sus redes sociales"}]},{"@type":"WebSite","@id":"https:\/\/exaudi.org\/#website","url":"https:\/\/exaudi.org\/","name":"Exaudi","description":"News","potentialAction":[{"@type":"SearchAction","target":{"@type":"EntryPoint","urlTemplate":"https:\/\/exaudi.org\/?s={search_term_string}"},"query-input":{"@type":"PropertyValueSpecification","valueRequired":true,"valueName":"search_term_string"}}],"inLanguage":"es"},{"@type":"Person","@id":"https:\/\/exaudi.org\/#\/schema\/person\/7d2f77db033c2c0929edfab6dbe8c588","name":"Larissa I. L\u00f3pez","image":{"@type":"ImageObject","inLanguage":"es","@id":"https:\/\/secure.gravatar.com\/avatar\/db3ef399ff343d0bb9d25dc5198bc8ece5ac6d621eca79876697a354dabc1e3f?s=96&d=mm&r=g","url":"https:\/\/secure.gravatar.com\/avatar\/db3ef399ff343d0bb9d25dc5198bc8ece5ac6d621eca79876697a354dabc1e3f?s=96&d=mm&r=g","contentUrl":"https:\/\/secure.gravatar.com\/avatar\/db3ef399ff343d0bb9d25dc5198bc8ece5ac6d621eca79876697a354dabc1e3f?s=96&d=mm&r=g","caption":"Larissa I. L\u00f3pez"},"description":"Doctora en Comunicaci\u00f3n. Mi trayectoria profesional ha transcurrido entre el \u00e1mbito de la comunicaci\u00f3n y el de la docencia. En los \u00faltimos a\u00f1os, he trabajado como coordinadora y redactora de la edici\u00f3n de ZENIT en espa\u00f1ol. Como profesora, he impartido clases en la universidad y en centros de FP y bachillerato. Cordobesa de nacimiento, tambi\u00e9n he vivido en Sevilla, Madrid y Roma","url":"https:\/\/exaudi.org\/es\/author\/llopezexaudi-org\/"}]}},"jetpack_featured_media_url":"https:\/\/exaudi.org\/wp-content\/uploads\/2021\/05\/Red-CLAMOR.jpeg","jetpack_shortlink":"https:\/\/wp.me\/pgKjF2-4op","_links":{"self":[{"href":"https:\/\/exaudi.org\/es\/wp-json\/wp\/v2\/posts\/16889","targetHints":{"allow":["GET"]}}],"collection":[{"href":"https:\/\/exaudi.org\/es\/wp-json\/wp\/v2\/posts"}],"about":[{"href":"https:\/\/exaudi.org\/es\/wp-json\/wp\/v2\/types\/post"}],"author":[{"embeddable":true,"href":"https:\/\/exaudi.org\/es\/wp-json\/wp\/v2\/users\/5"}],"replies":[{"embeddable":true,"href":"https:\/\/exaudi.org\/es\/wp-json\/wp\/v2\/comments?post=16889"}],"version-history":[{"count":0,"href":"https:\/\/exaudi.org\/es\/wp-json\/wp\/v2\/posts\/16889\/revisions"}],"wp:featuredmedia":[{"embeddable":true,"href":"https:\/\/exaudi.org\/es\/wp-json\/wp\/v2\/media\/16891"}],"wp:attachment":[{"href":"https:\/\/exaudi.org\/es\/wp-json\/wp\/v2\/media?parent=16889"}],"wp:term":[{"taxonomy":"category","embeddable":true,"href":"https:\/\/exaudi.org\/es\/wp-json\/wp\/v2\/categories?post=16889"},{"taxonomy":"post_tag","embeddable":true,"href":"https:\/\/exaudi.org\/es\/wp-json\/wp\/v2\/tags?post=16889"}],"curies":[{"name":"wp","href":"https:\/\/api.w.org\/{rel}","templated":true}]}}