{"id":168629,"date":"2026-04-30T09:00:03","date_gmt":"2026-04-30T07:00:03","guid":{"rendered":"https:\/\/exaudi.org\/?p=168629"},"modified":"2026-04-29T12:10:44","modified_gmt":"2026-04-29T10:10:44","slug":"como-hablar-de-dios-a-quien-cree-que-no-le-falta-nada","status":"publish","type":"post","link":"https:\/\/exaudi.org\/es\/como-hablar-de-dios-a-quien-cree-que-no-le-falta-nada\/","title":{"rendered":"C\u00f3mo hablar de Dios a quien cree que no le falta nada"},"content":{"rendered":"<p data-path-to-node=\"3\">A menudo, en la cafeter\u00eda de la universidad o entre correos electr\u00f3nicos en la oficina, surge el comentario afilado: \u00abDios no existe, es una p\u00e9rdida de tiempo\u00bb. Para el cat\u00f3lico, ese momento se siente como caminar en un campo de minas. Sin embargo, fuentes magistrales como la Evangelii Gaudium de Francisco o las reflexiones de Benedicto XVI sobre la raz\u00f3n, nos ense\u00f1an que la fe no se impone, se propone a trav\u00e9s de la atracci\u00f3n.<\/p>\n<p><iframe title=\"Spotify Embed: C\u00f3mo hablar de Dios a quien cree que no le falta nada\" style=\"border-radius: 12px\" width=\"100%\" height=\"152\" frameborder=\"0\" allowfullscreen allow=\"autoplay; clipboard-write; encrypted-media; fullscreen; picture-in-picture\" loading=\"lazy\" src=\"https:\/\/open.spotify.com\/embed\/episode\/6rjblESh9EHJUZLNhhrBTG?si=120e38df2d474ca0&amp;utm_source=oembed\"><\/iframe><\/p>\n<p data-path-to-node=\"4\">Aqu\u00ed tienes una hoja de ruta anal\u00edtica y constructiva para transformar ese muro en una puerta.<\/p>\n<h3 data-path-to-node=\"6\"><strong>1. La Apolog\u00e9tica de la Belleza (V\u00eda Pulchritudinis)<\/strong><\/h3>\n<p data-path-to-node=\"7\">Cuando alguien dice que pierdes el tiempo, no intentes ganar un debate intelectual de inmediato. La Iglesia ense\u00f1a que la belleza es la flecha que atraviesa el coraz\u00f3n antes que la raz\u00f3n.<\/p>\n<p data-path-to-node=\"8\">En la pr\u00e1ctica, esto significa que tu trabajo sea el mejor hecho, que tu alegr\u00eda sea la m\u00e1s aut\u00e9ntica y que tu paz en medio del caos sea inexplicable. El mensaje impl\u00edcito es poderoso: no hablas de Dios constantemente, pero ellos ven que algo superior te mueve. Como recordaba san Francisco de As\u00eds, se trata de predicar el Evangelio en todo momento y, solo si es necesario, usar palabras.<\/p>\n<h3 data-path-to-node=\"9\"><strong>2. Desmontar el prejuicio: \u00bfEs la fe una \u00abp\u00e9rdida de tiempo\u00bb?<\/strong><\/h3>\n<p data-path-to-node=\"10\">Vivimos en una sociedad utilitarista donde solo lo que produce un beneficio inmediato parece tener valor. El Catecismo y la enc\u00edclica Fides et Ratio explican que la fe no es una renuncia a la inteligencia, sino su plenitud.<\/p>\n<p data-path-to-node=\"11\">Tu respuesta anal\u00edtica puede ser sencilla: el amor, la amistad y la m\u00fasica tambi\u00e9n podr\u00edan considerarse p\u00e9rdidas de tiempo desde un punto de vista puramente biol\u00f3gico o econ\u00f3mico. Sin embargo, son precisamente esas cosas las que hacen que la vida valga la pena. Invertir tiempo en Dios es, en realidad, invertir en la fuente de la propia humanidad. Si la fe te hace mejor compa\u00f1ero y m\u00e1s resiliente, el tiempo est\u00e1 m\u00e1s que ganado.<\/p>\n<h3 data-path-to-node=\"12\"><strong>3. El M\u00e9todo de Ema\u00fas: La pedagog\u00eda de la escucha<\/strong><\/h3>\n<p data-path-to-node=\"13\">Jes\u00fas en el camino de Ema\u00fas no empez\u00f3 dando una lecci\u00f3n de teolog\u00eda; primero pregunt\u00f3: \u00ab\u00bfDe qu\u00e9 ven\u00eds hablando?\u00bb. Muchas veces, el ate\u00edsmo agresivo nace de una herida, un mal ejemplo religioso recibido en la infancia o un vac\u00edo existencial mal gestionado.<\/p>\n<p data-path-to-node=\"14\">En lugar de ponerte a la defensiva, utiliza la did\u00e1ctica del acompa\u00f1amiento. Pregunta con inter\u00e9s genuino qu\u00e9 es lo que m\u00e1s le molesta a la otra persona de la idea de Dios. Escuchar es el primer acto de caridad y el que suele desarmar la hostilidad.<\/p>\n<h3 data-path-to-node=\"15\"><strong>4. Ser signos de contradicci\u00f3n sin ser conflictivos<\/strong><\/h3>\n<p data-path-to-node=\"16\">En el colegio o la facultad, la presi\u00f3n de grupo es enorme. La Iglesia nos invita a ser luz, no lanzallamas. En el colegio, ante la burla, la respuesta es la naturalidad: explicar que la oraci\u00f3n ayuda a querer mejor a los dem\u00e1s. En la universidad, frente al mito de que la ciencia anula la fe, se puede proponer que la ciencia explica el \u00abc\u00f3mo\u00bb mientras la fe explica el \u00abporqu\u00e9\u00bb. En el trabajo, frente al escepticismo, la integridad absoluta y la ayuda al que nadie quiere ayudar son los mejores argumentos.<\/p>\n<h3 data-path-to-node=\"18\"><strong>El testigo es un im\u00e1n, no un martillo<\/strong><\/h3>\n<p data-path-to-node=\"19\">Explicar la fe a quien no quiere o\u00edrla no consiste en ganar discusiones, sino en despertar la sed. Si tu vida es coherente, profunda y llena de esperanza, tarde o temprano alguien te preguntar\u00e1 por el origen de tu fortaleza. Ese d\u00eda, no habr\u00e1s perdido el tiempo; habr\u00e1s cumplido tu misi\u00f3n. No se trata de defender a Dios, sino de permitir que \u00c9l viva a trav\u00e9s de ti. Como dec\u00eda san Juan Pablo II: \u00abLa fe se fortalece d\u00e1ndola\u00bb.<\/p>\n<p data-path-to-node=\"19\"><img loading=\"lazy\" decoding=\"async\" class=\"size-full wp-image-168635 alignnone\" src=\"https:\/\/exaudi.org\/wp-content\/uploads\/2026\/04\/Guay-6.jpg\" alt=\"\" width=\"1080\" height=\"1080\" srcset=\"https:\/\/exaudi.org\/wp-content\/uploads\/2026\/04\/Guay-6.jpg 1080w, https:\/\/exaudi.org\/wp-content\/uploads\/2026\/04\/Guay-6-300x300.jpg 300w, https:\/\/exaudi.org\/wp-content\/uploads\/2026\/04\/Guay-6-1024x1024.jpg 1024w, https:\/\/exaudi.org\/wp-content\/uploads\/2026\/04\/Guay-6-100x100.jpg?crop=1 100w, https:\/\/exaudi.org\/wp-content\/uploads\/2026\/04\/Guay-6-770x770.jpg 770w, https:\/\/exaudi.org\/wp-content\/uploads\/2026\/04\/Guay-6-500x500.jpg 500w\" sizes=\"auto, (max-width: 1080px) 100vw, 1080px\" \/><\/p>\n","protected":false},"excerpt":{"rendered":"<p>El arte de encender estrellas en pleno d\u00eda<\/p>\n","protected":false},"author":172,"featured_media":168632,"comment_status":"closed","ping_status":"closed","sticky":false,"template":"","format":"standard","meta":{"_acf_changed":false,"_crdt_document":"","inline_featured_image":false,"footnotes":""},"categories":[130],"tags":[110690,110694,515,8422,9126,64229,110691,14707,110695,8442,1019,29175,110693,34335,14263,21610,158,1222,23044,58880,110692],"class_list":["post-168629","post","type-post","status-publish","format-standard","has-post-thumbnail","hentry","category-voces","tag-apologetica-moderna","tag-ateismo-y-creencia","tag-benedicto-xvi","tag-catolicismo","tag-coherencia-de-vida","tag-defensa-de-la-fe","tag-dialogo-fe-cultura","tag-esperanza-cristiana","tag-espiritualidad-en-la-universidad","tag-evangelii-gaudium","tag-evangelizacion","tag-evangelizacion-juvenil","tag-explicar-la-fe","tag-fe-y-razon","tag-fides-et-ratio","tag-formacion-catolica","tag-papa-francisco","tag-san-juan-pablo-ii","tag-testimonio-cristiano","tag-trending-es-151","tag-vida-cristiana-en-el-trabajo"],"acf":[],"yoast_head":"<!-- This site is optimized with the Yoast SEO plugin v27.5 - https:\/\/yoast.com\/product\/yoast-seo-wordpress\/ -->\n<title>C\u00f3mo hablar de Dios a quien cree que no le falta nada &#8211; Exaudi<\/title>\n<meta name=\"robots\" content=\"index, follow, max-snippet:-1, max-image-preview:large, max-video-preview:-1\" \/>\n<link rel=\"canonical\" href=\"https:\/\/exaudi.org\/es\/como-hablar-de-dios-a-quien-cree-que-no-le-falta-nada\/\" \/>\n<meta property=\"og:locale\" content=\"es_ES\" \/>\n<meta property=\"og:type\" content=\"article\" \/>\n<meta property=\"og:title\" content=\"C\u00f3mo hablar de Dios a quien cree que no le falta nada &#8211; Exaudi\" \/>\n<meta property=\"og:description\" content=\"El arte de encender estrellas en pleno d\u00eda\" \/>\n<meta property=\"og:url\" content=\"https:\/\/exaudi.org\/es\/como-hablar-de-dios-a-quien-cree-que-no-le-falta-nada\/\" \/>\n<meta property=\"og:site_name\" content=\"Exaudi\" \/>\n<meta property=\"article:publisher\" content=\"https:\/\/www.facebook.com\/ExaudiNews\" \/>\n<meta property=\"article:published_time\" content=\"2026-04-30T07:00:03+00:00\" \/>\n<meta property=\"og:image\" content=\"https:\/\/exaudi.org\/wp-content\/uploads\/2026\/04\/Gemini_Generated_Image_bkjxsebkjxsebkjx.jpg\" \/>\n\t<meta property=\"og:image:width\" content=\"1376\" \/>\n\t<meta property=\"og:image:height\" content=\"768\" \/>\n\t<meta property=\"og:image:type\" content=\"image\/jpeg\" \/>\n<meta name=\"author\" content=\"Miguel Morales Gabriel\" \/>\n<meta name=\"twitter:card\" content=\"summary_large_image\" \/>\n<meta name=\"twitter:creator\" content=\"@Exaudi_News\" \/>\n<meta name=\"twitter:site\" content=\"@Exaudi_News\" \/>\n<meta name=\"twitter:label1\" content=\"Escrito por\" \/>\n\t<meta name=\"twitter:data1\" content=\"Miguel Morales Gabriel\" \/>\n\t<meta name=\"twitter:label2\" content=\"Tiempo de lectura\" \/>\n\t<meta name=\"twitter:data2\" content=\"3 minutos\" \/>\n<script type=\"application\/ld+json\" class=\"yoast-schema-graph\">{\"@context\":\"https:\\\/\\\/schema.org\",\"@graph\":[{\"@type\":\"Article\",\"@id\":\"https:\\\/\\\/exaudi.org\\\/es\\\/como-hablar-de-dios-a-quien-cree-que-no-le-falta-nada\\\/#article\",\"isPartOf\":{\"@id\":\"https:\\\/\\\/exaudi.org\\\/es\\\/como-hablar-de-dios-a-quien-cree-que-no-le-falta-nada\\\/\"},\"author\":{\"name\":\"Miguel Morales Gabriel\",\"@id\":\"https:\\\/\\\/exaudi.org\\\/#\\\/schema\\\/person\\\/e3aa4e56ecee909fa93b86ab62788ea5\"},\"headline\":\"C\u00f3mo hablar de Dios a quien cree que no le falta nada\",\"datePublished\":\"2026-04-30T07:00:03+00:00\",\"mainEntityOfPage\":{\"@id\":\"https:\\\/\\\/exaudi.org\\\/es\\\/como-hablar-de-dios-a-quien-cree-que-no-le-falta-nada\\\/\"},\"wordCount\":689,\"image\":{\"@id\":\"https:\\\/\\\/exaudi.org\\\/es\\\/como-hablar-de-dios-a-quien-cree-que-no-le-falta-nada\\\/#primaryimage\"},\"thumbnailUrl\":\"https:\\\/\\\/exaudi.org\\\/wp-content\\\/uploads\\\/2026\\\/04\\\/Gemini_Generated_Image_bkjxsebkjxsebkjx.jpg\",\"keywords\":[\"apolog\u00e9tica moderna\",\"ate\u00edsmo y creencia\",\"Benedicto XVI\",\"Catolicismo\",\"Coherencia de vida\",\"defensa de la fe\",\"di\u00e1logo fe-cultura\",\"esperanza cristiana\",\"espiritualidad en la universidad\",\"Evangelii gaudium\",\"Evangelizaci\u00f3n\",\"evangelizaci\u00f3n juvenil\",\"explicar la fe\",\"Fe y Raz\u00f3n\",\"Fides et Ratio\",\"formaci\u00f3n cat\u00f3lica\",\"papa francisco\",\"San Juan Pablo II\",\"testimonio cristiano\",\"Trending\",\"vida cristiana en el trabajo\"],\"articleSection\":[\"Voces\"],\"inLanguage\":\"es\"},{\"@type\":\"WebPage\",\"@id\":\"https:\\\/\\\/exaudi.org\\\/es\\\/como-hablar-de-dios-a-quien-cree-que-no-le-falta-nada\\\/\",\"url\":\"https:\\\/\\\/exaudi.org\\\/es\\\/como-hablar-de-dios-a-quien-cree-que-no-le-falta-nada\\\/\",\"name\":\"C\u00f3mo hablar de Dios a quien cree que no le falta nada &#8211; Exaudi\",\"isPartOf\":{\"@id\":\"https:\\\/\\\/exaudi.org\\\/#website\"},\"primaryImageOfPage\":{\"@id\":\"https:\\\/\\\/exaudi.org\\\/es\\\/como-hablar-de-dios-a-quien-cree-que-no-le-falta-nada\\\/#primaryimage\"},\"image\":{\"@id\":\"https:\\\/\\\/exaudi.org\\\/es\\\/como-hablar-de-dios-a-quien-cree-que-no-le-falta-nada\\\/#primaryimage\"},\"thumbnailUrl\":\"https:\\\/\\\/exaudi.org\\\/wp-content\\\/uploads\\\/2026\\\/04\\\/Gemini_Generated_Image_bkjxsebkjxsebkjx.jpg\",\"datePublished\":\"2026-04-30T07:00:03+00:00\",\"author\":{\"@id\":\"https:\\\/\\\/exaudi.org\\\/#\\\/schema\\\/person\\\/e3aa4e56ecee909fa93b86ab62788ea5\"},\"breadcrumb\":{\"@id\":\"https:\\\/\\\/exaudi.org\\\/es\\\/como-hablar-de-dios-a-quien-cree-que-no-le-falta-nada\\\/#breadcrumb\"},\"inLanguage\":\"es\",\"potentialAction\":[{\"@type\":\"ReadAction\",\"target\":[\"https:\\\/\\\/exaudi.org\\\/es\\\/como-hablar-de-dios-a-quien-cree-que-no-le-falta-nada\\\/\"]}]},{\"@type\":\"ImageObject\",\"inLanguage\":\"es\",\"@id\":\"https:\\\/\\\/exaudi.org\\\/es\\\/como-hablar-de-dios-a-quien-cree-que-no-le-falta-nada\\\/#primaryimage\",\"url\":\"https:\\\/\\\/exaudi.org\\\/wp-content\\\/uploads\\\/2026\\\/04\\\/Gemini_Generated_Image_bkjxsebkjxsebkjx.jpg\",\"contentUrl\":\"https:\\\/\\\/exaudi.org\\\/wp-content\\\/uploads\\\/2026\\\/04\\\/Gemini_Generated_Image_bkjxsebkjxsebkjx.jpg\",\"width\":1376,\"height\":768},{\"@type\":\"BreadcrumbList\",\"@id\":\"https:\\\/\\\/exaudi.org\\\/es\\\/como-hablar-de-dios-a-quien-cree-que-no-le-falta-nada\\\/#breadcrumb\",\"itemListElement\":[{\"@type\":\"ListItem\",\"position\":1,\"name\":\"Portada\",\"item\":\"https:\\\/\\\/exaudi.org\\\/es\\\/\"},{\"@type\":\"ListItem\",\"position\":2,\"name\":\"C\u00f3mo hablar de Dios a quien cree que no le falta nada\"}]},{\"@type\":\"WebSite\",\"@id\":\"https:\\\/\\\/exaudi.org\\\/#website\",\"url\":\"https:\\\/\\\/exaudi.org\\\/\",\"name\":\"Exaudi\",\"description\":\"News\",\"potentialAction\":[{\"@type\":\"SearchAction\",\"target\":{\"@type\":\"EntryPoint\",\"urlTemplate\":\"https:\\\/\\\/exaudi.org\\\/?s={search_term_string}\"},\"query-input\":{\"@type\":\"PropertyValueSpecification\",\"valueRequired\":true,\"valueName\":\"search_term_string\"}}],\"inLanguage\":\"es\"},{\"@type\":\"Person\",\"@id\":\"https:\\\/\\\/exaudi.org\\\/#\\\/schema\\\/person\\\/e3aa4e56ecee909fa93b86ab62788ea5\",\"name\":\"Miguel Morales Gabriel\",\"image\":{\"@type\":\"ImageObject\",\"inLanguage\":\"es\",\"@id\":\"https:\\\/\\\/secure.gravatar.com\\\/avatar\\\/ebf41cf87d1ad0ad22bb9835362c20595e2ea28aef545333e7b96251378f3aae?s=96&d=mm&r=g\",\"url\":\"https:\\\/\\\/secure.gravatar.com\\\/avatar\\\/ebf41cf87d1ad0ad22bb9835362c20595e2ea28aef545333e7b96251378f3aae?s=96&d=mm&r=g\",\"contentUrl\":\"https:\\\/\\\/secure.gravatar.com\\\/avatar\\\/ebf41cf87d1ad0ad22bb9835362c20595e2ea28aef545333e7b96251378f3aae?s=96&d=mm&r=g\",\"caption\":\"Miguel Morales Gabriel\"},\"description\":\"Soy un jubilado empresario cat\u00f3lico, esposo devoto, padre esforzado, abuelo cari\u00f1oso y amigo leal; fundador de su empresa familiar donde lider\u00f3 con integridad durante d\u00e9cadas generando empleo y desarrollo local, siempre guiado por su fe, la solidaridad comunitaria y el amor incondicional a su esposa, hijos y nietos, viviendo con el lema de servir con humildad.\",\"url\":\"https:\\\/\\\/exaudi.org\\\/es\\\/author\\\/miguel-morales-gabriel\\\/\"}]}<\/script>\n<!-- \/ Yoast SEO plugin. -->","yoast_head_json":{"title":"C\u00f3mo hablar de Dios a quien cree que no le falta nada &#8211; Exaudi","robots":{"index":"index","follow":"follow","max-snippet":"max-snippet:-1","max-image-preview":"max-image-preview:large","max-video-preview":"max-video-preview:-1"},"canonical":"https:\/\/exaudi.org\/es\/como-hablar-de-dios-a-quien-cree-que-no-le-falta-nada\/","og_locale":"es_ES","og_type":"article","og_title":"C\u00f3mo hablar de Dios a quien cree que no le falta nada &#8211; Exaudi","og_description":"El arte de encender estrellas en pleno d\u00eda","og_url":"https:\/\/exaudi.org\/es\/como-hablar-de-dios-a-quien-cree-que-no-le-falta-nada\/","og_site_name":"Exaudi","article_publisher":"https:\/\/www.facebook.com\/ExaudiNews","article_published_time":"2026-04-30T07:00:03+00:00","og_image":[{"width":1376,"height":768,"url":"https:\/\/exaudi.org\/wp-content\/uploads\/2026\/04\/Gemini_Generated_Image_bkjxsebkjxsebkjx.jpg","type":"image\/jpeg"}],"author":"Miguel Morales Gabriel","twitter_card":"summary_large_image","twitter_creator":"@Exaudi_News","twitter_site":"@Exaudi_News","twitter_misc":{"Escrito por":"Miguel Morales Gabriel","Tiempo de lectura":"3 minutos"},"schema":{"@context":"https:\/\/schema.org","@graph":[{"@type":"Article","@id":"https:\/\/exaudi.org\/es\/como-hablar-de-dios-a-quien-cree-que-no-le-falta-nada\/#article","isPartOf":{"@id":"https:\/\/exaudi.org\/es\/como-hablar-de-dios-a-quien-cree-que-no-le-falta-nada\/"},"author":{"name":"Miguel Morales Gabriel","@id":"https:\/\/exaudi.org\/#\/schema\/person\/e3aa4e56ecee909fa93b86ab62788ea5"},"headline":"C\u00f3mo hablar de Dios a quien cree que no le falta nada","datePublished":"2026-04-30T07:00:03+00:00","mainEntityOfPage":{"@id":"https:\/\/exaudi.org\/es\/como-hablar-de-dios-a-quien-cree-que-no-le-falta-nada\/"},"wordCount":689,"image":{"@id":"https:\/\/exaudi.org\/es\/como-hablar-de-dios-a-quien-cree-que-no-le-falta-nada\/#primaryimage"},"thumbnailUrl":"https:\/\/exaudi.org\/wp-content\/uploads\/2026\/04\/Gemini_Generated_Image_bkjxsebkjxsebkjx.jpg","keywords":["apolog\u00e9tica moderna","ate\u00edsmo y creencia","Benedicto XVI","Catolicismo","Coherencia de vida","defensa de la fe","di\u00e1logo fe-cultura","esperanza cristiana","espiritualidad en la universidad","Evangelii gaudium","Evangelizaci\u00f3n","evangelizaci\u00f3n juvenil","explicar la fe","Fe y Raz\u00f3n","Fides et Ratio","formaci\u00f3n cat\u00f3lica","papa francisco","San Juan Pablo II","testimonio cristiano","Trending","vida cristiana en el trabajo"],"articleSection":["Voces"],"inLanguage":"es"},{"@type":"WebPage","@id":"https:\/\/exaudi.org\/es\/como-hablar-de-dios-a-quien-cree-que-no-le-falta-nada\/","url":"https:\/\/exaudi.org\/es\/como-hablar-de-dios-a-quien-cree-que-no-le-falta-nada\/","name":"C\u00f3mo hablar de Dios a quien cree que no le falta nada &#8211; Exaudi","isPartOf":{"@id":"https:\/\/exaudi.org\/#website"},"primaryImageOfPage":{"@id":"https:\/\/exaudi.org\/es\/como-hablar-de-dios-a-quien-cree-que-no-le-falta-nada\/#primaryimage"},"image":{"@id":"https:\/\/exaudi.org\/es\/como-hablar-de-dios-a-quien-cree-que-no-le-falta-nada\/#primaryimage"},"thumbnailUrl":"https:\/\/exaudi.org\/wp-content\/uploads\/2026\/04\/Gemini_Generated_Image_bkjxsebkjxsebkjx.jpg","datePublished":"2026-04-30T07:00:03+00:00","author":{"@id":"https:\/\/exaudi.org\/#\/schema\/person\/e3aa4e56ecee909fa93b86ab62788ea5"},"breadcrumb":{"@id":"https:\/\/exaudi.org\/es\/como-hablar-de-dios-a-quien-cree-que-no-le-falta-nada\/#breadcrumb"},"inLanguage":"es","potentialAction":[{"@type":"ReadAction","target":["https:\/\/exaudi.org\/es\/como-hablar-de-dios-a-quien-cree-que-no-le-falta-nada\/"]}]},{"@type":"ImageObject","inLanguage":"es","@id":"https:\/\/exaudi.org\/es\/como-hablar-de-dios-a-quien-cree-que-no-le-falta-nada\/#primaryimage","url":"https:\/\/exaudi.org\/wp-content\/uploads\/2026\/04\/Gemini_Generated_Image_bkjxsebkjxsebkjx.jpg","contentUrl":"https:\/\/exaudi.org\/wp-content\/uploads\/2026\/04\/Gemini_Generated_Image_bkjxsebkjxsebkjx.jpg","width":1376,"height":768},{"@type":"BreadcrumbList","@id":"https:\/\/exaudi.org\/es\/como-hablar-de-dios-a-quien-cree-que-no-le-falta-nada\/#breadcrumb","itemListElement":[{"@type":"ListItem","position":1,"name":"Portada","item":"https:\/\/exaudi.org\/es\/"},{"@type":"ListItem","position":2,"name":"C\u00f3mo hablar de Dios a quien cree que no le falta nada"}]},{"@type":"WebSite","@id":"https:\/\/exaudi.org\/#website","url":"https:\/\/exaudi.org\/","name":"Exaudi","description":"News","potentialAction":[{"@type":"SearchAction","target":{"@type":"EntryPoint","urlTemplate":"https:\/\/exaudi.org\/?s={search_term_string}"},"query-input":{"@type":"PropertyValueSpecification","valueRequired":true,"valueName":"search_term_string"}}],"inLanguage":"es"},{"@type":"Person","@id":"https:\/\/exaudi.org\/#\/schema\/person\/e3aa4e56ecee909fa93b86ab62788ea5","name":"Miguel Morales Gabriel","image":{"@type":"ImageObject","inLanguage":"es","@id":"https:\/\/secure.gravatar.com\/avatar\/ebf41cf87d1ad0ad22bb9835362c20595e2ea28aef545333e7b96251378f3aae?s=96&d=mm&r=g","url":"https:\/\/secure.gravatar.com\/avatar\/ebf41cf87d1ad0ad22bb9835362c20595e2ea28aef545333e7b96251378f3aae?s=96&d=mm&r=g","contentUrl":"https:\/\/secure.gravatar.com\/avatar\/ebf41cf87d1ad0ad22bb9835362c20595e2ea28aef545333e7b96251378f3aae?s=96&d=mm&r=g","caption":"Miguel Morales Gabriel"},"description":"Soy un jubilado empresario cat\u00f3lico, esposo devoto, padre esforzado, abuelo cari\u00f1oso y amigo leal; fundador de su empresa familiar donde lider\u00f3 con integridad durante d\u00e9cadas generando empleo y desarrollo local, siempre guiado por su fe, la solidaridad comunitaria y el amor incondicional a su esposa, hijos y nietos, viviendo con el lema de servir con humildad.","url":"https:\/\/exaudi.org\/es\/author\/miguel-morales-gabriel\/"}]}},"jetpack_featured_media_url":"https:\/\/exaudi.org\/wp-content\/uploads\/2026\/04\/Gemini_Generated_Image_bkjxsebkjxsebkjx.jpg","jetpack_shortlink":"https:\/\/wp.me\/pgKjF2-HRP","_links":{"self":[{"href":"https:\/\/exaudi.org\/es\/wp-json\/wp\/v2\/posts\/168629","targetHints":{"allow":["GET"]}}],"collection":[{"href":"https:\/\/exaudi.org\/es\/wp-json\/wp\/v2\/posts"}],"about":[{"href":"https:\/\/exaudi.org\/es\/wp-json\/wp\/v2\/types\/post"}],"author":[{"embeddable":true,"href":"https:\/\/exaudi.org\/es\/wp-json\/wp\/v2\/users\/172"}],"replies":[{"embeddable":true,"href":"https:\/\/exaudi.org\/es\/wp-json\/wp\/v2\/comments?post=168629"}],"version-history":[{"count":5,"href":"https:\/\/exaudi.org\/es\/wp-json\/wp\/v2\/posts\/168629\/revisions"}],"predecessor-version":[{"id":168649,"href":"https:\/\/exaudi.org\/es\/wp-json\/wp\/v2\/posts\/168629\/revisions\/168649"}],"wp:featuredmedia":[{"embeddable":true,"href":"https:\/\/exaudi.org\/es\/wp-json\/wp\/v2\/media\/168632"}],"wp:attachment":[{"href":"https:\/\/exaudi.org\/es\/wp-json\/wp\/v2\/media?parent=168629"}],"wp:term":[{"taxonomy":"category","embeddable":true,"href":"https:\/\/exaudi.org\/es\/wp-json\/wp\/v2\/categories?post=168629"},{"taxonomy":"post_tag","embeddable":true,"href":"https:\/\/exaudi.org\/es\/wp-json\/wp\/v2\/tags?post=168629"}],"curies":[{"name":"wp","href":"https:\/\/api.w.org\/{rel}","templated":true}]}}