{"id":168507,"date":"2026-04-27T20:00:36","date_gmt":"2026-04-27T18:00:36","guid":{"rendered":"https:\/\/exaudi.org\/?p=168507"},"modified":"2026-04-27T14:57:26","modified_gmt":"2026-04-27T12:57:26","slug":"el-papa-reconoce-el-martirio-de-50-espanoles-asesinados-por-odio-a-la-fe","status":"publish","type":"post","link":"https:\/\/exaudi.org\/es\/el-papa-reconoce-el-martirio-de-50-espanoles-asesinados-por-odio-a-la-fe\/","title":{"rendered":"El Papa reconoce el martirio de 50 espa\u00f1oles asesinados por odio a la fe"},"content":{"rendered":"<p>El lunes 27 de abril, el Santo Padre Le\u00f3n XIV recibi\u00f3 en audiencia al cardenal Marcello Semeraro, prefecto del Dicasterio para las Causas de los Santos. Durante la audiencia, el Sumo Pont\u00edfice autoriz\u00f3 a dicho Dicasterio a promulgar los nuevos decretos.<\/p>\n<p>El martirio de los Siervos de Dios Estanislao Ortega Garc\u00eda (de nombre laico: Lorenzo) y los 48 compa\u00f1eros, religiosos profesos del Instituto de los Hermanos de la Instrucci\u00f3n Cristiana de San Gabriel, as\u00ed como de Emanuele Berenguer Clusella, sacerdote diocesano, asesinados entre los meses de julio y noviembre de 1936, por odio a la fe, en diversos lugares de Catalu\u00f1a (Espa\u00f1a), en el contexto de la misma persecuci\u00f3n.<\/p>\n<p>El ofrecimiento de la vida del Siervo de Dios Pedro Manuel Salado Alba, fiel laico, miembro de la Asociaci\u00f3n \u00abHogar de Nazaret\u00bb; nacido el 1 de enero de 1968 en Chiclana de la Frontera (Espa\u00f1a) y fallecido el 5 de febrero de 2012 en Playa de Tonsupa, cerca de Atacames (Ecuador).<\/p>\n<p>Las virtudes heroicas de la Sierva de Dios Mar\u00eda Eletta de Jes\u00fas (de nombre secular: Caterina Tramazzoli), religiosa profesa de la Orden de las Carmelitas Descalzas; nacida el 28 de enero de 1605 en Terni (Italia) y fallecida el 11 de enero de 1663 en Praga (hoy Rep\u00fablica Checa);<\/p>\n<p>Las virtudes heroicas de la Sierva de Dios Mar\u00eda Teresa de la Sant\u00edsima Trinidad (de nombre secular: Teresa Ysseldijk), religiosa profesa de la Congregaci\u00f3n de las Hermanas Carmelitas del Divino Coraz\u00f3n de Jes\u00fas; nacida el 13 de noviembre de 1897 en Apeldoorn (Pa\u00edses Bajos) y fallecida el 10 de marzo de 1926 en San Luis (Estados Unidos de Am\u00e9rica).<\/p>\n<p>Las virtudes heroicas de la Sierva de Dios Mar\u00eda Rafaela De Giovanna, fundadora de la Congregaci\u00f3n de las Hermanas Terciarias M\u00ednimas de San Francisco de Paula; nacida el 30 de julio de 1870 en G\u00e9nova (Italia) y fallecida all\u00ed el 11 de marzo de 1933.<\/p>\n","protected":false},"excerpt":{"rendered":"<p>Ser\u00e1n promulgados los decretos relativos al martirio de los espa\u00f1oles Siervos de Dios Estanislao Ortega Garc\u00eda y 48 compa\u00f1eros, as\u00ed como de Emanuele Berenguer Clusella. El ofrecimiento de la vida del Siervo de Dios Pedro Manuel Salado Alba, espa\u00f1ol que falleci\u00f3 en Ecuador. Y las virtudes heroicas de las Siervas de Dios: Mar\u00eda Eletta de Jes\u00fas, Teresa de la Sant\u00edsima Trinidad, y Mar\u00eda Rafaela De Giovanna<\/p>\n","protected":false},"author":15,"featured_media":168508,"comment_status":"closed","ping_status":"closed","sticky":false,"template":"","format":"standard","meta":{"_acf_changed":false,"_crdt_document":"","inline_featured_image":false,"footnotes":""},"categories":[134,138,68,132],"tags":[5534,1008,516,58111,9528,58880],"class_list":["post-168507","post","type-post","status-publish","format-standard","has-post-thumbnail","hentry","category-causas-de-santos","category-dicasterios","category-leon-xiv","category-vaticano-es","tag-dicasterio","tag-espana","tag-italia","tag-papa-leon-xiv","tag-santos-y-beatos","tag-trending-es-151"],"acf":[],"yoast_head":"<!-- This site is optimized with the Yoast SEO plugin v27.5 - https:\/\/yoast.com\/product\/yoast-seo-wordpress\/ -->\n<title>El Papa reconoce el martirio de 50 espa\u00f1oles asesinados por odio a la fe &#8211; Exaudi<\/title>\n<meta name=\"robots\" content=\"index, follow, max-snippet:-1, max-image-preview:large, max-video-preview:-1\" \/>\n<link rel=\"canonical\" href=\"https:\/\/exaudi.org\/es\/el-papa-reconoce-el-martirio-de-50-espanoles-asesinados-por-odio-a-la-fe\/\" \/>\n<meta property=\"og:locale\" content=\"es_ES\" \/>\n<meta property=\"og:type\" content=\"article\" \/>\n<meta property=\"og:title\" content=\"El Papa reconoce el martirio de 50 espa\u00f1oles asesinados por odio a la fe &#8211; Exaudi\" \/>\n<meta property=\"og:description\" content=\"Ser\u00e1n promulgados los decretos relativos al martirio de los espa\u00f1oles Siervos de Dios Estanislao Ortega Garc\u00eda y 48 compa\u00f1eros, as\u00ed como de Emanuele Berenguer Clusella. El ofrecimiento de la vida del Siervo de Dios Pedro Manuel Salado Alba, espa\u00f1ol que falleci\u00f3 en Ecuador. Y las virtudes heroicas de las Siervas de Dios: Mar\u00eda Eletta de Jes\u00fas, Teresa de la Sant\u00edsima Trinidad, y Mar\u00eda Rafaela De Giovanna\" \/>\n<meta property=\"og:url\" content=\"https:\/\/exaudi.org\/es\/el-papa-reconoce-el-martirio-de-50-espanoles-asesinados-por-odio-a-la-fe\/\" \/>\n<meta property=\"og:site_name\" content=\"Exaudi\" \/>\n<meta property=\"article:publisher\" content=\"https:\/\/www.facebook.com\/ExaudiNews\" \/>\n<meta property=\"article:author\" content=\"https:\/\/www.facebook.com\/ExaudiNoticias\/\" \/>\n<meta property=\"article:published_time\" content=\"2026-04-27T18:00:36+00:00\" \/>\n<meta property=\"og:image\" content=\"https:\/\/exaudi.org\/wp-content\/uploads\/2026\/04\/cq5dam.thumbnail.cropped.750.422-7-3.jpeg\" \/>\n\t<meta property=\"og:image:width\" content=\"750\" \/>\n\t<meta property=\"og:image:height\" content=\"422\" \/>\n\t<meta property=\"og:image:type\" content=\"image\/jpeg\" \/>\n<meta name=\"author\" content=\"Exaudi Redacci\u00f3n\" \/>\n<meta name=\"twitter:card\" content=\"summary_large_image\" \/>\n<meta name=\"twitter:creator\" content=\"@Exaudi_noticias\" \/>\n<meta name=\"twitter:site\" content=\"@Exaudi_News\" \/>\n<meta name=\"twitter:label1\" content=\"Escrito por\" \/>\n\t<meta name=\"twitter:data1\" content=\"Exaudi Redacci\u00f3n\" \/>\n\t<meta name=\"twitter:label2\" content=\"Tiempo de lectura\" \/>\n\t<meta name=\"twitter:data2\" content=\"2 minutos\" \/>\n<script type=\"application\/ld+json\" class=\"yoast-schema-graph\">{\"@context\":\"https:\\\/\\\/schema.org\",\"@graph\":[{\"@type\":\"Article\",\"@id\":\"https:\\\/\\\/exaudi.org\\\/es\\\/el-papa-reconoce-el-martirio-de-50-espanoles-asesinados-por-odio-a-la-fe\\\/#article\",\"isPartOf\":{\"@id\":\"https:\\\/\\\/exaudi.org\\\/es\\\/el-papa-reconoce-el-martirio-de-50-espanoles-asesinados-por-odio-a-la-fe\\\/\"},\"author\":{\"name\":\"Exaudi Redacci\u00f3n\",\"@id\":\"https:\\\/\\\/exaudi.org\\\/#\\\/schema\\\/person\\\/f5fc8f063065e38742da7afe15f25df7\"},\"headline\":\"El Papa reconoce el martirio de 50 espa\u00f1oles asesinados por odio a la fe\",\"datePublished\":\"2026-04-27T18:00:36+00:00\",\"mainEntityOfPage\":{\"@id\":\"https:\\\/\\\/exaudi.org\\\/es\\\/el-papa-reconoce-el-martirio-de-50-espanoles-asesinados-por-odio-a-la-fe\\\/\"},\"wordCount\":332,\"image\":{\"@id\":\"https:\\\/\\\/exaudi.org\\\/es\\\/el-papa-reconoce-el-martirio-de-50-espanoles-asesinados-por-odio-a-la-fe\\\/#primaryimage\"},\"thumbnailUrl\":\"https:\\\/\\\/exaudi.org\\\/wp-content\\\/uploads\\\/2026\\\/04\\\/cq5dam.thumbnail.cropped.750.422-7-3.jpeg\",\"keywords\":[\"Dicasterio\",\"Espa\u00f1a\",\"Italia\",\"papa le\u00f3n xiv\",\"SANTOS Y BEATOS\",\"Trending\"],\"articleSection\":[\"Causas de Santos\",\"Dicasterios\",\"Le\u00f3n XIV\",\"Vaticano\"],\"inLanguage\":\"es\"},{\"@type\":\"WebPage\",\"@id\":\"https:\\\/\\\/exaudi.org\\\/es\\\/el-papa-reconoce-el-martirio-de-50-espanoles-asesinados-por-odio-a-la-fe\\\/\",\"url\":\"https:\\\/\\\/exaudi.org\\\/es\\\/el-papa-reconoce-el-martirio-de-50-espanoles-asesinados-por-odio-a-la-fe\\\/\",\"name\":\"El Papa reconoce el martirio de 50 espa\u00f1oles asesinados por odio a la fe &#8211; Exaudi\",\"isPartOf\":{\"@id\":\"https:\\\/\\\/exaudi.org\\\/#website\"},\"primaryImageOfPage\":{\"@id\":\"https:\\\/\\\/exaudi.org\\\/es\\\/el-papa-reconoce-el-martirio-de-50-espanoles-asesinados-por-odio-a-la-fe\\\/#primaryimage\"},\"image\":{\"@id\":\"https:\\\/\\\/exaudi.org\\\/es\\\/el-papa-reconoce-el-martirio-de-50-espanoles-asesinados-por-odio-a-la-fe\\\/#primaryimage\"},\"thumbnailUrl\":\"https:\\\/\\\/exaudi.org\\\/wp-content\\\/uploads\\\/2026\\\/04\\\/cq5dam.thumbnail.cropped.750.422-7-3.jpeg\",\"datePublished\":\"2026-04-27T18:00:36+00:00\",\"author\":{\"@id\":\"https:\\\/\\\/exaudi.org\\\/#\\\/schema\\\/person\\\/f5fc8f063065e38742da7afe15f25df7\"},\"breadcrumb\":{\"@id\":\"https:\\\/\\\/exaudi.org\\\/es\\\/el-papa-reconoce-el-martirio-de-50-espanoles-asesinados-por-odio-a-la-fe\\\/#breadcrumb\"},\"inLanguage\":\"es\",\"potentialAction\":[{\"@type\":\"ReadAction\",\"target\":[\"https:\\\/\\\/exaudi.org\\\/es\\\/el-papa-reconoce-el-martirio-de-50-espanoles-asesinados-por-odio-a-la-fe\\\/\"]}]},{\"@type\":\"ImageObject\",\"inLanguage\":\"es\",\"@id\":\"https:\\\/\\\/exaudi.org\\\/es\\\/el-papa-reconoce-el-martirio-de-50-espanoles-asesinados-por-odio-a-la-fe\\\/#primaryimage\",\"url\":\"https:\\\/\\\/exaudi.org\\\/wp-content\\\/uploads\\\/2026\\\/04\\\/cq5dam.thumbnail.cropped.750.422-7-3.jpeg\",\"contentUrl\":\"https:\\\/\\\/exaudi.org\\\/wp-content\\\/uploads\\\/2026\\\/04\\\/cq5dam.thumbnail.cropped.750.422-7-3.jpeg\",\"width\":750,\"height\":422,\"caption\":\"Cardenal Marcello Semeraro, prefecto del Dicasterio para las Causas de los Santos\"},{\"@type\":\"BreadcrumbList\",\"@id\":\"https:\\\/\\\/exaudi.org\\\/es\\\/el-papa-reconoce-el-martirio-de-50-espanoles-asesinados-por-odio-a-la-fe\\\/#breadcrumb\",\"itemListElement\":[{\"@type\":\"ListItem\",\"position\":1,\"name\":\"Portada\",\"item\":\"https:\\\/\\\/exaudi.org\\\/es\\\/\"},{\"@type\":\"ListItem\",\"position\":2,\"name\":\"El Papa reconoce el martirio de 50 espa\u00f1oles asesinados por odio a la fe\"}]},{\"@type\":\"WebSite\",\"@id\":\"https:\\\/\\\/exaudi.org\\\/#website\",\"url\":\"https:\\\/\\\/exaudi.org\\\/\",\"name\":\"Exaudi\",\"description\":\"News\",\"potentialAction\":[{\"@type\":\"SearchAction\",\"target\":{\"@type\":\"EntryPoint\",\"urlTemplate\":\"https:\\\/\\\/exaudi.org\\\/?s={search_term_string}\"},\"query-input\":{\"@type\":\"PropertyValueSpecification\",\"valueRequired\":true,\"valueName\":\"search_term_string\"}}],\"inLanguage\":\"es\"},{\"@type\":\"Person\",\"@id\":\"https:\\\/\\\/exaudi.org\\\/#\\\/schema\\\/person\\\/f5fc8f063065e38742da7afe15f25df7\",\"name\":\"Exaudi Redacci\u00f3n\",\"image\":{\"@type\":\"ImageObject\",\"inLanguage\":\"es\",\"@id\":\"https:\\\/\\\/secure.gravatar.com\\\/avatar\\\/fe0f6a059fb68d9b3e11bc5850dd4899b1c7492091a3cb6dd9b01b56ad828be2?s=96&d=mm&r=g\",\"url\":\"https:\\\/\\\/secure.gravatar.com\\\/avatar\\\/fe0f6a059fb68d9b3e11bc5850dd4899b1c7492091a3cb6dd9b01b56ad828be2?s=96&d=mm&r=g\",\"contentUrl\":\"https:\\\/\\\/secure.gravatar.com\\\/avatar\\\/fe0f6a059fb68d9b3e11bc5850dd4899b1c7492091a3cb6dd9b01b56ad828be2?s=96&d=mm&r=g\",\"caption\":\"Exaudi Redacci\u00f3n\"},\"description\":\"\u00bfQu\u00e9 es Exaudi News? Exaudi News es un medio de comunicaci\u00f3n cat\u00f3lico internacional que informa, forma y transforma, diariamente en espa\u00f1ol, ingl\u00e9s e italiano. A trav\u00e9s de noticias, art\u00edculos de an\u00e1lisis y transmisiones en directo de los eventos del Papa, Exaudi busca fortalecer la unidad de los cristianos y contribuir a la evangelizaci\u00f3n del mundo, siempre guiados por la doctrina social de la Iglesia. Trabajamos para acercar la verdad y los valores cristianos a cada rinc\u00f3n del planeta. \u00a1Ay\u00fadanos a transformar el mundo con Exaudi! En Exaudi creemos que la evangelizaci\u00f3n y la informaci\u00f3n de calidad pueden cambiar vidas. Para continuar con nuestra misi\u00f3n y expandir nuestro alcance, necesitamos tu ayuda. Adem\u00e1s, buscamos personas comprometidas que deseen unirse a nuestro equipo. Con tu apoyo, lograremos llegar a m\u00e1s personas, difundir el mensaje de Cristo y reforzar la unidad de los cristianos. \u00bfTe unes a nuestra misi\u00f3n? Para m\u00e1s informaci\u00f3n sobre c\u00f3mo colaborar, visita Exaudi.org\\\/es o cont\u00e1ctanos directamente: info@exaudi.org Exaudi: Informa, forma y transforma.\",\"sameAs\":[\"https:\\\/\\\/www.facebook.com\\\/ExaudiNoticias\\\/\",\"https:\\\/\\\/www.instagram.com\\\/exaudi_noticias\\\/\",\"https:\\\/\\\/x.com\\\/Exaudi_noticias\",\"https:\\\/\\\/www.youtube.com\\\/@exaudicatholicnews\"],\"url\":\"https:\\\/\\\/exaudi.org\\\/es\\\/author\\\/redaccionexaudi\\\/\"}]}<\/script>\n<!-- \/ Yoast SEO plugin. -->","yoast_head_json":{"title":"El Papa reconoce el martirio de 50 espa\u00f1oles asesinados por odio a la fe &#8211; Exaudi","robots":{"index":"index","follow":"follow","max-snippet":"max-snippet:-1","max-image-preview":"max-image-preview:large","max-video-preview":"max-video-preview:-1"},"canonical":"https:\/\/exaudi.org\/es\/el-papa-reconoce-el-martirio-de-50-espanoles-asesinados-por-odio-a-la-fe\/","og_locale":"es_ES","og_type":"article","og_title":"El Papa reconoce el martirio de 50 espa\u00f1oles asesinados por odio a la fe &#8211; Exaudi","og_description":"Ser\u00e1n promulgados los decretos relativos al martirio de los espa\u00f1oles Siervos de Dios Estanislao Ortega Garc\u00eda y 48 compa\u00f1eros, as\u00ed como de Emanuele Berenguer Clusella. El ofrecimiento de la vida del Siervo de Dios Pedro Manuel Salado Alba, espa\u00f1ol que falleci\u00f3 en Ecuador. Y las virtudes heroicas de las Siervas de Dios: Mar\u00eda Eletta de Jes\u00fas, Teresa de la Sant\u00edsima Trinidad, y Mar\u00eda Rafaela De Giovanna","og_url":"https:\/\/exaudi.org\/es\/el-papa-reconoce-el-martirio-de-50-espanoles-asesinados-por-odio-a-la-fe\/","og_site_name":"Exaudi","article_publisher":"https:\/\/www.facebook.com\/ExaudiNews","article_author":"https:\/\/www.facebook.com\/ExaudiNoticias\/","article_published_time":"2026-04-27T18:00:36+00:00","og_image":[{"width":750,"height":422,"url":"https:\/\/exaudi.org\/wp-content\/uploads\/2026\/04\/cq5dam.thumbnail.cropped.750.422-7-3.jpeg","type":"image\/jpeg"}],"author":"Exaudi Redacci\u00f3n","twitter_card":"summary_large_image","twitter_creator":"@Exaudi_noticias","twitter_site":"@Exaudi_News","twitter_misc":{"Escrito por":"Exaudi Redacci\u00f3n","Tiempo de lectura":"2 minutos"},"schema":{"@context":"https:\/\/schema.org","@graph":[{"@type":"Article","@id":"https:\/\/exaudi.org\/es\/el-papa-reconoce-el-martirio-de-50-espanoles-asesinados-por-odio-a-la-fe\/#article","isPartOf":{"@id":"https:\/\/exaudi.org\/es\/el-papa-reconoce-el-martirio-de-50-espanoles-asesinados-por-odio-a-la-fe\/"},"author":{"name":"Exaudi Redacci\u00f3n","@id":"https:\/\/exaudi.org\/#\/schema\/person\/f5fc8f063065e38742da7afe15f25df7"},"headline":"El Papa reconoce el martirio de 50 espa\u00f1oles asesinados por odio a la fe","datePublished":"2026-04-27T18:00:36+00:00","mainEntityOfPage":{"@id":"https:\/\/exaudi.org\/es\/el-papa-reconoce-el-martirio-de-50-espanoles-asesinados-por-odio-a-la-fe\/"},"wordCount":332,"image":{"@id":"https:\/\/exaudi.org\/es\/el-papa-reconoce-el-martirio-de-50-espanoles-asesinados-por-odio-a-la-fe\/#primaryimage"},"thumbnailUrl":"https:\/\/exaudi.org\/wp-content\/uploads\/2026\/04\/cq5dam.thumbnail.cropped.750.422-7-3.jpeg","keywords":["Dicasterio","Espa\u00f1a","Italia","papa le\u00f3n xiv","SANTOS Y BEATOS","Trending"],"articleSection":["Causas de Santos","Dicasterios","Le\u00f3n XIV","Vaticano"],"inLanguage":"es"},{"@type":"WebPage","@id":"https:\/\/exaudi.org\/es\/el-papa-reconoce-el-martirio-de-50-espanoles-asesinados-por-odio-a-la-fe\/","url":"https:\/\/exaudi.org\/es\/el-papa-reconoce-el-martirio-de-50-espanoles-asesinados-por-odio-a-la-fe\/","name":"El Papa reconoce el martirio de 50 espa\u00f1oles asesinados por odio a la fe &#8211; Exaudi","isPartOf":{"@id":"https:\/\/exaudi.org\/#website"},"primaryImageOfPage":{"@id":"https:\/\/exaudi.org\/es\/el-papa-reconoce-el-martirio-de-50-espanoles-asesinados-por-odio-a-la-fe\/#primaryimage"},"image":{"@id":"https:\/\/exaudi.org\/es\/el-papa-reconoce-el-martirio-de-50-espanoles-asesinados-por-odio-a-la-fe\/#primaryimage"},"thumbnailUrl":"https:\/\/exaudi.org\/wp-content\/uploads\/2026\/04\/cq5dam.thumbnail.cropped.750.422-7-3.jpeg","datePublished":"2026-04-27T18:00:36+00:00","author":{"@id":"https:\/\/exaudi.org\/#\/schema\/person\/f5fc8f063065e38742da7afe15f25df7"},"breadcrumb":{"@id":"https:\/\/exaudi.org\/es\/el-papa-reconoce-el-martirio-de-50-espanoles-asesinados-por-odio-a-la-fe\/#breadcrumb"},"inLanguage":"es","potentialAction":[{"@type":"ReadAction","target":["https:\/\/exaudi.org\/es\/el-papa-reconoce-el-martirio-de-50-espanoles-asesinados-por-odio-a-la-fe\/"]}]},{"@type":"ImageObject","inLanguage":"es","@id":"https:\/\/exaudi.org\/es\/el-papa-reconoce-el-martirio-de-50-espanoles-asesinados-por-odio-a-la-fe\/#primaryimage","url":"https:\/\/exaudi.org\/wp-content\/uploads\/2026\/04\/cq5dam.thumbnail.cropped.750.422-7-3.jpeg","contentUrl":"https:\/\/exaudi.org\/wp-content\/uploads\/2026\/04\/cq5dam.thumbnail.cropped.750.422-7-3.jpeg","width":750,"height":422,"caption":"Cardenal Marcello Semeraro, prefecto del Dicasterio para las Causas de los Santos"},{"@type":"BreadcrumbList","@id":"https:\/\/exaudi.org\/es\/el-papa-reconoce-el-martirio-de-50-espanoles-asesinados-por-odio-a-la-fe\/#breadcrumb","itemListElement":[{"@type":"ListItem","position":1,"name":"Portada","item":"https:\/\/exaudi.org\/es\/"},{"@type":"ListItem","position":2,"name":"El Papa reconoce el martirio de 50 espa\u00f1oles asesinados por odio a la fe"}]},{"@type":"WebSite","@id":"https:\/\/exaudi.org\/#website","url":"https:\/\/exaudi.org\/","name":"Exaudi","description":"News","potentialAction":[{"@type":"SearchAction","target":{"@type":"EntryPoint","urlTemplate":"https:\/\/exaudi.org\/?s={search_term_string}"},"query-input":{"@type":"PropertyValueSpecification","valueRequired":true,"valueName":"search_term_string"}}],"inLanguage":"es"},{"@type":"Person","@id":"https:\/\/exaudi.org\/#\/schema\/person\/f5fc8f063065e38742da7afe15f25df7","name":"Exaudi Redacci\u00f3n","image":{"@type":"ImageObject","inLanguage":"es","@id":"https:\/\/secure.gravatar.com\/avatar\/fe0f6a059fb68d9b3e11bc5850dd4899b1c7492091a3cb6dd9b01b56ad828be2?s=96&d=mm&r=g","url":"https:\/\/secure.gravatar.com\/avatar\/fe0f6a059fb68d9b3e11bc5850dd4899b1c7492091a3cb6dd9b01b56ad828be2?s=96&d=mm&r=g","contentUrl":"https:\/\/secure.gravatar.com\/avatar\/fe0f6a059fb68d9b3e11bc5850dd4899b1c7492091a3cb6dd9b01b56ad828be2?s=96&d=mm&r=g","caption":"Exaudi Redacci\u00f3n"},"description":"\u00bfQu\u00e9 es Exaudi News? Exaudi News es un medio de comunicaci\u00f3n cat\u00f3lico internacional que informa, forma y transforma, diariamente en espa\u00f1ol, ingl\u00e9s e italiano. A trav\u00e9s de noticias, art\u00edculos de an\u00e1lisis y transmisiones en directo de los eventos del Papa, Exaudi busca fortalecer la unidad de los cristianos y contribuir a la evangelizaci\u00f3n del mundo, siempre guiados por la doctrina social de la Iglesia. Trabajamos para acercar la verdad y los valores cristianos a cada rinc\u00f3n del planeta. \u00a1Ay\u00fadanos a transformar el mundo con Exaudi! En Exaudi creemos que la evangelizaci\u00f3n y la informaci\u00f3n de calidad pueden cambiar vidas. Para continuar con nuestra misi\u00f3n y expandir nuestro alcance, necesitamos tu ayuda. Adem\u00e1s, buscamos personas comprometidas que deseen unirse a nuestro equipo. Con tu apoyo, lograremos llegar a m\u00e1s personas, difundir el mensaje de Cristo y reforzar la unidad de los cristianos. \u00bfTe unes a nuestra misi\u00f3n? Para m\u00e1s informaci\u00f3n sobre c\u00f3mo colaborar, visita Exaudi.org\/es o cont\u00e1ctanos directamente: info@exaudi.org Exaudi: Informa, forma y transforma.","sameAs":["https:\/\/www.facebook.com\/ExaudiNoticias\/","https:\/\/www.instagram.com\/exaudi_noticias\/","https:\/\/x.com\/Exaudi_noticias","https:\/\/www.youtube.com\/@exaudicatholicnews"],"url":"https:\/\/exaudi.org\/es\/author\/redaccionexaudi\/"}]}},"jetpack_featured_media_url":"https:\/\/exaudi.org\/wp-content\/uploads\/2026\/04\/cq5dam.thumbnail.cropped.750.422-7-3.jpeg","jetpack_shortlink":"https:\/\/wp.me\/pgKjF2-HPR","_links":{"self":[{"href":"https:\/\/exaudi.org\/es\/wp-json\/wp\/v2\/posts\/168507","targetHints":{"allow":["GET"]}}],"collection":[{"href":"https:\/\/exaudi.org\/es\/wp-json\/wp\/v2\/posts"}],"about":[{"href":"https:\/\/exaudi.org\/es\/wp-json\/wp\/v2\/types\/post"}],"author":[{"embeddable":true,"href":"https:\/\/exaudi.org\/es\/wp-json\/wp\/v2\/users\/15"}],"replies":[{"embeddable":true,"href":"https:\/\/exaudi.org\/es\/wp-json\/wp\/v2\/comments?post=168507"}],"version-history":[{"count":2,"href":"https:\/\/exaudi.org\/es\/wp-json\/wp\/v2\/posts\/168507\/revisions"}],"predecessor-version":[{"id":168512,"href":"https:\/\/exaudi.org\/es\/wp-json\/wp\/v2\/posts\/168507\/revisions\/168512"}],"wp:featuredmedia":[{"embeddable":true,"href":"https:\/\/exaudi.org\/es\/wp-json\/wp\/v2\/media\/168508"}],"wp:attachment":[{"href":"https:\/\/exaudi.org\/es\/wp-json\/wp\/v2\/media?parent=168507"}],"wp:term":[{"taxonomy":"category","embeddable":true,"href":"https:\/\/exaudi.org\/es\/wp-json\/wp\/v2\/categories?post=168507"},{"taxonomy":"post_tag","embeddable":true,"href":"https:\/\/exaudi.org\/es\/wp-json\/wp\/v2\/tags?post=168507"}],"curies":[{"name":"wp","href":"https:\/\/api.w.org\/{rel}","templated":true}]}}