{"id":168493,"date":"2026-04-27T14:49:19","date_gmt":"2026-04-27T12:49:19","guid":{"rendered":"https:\/\/exaudi.org\/?p=168493"},"modified":"2026-04-27T14:49:20","modified_gmt":"2026-04-27T12:49:20","slug":"el-doble-gesto-historico-de-leon-xiv-el-nuevo-rostro-de-la-caridad-y-un-reencuentro-ecumenico","status":"publish","type":"post","link":"https:\/\/exaudi.org\/es\/el-doble-gesto-historico-de-leon-xiv-el-nuevo-rostro-de-la-caridad-y-un-reencuentro-ecumenico\/","title":{"rendered":"El doble gesto hist\u00f3rico de Le\u00f3n XIV: el nuevo rostro de la caridad y un reencuentro ecum\u00e9nico"},"content":{"rendered":"<p data-path-to-node=\"7\">En una jornada marcada por la profundidad espiritual y la diplomacia eclesi\u00e1stica, el Papa Le\u00f3n XIV ha reafirmado hoy los pilares de su pontificado: la caridad tangible y la unidad de los cristianos. Los muros del Vaticano han sido testigos de dos eventos que, aunque distintos en forma, convergen en una misma misi\u00f3n de servicio y reconciliaci\u00f3n.<\/p>\n<h3 data-path-to-node=\"8\"><strong>Una piedra viva para el \u00abCoraz\u00f3n de Francisco\u00bb<\/strong><\/h3>\n<p data-path-to-node=\"9\">A primeras horas de la ma\u00f1ana, en un acto cargado de simbolismo, el Sumo Pont\u00edfice procedi\u00f3 a la bendici\u00f3n de la primera piedra del nuevo <b data-path-to-node=\"9\" data-index-in-node=\"138\">Centro \u00abCoraz\u00f3n Papa Francisco\u00bb<\/b>. Este proyecto, concebido como un refugio de esperanza, se erige no solo como un edificio de asistencia, sino como un recordatorio permanente de la predilecci\u00f3n de la Iglesia por los \u00abdescartados\u00bb de la sociedad.<\/p>\n<p data-path-to-node=\"10\">Durante la ceremonia, Le\u00f3n XIV destac\u00f3 que este centro busca ser un pulm\u00f3n de caridad en medio de las dificultades modernas. La bendici\u00f3n de esta piedra fundamental simboliza el compromiso de la Santa Sede con una pastoral que no se queda en palabras, sino que se materializa en estructuras capaces de sanar heridas y devolver la dignidad a quienes lo han perdido todo.<\/p>\n<p data-path-to-node=\"10\"><img loading=\"lazy\" decoding=\"async\" class=\"size-full wp-image-168499 alignnone\" src=\"https:\/\/exaudi.org\/wp-content\/uploads\/2026\/04\/cq5dam.thumbnail.cropped.750.422-5-4.jpeg\" alt=\"\" width=\"750\" height=\"422\" srcset=\"https:\/\/exaudi.org\/wp-content\/uploads\/2026\/04\/cq5dam.thumbnail.cropped.750.422-5-4.jpeg 750w, https:\/\/exaudi.org\/wp-content\/uploads\/2026\/04\/cq5dam.thumbnail.cropped.750.422-5-4-300x169.jpeg 300w, https:\/\/exaudi.org\/wp-content\/uploads\/2026\/04\/cq5dam.thumbnail.cropped.750.422-5-4-500x281.jpeg 500w\" sizes=\"auto, (max-width: 750px) 100vw, 750px\" \/><\/p>\n<h3 data-path-to-node=\"11\"><strong>Puentes sobre el T\u00edber: Encuentro con la Arzobispa de Canterbury<\/strong><\/h3>\n<p data-path-to-node=\"12\">Posteriormente, la agenda papal se traslad\u00f3 al \u00e1mbito del di\u00e1logo ecum\u00e9nico. En un ambiente de fraternidad pascual, el Papa Le\u00f3n XIV recibi\u00f3 en audiencia privada a la <b data-path-to-node=\"12\" data-index-in-node=\"167\">Arzobispa de Canterbury<\/b>. Este encuentro, que coincide con el lunes de Pascua, subraya la voluntad compartida de avanzar hacia una comuni\u00f3n m\u00e1s plena entre la Iglesia Cat\u00f3lica y la Comuni\u00f3n Anglicana.<\/p>\n<p data-path-to-node=\"13\">La reuni\u00f3n no fue meramente protocolaria; represent\u00f3 un espacio de reflexi\u00f3n sobre los desaf\u00edos comunes que enfrentan los cristianos en el siglo XXI. Ambos l\u00edderes intercambiaron visiones sobre la paz mundial, la crisis clim\u00e1tica y la urgencia de un testimonio cristiano unido en un mundo fragmentado. La presencia de la m\u00e1xima autoridad anglicana en el Vaticano refuerza los lazos de amistad y respeto mutuo que se han ido consolidando en los \u00faltimos a\u00f1os.<\/p>\n<p data-path-to-node=\"13\"><img loading=\"lazy\" decoding=\"async\" class=\"alignleft size-full wp-image-168502\" src=\"https:\/\/exaudi.org\/wp-content\/uploads\/2026\/04\/cq5dam.thumbnail.cropped.750.422-3-2.jpeg\" alt=\"\" width=\"750\" height=\"422\" srcset=\"https:\/\/exaudi.org\/wp-content\/uploads\/2026\/04\/cq5dam.thumbnail.cropped.750.422-3-2.jpeg 750w, https:\/\/exaudi.org\/wp-content\/uploads\/2026\/04\/cq5dam.thumbnail.cropped.750.422-3-2-300x169.jpeg 300w, https:\/\/exaudi.org\/wp-content\/uploads\/2026\/04\/cq5dam.thumbnail.cropped.750.422-3-2-500x281.jpeg 500w\" sizes=\"auto, (max-width: 750px) 100vw, 750px\" \/><\/p>\n","protected":false},"excerpt":{"rendered":"<p>Del consuelo a los m\u00e1s vulnerables al hist\u00f3rico encuentro con la Iglesia de Inglaterra<\/p>\n","protected":false},"author":15,"featured_media":168495,"comment_status":"closed","ping_status":"closed","sticky":false,"template":"","format":"standard","meta":{"_acf_changed":false,"_crdt_document":"","inline_featured_image":false,"footnotes":""},"categories":[68],"tags":[104256,33453,20222,110528,854,2737,34920,8945,449,46818,110529,58111,103555,726,21124,272],"class_list":["post-168493","post","type-post","status-publish","format-standard","has-post-thumbnail","hentry","category-leon-xiv","tag-arzobispa-de-canterbury","tag-ayuda-social","tag-caridad-cristiana","tag-centro-corazon-papa-francisco","tag-dialogo-interreligioso-es","tag-ecumenismo","tag-featured-es-14","tag-iglesia-anglicana","tag-iglesia-catolica","tag-ministerio-petrino","tag-noticias-santa-sede","tag-papa-leon-xiv","tag-pascua-2026","tag-solidaridad","tag-unidad-de-los-cristianos","tag-vaticano-es"],"acf":[],"yoast_head":"<!-- This site is optimized with the Yoast SEO plugin v27.4 - https:\/\/yoast.com\/product\/yoast-seo-wordpress\/ -->\n<title>El doble gesto hist\u00f3rico de Le\u00f3n XIV: el nuevo rostro de la caridad y un reencuentro ecum\u00e9nico &#8211; Exaudi<\/title>\n<meta name=\"robots\" content=\"index, follow, max-snippet:-1, max-image-preview:large, max-video-preview:-1\" \/>\n<link rel=\"canonical\" href=\"https:\/\/exaudi.org\/es\/el-doble-gesto-historico-de-leon-xiv-el-nuevo-rostro-de-la-caridad-y-un-reencuentro-ecumenico\/\" \/>\n<meta property=\"og:locale\" content=\"es_ES\" \/>\n<meta property=\"og:type\" content=\"article\" \/>\n<meta property=\"og:title\" content=\"El doble gesto hist\u00f3rico de Le\u00f3n XIV: el nuevo rostro de la caridad y un reencuentro ecum\u00e9nico &#8211; Exaudi\" \/>\n<meta property=\"og:description\" content=\"Del consuelo a los m\u00e1s vulnerables al hist\u00f3rico encuentro con la Iglesia de Inglaterra\" \/>\n<meta property=\"og:url\" content=\"https:\/\/exaudi.org\/es\/el-doble-gesto-historico-de-leon-xiv-el-nuevo-rostro-de-la-caridad-y-un-reencuentro-ecumenico\/\" \/>\n<meta property=\"og:site_name\" content=\"Exaudi\" \/>\n<meta property=\"article:publisher\" content=\"https:\/\/www.facebook.com\/ExaudiNews\" \/>\n<meta property=\"article:author\" content=\"https:\/\/www.facebook.com\/ExaudiNoticias\/\" \/>\n<meta property=\"article:published_time\" content=\"2026-04-27T12:49:19+00:00\" \/>\n<meta property=\"article:modified_time\" content=\"2026-04-27T12:49:20+00:00\" \/>\n<meta property=\"og:image\" content=\"https:\/\/exaudi.org\/wp-content\/uploads\/2026\/04\/cq5dam.thumbnail.cropped.750.422-1-6.jpeg\" \/>\n\t<meta property=\"og:image:width\" content=\"750\" \/>\n\t<meta property=\"og:image:height\" content=\"422\" \/>\n\t<meta property=\"og:image:type\" content=\"image\/jpeg\" \/>\n<meta name=\"author\" content=\"Exaudi Redacci\u00f3n\" \/>\n<meta name=\"twitter:card\" content=\"summary_large_image\" \/>\n<meta name=\"twitter:creator\" content=\"@Exaudi_noticias\" \/>\n<meta name=\"twitter:site\" content=\"@Exaudi_News\" \/>\n<meta name=\"twitter:label1\" content=\"Escrito por\" \/>\n\t<meta name=\"twitter:data1\" content=\"Exaudi Redacci\u00f3n\" \/>\n\t<meta name=\"twitter:label2\" content=\"Tiempo de lectura\" \/>\n\t<meta name=\"twitter:data2\" content=\"2 minutos\" \/>\n<script type=\"application\/ld+json\" class=\"yoast-schema-graph\">{\"@context\":\"https:\\\/\\\/schema.org\",\"@graph\":[{\"@type\":\"Article\",\"@id\":\"https:\\\/\\\/exaudi.org\\\/es\\\/el-doble-gesto-historico-de-leon-xiv-el-nuevo-rostro-de-la-caridad-y-un-reencuentro-ecumenico\\\/#article\",\"isPartOf\":{\"@id\":\"https:\\\/\\\/exaudi.org\\\/es\\\/el-doble-gesto-historico-de-leon-xiv-el-nuevo-rostro-de-la-caridad-y-un-reencuentro-ecumenico\\\/\"},\"author\":{\"name\":\"Exaudi Redacci\u00f3n\",\"@id\":\"https:\\\/\\\/exaudi.org\\\/#\\\/schema\\\/person\\\/f5fc8f063065e38742da7afe15f25df7\"},\"headline\":\"El doble gesto hist\u00f3rico de Le\u00f3n XIV: el nuevo rostro de la caridad y un reencuentro ecum\u00e9nico\",\"datePublished\":\"2026-04-27T12:49:19+00:00\",\"dateModified\":\"2026-04-27T12:49:20+00:00\",\"mainEntityOfPage\":{\"@id\":\"https:\\\/\\\/exaudi.org\\\/es\\\/el-doble-gesto-historico-de-leon-xiv-el-nuevo-rostro-de-la-caridad-y-un-reencuentro-ecumenico\\\/\"},\"wordCount\":380,\"image\":{\"@id\":\"https:\\\/\\\/exaudi.org\\\/es\\\/el-doble-gesto-historico-de-leon-xiv-el-nuevo-rostro-de-la-caridad-y-un-reencuentro-ecumenico\\\/#primaryimage\"},\"thumbnailUrl\":\"https:\\\/\\\/exaudi.org\\\/wp-content\\\/uploads\\\/2026\\\/04\\\/cq5dam.thumbnail.cropped.750.422-1-6.jpeg\",\"keywords\":[\"Arzobispa de Canterbury\",\"ayuda social\",\"Caridad Cristiana\",\"Centro Coraz\u00f3n Papa Francisco\",\"dialogo interreligioso\",\"Ecumenismo\",\"Featured\",\"Iglesia Anglicana\",\"Iglesia cat\u00f3lica\",\"ministerio petrino\",\"noticias Santa Sede\",\"papa le\u00f3n xiv\",\"Pascua 2026\",\"solidaridad\",\"unidad de los cristianos\",\"Vaticano\"],\"articleSection\":[\"Le\u00f3n XIV\"],\"inLanguage\":\"es\"},{\"@type\":\"WebPage\",\"@id\":\"https:\\\/\\\/exaudi.org\\\/es\\\/el-doble-gesto-historico-de-leon-xiv-el-nuevo-rostro-de-la-caridad-y-un-reencuentro-ecumenico\\\/\",\"url\":\"https:\\\/\\\/exaudi.org\\\/es\\\/el-doble-gesto-historico-de-leon-xiv-el-nuevo-rostro-de-la-caridad-y-un-reencuentro-ecumenico\\\/\",\"name\":\"El doble gesto hist\u00f3rico de Le\u00f3n XIV: el nuevo rostro de la caridad y un reencuentro ecum\u00e9nico &#8211; Exaudi\",\"isPartOf\":{\"@id\":\"https:\\\/\\\/exaudi.org\\\/#website\"},\"primaryImageOfPage\":{\"@id\":\"https:\\\/\\\/exaudi.org\\\/es\\\/el-doble-gesto-historico-de-leon-xiv-el-nuevo-rostro-de-la-caridad-y-un-reencuentro-ecumenico\\\/#primaryimage\"},\"image\":{\"@id\":\"https:\\\/\\\/exaudi.org\\\/es\\\/el-doble-gesto-historico-de-leon-xiv-el-nuevo-rostro-de-la-caridad-y-un-reencuentro-ecumenico\\\/#primaryimage\"},\"thumbnailUrl\":\"https:\\\/\\\/exaudi.org\\\/wp-content\\\/uploads\\\/2026\\\/04\\\/cq5dam.thumbnail.cropped.750.422-1-6.jpeg\",\"datePublished\":\"2026-04-27T12:49:19+00:00\",\"dateModified\":\"2026-04-27T12:49:20+00:00\",\"author\":{\"@id\":\"https:\\\/\\\/exaudi.org\\\/#\\\/schema\\\/person\\\/f5fc8f063065e38742da7afe15f25df7\"},\"breadcrumb\":{\"@id\":\"https:\\\/\\\/exaudi.org\\\/es\\\/el-doble-gesto-historico-de-leon-xiv-el-nuevo-rostro-de-la-caridad-y-un-reencuentro-ecumenico\\\/#breadcrumb\"},\"inLanguage\":\"es\",\"potentialAction\":[{\"@type\":\"ReadAction\",\"target\":[\"https:\\\/\\\/exaudi.org\\\/es\\\/el-doble-gesto-historico-de-leon-xiv-el-nuevo-rostro-de-la-caridad-y-un-reencuentro-ecumenico\\\/\"]}]},{\"@type\":\"ImageObject\",\"inLanguage\":\"es\",\"@id\":\"https:\\\/\\\/exaudi.org\\\/es\\\/el-doble-gesto-historico-de-leon-xiv-el-nuevo-rostro-de-la-caridad-y-un-reencuentro-ecumenico\\\/#primaryimage\",\"url\":\"https:\\\/\\\/exaudi.org\\\/wp-content\\\/uploads\\\/2026\\\/04\\\/cq5dam.thumbnail.cropped.750.422-1-6.jpeg\",\"contentUrl\":\"https:\\\/\\\/exaudi.org\\\/wp-content\\\/uploads\\\/2026\\\/04\\\/cq5dam.thumbnail.cropped.750.422-1-6.jpeg\",\"width\":750,\"height\":422},{\"@type\":\"BreadcrumbList\",\"@id\":\"https:\\\/\\\/exaudi.org\\\/es\\\/el-doble-gesto-historico-de-leon-xiv-el-nuevo-rostro-de-la-caridad-y-un-reencuentro-ecumenico\\\/#breadcrumb\",\"itemListElement\":[{\"@type\":\"ListItem\",\"position\":1,\"name\":\"Portada\",\"item\":\"https:\\\/\\\/exaudi.org\\\/es\\\/\"},{\"@type\":\"ListItem\",\"position\":2,\"name\":\"El doble gesto hist\u00f3rico de Le\u00f3n XIV: el nuevo rostro de la caridad y un reencuentro ecum\u00e9nico\"}]},{\"@type\":\"WebSite\",\"@id\":\"https:\\\/\\\/exaudi.org\\\/#website\",\"url\":\"https:\\\/\\\/exaudi.org\\\/\",\"name\":\"Exaudi\",\"description\":\"News\",\"potentialAction\":[{\"@type\":\"SearchAction\",\"target\":{\"@type\":\"EntryPoint\",\"urlTemplate\":\"https:\\\/\\\/exaudi.org\\\/?s={search_term_string}\"},\"query-input\":{\"@type\":\"PropertyValueSpecification\",\"valueRequired\":true,\"valueName\":\"search_term_string\"}}],\"inLanguage\":\"es\"},{\"@type\":\"Person\",\"@id\":\"https:\\\/\\\/exaudi.org\\\/#\\\/schema\\\/person\\\/f5fc8f063065e38742da7afe15f25df7\",\"name\":\"Exaudi Redacci\u00f3n\",\"image\":{\"@type\":\"ImageObject\",\"inLanguage\":\"es\",\"@id\":\"https:\\\/\\\/secure.gravatar.com\\\/avatar\\\/fe0f6a059fb68d9b3e11bc5850dd4899b1c7492091a3cb6dd9b01b56ad828be2?s=96&d=mm&r=g\",\"url\":\"https:\\\/\\\/secure.gravatar.com\\\/avatar\\\/fe0f6a059fb68d9b3e11bc5850dd4899b1c7492091a3cb6dd9b01b56ad828be2?s=96&d=mm&r=g\",\"contentUrl\":\"https:\\\/\\\/secure.gravatar.com\\\/avatar\\\/fe0f6a059fb68d9b3e11bc5850dd4899b1c7492091a3cb6dd9b01b56ad828be2?s=96&d=mm&r=g\",\"caption\":\"Exaudi Redacci\u00f3n\"},\"description\":\"\u00bfQu\u00e9 es Exaudi News? Exaudi News es un medio de comunicaci\u00f3n cat\u00f3lico internacional que informa, forma y transforma, diariamente en espa\u00f1ol, ingl\u00e9s e italiano. A trav\u00e9s de noticias, art\u00edculos de an\u00e1lisis y transmisiones en directo de los eventos del Papa, Exaudi busca fortalecer la unidad de los cristianos y contribuir a la evangelizaci\u00f3n del mundo, siempre guiados por la doctrina social de la Iglesia. Trabajamos para acercar la verdad y los valores cristianos a cada rinc\u00f3n del planeta. \u00a1Ay\u00fadanos a transformar el mundo con Exaudi! En Exaudi creemos que la evangelizaci\u00f3n y la informaci\u00f3n de calidad pueden cambiar vidas. Para continuar con nuestra misi\u00f3n y expandir nuestro alcance, necesitamos tu ayuda. Adem\u00e1s, buscamos personas comprometidas que deseen unirse a nuestro equipo. Con tu apoyo, lograremos llegar a m\u00e1s personas, difundir el mensaje de Cristo y reforzar la unidad de los cristianos. \u00bfTe unes a nuestra misi\u00f3n? Para m\u00e1s informaci\u00f3n sobre c\u00f3mo colaborar, visita Exaudi.org\\\/es o cont\u00e1ctanos directamente: info@exaudi.org Exaudi: Informa, forma y transforma.\",\"sameAs\":[\"https:\\\/\\\/www.facebook.com\\\/ExaudiNoticias\\\/\",\"https:\\\/\\\/www.instagram.com\\\/exaudi_noticias\\\/\",\"https:\\\/\\\/x.com\\\/Exaudi_noticias\",\"https:\\\/\\\/www.youtube.com\\\/@exaudicatholicnews\"],\"url\":\"https:\\\/\\\/exaudi.org\\\/es\\\/author\\\/redaccionexaudi\\\/\"}]}<\/script>\n<!-- \/ Yoast SEO plugin. -->","yoast_head_json":{"title":"El doble gesto hist\u00f3rico de Le\u00f3n XIV: el nuevo rostro de la caridad y un reencuentro ecum\u00e9nico &#8211; Exaudi","robots":{"index":"index","follow":"follow","max-snippet":"max-snippet:-1","max-image-preview":"max-image-preview:large","max-video-preview":"max-video-preview:-1"},"canonical":"https:\/\/exaudi.org\/es\/el-doble-gesto-historico-de-leon-xiv-el-nuevo-rostro-de-la-caridad-y-un-reencuentro-ecumenico\/","og_locale":"es_ES","og_type":"article","og_title":"El doble gesto hist\u00f3rico de Le\u00f3n XIV: el nuevo rostro de la caridad y un reencuentro ecum\u00e9nico &#8211; Exaudi","og_description":"Del consuelo a los m\u00e1s vulnerables al hist\u00f3rico encuentro con la Iglesia de Inglaterra","og_url":"https:\/\/exaudi.org\/es\/el-doble-gesto-historico-de-leon-xiv-el-nuevo-rostro-de-la-caridad-y-un-reencuentro-ecumenico\/","og_site_name":"Exaudi","article_publisher":"https:\/\/www.facebook.com\/ExaudiNews","article_author":"https:\/\/www.facebook.com\/ExaudiNoticias\/","article_published_time":"2026-04-27T12:49:19+00:00","article_modified_time":"2026-04-27T12:49:20+00:00","og_image":[{"width":750,"height":422,"url":"https:\/\/exaudi.org\/wp-content\/uploads\/2026\/04\/cq5dam.thumbnail.cropped.750.422-1-6.jpeg","type":"image\/jpeg"}],"author":"Exaudi Redacci\u00f3n","twitter_card":"summary_large_image","twitter_creator":"@Exaudi_noticias","twitter_site":"@Exaudi_News","twitter_misc":{"Escrito por":"Exaudi Redacci\u00f3n","Tiempo de lectura":"2 minutos"},"schema":{"@context":"https:\/\/schema.org","@graph":[{"@type":"Article","@id":"https:\/\/exaudi.org\/es\/el-doble-gesto-historico-de-leon-xiv-el-nuevo-rostro-de-la-caridad-y-un-reencuentro-ecumenico\/#article","isPartOf":{"@id":"https:\/\/exaudi.org\/es\/el-doble-gesto-historico-de-leon-xiv-el-nuevo-rostro-de-la-caridad-y-un-reencuentro-ecumenico\/"},"author":{"name":"Exaudi Redacci\u00f3n","@id":"https:\/\/exaudi.org\/#\/schema\/person\/f5fc8f063065e38742da7afe15f25df7"},"headline":"El doble gesto hist\u00f3rico de Le\u00f3n XIV: el nuevo rostro de la caridad y un reencuentro ecum\u00e9nico","datePublished":"2026-04-27T12:49:19+00:00","dateModified":"2026-04-27T12:49:20+00:00","mainEntityOfPage":{"@id":"https:\/\/exaudi.org\/es\/el-doble-gesto-historico-de-leon-xiv-el-nuevo-rostro-de-la-caridad-y-un-reencuentro-ecumenico\/"},"wordCount":380,"image":{"@id":"https:\/\/exaudi.org\/es\/el-doble-gesto-historico-de-leon-xiv-el-nuevo-rostro-de-la-caridad-y-un-reencuentro-ecumenico\/#primaryimage"},"thumbnailUrl":"https:\/\/exaudi.org\/wp-content\/uploads\/2026\/04\/cq5dam.thumbnail.cropped.750.422-1-6.jpeg","keywords":["Arzobispa de Canterbury","ayuda social","Caridad Cristiana","Centro Coraz\u00f3n Papa Francisco","dialogo interreligioso","Ecumenismo","Featured","Iglesia Anglicana","Iglesia cat\u00f3lica","ministerio petrino","noticias Santa Sede","papa le\u00f3n xiv","Pascua 2026","solidaridad","unidad de los cristianos","Vaticano"],"articleSection":["Le\u00f3n XIV"],"inLanguage":"es"},{"@type":"WebPage","@id":"https:\/\/exaudi.org\/es\/el-doble-gesto-historico-de-leon-xiv-el-nuevo-rostro-de-la-caridad-y-un-reencuentro-ecumenico\/","url":"https:\/\/exaudi.org\/es\/el-doble-gesto-historico-de-leon-xiv-el-nuevo-rostro-de-la-caridad-y-un-reencuentro-ecumenico\/","name":"El doble gesto hist\u00f3rico de Le\u00f3n XIV: el nuevo rostro de la caridad y un reencuentro ecum\u00e9nico &#8211; Exaudi","isPartOf":{"@id":"https:\/\/exaudi.org\/#website"},"primaryImageOfPage":{"@id":"https:\/\/exaudi.org\/es\/el-doble-gesto-historico-de-leon-xiv-el-nuevo-rostro-de-la-caridad-y-un-reencuentro-ecumenico\/#primaryimage"},"image":{"@id":"https:\/\/exaudi.org\/es\/el-doble-gesto-historico-de-leon-xiv-el-nuevo-rostro-de-la-caridad-y-un-reencuentro-ecumenico\/#primaryimage"},"thumbnailUrl":"https:\/\/exaudi.org\/wp-content\/uploads\/2026\/04\/cq5dam.thumbnail.cropped.750.422-1-6.jpeg","datePublished":"2026-04-27T12:49:19+00:00","dateModified":"2026-04-27T12:49:20+00:00","author":{"@id":"https:\/\/exaudi.org\/#\/schema\/person\/f5fc8f063065e38742da7afe15f25df7"},"breadcrumb":{"@id":"https:\/\/exaudi.org\/es\/el-doble-gesto-historico-de-leon-xiv-el-nuevo-rostro-de-la-caridad-y-un-reencuentro-ecumenico\/#breadcrumb"},"inLanguage":"es","potentialAction":[{"@type":"ReadAction","target":["https:\/\/exaudi.org\/es\/el-doble-gesto-historico-de-leon-xiv-el-nuevo-rostro-de-la-caridad-y-un-reencuentro-ecumenico\/"]}]},{"@type":"ImageObject","inLanguage":"es","@id":"https:\/\/exaudi.org\/es\/el-doble-gesto-historico-de-leon-xiv-el-nuevo-rostro-de-la-caridad-y-un-reencuentro-ecumenico\/#primaryimage","url":"https:\/\/exaudi.org\/wp-content\/uploads\/2026\/04\/cq5dam.thumbnail.cropped.750.422-1-6.jpeg","contentUrl":"https:\/\/exaudi.org\/wp-content\/uploads\/2026\/04\/cq5dam.thumbnail.cropped.750.422-1-6.jpeg","width":750,"height":422},{"@type":"BreadcrumbList","@id":"https:\/\/exaudi.org\/es\/el-doble-gesto-historico-de-leon-xiv-el-nuevo-rostro-de-la-caridad-y-un-reencuentro-ecumenico\/#breadcrumb","itemListElement":[{"@type":"ListItem","position":1,"name":"Portada","item":"https:\/\/exaudi.org\/es\/"},{"@type":"ListItem","position":2,"name":"El doble gesto hist\u00f3rico de Le\u00f3n XIV: el nuevo rostro de la caridad y un reencuentro ecum\u00e9nico"}]},{"@type":"WebSite","@id":"https:\/\/exaudi.org\/#website","url":"https:\/\/exaudi.org\/","name":"Exaudi","description":"News","potentialAction":[{"@type":"SearchAction","target":{"@type":"EntryPoint","urlTemplate":"https:\/\/exaudi.org\/?s={search_term_string}"},"query-input":{"@type":"PropertyValueSpecification","valueRequired":true,"valueName":"search_term_string"}}],"inLanguage":"es"},{"@type":"Person","@id":"https:\/\/exaudi.org\/#\/schema\/person\/f5fc8f063065e38742da7afe15f25df7","name":"Exaudi Redacci\u00f3n","image":{"@type":"ImageObject","inLanguage":"es","@id":"https:\/\/secure.gravatar.com\/avatar\/fe0f6a059fb68d9b3e11bc5850dd4899b1c7492091a3cb6dd9b01b56ad828be2?s=96&d=mm&r=g","url":"https:\/\/secure.gravatar.com\/avatar\/fe0f6a059fb68d9b3e11bc5850dd4899b1c7492091a3cb6dd9b01b56ad828be2?s=96&d=mm&r=g","contentUrl":"https:\/\/secure.gravatar.com\/avatar\/fe0f6a059fb68d9b3e11bc5850dd4899b1c7492091a3cb6dd9b01b56ad828be2?s=96&d=mm&r=g","caption":"Exaudi Redacci\u00f3n"},"description":"\u00bfQu\u00e9 es Exaudi News? Exaudi News es un medio de comunicaci\u00f3n cat\u00f3lico internacional que informa, forma y transforma, diariamente en espa\u00f1ol, ingl\u00e9s e italiano. A trav\u00e9s de noticias, art\u00edculos de an\u00e1lisis y transmisiones en directo de los eventos del Papa, Exaudi busca fortalecer la unidad de los cristianos y contribuir a la evangelizaci\u00f3n del mundo, siempre guiados por la doctrina social de la Iglesia. Trabajamos para acercar la verdad y los valores cristianos a cada rinc\u00f3n del planeta. \u00a1Ay\u00fadanos a transformar el mundo con Exaudi! En Exaudi creemos que la evangelizaci\u00f3n y la informaci\u00f3n de calidad pueden cambiar vidas. Para continuar con nuestra misi\u00f3n y expandir nuestro alcance, necesitamos tu ayuda. Adem\u00e1s, buscamos personas comprometidas que deseen unirse a nuestro equipo. Con tu apoyo, lograremos llegar a m\u00e1s personas, difundir el mensaje de Cristo y reforzar la unidad de los cristianos. \u00bfTe unes a nuestra misi\u00f3n? Para m\u00e1s informaci\u00f3n sobre c\u00f3mo colaborar, visita Exaudi.org\/es o cont\u00e1ctanos directamente: info@exaudi.org Exaudi: Informa, forma y transforma.","sameAs":["https:\/\/www.facebook.com\/ExaudiNoticias\/","https:\/\/www.instagram.com\/exaudi_noticias\/","https:\/\/x.com\/Exaudi_noticias","https:\/\/www.youtube.com\/@exaudicatholicnews"],"url":"https:\/\/exaudi.org\/es\/author\/redaccionexaudi\/"}]}},"jetpack_featured_media_url":"https:\/\/exaudi.org\/wp-content\/uploads\/2026\/04\/cq5dam.thumbnail.cropped.750.422-1-6.jpeg","jetpack_shortlink":"https:\/\/wp.me\/pgKjF2-HPD","_links":{"self":[{"href":"https:\/\/exaudi.org\/es\/wp-json\/wp\/v2\/posts\/168493","targetHints":{"allow":["GET"]}}],"collection":[{"href":"https:\/\/exaudi.org\/es\/wp-json\/wp\/v2\/posts"}],"about":[{"href":"https:\/\/exaudi.org\/es\/wp-json\/wp\/v2\/types\/post"}],"author":[{"embeddable":true,"href":"https:\/\/exaudi.org\/es\/wp-json\/wp\/v2\/users\/15"}],"replies":[{"embeddable":true,"href":"https:\/\/exaudi.org\/es\/wp-json\/wp\/v2\/comments?post=168493"}],"version-history":[{"count":4,"href":"https:\/\/exaudi.org\/es\/wp-json\/wp\/v2\/posts\/168493\/revisions"}],"predecessor-version":[{"id":168506,"href":"https:\/\/exaudi.org\/es\/wp-json\/wp\/v2\/posts\/168493\/revisions\/168506"}],"wp:featuredmedia":[{"embeddable":true,"href":"https:\/\/exaudi.org\/es\/wp-json\/wp\/v2\/media\/168495"}],"wp:attachment":[{"href":"https:\/\/exaudi.org\/es\/wp-json\/wp\/v2\/media?parent=168493"}],"wp:term":[{"taxonomy":"category","embeddable":true,"href":"https:\/\/exaudi.org\/es\/wp-json\/wp\/v2\/categories?post=168493"},{"taxonomy":"post_tag","embeddable":true,"href":"https:\/\/exaudi.org\/es\/wp-json\/wp\/v2\/tags?post=168493"}],"curies":[{"name":"wp","href":"https:\/\/api.w.org\/{rel}","templated":true}]}}