{"id":168438,"date":"2026-04-29T10:00:12","date_gmt":"2026-04-29T08:00:12","guid":{"rendered":"https:\/\/exaudi.org\/?p=168438"},"modified":"2026-04-28T16:17:00","modified_gmt":"2026-04-28T14:17:00","slug":"maternidad-aborto-pildoras-anticonceptivas","status":"publish","type":"post","link":"https:\/\/exaudi.org\/es\/maternidad-aborto-pildoras-anticonceptivas\/","title":{"rendered":"Maternidad, aborto, p\u00edldoras anticonceptivas"},"content":{"rendered":"<p>La maternidad es algo muy po\u00e9tico y de una gran belleza. Es una magn\u00edfica colaboraci\u00f3n con el Creador. La Iglesia cat\u00f3lica, que es la portadora del gran humanismo teoc\u00e9ntrico, nos indica que, en la excelsa madre de Dios, la maternidad no puede calificarse simplemente de \u201cbella\u201d o \u201cmuy bella\u201d, sino de algo muy superior a esto, esto es, se trata de una realidad \u201csublime\u201d e \u201cinefable\u201d, nunca se podr\u00e1 decir suficientemente de la misma, siempre quedaremos cortos. La humanidad necesita girar sus ojos hacia ella y seguir las huellas de los pasos de sus pies benditos.<\/p>\n<p><iframe title=\"Spotify Embed: Maternidad, aborto, p\u00edldoras anticonceptivas\" style=\"border-radius: 12px\" width=\"100%\" height=\"152\" frameborder=\"0\" allowfullscreen allow=\"autoplay; clipboard-write; encrypted-media; fullscreen; picture-in-picture\" loading=\"lazy\" src=\"https:\/\/open.spotify.com\/embed\/episode\/4N4b0nEB5Ix1Oqd4sKj984?si=ab30f6ae63b94675&amp;utm_source=oembed\"><\/iframe><\/p>\n<p>Desgraciadamente, en el tiempo presente, la radiante y bell\u00edsima luz de la maternidad es muy poco valorada, ya que el horizonte queda oscurecido por negros nubarrones, entre los que est\u00e1n, especialmente, el aborto y las p\u00edldoras anticonceptivas.<\/p>\n<p>Una de las cosas m\u00e1s vergonzosas que pueden llegar a ocurrir en este mundo es querer introducir el aborto como un derecho en la Constituci\u00f3n de una naci\u00f3n, como se est\u00e1 intentando ahora en Espa\u00f1a, porque supone incorporar, en aquello que muchos suponen que es el techo de la legislaci\u00f3n, el derecho a asesinar a personas humanas inocentes.<\/p>\n<p>Al mismo tiempo, hace llorar que organismos internacionales de alt\u00edsimo rango, mientras se llenan los bolsillos con el dinero que han recibido para poder hacer el bien a la sociedad, pasen el tiempo dedic\u00e1ndose a promover el aborto como si fuera un bien. Y, ello, aunque muchas de las personas a las que representan sean contrarias al aborto. Adem\u00e1s, esto no es un hecho aislado, sino algo que \u00faltimamente se est\u00e1 repitiendo con mucha frecuencia. As\u00ed, por ejemplo, est\u00e1 ocurriendo en la ONU.<\/p>\n<p>Con el proceso de descristianizaci\u00f3n de Europa, \u00a1se ha llegado, pues, a un inhumanismo extremo y a una ceguera verdaderamente prehist\u00f3rica!<\/p>\n<p>En la uni\u00f3n conyugal correcta lo que interesa son las personas humanas, reconocidas como tales, el bien de ellas. La donaci\u00f3n entre las personas casadas ha de ser total, sin trampas.<\/p>\n<p>La doctrina cat\u00f3lica afirma, al igual que la raz\u00f3n humana, que, la uni\u00f3n sexual entre hombre y mujer ha de estar abierta a la vida. Ese es el criterio moral, \u00e9tico, y, por consiguiente, la norma que ha de prevalecer sobre cualquier otro criterio. En consecuencia, no es l\u00edcito el uso de las p\u00edldoras anticonceptivas que separan uni\u00f3n placentera de estar abiertos a la vida.<\/p>\n<p>Acabo de leer un art\u00edculo, muy interesante, de Jos\u00e9 Mar\u00eda Sim\u00f3n Castellv\u00ed, Presidente em\u00e9rito de la Federaci\u00f3n Internacional de las Asociaciones M\u00e9dicas Cat\u00f3licas (FIAMC) y miembro de las Reales Academias Europea de Doctores y Catalana de Medicina, titulado \u201cLa anticoncepci\u00f3n hormonal desde la perspectiva de los derechos humanos\u201d, que se acaba de publicar en la revista \u201cAve Mar\u00eda\u201d. Extraigo algunas ideas de ese escrito con la seguridad de que ser\u00e1n del inter\u00e9s del lector.<\/p>\n<p>Primera idea sobre las p\u00edldoras anticonceptivas: \u201cAunque el mecanismo principal supuesto de la p\u00edldora es la inhibici\u00f3n de la ovulaci\u00f3n, los prospectos m\u00e9dicos reconocen mecanismos secundarios que act\u00faan sobre el endometrio. Al alterar la ventana de implantaci\u00f3n, el f\u00e1rmaco puede impedir que el cigoto ya concebido se adhiera a la pared uterina. Las p\u00edldoras m\u00e1s modernas son m\u00e1s bien antiimplantatorias. Este efecto antiimplantatorio supondr\u00eda una vulneraci\u00f3n del derecho a la existencia del <em>nasciturus<\/em>, transformando un m\u00e9todo preventivo en uno de car\u00e1cter abortivo precoc\u00edsimo\u201d. Dicho en palabras m\u00e1s llanas, habiendo un \u00f3vulo fecundado, la p\u00edldora puede impedir que \u00e9ste se adhiera a la pared uterina, con lo que se causar\u00eda la muerte del ni\u00f1o concebido.<\/p>\n<p>Segunda idea: la p\u00edldora anticonceptiva puede causar efectos secundarios graves. Entre ellos, \u201criesgo incrementado de ciertos c\u00e1nceres\u201d.<\/p>\n<p>Tercera idea: la p\u00edldora anticonceptiva suele ser propuesta sin informar ni sobre los peligros que ella conlleva, ni sobre alternativas naturales. Se vulnera as\u00ed el derecho de la persona a ser informada.<\/p>\n<p>Cuarta idea: en el uso de las p\u00edldoras anticonceptivas, \u00fanicamente la mujer tiene el riesgo de que se est\u00e9 da\u00f1ando la salud. Se establece, pues, aqu\u00ed, una desigualdad entre el hombre y la mujer, ya que la \u00fanica persona que tiene posibilidades de ser da\u00f1ada en su salud es la mujer.<\/p>\n<p>En definitiva, se ha de volver a los verdaderos derechos humanos, los cuales son reconocidos como tales por el cristianismo y por la verdadera raz\u00f3n humana.<\/p>\n<p><img loading=\"lazy\" decoding=\"async\" class=\"size-full wp-image-168450 alignnone\" src=\"https:\/\/exaudi.org\/wp-content\/uploads\/2026\/04\/voces-1-2.jpg\" alt=\"\" width=\"940\" height=\"788\" srcset=\"https:\/\/exaudi.org\/wp-content\/uploads\/2026\/04\/voces-1-2.jpg 940w, https:\/\/exaudi.org\/wp-content\/uploads\/2026\/04\/voces-1-2-300x251.jpg 300w, https:\/\/exaudi.org\/wp-content\/uploads\/2026\/04\/voces-1-2-770x645.jpg 770w, https:\/\/exaudi.org\/wp-content\/uploads\/2026\/04\/voces-1-2-500x419.jpg 500w\" sizes=\"auto, (max-width: 940px) 100vw, 940px\" \/><\/p>\n","protected":false},"excerpt":{"rendered":"<p>Del efecto abortivo a la vulneraci\u00f3n de los derechos de la mujer<\/p>\n","protected":false},"author":45,"featured_media":168447,"comment_status":"closed","ping_status":"closed","sticky":false,"template":"","format":"standard","meta":{"_acf_changed":false,"_crdt_document":"","inline_featured_image":false,"footnotes":""},"categories":[130],"tags":[1121,17427,542,80052,78737,2523,16166,110491,22566,88363,25199,61328,109875,110492,2373,110490,9279,31323,110494,110493,110489,5854,110488,31329,47837,8265,76955,58880,109219,110495],"class_list":["post-168438","post","type-post","status-publish","format-standard","has-post-thumbnail","hentry","category-voces","tag-aborto","tag-antropologia-cristiana","tag-bien-comun","tag-conciliacion-familiar","tag-cultura-de-la-verdad","tag-doctrina-social-de-la-iglesia","tag-ecologia-integral","tag-economia-circular","tag-economia-civil","tag-espiritualidad-del-trabajo","tag-etica-empresarial","tag-excelencia-profesional","tag-humanistic-management","tag-integridad-corporativa","tag-jose-maria-montiu-de-nuix","tag-justicia-retributiva","tag-laudato-si-3","tag-liderazgo-etico","tag-liderazgo-servidor","tag-logica-del-don","tag-management-humanista","tag-maternidad","tag-pildoras-anticonceptivas","tag-responsabilidad-social-corporativa","tag-salario-justo","tag-sostenibilidad","tag-subsidiaridad","tag-trending-es-151","tag-valor-compartido","tag-vocacion-laboral"],"acf":[],"yoast_head":"<!-- This site is optimized with the Yoast SEO plugin v27.5 - https:\/\/yoast.com\/product\/yoast-seo-wordpress\/ -->\n<title>Maternidad, aborto, p\u00edldoras anticonceptivas &#8211; Exaudi<\/title>\n<meta name=\"robots\" content=\"index, follow, max-snippet:-1, max-image-preview:large, max-video-preview:-1\" \/>\n<link rel=\"canonical\" href=\"https:\/\/exaudi.org\/es\/maternidad-aborto-pildoras-anticonceptivas\/\" \/>\n<meta property=\"og:locale\" content=\"es_ES\" \/>\n<meta property=\"og:type\" content=\"article\" \/>\n<meta property=\"og:title\" content=\"Maternidad, aborto, p\u00edldoras anticonceptivas &#8211; Exaudi\" \/>\n<meta property=\"og:description\" content=\"Del efecto abortivo a la vulneraci\u00f3n de los derechos de la mujer\" \/>\n<meta property=\"og:url\" content=\"https:\/\/exaudi.org\/es\/maternidad-aborto-pildoras-anticonceptivas\/\" \/>\n<meta property=\"og:site_name\" content=\"Exaudi\" \/>\n<meta property=\"article:publisher\" content=\"https:\/\/www.facebook.com\/ExaudiNews\" \/>\n<meta property=\"article:published_time\" content=\"2026-04-29T08:00:12+00:00\" \/>\n<meta property=\"og:image\" content=\"https:\/\/exaudi.org\/wp-content\/uploads\/2026\/04\/Gemini_Generated_Image_m2vsdem2vsdem2vs-1-e1777283421485.jpg\" \/>\n\t<meta property=\"og:image:width\" content=\"1300\" \/>\n\t<meta property=\"og:image:height\" content=\"727\" \/>\n\t<meta property=\"og:image:type\" content=\"image\/jpeg\" \/>\n<meta name=\"author\" content=\"Jos\u00e9 Mar\u00eda Montiu de Nuix\" \/>\n<meta name=\"twitter:card\" content=\"summary_large_image\" \/>\n<meta name=\"twitter:creator\" content=\"@Exaudi_News\" \/>\n<meta name=\"twitter:site\" content=\"@Exaudi_News\" \/>\n<meta name=\"twitter:label1\" content=\"Escrito por\" \/>\n\t<meta name=\"twitter:data1\" content=\"Jos\u00e9 Mar\u00eda Montiu de Nuix\" \/>\n\t<meta name=\"twitter:label2\" content=\"Tiempo de lectura\" \/>\n\t<meta name=\"twitter:data2\" content=\"4 minutos\" \/>\n<script type=\"application\/ld+json\" class=\"yoast-schema-graph\">{\"@context\":\"https:\\\/\\\/schema.org\",\"@graph\":[{\"@type\":\"Article\",\"@id\":\"https:\\\/\\\/exaudi.org\\\/es\\\/maternidad-aborto-pildoras-anticonceptivas\\\/#article\",\"isPartOf\":{\"@id\":\"https:\\\/\\\/exaudi.org\\\/es\\\/maternidad-aborto-pildoras-anticonceptivas\\\/\"},\"author\":{\"name\":\"Jos\u00e9 Mar\u00eda Montiu de Nuix\",\"@id\":\"https:\\\/\\\/exaudi.org\\\/#\\\/schema\\\/person\\\/63aa8d363a4039100348c8036010e9fa\"},\"headline\":\"Maternidad, aborto, p\u00edldoras anticonceptivas\",\"datePublished\":\"2026-04-29T08:00:12+00:00\",\"mainEntityOfPage\":{\"@id\":\"https:\\\/\\\/exaudi.org\\\/es\\\/maternidad-aborto-pildoras-anticonceptivas\\\/\"},\"wordCount\":790,\"image\":{\"@id\":\"https:\\\/\\\/exaudi.org\\\/es\\\/maternidad-aborto-pildoras-anticonceptivas\\\/#primaryimage\"},\"thumbnailUrl\":\"https:\\\/\\\/exaudi.org\\\/wp-content\\\/uploads\\\/2026\\\/04\\\/Gemini_Generated_Image_m2vsdem2vsdem2vs-1-e1777283421485.jpg\",\"keywords\":[\"Aborto\",\"antropolog\u00eda cristiana\",\"Bien com\u00fan\",\"conciliaci\u00f3n familiar\",\"cultura de la verdad\",\"Doctrina Social de la Iglesia\",\"ecolog\u00eda integral\",\"Econom\u00eda circular\",\"econom\u00eda civil\",\"espiritualidad del trabajo\",\"\u00e9tica empresarial\",\"excelencia profesional\",\"humanistic management\",\"Integridad corporativa\",\"Jos\u00e9 Mar\u00eda Montiu de Nuix\",\"Justicia retributiva\",\"laudato si\",\"liderazgo \u00e9tico\",\"Liderazgo servidor\",\"L\u00f3gica del don\",\"Management Humanista\",\"Maternidad\",\"p\u00edldoras anticonceptivas\",\"responsabilidad social corporativa\",\"salario justo\",\"sostenibilidad\",\"subsidiaridad\",\"Trending\",\"valor compartido\",\"Vocaci\u00f3n laboral.\"],\"articleSection\":[\"Voces\"],\"inLanguage\":\"es\"},{\"@type\":\"WebPage\",\"@id\":\"https:\\\/\\\/exaudi.org\\\/es\\\/maternidad-aborto-pildoras-anticonceptivas\\\/\",\"url\":\"https:\\\/\\\/exaudi.org\\\/es\\\/maternidad-aborto-pildoras-anticonceptivas\\\/\",\"name\":\"Maternidad, aborto, p\u00edldoras anticonceptivas &#8211; Exaudi\",\"isPartOf\":{\"@id\":\"https:\\\/\\\/exaudi.org\\\/#website\"},\"primaryImageOfPage\":{\"@id\":\"https:\\\/\\\/exaudi.org\\\/es\\\/maternidad-aborto-pildoras-anticonceptivas\\\/#primaryimage\"},\"image\":{\"@id\":\"https:\\\/\\\/exaudi.org\\\/es\\\/maternidad-aborto-pildoras-anticonceptivas\\\/#primaryimage\"},\"thumbnailUrl\":\"https:\\\/\\\/exaudi.org\\\/wp-content\\\/uploads\\\/2026\\\/04\\\/Gemini_Generated_Image_m2vsdem2vsdem2vs-1-e1777283421485.jpg\",\"datePublished\":\"2026-04-29T08:00:12+00:00\",\"author\":{\"@id\":\"https:\\\/\\\/exaudi.org\\\/#\\\/schema\\\/person\\\/63aa8d363a4039100348c8036010e9fa\"},\"breadcrumb\":{\"@id\":\"https:\\\/\\\/exaudi.org\\\/es\\\/maternidad-aborto-pildoras-anticonceptivas\\\/#breadcrumb\"},\"inLanguage\":\"es\",\"potentialAction\":[{\"@type\":\"ReadAction\",\"target\":[\"https:\\\/\\\/exaudi.org\\\/es\\\/maternidad-aborto-pildoras-anticonceptivas\\\/\"]}]},{\"@type\":\"ImageObject\",\"inLanguage\":\"es\",\"@id\":\"https:\\\/\\\/exaudi.org\\\/es\\\/maternidad-aborto-pildoras-anticonceptivas\\\/#primaryimage\",\"url\":\"https:\\\/\\\/exaudi.org\\\/wp-content\\\/uploads\\\/2026\\\/04\\\/Gemini_Generated_Image_m2vsdem2vsdem2vs-1-e1777283421485.jpg\",\"contentUrl\":\"https:\\\/\\\/exaudi.org\\\/wp-content\\\/uploads\\\/2026\\\/04\\\/Gemini_Generated_Image_m2vsdem2vsdem2vs-1-e1777283421485.jpg\",\"width\":1300,\"height\":727},{\"@type\":\"BreadcrumbList\",\"@id\":\"https:\\\/\\\/exaudi.org\\\/es\\\/maternidad-aborto-pildoras-anticonceptivas\\\/#breadcrumb\",\"itemListElement\":[{\"@type\":\"ListItem\",\"position\":1,\"name\":\"Portada\",\"item\":\"https:\\\/\\\/exaudi.org\\\/es\\\/\"},{\"@type\":\"ListItem\",\"position\":2,\"name\":\"Maternidad, aborto, p\u00edldoras anticonceptivas\"}]},{\"@type\":\"WebSite\",\"@id\":\"https:\\\/\\\/exaudi.org\\\/#website\",\"url\":\"https:\\\/\\\/exaudi.org\\\/\",\"name\":\"Exaudi\",\"description\":\"News\",\"potentialAction\":[{\"@type\":\"SearchAction\",\"target\":{\"@type\":\"EntryPoint\",\"urlTemplate\":\"https:\\\/\\\/exaudi.org\\\/?s={search_term_string}\"},\"query-input\":{\"@type\":\"PropertyValueSpecification\",\"valueRequired\":true,\"valueName\":\"search_term_string\"}}],\"inLanguage\":\"es\"},{\"@type\":\"Person\",\"@id\":\"https:\\\/\\\/exaudi.org\\\/#\\\/schema\\\/person\\\/63aa8d363a4039100348c8036010e9fa\",\"name\":\"Jos\u00e9 Mar\u00eda Montiu de Nuix\",\"image\":{\"@type\":\"ImageObject\",\"inLanguage\":\"es\",\"@id\":\"https:\\\/\\\/secure.gravatar.com\\\/avatar\\\/f3d1e54272060740a50258cef7d916098d4ffe7ad9f6a7a8603d12c508634d10?s=96&d=mm&r=g\",\"url\":\"https:\\\/\\\/secure.gravatar.com\\\/avatar\\\/f3d1e54272060740a50258cef7d916098d4ffe7ad9f6a7a8603d12c508634d10?s=96&d=mm&r=g\",\"contentUrl\":\"https:\\\/\\\/secure.gravatar.com\\\/avatar\\\/f3d1e54272060740a50258cef7d916098d4ffe7ad9f6a7a8603d12c508634d10?s=96&d=mm&r=g\",\"caption\":\"Jos\u00e9 Mar\u00eda Montiu de Nuix\"},\"description\":\"Nacido en Cervera, L\u00e9rida, Espa\u00f1a, en 1960 y bautizado ese mismo a\u00f1o. Ordenado sacerdote en 1992. Doctor en Filosof\u00eda. Licenciado en Filosof\u00eda y Ciencias de la Educaci\u00f3n por la Universidad de Barcelona (UB). Licenciado (especialidad: Matem\u00e1tica Fundamental), cursos de doctorado y suficiencia investigadora en Ciencias Exactas por la UB. Licenciado en Filosof\u00eda por la Universidad de Navarra. Licenciado en Estudios Eclesi\u00e1sticos por la Facultad de Teolog\u00eda San Vicente Ferrer, Valencia. Docente e investigador con m\u00e1s de medio millar de publicaciones. Acad\u00e9mico de la Academia Hispanoamericana de Doctores.\",\"url\":\"https:\\\/\\\/exaudi.org\\\/es\\\/author\\\/josepmariamontiudenuix\\\/\"}]}<\/script>\n<!-- \/ Yoast SEO plugin. -->","yoast_head_json":{"title":"Maternidad, aborto, p\u00edldoras anticonceptivas &#8211; Exaudi","robots":{"index":"index","follow":"follow","max-snippet":"max-snippet:-1","max-image-preview":"max-image-preview:large","max-video-preview":"max-video-preview:-1"},"canonical":"https:\/\/exaudi.org\/es\/maternidad-aborto-pildoras-anticonceptivas\/","og_locale":"es_ES","og_type":"article","og_title":"Maternidad, aborto, p\u00edldoras anticonceptivas &#8211; Exaudi","og_description":"Del efecto abortivo a la vulneraci\u00f3n de los derechos de la mujer","og_url":"https:\/\/exaudi.org\/es\/maternidad-aborto-pildoras-anticonceptivas\/","og_site_name":"Exaudi","article_publisher":"https:\/\/www.facebook.com\/ExaudiNews","article_published_time":"2026-04-29T08:00:12+00:00","og_image":[{"width":1300,"height":727,"url":"https:\/\/exaudi.org\/wp-content\/uploads\/2026\/04\/Gemini_Generated_Image_m2vsdem2vsdem2vs-1-e1777283421485.jpg","type":"image\/jpeg"}],"author":"Jos\u00e9 Mar\u00eda Montiu de Nuix","twitter_card":"summary_large_image","twitter_creator":"@Exaudi_News","twitter_site":"@Exaudi_News","twitter_misc":{"Escrito por":"Jos\u00e9 Mar\u00eda Montiu de Nuix","Tiempo de lectura":"4 minutos"},"schema":{"@context":"https:\/\/schema.org","@graph":[{"@type":"Article","@id":"https:\/\/exaudi.org\/es\/maternidad-aborto-pildoras-anticonceptivas\/#article","isPartOf":{"@id":"https:\/\/exaudi.org\/es\/maternidad-aborto-pildoras-anticonceptivas\/"},"author":{"name":"Jos\u00e9 Mar\u00eda Montiu de Nuix","@id":"https:\/\/exaudi.org\/#\/schema\/person\/63aa8d363a4039100348c8036010e9fa"},"headline":"Maternidad, aborto, p\u00edldoras anticonceptivas","datePublished":"2026-04-29T08:00:12+00:00","mainEntityOfPage":{"@id":"https:\/\/exaudi.org\/es\/maternidad-aborto-pildoras-anticonceptivas\/"},"wordCount":790,"image":{"@id":"https:\/\/exaudi.org\/es\/maternidad-aborto-pildoras-anticonceptivas\/#primaryimage"},"thumbnailUrl":"https:\/\/exaudi.org\/wp-content\/uploads\/2026\/04\/Gemini_Generated_Image_m2vsdem2vsdem2vs-1-e1777283421485.jpg","keywords":["Aborto","antropolog\u00eda cristiana","Bien com\u00fan","conciliaci\u00f3n familiar","cultura de la verdad","Doctrina Social de la Iglesia","ecolog\u00eda integral","Econom\u00eda circular","econom\u00eda civil","espiritualidad del trabajo","\u00e9tica empresarial","excelencia profesional","humanistic management","Integridad corporativa","Jos\u00e9 Mar\u00eda Montiu de Nuix","Justicia retributiva","laudato si","liderazgo \u00e9tico","Liderazgo servidor","L\u00f3gica del don","Management Humanista","Maternidad","p\u00edldoras anticonceptivas","responsabilidad social corporativa","salario justo","sostenibilidad","subsidiaridad","Trending","valor compartido","Vocaci\u00f3n laboral."],"articleSection":["Voces"],"inLanguage":"es"},{"@type":"WebPage","@id":"https:\/\/exaudi.org\/es\/maternidad-aborto-pildoras-anticonceptivas\/","url":"https:\/\/exaudi.org\/es\/maternidad-aborto-pildoras-anticonceptivas\/","name":"Maternidad, aborto, p\u00edldoras anticonceptivas &#8211; Exaudi","isPartOf":{"@id":"https:\/\/exaudi.org\/#website"},"primaryImageOfPage":{"@id":"https:\/\/exaudi.org\/es\/maternidad-aborto-pildoras-anticonceptivas\/#primaryimage"},"image":{"@id":"https:\/\/exaudi.org\/es\/maternidad-aborto-pildoras-anticonceptivas\/#primaryimage"},"thumbnailUrl":"https:\/\/exaudi.org\/wp-content\/uploads\/2026\/04\/Gemini_Generated_Image_m2vsdem2vsdem2vs-1-e1777283421485.jpg","datePublished":"2026-04-29T08:00:12+00:00","author":{"@id":"https:\/\/exaudi.org\/#\/schema\/person\/63aa8d363a4039100348c8036010e9fa"},"breadcrumb":{"@id":"https:\/\/exaudi.org\/es\/maternidad-aborto-pildoras-anticonceptivas\/#breadcrumb"},"inLanguage":"es","potentialAction":[{"@type":"ReadAction","target":["https:\/\/exaudi.org\/es\/maternidad-aborto-pildoras-anticonceptivas\/"]}]},{"@type":"ImageObject","inLanguage":"es","@id":"https:\/\/exaudi.org\/es\/maternidad-aborto-pildoras-anticonceptivas\/#primaryimage","url":"https:\/\/exaudi.org\/wp-content\/uploads\/2026\/04\/Gemini_Generated_Image_m2vsdem2vsdem2vs-1-e1777283421485.jpg","contentUrl":"https:\/\/exaudi.org\/wp-content\/uploads\/2026\/04\/Gemini_Generated_Image_m2vsdem2vsdem2vs-1-e1777283421485.jpg","width":1300,"height":727},{"@type":"BreadcrumbList","@id":"https:\/\/exaudi.org\/es\/maternidad-aborto-pildoras-anticonceptivas\/#breadcrumb","itemListElement":[{"@type":"ListItem","position":1,"name":"Portada","item":"https:\/\/exaudi.org\/es\/"},{"@type":"ListItem","position":2,"name":"Maternidad, aborto, p\u00edldoras anticonceptivas"}]},{"@type":"WebSite","@id":"https:\/\/exaudi.org\/#website","url":"https:\/\/exaudi.org\/","name":"Exaudi","description":"News","potentialAction":[{"@type":"SearchAction","target":{"@type":"EntryPoint","urlTemplate":"https:\/\/exaudi.org\/?s={search_term_string}"},"query-input":{"@type":"PropertyValueSpecification","valueRequired":true,"valueName":"search_term_string"}}],"inLanguage":"es"},{"@type":"Person","@id":"https:\/\/exaudi.org\/#\/schema\/person\/63aa8d363a4039100348c8036010e9fa","name":"Jos\u00e9 Mar\u00eda Montiu de Nuix","image":{"@type":"ImageObject","inLanguage":"es","@id":"https:\/\/secure.gravatar.com\/avatar\/f3d1e54272060740a50258cef7d916098d4ffe7ad9f6a7a8603d12c508634d10?s=96&d=mm&r=g","url":"https:\/\/secure.gravatar.com\/avatar\/f3d1e54272060740a50258cef7d916098d4ffe7ad9f6a7a8603d12c508634d10?s=96&d=mm&r=g","contentUrl":"https:\/\/secure.gravatar.com\/avatar\/f3d1e54272060740a50258cef7d916098d4ffe7ad9f6a7a8603d12c508634d10?s=96&d=mm&r=g","caption":"Jos\u00e9 Mar\u00eda Montiu de Nuix"},"description":"Nacido en Cervera, L\u00e9rida, Espa\u00f1a, en 1960 y bautizado ese mismo a\u00f1o. Ordenado sacerdote en 1992. Doctor en Filosof\u00eda. Licenciado en Filosof\u00eda y Ciencias de la Educaci\u00f3n por la Universidad de Barcelona (UB). Licenciado (especialidad: Matem\u00e1tica Fundamental), cursos de doctorado y suficiencia investigadora en Ciencias Exactas por la UB. Licenciado en Filosof\u00eda por la Universidad de Navarra. Licenciado en Estudios Eclesi\u00e1sticos por la Facultad de Teolog\u00eda San Vicente Ferrer, Valencia. Docente e investigador con m\u00e1s de medio millar de publicaciones. Acad\u00e9mico de la Academia Hispanoamericana de Doctores.","url":"https:\/\/exaudi.org\/es\/author\/josepmariamontiudenuix\/"}]}},"jetpack_featured_media_url":"https:\/\/exaudi.org\/wp-content\/uploads\/2026\/04\/Gemini_Generated_Image_m2vsdem2vsdem2vs-1-e1777283421485.jpg","jetpack_shortlink":"https:\/\/wp.me\/pgKjF2-HOK","_links":{"self":[{"href":"https:\/\/exaudi.org\/es\/wp-json\/wp\/v2\/posts\/168438","targetHints":{"allow":["GET"]}}],"collection":[{"href":"https:\/\/exaudi.org\/es\/wp-json\/wp\/v2\/posts"}],"about":[{"href":"https:\/\/exaudi.org\/es\/wp-json\/wp\/v2\/types\/post"}],"author":[{"embeddable":true,"href":"https:\/\/exaudi.org\/es\/wp-json\/wp\/v2\/users\/45"}],"replies":[{"embeddable":true,"href":"https:\/\/exaudi.org\/es\/wp-json\/wp\/v2\/comments?post=168438"}],"version-history":[{"count":6,"href":"https:\/\/exaudi.org\/es\/wp-json\/wp\/v2\/posts\/168438\/revisions"}],"predecessor-version":[{"id":168484,"href":"https:\/\/exaudi.org\/es\/wp-json\/wp\/v2\/posts\/168438\/revisions\/168484"}],"wp:featuredmedia":[{"embeddable":true,"href":"https:\/\/exaudi.org\/es\/wp-json\/wp\/v2\/media\/168447"}],"wp:attachment":[{"href":"https:\/\/exaudi.org\/es\/wp-json\/wp\/v2\/media?parent=168438"}],"wp:term":[{"taxonomy":"category","embeddable":true,"href":"https:\/\/exaudi.org\/es\/wp-json\/wp\/v2\/categories?post=168438"},{"taxonomy":"post_tag","embeddable":true,"href":"https:\/\/exaudi.org\/es\/wp-json\/wp\/v2\/tags?post=168438"}],"curies":[{"name":"wp","href":"https:\/\/api.w.org\/{rel}","templated":true}]}}