{"id":168403,"date":"2026-04-27T08:15:24","date_gmt":"2026-04-27T06:15:24","guid":{"rendered":"https:\/\/exaudi.org\/?p=168403"},"modified":"2026-04-27T10:45:25","modified_gmt":"2026-04-27T08:45:25","slug":"scholas-propone-a-la-fifa-el-balon-de-trapo-para-premiar-el-compromiso-social","status":"publish","type":"post","link":"https:\/\/exaudi.org\/es\/scholas-propone-a-la-fifa-el-balon-de-trapo-para-premiar-el-compromiso-social\/","title":{"rendered":"Scholas propone a la FIFA el \u00abBal\u00f3n de Trapo\u00bb para premiar el compromiso social"},"content":{"rendered":"<p data-path-to-node=\"2\">En un encuentro cargado de significado, Jos\u00e9 Mar\u00eda del Corral, cofundador de Scholas Occurrentes, lanz\u00f3 una propuesta simb\u00f3lica a Mario Gallavotti, supervisor de los comit\u00e9s de la FIFA: instituir el \u00abBal\u00f3n de Trapo\u00bb. El objetivo es crear un reconocimiento que, en paralelo al c\u00e9lebre Bal\u00f3n de Oro destinado a los fuera de serie, premie las mejores iniciativas sociales vinculadas al f\u00fatbol.<\/p>\n<p data-path-to-node=\"3\">\u00abTodos tienen derecho a practicar deporte, pero no todos tienen los medios para hacerlo\u00bb, subray\u00f3 Del Corral, explicando c\u00f3mo la pelota de trapo representa la esencia democr\u00e1tica del juego.<\/p>\n<p data-path-to-node=\"3\"><img loading=\"lazy\" decoding=\"async\" class=\"size-full wp-image-168411 alignnone\" src=\"https:\/\/exaudi.org\/wp-content\/uploads\/2026\/04\/6dddece2-b121-42c6-98e9-f39d80179b94.jpg\" alt=\"\" width=\"2000\" height=\"924\" srcset=\"https:\/\/exaudi.org\/wp-content\/uploads\/2026\/04\/6dddece2-b121-42c6-98e9-f39d80179b94.jpg 2000w, https:\/\/exaudi.org\/wp-content\/uploads\/2026\/04\/6dddece2-b121-42c6-98e9-f39d80179b94-300x139.jpg 300w, https:\/\/exaudi.org\/wp-content\/uploads\/2026\/04\/6dddece2-b121-42c6-98e9-f39d80179b94-1024x473.jpg 1024w, https:\/\/exaudi.org\/wp-content\/uploads\/2026\/04\/6dddece2-b121-42c6-98e9-f39d80179b94-770x356.jpg 770w, https:\/\/exaudi.org\/wp-content\/uploads\/2026\/04\/6dddece2-b121-42c6-98e9-f39d80179b94-1536x710.jpg 1536w, https:\/\/exaudi.org\/wp-content\/uploads\/2026\/04\/6dddece2-b121-42c6-98e9-f39d80179b94-500x231.jpg 500w\" sizes=\"auto, (max-width: 2000px) 100vw, 2000px\" \/><\/p>\n<h3 data-path-to-node=\"4\"><b data-path-to-node=\"4\" data-index-in-node=\"0\">Un legado que contin\u00faa<\/b><\/h3>\n<p data-path-to-node=\"5\">El llamamiento se realiz\u00f3 el 21 de abril en la Casina Pio IV, sede de la Pontificia Academia de las Ciencias, durante una ceremonia con motivo del primer aniversario del fallecimiento del Papa Francisco. El evento celebr\u00f3 la fundaci\u00f3n Scholas Occurrentes como parte integrante de su legado espiritual y pedag\u00f3gico.<\/p>\n<p data-path-to-node=\"6\">Nacida en las periferias de Buenos Aires cuando Jorge Bergoglio era Arzobispo, Scholas es hoy una red mundial que utiliza el arte, el deporte y la tecnolog\u00eda para derribar las barreras entre j\u00f3venes de diferentes contextos sociales.<\/p>\n<p data-path-to-node=\"7\">El v\u00ednculo entre el Pont\u00edfice y este s\u00edmbolo es profundo. En numerosas entrevistas, Francisco recordaba con afecto c\u00f3mo, de ni\u00f1o en el barrio de Flores, jugaba precisamente con balones hechos de trapos: \u00abLo importante no era la pelota, sino el hecho de estar juntos\u00bb.<\/p>\n<p data-path-to-node=\"7\"><img loading=\"lazy\" decoding=\"async\" class=\"size-full wp-image-168408 alignnone\" src=\"https:\/\/exaudi.org\/wp-content\/uploads\/2026\/04\/dc6334dd-33fb-496d-b894-02b806ed22ee.jpg\" alt=\"\" width=\"2000\" height=\"924\" srcset=\"https:\/\/exaudi.org\/wp-content\/uploads\/2026\/04\/dc6334dd-33fb-496d-b894-02b806ed22ee.jpg 2000w, https:\/\/exaudi.org\/wp-content\/uploads\/2026\/04\/dc6334dd-33fb-496d-b894-02b806ed22ee-300x139.jpg 300w, https:\/\/exaudi.org\/wp-content\/uploads\/2026\/04\/dc6334dd-33fb-496d-b894-02b806ed22ee-1024x473.jpg 1024w, https:\/\/exaudi.org\/wp-content\/uploads\/2026\/04\/dc6334dd-33fb-496d-b894-02b806ed22ee-770x356.jpg 770w, https:\/\/exaudi.org\/wp-content\/uploads\/2026\/04\/dc6334dd-33fb-496d-b894-02b806ed22ee-1536x710.jpg 1536w, https:\/\/exaudi.org\/wp-content\/uploads\/2026\/04\/dc6334dd-33fb-496d-b894-02b806ed22ee-500x231.jpg 500w\" sizes=\"auto, (max-width: 2000px) 100vw, 2000px\" \/><\/p>\n<p data-path-to-node=\"8\">Mientras el Bal\u00f3n de Oro celebra la excelencia individual y el \u00e9xito medi\u00e1tico, el Bal\u00f3n de Trapo nacer\u00eda para:<\/p>\n<ul data-path-to-node=\"9\">\n<li>\n<p data-path-to-node=\"9,0,0\">Premiar a las realidades locales que transforman el deporte en una herramienta de inclusi\u00f3n.<\/p>\n<\/li>\n<li>\n<p data-path-to-node=\"9,1,0\">Construir puentes donde existen muros sociales o econ\u00f3micos.<\/p>\n<\/li>\n<li>\n<p data-path-to-node=\"9,2,0\">Valorar la formaci\u00f3n integral de la persona, anteponiendo el crecimiento humano a la pura t\u00e9cnica deportiva.<\/p>\n<\/li>\n<\/ul>\n<p data-path-to-node=\"10\">Como destac\u00f3 Del Corral, el sistema actual tiende a centrarse exclusivamente en los \u00abcampeones\u00bb, corriendo el riesgo de olvidar la funci\u00f3n social primaria del juego. El Bal\u00f3n de Trapo devolver\u00eda la dignidad a ese f\u00fatbol callejero que no busca la gloria, sino la fraternidad.<\/p>\n","protected":false},"excerpt":{"rendered":"<p>Del barrio al Vaticano: el s\u00edmbolo que busca premiar la inclusi\u00f3n social por encima del \u00e9xito medi\u00e1tico<\/p>\n","protected":false},"author":100,"featured_media":168405,"comment_status":"closed","ping_status":"closed","sticky":false,"template":"","format":"standard","meta":{"_acf_changed":false,"_crdt_document":"","inline_featured_image":false,"footnotes":""},"categories":[132],"tags":[110465,15367,110468,4437,110471,110464,240,110470,110466,28143,20494,108554,110469,158,110472,31329,655,16116,58880,110467,272],"class_list":["post-168403","post","type-post","status-publish","format-standard","has-post-thumbnail","hentry","category-vaticano-es","tag-balon-de-trapo","tag-compromiso-social","tag-deporte-para-el-desarrollo","tag-educacion-integral","tag-etica-deportiva","tag-fifa","tag-fraternidad","tag-futbol-base","tag-futbol-solidario","tag-impacto-comunitario","tag-inclusion-social","tag-jose-maria-del-corral-2","tag-pallone-di-pezza","tag-papa-francisco","tag-proyectos-sociales-futbol","tag-responsabilidad-social-corporativa","tag-scholas-occurrentes","tag-transformacion-social","tag-trending-es-151","tag-valores-deportivos","tag-vaticano-es"],"acf":[],"yoast_head":"<!-- This site is optimized with the Yoast SEO plugin v27.5 - https:\/\/yoast.com\/product\/yoast-seo-wordpress\/ -->\n<title>Scholas propone a la FIFA el &quot;Bal\u00f3n de Trapo&quot; para premiar el compromiso social &#8211; Exaudi<\/title>\n<meta name=\"robots\" content=\"index, follow, max-snippet:-1, max-image-preview:large, max-video-preview:-1\" \/>\n<link rel=\"canonical\" href=\"https:\/\/exaudi.org\/es\/scholas-propone-a-la-fifa-el-balon-de-trapo-para-premiar-el-compromiso-social\/\" \/>\n<meta property=\"og:locale\" content=\"es_ES\" \/>\n<meta property=\"og:type\" content=\"article\" \/>\n<meta property=\"og:title\" content=\"Scholas propone a la FIFA el &quot;Bal\u00f3n de Trapo&quot; para premiar el compromiso social &#8211; Exaudi\" \/>\n<meta property=\"og:description\" content=\"Del barrio al Vaticano: el s\u00edmbolo que busca premiar la inclusi\u00f3n social por encima del \u00e9xito medi\u00e1tico\" \/>\n<meta property=\"og:url\" content=\"https:\/\/exaudi.org\/es\/scholas-propone-a-la-fifa-el-balon-de-trapo-para-premiar-el-compromiso-social\/\" \/>\n<meta property=\"og:site_name\" content=\"Exaudi\" \/>\n<meta property=\"article:publisher\" content=\"https:\/\/www.facebook.com\/ExaudiNews\" \/>\n<meta property=\"article:published_time\" content=\"2026-04-27T06:15:24+00:00\" \/>\n<meta property=\"article:modified_time\" content=\"2026-04-27T08:45:25+00:00\" \/>\n<meta property=\"og:image\" content=\"https:\/\/exaudi.org\/wp-content\/uploads\/2026\/04\/d9e1cf8d-b5f9-4d77-b1b3-37832f77ebd4.jpg\" \/>\n\t<meta property=\"og:image:width\" content=\"1920\" \/>\n\t<meta property=\"og:image:height\" content=\"887\" \/>\n\t<meta property=\"og:image:type\" content=\"image\/jpeg\" \/>\n<meta name=\"author\" content=\"Hern\u00e1n Sergio Mora\" \/>\n<meta name=\"twitter:card\" content=\"summary_large_image\" \/>\n<meta name=\"twitter:creator\" content=\"@Exaudi_News\" \/>\n<meta name=\"twitter:site\" content=\"@Exaudi_News\" \/>\n<meta name=\"twitter:label1\" content=\"Escrito por\" \/>\n\t<meta name=\"twitter:data1\" content=\"Hern\u00e1n Sergio Mora\" \/>\n\t<meta name=\"twitter:label2\" content=\"Tiempo de lectura\" \/>\n\t<meta name=\"twitter:data2\" content=\"2 minutos\" \/>\n<script type=\"application\/ld+json\" class=\"yoast-schema-graph\">{\"@context\":\"https:\\\/\\\/schema.org\",\"@graph\":[{\"@type\":\"Article\",\"@id\":\"https:\\\/\\\/exaudi.org\\\/es\\\/scholas-propone-a-la-fifa-el-balon-de-trapo-para-premiar-el-compromiso-social\\\/#article\",\"isPartOf\":{\"@id\":\"https:\\\/\\\/exaudi.org\\\/es\\\/scholas-propone-a-la-fifa-el-balon-de-trapo-para-premiar-el-compromiso-social\\\/\"},\"author\":{\"name\":\"Hern\u00e1n Sergio Mora\",\"@id\":\"https:\\\/\\\/exaudi.org\\\/#\\\/schema\\\/person\\\/3e7333f465f16fd2182fe9d6b1fdcae2\"},\"headline\":\"Scholas propone a la FIFA el \u00abBal\u00f3n de Trapo\u00bb para premiar el compromiso social\",\"datePublished\":\"2026-04-27T06:15:24+00:00\",\"dateModified\":\"2026-04-27T08:45:25+00:00\",\"mainEntityOfPage\":{\"@id\":\"https:\\\/\\\/exaudi.org\\\/es\\\/scholas-propone-a-la-fifa-el-balon-de-trapo-para-premiar-el-compromiso-social\\\/\"},\"wordCount\":371,\"image\":{\"@id\":\"https:\\\/\\\/exaudi.org\\\/es\\\/scholas-propone-a-la-fifa-el-balon-de-trapo-para-premiar-el-compromiso-social\\\/#primaryimage\"},\"thumbnailUrl\":\"https:\\\/\\\/exaudi.org\\\/wp-content\\\/uploads\\\/2026\\\/04\\\/d9e1cf8d-b5f9-4d77-b1b3-37832f77ebd4.jpg\",\"keywords\":[\"Bal\u00f3n de Trapo\",\"compromiso social\",\"deporte para el desarrollo\",\"Educaci\u00f3n integral\",\"\u00e9tica deportiva\",\"FIFA\",\"fraternidad\",\"f\u00fatbol base\",\"f\u00fatbol solidario\",\"impacto comunitario\",\"inclusi\u00f3n social\",\"Jos\u00e9 Mar\u00eda del Corral\",\"Pallone di Pezza\",\"papa francisco\",\"proyectos sociales f\u00fatbol\",\"responsabilidad social corporativa\",\"Scholas Occurrentes\",\"transformaci\u00f3n social\",\"Trending\",\"valores deportivos\",\"Vaticano\"],\"articleSection\":[\"Vaticano\"],\"inLanguage\":\"es\"},{\"@type\":\"WebPage\",\"@id\":\"https:\\\/\\\/exaudi.org\\\/es\\\/scholas-propone-a-la-fifa-el-balon-de-trapo-para-premiar-el-compromiso-social\\\/\",\"url\":\"https:\\\/\\\/exaudi.org\\\/es\\\/scholas-propone-a-la-fifa-el-balon-de-trapo-para-premiar-el-compromiso-social\\\/\",\"name\":\"Scholas propone a la FIFA el \\\"Bal\u00f3n de Trapo\\\" para premiar el compromiso social &#8211; Exaudi\",\"isPartOf\":{\"@id\":\"https:\\\/\\\/exaudi.org\\\/#website\"},\"primaryImageOfPage\":{\"@id\":\"https:\\\/\\\/exaudi.org\\\/es\\\/scholas-propone-a-la-fifa-el-balon-de-trapo-para-premiar-el-compromiso-social\\\/#primaryimage\"},\"image\":{\"@id\":\"https:\\\/\\\/exaudi.org\\\/es\\\/scholas-propone-a-la-fifa-el-balon-de-trapo-para-premiar-el-compromiso-social\\\/#primaryimage\"},\"thumbnailUrl\":\"https:\\\/\\\/exaudi.org\\\/wp-content\\\/uploads\\\/2026\\\/04\\\/d9e1cf8d-b5f9-4d77-b1b3-37832f77ebd4.jpg\",\"datePublished\":\"2026-04-27T06:15:24+00:00\",\"dateModified\":\"2026-04-27T08:45:25+00:00\",\"author\":{\"@id\":\"https:\\\/\\\/exaudi.org\\\/#\\\/schema\\\/person\\\/3e7333f465f16fd2182fe9d6b1fdcae2\"},\"breadcrumb\":{\"@id\":\"https:\\\/\\\/exaudi.org\\\/es\\\/scholas-propone-a-la-fifa-el-balon-de-trapo-para-premiar-el-compromiso-social\\\/#breadcrumb\"},\"inLanguage\":\"es\",\"potentialAction\":[{\"@type\":\"ReadAction\",\"target\":[\"https:\\\/\\\/exaudi.org\\\/es\\\/scholas-propone-a-la-fifa-el-balon-de-trapo-para-premiar-el-compromiso-social\\\/\"]}]},{\"@type\":\"ImageObject\",\"inLanguage\":\"es\",\"@id\":\"https:\\\/\\\/exaudi.org\\\/es\\\/scholas-propone-a-la-fifa-el-balon-de-trapo-para-premiar-el-compromiso-social\\\/#primaryimage\",\"url\":\"https:\\\/\\\/exaudi.org\\\/wp-content\\\/uploads\\\/2026\\\/04\\\/d9e1cf8d-b5f9-4d77-b1b3-37832f77ebd4.jpg\",\"contentUrl\":\"https:\\\/\\\/exaudi.org\\\/wp-content\\\/uploads\\\/2026\\\/04\\\/d9e1cf8d-b5f9-4d77-b1b3-37832f77ebd4.jpg\",\"width\":1920,\"height\":887},{\"@type\":\"BreadcrumbList\",\"@id\":\"https:\\\/\\\/exaudi.org\\\/es\\\/scholas-propone-a-la-fifa-el-balon-de-trapo-para-premiar-el-compromiso-social\\\/#breadcrumb\",\"itemListElement\":[{\"@type\":\"ListItem\",\"position\":1,\"name\":\"Portada\",\"item\":\"https:\\\/\\\/exaudi.org\\\/es\\\/\"},{\"@type\":\"ListItem\",\"position\":2,\"name\":\"Scholas propone a la FIFA el \u00abBal\u00f3n de Trapo\u00bb para premiar el compromiso social\"}]},{\"@type\":\"WebSite\",\"@id\":\"https:\\\/\\\/exaudi.org\\\/#website\",\"url\":\"https:\\\/\\\/exaudi.org\\\/\",\"name\":\"Exaudi\",\"description\":\"News\",\"potentialAction\":[{\"@type\":\"SearchAction\",\"target\":{\"@type\":\"EntryPoint\",\"urlTemplate\":\"https:\\\/\\\/exaudi.org\\\/?s={search_term_string}\"},\"query-input\":{\"@type\":\"PropertyValueSpecification\",\"valueRequired\":true,\"valueName\":\"search_term_string\"}}],\"inLanguage\":\"es\"},{\"@type\":\"Person\",\"@id\":\"https:\\\/\\\/exaudi.org\\\/#\\\/schema\\\/person\\\/3e7333f465f16fd2182fe9d6b1fdcae2\",\"name\":\"Hern\u00e1n Sergio Mora\",\"image\":{\"@type\":\"ImageObject\",\"inLanguage\":\"es\",\"@id\":\"https:\\\/\\\/secure.gravatar.com\\\/avatar\\\/556d88f9a25514abbe43c87f0ee46f86e5c496f9303998d1c6a585e6ffd9025b?s=96&d=mm&r=g\",\"url\":\"https:\\\/\\\/secure.gravatar.com\\\/avatar\\\/556d88f9a25514abbe43c87f0ee46f86e5c496f9303998d1c6a585e6ffd9025b?s=96&d=mm&r=g\",\"contentUrl\":\"https:\\\/\\\/secure.gravatar.com\\\/avatar\\\/556d88f9a25514abbe43c87f0ee46f86e5c496f9303998d1c6a585e6ffd9025b?s=96&d=mm&r=g\",\"caption\":\"Hern\u00e1n Sergio Mora\"},\"description\":\"Hern\u00e1n Sergio Mora, periodista profesional de la Associazione Stampa Estera, nacido en Buenos Aires. Desde hace 30 a\u00f1os en Roma, trabaj\u00f3 para diversos medios, El Pa\u00eds, BBC en espa\u00f1ol, Zenit.org. Ahora colabora con Exaudi\",\"sameAs\":[\"https:\\\/\\\/www.latinosenitalia.it\\\/\"],\"url\":\"https:\\\/\\\/exaudi.org\\\/es\\\/author\\\/sergiomora\\\/\"}]}<\/script>\n<!-- \/ Yoast SEO plugin. -->","yoast_head_json":{"title":"Scholas propone a la FIFA el \"Bal\u00f3n de Trapo\" para premiar el compromiso social &#8211; Exaudi","robots":{"index":"index","follow":"follow","max-snippet":"max-snippet:-1","max-image-preview":"max-image-preview:large","max-video-preview":"max-video-preview:-1"},"canonical":"https:\/\/exaudi.org\/es\/scholas-propone-a-la-fifa-el-balon-de-trapo-para-premiar-el-compromiso-social\/","og_locale":"es_ES","og_type":"article","og_title":"Scholas propone a la FIFA el \"Bal\u00f3n de Trapo\" para premiar el compromiso social &#8211; Exaudi","og_description":"Del barrio al Vaticano: el s\u00edmbolo que busca premiar la inclusi\u00f3n social por encima del \u00e9xito medi\u00e1tico","og_url":"https:\/\/exaudi.org\/es\/scholas-propone-a-la-fifa-el-balon-de-trapo-para-premiar-el-compromiso-social\/","og_site_name":"Exaudi","article_publisher":"https:\/\/www.facebook.com\/ExaudiNews","article_published_time":"2026-04-27T06:15:24+00:00","article_modified_time":"2026-04-27T08:45:25+00:00","og_image":[{"width":1920,"height":887,"url":"https:\/\/exaudi.org\/wp-content\/uploads\/2026\/04\/d9e1cf8d-b5f9-4d77-b1b3-37832f77ebd4.jpg","type":"image\/jpeg"}],"author":"Hern\u00e1n Sergio Mora","twitter_card":"summary_large_image","twitter_creator":"@Exaudi_News","twitter_site":"@Exaudi_News","twitter_misc":{"Escrito por":"Hern\u00e1n Sergio Mora","Tiempo de lectura":"2 minutos"},"schema":{"@context":"https:\/\/schema.org","@graph":[{"@type":"Article","@id":"https:\/\/exaudi.org\/es\/scholas-propone-a-la-fifa-el-balon-de-trapo-para-premiar-el-compromiso-social\/#article","isPartOf":{"@id":"https:\/\/exaudi.org\/es\/scholas-propone-a-la-fifa-el-balon-de-trapo-para-premiar-el-compromiso-social\/"},"author":{"name":"Hern\u00e1n Sergio Mora","@id":"https:\/\/exaudi.org\/#\/schema\/person\/3e7333f465f16fd2182fe9d6b1fdcae2"},"headline":"Scholas propone a la FIFA el \u00abBal\u00f3n de Trapo\u00bb para premiar el compromiso social","datePublished":"2026-04-27T06:15:24+00:00","dateModified":"2026-04-27T08:45:25+00:00","mainEntityOfPage":{"@id":"https:\/\/exaudi.org\/es\/scholas-propone-a-la-fifa-el-balon-de-trapo-para-premiar-el-compromiso-social\/"},"wordCount":371,"image":{"@id":"https:\/\/exaudi.org\/es\/scholas-propone-a-la-fifa-el-balon-de-trapo-para-premiar-el-compromiso-social\/#primaryimage"},"thumbnailUrl":"https:\/\/exaudi.org\/wp-content\/uploads\/2026\/04\/d9e1cf8d-b5f9-4d77-b1b3-37832f77ebd4.jpg","keywords":["Bal\u00f3n de Trapo","compromiso social","deporte para el desarrollo","Educaci\u00f3n integral","\u00e9tica deportiva","FIFA","fraternidad","f\u00fatbol base","f\u00fatbol solidario","impacto comunitario","inclusi\u00f3n social","Jos\u00e9 Mar\u00eda del Corral","Pallone di Pezza","papa francisco","proyectos sociales f\u00fatbol","responsabilidad social corporativa","Scholas Occurrentes","transformaci\u00f3n social","Trending","valores deportivos","Vaticano"],"articleSection":["Vaticano"],"inLanguage":"es"},{"@type":"WebPage","@id":"https:\/\/exaudi.org\/es\/scholas-propone-a-la-fifa-el-balon-de-trapo-para-premiar-el-compromiso-social\/","url":"https:\/\/exaudi.org\/es\/scholas-propone-a-la-fifa-el-balon-de-trapo-para-premiar-el-compromiso-social\/","name":"Scholas propone a la FIFA el \"Bal\u00f3n de Trapo\" para premiar el compromiso social &#8211; Exaudi","isPartOf":{"@id":"https:\/\/exaudi.org\/#website"},"primaryImageOfPage":{"@id":"https:\/\/exaudi.org\/es\/scholas-propone-a-la-fifa-el-balon-de-trapo-para-premiar-el-compromiso-social\/#primaryimage"},"image":{"@id":"https:\/\/exaudi.org\/es\/scholas-propone-a-la-fifa-el-balon-de-trapo-para-premiar-el-compromiso-social\/#primaryimage"},"thumbnailUrl":"https:\/\/exaudi.org\/wp-content\/uploads\/2026\/04\/d9e1cf8d-b5f9-4d77-b1b3-37832f77ebd4.jpg","datePublished":"2026-04-27T06:15:24+00:00","dateModified":"2026-04-27T08:45:25+00:00","author":{"@id":"https:\/\/exaudi.org\/#\/schema\/person\/3e7333f465f16fd2182fe9d6b1fdcae2"},"breadcrumb":{"@id":"https:\/\/exaudi.org\/es\/scholas-propone-a-la-fifa-el-balon-de-trapo-para-premiar-el-compromiso-social\/#breadcrumb"},"inLanguage":"es","potentialAction":[{"@type":"ReadAction","target":["https:\/\/exaudi.org\/es\/scholas-propone-a-la-fifa-el-balon-de-trapo-para-premiar-el-compromiso-social\/"]}]},{"@type":"ImageObject","inLanguage":"es","@id":"https:\/\/exaudi.org\/es\/scholas-propone-a-la-fifa-el-balon-de-trapo-para-premiar-el-compromiso-social\/#primaryimage","url":"https:\/\/exaudi.org\/wp-content\/uploads\/2026\/04\/d9e1cf8d-b5f9-4d77-b1b3-37832f77ebd4.jpg","contentUrl":"https:\/\/exaudi.org\/wp-content\/uploads\/2026\/04\/d9e1cf8d-b5f9-4d77-b1b3-37832f77ebd4.jpg","width":1920,"height":887},{"@type":"BreadcrumbList","@id":"https:\/\/exaudi.org\/es\/scholas-propone-a-la-fifa-el-balon-de-trapo-para-premiar-el-compromiso-social\/#breadcrumb","itemListElement":[{"@type":"ListItem","position":1,"name":"Portada","item":"https:\/\/exaudi.org\/es\/"},{"@type":"ListItem","position":2,"name":"Scholas propone a la FIFA el \u00abBal\u00f3n de Trapo\u00bb para premiar el compromiso social"}]},{"@type":"WebSite","@id":"https:\/\/exaudi.org\/#website","url":"https:\/\/exaudi.org\/","name":"Exaudi","description":"News","potentialAction":[{"@type":"SearchAction","target":{"@type":"EntryPoint","urlTemplate":"https:\/\/exaudi.org\/?s={search_term_string}"},"query-input":{"@type":"PropertyValueSpecification","valueRequired":true,"valueName":"search_term_string"}}],"inLanguage":"es"},{"@type":"Person","@id":"https:\/\/exaudi.org\/#\/schema\/person\/3e7333f465f16fd2182fe9d6b1fdcae2","name":"Hern\u00e1n Sergio Mora","image":{"@type":"ImageObject","inLanguage":"es","@id":"https:\/\/secure.gravatar.com\/avatar\/556d88f9a25514abbe43c87f0ee46f86e5c496f9303998d1c6a585e6ffd9025b?s=96&d=mm&r=g","url":"https:\/\/secure.gravatar.com\/avatar\/556d88f9a25514abbe43c87f0ee46f86e5c496f9303998d1c6a585e6ffd9025b?s=96&d=mm&r=g","contentUrl":"https:\/\/secure.gravatar.com\/avatar\/556d88f9a25514abbe43c87f0ee46f86e5c496f9303998d1c6a585e6ffd9025b?s=96&d=mm&r=g","caption":"Hern\u00e1n Sergio Mora"},"description":"Hern\u00e1n Sergio Mora, periodista profesional de la Associazione Stampa Estera, nacido en Buenos Aires. Desde hace 30 a\u00f1os en Roma, trabaj\u00f3 para diversos medios, El Pa\u00eds, BBC en espa\u00f1ol, Zenit.org. Ahora colabora con Exaudi","sameAs":["https:\/\/www.latinosenitalia.it\/"],"url":"https:\/\/exaudi.org\/es\/author\/sergiomora\/"}]}},"jetpack_featured_media_url":"https:\/\/exaudi.org\/wp-content\/uploads\/2026\/04\/d9e1cf8d-b5f9-4d77-b1b3-37832f77ebd4.jpg","jetpack_shortlink":"https:\/\/wp.me\/pgKjF2-HOb","_links":{"self":[{"href":"https:\/\/exaudi.org\/es\/wp-json\/wp\/v2\/posts\/168403","targetHints":{"allow":["GET"]}}],"collection":[{"href":"https:\/\/exaudi.org\/es\/wp-json\/wp\/v2\/posts"}],"about":[{"href":"https:\/\/exaudi.org\/es\/wp-json\/wp\/v2\/types\/post"}],"author":[{"embeddable":true,"href":"https:\/\/exaudi.org\/es\/wp-json\/wp\/v2\/users\/100"}],"replies":[{"embeddable":true,"href":"https:\/\/exaudi.org\/es\/wp-json\/wp\/v2\/comments?post=168403"}],"version-history":[{"count":3,"href":"https:\/\/exaudi.org\/es\/wp-json\/wp\/v2\/posts\/168403\/revisions"}],"predecessor-version":[{"id":168415,"href":"https:\/\/exaudi.org\/es\/wp-json\/wp\/v2\/posts\/168403\/revisions\/168415"}],"wp:featuredmedia":[{"embeddable":true,"href":"https:\/\/exaudi.org\/es\/wp-json\/wp\/v2\/media\/168405"}],"wp:attachment":[{"href":"https:\/\/exaudi.org\/es\/wp-json\/wp\/v2\/media?parent=168403"}],"wp:term":[{"taxonomy":"category","embeddable":true,"href":"https:\/\/exaudi.org\/es\/wp-json\/wp\/v2\/categories?post=168403"},{"taxonomy":"post_tag","embeddable":true,"href":"https:\/\/exaudi.org\/es\/wp-json\/wp\/v2\/tags?post=168403"}],"curies":[{"name":"wp","href":"https:\/\/api.w.org\/{rel}","templated":true}]}}